{"id":1101,"date":"2020-10-03T08:17:00","date_gmt":"2020-10-03T08:17:00","guid":{"rendered":"https:\/\/www.cuencasmineras.com\/?p=1101"},"modified":"2020-10-03T08:17:00","modified_gmt":"2020-10-03T08:17:00","slug":"burbujas-sociales","status":"publish","type":"post","link":"https:\/\/www.cuencasmineras.com\/index.php\/2020\/10\/03\/burbujas-sociales\/","title":{"rendered":"Salud insta a CREAR BURBUJAS SOCIALES para frenar al Covid 19"},"content":{"rendered":"<h1 class=\"page-h1 container\">El Gobierno de Asturias recomienda crear burbujas sociales y entornos saludables para reforzar la protecci\u00f3n contra la covid19<\/h1>\n<div id=\"main-content\" class=\"columns-1\" role=\"main\">\n<div class=\"portlet-layout row\">\n<div id=\"column-1\" class=\"col-md-12 portlet-column portlet-column-only\">\n<div id=\"layout-column_column-1\" class=\"portlet-dropzone portlet-column-content portlet-column-content-only\">\n<div id=\"p_p_id_com_liferay_asset_publisher_web_portlet_AssetPublisherPortlet_INSTANCE_DSnKSBdGDt7q_\" class=\"portlet-boundary portlet-boundary_com_liferay_asset_publisher_web_portlet_AssetPublisherPortlet_ portlet-static portlet-static-end portlet-barebone portlet-asset-publisher nota-detalle\"><span id=\"p_com_liferay_asset_publisher_web_portlet_AssetPublisherPortlet_INSTANCE_DSnKSBdGDt7q\"><\/span><\/p>\n<section id=\"portlet_com_liferay_asset_publisher_web_portlet_AssetPublisherPortlet_INSTANCE_DSnKSBdGDt7q\" class=\"portlet\">\n<div class=\"portlet-content\">\n<div class=\" portlet-content-container\">\n<div class=\"portlet-body\">\n<div>\n<div class=\"h2\">\n<div class=\"pull-right\"><\/div>\n<\/div>\n<div class=\"asset-full-content clearfix default-asset-publisher show-asset-title\">\n<div id=\"_com_liferay_asset_publisher_web_portlet_AssetPublisherPortlet_INSTANCE_DSnKSBdGDt7q_182327\" class=\"asset-content\">\n<div class=\"clearfix journal-content-article\" data-analytics-asset-id=\"182314\" data-analytics-asset-title=\"El Gobierno de Asturias recomienda crear burbujas sociales y entornos saludables para reforzar la protecci\u00f3n contra la covid-19\" data-analytics-asset-type=\"web-content\">\n<div class=\"nota\">\n<div class=\"date\">02 de octubre de 2020<\/div>\n<div class=\"entradilla\">\n<p><strong>\u2022\u00a0\u00a0 \u00a0El tiempo de cuarentena de los contactos ser\u00e1 de 10 d\u00edas e incluir\u00e1 una prueba PCR al final del ciclo<br \/>\n\u2022\u00a0\u00a0 \u00a0Las autoridades sanitarias instan a velar por la seguridad de las personas mayores de 65 a\u00f1os que no viven en residencias<br \/>\n\u2022\u00a0\u00a0 \u00a0La edad media de los afectados por el coronavirus en esta segunda ola de la pandemia se sit\u00faa en 43 a\u00f1os<\/strong>\n<\/div>\n<div class=\"imagen-principal\"><picture data-fileentryid=\"182318\"><source srcset=\"\/o\/adaptive-media\/image\/182318\/Thumbnail-300x300\/2020_10_02+rueda+prensa+salud+3.JPG?t=1601661688340\" media=\"(max-width:300px)\" \/><source srcset=\"\/o\/adaptive-media\/image\/182318\/Preview-1000x0\/2020_10_02+rueda+prensa+salud+3.JPG?t=1601661688340\" media=\"(max-width:1000px) and (min-width:300px)\" \/><img decoding=\"async\" src=\"https:\/\/coronavirus.asturias.es\/documents\/71418\/182317\/2020_10_02+rueda+prensa+salud+3.JPG\/2f2fd905-68ed-32b6-8388-687e5496268c?t=1601661688340\" alt=\"\" data-fileentryid=\"182318\" \/><\/picture><\/div>\n<div class=\"description\">\n<p>El Gobierno de Asturias recomienda crear burbujas sociales y entornos saludables para reforzar la protecci\u00f3n contra la covid-19 en la segunda onda epid\u00e9mica. Esta es una de las recomendaciones que ha planteado hoy el director general de Salud P\u00fablica, Rafael Cofi\u00f1o en la rueda de prensa que ha ofrecido para analizar la evoluci\u00f3n de la pandemia, acompa\u00f1ado por el jefe del Servicio de Vigilancia Epidemiol\u00f3gica, Ismael Huerta, y el coordinador del Observatorio de la Salud, Mario Margolles.<\/p>\n<p>Cofi\u00f1o ha explicado que las burbujas sociales permiten tener menos contactos estrechos para lograr una mayor protecci\u00f3n que redundar\u00e1 en un menor riesgo de transmisi\u00f3n de la enfermedad sin necesidad de tomar medidas m\u00e1s restrictivas. El director general ha insistido en que si en esas burbujas hay personas mayores o con patolog\u00eda de riesgo, \u201chay que extremar las acciones de protecci\u00f3n\u201d.<\/p>\n<p>Salud P\u00fablica, que presentar\u00e1 la pr\u00f3xima semana con m\u00e1s detalle esta estrategia a trav\u00e9s de una campa\u00f1a sobre burbujas sociales, recomienda esta medida tras constatar que la mayor\u00eda de los brotes detectados se producen en espacios familiares o microsociales, donde las personas experimentan una falsa sensaci\u00f3n de seguridad que provoca una relajaci\u00f3n en las medidas de protecci\u00f3n como el uso de mascarilla y la distancia interpersonal.<\/p>\n<p>El Principado tambi\u00e9n recomienda relacionarse en espacios abiertos, donde se reduce el riesgo de transmisi\u00f3n, frente a lugares cerrados con mala ventilaci\u00f3n, en los que el peligro se incrementa si se permanece mucho tiempo y no se utiliza la mascarilla de modo correcto.<\/p>\n<p><strong>Evoluci\u00f3n epidemiol\u00f3gica de la segunda ola<\/strong><\/p>\n<p>Asturias ha registrado 5.511 positivos confirmados por PCR desde el comienzo de la pandemia. Del total de casos, 1.301 han precisado hospitalizaci\u00f3n. La mayor\u00eda (1.118 personas) corresponden a la primera ola y 182, a la segunda. Seg\u00fan Mario Margolles, estos datos evidencian que, a pesar de que se est\u00e1n identificando m\u00e1s personas afectadas en este segundo ciclo, \u201cel sistema sanitario no est\u00e1 sometido a presi\u00f3n\u201d.<\/p>\n<p>En este sentido, ha indicado que las dos olas de la pandemia no son comparables. \u201cEn estos momentos se est\u00e1n diagnosticando m\u00e1s casos y m\u00e1s leves, al haber ampliado la estrategia de diagn\u00f3stico mediante pruebas PCR a contactos estrechos y mediante llamamientos de estudios ampliados que, cuando est\u00e1n indicados, permiten una mejor monitorizaci\u00f3n\u201d, ha argumentado.<\/p>\n<p>Por otro lado, ha apuntado que en esta segunda ola \u00fanicamente est\u00e1n relacionadas con centros residenciales sociosanitarios el 2,5% de las personas afectadas, de las cuales el 0,8% son residentes, lo que demuestra que las medidas adoptadas en este \u00e1mbito contribuyen a evitar la propagaci\u00f3n del virus entre este colectivo vulnerable. Tambi\u00e9n se ha reducido el n\u00famero de fallecimientos, dado que de las 23 muertes registradas, tres se correspond\u00edan con personas institucionalizadas.<\/p>\n<p>En esta segunda ola, el virus est\u00e1 afectando a poblaci\u00f3n m\u00e1s joven y la edad media de las personas contagiadas se sit\u00faa en 43 a\u00f1os. En este sentido, el director general de Salud P\u00fablica ha explicado que se debe evitar el incremento de la edad media de los afectados porque supondr\u00e1 la aparici\u00f3n de m\u00e1s morbilidad y mortalidad en personas mayores.<\/p>\n<p>\u201cEs importante mantener los sistemas de protecci\u00f3n y de cuidado en los mayores y en personas con patolog\u00edas que tambi\u00e9n est\u00e1n fuera del entorno residencial, porque son los grupos m\u00e1s vulnerables y a los que tenemos que cuidar de cara a los pr\u00f3ximos meses\u201d, ha agregado Cofi\u00f1o, quien ha instado a estos colectivos y a su entorno familiar a extremar las medidas de protecci\u00f3n y reducir la exposici\u00f3n social.<\/p>\n<p>Todos los datos del \u00faltimo<em> Informe epidemiol\u00f3gico de la covid-19 en Asturias<\/em> se pueden consultar en el siguiente enlace <a href=\"https:\/\/cutt.ly\/Nf409j4\" target=\"\" rel=\"noopener noreferrer\">https:\/\/cutt.ly\/Nf409j4<\/a><\/p>\n<p><strong>Diez d\u00edas de cuarentena con PCR<\/strong><\/p>\n<p>Las cuarentenas de los contactos estrechos pasan a durar 10 d\u00edas, como recomienda el Procedimiento de actuaci\u00f3n frente a la covid-19 en Asturias del Ministerio de Sanidad. En el Principado, adem\u00e1s, se realizar\u00e1 a todos los contactos estrechos, convivientes o no, una PCR para comprobar si son positivos o negativos por coronavirus, seg\u00fan ha explicado Ismael Huerta. Adem\u00e1s a los contactos estrechos que son convivientes se les realizar\u00e1 una PCR al inicio de la cuarentena.<\/p>\n<p>\u201cUn correcto aislamiento y cuarentena son las medidas b\u00e1sicas que tenemos ahora mismo para reducir y controlar la transmisi\u00f3n de la enfermedad\u201d, ha asegurado.<\/p>\n<p>Por otra parte, explic\u00f3 durante su comparecencia que el Principado mantendr\u00e1 como estrategia de diagn\u00f3stico las PCR porque la situaci\u00f3n epidemiol\u00f3gica y la capacidad diagn\u00f3stica de los laboratorios de microbiolog\u00eda del sistema p\u00fablico de salud lo permiten.<\/p>\n<p>Desde el inicio de la pandemia, el Principado ha sido una de las comunidades que m\u00e1s test ha realizado a la poblaci\u00f3n. Hasta este jueves, se hab\u00edan procesaron m\u00e1s de 425.949 muestras.<\/p>\n<\/div>\n<p>Fuente: <a href=\"https:\/\/coronavirus.asturias.es\/-\/el-gobierno-de-asturias-recomienda-crear-burbujas-sociales-y-entornos-saludables-para-reforzar-la-protecci%C3%B3n-contra-la-covid-19?redirect=%2F\">Gobierno del Principado de Asturias<\/a><\/p>\n<\/div>\n<\/div>\n<\/div>\n<\/div>\n<\/div>\n<\/div>\n<\/div>\n<\/div>\n<\/section>\n<\/div>\n<\/div>\n<\/div>\n<\/div>\n<\/div>\n","protected":false},"excerpt":{"rendered":"<p>El Gobierno de Asturias recomienda crear burbujas sociales y entornos saludables para reforzar la protecci\u00f3n contra la covid19 02 de octubre de 2020 \u2022\u00a0\u00a0 \u00a0El tiempo de cuarentena de los contactos ser\u00e1 de 10 d\u00edas e incluir\u00e1 una prueba PCR al final del ciclo \u2022\u00a0\u00a0 \u00a0Las autoridades sanitarias instan a velar por la seguridad de [&hellip;]<\/p>\n","protected":false},"author":1,"featured_media":1102,"comment_status":"open","ping_status":"open","sticky":false,"template":"","format":"standard","meta":{"footnotes":""},"categories":[49],"tags":[35],"class_list":["post-1101","post","type-post","status-publish","format-standard","has-post-thumbnail","hentry","category-covid","tag-covid-19"],"yoast_head":"<!-- This site is optimized with the Yoast SEO plugin v27.4 - https:\/\/yoast.com\/product\/yoast-seo-wordpress\/ -->\n<title>Salud insta a CREAR BURBUJAS SOCIALES para frenar al Covid 19 - CuencasMineras.com<\/title>\n<meta name=\"description\" content=\"El Gobierno de Asturias recomienda crear burbujas sociales y entornos saludables para reforzar la protecci\u00f3n contra la covid19\" \/>\n<meta name=\"robots\" content=\"index, follow, max-snippet:-1, max-image-preview:large, max-video-preview:-1\" \/>\n<link rel=\"canonical\" href=\"https:\/\/www.cuencasmineras.com\/index.php\/2020\/10\/03\/burbujas-sociales\/\" \/>\n<meta property=\"og:locale\" content=\"es_ES\" \/>\n<meta property=\"og:type\" content=\"article\" \/>\n<meta property=\"og:title\" content=\"Salud insta a CREAR BURBUJAS SOCIALES para frenar al Covid 19 - CuencasMineras.com\" \/>\n<meta property=\"og:description\" content=\"El Gobierno de Asturias recomienda crear burbujas sociales y entornos saludables para reforzar la protecci\u00f3n contra la covid19\" \/>\n<meta property=\"og:url\" content=\"https:\/\/www.cuencasmineras.com\/index.php\/2020\/10\/03\/burbujas-sociales\/\" \/>\n<meta property=\"article:published_time\" content=\"2020-10-03T08:17:00+00:00\" \/>\n<meta property=\"og:image\" content=\"https:\/\/www.cuencasmineras.com\/wp-content\/uploads\/2020\/10\/2020_10_02-rueda-prensa-salud-3.jpg\" \/>\n\t<meta property=\"og:image:width\" content=\"2040\" \/>\n\t<meta property=\"og:image:height\" content=\"1480\" \/>\n\t<meta property=\"og:image:type\" content=\"image\/jpeg\" \/>\n<meta name=\"author\" content=\"admin\" \/>\n<meta name=\"twitter:card\" content=\"summary_large_image\" \/>\n<meta name=\"twitter:label1\" content=\"Escrito por\" \/>\n\t<meta name=\"twitter:data1\" content=\"admin\" \/>\n\t<meta name=\"twitter:label2\" content=\"Tiempo de lectura\" \/>\n\t<meta name=\"twitter:data2\" content=\"5 minutos\" \/>\n<script type=\"application\/ld+json\" class=\"yoast-schema-graph\">{\"@context\":\"https:\\\/\\\/schema.org\",\"@graph\":[{\"@type\":\"Article\",\"@id\":\"https:\\\/\\\/www.cuencasmineras.com\\\/index.php\\\/2020\\\/10\\\/03\\\/burbujas-sociales\\\/#article\",\"isPartOf\":{\"@id\":\"https:\\\/\\\/www.cuencasmineras.com\\\/index.php\\\/2020\\\/10\\\/03\\\/burbujas-sociales\\\/\"},\"author\":{\"name\":\"admin\",\"@id\":\"https:\\\/\\\/www.cuencasmineras.com\\\/#\\\/schema\\\/person\\\/be0691310e8496ec555f679dd688420c\"},\"headline\":\"Salud insta a CREAR BURBUJAS SOCIALES para frenar al Covid 19\",\"datePublished\":\"2020-10-03T08:17:00+00:00\",\"mainEntityOfPage\":{\"@id\":\"https:\\\/\\\/www.cuencasmineras.com\\\/index.php\\\/2020\\\/10\\\/03\\\/burbujas-sociales\\\/\"},\"wordCount\":943,\"commentCount\":0,\"image\":{\"@id\":\"https:\\\/\\\/www.cuencasmineras.com\\\/index.php\\\/2020\\\/10\\\/03\\\/burbujas-sociales\\\/#primaryimage\"},\"thumbnailUrl\":\"https:\\\/\\\/www.cuencasmineras.com\\\/wp-content\\\/uploads\\\/2020\\\/10\\\/2020_10_02-rueda-prensa-salud-3.jpg\",\"keywords\":[\"covid 19\"],\"articleSection\":[\"COVID-19\"],\"inLanguage\":\"es\",\"potentialAction\":[{\"@type\":\"CommentAction\",\"name\":\"Comment\",\"target\":[\"https:\\\/\\\/www.cuencasmineras.com\\\/index.php\\\/2020\\\/10\\\/03\\\/burbujas-sociales\\\/#respond\"]}]},{\"@type\":\"WebPage\",\"@id\":\"https:\\\/\\\/www.cuencasmineras.com\\\/index.php\\\/2020\\\/10\\\/03\\\/burbujas-sociales\\\/\",\"url\":\"https:\\\/\\\/www.cuencasmineras.com\\\/index.php\\\/2020\\\/10\\\/03\\\/burbujas-sociales\\\/\",\"name\":\"Salud insta a CREAR BURBUJAS SOCIALES para frenar al Covid 19 - CuencasMineras.com\",\"isPartOf\":{\"@id\":\"https:\\\/\\\/www.cuencasmineras.com\\\/#website\"},\"primaryImageOfPage\":{\"@id\":\"https:\\\/\\\/www.cuencasmineras.com\\\/index.php\\\/2020\\\/10\\\/03\\\/burbujas-sociales\\\/#primaryimage\"},\"image\":{\"@id\":\"https:\\\/\\\/www.cuencasmineras.com\\\/index.php\\\/2020\\\/10\\\/03\\\/burbujas-sociales\\\/#primaryimage\"},\"thumbnailUrl\":\"https:\\\/\\\/www.cuencasmineras.com\\\/wp-content\\\/uploads\\\/2020\\\/10\\\/2020_10_02-rueda-prensa-salud-3.jpg\",\"datePublished\":\"2020-10-03T08:17:00+00:00\",\"author\":{\"@id\":\"https:\\\/\\\/www.cuencasmineras.com\\\/#\\\/schema\\\/person\\\/be0691310e8496ec555f679dd688420c\"},\"description\":\"El Gobierno de Asturias recomienda crear burbujas sociales y entornos saludables para reforzar la protecci\u00f3n contra la covid19\",\"breadcrumb\":{\"@id\":\"https:\\\/\\\/www.cuencasmineras.com\\\/index.php\\\/2020\\\/10\\\/03\\\/burbujas-sociales\\\/#breadcrumb\"},\"inLanguage\":\"es\",\"potentialAction\":[{\"@type\":\"ReadAction\",\"target\":[\"https:\\\/\\\/www.cuencasmineras.com\\\/index.php\\\/2020\\\/10\\\/03\\\/burbujas-sociales\\\/\"]}]},{\"@type\":\"ImageObject\",\"inLanguage\":\"es\",\"@id\":\"https:\\\/\\\/www.cuencasmineras.com\\\/index.php\\\/2020\\\/10\\\/03\\\/burbujas-sociales\\\/#primaryimage\",\"url\":\"https:\\\/\\\/www.cuencasmineras.com\\\/wp-content\\\/uploads\\\/2020\\\/10\\\/2020_10_02-rueda-prensa-salud-3.jpg\",\"contentUrl\":\"https:\\\/\\\/www.cuencasmineras.com\\\/wp-content\\\/uploads\\\/2020\\\/10\\\/2020_10_02-rueda-prensa-salud-3.jpg\",\"width\":2040,\"height\":1480},{\"@type\":\"BreadcrumbList\",\"@id\":\"https:\\\/\\\/www.cuencasmineras.com\\\/index.php\\\/2020\\\/10\\\/03\\\/burbujas-sociales\\\/#breadcrumb\",\"itemListElement\":[{\"@type\":\"ListItem\",\"position\":1,\"name\":\"Portada\",\"item\":\"https:\\\/\\\/www.cuencasmineras.com\\\/\"},{\"@type\":\"ListItem\",\"position\":2,\"name\":\"Salud insta a CREAR BURBUJAS SOCIALES para frenar al Covid 19\"}]},{\"@type\":\"WebSite\",\"@id\":\"https:\\\/\\\/www.cuencasmineras.com\\\/#website\",\"url\":\"https:\\\/\\\/www.cuencasmineras.com\\\/\",\"name\":\"\",\"description\":\"\",\"potentialAction\":[{\"@type\":\"SearchAction\",\"target\":{\"@type\":\"EntryPoint\",\"urlTemplate\":\"https:\\\/\\\/www.cuencasmineras.com\\\/?s={search_term_string}\"},\"query-input\":{\"@type\":\"PropertyValueSpecification\",\"valueRequired\":true,\"valueName\":\"search_term_string\"}}],\"inLanguage\":\"es\"},{\"@type\":\"Person\",\"@id\":\"https:\\\/\\\/www.cuencasmineras.com\\\/#\\\/schema\\\/person\\\/be0691310e8496ec555f679dd688420c\",\"name\":\"admin\",\"image\":{\"@type\":\"ImageObject\",\"inLanguage\":\"es\",\"@id\":\"https:\\\/\\\/secure.gravatar.com\\\/avatar\\\/4afd2eed3b2fbbf36dd6707b5bd8a5b50ac648f033e36fbf85aeace2f0f859db?s=96&d=mm&r=g\",\"url\":\"https:\\\/\\\/secure.gravatar.com\\\/avatar\\\/4afd2eed3b2fbbf36dd6707b5bd8a5b50ac648f033e36fbf85aeace2f0f859db?s=96&d=mm&r=g\",\"contentUrl\":\"https:\\\/\\\/secure.gravatar.com\\\/avatar\\\/4afd2eed3b2fbbf36dd6707b5bd8a5b50ac648f033e36fbf85aeace2f0f859db?s=96&d=mm&r=g\",\"caption\":\"admin\"},\"sameAs\":[\"https:\\\/\\\/www.cuencasmineras.com\"],\"url\":\"https:\\\/\\\/www.cuencasmineras.com\\\/index.php\\\/author\\\/admin\\\/\"}]}<\/script>\n<!-- \/ Yoast SEO plugin. -->","yoast_head_json":{"title":"Salud insta a CREAR BURBUJAS SOCIALES para frenar al Covid 19 - CuencasMineras.com","description":"El Gobierno de Asturias recomienda crear burbujas sociales y entornos saludables para reforzar la protecci\u00f3n contra la covid19","robots":{"index":"index","follow":"follow","max-snippet":"max-snippet:-1","max-image-preview":"max-image-preview:large","max-video-preview":"max-video-preview:-1"},"canonical":"https:\/\/www.cuencasmineras.com\/index.php\/2020\/10\/03\/burbujas-sociales\/","og_locale":"es_ES","og_type":"article","og_title":"Salud insta a CREAR BURBUJAS SOCIALES para frenar al Covid 19 - CuencasMineras.com","og_description":"El Gobierno de Asturias recomienda crear burbujas sociales y entornos saludables para reforzar la protecci\u00f3n contra la covid19","og_url":"https:\/\/www.cuencasmineras.com\/index.php\/2020\/10\/03\/burbujas-sociales\/","article_published_time":"2020-10-03T08:17:00+00:00","og_image":[{"width":2040,"height":1480,"url":"https:\/\/www.cuencasmineras.com\/wp-content\/uploads\/2020\/10\/2020_10_02-rueda-prensa-salud-3.jpg","type":"image\/jpeg"}],"author":"admin","twitter_card":"summary_large_image","twitter_misc":{"Escrito por":"admin","Tiempo de lectura":"5 minutos"},"schema":{"@context":"https:\/\/schema.org","@graph":[{"@type":"Article","@id":"https:\/\/www.cuencasmineras.com\/index.php\/2020\/10\/03\/burbujas-sociales\/#article","isPartOf":{"@id":"https:\/\/www.cuencasmineras.com\/index.php\/2020\/10\/03\/burbujas-sociales\/"},"author":{"name":"admin","@id":"https:\/\/www.cuencasmineras.com\/#\/schema\/person\/be0691310e8496ec555f679dd688420c"},"headline":"Salud insta a CREAR BURBUJAS SOCIALES para frenar al Covid 19","datePublished":"2020-10-03T08:17:00+00:00","mainEntityOfPage":{"@id":"https:\/\/www.cuencasmineras.com\/index.php\/2020\/10\/03\/burbujas-sociales\/"},"wordCount":943,"commentCount":0,"image":{"@id":"https:\/\/www.cuencasmineras.com\/index.php\/2020\/10\/03\/burbujas-sociales\/#primaryimage"},"thumbnailUrl":"https:\/\/www.cuencasmineras.com\/wp-content\/uploads\/2020\/10\/2020_10_02-rueda-prensa-salud-3.jpg","keywords":["covid 19"],"articleSection":["COVID-19"],"inLanguage":"es","potentialAction":[{"@type":"CommentAction","name":"Comment","target":["https:\/\/www.cuencasmineras.com\/index.php\/2020\/10\/03\/burbujas-sociales\/#respond"]}]},{"@type":"WebPage","@id":"https:\/\/www.cuencasmineras.com\/index.php\/2020\/10\/03\/burbujas-sociales\/","url":"https:\/\/www.cuencasmineras.com\/index.php\/2020\/10\/03\/burbujas-sociales\/","name":"Salud insta a CREAR BURBUJAS SOCIALES para frenar al Covid 19 - CuencasMineras.com","isPartOf":{"@id":"https:\/\/www.cuencasmineras.com\/#website"},"primaryImageOfPage":{"@id":"https:\/\/www.cuencasmineras.com\/index.php\/2020\/10\/03\/burbujas-sociales\/#primaryimage"},"image":{"@id":"https:\/\/www.cuencasmineras.com\/index.php\/2020\/10\/03\/burbujas-sociales\/#primaryimage"},"thumbnailUrl":"https:\/\/www.cuencasmineras.com\/wp-content\/uploads\/2020\/10\/2020_10_02-rueda-prensa-salud-3.jpg","datePublished":"2020-10-03T08:17:00+00:00","author":{"@id":"https:\/\/www.cuencasmineras.com\/#\/schema\/person\/be0691310e8496ec555f679dd688420c"},"description":"El Gobierno de Asturias recomienda crear burbujas sociales y entornos saludables para reforzar la protecci\u00f3n contra la covid19","breadcrumb":{"@id":"https:\/\/www.cuencasmineras.com\/index.php\/2020\/10\/03\/burbujas-sociales\/#breadcrumb"},"inLanguage":"es","potentialAction":[{"@type":"ReadAction","target":["https:\/\/www.cuencasmineras.com\/index.php\/2020\/10\/03\/burbujas-sociales\/"]}]},{"@type":"ImageObject","inLanguage":"es","@id":"https:\/\/www.cuencasmineras.com\/index.php\/2020\/10\/03\/burbujas-sociales\/#primaryimage","url":"https:\/\/www.cuencasmineras.com\/wp-content\/uploads\/2020\/10\/2020_10_02-rueda-prensa-salud-3.jpg","contentUrl":"https:\/\/www.cuencasmineras.com\/wp-content\/uploads\/2020\/10\/2020_10_02-rueda-prensa-salud-3.jpg","width":2040,"height":1480},{"@type":"BreadcrumbList","@id":"https:\/\/www.cuencasmineras.com\/index.php\/2020\/10\/03\/burbujas-sociales\/#breadcrumb","itemListElement":[{"@type":"ListItem","position":1,"name":"Portada","item":"https:\/\/www.cuencasmineras.com\/"},{"@type":"ListItem","position":2,"name":"Salud insta a CREAR BURBUJAS SOCIALES para frenar al Covid 19"}]},{"@type":"WebSite","@id":"https:\/\/www.cuencasmineras.com\/#website","url":"https:\/\/www.cuencasmineras.com\/","name":"","description":"","potentialAction":[{"@type":"SearchAction","target":{"@type":"EntryPoint","urlTemplate":"https:\/\/www.cuencasmineras.com\/?s={search_term_string}"},"query-input":{"@type":"PropertyValueSpecification","valueRequired":true,"valueName":"search_term_string"}}],"inLanguage":"es"},{"@type":"Person","@id":"https:\/\/www.cuencasmineras.com\/#\/schema\/person\/be0691310e8496ec555f679dd688420c","name":"admin","image":{"@type":"ImageObject","inLanguage":"es","@id":"https:\/\/secure.gravatar.com\/avatar\/4afd2eed3b2fbbf36dd6707b5bd8a5b50ac648f033e36fbf85aeace2f0f859db?s=96&d=mm&r=g","url":"https:\/\/secure.gravatar.com\/avatar\/4afd2eed3b2fbbf36dd6707b5bd8a5b50ac648f033e36fbf85aeace2f0f859db?s=96&d=mm&r=g","contentUrl":"https:\/\/secure.gravatar.com\/avatar\/4afd2eed3b2fbbf36dd6707b5bd8a5b50ac648f033e36fbf85aeace2f0f859db?s=96&d=mm&r=g","caption":"admin"},"sameAs":["https:\/\/www.cuencasmineras.com"],"url":"https:\/\/www.cuencasmineras.com\/index.php\/author\/admin\/"}]}},"_links":{"self":[{"href":"https:\/\/www.cuencasmineras.com\/index.php\/wp-json\/wp\/v2\/posts\/1101","targetHints":{"allow":["GET"]}}],"collection":[{"href":"https:\/\/www.cuencasmineras.com\/index.php\/wp-json\/wp\/v2\/posts"}],"about":[{"href":"https:\/\/www.cuencasmineras.com\/index.php\/wp-json\/wp\/v2\/types\/post"}],"author":[{"embeddable":true,"href":"https:\/\/www.cuencasmineras.com\/index.php\/wp-json\/wp\/v2\/users\/1"}],"replies":[{"embeddable":true,"href":"https:\/\/www.cuencasmineras.com\/index.php\/wp-json\/wp\/v2\/comments?post=1101"}],"version-history":[{"count":1,"href":"https:\/\/www.cuencasmineras.com\/index.php\/wp-json\/wp\/v2\/posts\/1101\/revisions"}],"predecessor-version":[{"id":1103,"href":"https:\/\/www.cuencasmineras.com\/index.php\/wp-json\/wp\/v2\/posts\/1101\/revisions\/1103"}],"wp:featuredmedia":[{"embeddable":true,"href":"https:\/\/www.cuencasmineras.com\/index.php\/wp-json\/wp\/v2\/media\/1102"}],"wp:attachment":[{"href":"https:\/\/www.cuencasmineras.com\/index.php\/wp-json\/wp\/v2\/media?parent=1101"}],"wp:term":[{"taxonomy":"category","embeddable":true,"href":"https:\/\/www.cuencasmineras.com\/index.php\/wp-json\/wp\/v2\/categories?post=1101"},{"taxonomy":"post_tag","embeddable":true,"href":"https:\/\/www.cuencasmineras.com\/index.php\/wp-json\/wp\/v2\/tags?post=1101"}],"curies":[{"name":"wp","href":"https:\/\/api.w.org\/{rel}","templated":true}]}}