{"id":1106,"date":"2020-10-03T08:41:12","date_gmt":"2020-10-03T08:41:12","guid":{"rendered":"https:\/\/www.cuencasmineras.com\/?p=1106"},"modified":"2020-10-03T08:41:12","modified_gmt":"2020-10-03T08:41:12","slug":"salud-confirma-75-nuevos-casos-de-coronavirus","status":"publish","type":"post","link":"https:\/\/www.cuencasmineras.com\/index.php\/2020\/10\/03\/salud-confirma-75-nuevos-casos-de-coronavirus\/","title":{"rendered":"Salud confirma 75 nuevos casos de coronavirus"},"content":{"rendered":"<p class=\"page-h1 container\"><span id=\"p_com_liferay_asset_publisher_web_portlet_AssetPublisherPortlet_INSTANCE_DSnKSBdGDt7q\"><\/span>02 de octubre de 2020<\/p>\n<div id=\"main-content\" class=\"columns-1\" role=\"main\">\n<div class=\"portlet-layout row\">\n<div id=\"column-1\" class=\"col-md-12 portlet-column portlet-column-only\">\n<div id=\"layout-column_column-1\" class=\"portlet-dropzone portlet-column-content portlet-column-content-only\">\n<div id=\"p_p_id_com_liferay_asset_publisher_web_portlet_AssetPublisherPortlet_INSTANCE_DSnKSBdGDt7q_\" class=\"portlet-boundary portlet-boundary_com_liferay_asset_publisher_web_portlet_AssetPublisherPortlet_ portlet-static portlet-static-end portlet-barebone portlet-asset-publisher nota-detalle\">\n<section id=\"portlet_com_liferay_asset_publisher_web_portlet_AssetPublisherPortlet_INSTANCE_DSnKSBdGDt7q\" class=\"portlet\">\n<div class=\"portlet-content\">\n<div class=\" portlet-content-container\">\n<div class=\"portlet-body\">\n<div>\n<div class=\"asset-full-content clearfix default-asset-publisher show-asset-title\">\n<div id=\"_com_liferay_asset_publisher_web_portlet_AssetPublisherPortlet_INSTANCE_DSnKSBdGDt7q_182232\" class=\"asset-content\">\n<div class=\"clearfix journal-content-article\" data-analytics-asset-id=\"182219\" data-analytics-asset-title=\"Salud confirma 75 nuevos casos de coronavirus\" data-analytics-asset-type=\"web-content\">\n<div class=\"nota\">\n<div class=\"entradilla\">\n<ul>\n<li><strong>La tasa de positividad se situ\u00f3 ayer en el 2,28%, tras realizar 3.290 pruebas PCR<\/strong><\/li>\n<li><strong>Las autoridades sanitarias instan a la ciudadan\u00eda a evitar actividades sociales y familiares innecesarias para frenar los contagios<\/strong><\/li>\n<\/ul>\n<\/div>\n<div class=\"imagen-principal\"><picture data-fileentryid=\"182223\"><source srcset=\"\/o\/adaptive-media\/image\/182223\/Thumbnail-300x300\/coronavirus+rojo.jpg?t=1601643234727\" media=\"(max-width:300px)\" \/><source srcset=\"\/o\/adaptive-media\/image\/182223\/Preview-1000x0\/coronavirus+rojo.jpg?t=1601643234727\" media=\"(max-width:1000px) and (min-width:300px)\" \/><img decoding=\"async\" src=\"https:\/\/coronavirus.asturias.es\/documents\/71418\/182222\/coronavirus+rojo.jpg\/bf1d2759-32ed-b351-5838-8e880e685151?t=1601643234727\" alt=\"\" data-fileentryid=\"182223\" \/><\/picture><\/div>\n<div class=\"description\">\n<p>La Consejer\u00eda de Salud ha confirmado 75 casos positivos por coronavirus diagnosticados ayer. Todas las personas afectadas presentan s\u00edntomas leves o son asintom\u00e1ticas y est\u00e1n en aislamiento en sus domicilios, a excepci\u00f3n de 5 que han precisado ingreso hospitalario.<\/p>\n<p>El Servicio de Vigilancia Epidemiol\u00f3gica contin\u00faa con las investigaciones para determinar los v\u00ednculos de los contagios detectados.<\/p>\n<p>Por otra parte, ayer se registr\u00f3 el fallecimiento de un var\u00f3n de 68 a\u00f1os, sin vinculaci\u00f3n con centro residencial sociosanitario; no se produjeron ingresos en la UCI y 7 personas diagnosticadas en d\u00edas anteriores precisaron hospitalizaci\u00f3n en planta.<\/p>\n<p>El Servicio de Salud del Principado (Sespa) realiz\u00f3 ayer 3.290 pruebas PCR, cuyos resultados sit\u00faan la tasa de positividad en el 2,28%.<\/p>\n<p>La Consejer\u00eda de Salud apela una vez m\u00e1s a las personas que hayan visitado entre el 10 y el 26 de septiembre los establecimientos Vaya Bull o Bora-Bora de Porceyo, en Gij\u00f3n, para que rellenen el formulario disponible en el Astursalud (https:\/\/www.astursalud.es\/en\/formulario-pcr) o llamen al tel\u00e9fono 984 100 051. Hasta ahora, 47 personas han respondido al llamamiento por este brote y las autoridades sanitarias insisten en la importancia de este cribado para frenar los contagios.<\/p>\n<p><strong>Recomendaciones generales<\/strong><\/p>\n<p>Salud insta a la ciudadan\u00eda a evitar las actividades sociales y familiares innecesarias para impedir la trasmisi\u00f3n del virus y recomienda que no se relaje el cumplimiento de las medidas de seguridad: uso de mascarilla, lavado frecuente de manos, y respeto de una distancia interpersonal de, al menos, un metro y medio con personas con las que no se convive.<\/p>\n<p>Asimismo, recuerda que el uso de la mascarilla para mayores de seis a\u00f1os es obligatorio en v\u00edas p\u00fablicas y espacios al aire libre, en cualquier espacio cerrado de uso p\u00fablico o que se encuentre abierto al p\u00fablico, as\u00ed como en los medios de transporte p\u00fablicos y privados, en este \u00faltimo caso cuando los ocupantes no convivan.<\/p>\n<p>La Direcci\u00f3n General de Salud P\u00fablica insiste en la necesidad de que las personas pendientes del resultado de una PCR o que son consideradas contactos estrechos restrinjan su vida social, permanezcan en sus domicilios, vigilen su estado de salud y cumplan rigurosamente la cuarentena para evitar los contagios.<\/p>\n<\/div>\n<p>Fuente: <a href=\"https:\/\/coronavirus.asturias.es\/-\/salud-confirma-75-nuevos-casos-de-coronavirus?redirect=%2F\">Gobierno del Principado de Asturias<\/a><\/p>\n<\/div>\n<\/div>\n<\/div>\n<\/div>\n<\/div>\n<\/div>\n<\/div>\n<\/div>\n<\/section>\n<\/div>\n<\/div>\n<\/div>\n<\/div>\n<\/div>\n","protected":false},"excerpt":{"rendered":"<p>02 de octubre de 2020 La tasa de positividad se situ\u00f3 ayer en el 2,28%, tras realizar 3.290 pruebas PCR Las autoridades sanitarias instan a la ciudadan\u00eda a evitar actividades sociales y familiares innecesarias para frenar los contagios La Consejer\u00eda de Salud ha confirmado 75 casos positivos por coronavirus diagnosticados ayer. Todas las personas afectadas [&hellip;]<\/p>\n","protected":false},"author":1,"featured_media":1107,"comment_status":"open","ping_status":"open","sticky":false,"template":"","format":"standard","meta":{"footnotes":""},"categories":[49],"tags":[35],"class_list":["post-1106","post","type-post","status-publish","format-standard","has-post-thumbnail","hentry","category-covid","tag-covid-19"],"yoast_head":"<!-- This site is optimized with the Yoast SEO plugin v27.4 - https:\/\/yoast.com\/product\/yoast-seo-wordpress\/ -->\n<title>Salud confirma 75 nuevos casos de coronavirus - CuencasMineras.com<\/title>\n<meta name=\"description\" content=\"La Consejer\u00eda de Salud ha confirmado 75 casos positivos por coronavirus diagnosticados ayer. Todas las personas afectadas presentan ....\" \/>\n<meta name=\"robots\" content=\"index, follow, max-snippet:-1, max-image-preview:large, max-video-preview:-1\" \/>\n<link rel=\"canonical\" href=\"https:\/\/www.cuencasmineras.com\/index.php\/2020\/10\/03\/salud-confirma-75-nuevos-casos-de-coronavirus\/\" \/>\n<meta property=\"og:locale\" content=\"es_ES\" \/>\n<meta property=\"og:type\" content=\"article\" \/>\n<meta property=\"og:title\" content=\"Salud confirma 75 nuevos casos de coronavirus - CuencasMineras.com\" \/>\n<meta property=\"og:description\" content=\"La Consejer\u00eda de Salud ha confirmado 75 casos positivos por coronavirus diagnosticados ayer. Todas las personas afectadas presentan ....\" \/>\n<meta property=\"og:url\" content=\"https:\/\/www.cuencasmineras.com\/index.php\/2020\/10\/03\/salud-confirma-75-nuevos-casos-de-coronavirus\/\" \/>\n<meta property=\"article:published_time\" content=\"2020-10-03T08:41:12+00:00\" \/>\n<meta property=\"og:image\" content=\"https:\/\/www.cuencasmineras.com\/wp-content\/uploads\/2020\/10\/coronavirus-rojo.jpg\" \/>\n\t<meta property=\"og:image:width\" content=\"1920\" \/>\n\t<meta property=\"og:image:height\" content=\"1280\" \/>\n\t<meta property=\"og:image:type\" content=\"image\/jpeg\" \/>\n<meta name=\"author\" content=\"admin\" \/>\n<meta name=\"twitter:card\" content=\"summary_large_image\" \/>\n<meta name=\"twitter:label1\" content=\"Escrito por\" \/>\n\t<meta name=\"twitter:data1\" content=\"admin\" \/>\n\t<meta name=\"twitter:label2\" content=\"Tiempo de lectura\" \/>\n\t<meta name=\"twitter:data2\" content=\"2 minutos\" \/>\n<script type=\"application\/ld+json\" class=\"yoast-schema-graph\">{\"@context\":\"https:\\\/\\\/schema.org\",\"@graph\":[{\"@type\":\"Article\",\"@id\":\"https:\\\/\\\/www.cuencasmineras.com\\\/index.php\\\/2020\\\/10\\\/03\\\/salud-confirma-75-nuevos-casos-de-coronavirus\\\/#article\",\"isPartOf\":{\"@id\":\"https:\\\/\\\/www.cuencasmineras.com\\\/index.php\\\/2020\\\/10\\\/03\\\/salud-confirma-75-nuevos-casos-de-coronavirus\\\/\"},\"author\":{\"name\":\"admin\",\"@id\":\"https:\\\/\\\/www.cuencasmineras.com\\\/#\\\/schema\\\/person\\\/be0691310e8496ec555f679dd688420c\"},\"headline\":\"Salud confirma 75 nuevos casos de coronavirus\",\"datePublished\":\"2020-10-03T08:41:12+00:00\",\"mainEntityOfPage\":{\"@id\":\"https:\\\/\\\/www.cuencasmineras.com\\\/index.php\\\/2020\\\/10\\\/03\\\/salud-confirma-75-nuevos-casos-de-coronavirus\\\/\"},\"wordCount\":425,\"commentCount\":0,\"image\":{\"@id\":\"https:\\\/\\\/www.cuencasmineras.com\\\/index.php\\\/2020\\\/10\\\/03\\\/salud-confirma-75-nuevos-casos-de-coronavirus\\\/#primaryimage\"},\"thumbnailUrl\":\"https:\\\/\\\/www.cuencasmineras.com\\\/wp-content\\\/uploads\\\/2020\\\/10\\\/coronavirus-rojo.jpg\",\"keywords\":[\"covid 19\"],\"articleSection\":[\"COVID-19\"],\"inLanguage\":\"es\",\"potentialAction\":[{\"@type\":\"CommentAction\",\"name\":\"Comment\",\"target\":[\"https:\\\/\\\/www.cuencasmineras.com\\\/index.php\\\/2020\\\/10\\\/03\\\/salud-confirma-75-nuevos-casos-de-coronavirus\\\/#respond\"]}]},{\"@type\":\"WebPage\",\"@id\":\"https:\\\/\\\/www.cuencasmineras.com\\\/index.php\\\/2020\\\/10\\\/03\\\/salud-confirma-75-nuevos-casos-de-coronavirus\\\/\",\"url\":\"https:\\\/\\\/www.cuencasmineras.com\\\/index.php\\\/2020\\\/10\\\/03\\\/salud-confirma-75-nuevos-casos-de-coronavirus\\\/\",\"name\":\"Salud confirma 75 nuevos casos de coronavirus - CuencasMineras.com\",\"isPartOf\":{\"@id\":\"https:\\\/\\\/www.cuencasmineras.com\\\/#website\"},\"primaryImageOfPage\":{\"@id\":\"https:\\\/\\\/www.cuencasmineras.com\\\/index.php\\\/2020\\\/10\\\/03\\\/salud-confirma-75-nuevos-casos-de-coronavirus\\\/#primaryimage\"},\"image\":{\"@id\":\"https:\\\/\\\/www.cuencasmineras.com\\\/index.php\\\/2020\\\/10\\\/03\\\/salud-confirma-75-nuevos-casos-de-coronavirus\\\/#primaryimage\"},\"thumbnailUrl\":\"https:\\\/\\\/www.cuencasmineras.com\\\/wp-content\\\/uploads\\\/2020\\\/10\\\/coronavirus-rojo.jpg\",\"datePublished\":\"2020-10-03T08:41:12+00:00\",\"author\":{\"@id\":\"https:\\\/\\\/www.cuencasmineras.com\\\/#\\\/schema\\\/person\\\/be0691310e8496ec555f679dd688420c\"},\"description\":\"La Consejer\u00eda de Salud ha confirmado 75 casos positivos por coronavirus diagnosticados ayer. Todas las personas afectadas presentan ....\",\"breadcrumb\":{\"@id\":\"https:\\\/\\\/www.cuencasmineras.com\\\/index.php\\\/2020\\\/10\\\/03\\\/salud-confirma-75-nuevos-casos-de-coronavirus\\\/#breadcrumb\"},\"inLanguage\":\"es\",\"potentialAction\":[{\"@type\":\"ReadAction\",\"target\":[\"https:\\\/\\\/www.cuencasmineras.com\\\/index.php\\\/2020\\\/10\\\/03\\\/salud-confirma-75-nuevos-casos-de-coronavirus\\\/\"]}]},{\"@type\":\"ImageObject\",\"inLanguage\":\"es\",\"@id\":\"https:\\\/\\\/www.cuencasmineras.com\\\/index.php\\\/2020\\\/10\\\/03\\\/salud-confirma-75-nuevos-casos-de-coronavirus\\\/#primaryimage\",\"url\":\"https:\\\/\\\/www.cuencasmineras.com\\\/wp-content\\\/uploads\\\/2020\\\/10\\\/coronavirus-rojo.jpg\",\"contentUrl\":\"https:\\\/\\\/www.cuencasmineras.com\\\/wp-content\\\/uploads\\\/2020\\\/10\\\/coronavirus-rojo.jpg\",\"width\":1920,\"height\":1280},{\"@type\":\"BreadcrumbList\",\"@id\":\"https:\\\/\\\/www.cuencasmineras.com\\\/index.php\\\/2020\\\/10\\\/03\\\/salud-confirma-75-nuevos-casos-de-coronavirus\\\/#breadcrumb\",\"itemListElement\":[{\"@type\":\"ListItem\",\"position\":1,\"name\":\"Portada\",\"item\":\"https:\\\/\\\/www.cuencasmineras.com\\\/\"},{\"@type\":\"ListItem\",\"position\":2,\"name\":\"Salud confirma 75 nuevos casos de coronavirus\"}]},{\"@type\":\"WebSite\",\"@id\":\"https:\\\/\\\/www.cuencasmineras.com\\\/#website\",\"url\":\"https:\\\/\\\/www.cuencasmineras.com\\\/\",\"name\":\"\",\"description\":\"\",\"potentialAction\":[{\"@type\":\"SearchAction\",\"target\":{\"@type\":\"EntryPoint\",\"urlTemplate\":\"https:\\\/\\\/www.cuencasmineras.com\\\/?s={search_term_string}\"},\"query-input\":{\"@type\":\"PropertyValueSpecification\",\"valueRequired\":true,\"valueName\":\"search_term_string\"}}],\"inLanguage\":\"es\"},{\"@type\":\"Person\",\"@id\":\"https:\\\/\\\/www.cuencasmineras.com\\\/#\\\/schema\\\/person\\\/be0691310e8496ec555f679dd688420c\",\"name\":\"admin\",\"image\":{\"@type\":\"ImageObject\",\"inLanguage\":\"es\",\"@id\":\"https:\\\/\\\/secure.gravatar.com\\\/avatar\\\/4afd2eed3b2fbbf36dd6707b5bd8a5b50ac648f033e36fbf85aeace2f0f859db?s=96&d=mm&r=g\",\"url\":\"https:\\\/\\\/secure.gravatar.com\\\/avatar\\\/4afd2eed3b2fbbf36dd6707b5bd8a5b50ac648f033e36fbf85aeace2f0f859db?s=96&d=mm&r=g\",\"contentUrl\":\"https:\\\/\\\/secure.gravatar.com\\\/avatar\\\/4afd2eed3b2fbbf36dd6707b5bd8a5b50ac648f033e36fbf85aeace2f0f859db?s=96&d=mm&r=g\",\"caption\":\"admin\"},\"sameAs\":[\"https:\\\/\\\/www.cuencasmineras.com\"],\"url\":\"https:\\\/\\\/www.cuencasmineras.com\\\/index.php\\\/author\\\/admin\\\/\"}]}<\/script>\n<!-- \/ Yoast SEO plugin. -->","yoast_head_json":{"title":"Salud confirma 75 nuevos casos de coronavirus - CuencasMineras.com","description":"La Consejer\u00eda de Salud ha confirmado 75 casos positivos por coronavirus diagnosticados ayer. Todas las personas afectadas presentan ....","robots":{"index":"index","follow":"follow","max-snippet":"max-snippet:-1","max-image-preview":"max-image-preview:large","max-video-preview":"max-video-preview:-1"},"canonical":"https:\/\/www.cuencasmineras.com\/index.php\/2020\/10\/03\/salud-confirma-75-nuevos-casos-de-coronavirus\/","og_locale":"es_ES","og_type":"article","og_title":"Salud confirma 75 nuevos casos de coronavirus - CuencasMineras.com","og_description":"La Consejer\u00eda de Salud ha confirmado 75 casos positivos por coronavirus diagnosticados ayer. Todas las personas afectadas presentan ....","og_url":"https:\/\/www.cuencasmineras.com\/index.php\/2020\/10\/03\/salud-confirma-75-nuevos-casos-de-coronavirus\/","article_published_time":"2020-10-03T08:41:12+00:00","og_image":[{"width":1920,"height":1280,"url":"https:\/\/www.cuencasmineras.com\/wp-content\/uploads\/2020\/10\/coronavirus-rojo.jpg","type":"image\/jpeg"}],"author":"admin","twitter_card":"summary_large_image","twitter_misc":{"Escrito por":"admin","Tiempo de lectura":"2 minutos"},"schema":{"@context":"https:\/\/schema.org","@graph":[{"@type":"Article","@id":"https:\/\/www.cuencasmineras.com\/index.php\/2020\/10\/03\/salud-confirma-75-nuevos-casos-de-coronavirus\/#article","isPartOf":{"@id":"https:\/\/www.cuencasmineras.com\/index.php\/2020\/10\/03\/salud-confirma-75-nuevos-casos-de-coronavirus\/"},"author":{"name":"admin","@id":"https:\/\/www.cuencasmineras.com\/#\/schema\/person\/be0691310e8496ec555f679dd688420c"},"headline":"Salud confirma 75 nuevos casos de coronavirus","datePublished":"2020-10-03T08:41:12+00:00","mainEntityOfPage":{"@id":"https:\/\/www.cuencasmineras.com\/index.php\/2020\/10\/03\/salud-confirma-75-nuevos-casos-de-coronavirus\/"},"wordCount":425,"commentCount":0,"image":{"@id":"https:\/\/www.cuencasmineras.com\/index.php\/2020\/10\/03\/salud-confirma-75-nuevos-casos-de-coronavirus\/#primaryimage"},"thumbnailUrl":"https:\/\/www.cuencasmineras.com\/wp-content\/uploads\/2020\/10\/coronavirus-rojo.jpg","keywords":["covid 19"],"articleSection":["COVID-19"],"inLanguage":"es","potentialAction":[{"@type":"CommentAction","name":"Comment","target":["https:\/\/www.cuencasmineras.com\/index.php\/2020\/10\/03\/salud-confirma-75-nuevos-casos-de-coronavirus\/#respond"]}]},{"@type":"WebPage","@id":"https:\/\/www.cuencasmineras.com\/index.php\/2020\/10\/03\/salud-confirma-75-nuevos-casos-de-coronavirus\/","url":"https:\/\/www.cuencasmineras.com\/index.php\/2020\/10\/03\/salud-confirma-75-nuevos-casos-de-coronavirus\/","name":"Salud confirma 75 nuevos casos de coronavirus - CuencasMineras.com","isPartOf":{"@id":"https:\/\/www.cuencasmineras.com\/#website"},"primaryImageOfPage":{"@id":"https:\/\/www.cuencasmineras.com\/index.php\/2020\/10\/03\/salud-confirma-75-nuevos-casos-de-coronavirus\/#primaryimage"},"image":{"@id":"https:\/\/www.cuencasmineras.com\/index.php\/2020\/10\/03\/salud-confirma-75-nuevos-casos-de-coronavirus\/#primaryimage"},"thumbnailUrl":"https:\/\/www.cuencasmineras.com\/wp-content\/uploads\/2020\/10\/coronavirus-rojo.jpg","datePublished":"2020-10-03T08:41:12+00:00","author":{"@id":"https:\/\/www.cuencasmineras.com\/#\/schema\/person\/be0691310e8496ec555f679dd688420c"},"description":"La Consejer\u00eda de Salud ha confirmado 75 casos positivos por coronavirus diagnosticados ayer. Todas las personas afectadas presentan ....","breadcrumb":{"@id":"https:\/\/www.cuencasmineras.com\/index.php\/2020\/10\/03\/salud-confirma-75-nuevos-casos-de-coronavirus\/#breadcrumb"},"inLanguage":"es","potentialAction":[{"@type":"ReadAction","target":["https:\/\/www.cuencasmineras.com\/index.php\/2020\/10\/03\/salud-confirma-75-nuevos-casos-de-coronavirus\/"]}]},{"@type":"ImageObject","inLanguage":"es","@id":"https:\/\/www.cuencasmineras.com\/index.php\/2020\/10\/03\/salud-confirma-75-nuevos-casos-de-coronavirus\/#primaryimage","url":"https:\/\/www.cuencasmineras.com\/wp-content\/uploads\/2020\/10\/coronavirus-rojo.jpg","contentUrl":"https:\/\/www.cuencasmineras.com\/wp-content\/uploads\/2020\/10\/coronavirus-rojo.jpg","width":1920,"height":1280},{"@type":"BreadcrumbList","@id":"https:\/\/www.cuencasmineras.com\/index.php\/2020\/10\/03\/salud-confirma-75-nuevos-casos-de-coronavirus\/#breadcrumb","itemListElement":[{"@type":"ListItem","position":1,"name":"Portada","item":"https:\/\/www.cuencasmineras.com\/"},{"@type":"ListItem","position":2,"name":"Salud confirma 75 nuevos casos de coronavirus"}]},{"@type":"WebSite","@id":"https:\/\/www.cuencasmineras.com\/#website","url":"https:\/\/www.cuencasmineras.com\/","name":"","description":"","potentialAction":[{"@type":"SearchAction","target":{"@type":"EntryPoint","urlTemplate":"https:\/\/www.cuencasmineras.com\/?s={search_term_string}"},"query-input":{"@type":"PropertyValueSpecification","valueRequired":true,"valueName":"search_term_string"}}],"inLanguage":"es"},{"@type":"Person","@id":"https:\/\/www.cuencasmineras.com\/#\/schema\/person\/be0691310e8496ec555f679dd688420c","name":"admin","image":{"@type":"ImageObject","inLanguage":"es","@id":"https:\/\/secure.gravatar.com\/avatar\/4afd2eed3b2fbbf36dd6707b5bd8a5b50ac648f033e36fbf85aeace2f0f859db?s=96&d=mm&r=g","url":"https:\/\/secure.gravatar.com\/avatar\/4afd2eed3b2fbbf36dd6707b5bd8a5b50ac648f033e36fbf85aeace2f0f859db?s=96&d=mm&r=g","contentUrl":"https:\/\/secure.gravatar.com\/avatar\/4afd2eed3b2fbbf36dd6707b5bd8a5b50ac648f033e36fbf85aeace2f0f859db?s=96&d=mm&r=g","caption":"admin"},"sameAs":["https:\/\/www.cuencasmineras.com"],"url":"https:\/\/www.cuencasmineras.com\/index.php\/author\/admin\/"}]}},"_links":{"self":[{"href":"https:\/\/www.cuencasmineras.com\/index.php\/wp-json\/wp\/v2\/posts\/1106","targetHints":{"allow":["GET"]}}],"collection":[{"href":"https:\/\/www.cuencasmineras.com\/index.php\/wp-json\/wp\/v2\/posts"}],"about":[{"href":"https:\/\/www.cuencasmineras.com\/index.php\/wp-json\/wp\/v2\/types\/post"}],"author":[{"embeddable":true,"href":"https:\/\/www.cuencasmineras.com\/index.php\/wp-json\/wp\/v2\/users\/1"}],"replies":[{"embeddable":true,"href":"https:\/\/www.cuencasmineras.com\/index.php\/wp-json\/wp\/v2\/comments?post=1106"}],"version-history":[{"count":1,"href":"https:\/\/www.cuencasmineras.com\/index.php\/wp-json\/wp\/v2\/posts\/1106\/revisions"}],"predecessor-version":[{"id":1108,"href":"https:\/\/www.cuencasmineras.com\/index.php\/wp-json\/wp\/v2\/posts\/1106\/revisions\/1108"}],"wp:featuredmedia":[{"embeddable":true,"href":"https:\/\/www.cuencasmineras.com\/index.php\/wp-json\/wp\/v2\/media\/1107"}],"wp:attachment":[{"href":"https:\/\/www.cuencasmineras.com\/index.php\/wp-json\/wp\/v2\/media?parent=1106"}],"wp:term":[{"taxonomy":"category","embeddable":true,"href":"https:\/\/www.cuencasmineras.com\/index.php\/wp-json\/wp\/v2\/categories?post=1106"},{"taxonomy":"post_tag","embeddable":true,"href":"https:\/\/www.cuencasmineras.com\/index.php\/wp-json\/wp\/v2\/tags?post=1106"}],"curies":[{"name":"wp","href":"https:\/\/api.w.org\/{rel}","templated":true}]}}