{"id":1137,"date":"2020-10-07T11:24:07","date_gmt":"2020-10-07T11:24:07","guid":{"rendered":"https:\/\/www.cuencasmineras.com\/?p=1137"},"modified":"2020-10-07T11:24:07","modified_gmt":"2020-10-07T11:24:07","slug":"laviana-llevara-a-cabo-varias-ferias-para-dinamizar-el-tejido-economico-y-comercial","status":"publish","type":"post","link":"https:\/\/www.cuencasmineras.com\/index.php\/2020\/10\/07\/laviana-llevara-a-cabo-varias-ferias-para-dinamizar-el-tejido-economico-y-comercial\/","title":{"rendered":"Laviana llevar\u00e1 a cabo varias ferias para dinamizar el tejido econ\u00f3mico y comercial"},"content":{"rendered":"<div class=\"kvgmc6g5 cxmmr5t8 oygrvhab hcukyx3x c1et5uql ii04i59q\">\n<div dir=\"auto\"><span class=\"pq6dq46d tbxw36s4 knj5qynh kvgmc6g5 ditlmg2l oygrvhab nvdbi5me sf5mxxl7 gl3lb2sf hhz5lgdu\">\u00a0<\/span><\/div>\n<\/div>\n<div class=\"o9v6fnle cxmmr5t8 oygrvhab hcukyx3x c1et5uql ii04i59q\">\n<div dir=\"auto\"><span class=\"pq6dq46d tbxw36s4 knj5qynh kvgmc6g5 ditlmg2l oygrvhab nvdbi5me sf5mxxl7 gl3lb2sf hhz5lgdu\"><img loading=\"lazy\" decoding=\"async\" src=\"https:\/\/static.xx.fbcdn.net\/images\/emoji.php\/v9\/t2d\/1\/16\/1f4cd.png\" alt=\"\ud83d\udccd\" width=\"16\" height=\"16\" \/><\/span>En el Ayuntamiento de Laviana hay una gran preocupaci\u00f3n por la situaci\u00f3n que soporta el tejido empresarial del municipio debido a la crisis del COVID y especialmente a la Alerta Naranja establecida en el valle.<\/div>\n<div dir=\"auto\"><span class=\"pq6dq46d tbxw36s4 knj5qynh kvgmc6g5 ditlmg2l oygrvhab nvdbi5me sf5mxxl7 gl3lb2sf hhz5lgdu\"><img loading=\"lazy\" decoding=\"async\" src=\"https:\/\/static.xx.fbcdn.net\/images\/emoji.php\/v9\/t51\/1\/16\/1f449.png\" alt=\"\ud83d\udc49\" width=\"16\" height=\"16\" \/><\/span>Se est\u00e1n trabajando en un paquete de medidas para paliar est\u00e1 situaci\u00f3n.<\/div>\n<div dir=\"auto\"><span class=\"pq6dq46d tbxw36s4 knj5qynh kvgmc6g5 ditlmg2l oygrvhab nvdbi5me sf5mxxl7 gl3lb2sf hhz5lgdu\"><img loading=\"lazy\" decoding=\"async\" src=\"https:\/\/static.xx.fbcdn.net\/images\/emoji.php\/v9\/t70\/1\/16\/1f536.png\" alt=\"\ud83d\udd36\" width=\"16\" height=\"16\" \/><\/span>La primera acci\u00f3n que se llevar\u00e1 a cabo una vez la situaci\u00f3n sanitaria lo permita es la activaci\u00f3n de un plan para desarrollar un calendario de ferias sectoriales para tratar ayudar en la reactivaci\u00f3n econ\u00f3mica.<\/div>\n<div dir=\"auto\"><span class=\"pq6dq46d tbxw36s4 knj5qynh kvgmc6g5 ditlmg2l oygrvhab nvdbi5me sf5mxxl7 gl3lb2sf hhz5lgdu\"><img loading=\"lazy\" decoding=\"async\" src=\"https:\/\/static.xx.fbcdn.net\/images\/emoji.php\/v9\/t9b\/1\/16\/1f6d1.png\" alt=\"\ud83d\uded1\" width=\"16\" height=\"16\" \/><\/span>De esta forma, las empresas y aut\u00f3nomos del municipio que lo deseen participar\u00e1n en dichas ferias sin coste alguno siendo asumidos los gastos por el Ayuntamiento de Laviana.<\/div>\n<div dir=\"auto\"><span class=\"pq6dq46d tbxw36s4 knj5qynh kvgmc6g5 ditlmg2l oygrvhab nvdbi5me sf5mxxl7 gl3lb2sf hhz5lgdu\"><img loading=\"lazy\" decoding=\"async\" src=\"https:\/\/static.xx.fbcdn.net\/images\/emoji.php\/v9\/t40\/1\/16\/25b6.png\" alt=\"\u25b6\ufe0f\" width=\"16\" height=\"16\" \/><\/span>La primera de estas ferias se dedicar\u00e1 al sector de Ropa, Calzado y Complementos y se programar\u00e1 en cuanto el calendario sanitario permita su realizaci\u00f3n con total seguridad.<\/div>\n<div dir=\"auto\"><span class=\"pq6dq46d tbxw36s4 knj5qynh kvgmc6g5 ditlmg2l oygrvhab nvdbi5me sf5mxxl7 gl3lb2sf hhz5lgdu\"><img loading=\"lazy\" decoding=\"async\" src=\"https:\/\/static.xx.fbcdn.net\/images\/emoji.php\/v9\/t51\/1\/16\/2714.png\" alt=\"\u2714\ufe0f\" width=\"16\" height=\"16\" \/><\/span>Aquellos negocios lavianeses que trabajen este campo y deseen participar pueden ir inform\u00e1ndose y reservando su plaza en la Oficina de Atenci\u00f3n al Aut\u00f3nomo.<\/div>\n<div dir=\"auto\"><span class=\"pq6dq46d tbxw36s4 knj5qynh kvgmc6g5 ditlmg2l oygrvhab nvdbi5me sf5mxxl7 gl3lb2sf hhz5lgdu\"><img loading=\"lazy\" decoding=\"async\" src=\"https:\/\/static.xx.fbcdn.net\/images\/emoji.php\/v9\/t39\/1\/16\/2b55.png\" alt=\"\u2b55\" width=\"16\" height=\"16\" \/><\/span>El contacto de la Oficina de atenci\u00f3n al aut\u00f3nomo y pymes de Laviana se puede hacer mediante:<\/div>\n<div dir=\"auto\"><span class=\"pq6dq46d tbxw36s4 knj5qynh kvgmc6g5 ditlmg2l oygrvhab nvdbi5me sf5mxxl7 gl3lb2sf hhz5lgdu\"><img loading=\"lazy\" decoding=\"async\" src=\"https:\/\/static.xx.fbcdn.net\/images\/emoji.php\/v9\/t1b\/1\/16\/1f53a.png\" alt=\"\ud83d\udd3a\" width=\"16\" height=\"16\" \/><\/span>email: informacion.autonomos@ayto-laviana.es<\/div>\n<div dir=\"auto\"><span class=\"pq6dq46d tbxw36s4 knj5qynh kvgmc6g5 ditlmg2l oygrvhab nvdbi5me sf5mxxl7 gl3lb2sf hhz5lgdu\"><img loading=\"lazy\" decoding=\"async\" src=\"https:\/\/static.xx.fbcdn.net\/images\/emoji.php\/v9\/t1b\/1\/16\/1f53a.png\" alt=\"\ud83d\udd3a\" width=\"16\" height=\"16\" \/><\/span>Tel\u00e9fono: 617 388 067 (horario de 9 a 14 horas).<\/div>\n<\/div>\n","protected":false},"excerpt":{"rendered":"<p>\u00a0 En el Ayuntamiento de Laviana hay una gran preocupaci\u00f3n por la situaci\u00f3n que soporta el tejido empresarial del municipio debido a la crisis del COVID y especialmente a la Alerta Naranja establecida en el valle. Se est\u00e1n trabajando en un paquete de medidas para paliar est\u00e1 situaci\u00f3n. La primera acci\u00f3n que se llevar\u00e1 a [&hellip;]<\/p>\n","protected":false},"author":1,"featured_media":261,"comment_status":"open","ping_status":"open","sticky":false,"template":"","format":"standard","meta":{"footnotes":""},"categories":[6,8],"tags":[85,61],"class_list":["post-1137","post","type-post","status-publish","format-standard","has-post-thumbnail","hentry","category-noticias","category-nalon","tag-ferias","tag-laviana"],"yoast_head":"<!-- This site is optimized with the Yoast SEO plugin v27.4 - https:\/\/yoast.com\/product\/yoast-seo-wordpress\/ -->\n<title>Laviana llevar\u00e1 a cabo varias ferias para dinamizar el tejido econ\u00f3mico<\/title>\n<meta name=\"description\" content=\"En el Ayuntamiento de Laviana hay una gran preocupaci\u00f3n por la situaci\u00f3n que soporta el tejido empresarial del municipio debido...\" \/>\n<meta name=\"robots\" content=\"index, follow, max-snippet:-1, max-image-preview:large, max-video-preview:-1\" \/>\n<link rel=\"canonical\" href=\"https:\/\/www.cuencasmineras.com\/index.php\/2020\/10\/07\/laviana-llevara-a-cabo-varias-ferias-para-dinamizar-el-tejido-economico-y-comercial\/\" \/>\n<meta property=\"og:locale\" content=\"es_ES\" \/>\n<meta property=\"og:type\" content=\"article\" \/>\n<meta property=\"og:title\" content=\"Laviana llevar\u00e1 a cabo varias ferias para dinamizar el tejido econ\u00f3mico\" \/>\n<meta property=\"og:description\" content=\"En el Ayuntamiento de Laviana hay una gran preocupaci\u00f3n por la situaci\u00f3n que soporta el tejido empresarial del municipio debido...\" \/>\n<meta property=\"og:url\" content=\"https:\/\/www.cuencasmineras.com\/index.php\/2020\/10\/07\/laviana-llevara-a-cabo-varias-ferias-para-dinamizar-el-tejido-economico-y-comercial\/\" \/>\n<meta property=\"article:published_time\" content=\"2020-10-07T11:24:07+00:00\" \/>\n<meta property=\"og:image\" content=\"https:\/\/www.cuencasmineras.com\/wp-content\/uploads\/2020\/09\/1200px-Coat_of_Arms_of_Laviana_Official.svg.png\" \/>\n\t<meta property=\"og:image:width\" content=\"1200\" \/>\n\t<meta property=\"og:image:height\" content=\"1540\" \/>\n\t<meta property=\"og:image:type\" content=\"image\/png\" \/>\n<meta name=\"author\" content=\"admin\" \/>\n<meta name=\"twitter:card\" content=\"summary_large_image\" \/>\n<meta name=\"twitter:label1\" content=\"Escrito por\" \/>\n\t<meta name=\"twitter:data1\" content=\"admin\" \/>\n\t<meta name=\"twitter:label2\" content=\"Tiempo de lectura\" \/>\n\t<meta name=\"twitter:data2\" content=\"1 minuto\" \/>\n<script type=\"application\/ld+json\" class=\"yoast-schema-graph\">{\"@context\":\"https:\\\/\\\/schema.org\",\"@graph\":[{\"@type\":\"Article\",\"@id\":\"https:\\\/\\\/www.cuencasmineras.com\\\/index.php\\\/2020\\\/10\\\/07\\\/laviana-llevara-a-cabo-varias-ferias-para-dinamizar-el-tejido-economico-y-comercial\\\/#article\",\"isPartOf\":{\"@id\":\"https:\\\/\\\/www.cuencasmineras.com\\\/index.php\\\/2020\\\/10\\\/07\\\/laviana-llevara-a-cabo-varias-ferias-para-dinamizar-el-tejido-economico-y-comercial\\\/\"},\"author\":{\"name\":\"admin\",\"@id\":\"https:\\\/\\\/www.cuencasmineras.com\\\/#\\\/schema\\\/person\\\/be0691310e8496ec555f679dd688420c\"},\"headline\":\"Laviana llevar\u00e1 a cabo varias ferias para dinamizar el tejido econ\u00f3mico y comercial\",\"datePublished\":\"2020-10-07T11:24:07+00:00\",\"mainEntityOfPage\":{\"@id\":\"https:\\\/\\\/www.cuencasmineras.com\\\/index.php\\\/2020\\\/10\\\/07\\\/laviana-llevara-a-cabo-varias-ferias-para-dinamizar-el-tejido-economico-y-comercial\\\/\"},\"wordCount\":221,\"commentCount\":0,\"image\":{\"@id\":\"https:\\\/\\\/www.cuencasmineras.com\\\/index.php\\\/2020\\\/10\\\/07\\\/laviana-llevara-a-cabo-varias-ferias-para-dinamizar-el-tejido-economico-y-comercial\\\/#primaryimage\"},\"thumbnailUrl\":\"https:\\\/\\\/www.cuencasmineras.com\\\/wp-content\\\/uploads\\\/2020\\\/09\\\/1200px-Coat_of_Arms_of_Laviana_Official.svg.png\",\"keywords\":[\"ferias\",\"LAVIANA\"],\"articleSection\":[\"CM NEWS\",\"Nal\u00f3n\"],\"inLanguage\":\"es\",\"potentialAction\":[{\"@type\":\"CommentAction\",\"name\":\"Comment\",\"target\":[\"https:\\\/\\\/www.cuencasmineras.com\\\/index.php\\\/2020\\\/10\\\/07\\\/laviana-llevara-a-cabo-varias-ferias-para-dinamizar-el-tejido-economico-y-comercial\\\/#respond\"]}]},{\"@type\":\"WebPage\",\"@id\":\"https:\\\/\\\/www.cuencasmineras.com\\\/index.php\\\/2020\\\/10\\\/07\\\/laviana-llevara-a-cabo-varias-ferias-para-dinamizar-el-tejido-economico-y-comercial\\\/\",\"url\":\"https:\\\/\\\/www.cuencasmineras.com\\\/index.php\\\/2020\\\/10\\\/07\\\/laviana-llevara-a-cabo-varias-ferias-para-dinamizar-el-tejido-economico-y-comercial\\\/\",\"name\":\"Laviana llevar\u00e1 a cabo varias ferias para dinamizar el tejido econ\u00f3mico\",\"isPartOf\":{\"@id\":\"https:\\\/\\\/www.cuencasmineras.com\\\/#website\"},\"primaryImageOfPage\":{\"@id\":\"https:\\\/\\\/www.cuencasmineras.com\\\/index.php\\\/2020\\\/10\\\/07\\\/laviana-llevara-a-cabo-varias-ferias-para-dinamizar-el-tejido-economico-y-comercial\\\/#primaryimage\"},\"image\":{\"@id\":\"https:\\\/\\\/www.cuencasmineras.com\\\/index.php\\\/2020\\\/10\\\/07\\\/laviana-llevara-a-cabo-varias-ferias-para-dinamizar-el-tejido-economico-y-comercial\\\/#primaryimage\"},\"thumbnailUrl\":\"https:\\\/\\\/www.cuencasmineras.com\\\/wp-content\\\/uploads\\\/2020\\\/09\\\/1200px-Coat_of_Arms_of_Laviana_Official.svg.png\",\"datePublished\":\"2020-10-07T11:24:07+00:00\",\"author\":{\"@id\":\"https:\\\/\\\/www.cuencasmineras.com\\\/#\\\/schema\\\/person\\\/be0691310e8496ec555f679dd688420c\"},\"description\":\"En el Ayuntamiento de Laviana hay una gran preocupaci\u00f3n por la situaci\u00f3n que soporta el tejido empresarial del municipio debido...\",\"breadcrumb\":{\"@id\":\"https:\\\/\\\/www.cuencasmineras.com\\\/index.php\\\/2020\\\/10\\\/07\\\/laviana-llevara-a-cabo-varias-ferias-para-dinamizar-el-tejido-economico-y-comercial\\\/#breadcrumb\"},\"inLanguage\":\"es\",\"potentialAction\":[{\"@type\":\"ReadAction\",\"target\":[\"https:\\\/\\\/www.cuencasmineras.com\\\/index.php\\\/2020\\\/10\\\/07\\\/laviana-llevara-a-cabo-varias-ferias-para-dinamizar-el-tejido-economico-y-comercial\\\/\"]}]},{\"@type\":\"ImageObject\",\"inLanguage\":\"es\",\"@id\":\"https:\\\/\\\/www.cuencasmineras.com\\\/index.php\\\/2020\\\/10\\\/07\\\/laviana-llevara-a-cabo-varias-ferias-para-dinamizar-el-tejido-economico-y-comercial\\\/#primaryimage\",\"url\":\"https:\\\/\\\/www.cuencasmineras.com\\\/wp-content\\\/uploads\\\/2020\\\/09\\\/1200px-Coat_of_Arms_of_Laviana_Official.svg.png\",\"contentUrl\":\"https:\\\/\\\/www.cuencasmineras.com\\\/wp-content\\\/uploads\\\/2020\\\/09\\\/1200px-Coat_of_Arms_of_Laviana_Official.svg.png\",\"width\":1200,\"height\":1540},{\"@type\":\"BreadcrumbList\",\"@id\":\"https:\\\/\\\/www.cuencasmineras.com\\\/index.php\\\/2020\\\/10\\\/07\\\/laviana-llevara-a-cabo-varias-ferias-para-dinamizar-el-tejido-economico-y-comercial\\\/#breadcrumb\",\"itemListElement\":[{\"@type\":\"ListItem\",\"position\":1,\"name\":\"Portada\",\"item\":\"https:\\\/\\\/www.cuencasmineras.com\\\/\"},{\"@type\":\"ListItem\",\"position\":2,\"name\":\"Laviana llevar\u00e1 a cabo varias ferias para dinamizar el tejido econ\u00f3mico y comercial\"}]},{\"@type\":\"WebSite\",\"@id\":\"https:\\\/\\\/www.cuencasmineras.com\\\/#website\",\"url\":\"https:\\\/\\\/www.cuencasmineras.com\\\/\",\"name\":\"\",\"description\":\"\",\"potentialAction\":[{\"@type\":\"SearchAction\",\"target\":{\"@type\":\"EntryPoint\",\"urlTemplate\":\"https:\\\/\\\/www.cuencasmineras.com\\\/?s={search_term_string}\"},\"query-input\":{\"@type\":\"PropertyValueSpecification\",\"valueRequired\":true,\"valueName\":\"search_term_string\"}}],\"inLanguage\":\"es\"},{\"@type\":\"Person\",\"@id\":\"https:\\\/\\\/www.cuencasmineras.com\\\/#\\\/schema\\\/person\\\/be0691310e8496ec555f679dd688420c\",\"name\":\"admin\",\"image\":{\"@type\":\"ImageObject\",\"inLanguage\":\"es\",\"@id\":\"https:\\\/\\\/secure.gravatar.com\\\/avatar\\\/4afd2eed3b2fbbf36dd6707b5bd8a5b50ac648f033e36fbf85aeace2f0f859db?s=96&d=mm&r=g\",\"url\":\"https:\\\/\\\/secure.gravatar.com\\\/avatar\\\/4afd2eed3b2fbbf36dd6707b5bd8a5b50ac648f033e36fbf85aeace2f0f859db?s=96&d=mm&r=g\",\"contentUrl\":\"https:\\\/\\\/secure.gravatar.com\\\/avatar\\\/4afd2eed3b2fbbf36dd6707b5bd8a5b50ac648f033e36fbf85aeace2f0f859db?s=96&d=mm&r=g\",\"caption\":\"admin\"},\"sameAs\":[\"https:\\\/\\\/www.cuencasmineras.com\"],\"url\":\"https:\\\/\\\/www.cuencasmineras.com\\\/index.php\\\/author\\\/admin\\\/\"}]}<\/script>\n<!-- \/ Yoast SEO plugin. -->","yoast_head_json":{"title":"Laviana llevar\u00e1 a cabo varias ferias para dinamizar el tejido econ\u00f3mico","description":"En el Ayuntamiento de Laviana hay una gran preocupaci\u00f3n por la situaci\u00f3n que soporta el tejido empresarial del municipio debido...","robots":{"index":"index","follow":"follow","max-snippet":"max-snippet:-1","max-image-preview":"max-image-preview:large","max-video-preview":"max-video-preview:-1"},"canonical":"https:\/\/www.cuencasmineras.com\/index.php\/2020\/10\/07\/laviana-llevara-a-cabo-varias-ferias-para-dinamizar-el-tejido-economico-y-comercial\/","og_locale":"es_ES","og_type":"article","og_title":"Laviana llevar\u00e1 a cabo varias ferias para dinamizar el tejido econ\u00f3mico","og_description":"En el Ayuntamiento de Laviana hay una gran preocupaci\u00f3n por la situaci\u00f3n que soporta el tejido empresarial del municipio debido...","og_url":"https:\/\/www.cuencasmineras.com\/index.php\/2020\/10\/07\/laviana-llevara-a-cabo-varias-ferias-para-dinamizar-el-tejido-economico-y-comercial\/","article_published_time":"2020-10-07T11:24:07+00:00","og_image":[{"width":1200,"height":1540,"url":"https:\/\/www.cuencasmineras.com\/wp-content\/uploads\/2020\/09\/1200px-Coat_of_Arms_of_Laviana_Official.svg.png","type":"image\/png"}],"author":"admin","twitter_card":"summary_large_image","twitter_misc":{"Escrito por":"admin","Tiempo de lectura":"1 minuto"},"schema":{"@context":"https:\/\/schema.org","@graph":[{"@type":"Article","@id":"https:\/\/www.cuencasmineras.com\/index.php\/2020\/10\/07\/laviana-llevara-a-cabo-varias-ferias-para-dinamizar-el-tejido-economico-y-comercial\/#article","isPartOf":{"@id":"https:\/\/www.cuencasmineras.com\/index.php\/2020\/10\/07\/laviana-llevara-a-cabo-varias-ferias-para-dinamizar-el-tejido-economico-y-comercial\/"},"author":{"name":"admin","@id":"https:\/\/www.cuencasmineras.com\/#\/schema\/person\/be0691310e8496ec555f679dd688420c"},"headline":"Laviana llevar\u00e1 a cabo varias ferias para dinamizar el tejido econ\u00f3mico y comercial","datePublished":"2020-10-07T11:24:07+00:00","mainEntityOfPage":{"@id":"https:\/\/www.cuencasmineras.com\/index.php\/2020\/10\/07\/laviana-llevara-a-cabo-varias-ferias-para-dinamizar-el-tejido-economico-y-comercial\/"},"wordCount":221,"commentCount":0,"image":{"@id":"https:\/\/www.cuencasmineras.com\/index.php\/2020\/10\/07\/laviana-llevara-a-cabo-varias-ferias-para-dinamizar-el-tejido-economico-y-comercial\/#primaryimage"},"thumbnailUrl":"https:\/\/www.cuencasmineras.com\/wp-content\/uploads\/2020\/09\/1200px-Coat_of_Arms_of_Laviana_Official.svg.png","keywords":["ferias","LAVIANA"],"articleSection":["CM NEWS","Nal\u00f3n"],"inLanguage":"es","potentialAction":[{"@type":"CommentAction","name":"Comment","target":["https:\/\/www.cuencasmineras.com\/index.php\/2020\/10\/07\/laviana-llevara-a-cabo-varias-ferias-para-dinamizar-el-tejido-economico-y-comercial\/#respond"]}]},{"@type":"WebPage","@id":"https:\/\/www.cuencasmineras.com\/index.php\/2020\/10\/07\/laviana-llevara-a-cabo-varias-ferias-para-dinamizar-el-tejido-economico-y-comercial\/","url":"https:\/\/www.cuencasmineras.com\/index.php\/2020\/10\/07\/laviana-llevara-a-cabo-varias-ferias-para-dinamizar-el-tejido-economico-y-comercial\/","name":"Laviana llevar\u00e1 a cabo varias ferias para dinamizar el tejido econ\u00f3mico","isPartOf":{"@id":"https:\/\/www.cuencasmineras.com\/#website"},"primaryImageOfPage":{"@id":"https:\/\/www.cuencasmineras.com\/index.php\/2020\/10\/07\/laviana-llevara-a-cabo-varias-ferias-para-dinamizar-el-tejido-economico-y-comercial\/#primaryimage"},"image":{"@id":"https:\/\/www.cuencasmineras.com\/index.php\/2020\/10\/07\/laviana-llevara-a-cabo-varias-ferias-para-dinamizar-el-tejido-economico-y-comercial\/#primaryimage"},"thumbnailUrl":"https:\/\/www.cuencasmineras.com\/wp-content\/uploads\/2020\/09\/1200px-Coat_of_Arms_of_Laviana_Official.svg.png","datePublished":"2020-10-07T11:24:07+00:00","author":{"@id":"https:\/\/www.cuencasmineras.com\/#\/schema\/person\/be0691310e8496ec555f679dd688420c"},"description":"En el Ayuntamiento de Laviana hay una gran preocupaci\u00f3n por la situaci\u00f3n que soporta el tejido empresarial del municipio debido...","breadcrumb":{"@id":"https:\/\/www.cuencasmineras.com\/index.php\/2020\/10\/07\/laviana-llevara-a-cabo-varias-ferias-para-dinamizar-el-tejido-economico-y-comercial\/#breadcrumb"},"inLanguage":"es","potentialAction":[{"@type":"ReadAction","target":["https:\/\/www.cuencasmineras.com\/index.php\/2020\/10\/07\/laviana-llevara-a-cabo-varias-ferias-para-dinamizar-el-tejido-economico-y-comercial\/"]}]},{"@type":"ImageObject","inLanguage":"es","@id":"https:\/\/www.cuencasmineras.com\/index.php\/2020\/10\/07\/laviana-llevara-a-cabo-varias-ferias-para-dinamizar-el-tejido-economico-y-comercial\/#primaryimage","url":"https:\/\/www.cuencasmineras.com\/wp-content\/uploads\/2020\/09\/1200px-Coat_of_Arms_of_Laviana_Official.svg.png","contentUrl":"https:\/\/www.cuencasmineras.com\/wp-content\/uploads\/2020\/09\/1200px-Coat_of_Arms_of_Laviana_Official.svg.png","width":1200,"height":1540},{"@type":"BreadcrumbList","@id":"https:\/\/www.cuencasmineras.com\/index.php\/2020\/10\/07\/laviana-llevara-a-cabo-varias-ferias-para-dinamizar-el-tejido-economico-y-comercial\/#breadcrumb","itemListElement":[{"@type":"ListItem","position":1,"name":"Portada","item":"https:\/\/www.cuencasmineras.com\/"},{"@type":"ListItem","position":2,"name":"Laviana llevar\u00e1 a cabo varias ferias para dinamizar el tejido econ\u00f3mico y comercial"}]},{"@type":"WebSite","@id":"https:\/\/www.cuencasmineras.com\/#website","url":"https:\/\/www.cuencasmineras.com\/","name":"","description":"","potentialAction":[{"@type":"SearchAction","target":{"@type":"EntryPoint","urlTemplate":"https:\/\/www.cuencasmineras.com\/?s={search_term_string}"},"query-input":{"@type":"PropertyValueSpecification","valueRequired":true,"valueName":"search_term_string"}}],"inLanguage":"es"},{"@type":"Person","@id":"https:\/\/www.cuencasmineras.com\/#\/schema\/person\/be0691310e8496ec555f679dd688420c","name":"admin","image":{"@type":"ImageObject","inLanguage":"es","@id":"https:\/\/secure.gravatar.com\/avatar\/4afd2eed3b2fbbf36dd6707b5bd8a5b50ac648f033e36fbf85aeace2f0f859db?s=96&d=mm&r=g","url":"https:\/\/secure.gravatar.com\/avatar\/4afd2eed3b2fbbf36dd6707b5bd8a5b50ac648f033e36fbf85aeace2f0f859db?s=96&d=mm&r=g","contentUrl":"https:\/\/secure.gravatar.com\/avatar\/4afd2eed3b2fbbf36dd6707b5bd8a5b50ac648f033e36fbf85aeace2f0f859db?s=96&d=mm&r=g","caption":"admin"},"sameAs":["https:\/\/www.cuencasmineras.com"],"url":"https:\/\/www.cuencasmineras.com\/index.php\/author\/admin\/"}]}},"_links":{"self":[{"href":"https:\/\/www.cuencasmineras.com\/index.php\/wp-json\/wp\/v2\/posts\/1137","targetHints":{"allow":["GET"]}}],"collection":[{"href":"https:\/\/www.cuencasmineras.com\/index.php\/wp-json\/wp\/v2\/posts"}],"about":[{"href":"https:\/\/www.cuencasmineras.com\/index.php\/wp-json\/wp\/v2\/types\/post"}],"author":[{"embeddable":true,"href":"https:\/\/www.cuencasmineras.com\/index.php\/wp-json\/wp\/v2\/users\/1"}],"replies":[{"embeddable":true,"href":"https:\/\/www.cuencasmineras.com\/index.php\/wp-json\/wp\/v2\/comments?post=1137"}],"version-history":[{"count":2,"href":"https:\/\/www.cuencasmineras.com\/index.php\/wp-json\/wp\/v2\/posts\/1137\/revisions"}],"predecessor-version":[{"id":1139,"href":"https:\/\/www.cuencasmineras.com\/index.php\/wp-json\/wp\/v2\/posts\/1137\/revisions\/1139"}],"wp:featuredmedia":[{"embeddable":true,"href":"https:\/\/www.cuencasmineras.com\/index.php\/wp-json\/wp\/v2\/media\/261"}],"wp:attachment":[{"href":"https:\/\/www.cuencasmineras.com\/index.php\/wp-json\/wp\/v2\/media?parent=1137"}],"wp:term":[{"taxonomy":"category","embeddable":true,"href":"https:\/\/www.cuencasmineras.com\/index.php\/wp-json\/wp\/v2\/categories?post=1137"},{"taxonomy":"post_tag","embeddable":true,"href":"https:\/\/www.cuencasmineras.com\/index.php\/wp-json\/wp\/v2\/tags?post=1137"}],"curies":[{"name":"wp","href":"https:\/\/api.w.org\/{rel}","templated":true}]}}