{"id":1166,"date":"2020-10-09T06:33:33","date_gmt":"2020-10-09T06:33:33","guid":{"rendered":"https:\/\/www.cuencasmineras.com\/?p=1166"},"modified":"2020-10-09T06:33:33","modified_gmt":"2020-10-09T06:33:33","slug":"subvenciones-a-asociaciones-y-entidades-de-lena","status":"publish","type":"post","link":"https:\/\/www.cuencasmineras.com\/index.php\/2020\/10\/09\/subvenciones-a-asociaciones-y-entidades-de-lena\/","title":{"rendered":"SUBVENCIONES A ASOCIACIONES Y ENTIDADES DE LENA"},"content":{"rendered":"<table border=\"0\" width=\"100%\" cellspacing=\"0\" cellpadding=\"0\">\n<tbody>\n<tr>\n<td>\n<table border=\"0\" width=\"100%\" cellspacing=\"0\" cellpadding=\"0\">\n<tbody>\n<tr>\n<td>Anuncio. Aprobaci\u00f3n definitiva de la ordenanza espec\u00edfica reguladora de las bases correspondientes a la concesi\u00f3n de subvenciones municipales dirigidas a asociaciones de madres y padres de alumnos\/as del concejo de Lena durante el ejercicio 2020.<\/td>\n<td width=\"60\"><\/td>\n<\/tr>\n<\/tbody>\n<\/table>\n<\/td>\n<\/tr>\n<tr>\n<td height=\"5\"><\/td>\n<\/tr>\n<tr>\n<td><a href=\"https:\/\/sede.asturias.es\/portal\/site\/Asturias\/menuitem.1003733838db7342ebc4e191100000f7\/?vgnextoid=d7d79d16b61ee010VgnVCM1000000100007fRCRD&amp;fecha=09\/10\/2020&amp;refArticulo=2020-07647\" target=\"_blank\" rel=\"noopener noreferrer\" data-saferedirecturl=\"https:\/\/www.google.com\/url?hl=es&amp;q=https:\/\/sede.asturias.es\/portal\/site\/Asturias\/menuitem.1003733838db7342ebc4e191100000f7\/?vgnextoid%3Dd7d79d16b61ee010VgnVCM1000000100007fRCRD%26fecha%3D09\/10\/2020%26refArticulo%3D2020-07647&amp;source=gmail&amp;ust=1602311386141000&amp;usg=AFQjCNHlaDIhaDDanlVgwYDhfYvZv6VEBg\"> Ver disposici\u00f3n<\/a><a href=\"https:\/\/sede.asturias.es\/bopa\/2020\/10\/09\/2020-07647.pdf\" target=\"_blank\" rel=\"noopener noreferrer\" data-saferedirecturl=\"https:\/\/www.google.com\/url?hl=es&amp;q=https:\/\/sede.asturias.es\/bopa\/2020\/10\/09\/2020-07647.pdf&amp;source=gmail&amp;ust=1602311386141000&amp;usg=AFQjCNGL4G406jOYgnr4rXcLY1AEhjfjXw\"><img decoding=\"async\" src=\"https:\/\/ci4.googleusercontent.com\/proxy\/f4X_tdXMe6oWi7AWr2ipjaxI-TtIiJ1_DUJWeJrtsY1f67OjpIc2G1wn8yHspRYJdHrQAj9uLRHYI_vjCmxfiGSF8fDcV8n6Dmk=s0-d-e1-ft#http:\/\/www2.asturias.es\/MiBOPA\/pages\/images\/ico-pdf.png\" alt=\"versi\u00f3n pdf del anuncio\" border=\"0\" \/> <\/a> <a href=\"https:\/\/sede.asturias.es\/bopa\/2020\/10\/09\/2020-07647.pdf\" target=\"_blank\" rel=\"noopener noreferrer\" data-saferedirecturl=\"https:\/\/www.google.com\/url?hl=es&amp;q=https:\/\/sede.asturias.es\/bopa\/2020\/10\/09\/2020-07647.pdf&amp;source=gmail&amp;ust=1602311386141000&amp;usg=AFQjCNGL4G406jOYgnr4rXcLY1AEhjfjXw\"> pdf (220 KB) <\/a><\/td>\n<\/tr>\n<tr>\n<td height=\"10\"><\/td>\n<\/tr>\n<\/tbody>\n<\/table>\n<table border=\"0\" width=\"100%\" cellspacing=\"0\" cellpadding=\"0\">\n<tbody>\n<tr>\n<td>\n<table border=\"0\" width=\"100%\" cellspacing=\"0\" cellpadding=\"0\">\n<tbody>\n<tr>\n<td><\/td>\n<td><\/td>\n<td><\/td>\n<\/tr>\n<tr>\n<td><\/td>\n<td>Anuncio. Aprobaci\u00f3n definitiva de la ordenanza espec\u00edfica reguladora de las bases correspondientes a la concesi\u00f3n de subvenciones municipales a organizaciones no gubernamentales que realicen actividades en el campo de cooperaci\u00f3n internacional para el desarrollo durante el a\u00f1o 2020.<\/td>\n<td width=\"60\"><\/td>\n<\/tr>\n<\/tbody>\n<\/table>\n<\/td>\n<\/tr>\n<tr>\n<td height=\"5\"><\/td>\n<\/tr>\n<tr>\n<td><a href=\"https:\/\/sede.asturias.es\/portal\/site\/Asturias\/menuitem.1003733838db7342ebc4e191100000f7\/?vgnextoid=d7d79d16b61ee010VgnVCM1000000100007fRCRD&amp;fecha=09\/10\/2020&amp;refArticulo=2020-07650\" target=\"_blank\" rel=\"noopener noreferrer\" data-saferedirecturl=\"https:\/\/www.google.com\/url?hl=es&amp;q=https:\/\/sede.asturias.es\/portal\/site\/Asturias\/menuitem.1003733838db7342ebc4e191100000f7\/?vgnextoid%3Dd7d79d16b61ee010VgnVCM1000000100007fRCRD%26fecha%3D09\/10\/2020%26refArticulo%3D2020-07650&amp;source=gmail&amp;ust=1602311386141000&amp;usg=AFQjCNENMv2TI0NJZFs8vYCEGUVxfH5pkg\"> Ver disposici\u00f3n<\/a><a href=\"https:\/\/sede.asturias.es\/bopa\/2020\/10\/09\/2020-07650.pdf\" target=\"_blank\" rel=\"noopener noreferrer\" data-saferedirecturl=\"https:\/\/www.google.com\/url?hl=es&amp;q=https:\/\/sede.asturias.es\/bopa\/2020\/10\/09\/2020-07650.pdf&amp;source=gmail&amp;ust=1602311386141000&amp;usg=AFQjCNGuwn_QMKNgR92BbawaXjmYnUZggQ\"><img decoding=\"async\" src=\"https:\/\/ci4.googleusercontent.com\/proxy\/f4X_tdXMe6oWi7AWr2ipjaxI-TtIiJ1_DUJWeJrtsY1f67OjpIc2G1wn8yHspRYJdHrQAj9uLRHYI_vjCmxfiGSF8fDcV8n6Dmk=s0-d-e1-ft#http:\/\/www2.asturias.es\/MiBOPA\/pages\/images\/ico-pdf.png\" alt=\"versi\u00f3n pdf del anuncio\" border=\"0\" \/> <\/a> <a href=\"https:\/\/sede.asturias.es\/bopa\/2020\/10\/09\/2020-07650.pdf\" target=\"_blank\" rel=\"noopener noreferrer\" data-saferedirecturl=\"https:\/\/www.google.com\/url?hl=es&amp;q=https:\/\/sede.asturias.es\/bopa\/2020\/10\/09\/2020-07650.pdf&amp;source=gmail&amp;ust=1602311386141000&amp;usg=AFQjCNGuwn_QMKNgR92BbawaXjmYnUZggQ\"> pdf (493 KB) <\/a><\/td>\n<\/tr>\n<tr>\n<td height=\"10\"><\/td>\n<\/tr>\n<\/tbody>\n<\/table>\n<table border=\"0\" width=\"100%\" cellspacing=\"0\" cellpadding=\"0\">\n<tbody>\n<tr>\n<td>\n<table border=\"0\" width=\"100%\" cellspacing=\"0\" cellpadding=\"0\">\n<tbody>\n<tr>\n<td><\/td>\n<td><\/td>\n<td><\/td>\n<\/tr>\n<tr>\n<td><\/td>\n<td>Anuncio. Aprobaci\u00f3n definitiva de la ordenanza espec\u00edfica reguladora de las bases correspondientes a la concesi\u00f3n de subvenciones municipales a entidades que desarrollen actividades dirigidas a la promoci\u00f3n de la mujer en el concejo de Lena durante el ejercicio 2020.<\/td>\n<td width=\"60\"><\/td>\n<\/tr>\n<\/tbody>\n<\/table>\n<\/td>\n<\/tr>\n<tr>\n<td height=\"5\"><\/td>\n<\/tr>\n<tr>\n<td><a href=\"https:\/\/sede.asturias.es\/portal\/site\/Asturias\/menuitem.1003733838db7342ebc4e191100000f7\/?vgnextoid=d7d79d16b61ee010VgnVCM1000000100007fRCRD&amp;fecha=09\/10\/2020&amp;refArticulo=2020-07653\" target=\"_blank\" rel=\"noopener noreferrer\" data-saferedirecturl=\"https:\/\/www.google.com\/url?hl=es&amp;q=https:\/\/sede.asturias.es\/portal\/site\/Asturias\/menuitem.1003733838db7342ebc4e191100000f7\/?vgnextoid%3Dd7d79d16b61ee010VgnVCM1000000100007fRCRD%26fecha%3D09\/10\/2020%26refArticulo%3D2020-07653&amp;source=gmail&amp;ust=1602311386142000&amp;usg=AFQjCNGKRc93QJPkdvgyxWmDFSIAY2XwyQ\"> Ver disposici\u00f3n<\/a><a href=\"https:\/\/sede.asturias.es\/bopa\/2020\/10\/09\/2020-07653.pdf\" target=\"_blank\" rel=\"noopener noreferrer\" data-saferedirecturl=\"https:\/\/www.google.com\/url?hl=es&amp;q=https:\/\/sede.asturias.es\/bopa\/2020\/10\/09\/2020-07653.pdf&amp;source=gmail&amp;ust=1602311386142000&amp;usg=AFQjCNFn0nL_PJHiREQLQQy7Ax_QTzTc-g\"><img decoding=\"async\" src=\"https:\/\/ci4.googleusercontent.com\/proxy\/f4X_tdXMe6oWi7AWr2ipjaxI-TtIiJ1_DUJWeJrtsY1f67OjpIc2G1wn8yHspRYJdHrQAj9uLRHYI_vjCmxfiGSF8fDcV8n6Dmk=s0-d-e1-ft#http:\/\/www2.asturias.es\/MiBOPA\/pages\/images\/ico-pdf.png\" alt=\"versi\u00f3n pdf del anuncio\" border=\"0\" \/> <\/a> <a href=\"https:\/\/sede.asturias.es\/bopa\/2020\/10\/09\/2020-07653.pdf\" target=\"_blank\" rel=\"noopener noreferrer\" data-saferedirecturl=\"https:\/\/www.google.com\/url?hl=es&amp;q=https:\/\/sede.asturias.es\/bopa\/2020\/10\/09\/2020-07653.pdf&amp;source=gmail&amp;ust=1602311386142000&amp;usg=AFQjCNFn0nL_PJHiREQLQQy7Ax_QTzTc-g\"> pdf (434 KB) <\/a><\/td>\n<\/tr>\n<tr>\n<td height=\"10\"><\/td>\n<\/tr>\n<\/tbody>\n<\/table>\n<table border=\"0\" width=\"100%\" cellspacing=\"0\" cellpadding=\"0\">\n<tbody>\n<tr>\n<td>\n<table border=\"0\" width=\"100%\" cellspacing=\"0\" cellpadding=\"0\">\n<tbody>\n<tr>\n<td><\/td>\n<td><\/td>\n<td><\/td>\n<\/tr>\n<tr>\n<td><\/td>\n<td>Anuncio. Aprobaci\u00f3n definitiva de la ordenanza espec\u00edfica reguladora de las bases correspondientes a la concesi\u00f3n de subvenciones municipales a entidades que desarrollen actividades dirigidas a las asociaciones culturales y juveniles en el concejo de Lena durante el ejercicio 2020.<\/td>\n<td width=\"60\"><\/td>\n<\/tr>\n<\/tbody>\n<\/table>\n<\/td>\n<\/tr>\n<tr>\n<td height=\"5\"><\/td>\n<\/tr>\n<tr>\n<td><a href=\"https:\/\/sede.asturias.es\/portal\/site\/Asturias\/menuitem.1003733838db7342ebc4e191100000f7\/?vgnextoid=d7d79d16b61ee010VgnVCM1000000100007fRCRD&amp;fecha=09\/10\/2020&amp;refArticulo=2020-07648\" target=\"_blank\" rel=\"noopener noreferrer\" data-saferedirecturl=\"https:\/\/www.google.com\/url?hl=es&amp;q=https:\/\/sede.asturias.es\/portal\/site\/Asturias\/menuitem.1003733838db7342ebc4e191100000f7\/?vgnextoid%3Dd7d79d16b61ee010VgnVCM1000000100007fRCRD%26fecha%3D09\/10\/2020%26refArticulo%3D2020-07648&amp;source=gmail&amp;ust=1602311386142000&amp;usg=AFQjCNE25LCcgFgzlnRB2VI079rwZPHBpg\"> Ver disposici\u00f3n<\/a><a href=\"https:\/\/sede.asturias.es\/bopa\/2020\/10\/09\/2020-07648.pdf\" target=\"_blank\" rel=\"noopener noreferrer\" data-saferedirecturl=\"https:\/\/www.google.com\/url?hl=es&amp;q=https:\/\/sede.asturias.es\/bopa\/2020\/10\/09\/2020-07648.pdf&amp;source=gmail&amp;ust=1602311386142000&amp;usg=AFQjCNGWfPyW0QtCrStErlrgmGm2E0agxQ\"><img decoding=\"async\" src=\"https:\/\/ci4.googleusercontent.com\/proxy\/f4X_tdXMe6oWi7AWr2ipjaxI-TtIiJ1_DUJWeJrtsY1f67OjpIc2G1wn8yHspRYJdHrQAj9uLRHYI_vjCmxfiGSF8fDcV8n6Dmk=s0-d-e1-ft#http:\/\/www2.asturias.es\/MiBOPA\/pages\/images\/ico-pdf.png\" alt=\"versi\u00f3n pdf del anuncio\" border=\"0\" \/> <\/a> <a href=\"https:\/\/sede.asturias.es\/bopa\/2020\/10\/09\/2020-07648.pdf\" target=\"_blank\" rel=\"noopener noreferrer\" data-saferedirecturl=\"https:\/\/www.google.com\/url?hl=es&amp;q=https:\/\/sede.asturias.es\/bopa\/2020\/10\/09\/2020-07648.pdf&amp;source=gmail&amp;ust=1602311386142000&amp;usg=AFQjCNGWfPyW0QtCrStErlrgmGm2E0agxQ\"> pdf (235 KB) <\/a><\/td>\n<\/tr>\n<tr>\n<td height=\"10\"><\/td>\n<\/tr>\n<\/tbody>\n<\/table>\n<table border=\"0\" width=\"100%\" cellspacing=\"0\" cellpadding=\"0\">\n<tbody>\n<tr>\n<td>\n<table border=\"0\" width=\"100%\" cellspacing=\"0\" cellpadding=\"0\">\n<tbody>\n<tr>\n<td><\/td>\n<td><\/td>\n<td><\/td>\n<\/tr>\n<tr>\n<td><\/td>\n<td>Anuncio. Aprobaci\u00f3n definitiva de la ordenanza espec\u00edfica reguladora de las bases correspondientes a la concesi\u00f3n de subvenciones municipales a entidades que realicen actividades de acci\u00f3n social y mayores en el concejo de Lena durante el ejercicio 2020.<\/td>\n<td width=\"60\"><\/td>\n<\/tr>\n<\/tbody>\n<\/table>\n<\/td>\n<\/tr>\n<tr>\n<td height=\"5\"><\/td>\n<\/tr>\n<tr>\n<td><a href=\"https:\/\/sede.asturias.es\/portal\/site\/Asturias\/menuitem.1003733838db7342ebc4e191100000f7\/?vgnextoid=d7d79d16b61ee010VgnVCM1000000100007fRCRD&amp;fecha=09\/10\/2020&amp;refArticulo=2020-07652\" target=\"_blank\" rel=\"noopener noreferrer\" data-saferedirecturl=\"https:\/\/www.google.com\/url?hl=es&amp;q=https:\/\/sede.asturias.es\/portal\/site\/Asturias\/menuitem.1003733838db7342ebc4e191100000f7\/?vgnextoid%3Dd7d79d16b61ee010VgnVCM1000000100007fRCRD%26fecha%3D09\/10\/2020%26refArticulo%3D2020-07652&amp;source=gmail&amp;ust=1602311386142000&amp;usg=AFQjCNGaQ0QXEV9nzPnyGLELENJOW32BVg\"> Ver disposici\u00f3n<\/a><a href=\"https:\/\/sede.asturias.es\/bopa\/2020\/10\/09\/2020-07652.pdf\" target=\"_blank\" rel=\"noopener noreferrer\" data-saferedirecturl=\"https:\/\/www.google.com\/url?hl=es&amp;q=https:\/\/sede.asturias.es\/bopa\/2020\/10\/09\/2020-07652.pdf&amp;source=gmail&amp;ust=1602311386142000&amp;usg=AFQjCNHYZxmPcV4cOMF53JASeQgqFLWh2A\"><img decoding=\"async\" src=\"https:\/\/ci4.googleusercontent.com\/proxy\/f4X_tdXMe6oWi7AWr2ipjaxI-TtIiJ1_DUJWeJrtsY1f67OjpIc2G1wn8yHspRYJdHrQAj9uLRHYI_vjCmxfiGSF8fDcV8n6Dmk=s0-d-e1-ft#http:\/\/www2.asturias.es\/MiBOPA\/pages\/images\/ico-pdf.png\" alt=\"versi\u00f3n pdf del anuncio\" border=\"0\" \/> <\/a> <a href=\"https:\/\/sede.asturias.es\/bopa\/2020\/10\/09\/2020-07652.pdf\" target=\"_blank\" rel=\"noopener noreferrer\" data-saferedirecturl=\"https:\/\/www.google.com\/url?hl=es&amp;q=https:\/\/sede.asturias.es\/bopa\/2020\/10\/09\/2020-07652.pdf&amp;source=gmail&amp;ust=1602311386142000&amp;usg=AFQjCNHYZxmPcV4cOMF53JASeQgqFLWh2A\"> pdf (382 KB) <\/a><\/td>\n<\/tr>\n<tr>\n<td height=\"10\"><\/td>\n<\/tr>\n<\/tbody>\n<\/table>\n<table border=\"0\" width=\"100%\" cellspacing=\"0\" cellpadding=\"0\">\n<tbody>\n<tr>\n<td>\n<table border=\"0\" width=\"100%\" cellspacing=\"0\" cellpadding=\"0\">\n<tbody>\n<tr>\n<td><\/td>\n<td><\/td>\n<td><\/td>\n<\/tr>\n<tr>\n<td><\/td>\n<td>Anuncio. Aprobaci\u00f3n definitiva de la ordenanza espec\u00edfica reguladora de las bases correspondientes a la concesi\u00f3n de subvenciones municipales a deportistas y clubes deportivos del concejo de Lena durante el ejercicio 2020.<\/td>\n<td width=\"60\"><\/td>\n<\/tr>\n<\/tbody>\n<\/table>\n<\/td>\n<\/tr>\n<tr>\n<td height=\"5\"><\/td>\n<\/tr>\n<tr>\n<td><a href=\"https:\/\/sede.asturias.es\/portal\/site\/Asturias\/menuitem.1003733838db7342ebc4e191100000f7\/?vgnextoid=d7d79d16b61ee010VgnVCM1000000100007fRCRD&amp;fecha=09\/10\/2020&amp;refArticulo=2020-07651\" target=\"_blank\" rel=\"noopener noreferrer\" data-saferedirecturl=\"https:\/\/www.google.com\/url?hl=es&amp;q=https:\/\/sede.asturias.es\/portal\/site\/Asturias\/menuitem.1003733838db7342ebc4e191100000f7\/?vgnextoid%3Dd7d79d16b61ee010VgnVCM1000000100007fRCRD%26fecha%3D09\/10\/2020%26refArticulo%3D2020-07651&amp;source=gmail&amp;ust=1602311386142000&amp;usg=AFQjCNF9APqGB7ITdYHJWFUf0ntFoybpGQ\"> Ver disposici\u00f3n<\/a><a href=\"https:\/\/sede.asturias.es\/bopa\/2020\/10\/09\/2020-07651.pdf\" target=\"_blank\" rel=\"noopener noreferrer\" data-saferedirecturl=\"https:\/\/www.google.com\/url?hl=es&amp;q=https:\/\/sede.asturias.es\/bopa\/2020\/10\/09\/2020-07651.pdf&amp;source=gmail&amp;ust=1602311386142000&amp;usg=AFQjCNEZemi1xmFKEGOosmqnyK0sosHNDw\"><img decoding=\"async\" src=\"https:\/\/ci4.googleusercontent.com\/proxy\/f4X_tdXMe6oWi7AWr2ipjaxI-TtIiJ1_DUJWeJrtsY1f67OjpIc2G1wn8yHspRYJdHrQAj9uLRHYI_vjCmxfiGSF8fDcV8n6Dmk=s0-d-e1-ft#http:\/\/www2.asturias.es\/MiBOPA\/pages\/images\/ico-pdf.png\" alt=\"versi\u00f3n pdf del anuncio\" border=\"0\" \/> <\/a> <a href=\"https:\/\/sede.asturias.es\/bopa\/2020\/10\/09\/2020-07651.pdf\" target=\"_blank\" rel=\"noopener noreferrer\" data-saferedirecturl=\"https:\/\/www.google.com\/url?hl=es&amp;q=https:\/\/sede.asturias.es\/bopa\/2020\/10\/09\/2020-07651.pdf&amp;source=gmail&amp;ust=1602311386142000&amp;usg=AFQjCNEZemi1xmFKEGOosmqnyK0sosHNDw\"> pdf (775 KB) <\/a><\/td>\n<\/tr>\n<tr>\n<td height=\"10\"><\/td>\n<\/tr>\n<\/tbody>\n<\/table>\n","protected":false},"excerpt":{"rendered":"<p>Anuncio. Aprobaci\u00f3n definitiva de la ordenanza espec\u00edfica reguladora de las bases correspondientes a la concesi\u00f3n de subvenciones municipales dirigidas a asociaciones de madres y padres de alumnos\/as del concejo de Lena durante el ejercicio 2020. Ver disposici\u00f3n pdf (220 KB) Anuncio. Aprobaci\u00f3n definitiva de la ordenanza espec\u00edfica reguladora de las bases correspondientes a la concesi\u00f3n [&hellip;]<\/p>\n","protected":false},"author":1,"featured_media":237,"comment_status":"open","ping_status":"open","sticky":false,"template":"","format":"standard","meta":{"footnotes":""},"categories":[45,7,6],"tags":[3,89],"class_list":["post-1166","post","type-post","status-publish","format-standard","has-post-thumbnail","hentry","category-ayudas","category-caudal","category-noticias","tag-lena","tag-subvenciones"],"yoast_head":"<!-- This site is optimized with the Yoast SEO plugin v27.4 - https:\/\/yoast.com\/product\/yoast-seo-wordpress\/ -->\n<title>SUBVENCIONES A ASOCIACIONES Y ENTIDADES DE LENA -<\/title>\n<meta name=\"description\" content=\"Estas son las convovatoria y bases de las subvenciones que convoca el Ayuntamiento de Lena para asociaciones y entidades...\" \/>\n<meta name=\"robots\" content=\"index, follow, max-snippet:-1, max-image-preview:large, max-video-preview:-1\" \/>\n<link rel=\"canonical\" href=\"https:\/\/www.cuencasmineras.com\/index.php\/2020\/10\/09\/subvenciones-a-asociaciones-y-entidades-de-lena\/\" \/>\n<meta property=\"og:locale\" content=\"es_ES\" \/>\n<meta property=\"og:type\" content=\"article\" \/>\n<meta property=\"og:title\" content=\"SUBVENCIONES A ASOCIACIONES Y ENTIDADES DE LENA -\" \/>\n<meta property=\"og:description\" content=\"Estas son las convovatoria y bases de las subvenciones que convoca el Ayuntamiento de Lena para asociaciones y entidades...\" \/>\n<meta property=\"og:url\" content=\"https:\/\/www.cuencasmineras.com\/index.php\/2020\/10\/09\/subvenciones-a-asociaciones-y-entidades-de-lena\/\" \/>\n<meta property=\"article:published_time\" content=\"2020-10-09T06:33:33+00:00\" \/>\n<meta property=\"og:image\" content=\"https:\/\/www.cuencasmineras.com\/wp-content\/uploads\/2020\/09\/indice.png\" \/>\n\t<meta property=\"og:image:width\" content=\"139\" \/>\n\t<meta property=\"og:image:height\" content=\"250\" \/>\n\t<meta property=\"og:image:type\" content=\"image\/png\" \/>\n<meta name=\"author\" content=\"admin\" \/>\n<meta name=\"twitter:card\" content=\"summary_large_image\" \/>\n<meta name=\"twitter:label1\" content=\"Escrito por\" \/>\n\t<meta name=\"twitter:data1\" content=\"admin\" \/>\n\t<meta name=\"twitter:label2\" content=\"Tiempo de lectura\" \/>\n\t<meta name=\"twitter:data2\" content=\"1 minuto\" \/>\n<script type=\"application\/ld+json\" class=\"yoast-schema-graph\">{\"@context\":\"https:\\\/\\\/schema.org\",\"@graph\":[{\"@type\":\"Article\",\"@id\":\"https:\\\/\\\/www.cuencasmineras.com\\\/index.php\\\/2020\\\/10\\\/09\\\/subvenciones-a-asociaciones-y-entidades-de-lena\\\/#article\",\"isPartOf\":{\"@id\":\"https:\\\/\\\/www.cuencasmineras.com\\\/index.php\\\/2020\\\/10\\\/09\\\/subvenciones-a-asociaciones-y-entidades-de-lena\\\/\"},\"author\":{\"name\":\"admin\",\"@id\":\"https:\\\/\\\/www.cuencasmineras.com\\\/#\\\/schema\\\/person\\\/be0691310e8496ec555f679dd688420c\"},\"headline\":\"SUBVENCIONES A ASOCIACIONES Y ENTIDADES DE LENA\",\"datePublished\":\"2020-10-09T06:33:33+00:00\",\"mainEntityOfPage\":{\"@id\":\"https:\\\/\\\/www.cuencasmineras.com\\\/index.php\\\/2020\\\/10\\\/09\\\/subvenciones-a-asociaciones-y-entidades-de-lena\\\/\"},\"wordCount\":273,\"commentCount\":0,\"image\":{\"@id\":\"https:\\\/\\\/www.cuencasmineras.com\\\/index.php\\\/2020\\\/10\\\/09\\\/subvenciones-a-asociaciones-y-entidades-de-lena\\\/#primaryimage\"},\"thumbnailUrl\":\"https:\\\/\\\/www.cuencasmineras.com\\\/wp-content\\\/uploads\\\/2020\\\/09\\\/indice.png\",\"keywords\":[\"Lena\",\"SUBVENCIONES\"],\"articleSection\":[\"AYUDAS SOCIALES Y ECONOMICAS\",\"Caudal\",\"CM NEWS\"],\"inLanguage\":\"es\",\"potentialAction\":[{\"@type\":\"CommentAction\",\"name\":\"Comment\",\"target\":[\"https:\\\/\\\/www.cuencasmineras.com\\\/index.php\\\/2020\\\/10\\\/09\\\/subvenciones-a-asociaciones-y-entidades-de-lena\\\/#respond\"]}]},{\"@type\":\"WebPage\",\"@id\":\"https:\\\/\\\/www.cuencasmineras.com\\\/index.php\\\/2020\\\/10\\\/09\\\/subvenciones-a-asociaciones-y-entidades-de-lena\\\/\",\"url\":\"https:\\\/\\\/www.cuencasmineras.com\\\/index.php\\\/2020\\\/10\\\/09\\\/subvenciones-a-asociaciones-y-entidades-de-lena\\\/\",\"name\":\"SUBVENCIONES A ASOCIACIONES Y ENTIDADES DE LENA -\",\"isPartOf\":{\"@id\":\"https:\\\/\\\/www.cuencasmineras.com\\\/#website\"},\"primaryImageOfPage\":{\"@id\":\"https:\\\/\\\/www.cuencasmineras.com\\\/index.php\\\/2020\\\/10\\\/09\\\/subvenciones-a-asociaciones-y-entidades-de-lena\\\/#primaryimage\"},\"image\":{\"@id\":\"https:\\\/\\\/www.cuencasmineras.com\\\/index.php\\\/2020\\\/10\\\/09\\\/subvenciones-a-asociaciones-y-entidades-de-lena\\\/#primaryimage\"},\"thumbnailUrl\":\"https:\\\/\\\/www.cuencasmineras.com\\\/wp-content\\\/uploads\\\/2020\\\/09\\\/indice.png\",\"datePublished\":\"2020-10-09T06:33:33+00:00\",\"author\":{\"@id\":\"https:\\\/\\\/www.cuencasmineras.com\\\/#\\\/schema\\\/person\\\/be0691310e8496ec555f679dd688420c\"},\"description\":\"Estas son las convovatoria y bases de las subvenciones que convoca el Ayuntamiento de Lena para asociaciones y entidades...\",\"breadcrumb\":{\"@id\":\"https:\\\/\\\/www.cuencasmineras.com\\\/index.php\\\/2020\\\/10\\\/09\\\/subvenciones-a-asociaciones-y-entidades-de-lena\\\/#breadcrumb\"},\"inLanguage\":\"es\",\"potentialAction\":[{\"@type\":\"ReadAction\",\"target\":[\"https:\\\/\\\/www.cuencasmineras.com\\\/index.php\\\/2020\\\/10\\\/09\\\/subvenciones-a-asociaciones-y-entidades-de-lena\\\/\"]}]},{\"@type\":\"ImageObject\",\"inLanguage\":\"es\",\"@id\":\"https:\\\/\\\/www.cuencasmineras.com\\\/index.php\\\/2020\\\/10\\\/09\\\/subvenciones-a-asociaciones-y-entidades-de-lena\\\/#primaryimage\",\"url\":\"https:\\\/\\\/www.cuencasmineras.com\\\/wp-content\\\/uploads\\\/2020\\\/09\\\/indice.png\",\"contentUrl\":\"https:\\\/\\\/www.cuencasmineras.com\\\/wp-content\\\/uploads\\\/2020\\\/09\\\/indice.png\",\"width\":139,\"height\":250,\"caption\":\"Lena\"},{\"@type\":\"BreadcrumbList\",\"@id\":\"https:\\\/\\\/www.cuencasmineras.com\\\/index.php\\\/2020\\\/10\\\/09\\\/subvenciones-a-asociaciones-y-entidades-de-lena\\\/#breadcrumb\",\"itemListElement\":[{\"@type\":\"ListItem\",\"position\":1,\"name\":\"Portada\",\"item\":\"https:\\\/\\\/www.cuencasmineras.com\\\/\"},{\"@type\":\"ListItem\",\"position\":2,\"name\":\"SUBVENCIONES A ASOCIACIONES Y ENTIDADES DE LENA\"}]},{\"@type\":\"WebSite\",\"@id\":\"https:\\\/\\\/www.cuencasmineras.com\\\/#website\",\"url\":\"https:\\\/\\\/www.cuencasmineras.com\\\/\",\"name\":\"\",\"description\":\"\",\"potentialAction\":[{\"@type\":\"SearchAction\",\"target\":{\"@type\":\"EntryPoint\",\"urlTemplate\":\"https:\\\/\\\/www.cuencasmineras.com\\\/?s={search_term_string}\"},\"query-input\":{\"@type\":\"PropertyValueSpecification\",\"valueRequired\":true,\"valueName\":\"search_term_string\"}}],\"inLanguage\":\"es\"},{\"@type\":\"Person\",\"@id\":\"https:\\\/\\\/www.cuencasmineras.com\\\/#\\\/schema\\\/person\\\/be0691310e8496ec555f679dd688420c\",\"name\":\"admin\",\"image\":{\"@type\":\"ImageObject\",\"inLanguage\":\"es\",\"@id\":\"https:\\\/\\\/secure.gravatar.com\\\/avatar\\\/4afd2eed3b2fbbf36dd6707b5bd8a5b50ac648f033e36fbf85aeace2f0f859db?s=96&d=mm&r=g\",\"url\":\"https:\\\/\\\/secure.gravatar.com\\\/avatar\\\/4afd2eed3b2fbbf36dd6707b5bd8a5b50ac648f033e36fbf85aeace2f0f859db?s=96&d=mm&r=g\",\"contentUrl\":\"https:\\\/\\\/secure.gravatar.com\\\/avatar\\\/4afd2eed3b2fbbf36dd6707b5bd8a5b50ac648f033e36fbf85aeace2f0f859db?s=96&d=mm&r=g\",\"caption\":\"admin\"},\"sameAs\":[\"https:\\\/\\\/www.cuencasmineras.com\"],\"url\":\"https:\\\/\\\/www.cuencasmineras.com\\\/index.php\\\/author\\\/admin\\\/\"}]}<\/script>\n<!-- \/ Yoast SEO plugin. -->","yoast_head_json":{"title":"SUBVENCIONES A ASOCIACIONES Y ENTIDADES DE LENA -","description":"Estas son las convovatoria y bases de las subvenciones que convoca el Ayuntamiento de Lena para asociaciones y entidades...","robots":{"index":"index","follow":"follow","max-snippet":"max-snippet:-1","max-image-preview":"max-image-preview:large","max-video-preview":"max-video-preview:-1"},"canonical":"https:\/\/www.cuencasmineras.com\/index.php\/2020\/10\/09\/subvenciones-a-asociaciones-y-entidades-de-lena\/","og_locale":"es_ES","og_type":"article","og_title":"SUBVENCIONES A ASOCIACIONES Y ENTIDADES DE LENA -","og_description":"Estas son las convovatoria y bases de las subvenciones que convoca el Ayuntamiento de Lena para asociaciones y entidades...","og_url":"https:\/\/www.cuencasmineras.com\/index.php\/2020\/10\/09\/subvenciones-a-asociaciones-y-entidades-de-lena\/","article_published_time":"2020-10-09T06:33:33+00:00","og_image":[{"width":139,"height":250,"url":"https:\/\/www.cuencasmineras.com\/wp-content\/uploads\/2020\/09\/indice.png","type":"image\/png"}],"author":"admin","twitter_card":"summary_large_image","twitter_misc":{"Escrito por":"admin","Tiempo de lectura":"1 minuto"},"schema":{"@context":"https:\/\/schema.org","@graph":[{"@type":"Article","@id":"https:\/\/www.cuencasmineras.com\/index.php\/2020\/10\/09\/subvenciones-a-asociaciones-y-entidades-de-lena\/#article","isPartOf":{"@id":"https:\/\/www.cuencasmineras.com\/index.php\/2020\/10\/09\/subvenciones-a-asociaciones-y-entidades-de-lena\/"},"author":{"name":"admin","@id":"https:\/\/www.cuencasmineras.com\/#\/schema\/person\/be0691310e8496ec555f679dd688420c"},"headline":"SUBVENCIONES A ASOCIACIONES Y ENTIDADES DE LENA","datePublished":"2020-10-09T06:33:33+00:00","mainEntityOfPage":{"@id":"https:\/\/www.cuencasmineras.com\/index.php\/2020\/10\/09\/subvenciones-a-asociaciones-y-entidades-de-lena\/"},"wordCount":273,"commentCount":0,"image":{"@id":"https:\/\/www.cuencasmineras.com\/index.php\/2020\/10\/09\/subvenciones-a-asociaciones-y-entidades-de-lena\/#primaryimage"},"thumbnailUrl":"https:\/\/www.cuencasmineras.com\/wp-content\/uploads\/2020\/09\/indice.png","keywords":["Lena","SUBVENCIONES"],"articleSection":["AYUDAS SOCIALES Y ECONOMICAS","Caudal","CM NEWS"],"inLanguage":"es","potentialAction":[{"@type":"CommentAction","name":"Comment","target":["https:\/\/www.cuencasmineras.com\/index.php\/2020\/10\/09\/subvenciones-a-asociaciones-y-entidades-de-lena\/#respond"]}]},{"@type":"WebPage","@id":"https:\/\/www.cuencasmineras.com\/index.php\/2020\/10\/09\/subvenciones-a-asociaciones-y-entidades-de-lena\/","url":"https:\/\/www.cuencasmineras.com\/index.php\/2020\/10\/09\/subvenciones-a-asociaciones-y-entidades-de-lena\/","name":"SUBVENCIONES A ASOCIACIONES Y ENTIDADES DE LENA -","isPartOf":{"@id":"https:\/\/www.cuencasmineras.com\/#website"},"primaryImageOfPage":{"@id":"https:\/\/www.cuencasmineras.com\/index.php\/2020\/10\/09\/subvenciones-a-asociaciones-y-entidades-de-lena\/#primaryimage"},"image":{"@id":"https:\/\/www.cuencasmineras.com\/index.php\/2020\/10\/09\/subvenciones-a-asociaciones-y-entidades-de-lena\/#primaryimage"},"thumbnailUrl":"https:\/\/www.cuencasmineras.com\/wp-content\/uploads\/2020\/09\/indice.png","datePublished":"2020-10-09T06:33:33+00:00","author":{"@id":"https:\/\/www.cuencasmineras.com\/#\/schema\/person\/be0691310e8496ec555f679dd688420c"},"description":"Estas son las convovatoria y bases de las subvenciones que convoca el Ayuntamiento de Lena para asociaciones y entidades...","breadcrumb":{"@id":"https:\/\/www.cuencasmineras.com\/index.php\/2020\/10\/09\/subvenciones-a-asociaciones-y-entidades-de-lena\/#breadcrumb"},"inLanguage":"es","potentialAction":[{"@type":"ReadAction","target":["https:\/\/www.cuencasmineras.com\/index.php\/2020\/10\/09\/subvenciones-a-asociaciones-y-entidades-de-lena\/"]}]},{"@type":"ImageObject","inLanguage":"es","@id":"https:\/\/www.cuencasmineras.com\/index.php\/2020\/10\/09\/subvenciones-a-asociaciones-y-entidades-de-lena\/#primaryimage","url":"https:\/\/www.cuencasmineras.com\/wp-content\/uploads\/2020\/09\/indice.png","contentUrl":"https:\/\/www.cuencasmineras.com\/wp-content\/uploads\/2020\/09\/indice.png","width":139,"height":250,"caption":"Lena"},{"@type":"BreadcrumbList","@id":"https:\/\/www.cuencasmineras.com\/index.php\/2020\/10\/09\/subvenciones-a-asociaciones-y-entidades-de-lena\/#breadcrumb","itemListElement":[{"@type":"ListItem","position":1,"name":"Portada","item":"https:\/\/www.cuencasmineras.com\/"},{"@type":"ListItem","position":2,"name":"SUBVENCIONES A ASOCIACIONES Y ENTIDADES DE LENA"}]},{"@type":"WebSite","@id":"https:\/\/www.cuencasmineras.com\/#website","url":"https:\/\/www.cuencasmineras.com\/","name":"","description":"","potentialAction":[{"@type":"SearchAction","target":{"@type":"EntryPoint","urlTemplate":"https:\/\/www.cuencasmineras.com\/?s={search_term_string}"},"query-input":{"@type":"PropertyValueSpecification","valueRequired":true,"valueName":"search_term_string"}}],"inLanguage":"es"},{"@type":"Person","@id":"https:\/\/www.cuencasmineras.com\/#\/schema\/person\/be0691310e8496ec555f679dd688420c","name":"admin","image":{"@type":"ImageObject","inLanguage":"es","@id":"https:\/\/secure.gravatar.com\/avatar\/4afd2eed3b2fbbf36dd6707b5bd8a5b50ac648f033e36fbf85aeace2f0f859db?s=96&d=mm&r=g","url":"https:\/\/secure.gravatar.com\/avatar\/4afd2eed3b2fbbf36dd6707b5bd8a5b50ac648f033e36fbf85aeace2f0f859db?s=96&d=mm&r=g","contentUrl":"https:\/\/secure.gravatar.com\/avatar\/4afd2eed3b2fbbf36dd6707b5bd8a5b50ac648f033e36fbf85aeace2f0f859db?s=96&d=mm&r=g","caption":"admin"},"sameAs":["https:\/\/www.cuencasmineras.com"],"url":"https:\/\/www.cuencasmineras.com\/index.php\/author\/admin\/"}]}},"_links":{"self":[{"href":"https:\/\/www.cuencasmineras.com\/index.php\/wp-json\/wp\/v2\/posts\/1166","targetHints":{"allow":["GET"]}}],"collection":[{"href":"https:\/\/www.cuencasmineras.com\/index.php\/wp-json\/wp\/v2\/posts"}],"about":[{"href":"https:\/\/www.cuencasmineras.com\/index.php\/wp-json\/wp\/v2\/types\/post"}],"author":[{"embeddable":true,"href":"https:\/\/www.cuencasmineras.com\/index.php\/wp-json\/wp\/v2\/users\/1"}],"replies":[{"embeddable":true,"href":"https:\/\/www.cuencasmineras.com\/index.php\/wp-json\/wp\/v2\/comments?post=1166"}],"version-history":[{"count":1,"href":"https:\/\/www.cuencasmineras.com\/index.php\/wp-json\/wp\/v2\/posts\/1166\/revisions"}],"predecessor-version":[{"id":1167,"href":"https:\/\/www.cuencasmineras.com\/index.php\/wp-json\/wp\/v2\/posts\/1166\/revisions\/1167"}],"wp:featuredmedia":[{"embeddable":true,"href":"https:\/\/www.cuencasmineras.com\/index.php\/wp-json\/wp\/v2\/media\/237"}],"wp:attachment":[{"href":"https:\/\/www.cuencasmineras.com\/index.php\/wp-json\/wp\/v2\/media?parent=1166"}],"wp:term":[{"taxonomy":"category","embeddable":true,"href":"https:\/\/www.cuencasmineras.com\/index.php\/wp-json\/wp\/v2\/categories?post=1166"},{"taxonomy":"post_tag","embeddable":true,"href":"https:\/\/www.cuencasmineras.com\/index.php\/wp-json\/wp\/v2\/tags?post=1166"}],"curies":[{"name":"wp","href":"https:\/\/api.w.org\/{rel}","templated":true}]}}