{"id":1184,"date":"2020-10-10T13:13:23","date_gmt":"2020-10-10T13:13:23","guid":{"rendered":"https:\/\/www.cuencasmineras.com\/?p=1184"},"modified":"2020-10-10T13:13:23","modified_gmt":"2020-10-10T13:13:23","slug":"la-consejeria-de-salud-confirma-229-nuevos-positivos-por-coronavirus","status":"publish","type":"post","link":"https:\/\/www.cuencasmineras.com\/index.php\/2020\/10\/10\/la-consejeria-de-salud-confirma-229-nuevos-positivos-por-coronavirus\/","title":{"rendered":"La Consejer\u00eda de Salud confirma 229 nuevos positivos por coronavirus"},"content":{"rendered":"<div class=\"entradilla\">\n<p><strong>\u00a0La tasa de positividad asciende al 6,5%, tras realizarse ayer 3.718 pruebas PCR<\/strong><\/p>\n<p><strong>\u2022\u00a0\u00a0 \u00a0M\u00e1s de 1.849 personas han respondido ya a los llamamientos relacionados con brotes en dos bares, un restaurante y tres gimnasios de distintas localidades\u00a0<\/strong><\/p>\n<p><strong>\u2022\u00a0\u00a0 \u00a0Las autoridades sanitarias piden la colaboraci\u00f3n ciudadana individual y colectiva para disminuir los contagios<\/strong>\n<\/div>\n<div class=\"imagen-principal\"><picture data-fileentryid=\"187025\"><source srcset=\"\/o\/adaptive-media\/image\/187025\/Thumbnail-300x300\/covid+gris+rojo.jpg?t=1602333902718\" media=\"(max-width:300px)\" \/><source srcset=\"\/o\/adaptive-media\/image\/187025\/Preview-1000x0\/covid+gris+rojo.jpg?t=1602333902718\" media=\"(max-width:1000px) and (min-width:300px)\" \/><img decoding=\"async\" src=\"https:\/\/coronavirus.asturias.es\/documents\/71418\/187024\/covid+gris+rojo.jpg\/f3cedc94-fb12-26ef-25f8-ae885c196323?t=1602333902718\" alt=\"\" data-fileentryid=\"187025\" \/><\/picture><\/div>\n<div class=\"description\">\n<p>La Consejer\u00eda de Salud ha confirmado hoy 229 nuevos positivos por coronavirus diagnosticados ayer. El Servicio de Vigilancia Epidemiol\u00f3gica contin\u00faa a estas horas con las investigaciones para determinar la vinculaci\u00f3n de todos los contagios detectados.<\/p>\n<p>Salud tambi\u00e9n ha constatado un incremento del n\u00famero de residencias de personas mayores con positivos. Hasta las 21:00 horas de ayer se contabilizaban 58 centros con casos sospechosos o sintom\u00e1ticos.<\/p>\n<p>El Servicio de Salud del Principado (Sespa) llev\u00f3 a cabo \u00a03.718 pruebas PCR a lo largo del viernes, con una tasa de positividad del 6,5%.<\/p>\n<p>Se ha producido adem\u00e1s un aumento de la incidencia acumulada en los \u00faltimos 14 d\u00edas de 146 casos por cien mil habitantes.<\/p>\n<p>Respecto a los llamamientos realizados por la Consejer\u00eda de Salud relativos a los brotes detectados en dos bares, un restaurante y tres gimnasios en distintas localidades de regi\u00f3n, m\u00e1s de 1.849 personas han respondido ya a estos avisos.<\/p>\n<p>Asimismo, las autoridades sanitarias recuerdan que estos llamamientos siguen activos, y piden a las personas que hayan visitado dichos locales que rellenen el formulario disponible en el siguiente enlace de la web Astursalud (https:\/\/www.astursalud.es\/en\/formulario-pcr) o llamen al tel\u00e9fono 984 100 400.<\/p>\n<p>El Sespa contactar\u00e1 con los afectados para valorar la indicaci\u00f3n de una PCR. Mientras tanto, estas personas deber\u00e1n limitar su vida social, vigilar su estado y cumplir con rigor las medidas de protecci\u00f3n: lavado frecuente de mano, uso correcto de la mascarilla y mantenimiento de la distancia interpersonal de, al menos, un metro y medio.<\/p>\n<p>Las autoridades sanitarias insisten en que, aun siendo importante la realizaci\u00f3n de la prueba en estos t\u00e9rminos, lo fundamental son las medidas de protecci\u00f3n y prevenci\u00f3n.<\/p>\n<p><strong>Recomendaciones<\/strong><\/p>\n<p>Las autoridades sanitarias piden la colaboraci\u00f3n ciudadana, tanto individual como colectiva, para evitar situaciones de riesgo. Por ello, recomienda que se eviten actividades sociales y familiares innecesarias para reducir el n\u00famero de contagios.<\/p>\n<p>Adem\u00e1s, aconsejan a la ciudadan\u00eda a formar burbujas sociales para frenar los contagios y proteger a los colectivos m\u00e1s vulnerables a la enfermedad, como las personas con patolog\u00edas de riesgo y a los mayores de 65 a\u00f1os. Tambi\u00e9n insisten en la necesidad de cumplir con rigor las medidas de seguridad e instan a la poblaci\u00f3n a evitar actividades sociales y familiares innecesarias, con el fin de impedir as\u00ed la transmisi\u00f3n de la covid-19.<\/p>\n<p>Asimismo, la Direcci\u00f3n General de Salud P\u00fablica subraya la importancia de la responsabilidad individual de las personas que est\u00e1n pendientes del resultado de una PCR o que son consideradas contactos estrechos para que restrinjan su vida social, para que permanezcan en sus domicilios, vigilen su estado de salud y cumplan estrictamente la cuarentena.<\/p>\n<p>Fuente: <a href=\"https:\/\/coronavirus.asturias.es\/-\/la-consejer%C3%ADa-de-salud-confirma-229-nuevos-positivos-por-coronavirus?redirect=%2F\">Gobierno del Principado de Asturias<\/a><\/p>\n<\/div>\n","protected":false},"excerpt":{"rendered":"<p>\u00a0La tasa de positividad asciende al 6,5%, tras realizarse ayer 3.718 pruebas PCR \u2022\u00a0\u00a0 \u00a0M\u00e1s de 1.849 personas han respondido ya a los llamamientos relacionados con brotes en dos bares, un restaurante y tres gimnasios de distintas localidades\u00a0 \u2022\u00a0\u00a0 \u00a0Las autoridades sanitarias piden la colaboraci\u00f3n ciudadana individual y colectiva para disminuir los contagios La Consejer\u00eda [&hellip;]<\/p>\n","protected":false},"author":1,"featured_media":1107,"comment_status":"open","ping_status":"open","sticky":false,"template":"","format":"standard","meta":{"footnotes":""},"categories":[49],"tags":[21],"class_list":["post-1184","post","type-post","status-publish","format-standard","has-post-thumbnail","hentry","category-covid","tag-covid"],"yoast_head":"<!-- This site is optimized with the Yoast SEO plugin v27.4 - https:\/\/yoast.com\/product\/yoast-seo-wordpress\/ -->\n<title>La Consejer\u00eda de Salud confirma 229 nuevos positivos por coronavirus -<\/title>\n<meta name=\"description\" content=\"La tasa de positividad asciende al 6,5%, tras realizarse ayer 3.718 pruebas PCR\u2022 M\u00e1s de 1.849 personas han respondido ya a los llamamiento...\" \/>\n<meta name=\"robots\" content=\"index, follow, max-snippet:-1, max-image-preview:large, max-video-preview:-1\" \/>\n<link rel=\"canonical\" href=\"https:\/\/www.cuencasmineras.com\/index.php\/2020\/10\/10\/la-consejeria-de-salud-confirma-229-nuevos-positivos-por-coronavirus\/\" \/>\n<meta property=\"og:locale\" content=\"es_ES\" \/>\n<meta property=\"og:type\" content=\"article\" \/>\n<meta property=\"og:title\" content=\"La Consejer\u00eda de Salud confirma 229 nuevos positivos por coronavirus -\" \/>\n<meta property=\"og:description\" content=\"La tasa de positividad asciende al 6,5%, tras realizarse ayer 3.718 pruebas PCR\u2022 M\u00e1s de 1.849 personas han respondido ya a los llamamiento...\" \/>\n<meta property=\"og:url\" content=\"https:\/\/www.cuencasmineras.com\/index.php\/2020\/10\/10\/la-consejeria-de-salud-confirma-229-nuevos-positivos-por-coronavirus\/\" \/>\n<meta property=\"article:published_time\" content=\"2020-10-10T13:13:23+00:00\" \/>\n<meta property=\"og:image\" content=\"https:\/\/www.cuencasmineras.com\/wp-content\/uploads\/2020\/10\/coronavirus-rojo.jpg\" \/>\n\t<meta property=\"og:image:width\" content=\"1920\" \/>\n\t<meta property=\"og:image:height\" content=\"1280\" \/>\n\t<meta property=\"og:image:type\" content=\"image\/jpeg\" \/>\n<meta name=\"author\" content=\"admin\" \/>\n<meta name=\"twitter:card\" content=\"summary_large_image\" \/>\n<meta name=\"twitter:label1\" content=\"Escrito por\" \/>\n\t<meta name=\"twitter:data1\" content=\"admin\" \/>\n\t<meta name=\"twitter:label2\" content=\"Tiempo de lectura\" \/>\n\t<meta name=\"twitter:data2\" content=\"3 minutos\" \/>\n<script type=\"application\/ld+json\" class=\"yoast-schema-graph\">{\"@context\":\"https:\\\/\\\/schema.org\",\"@graph\":[{\"@type\":\"Article\",\"@id\":\"https:\\\/\\\/www.cuencasmineras.com\\\/index.php\\\/2020\\\/10\\\/10\\\/la-consejeria-de-salud-confirma-229-nuevos-positivos-por-coronavirus\\\/#article\",\"isPartOf\":{\"@id\":\"https:\\\/\\\/www.cuencasmineras.com\\\/index.php\\\/2020\\\/10\\\/10\\\/la-consejeria-de-salud-confirma-229-nuevos-positivos-por-coronavirus\\\/\"},\"author\":{\"name\":\"admin\",\"@id\":\"https:\\\/\\\/www.cuencasmineras.com\\\/#\\\/schema\\\/person\\\/be0691310e8496ec555f679dd688420c\"},\"headline\":\"La Consejer\u00eda de Salud confirma 229 nuevos positivos por coronavirus\",\"datePublished\":\"2020-10-10T13:13:23+00:00\",\"mainEntityOfPage\":{\"@id\":\"https:\\\/\\\/www.cuencasmineras.com\\\/index.php\\\/2020\\\/10\\\/10\\\/la-consejeria-de-salud-confirma-229-nuevos-positivos-por-coronavirus\\\/\"},\"wordCount\":524,\"commentCount\":0,\"image\":{\"@id\":\"https:\\\/\\\/www.cuencasmineras.com\\\/index.php\\\/2020\\\/10\\\/10\\\/la-consejeria-de-salud-confirma-229-nuevos-positivos-por-coronavirus\\\/#primaryimage\"},\"thumbnailUrl\":\"https:\\\/\\\/www.cuencasmineras.com\\\/wp-content\\\/uploads\\\/2020\\\/10\\\/coronavirus-rojo.jpg\",\"keywords\":[\"covid\"],\"articleSection\":[\"COVID-19\"],\"inLanguage\":\"es\",\"potentialAction\":[{\"@type\":\"CommentAction\",\"name\":\"Comment\",\"target\":[\"https:\\\/\\\/www.cuencasmineras.com\\\/index.php\\\/2020\\\/10\\\/10\\\/la-consejeria-de-salud-confirma-229-nuevos-positivos-por-coronavirus\\\/#respond\"]}]},{\"@type\":\"WebPage\",\"@id\":\"https:\\\/\\\/www.cuencasmineras.com\\\/index.php\\\/2020\\\/10\\\/10\\\/la-consejeria-de-salud-confirma-229-nuevos-positivos-por-coronavirus\\\/\",\"url\":\"https:\\\/\\\/www.cuencasmineras.com\\\/index.php\\\/2020\\\/10\\\/10\\\/la-consejeria-de-salud-confirma-229-nuevos-positivos-por-coronavirus\\\/\",\"name\":\"La Consejer\u00eda de Salud confirma 229 nuevos positivos por coronavirus -\",\"isPartOf\":{\"@id\":\"https:\\\/\\\/www.cuencasmineras.com\\\/#website\"},\"primaryImageOfPage\":{\"@id\":\"https:\\\/\\\/www.cuencasmineras.com\\\/index.php\\\/2020\\\/10\\\/10\\\/la-consejeria-de-salud-confirma-229-nuevos-positivos-por-coronavirus\\\/#primaryimage\"},\"image\":{\"@id\":\"https:\\\/\\\/www.cuencasmineras.com\\\/index.php\\\/2020\\\/10\\\/10\\\/la-consejeria-de-salud-confirma-229-nuevos-positivos-por-coronavirus\\\/#primaryimage\"},\"thumbnailUrl\":\"https:\\\/\\\/www.cuencasmineras.com\\\/wp-content\\\/uploads\\\/2020\\\/10\\\/coronavirus-rojo.jpg\",\"datePublished\":\"2020-10-10T13:13:23+00:00\",\"author\":{\"@id\":\"https:\\\/\\\/www.cuencasmineras.com\\\/#\\\/schema\\\/person\\\/be0691310e8496ec555f679dd688420c\"},\"description\":\"La tasa de positividad asciende al 6,5%, tras realizarse ayer 3.718 pruebas PCR\u2022 M\u00e1s de 1.849 personas han respondido ya a los llamamiento...\",\"breadcrumb\":{\"@id\":\"https:\\\/\\\/www.cuencasmineras.com\\\/index.php\\\/2020\\\/10\\\/10\\\/la-consejeria-de-salud-confirma-229-nuevos-positivos-por-coronavirus\\\/#breadcrumb\"},\"inLanguage\":\"es\",\"potentialAction\":[{\"@type\":\"ReadAction\",\"target\":[\"https:\\\/\\\/www.cuencasmineras.com\\\/index.php\\\/2020\\\/10\\\/10\\\/la-consejeria-de-salud-confirma-229-nuevos-positivos-por-coronavirus\\\/\"]}]},{\"@type\":\"ImageObject\",\"inLanguage\":\"es\",\"@id\":\"https:\\\/\\\/www.cuencasmineras.com\\\/index.php\\\/2020\\\/10\\\/10\\\/la-consejeria-de-salud-confirma-229-nuevos-positivos-por-coronavirus\\\/#primaryimage\",\"url\":\"https:\\\/\\\/www.cuencasmineras.com\\\/wp-content\\\/uploads\\\/2020\\\/10\\\/coronavirus-rojo.jpg\",\"contentUrl\":\"https:\\\/\\\/www.cuencasmineras.com\\\/wp-content\\\/uploads\\\/2020\\\/10\\\/coronavirus-rojo.jpg\",\"width\":1920,\"height\":1280},{\"@type\":\"BreadcrumbList\",\"@id\":\"https:\\\/\\\/www.cuencasmineras.com\\\/index.php\\\/2020\\\/10\\\/10\\\/la-consejeria-de-salud-confirma-229-nuevos-positivos-por-coronavirus\\\/#breadcrumb\",\"itemListElement\":[{\"@type\":\"ListItem\",\"position\":1,\"name\":\"Portada\",\"item\":\"https:\\\/\\\/www.cuencasmineras.com\\\/\"},{\"@type\":\"ListItem\",\"position\":2,\"name\":\"La Consejer\u00eda de Salud confirma 229 nuevos positivos por coronavirus\"}]},{\"@type\":\"WebSite\",\"@id\":\"https:\\\/\\\/www.cuencasmineras.com\\\/#website\",\"url\":\"https:\\\/\\\/www.cuencasmineras.com\\\/\",\"name\":\"\",\"description\":\"\",\"potentialAction\":[{\"@type\":\"SearchAction\",\"target\":{\"@type\":\"EntryPoint\",\"urlTemplate\":\"https:\\\/\\\/www.cuencasmineras.com\\\/?s={search_term_string}\"},\"query-input\":{\"@type\":\"PropertyValueSpecification\",\"valueRequired\":true,\"valueName\":\"search_term_string\"}}],\"inLanguage\":\"es\"},{\"@type\":\"Person\",\"@id\":\"https:\\\/\\\/www.cuencasmineras.com\\\/#\\\/schema\\\/person\\\/be0691310e8496ec555f679dd688420c\",\"name\":\"admin\",\"image\":{\"@type\":\"ImageObject\",\"inLanguage\":\"es\",\"@id\":\"https:\\\/\\\/secure.gravatar.com\\\/avatar\\\/4afd2eed3b2fbbf36dd6707b5bd8a5b50ac648f033e36fbf85aeace2f0f859db?s=96&d=mm&r=g\",\"url\":\"https:\\\/\\\/secure.gravatar.com\\\/avatar\\\/4afd2eed3b2fbbf36dd6707b5bd8a5b50ac648f033e36fbf85aeace2f0f859db?s=96&d=mm&r=g\",\"contentUrl\":\"https:\\\/\\\/secure.gravatar.com\\\/avatar\\\/4afd2eed3b2fbbf36dd6707b5bd8a5b50ac648f033e36fbf85aeace2f0f859db?s=96&d=mm&r=g\",\"caption\":\"admin\"},\"sameAs\":[\"https:\\\/\\\/www.cuencasmineras.com\"],\"url\":\"https:\\\/\\\/www.cuencasmineras.com\\\/index.php\\\/author\\\/admin\\\/\"}]}<\/script>\n<!-- \/ Yoast SEO plugin. -->","yoast_head_json":{"title":"La Consejer\u00eda de Salud confirma 229 nuevos positivos por coronavirus -","description":"La tasa de positividad asciende al 6,5%, tras realizarse ayer 3.718 pruebas PCR\u2022 M\u00e1s de 1.849 personas han respondido ya a los llamamiento...","robots":{"index":"index","follow":"follow","max-snippet":"max-snippet:-1","max-image-preview":"max-image-preview:large","max-video-preview":"max-video-preview:-1"},"canonical":"https:\/\/www.cuencasmineras.com\/index.php\/2020\/10\/10\/la-consejeria-de-salud-confirma-229-nuevos-positivos-por-coronavirus\/","og_locale":"es_ES","og_type":"article","og_title":"La Consejer\u00eda de Salud confirma 229 nuevos positivos por coronavirus -","og_description":"La tasa de positividad asciende al 6,5%, tras realizarse ayer 3.718 pruebas PCR\u2022 M\u00e1s de 1.849 personas han respondido ya a los llamamiento...","og_url":"https:\/\/www.cuencasmineras.com\/index.php\/2020\/10\/10\/la-consejeria-de-salud-confirma-229-nuevos-positivos-por-coronavirus\/","article_published_time":"2020-10-10T13:13:23+00:00","og_image":[{"width":1920,"height":1280,"url":"https:\/\/www.cuencasmineras.com\/wp-content\/uploads\/2020\/10\/coronavirus-rojo.jpg","type":"image\/jpeg"}],"author":"admin","twitter_card":"summary_large_image","twitter_misc":{"Escrito por":"admin","Tiempo de lectura":"3 minutos"},"schema":{"@context":"https:\/\/schema.org","@graph":[{"@type":"Article","@id":"https:\/\/www.cuencasmineras.com\/index.php\/2020\/10\/10\/la-consejeria-de-salud-confirma-229-nuevos-positivos-por-coronavirus\/#article","isPartOf":{"@id":"https:\/\/www.cuencasmineras.com\/index.php\/2020\/10\/10\/la-consejeria-de-salud-confirma-229-nuevos-positivos-por-coronavirus\/"},"author":{"name":"admin","@id":"https:\/\/www.cuencasmineras.com\/#\/schema\/person\/be0691310e8496ec555f679dd688420c"},"headline":"La Consejer\u00eda de Salud confirma 229 nuevos positivos por coronavirus","datePublished":"2020-10-10T13:13:23+00:00","mainEntityOfPage":{"@id":"https:\/\/www.cuencasmineras.com\/index.php\/2020\/10\/10\/la-consejeria-de-salud-confirma-229-nuevos-positivos-por-coronavirus\/"},"wordCount":524,"commentCount":0,"image":{"@id":"https:\/\/www.cuencasmineras.com\/index.php\/2020\/10\/10\/la-consejeria-de-salud-confirma-229-nuevos-positivos-por-coronavirus\/#primaryimage"},"thumbnailUrl":"https:\/\/www.cuencasmineras.com\/wp-content\/uploads\/2020\/10\/coronavirus-rojo.jpg","keywords":["covid"],"articleSection":["COVID-19"],"inLanguage":"es","potentialAction":[{"@type":"CommentAction","name":"Comment","target":["https:\/\/www.cuencasmineras.com\/index.php\/2020\/10\/10\/la-consejeria-de-salud-confirma-229-nuevos-positivos-por-coronavirus\/#respond"]}]},{"@type":"WebPage","@id":"https:\/\/www.cuencasmineras.com\/index.php\/2020\/10\/10\/la-consejeria-de-salud-confirma-229-nuevos-positivos-por-coronavirus\/","url":"https:\/\/www.cuencasmineras.com\/index.php\/2020\/10\/10\/la-consejeria-de-salud-confirma-229-nuevos-positivos-por-coronavirus\/","name":"La Consejer\u00eda de Salud confirma 229 nuevos positivos por coronavirus -","isPartOf":{"@id":"https:\/\/www.cuencasmineras.com\/#website"},"primaryImageOfPage":{"@id":"https:\/\/www.cuencasmineras.com\/index.php\/2020\/10\/10\/la-consejeria-de-salud-confirma-229-nuevos-positivos-por-coronavirus\/#primaryimage"},"image":{"@id":"https:\/\/www.cuencasmineras.com\/index.php\/2020\/10\/10\/la-consejeria-de-salud-confirma-229-nuevos-positivos-por-coronavirus\/#primaryimage"},"thumbnailUrl":"https:\/\/www.cuencasmineras.com\/wp-content\/uploads\/2020\/10\/coronavirus-rojo.jpg","datePublished":"2020-10-10T13:13:23+00:00","author":{"@id":"https:\/\/www.cuencasmineras.com\/#\/schema\/person\/be0691310e8496ec555f679dd688420c"},"description":"La tasa de positividad asciende al 6,5%, tras realizarse ayer 3.718 pruebas PCR\u2022 M\u00e1s de 1.849 personas han respondido ya a los llamamiento...","breadcrumb":{"@id":"https:\/\/www.cuencasmineras.com\/index.php\/2020\/10\/10\/la-consejeria-de-salud-confirma-229-nuevos-positivos-por-coronavirus\/#breadcrumb"},"inLanguage":"es","potentialAction":[{"@type":"ReadAction","target":["https:\/\/www.cuencasmineras.com\/index.php\/2020\/10\/10\/la-consejeria-de-salud-confirma-229-nuevos-positivos-por-coronavirus\/"]}]},{"@type":"ImageObject","inLanguage":"es","@id":"https:\/\/www.cuencasmineras.com\/index.php\/2020\/10\/10\/la-consejeria-de-salud-confirma-229-nuevos-positivos-por-coronavirus\/#primaryimage","url":"https:\/\/www.cuencasmineras.com\/wp-content\/uploads\/2020\/10\/coronavirus-rojo.jpg","contentUrl":"https:\/\/www.cuencasmineras.com\/wp-content\/uploads\/2020\/10\/coronavirus-rojo.jpg","width":1920,"height":1280},{"@type":"BreadcrumbList","@id":"https:\/\/www.cuencasmineras.com\/index.php\/2020\/10\/10\/la-consejeria-de-salud-confirma-229-nuevos-positivos-por-coronavirus\/#breadcrumb","itemListElement":[{"@type":"ListItem","position":1,"name":"Portada","item":"https:\/\/www.cuencasmineras.com\/"},{"@type":"ListItem","position":2,"name":"La Consejer\u00eda de Salud confirma 229 nuevos positivos por coronavirus"}]},{"@type":"WebSite","@id":"https:\/\/www.cuencasmineras.com\/#website","url":"https:\/\/www.cuencasmineras.com\/","name":"","description":"","potentialAction":[{"@type":"SearchAction","target":{"@type":"EntryPoint","urlTemplate":"https:\/\/www.cuencasmineras.com\/?s={search_term_string}"},"query-input":{"@type":"PropertyValueSpecification","valueRequired":true,"valueName":"search_term_string"}}],"inLanguage":"es"},{"@type":"Person","@id":"https:\/\/www.cuencasmineras.com\/#\/schema\/person\/be0691310e8496ec555f679dd688420c","name":"admin","image":{"@type":"ImageObject","inLanguage":"es","@id":"https:\/\/secure.gravatar.com\/avatar\/4afd2eed3b2fbbf36dd6707b5bd8a5b50ac648f033e36fbf85aeace2f0f859db?s=96&d=mm&r=g","url":"https:\/\/secure.gravatar.com\/avatar\/4afd2eed3b2fbbf36dd6707b5bd8a5b50ac648f033e36fbf85aeace2f0f859db?s=96&d=mm&r=g","contentUrl":"https:\/\/secure.gravatar.com\/avatar\/4afd2eed3b2fbbf36dd6707b5bd8a5b50ac648f033e36fbf85aeace2f0f859db?s=96&d=mm&r=g","caption":"admin"},"sameAs":["https:\/\/www.cuencasmineras.com"],"url":"https:\/\/www.cuencasmineras.com\/index.php\/author\/admin\/"}]}},"_links":{"self":[{"href":"https:\/\/www.cuencasmineras.com\/index.php\/wp-json\/wp\/v2\/posts\/1184","targetHints":{"allow":["GET"]}}],"collection":[{"href":"https:\/\/www.cuencasmineras.com\/index.php\/wp-json\/wp\/v2\/posts"}],"about":[{"href":"https:\/\/www.cuencasmineras.com\/index.php\/wp-json\/wp\/v2\/types\/post"}],"author":[{"embeddable":true,"href":"https:\/\/www.cuencasmineras.com\/index.php\/wp-json\/wp\/v2\/users\/1"}],"replies":[{"embeddable":true,"href":"https:\/\/www.cuencasmineras.com\/index.php\/wp-json\/wp\/v2\/comments?post=1184"}],"version-history":[{"count":1,"href":"https:\/\/www.cuencasmineras.com\/index.php\/wp-json\/wp\/v2\/posts\/1184\/revisions"}],"predecessor-version":[{"id":1185,"href":"https:\/\/www.cuencasmineras.com\/index.php\/wp-json\/wp\/v2\/posts\/1184\/revisions\/1185"}],"wp:featuredmedia":[{"embeddable":true,"href":"https:\/\/www.cuencasmineras.com\/index.php\/wp-json\/wp\/v2\/media\/1107"}],"wp:attachment":[{"href":"https:\/\/www.cuencasmineras.com\/index.php\/wp-json\/wp\/v2\/media?parent=1184"}],"wp:term":[{"taxonomy":"category","embeddable":true,"href":"https:\/\/www.cuencasmineras.com\/index.php\/wp-json\/wp\/v2\/categories?post=1184"},{"taxonomy":"post_tag","embeddable":true,"href":"https:\/\/www.cuencasmineras.com\/index.php\/wp-json\/wp\/v2\/tags?post=1184"}],"curies":[{"name":"wp","href":"https:\/\/api.w.org\/{rel}","templated":true}]}}