{"id":1186,"date":"2020-10-11T08:48:55","date_gmt":"2020-10-11T08:48:55","guid":{"rendered":"https:\/\/www.cuencasmineras.com\/?p=1186"},"modified":"2020-10-11T08:49:10","modified_gmt":"2020-10-11T08:49:10","slug":"presencia-policial-mieres","status":"publish","type":"post","link":"https:\/\/www.cuencasmineras.com\/index.php\/2020\/10\/11\/presencia-policial-mieres\/","title":{"rendered":"FORO MIERES reclama m\u00e1s presencia pol\u00edcial en los pueblos de la zona sur del concejo"},"content":{"rendered":"<p style=\"text-align: justify;\">Javier Rodr\u00edguez: \u201cPedimos m\u00e1s presencia policial en el concejo para luchar contra la ola de vandalismo de las \u00faltimas semanas, que est\u00e1 suscitando una honda preocupaci\u00f3n entre los vecinos\u201d<\/p>\n<ul style=\"text-align: justify;\">\n<li>10 de octubre de 2020<\/li>\n<\/ul>\n<p style=\"text-align: justify;\">\n<p style=\"text-align: justify;\">FORO ASTURIAS MIERES solicitar\u00e1 mediante una propuesta de actuaci\u00f3n que el gobierno local tome medidas y solicite a Delegaci\u00f3n de Gobierno que refuerce la labor de las fuerzas de seguridad, ya que muchos de estos actos se han producido en los pueblos de la zona sur del concejo que, en este caso, son competencia de la Guardia Civil. As\u00ed lo anunci\u00f3 hoy el Vicesecretario de Comunicaci\u00f3n de la formaci\u00f3n, Javier Rodr\u00edguez, que afirm\u00f3 que \u201cbasta ya del desinter\u00e9s y la pasividad municipal ante este grave problema\u201d. El dirigente forista expres\u00f3 asimismo que \u201ces una situaci\u00f3n que est\u00e1 provocando la alarma en el concejo, \u201d no se puede mirar para otro lado \u201c.<\/p>\n<p style=\"text-align: justify;\">\n<p style=\"text-align: justify;\">El responsable de Foro Mieres record\u00f3 que \u201cdurante este verano se han producido diversos actos tales como arrancar se\u00f1ales de tr\u00e1fico y utilizarlas para da\u00f1ar otros elementos del mobiliario, quema de contenedores, rayar veh\u00edculos y pinchar ruedas incluso intentos de robo en algunas viviendas\u201d, lo que a su juicio constituye \u201cuna situaci\u00f3n insostenible\u201d.<\/p>\n<p style=\"text-align: justify;\">\n<p style=\"text-align: justify;\">Por ello, Rodr\u00edguez afirm\u00f3 que aunque \u201cmuchos de estos actos se han producido en los pueblos de la zona sur del municipio\u201d, desde FORO Mieres \u201ccreemos que el aumento de la presencia policial se debe realizar por todo el concejo\u201d.<\/p>\n<p style=\"text-align: justify;\">\n<p style=\"text-align: justify;\">Adem\u00e1s, Rodr\u00edguez record\u00f3 que \u201cno queremos olvidarnos que aunque han disminuido todav\u00eda se producen algunas carreras ilegales\u201d.<\/p>\n","protected":false},"excerpt":{"rendered":"<p>Javier Rodr\u00edguez: \u201cPedimos m\u00e1s presencia policial en el concejo para luchar contra la ola de vandalismo de las \u00faltimas semanas, que est\u00e1 suscitando una honda preocupaci\u00f3n entre los vecinos\u201d 10 de octubre de 2020 FORO ASTURIAS MIERES solicitar\u00e1 mediante una propuesta de actuaci\u00f3n que el gobierno local tome medidas y solicite a Delegaci\u00f3n de Gobierno [&hellip;]<\/p>\n","protected":false},"author":1,"featured_media":1187,"comment_status":"open","ping_status":"open","sticky":false,"template":"","format":"standard","meta":{"footnotes":""},"categories":[7,6],"tags":[93,31,94],"class_list":["post-1186","post","type-post","status-publish","format-standard","has-post-thumbnail","hentry","category-caudal","category-noticias","tag-caudal","tag-mieres","tag-vandalismo"],"yoast_head":"<!-- This site is optimized with the Yoast SEO plugin v27.4 - https:\/\/yoast.com\/product\/yoast-seo-wordpress\/ -->\n<title>FORO MIERES reclama m\u00e1s presencia pol\u00edcial en los pueblos de la zona sur del concejo -<\/title>\n<meta name=\"description\" content=\"\u201cPedimos m\u00e1s presencia policial en el concejo para luchar contra la ola de vandalismo de las \u00faltimas semanas, que est\u00e1 suscitando...\" \/>\n<meta name=\"robots\" content=\"index, follow, max-snippet:-1, max-image-preview:large, max-video-preview:-1\" \/>\n<link rel=\"canonical\" href=\"https:\/\/www.cuencasmineras.com\/index.php\/2020\/10\/11\/presencia-policial-mieres\/\" \/>\n<meta property=\"og:locale\" content=\"es_ES\" \/>\n<meta property=\"og:type\" content=\"article\" \/>\n<meta property=\"og:title\" content=\"FORO MIERES reclama m\u00e1s presencia pol\u00edcial en los pueblos de la zona sur del concejo -\" \/>\n<meta property=\"og:description\" content=\"\u201cPedimos m\u00e1s presencia policial en el concejo para luchar contra la ola de vandalismo de las \u00faltimas semanas, que est\u00e1 suscitando...\" \/>\n<meta property=\"og:url\" content=\"https:\/\/www.cuencasmineras.com\/index.php\/2020\/10\/11\/presencia-policial-mieres\/\" \/>\n<meta property=\"article:published_time\" content=\"2020-10-11T08:48:55+00:00\" \/>\n<meta property=\"article:modified_time\" content=\"2020-10-11T08:49:10+00:00\" \/>\n<meta property=\"og:image\" content=\"https:\/\/www.cuencasmineras.com\/wp-content\/uploads\/2020\/10\/Screenshot_20201010_201421.jpg\" \/>\n\t<meta property=\"og:image:width\" content=\"907\" \/>\n\t<meta property=\"og:image:height\" content=\"650\" \/>\n\t<meta property=\"og:image:type\" content=\"image\/jpeg\" \/>\n<meta name=\"author\" content=\"admin\" \/>\n<meta name=\"twitter:card\" content=\"summary_large_image\" \/>\n<meta name=\"twitter:label1\" content=\"Escrito por\" \/>\n\t<meta name=\"twitter:data1\" content=\"admin\" \/>\n\t<meta name=\"twitter:label2\" content=\"Tiempo de lectura\" \/>\n\t<meta name=\"twitter:data2\" content=\"1 minuto\" \/>\n<script type=\"application\/ld+json\" class=\"yoast-schema-graph\">{\"@context\":\"https:\\\/\\\/schema.org\",\"@graph\":[{\"@type\":\"Article\",\"@id\":\"https:\\\/\\\/www.cuencasmineras.com\\\/index.php\\\/2020\\\/10\\\/11\\\/presencia-policial-mieres\\\/#article\",\"isPartOf\":{\"@id\":\"https:\\\/\\\/www.cuencasmineras.com\\\/index.php\\\/2020\\\/10\\\/11\\\/presencia-policial-mieres\\\/\"},\"author\":{\"name\":\"admin\",\"@id\":\"https:\\\/\\\/www.cuencasmineras.com\\\/#\\\/schema\\\/person\\\/be0691310e8496ec555f679dd688420c\"},\"headline\":\"FORO MIERES reclama m\u00e1s presencia pol\u00edcial en los pueblos de la zona sur del concejo\",\"datePublished\":\"2020-10-11T08:48:55+00:00\",\"dateModified\":\"2020-10-11T08:49:10+00:00\",\"mainEntityOfPage\":{\"@id\":\"https:\\\/\\\/www.cuencasmineras.com\\\/index.php\\\/2020\\\/10\\\/11\\\/presencia-policial-mieres\\\/\"},\"wordCount\":288,\"commentCount\":0,\"image\":{\"@id\":\"https:\\\/\\\/www.cuencasmineras.com\\\/index.php\\\/2020\\\/10\\\/11\\\/presencia-policial-mieres\\\/#primaryimage\"},\"thumbnailUrl\":\"https:\\\/\\\/www.cuencasmineras.com\\\/wp-content\\\/uploads\\\/2020\\\/10\\\/Screenshot_20201010_201421.jpg\",\"keywords\":[\"caudal\",\"mieres\",\"vandalismo\"],\"articleSection\":[\"Caudal\",\"CM NEWS\"],\"inLanguage\":\"es\",\"potentialAction\":[{\"@type\":\"CommentAction\",\"name\":\"Comment\",\"target\":[\"https:\\\/\\\/www.cuencasmineras.com\\\/index.php\\\/2020\\\/10\\\/11\\\/presencia-policial-mieres\\\/#respond\"]}]},{\"@type\":\"WebPage\",\"@id\":\"https:\\\/\\\/www.cuencasmineras.com\\\/index.php\\\/2020\\\/10\\\/11\\\/presencia-policial-mieres\\\/\",\"url\":\"https:\\\/\\\/www.cuencasmineras.com\\\/index.php\\\/2020\\\/10\\\/11\\\/presencia-policial-mieres\\\/\",\"name\":\"FORO MIERES reclama m\u00e1s presencia pol\u00edcial en los pueblos de la zona sur del concejo -\",\"isPartOf\":{\"@id\":\"https:\\\/\\\/www.cuencasmineras.com\\\/#website\"},\"primaryImageOfPage\":{\"@id\":\"https:\\\/\\\/www.cuencasmineras.com\\\/index.php\\\/2020\\\/10\\\/11\\\/presencia-policial-mieres\\\/#primaryimage\"},\"image\":{\"@id\":\"https:\\\/\\\/www.cuencasmineras.com\\\/index.php\\\/2020\\\/10\\\/11\\\/presencia-policial-mieres\\\/#primaryimage\"},\"thumbnailUrl\":\"https:\\\/\\\/www.cuencasmineras.com\\\/wp-content\\\/uploads\\\/2020\\\/10\\\/Screenshot_20201010_201421.jpg\",\"datePublished\":\"2020-10-11T08:48:55+00:00\",\"dateModified\":\"2020-10-11T08:49:10+00:00\",\"author\":{\"@id\":\"https:\\\/\\\/www.cuencasmineras.com\\\/#\\\/schema\\\/person\\\/be0691310e8496ec555f679dd688420c\"},\"description\":\"\u201cPedimos m\u00e1s presencia policial en el concejo para luchar contra la ola de vandalismo de las \u00faltimas semanas, que est\u00e1 suscitando...\",\"breadcrumb\":{\"@id\":\"https:\\\/\\\/www.cuencasmineras.com\\\/index.php\\\/2020\\\/10\\\/11\\\/presencia-policial-mieres\\\/#breadcrumb\"},\"inLanguage\":\"es\",\"potentialAction\":[{\"@type\":\"ReadAction\",\"target\":[\"https:\\\/\\\/www.cuencasmineras.com\\\/index.php\\\/2020\\\/10\\\/11\\\/presencia-policial-mieres\\\/\"]}]},{\"@type\":\"ImageObject\",\"inLanguage\":\"es\",\"@id\":\"https:\\\/\\\/www.cuencasmineras.com\\\/index.php\\\/2020\\\/10\\\/11\\\/presencia-policial-mieres\\\/#primaryimage\",\"url\":\"https:\\\/\\\/www.cuencasmineras.com\\\/wp-content\\\/uploads\\\/2020\\\/10\\\/Screenshot_20201010_201421.jpg\",\"contentUrl\":\"https:\\\/\\\/www.cuencasmineras.com\\\/wp-content\\\/uploads\\\/2020\\\/10\\\/Screenshot_20201010_201421.jpg\",\"width\":907,\"height\":650},{\"@type\":\"BreadcrumbList\",\"@id\":\"https:\\\/\\\/www.cuencasmineras.com\\\/index.php\\\/2020\\\/10\\\/11\\\/presencia-policial-mieres\\\/#breadcrumb\",\"itemListElement\":[{\"@type\":\"ListItem\",\"position\":1,\"name\":\"Portada\",\"item\":\"https:\\\/\\\/www.cuencasmineras.com\\\/\"},{\"@type\":\"ListItem\",\"position\":2,\"name\":\"FORO MIERES reclama m\u00e1s presencia pol\u00edcial en los pueblos de la zona sur del concejo\"}]},{\"@type\":\"WebSite\",\"@id\":\"https:\\\/\\\/www.cuencasmineras.com\\\/#website\",\"url\":\"https:\\\/\\\/www.cuencasmineras.com\\\/\",\"name\":\"\",\"description\":\"\",\"potentialAction\":[{\"@type\":\"SearchAction\",\"target\":{\"@type\":\"EntryPoint\",\"urlTemplate\":\"https:\\\/\\\/www.cuencasmineras.com\\\/?s={search_term_string}\"},\"query-input\":{\"@type\":\"PropertyValueSpecification\",\"valueRequired\":true,\"valueName\":\"search_term_string\"}}],\"inLanguage\":\"es\"},{\"@type\":\"Person\",\"@id\":\"https:\\\/\\\/www.cuencasmineras.com\\\/#\\\/schema\\\/person\\\/be0691310e8496ec555f679dd688420c\",\"name\":\"admin\",\"image\":{\"@type\":\"ImageObject\",\"inLanguage\":\"es\",\"@id\":\"https:\\\/\\\/secure.gravatar.com\\\/avatar\\\/4afd2eed3b2fbbf36dd6707b5bd8a5b50ac648f033e36fbf85aeace2f0f859db?s=96&d=mm&r=g\",\"url\":\"https:\\\/\\\/secure.gravatar.com\\\/avatar\\\/4afd2eed3b2fbbf36dd6707b5bd8a5b50ac648f033e36fbf85aeace2f0f859db?s=96&d=mm&r=g\",\"contentUrl\":\"https:\\\/\\\/secure.gravatar.com\\\/avatar\\\/4afd2eed3b2fbbf36dd6707b5bd8a5b50ac648f033e36fbf85aeace2f0f859db?s=96&d=mm&r=g\",\"caption\":\"admin\"},\"sameAs\":[\"https:\\\/\\\/www.cuencasmineras.com\"],\"url\":\"https:\\\/\\\/www.cuencasmineras.com\\\/index.php\\\/author\\\/admin\\\/\"}]}<\/script>\n<!-- \/ Yoast SEO plugin. -->","yoast_head_json":{"title":"FORO MIERES reclama m\u00e1s presencia pol\u00edcial en los pueblos de la zona sur del concejo -","description":"\u201cPedimos m\u00e1s presencia policial en el concejo para luchar contra la ola de vandalismo de las \u00faltimas semanas, que est\u00e1 suscitando...","robots":{"index":"index","follow":"follow","max-snippet":"max-snippet:-1","max-image-preview":"max-image-preview:large","max-video-preview":"max-video-preview:-1"},"canonical":"https:\/\/www.cuencasmineras.com\/index.php\/2020\/10\/11\/presencia-policial-mieres\/","og_locale":"es_ES","og_type":"article","og_title":"FORO MIERES reclama m\u00e1s presencia pol\u00edcial en los pueblos de la zona sur del concejo -","og_description":"\u201cPedimos m\u00e1s presencia policial en el concejo para luchar contra la ola de vandalismo de las \u00faltimas semanas, que est\u00e1 suscitando...","og_url":"https:\/\/www.cuencasmineras.com\/index.php\/2020\/10\/11\/presencia-policial-mieres\/","article_published_time":"2020-10-11T08:48:55+00:00","article_modified_time":"2020-10-11T08:49:10+00:00","og_image":[{"width":907,"height":650,"url":"https:\/\/www.cuencasmineras.com\/wp-content\/uploads\/2020\/10\/Screenshot_20201010_201421.jpg","type":"image\/jpeg"}],"author":"admin","twitter_card":"summary_large_image","twitter_misc":{"Escrito por":"admin","Tiempo de lectura":"1 minuto"},"schema":{"@context":"https:\/\/schema.org","@graph":[{"@type":"Article","@id":"https:\/\/www.cuencasmineras.com\/index.php\/2020\/10\/11\/presencia-policial-mieres\/#article","isPartOf":{"@id":"https:\/\/www.cuencasmineras.com\/index.php\/2020\/10\/11\/presencia-policial-mieres\/"},"author":{"name":"admin","@id":"https:\/\/www.cuencasmineras.com\/#\/schema\/person\/be0691310e8496ec555f679dd688420c"},"headline":"FORO MIERES reclama m\u00e1s presencia pol\u00edcial en los pueblos de la zona sur del concejo","datePublished":"2020-10-11T08:48:55+00:00","dateModified":"2020-10-11T08:49:10+00:00","mainEntityOfPage":{"@id":"https:\/\/www.cuencasmineras.com\/index.php\/2020\/10\/11\/presencia-policial-mieres\/"},"wordCount":288,"commentCount":0,"image":{"@id":"https:\/\/www.cuencasmineras.com\/index.php\/2020\/10\/11\/presencia-policial-mieres\/#primaryimage"},"thumbnailUrl":"https:\/\/www.cuencasmineras.com\/wp-content\/uploads\/2020\/10\/Screenshot_20201010_201421.jpg","keywords":["caudal","mieres","vandalismo"],"articleSection":["Caudal","CM NEWS"],"inLanguage":"es","potentialAction":[{"@type":"CommentAction","name":"Comment","target":["https:\/\/www.cuencasmineras.com\/index.php\/2020\/10\/11\/presencia-policial-mieres\/#respond"]}]},{"@type":"WebPage","@id":"https:\/\/www.cuencasmineras.com\/index.php\/2020\/10\/11\/presencia-policial-mieres\/","url":"https:\/\/www.cuencasmineras.com\/index.php\/2020\/10\/11\/presencia-policial-mieres\/","name":"FORO MIERES reclama m\u00e1s presencia pol\u00edcial en los pueblos de la zona sur del concejo -","isPartOf":{"@id":"https:\/\/www.cuencasmineras.com\/#website"},"primaryImageOfPage":{"@id":"https:\/\/www.cuencasmineras.com\/index.php\/2020\/10\/11\/presencia-policial-mieres\/#primaryimage"},"image":{"@id":"https:\/\/www.cuencasmineras.com\/index.php\/2020\/10\/11\/presencia-policial-mieres\/#primaryimage"},"thumbnailUrl":"https:\/\/www.cuencasmineras.com\/wp-content\/uploads\/2020\/10\/Screenshot_20201010_201421.jpg","datePublished":"2020-10-11T08:48:55+00:00","dateModified":"2020-10-11T08:49:10+00:00","author":{"@id":"https:\/\/www.cuencasmineras.com\/#\/schema\/person\/be0691310e8496ec555f679dd688420c"},"description":"\u201cPedimos m\u00e1s presencia policial en el concejo para luchar contra la ola de vandalismo de las \u00faltimas semanas, que est\u00e1 suscitando...","breadcrumb":{"@id":"https:\/\/www.cuencasmineras.com\/index.php\/2020\/10\/11\/presencia-policial-mieres\/#breadcrumb"},"inLanguage":"es","potentialAction":[{"@type":"ReadAction","target":["https:\/\/www.cuencasmineras.com\/index.php\/2020\/10\/11\/presencia-policial-mieres\/"]}]},{"@type":"ImageObject","inLanguage":"es","@id":"https:\/\/www.cuencasmineras.com\/index.php\/2020\/10\/11\/presencia-policial-mieres\/#primaryimage","url":"https:\/\/www.cuencasmineras.com\/wp-content\/uploads\/2020\/10\/Screenshot_20201010_201421.jpg","contentUrl":"https:\/\/www.cuencasmineras.com\/wp-content\/uploads\/2020\/10\/Screenshot_20201010_201421.jpg","width":907,"height":650},{"@type":"BreadcrumbList","@id":"https:\/\/www.cuencasmineras.com\/index.php\/2020\/10\/11\/presencia-policial-mieres\/#breadcrumb","itemListElement":[{"@type":"ListItem","position":1,"name":"Portada","item":"https:\/\/www.cuencasmineras.com\/"},{"@type":"ListItem","position":2,"name":"FORO MIERES reclama m\u00e1s presencia pol\u00edcial en los pueblos de la zona sur del concejo"}]},{"@type":"WebSite","@id":"https:\/\/www.cuencasmineras.com\/#website","url":"https:\/\/www.cuencasmineras.com\/","name":"","description":"","potentialAction":[{"@type":"SearchAction","target":{"@type":"EntryPoint","urlTemplate":"https:\/\/www.cuencasmineras.com\/?s={search_term_string}"},"query-input":{"@type":"PropertyValueSpecification","valueRequired":true,"valueName":"search_term_string"}}],"inLanguage":"es"},{"@type":"Person","@id":"https:\/\/www.cuencasmineras.com\/#\/schema\/person\/be0691310e8496ec555f679dd688420c","name":"admin","image":{"@type":"ImageObject","inLanguage":"es","@id":"https:\/\/secure.gravatar.com\/avatar\/4afd2eed3b2fbbf36dd6707b5bd8a5b50ac648f033e36fbf85aeace2f0f859db?s=96&d=mm&r=g","url":"https:\/\/secure.gravatar.com\/avatar\/4afd2eed3b2fbbf36dd6707b5bd8a5b50ac648f033e36fbf85aeace2f0f859db?s=96&d=mm&r=g","contentUrl":"https:\/\/secure.gravatar.com\/avatar\/4afd2eed3b2fbbf36dd6707b5bd8a5b50ac648f033e36fbf85aeace2f0f859db?s=96&d=mm&r=g","caption":"admin"},"sameAs":["https:\/\/www.cuencasmineras.com"],"url":"https:\/\/www.cuencasmineras.com\/index.php\/author\/admin\/"}]}},"_links":{"self":[{"href":"https:\/\/www.cuencasmineras.com\/index.php\/wp-json\/wp\/v2\/posts\/1186","targetHints":{"allow":["GET"]}}],"collection":[{"href":"https:\/\/www.cuencasmineras.com\/index.php\/wp-json\/wp\/v2\/posts"}],"about":[{"href":"https:\/\/www.cuencasmineras.com\/index.php\/wp-json\/wp\/v2\/types\/post"}],"author":[{"embeddable":true,"href":"https:\/\/www.cuencasmineras.com\/index.php\/wp-json\/wp\/v2\/users\/1"}],"replies":[{"embeddable":true,"href":"https:\/\/www.cuencasmineras.com\/index.php\/wp-json\/wp\/v2\/comments?post=1186"}],"version-history":[{"count":2,"href":"https:\/\/www.cuencasmineras.com\/index.php\/wp-json\/wp\/v2\/posts\/1186\/revisions"}],"predecessor-version":[{"id":1189,"href":"https:\/\/www.cuencasmineras.com\/index.php\/wp-json\/wp\/v2\/posts\/1186\/revisions\/1189"}],"wp:featuredmedia":[{"embeddable":true,"href":"https:\/\/www.cuencasmineras.com\/index.php\/wp-json\/wp\/v2\/media\/1187"}],"wp:attachment":[{"href":"https:\/\/www.cuencasmineras.com\/index.php\/wp-json\/wp\/v2\/media?parent=1186"}],"wp:term":[{"taxonomy":"category","embeddable":true,"href":"https:\/\/www.cuencasmineras.com\/index.php\/wp-json\/wp\/v2\/categories?post=1186"},{"taxonomy":"post_tag","embeddable":true,"href":"https:\/\/www.cuencasmineras.com\/index.php\/wp-json\/wp\/v2\/tags?post=1186"}],"curies":[{"name":"wp","href":"https:\/\/api.w.org\/{rel}","templated":true}]}}