{"id":1193,"date":"2020-10-13T08:35:33","date_gmt":"2020-10-13T08:35:33","guid":{"rendered":"https:\/\/www.cuencasmineras.com\/?p=1193"},"modified":"2020-10-13T08:55:35","modified_gmt":"2020-10-13T08:55:35","slug":"salud-160","status":"publish","type":"post","link":"https:\/\/www.cuencasmineras.com\/index.php\/2020\/10\/13\/salud-160\/","title":{"rendered":"Salud confirma 160 nuevos casos por coronavirus"},"content":{"rendered":"<div id=\"main-content\" class=\"columns-1\" role=\"main\">\n<div class=\"portlet-layout row\">\n<div id=\"column-1\" class=\"col-md-12 portlet-column portlet-column-only\">\n<div id=\"layout-column_column-1\" class=\"portlet-dropzone portlet-column-content portlet-column-content-only\">\n<div id=\"p_p_id_com_liferay_asset_publisher_web_portlet_AssetPublisherPortlet_INSTANCE_DSnKSBdGDt7q_\" class=\"portlet-boundary portlet-boundary_com_liferay_asset_publisher_web_portlet_AssetPublisherPortlet_ portlet-static portlet-static-end portlet-barebone portlet-asset-publisher nota-detalle\">\n<section id=\"portlet_com_liferay_asset_publisher_web_portlet_AssetPublisherPortlet_INSTANCE_DSnKSBdGDt7q\" class=\"portlet\">\n<div class=\"portlet-content\">\n<div class=\" portlet-content-container\">\n<div class=\"portlet-body\">\n<div>\n<div class=\"asset-full-content clearfix default-asset-publisher show-asset-title\">\n<div id=\"_com_liferay_asset_publisher_web_portlet_AssetPublisherPortlet_INSTANCE_DSnKSBdGDt7q_188284\" class=\"asset-content\">\n<div class=\"clearfix journal-content-article\" data-analytics-asset-id=\"188271\" data-analytics-asset-title=\"Salud confirma 160 nuevos casos por coronavirus\" data-analytics-asset-type=\"web-content\">\n<div class=\"nota\">\n<div class=\"date\">12 de octubre de 2020<\/div>\n<div class=\"entradilla\">\n<p><strong>\u2022\u00a0\u00a0 \u00a0La tasa de positividad se sit\u00faa en el 5,34%, tras haber sido realizadas ayer 2.994 pruebas PCR<\/strong><\/p>\n<p><strong>\u2022\u00a0\u00a0 \u00a0Las autoridades sanitarias instan a la ciudadan\u00eda a extremar el uso de las medidas de protecci\u00f3n y limitar el n\u00famero de contactos estrechos para reducir el repunte de los contagios\u00a0<\/strong><\/p>\n<\/div>\n<div class=\"imagen-principal\"><picture data-fileentryid=\"188275\"><source srcset=\"\/o\/adaptive-media\/image\/188275\/Thumbnail-300x300\/covid+verdoso.jpg?t=1602505922175\" media=\"(max-width:300px)\" \/><source srcset=\"\/o\/adaptive-media\/image\/188275\/Preview-1000x0\/covid+verdoso.jpg?t=1602505922175\" media=\"(max-width:1000px) and (min-width:300px)\" \/><\/picture><\/div>\n<div class=\"description\">\n<p>La Consejer\u00eda de Salud ha confirmado 160 nuevos positivos por coronavirus diagnosticados durante el domingo. Todas las personas afectadas, excepto 8 que han precisado ingreso hospitalario, presentan s\u00edntomas leves o est\u00e1n asintom\u00e1ticas y permanecen aisladas en sus domicilios.<\/p>\n<p>El Servicio de Vigilancia Epidemiol\u00f3gica contin\u00faa con las investigaciones para determinar los v\u00ednculos de los contagios detectados.<\/p>\n<p>Por otra parte, ayer se produjeron otras 6 hospitalizaciones de personas diagnosticadas en d\u00edas anteriores. No se registraron nuevos ingresos en UCI ni fallecidos. Se dieron 10 altas epidemiol\u00f3gicas.<\/p>\n<p>El Servicio de Salud del Principado (Sespa) llev\u00f3 a cabo 2.994 pruebas PCR ayer, lo que sit\u00faa la tasa de positividad en el 5,34%.<\/p>\n<p>Los epidemi\u00f3logos est\u00e1n observando que la mayor\u00eda de los nuevos contagios se concentran en los concejos m\u00e1s poblados, y el aumento de la incidencia m\u00e1s marcado se aprecia en Avil\u00e9s, Lena, Mieres y en menor medida en San Martin del Rey Aurelio.<\/p>\n<p>La incidencia acumulada de Asturias en los \u00faltimos 14 d\u00edas es de 158 casos por cien mil habitantes. Esta tasa se eleva a 199 en Avil\u00e9s, 173 en Gij\u00f3n y queda en 150 en Oviedo.<\/p>\n<p>Respecto al n\u00famero de casos, es importante comprender que municipios peque\u00f1os pueden tener incidencias muy altas con muy pocos casos. En ese sentido en los \u00faltimos catorce d\u00edas Avil\u00e9s ha registrado 156 casos; Gij\u00f3n, 472; Oviedo, 331; Mieres, 91; San Mart\u00edn del Rey Aurelio, 58; Laviana, 27; Langreo, 67; Ponga, 7 y Lena, 49.<\/p>\n<p><strong>Llamamientos<\/strong><\/p>\n<p>Por otra parte, 2.103 personas han respondido a los llamamientos realizados por la Consejer\u00eda de Salud relativos a los brotes detectados en dos bares, un restaurante y tres gimnasios en distintas localidades de regi\u00f3n.<\/p>\n<p>Las autoridades sanitarias recuerdan que los llamamientos de los gimnasios AltaFit-Natahoyo y MacFit de Gij\u00f3n, del Quirinal 14 Sport de Avil\u00e9s; y los establecimientos hosteleros de La Panoya de Cenera (Mieres), Casa Eliseo (El Entrego) y El Duende de Trubia (Oviedo) siguen activos, y piden a las personas que hayan visitado dichos locales que rellenen el formulario disponible en el siguiente enlace de la web Astursalud (https:\/\/www.astursalud.es\/en\/formulario-pcr) o llamen al tel\u00e9fono 984 100 400.<\/p>\n<p>El Sespa contactar\u00e1 con los afectados para valorar la indicaci\u00f3n de una PCR. Mientras tanto, estas personas deber\u00e1n limitar su vida social, vigilar su estado y cumplir con rigor las medidas de protecci\u00f3n: lavado frecuente de mano, uso correcto de la mascarilla y mantenimiento de la distancia interpersonal de, al menos, un metro y medio.<\/p>\n<p>Las autoridades sanitarias insisten en que, aun siendo importante la realizaci\u00f3n de la prueba en estos t\u00e9rminos, lo fundamental son las medidas de protecci\u00f3n y prevenci\u00f3n.<\/p>\n<p><strong>Recomendaciones<\/strong><\/p>\n<p>Las autoridades sanitarias piden a la poblaci\u00f3n que no se relaje con el cumplimiento riguroso de las medidas de protecci\u00f3n para reducir el repunte de los contagios que se ha experimentado en los \u00faltimos d\u00edas en la comunidad.<\/p>\n<p>Recomiendan insistentemente a la ciudadan\u00eda que reduzca el n\u00famero de contactos estrechos, y por lo tanto, que se eviten actividades sociales y familiares innecesarias para reducir el n\u00famero de contagios.<\/p>\n<p>Por otra parte, advierten que en esta segunda ola las personas mayores de 65 a\u00f1os que no viven en residencias pueden ser el colectivo m\u00e1s vulnerable, por lo que piden la colaboraci\u00f3n ciudadana para extremar las medidas de seguridad y protegerlas de los contagios.<\/p>\n<p>Por ello, la Direcci\u00f3n General de Salud P\u00fablica ha iniciado una campa\u00f1a de sensibilizaci\u00f3n en la que se recomienda a la poblaci\u00f3n, y en particular a estas personas, que extremen las medidas de protecci\u00f3n en su vida social y familiar, especialmente si hay convivencia con ni\u00f1os, adolescentes y j\u00f3venes.<\/p>\n<p>Adem\u00e1s, Salud insta a la ciudadan\u00eda a formar burbujas sociales para frenar los contagios y proteger a los colectivos m\u00e1s vulnerables a la enfermedad, como las personas con patolog\u00edas de riesgo y a los mayores de 65 a\u00f1os. Tambi\u00e9n insiste en la necesidad de cumplir con rigor las medidas de seguridad y evitar actividades sociales y familiares innecesarias, con el fin de impedir as\u00ed la transmisi\u00f3n de la covid-19.<\/p>\n<p>De nuevo, la Direcci\u00f3n General de Salud P\u00fablica subraya la importancia de la responsabilidad individual de las personas que est\u00e1n pendientes del resultado de una PCR o que son consideradas contactos estrechos para que restrinjan su vida social, para que permanezcan en sus domicilios, vigilen su estado de salud y cumplan estrictamente la cuarentena, como as\u00ed establece textualmente la resoluci\u00f3n que se public\u00f3 este viernes en el Bolet\u00edn Oficial del Principado de Asturias (Bopa): https:\/\/sedemovil.asturias.es\/bopa\/2020\/10\/09\/20201009Su1.pdf<\/p>\n<p>El Gobierno del Principado recuerda que en esta situaci\u00f3n excepcional, todos cuidamos de todos.<\/p>\n<\/div>\n<\/div>\n<\/div>\n<\/div>\n<\/div>\n<\/div>\n<\/div>\n<\/div>\n<\/div>\n<\/section>\n<\/div>\n<\/div>\n<\/div>\n<\/div>\n<\/div>\n<p>&nbsp;<\/p>\n","protected":false},"excerpt":{"rendered":"<p>12 de octubre de 2020 \u2022\u00a0\u00a0 \u00a0La tasa de positividad se sit\u00faa en el 5,34%, tras haber sido realizadas ayer 2.994 pruebas PCR \u2022\u00a0\u00a0 \u00a0Las autoridades sanitarias instan a la ciudadan\u00eda a extremar el uso de las medidas de protecci\u00f3n y limitar el n\u00famero de contactos estrechos para reducir el repunte de los contagios\u00a0 La [&hellip;]<\/p>\n","protected":false},"author":1,"featured_media":1079,"comment_status":"open","ping_status":"open","sticky":false,"template":"","format":"standard","meta":{"footnotes":""},"categories":[49],"tags":[35],"class_list":["post-1193","post","type-post","status-publish","format-standard","has-post-thumbnail","hentry","category-covid","tag-covid-19"],"yoast_head":"<!-- This site is optimized with the Yoast SEO plugin v27.4 - https:\/\/yoast.com\/product\/yoast-seo-wordpress\/ -->\n<title>Salud confirma 160 nuevos casos por coronavirus - CuencasMineras.com<\/title>\n<meta name=\"description\" content=\"La Consejer\u00eda de Salud ha confirmado 160 nuevos positivos por coronavirus diagnosticados durante el domingo. Todas las personas afectadas...\" \/>\n<meta name=\"robots\" content=\"index, follow, max-snippet:-1, max-image-preview:large, max-video-preview:-1\" \/>\n<link rel=\"canonical\" href=\"https:\/\/www.cuencasmineras.com\/index.php\/2020\/10\/13\/salud-160\/\" \/>\n<meta property=\"og:locale\" content=\"es_ES\" \/>\n<meta property=\"og:type\" content=\"article\" \/>\n<meta property=\"og:title\" content=\"Salud confirma 160 nuevos casos por coronavirus - CuencasMineras.com\" \/>\n<meta property=\"og:description\" content=\"La Consejer\u00eda de Salud ha confirmado 160 nuevos positivos por coronavirus diagnosticados durante el domingo. Todas las personas afectadas...\" \/>\n<meta property=\"og:url\" content=\"https:\/\/www.cuencasmineras.com\/index.php\/2020\/10\/13\/salud-160\/\" \/>\n<meta property=\"article:published_time\" content=\"2020-10-13T08:35:33+00:00\" \/>\n<meta property=\"article:modified_time\" content=\"2020-10-13T08:55:35+00:00\" \/>\n<meta property=\"og:image\" content=\"https:\/\/www.cuencasmineras.com\/wp-content\/uploads\/2020\/10\/coronavirus-verde-2.jpg\" \/>\n\t<meta property=\"og:image:width\" content=\"1920\" \/>\n\t<meta property=\"og:image:height\" content=\"1006\" \/>\n\t<meta property=\"og:image:type\" content=\"image\/jpeg\" \/>\n<meta name=\"author\" content=\"admin\" \/>\n<meta name=\"twitter:card\" content=\"summary_large_image\" \/>\n<meta name=\"twitter:label1\" content=\"Escrito por\" \/>\n\t<meta name=\"twitter:data1\" content=\"admin\" \/>\n\t<meta name=\"twitter:label2\" content=\"Tiempo de lectura\" \/>\n\t<meta name=\"twitter:data2\" content=\"4 minutos\" \/>\n<script type=\"application\/ld+json\" class=\"yoast-schema-graph\">{\"@context\":\"https:\\\/\\\/schema.org\",\"@graph\":[{\"@type\":\"Article\",\"@id\":\"https:\\\/\\\/www.cuencasmineras.com\\\/index.php\\\/2020\\\/10\\\/13\\\/salud-160\\\/#article\",\"isPartOf\":{\"@id\":\"https:\\\/\\\/www.cuencasmineras.com\\\/index.php\\\/2020\\\/10\\\/13\\\/salud-160\\\/\"},\"author\":{\"name\":\"admin\",\"@id\":\"https:\\\/\\\/www.cuencasmineras.com\\\/#\\\/schema\\\/person\\\/be0691310e8496ec555f679dd688420c\"},\"headline\":\"Salud confirma 160 nuevos casos por coronavirus\",\"datePublished\":\"2020-10-13T08:35:33+00:00\",\"dateModified\":\"2020-10-13T08:55:35+00:00\",\"mainEntityOfPage\":{\"@id\":\"https:\\\/\\\/www.cuencasmineras.com\\\/index.php\\\/2020\\\/10\\\/13\\\/salud-160\\\/\"},\"wordCount\":859,\"commentCount\":0,\"image\":{\"@id\":\"https:\\\/\\\/www.cuencasmineras.com\\\/index.php\\\/2020\\\/10\\\/13\\\/salud-160\\\/#primaryimage\"},\"thumbnailUrl\":\"https:\\\/\\\/www.cuencasmineras.com\\\/wp-content\\\/uploads\\\/2020\\\/10\\\/coronavirus-verde-2.jpg\",\"keywords\":[\"covid 19\"],\"articleSection\":[\"COVID-19\"],\"inLanguage\":\"es\",\"potentialAction\":[{\"@type\":\"CommentAction\",\"name\":\"Comment\",\"target\":[\"https:\\\/\\\/www.cuencasmineras.com\\\/index.php\\\/2020\\\/10\\\/13\\\/salud-160\\\/#respond\"]}]},{\"@type\":\"WebPage\",\"@id\":\"https:\\\/\\\/www.cuencasmineras.com\\\/index.php\\\/2020\\\/10\\\/13\\\/salud-160\\\/\",\"url\":\"https:\\\/\\\/www.cuencasmineras.com\\\/index.php\\\/2020\\\/10\\\/13\\\/salud-160\\\/\",\"name\":\"Salud confirma 160 nuevos casos por coronavirus - CuencasMineras.com\",\"isPartOf\":{\"@id\":\"https:\\\/\\\/www.cuencasmineras.com\\\/#website\"},\"primaryImageOfPage\":{\"@id\":\"https:\\\/\\\/www.cuencasmineras.com\\\/index.php\\\/2020\\\/10\\\/13\\\/salud-160\\\/#primaryimage\"},\"image\":{\"@id\":\"https:\\\/\\\/www.cuencasmineras.com\\\/index.php\\\/2020\\\/10\\\/13\\\/salud-160\\\/#primaryimage\"},\"thumbnailUrl\":\"https:\\\/\\\/www.cuencasmineras.com\\\/wp-content\\\/uploads\\\/2020\\\/10\\\/coronavirus-verde-2.jpg\",\"datePublished\":\"2020-10-13T08:35:33+00:00\",\"dateModified\":\"2020-10-13T08:55:35+00:00\",\"author\":{\"@id\":\"https:\\\/\\\/www.cuencasmineras.com\\\/#\\\/schema\\\/person\\\/be0691310e8496ec555f679dd688420c\"},\"description\":\"La Consejer\u00eda de Salud ha confirmado 160 nuevos positivos por coronavirus diagnosticados durante el domingo. Todas las personas afectadas...\",\"breadcrumb\":{\"@id\":\"https:\\\/\\\/www.cuencasmineras.com\\\/index.php\\\/2020\\\/10\\\/13\\\/salud-160\\\/#breadcrumb\"},\"inLanguage\":\"es\",\"potentialAction\":[{\"@type\":\"ReadAction\",\"target\":[\"https:\\\/\\\/www.cuencasmineras.com\\\/index.php\\\/2020\\\/10\\\/13\\\/salud-160\\\/\"]}]},{\"@type\":\"ImageObject\",\"inLanguage\":\"es\",\"@id\":\"https:\\\/\\\/www.cuencasmineras.com\\\/index.php\\\/2020\\\/10\\\/13\\\/salud-160\\\/#primaryimage\",\"url\":\"https:\\\/\\\/www.cuencasmineras.com\\\/wp-content\\\/uploads\\\/2020\\\/10\\\/coronavirus-verde-2.jpg\",\"contentUrl\":\"https:\\\/\\\/www.cuencasmineras.com\\\/wp-content\\\/uploads\\\/2020\\\/10\\\/coronavirus-verde-2.jpg\",\"width\":1920,\"height\":1006},{\"@type\":\"BreadcrumbList\",\"@id\":\"https:\\\/\\\/www.cuencasmineras.com\\\/index.php\\\/2020\\\/10\\\/13\\\/salud-160\\\/#breadcrumb\",\"itemListElement\":[{\"@type\":\"ListItem\",\"position\":1,\"name\":\"Portada\",\"item\":\"https:\\\/\\\/www.cuencasmineras.com\\\/\"},{\"@type\":\"ListItem\",\"position\":2,\"name\":\"Salud confirma 160 nuevos casos por coronavirus\"}]},{\"@type\":\"WebSite\",\"@id\":\"https:\\\/\\\/www.cuencasmineras.com\\\/#website\",\"url\":\"https:\\\/\\\/www.cuencasmineras.com\\\/\",\"name\":\"\",\"description\":\"\",\"potentialAction\":[{\"@type\":\"SearchAction\",\"target\":{\"@type\":\"EntryPoint\",\"urlTemplate\":\"https:\\\/\\\/www.cuencasmineras.com\\\/?s={search_term_string}\"},\"query-input\":{\"@type\":\"PropertyValueSpecification\",\"valueRequired\":true,\"valueName\":\"search_term_string\"}}],\"inLanguage\":\"es\"},{\"@type\":\"Person\",\"@id\":\"https:\\\/\\\/www.cuencasmineras.com\\\/#\\\/schema\\\/person\\\/be0691310e8496ec555f679dd688420c\",\"name\":\"admin\",\"image\":{\"@type\":\"ImageObject\",\"inLanguage\":\"es\",\"@id\":\"https:\\\/\\\/secure.gravatar.com\\\/avatar\\\/4afd2eed3b2fbbf36dd6707b5bd8a5b50ac648f033e36fbf85aeace2f0f859db?s=96&d=mm&r=g\",\"url\":\"https:\\\/\\\/secure.gravatar.com\\\/avatar\\\/4afd2eed3b2fbbf36dd6707b5bd8a5b50ac648f033e36fbf85aeace2f0f859db?s=96&d=mm&r=g\",\"contentUrl\":\"https:\\\/\\\/secure.gravatar.com\\\/avatar\\\/4afd2eed3b2fbbf36dd6707b5bd8a5b50ac648f033e36fbf85aeace2f0f859db?s=96&d=mm&r=g\",\"caption\":\"admin\"},\"sameAs\":[\"https:\\\/\\\/www.cuencasmineras.com\"],\"url\":\"https:\\\/\\\/www.cuencasmineras.com\\\/index.php\\\/author\\\/admin\\\/\"}]}<\/script>\n<!-- \/ Yoast SEO plugin. -->","yoast_head_json":{"title":"Salud confirma 160 nuevos casos por coronavirus - CuencasMineras.com","description":"La Consejer\u00eda de Salud ha confirmado 160 nuevos positivos por coronavirus diagnosticados durante el domingo. Todas las personas afectadas...","robots":{"index":"index","follow":"follow","max-snippet":"max-snippet:-1","max-image-preview":"max-image-preview:large","max-video-preview":"max-video-preview:-1"},"canonical":"https:\/\/www.cuencasmineras.com\/index.php\/2020\/10\/13\/salud-160\/","og_locale":"es_ES","og_type":"article","og_title":"Salud confirma 160 nuevos casos por coronavirus - CuencasMineras.com","og_description":"La Consejer\u00eda de Salud ha confirmado 160 nuevos positivos por coronavirus diagnosticados durante el domingo. Todas las personas afectadas...","og_url":"https:\/\/www.cuencasmineras.com\/index.php\/2020\/10\/13\/salud-160\/","article_published_time":"2020-10-13T08:35:33+00:00","article_modified_time":"2020-10-13T08:55:35+00:00","og_image":[{"width":1920,"height":1006,"url":"https:\/\/www.cuencasmineras.com\/wp-content\/uploads\/2020\/10\/coronavirus-verde-2.jpg","type":"image\/jpeg"}],"author":"admin","twitter_card":"summary_large_image","twitter_misc":{"Escrito por":"admin","Tiempo de lectura":"4 minutos"},"schema":{"@context":"https:\/\/schema.org","@graph":[{"@type":"Article","@id":"https:\/\/www.cuencasmineras.com\/index.php\/2020\/10\/13\/salud-160\/#article","isPartOf":{"@id":"https:\/\/www.cuencasmineras.com\/index.php\/2020\/10\/13\/salud-160\/"},"author":{"name":"admin","@id":"https:\/\/www.cuencasmineras.com\/#\/schema\/person\/be0691310e8496ec555f679dd688420c"},"headline":"Salud confirma 160 nuevos casos por coronavirus","datePublished":"2020-10-13T08:35:33+00:00","dateModified":"2020-10-13T08:55:35+00:00","mainEntityOfPage":{"@id":"https:\/\/www.cuencasmineras.com\/index.php\/2020\/10\/13\/salud-160\/"},"wordCount":859,"commentCount":0,"image":{"@id":"https:\/\/www.cuencasmineras.com\/index.php\/2020\/10\/13\/salud-160\/#primaryimage"},"thumbnailUrl":"https:\/\/www.cuencasmineras.com\/wp-content\/uploads\/2020\/10\/coronavirus-verde-2.jpg","keywords":["covid 19"],"articleSection":["COVID-19"],"inLanguage":"es","potentialAction":[{"@type":"CommentAction","name":"Comment","target":["https:\/\/www.cuencasmineras.com\/index.php\/2020\/10\/13\/salud-160\/#respond"]}]},{"@type":"WebPage","@id":"https:\/\/www.cuencasmineras.com\/index.php\/2020\/10\/13\/salud-160\/","url":"https:\/\/www.cuencasmineras.com\/index.php\/2020\/10\/13\/salud-160\/","name":"Salud confirma 160 nuevos casos por coronavirus - CuencasMineras.com","isPartOf":{"@id":"https:\/\/www.cuencasmineras.com\/#website"},"primaryImageOfPage":{"@id":"https:\/\/www.cuencasmineras.com\/index.php\/2020\/10\/13\/salud-160\/#primaryimage"},"image":{"@id":"https:\/\/www.cuencasmineras.com\/index.php\/2020\/10\/13\/salud-160\/#primaryimage"},"thumbnailUrl":"https:\/\/www.cuencasmineras.com\/wp-content\/uploads\/2020\/10\/coronavirus-verde-2.jpg","datePublished":"2020-10-13T08:35:33+00:00","dateModified":"2020-10-13T08:55:35+00:00","author":{"@id":"https:\/\/www.cuencasmineras.com\/#\/schema\/person\/be0691310e8496ec555f679dd688420c"},"description":"La Consejer\u00eda de Salud ha confirmado 160 nuevos positivos por coronavirus diagnosticados durante el domingo. Todas las personas afectadas...","breadcrumb":{"@id":"https:\/\/www.cuencasmineras.com\/index.php\/2020\/10\/13\/salud-160\/#breadcrumb"},"inLanguage":"es","potentialAction":[{"@type":"ReadAction","target":["https:\/\/www.cuencasmineras.com\/index.php\/2020\/10\/13\/salud-160\/"]}]},{"@type":"ImageObject","inLanguage":"es","@id":"https:\/\/www.cuencasmineras.com\/index.php\/2020\/10\/13\/salud-160\/#primaryimage","url":"https:\/\/www.cuencasmineras.com\/wp-content\/uploads\/2020\/10\/coronavirus-verde-2.jpg","contentUrl":"https:\/\/www.cuencasmineras.com\/wp-content\/uploads\/2020\/10\/coronavirus-verde-2.jpg","width":1920,"height":1006},{"@type":"BreadcrumbList","@id":"https:\/\/www.cuencasmineras.com\/index.php\/2020\/10\/13\/salud-160\/#breadcrumb","itemListElement":[{"@type":"ListItem","position":1,"name":"Portada","item":"https:\/\/www.cuencasmineras.com\/"},{"@type":"ListItem","position":2,"name":"Salud confirma 160 nuevos casos por coronavirus"}]},{"@type":"WebSite","@id":"https:\/\/www.cuencasmineras.com\/#website","url":"https:\/\/www.cuencasmineras.com\/","name":"","description":"","potentialAction":[{"@type":"SearchAction","target":{"@type":"EntryPoint","urlTemplate":"https:\/\/www.cuencasmineras.com\/?s={search_term_string}"},"query-input":{"@type":"PropertyValueSpecification","valueRequired":true,"valueName":"search_term_string"}}],"inLanguage":"es"},{"@type":"Person","@id":"https:\/\/www.cuencasmineras.com\/#\/schema\/person\/be0691310e8496ec555f679dd688420c","name":"admin","image":{"@type":"ImageObject","inLanguage":"es","@id":"https:\/\/secure.gravatar.com\/avatar\/4afd2eed3b2fbbf36dd6707b5bd8a5b50ac648f033e36fbf85aeace2f0f859db?s=96&d=mm&r=g","url":"https:\/\/secure.gravatar.com\/avatar\/4afd2eed3b2fbbf36dd6707b5bd8a5b50ac648f033e36fbf85aeace2f0f859db?s=96&d=mm&r=g","contentUrl":"https:\/\/secure.gravatar.com\/avatar\/4afd2eed3b2fbbf36dd6707b5bd8a5b50ac648f033e36fbf85aeace2f0f859db?s=96&d=mm&r=g","caption":"admin"},"sameAs":["https:\/\/www.cuencasmineras.com"],"url":"https:\/\/www.cuencasmineras.com\/index.php\/author\/admin\/"}]}},"_links":{"self":[{"href":"https:\/\/www.cuencasmineras.com\/index.php\/wp-json\/wp\/v2\/posts\/1193","targetHints":{"allow":["GET"]}}],"collection":[{"href":"https:\/\/www.cuencasmineras.com\/index.php\/wp-json\/wp\/v2\/posts"}],"about":[{"href":"https:\/\/www.cuencasmineras.com\/index.php\/wp-json\/wp\/v2\/types\/post"}],"author":[{"embeddable":true,"href":"https:\/\/www.cuencasmineras.com\/index.php\/wp-json\/wp\/v2\/users\/1"}],"replies":[{"embeddable":true,"href":"https:\/\/www.cuencasmineras.com\/index.php\/wp-json\/wp\/v2\/comments?post=1193"}],"version-history":[{"count":2,"href":"https:\/\/www.cuencasmineras.com\/index.php\/wp-json\/wp\/v2\/posts\/1193\/revisions"}],"predecessor-version":[{"id":1195,"href":"https:\/\/www.cuencasmineras.com\/index.php\/wp-json\/wp\/v2\/posts\/1193\/revisions\/1195"}],"wp:featuredmedia":[{"embeddable":true,"href":"https:\/\/www.cuencasmineras.com\/index.php\/wp-json\/wp\/v2\/media\/1079"}],"wp:attachment":[{"href":"https:\/\/www.cuencasmineras.com\/index.php\/wp-json\/wp\/v2\/media?parent=1193"}],"wp:term":[{"taxonomy":"category","embeddable":true,"href":"https:\/\/www.cuencasmineras.com\/index.php\/wp-json\/wp\/v2\/categories?post=1193"},{"taxonomy":"post_tag","embeddable":true,"href":"https:\/\/www.cuencasmineras.com\/index.php\/wp-json\/wp\/v2\/tags?post=1193"}],"curies":[{"name":"wp","href":"https:\/\/api.w.org\/{rel}","templated":true}]}}