{"id":1242,"date":"2020-10-17T19:55:51","date_gmt":"2020-10-17T19:55:51","guid":{"rendered":"https:\/\/www.cuencasmineras.com\/?p=1242"},"modified":"2020-10-17T19:55:51","modified_gmt":"2020-10-17T19:55:51","slug":"salud-confirma-207-nuevos-casos-de-coronavirus","status":"publish","type":"post","link":"https:\/\/www.cuencasmineras.com\/index.php\/2020\/10\/17\/salud-confirma-207-nuevos-casos-de-coronavirus\/","title":{"rendered":"Salud confirma 207 nuevos casos de coronavirus"},"content":{"rendered":"<p class=\"page-h1 container\" style=\"text-align: justify;\"><span id=\"p_com_liferay_asset_publisher_web_portlet_AssetPublisherPortlet_INSTANCE_DSnKSBdGDt7q\"><\/span>17 de octubre de 2020<\/p>\n<div id=\"main-content\" class=\"columns-1\" role=\"main\">\n<div class=\"portlet-layout row\">\n<div id=\"column-1\" class=\"col-md-12 portlet-column portlet-column-only\">\n<div id=\"layout-column_column-1\" class=\"portlet-dropzone portlet-column-content portlet-column-content-only\">\n<div id=\"p_p_id_com_liferay_asset_publisher_web_portlet_AssetPublisherPortlet_INSTANCE_DSnKSBdGDt7q_\" class=\"portlet-boundary portlet-boundary_com_liferay_asset_publisher_web_portlet_AssetPublisherPortlet_ portlet-static portlet-static-end portlet-barebone portlet-asset-publisher nota-detalle\">\n<section id=\"portlet_com_liferay_asset_publisher_web_portlet_AssetPublisherPortlet_INSTANCE_DSnKSBdGDt7q\" class=\"portlet\">\n<div class=\"portlet-content\">\n<div class=\" portlet-content-container\">\n<div class=\"portlet-body\">\n<div>\n<div class=\"asset-full-content clearfix default-asset-publisher show-asset-title\">\n<div id=\"_com_liferay_asset_publisher_web_portlet_AssetPublisherPortlet_INSTANCE_DSnKSBdGDt7q_191728\" class=\"asset-content\">\n<div class=\"clearfix journal-content-article\" data-analytics-asset-id=\"191715\" data-analytics-asset-title=\"Salud confirma 207 nuevos casos de coronavirus\" data-analytics-asset-type=\"web-content\">\n<div class=\"nota\">\n<div class=\"subtitle\" style=\"text-align: justify;\">La tasa de positividad se sit\u00faa en el 5,59%, tras haberse realizado ayer 3.703 pruebas PCR. Las autoridades sanitarias piden a la ciudadan\u00eda que limite la vida social y la movilidad ante la gran transmisi\u00f3n del virus y la presi\u00f3n asistencial en los hospitales<\/div>\n<div class=\"imagen-principal\" style=\"text-align: justify;\"><picture data-fileentryid=\"191719\"><source srcset=\"\/o\/adaptive-media\/image\/191719\/Thumbnail-300x300\/covid-19.jpg?t=1602945159446\" media=\"(max-width:300px)\" \/><source srcset=\"\/o\/adaptive-media\/image\/191719\/Preview-1000x0\/covid-19.jpg?t=1602945159446\" media=\"(max-width:1000px) and (min-width:300px)\" \/><img decoding=\"async\" src=\"https:\/\/coronavirus.asturias.es\/documents\/71418\/191718\/covid-19.jpg\/8456d359-4a0f-d894-1028-c1df16a4b7fb?t=1602945159446\" alt=\"\" data-fileentryid=\"191719\" \/><\/picture><\/div>\n<div class=\"description\">\n<p style=\"text-align: justify;\">La Consejer\u00eda de Salud ha confirmado 207 nuevos casos de coronavirus diagnosticados ayer. Las personas afectadas presentan s\u00edntomas leves o son asintom\u00e1ticas y permanecen aisladas en sus domicilios, a excepci\u00f3n de dos que han precisado ingreso hospitalario. No ha habido nuevos ingresos en la UCI.<\/p>\n<p style=\"text-align: justify;\">El Servicio de Vigilancia Epidemiol\u00f3gica contin\u00faa con las investigaciones para determinar los v\u00ednculos de los contagios confirmados.<\/p>\n<p style=\"text-align: justify;\">Por otra parte, se registr\u00f3 el fallecimiento de tres mujeres, dos de ellas de 90 y 86 a\u00f1os usuarias de centros residenciales sociosanitarios y otra de 64 a\u00f1os.<\/p>\n<p style=\"text-align: justify;\">El Servicio de Salud del Principado (Sespa) realiz\u00f3 en la jornada de ayer \u00a03.703 pruebas PCR, por lo que la tasa de positividad se situ\u00f3 en el 5,59%.<\/p>\n<p style=\"text-align: justify;\">La Consejer\u00eda de Salud recuerda que siguen activos los llamamientos a la poblaci\u00f3n en los gimnasios <em>AltaFit-Natahoyo<\/em> y <em>MacFit<\/em>, de Gij\u00f3n, y <em>Quirinal 14 Sport<\/em>, de Avil\u00e9s; y en los de los establecimientos hosteleros <em>La Panoya <\/em>de Cenera (Mieres) y <em>El Duende<\/em> de Trubia (Oviedo). Las personas que hayan visitado estos locales deben rellenen el formulario disponible en Astursalud (<a href=\"https:\/\/www.astursalud.es\/en\/formulario-pcr\">https:\/\/www.astursalud.es\/en\/formulario-pcr<\/a>) o llamar al tel\u00e9fono 984 100 400.<\/p>\n<p style=\"text-align: justify;\">El Sespa contactar\u00e1 con los afectados para valorar la indicaci\u00f3n de realizar una prueba PCR. Mientras tanto, estas personas deben limitar su vida social, vigilar su estado y cumplir con rigor las medidas de protecci\u00f3n: lavado frecuente de manos, uso correcto de la mascarilla y mantenimiento de la distancia interpersonal de, al menos, un metro y medio.<\/p>\n<p style=\"text-align: justify;\">Las autoridades sanitarias insisten en que, aun siendo importante la realizaci\u00f3n de la prueba en estos t\u00e9rminos, lo fundamental son las medidas de protecci\u00f3n y prevenci\u00f3n.<\/p>\n<p style=\"text-align: justify;\"><strong>Llamada a restringir la vida social<\/strong><\/p>\n<p style=\"text-align: justify;\">Salud P\u00fablica recuerda que se est\u00e1 viviendo una situaci\u00f3n cr\u00edtica con el incremento de las hospitalizaciones y m\u00e1s personas graves, as\u00ed como un aumento en los fallecimientos. Por ello, la respuesta durante los pr\u00f3ximos quince d\u00edas es de vital importancia para poder frenar el aumento de los contagios.\u00a0 Se recomienda restringir la vida social y la movilidad debido a la gran transmisi\u00f3n del virus.<\/p>\n<p style=\"text-align: justify;\">Desde el jueves, el Principado est\u00e1 en una fase 2 de desescalada modificada para disminuir los contagios y contener la gravedad y mortalidad de la pandemia.<\/p>\n<p style=\"text-align: justify;\">Las personas mayores de 65 a\u00f1os o con patolog\u00edas cr\u00f3nicas que viven fuera de los entornos residenciales han de extremar las medidas de protecci\u00f3n y seguridad, evitar espacios cerrados, actividades grupales y encuentros en lugares cerrados.<\/p>\n<p style=\"text-align: justify;\">Las autoridades sanitarias recuerdan que est\u00e1 prohibido el consumo en las barras hosteleras y la venta de alcohol en gasolineras y en comercios minoristas, estos \u00faltimos a partir de las diez de la noche. Adem\u00e1s, se limitan a seis las personas que pueden sentarse en una mesa en establecimientos de hosteler\u00eda y restauraci\u00f3n.<\/p>\n<p style=\"text-align: justify;\">Tampoco se permiten las fiestas relacionadas con el oto\u00f1o en toda la comunidad aut\u00f3noma y se suspende la realizaci\u00f3n de eventos multitudinarios. En cuanto a las actividades autorizadas previamente, Salud P\u00fablica reevaluar\u00e1 los riesgos.<\/p>\n<p style=\"text-align: justify;\">Se recuerda tambi\u00e9n a las personas que est\u00e1n pendientes del resultado de una PCR o que son consideradas contactos estrechos que es obligatorio cumplir con rigor la cuarentena y el aislamiento en sus domicilios.<\/p>\n<p style=\"text-align: justify;\">Todas las medidas se pueden consultar en el siguiente enlace: <a href=\"https:\/\/sedemovil.asturias.es\/bopa\/2020\/10\/14\/20201014Su1.pdf\">https:\/\/sedemovil.asturias.es\/bopa\/2020\/10\/14\/20201014Su1.pdf<\/a><\/p>\n<\/div>\n<\/div>\n<\/div>\n<\/div>\n<\/div>\n<\/div>\n<\/div>\n<\/div>\n<\/div>\n<\/section>\n<\/div>\n<\/div>\n<\/div>\n<\/div>\n<\/div>\n","protected":false},"excerpt":{"rendered":"<p>17 de octubre de 2020 La tasa de positividad se sit\u00faa en el 5,59%, tras haberse realizado ayer 3.703 pruebas PCR. Las autoridades sanitarias piden a la ciudadan\u00eda que limite la vida social y la movilidad ante la gran transmisi\u00f3n del virus y la presi\u00f3n asistencial en los hospitales La Consejer\u00eda de Salud ha confirmado [&hellip;]<\/p>\n","protected":false},"author":1,"featured_media":1079,"comment_status":"open","ping_status":"open","sticky":false,"template":"","format":"standard","meta":{"footnotes":""},"categories":[49],"tags":[104,21],"class_list":["post-1242","post","type-post","status-publish","format-standard","has-post-thumbnail","hentry","category-covid","tag-207-casos","tag-covid"],"yoast_head":"<!-- This site is optimized with the Yoast SEO plugin v27.4 - https:\/\/yoast.com\/product\/yoast-seo-wordpress\/ -->\n<title>Salud confirma 207 nuevos casos de coronavirus -<\/title>\n<meta name=\"description\" content=\"La tasa de positividad se sit\u00faa en el 5,59%, tras haberse realizado ayer 3.703 pruebas PCR. Las autoridades sanitarias piden a la ciudadan\u00eda...\" \/>\n<meta name=\"robots\" content=\"index, follow, max-snippet:-1, max-image-preview:large, max-video-preview:-1\" \/>\n<link rel=\"canonical\" href=\"https:\/\/www.cuencasmineras.com\/index.php\/2020\/10\/17\/salud-confirma-207-nuevos-casos-de-coronavirus\/\" \/>\n<meta property=\"og:locale\" content=\"es_ES\" \/>\n<meta property=\"og:type\" content=\"article\" \/>\n<meta property=\"og:title\" content=\"Salud confirma 207 nuevos casos de coronavirus -\" \/>\n<meta property=\"og:description\" content=\"La tasa de positividad se sit\u00faa en el 5,59%, tras haberse realizado ayer 3.703 pruebas PCR. Las autoridades sanitarias piden a la ciudadan\u00eda...\" \/>\n<meta property=\"og:url\" content=\"https:\/\/www.cuencasmineras.com\/index.php\/2020\/10\/17\/salud-confirma-207-nuevos-casos-de-coronavirus\/\" \/>\n<meta property=\"article:published_time\" content=\"2020-10-17T19:55:51+00:00\" \/>\n<meta property=\"og:image\" content=\"https:\/\/www.cuencasmineras.com\/wp-content\/uploads\/2020\/10\/coronavirus-verde-2.jpg\" \/>\n\t<meta property=\"og:image:width\" content=\"1920\" \/>\n\t<meta property=\"og:image:height\" content=\"1006\" \/>\n\t<meta property=\"og:image:type\" content=\"image\/jpeg\" \/>\n<meta name=\"author\" content=\"admin\" \/>\n<meta name=\"twitter:card\" content=\"summary_large_image\" \/>\n<meta name=\"twitter:label1\" content=\"Escrito por\" \/>\n\t<meta name=\"twitter:data1\" content=\"admin\" \/>\n\t<meta name=\"twitter:label2\" content=\"Tiempo de lectura\" \/>\n\t<meta name=\"twitter:data2\" content=\"3 minutos\" \/>\n<script type=\"application\/ld+json\" class=\"yoast-schema-graph\">{\"@context\":\"https:\\\/\\\/schema.org\",\"@graph\":[{\"@type\":\"Article\",\"@id\":\"https:\\\/\\\/www.cuencasmineras.com\\\/index.php\\\/2020\\\/10\\\/17\\\/salud-confirma-207-nuevos-casos-de-coronavirus\\\/#article\",\"isPartOf\":{\"@id\":\"https:\\\/\\\/www.cuencasmineras.com\\\/index.php\\\/2020\\\/10\\\/17\\\/salud-confirma-207-nuevos-casos-de-coronavirus\\\/\"},\"author\":{\"name\":\"admin\",\"@id\":\"https:\\\/\\\/www.cuencasmineras.com\\\/#\\\/schema\\\/person\\\/be0691310e8496ec555f679dd688420c\"},\"headline\":\"Salud confirma 207 nuevos casos de coronavirus\",\"datePublished\":\"2020-10-17T19:55:51+00:00\",\"mainEntityOfPage\":{\"@id\":\"https:\\\/\\\/www.cuencasmineras.com\\\/index.php\\\/2020\\\/10\\\/17\\\/salud-confirma-207-nuevos-casos-de-coronavirus\\\/\"},\"wordCount\":626,\"commentCount\":0,\"image\":{\"@id\":\"https:\\\/\\\/www.cuencasmineras.com\\\/index.php\\\/2020\\\/10\\\/17\\\/salud-confirma-207-nuevos-casos-de-coronavirus\\\/#primaryimage\"},\"thumbnailUrl\":\"https:\\\/\\\/www.cuencasmineras.com\\\/wp-content\\\/uploads\\\/2020\\\/10\\\/coronavirus-verde-2.jpg\",\"keywords\":[\"207 casos\",\"covid\"],\"articleSection\":[\"COVID-19\"],\"inLanguage\":\"es\",\"potentialAction\":[{\"@type\":\"CommentAction\",\"name\":\"Comment\",\"target\":[\"https:\\\/\\\/www.cuencasmineras.com\\\/index.php\\\/2020\\\/10\\\/17\\\/salud-confirma-207-nuevos-casos-de-coronavirus\\\/#respond\"]}]},{\"@type\":\"WebPage\",\"@id\":\"https:\\\/\\\/www.cuencasmineras.com\\\/index.php\\\/2020\\\/10\\\/17\\\/salud-confirma-207-nuevos-casos-de-coronavirus\\\/\",\"url\":\"https:\\\/\\\/www.cuencasmineras.com\\\/index.php\\\/2020\\\/10\\\/17\\\/salud-confirma-207-nuevos-casos-de-coronavirus\\\/\",\"name\":\"Salud confirma 207 nuevos casos de coronavirus -\",\"isPartOf\":{\"@id\":\"https:\\\/\\\/www.cuencasmineras.com\\\/#website\"},\"primaryImageOfPage\":{\"@id\":\"https:\\\/\\\/www.cuencasmineras.com\\\/index.php\\\/2020\\\/10\\\/17\\\/salud-confirma-207-nuevos-casos-de-coronavirus\\\/#primaryimage\"},\"image\":{\"@id\":\"https:\\\/\\\/www.cuencasmineras.com\\\/index.php\\\/2020\\\/10\\\/17\\\/salud-confirma-207-nuevos-casos-de-coronavirus\\\/#primaryimage\"},\"thumbnailUrl\":\"https:\\\/\\\/www.cuencasmineras.com\\\/wp-content\\\/uploads\\\/2020\\\/10\\\/coronavirus-verde-2.jpg\",\"datePublished\":\"2020-10-17T19:55:51+00:00\",\"author\":{\"@id\":\"https:\\\/\\\/www.cuencasmineras.com\\\/#\\\/schema\\\/person\\\/be0691310e8496ec555f679dd688420c\"},\"description\":\"La tasa de positividad se sit\u00faa en el 5,59%, tras haberse realizado ayer 3.703 pruebas PCR. Las autoridades sanitarias piden a la ciudadan\u00eda...\",\"breadcrumb\":{\"@id\":\"https:\\\/\\\/www.cuencasmineras.com\\\/index.php\\\/2020\\\/10\\\/17\\\/salud-confirma-207-nuevos-casos-de-coronavirus\\\/#breadcrumb\"},\"inLanguage\":\"es\",\"potentialAction\":[{\"@type\":\"ReadAction\",\"target\":[\"https:\\\/\\\/www.cuencasmineras.com\\\/index.php\\\/2020\\\/10\\\/17\\\/salud-confirma-207-nuevos-casos-de-coronavirus\\\/\"]}]},{\"@type\":\"ImageObject\",\"inLanguage\":\"es\",\"@id\":\"https:\\\/\\\/www.cuencasmineras.com\\\/index.php\\\/2020\\\/10\\\/17\\\/salud-confirma-207-nuevos-casos-de-coronavirus\\\/#primaryimage\",\"url\":\"https:\\\/\\\/www.cuencasmineras.com\\\/wp-content\\\/uploads\\\/2020\\\/10\\\/coronavirus-verde-2.jpg\",\"contentUrl\":\"https:\\\/\\\/www.cuencasmineras.com\\\/wp-content\\\/uploads\\\/2020\\\/10\\\/coronavirus-verde-2.jpg\",\"width\":1920,\"height\":1006},{\"@type\":\"BreadcrumbList\",\"@id\":\"https:\\\/\\\/www.cuencasmineras.com\\\/index.php\\\/2020\\\/10\\\/17\\\/salud-confirma-207-nuevos-casos-de-coronavirus\\\/#breadcrumb\",\"itemListElement\":[{\"@type\":\"ListItem\",\"position\":1,\"name\":\"Portada\",\"item\":\"https:\\\/\\\/www.cuencasmineras.com\\\/\"},{\"@type\":\"ListItem\",\"position\":2,\"name\":\"Salud confirma 207 nuevos casos de coronavirus\"}]},{\"@type\":\"WebSite\",\"@id\":\"https:\\\/\\\/www.cuencasmineras.com\\\/#website\",\"url\":\"https:\\\/\\\/www.cuencasmineras.com\\\/\",\"name\":\"\",\"description\":\"\",\"potentialAction\":[{\"@type\":\"SearchAction\",\"target\":{\"@type\":\"EntryPoint\",\"urlTemplate\":\"https:\\\/\\\/www.cuencasmineras.com\\\/?s={search_term_string}\"},\"query-input\":{\"@type\":\"PropertyValueSpecification\",\"valueRequired\":true,\"valueName\":\"search_term_string\"}}],\"inLanguage\":\"es\"},{\"@type\":\"Person\",\"@id\":\"https:\\\/\\\/www.cuencasmineras.com\\\/#\\\/schema\\\/person\\\/be0691310e8496ec555f679dd688420c\",\"name\":\"admin\",\"image\":{\"@type\":\"ImageObject\",\"inLanguage\":\"es\",\"@id\":\"https:\\\/\\\/secure.gravatar.com\\\/avatar\\\/4afd2eed3b2fbbf36dd6707b5bd8a5b50ac648f033e36fbf85aeace2f0f859db?s=96&d=mm&r=g\",\"url\":\"https:\\\/\\\/secure.gravatar.com\\\/avatar\\\/4afd2eed3b2fbbf36dd6707b5bd8a5b50ac648f033e36fbf85aeace2f0f859db?s=96&d=mm&r=g\",\"contentUrl\":\"https:\\\/\\\/secure.gravatar.com\\\/avatar\\\/4afd2eed3b2fbbf36dd6707b5bd8a5b50ac648f033e36fbf85aeace2f0f859db?s=96&d=mm&r=g\",\"caption\":\"admin\"},\"sameAs\":[\"https:\\\/\\\/www.cuencasmineras.com\"],\"url\":\"https:\\\/\\\/www.cuencasmineras.com\\\/index.php\\\/author\\\/admin\\\/\"}]}<\/script>\n<!-- \/ Yoast SEO plugin. -->","yoast_head_json":{"title":"Salud confirma 207 nuevos casos de coronavirus -","description":"La tasa de positividad se sit\u00faa en el 5,59%, tras haberse realizado ayer 3.703 pruebas PCR. Las autoridades sanitarias piden a la ciudadan\u00eda...","robots":{"index":"index","follow":"follow","max-snippet":"max-snippet:-1","max-image-preview":"max-image-preview:large","max-video-preview":"max-video-preview:-1"},"canonical":"https:\/\/www.cuencasmineras.com\/index.php\/2020\/10\/17\/salud-confirma-207-nuevos-casos-de-coronavirus\/","og_locale":"es_ES","og_type":"article","og_title":"Salud confirma 207 nuevos casos de coronavirus -","og_description":"La tasa de positividad se sit\u00faa en el 5,59%, tras haberse realizado ayer 3.703 pruebas PCR. Las autoridades sanitarias piden a la ciudadan\u00eda...","og_url":"https:\/\/www.cuencasmineras.com\/index.php\/2020\/10\/17\/salud-confirma-207-nuevos-casos-de-coronavirus\/","article_published_time":"2020-10-17T19:55:51+00:00","og_image":[{"width":1920,"height":1006,"url":"https:\/\/www.cuencasmineras.com\/wp-content\/uploads\/2020\/10\/coronavirus-verde-2.jpg","type":"image\/jpeg"}],"author":"admin","twitter_card":"summary_large_image","twitter_misc":{"Escrito por":"admin","Tiempo de lectura":"3 minutos"},"schema":{"@context":"https:\/\/schema.org","@graph":[{"@type":"Article","@id":"https:\/\/www.cuencasmineras.com\/index.php\/2020\/10\/17\/salud-confirma-207-nuevos-casos-de-coronavirus\/#article","isPartOf":{"@id":"https:\/\/www.cuencasmineras.com\/index.php\/2020\/10\/17\/salud-confirma-207-nuevos-casos-de-coronavirus\/"},"author":{"name":"admin","@id":"https:\/\/www.cuencasmineras.com\/#\/schema\/person\/be0691310e8496ec555f679dd688420c"},"headline":"Salud confirma 207 nuevos casos de coronavirus","datePublished":"2020-10-17T19:55:51+00:00","mainEntityOfPage":{"@id":"https:\/\/www.cuencasmineras.com\/index.php\/2020\/10\/17\/salud-confirma-207-nuevos-casos-de-coronavirus\/"},"wordCount":626,"commentCount":0,"image":{"@id":"https:\/\/www.cuencasmineras.com\/index.php\/2020\/10\/17\/salud-confirma-207-nuevos-casos-de-coronavirus\/#primaryimage"},"thumbnailUrl":"https:\/\/www.cuencasmineras.com\/wp-content\/uploads\/2020\/10\/coronavirus-verde-2.jpg","keywords":["207 casos","covid"],"articleSection":["COVID-19"],"inLanguage":"es","potentialAction":[{"@type":"CommentAction","name":"Comment","target":["https:\/\/www.cuencasmineras.com\/index.php\/2020\/10\/17\/salud-confirma-207-nuevos-casos-de-coronavirus\/#respond"]}]},{"@type":"WebPage","@id":"https:\/\/www.cuencasmineras.com\/index.php\/2020\/10\/17\/salud-confirma-207-nuevos-casos-de-coronavirus\/","url":"https:\/\/www.cuencasmineras.com\/index.php\/2020\/10\/17\/salud-confirma-207-nuevos-casos-de-coronavirus\/","name":"Salud confirma 207 nuevos casos de coronavirus -","isPartOf":{"@id":"https:\/\/www.cuencasmineras.com\/#website"},"primaryImageOfPage":{"@id":"https:\/\/www.cuencasmineras.com\/index.php\/2020\/10\/17\/salud-confirma-207-nuevos-casos-de-coronavirus\/#primaryimage"},"image":{"@id":"https:\/\/www.cuencasmineras.com\/index.php\/2020\/10\/17\/salud-confirma-207-nuevos-casos-de-coronavirus\/#primaryimage"},"thumbnailUrl":"https:\/\/www.cuencasmineras.com\/wp-content\/uploads\/2020\/10\/coronavirus-verde-2.jpg","datePublished":"2020-10-17T19:55:51+00:00","author":{"@id":"https:\/\/www.cuencasmineras.com\/#\/schema\/person\/be0691310e8496ec555f679dd688420c"},"description":"La tasa de positividad se sit\u00faa en el 5,59%, tras haberse realizado ayer 3.703 pruebas PCR. Las autoridades sanitarias piden a la ciudadan\u00eda...","breadcrumb":{"@id":"https:\/\/www.cuencasmineras.com\/index.php\/2020\/10\/17\/salud-confirma-207-nuevos-casos-de-coronavirus\/#breadcrumb"},"inLanguage":"es","potentialAction":[{"@type":"ReadAction","target":["https:\/\/www.cuencasmineras.com\/index.php\/2020\/10\/17\/salud-confirma-207-nuevos-casos-de-coronavirus\/"]}]},{"@type":"ImageObject","inLanguage":"es","@id":"https:\/\/www.cuencasmineras.com\/index.php\/2020\/10\/17\/salud-confirma-207-nuevos-casos-de-coronavirus\/#primaryimage","url":"https:\/\/www.cuencasmineras.com\/wp-content\/uploads\/2020\/10\/coronavirus-verde-2.jpg","contentUrl":"https:\/\/www.cuencasmineras.com\/wp-content\/uploads\/2020\/10\/coronavirus-verde-2.jpg","width":1920,"height":1006},{"@type":"BreadcrumbList","@id":"https:\/\/www.cuencasmineras.com\/index.php\/2020\/10\/17\/salud-confirma-207-nuevos-casos-de-coronavirus\/#breadcrumb","itemListElement":[{"@type":"ListItem","position":1,"name":"Portada","item":"https:\/\/www.cuencasmineras.com\/"},{"@type":"ListItem","position":2,"name":"Salud confirma 207 nuevos casos de coronavirus"}]},{"@type":"WebSite","@id":"https:\/\/www.cuencasmineras.com\/#website","url":"https:\/\/www.cuencasmineras.com\/","name":"","description":"","potentialAction":[{"@type":"SearchAction","target":{"@type":"EntryPoint","urlTemplate":"https:\/\/www.cuencasmineras.com\/?s={search_term_string}"},"query-input":{"@type":"PropertyValueSpecification","valueRequired":true,"valueName":"search_term_string"}}],"inLanguage":"es"},{"@type":"Person","@id":"https:\/\/www.cuencasmineras.com\/#\/schema\/person\/be0691310e8496ec555f679dd688420c","name":"admin","image":{"@type":"ImageObject","inLanguage":"es","@id":"https:\/\/secure.gravatar.com\/avatar\/4afd2eed3b2fbbf36dd6707b5bd8a5b50ac648f033e36fbf85aeace2f0f859db?s=96&d=mm&r=g","url":"https:\/\/secure.gravatar.com\/avatar\/4afd2eed3b2fbbf36dd6707b5bd8a5b50ac648f033e36fbf85aeace2f0f859db?s=96&d=mm&r=g","contentUrl":"https:\/\/secure.gravatar.com\/avatar\/4afd2eed3b2fbbf36dd6707b5bd8a5b50ac648f033e36fbf85aeace2f0f859db?s=96&d=mm&r=g","caption":"admin"},"sameAs":["https:\/\/www.cuencasmineras.com"],"url":"https:\/\/www.cuencasmineras.com\/index.php\/author\/admin\/"}]}},"_links":{"self":[{"href":"https:\/\/www.cuencasmineras.com\/index.php\/wp-json\/wp\/v2\/posts\/1242","targetHints":{"allow":["GET"]}}],"collection":[{"href":"https:\/\/www.cuencasmineras.com\/index.php\/wp-json\/wp\/v2\/posts"}],"about":[{"href":"https:\/\/www.cuencasmineras.com\/index.php\/wp-json\/wp\/v2\/types\/post"}],"author":[{"embeddable":true,"href":"https:\/\/www.cuencasmineras.com\/index.php\/wp-json\/wp\/v2\/users\/1"}],"replies":[{"embeddable":true,"href":"https:\/\/www.cuencasmineras.com\/index.php\/wp-json\/wp\/v2\/comments?post=1242"}],"version-history":[{"count":1,"href":"https:\/\/www.cuencasmineras.com\/index.php\/wp-json\/wp\/v2\/posts\/1242\/revisions"}],"predecessor-version":[{"id":1243,"href":"https:\/\/www.cuencasmineras.com\/index.php\/wp-json\/wp\/v2\/posts\/1242\/revisions\/1243"}],"wp:featuredmedia":[{"embeddable":true,"href":"https:\/\/www.cuencasmineras.com\/index.php\/wp-json\/wp\/v2\/media\/1079"}],"wp:attachment":[{"href":"https:\/\/www.cuencasmineras.com\/index.php\/wp-json\/wp\/v2\/media?parent=1242"}],"wp:term":[{"taxonomy":"category","embeddable":true,"href":"https:\/\/www.cuencasmineras.com\/index.php\/wp-json\/wp\/v2\/categories?post=1242"},{"taxonomy":"post_tag","embeddable":true,"href":"https:\/\/www.cuencasmineras.com\/index.php\/wp-json\/wp\/v2\/tags?post=1242"}],"curies":[{"name":"wp","href":"https:\/\/api.w.org\/{rel}","templated":true}]}}