{"id":1284,"date":"2020-10-26T11:52:52","date_gmt":"2020-10-26T11:52:52","guid":{"rendered":"https:\/\/www.cuencasmineras.com\/?p=1284"},"modified":"2020-10-26T11:52:52","modified_gmt":"2020-10-26T11:52:52","slug":"el-pp-de-mieres-denuncia-ibi","status":"publish","type":"post","link":"https:\/\/www.cuencasmineras.com\/index.php\/2020\/10\/26\/el-pp-de-mieres-denuncia-ibi\/","title":{"rendered":"El PP de Mieres  denuncia que 132 \u20ac de m\u00e1s es lo que paga un piso  por el IBI compar\u00e1ndolo con Oviedo."},"content":{"rendered":"<h2>132 \u20ac de m\u00e1s es lo que paga un piso en Mieres por el IBI compar\u00e1ndolo con Oviedo.<\/h2>\n<p>&nbsp;<\/p>\n<p>Es as\u00ed de claro, <strong>en Mieres se paga un 24% m\u00e1s de IBI que en Oviedo<\/strong>. Los datos no enga\u00f1an: un piso de valor catastral aproximado 35.000\u20ac, por poner de ejemplo,\u00a0 pag\u00e1 en Mieres 298.9\u20ac y en Oviedo pagar\u00eda 227.5\u20ac, esta es la realidad.<\/p>\n<p>Si comparamos con Langreo pasar\u00eda lo mismo, la cuota de Langreo ser\u00eda de 269.15\u20ac, <strong>un 10% menos<\/strong>. En Pola de Lena ser\u00edan 257.25\u20ac, <strong>casi un 14% menos<\/strong>.<\/p>\n<p>Esta es la realidad que vivimos en nuestra Cuenca, por muchas declaraciones que el Equipo de Gobierno intente demostrar lo contrario, somos los que m\u00e1s pagamos. La presi\u00f3n fiscal que sufrimos los Mierenses es muy alta , por mucho que se intente demostrar lo contrario. Por cierto, el catastrazo del a\u00f1o 2014 que aplic\u00f3 el gobierno Central fue pedido por el ayuntamiento para poder sacar m\u00e1s por el IBI, no fue ninguna imposici\u00f3n u obligaci\u00f3n, fue el ansia recaudador de IU para acabar con la deuda y motivado por el rescate en el que estaba sometido el Ayuntamiento al haberse acogido 2 veces al plan de pago de proveedores.<\/p>\n<p>Con la declaraci\u00f3n del estado de emergencia producida ayer por el Gobierno central, se aproximan unos meses muy duros para todos los ciudadanos y sobre todo para todos los empresarios y aut\u00f3nomos. Estamos en el momento adecuado para sentar las bases de las tasas e impuestos que se aplicar\u00e1n el a\u00f1o que viene, siendo el momento preciso para poder dar esa ayuda que la econom\u00eda de Mieres necesita. Podemos seguir sacando ayudas y convocatorias que no llegan a la poblaci\u00f3n, podemos seguir con fuegos de artificio para unos pocos y podemos seguir con una demagogia populista de creer que con generar l\u00edneas de ayudas tard\u00edas se soluciona todo. Es el momento de hacer un esfuerzo por relamente ayudar a la ciudadan\u00eda y demostrar si se est\u00e1 comprometido o no con la econom\u00eda del Concejo.<\/p>\n<p>Pero claro, para hacer este esfuerzo, lo primero hay que tener voluntad de trabajo y compromiso, del que se carece, ya que conlleva el modificar los presupuestos municipales lo cual todos sabemos que le cuesta mucho a IU, en 9 a\u00f1os de mandato solo han hecho 2 presupuestos.<\/p>\n<p>Seguimos insistiendo que es necesario hacer rebajas en las tasas municipales que afectan a la hosteler\u00eda y el comercio, ya que son los m\u00e1s afectados por las medidas de reciente aplicaci\u00f3n. Si no los protegemos ahora, el a\u00f1o que viene sufriremos una p\u00e9rdida de locales, iremos viendo c\u00f3mo poco a poco las calles se llenan de carteles de se traspasa y alquila, convirti\u00e9ndose en el erial que se est\u00e1 creando en el Concejo de Mieres.\u00a0 Los 9 a\u00f1os de gobierno de IU dan un resultado \u00fanicamente de p\u00e9rdida de poblaci\u00f3n galopante, ni una sola empresa importante se ha instalado en el Concejo, dejamos el peso de la econom\u00eda en los aut\u00f3nomos\u00a0 que son a los que m\u00e1s se les aprieta y la tasa de paro actual no hace m\u00e1s que subir, situ\u00e1ndose en un\u00a0 21.5% muy preocupante.<\/p>\n<p>No podemos esperar m\u00e1s por la reacci\u00f3n del Equipo de Gobierno, solamente haci\u00e9ndonos las siguientes\u00a0 preguntas: \u00bfqu\u00e9 ha hecho este Equipo de Gobierno por la econom\u00eda del concejo? \u00bfcu\u00e1ntas empresas se han marchado?\u00bfCu\u00e1ntas han venido?\u00bfaumenta el comercio?\u00bfCada vez hay m\u00e1s bajos cerrados? Somos todos conscientes hacia donde se va el Concejo de Mieres y el futuro que nos va dejar IU.<\/p>\n<p>&nbsp;<\/p>\n","protected":false},"excerpt":{"rendered":"<p>132 \u20ac de m\u00e1s es lo que paga un piso en Mieres por el IBI compar\u00e1ndolo con Oviedo. &nbsp; Es as\u00ed de claro, en Mieres se paga un 24% m\u00e1s de IBI que en Oviedo. Los datos no enga\u00f1an: un piso de valor catastral aproximado 35.000\u20ac, por poner de ejemplo,\u00a0 pag\u00e1 en Mieres 298.9\u20ac y [&hellip;]<\/p>\n","protected":false},"author":1,"featured_media":1285,"comment_status":"open","ping_status":"open","sticky":false,"template":"","format":"standard","meta":{"footnotes":""},"categories":[7,6],"tags":[112,31],"class_list":["post-1284","post","type-post","status-publish","format-standard","has-post-thumbnail","hentry","category-caudal","category-noticias","tag-ibi","tag-mieres"],"yoast_head":"<!-- This site is optimized with the Yoast SEO plugin v27.4 - https:\/\/yoast.com\/product\/yoast-seo-wordpress\/ -->\n<title>El PP de Mieres denuncia que 132 \u20ac de m\u00e1s es lo que paga un piso por el IBI compar\u00e1ndolo con Oviedo.<\/title>\n<meta name=\"description\" content=\"Es as\u00ed de claro, en Mieres se paga un 24% m\u00e1s de IBI que en Oviedo. Los datos no enga\u00f1an: un piso de valor catastral aproximado 35.000\u20ac, por poner de ejemplo,\u00a0 pag\u00e1 en Mieres 298.9\u20ac y en Oviedo pagar\u00eda 227.5\u20ac, esta es la realidad.\" \/>\n<meta name=\"robots\" content=\"index, follow, max-snippet:-1, max-image-preview:large, max-video-preview:-1\" \/>\n<link rel=\"canonical\" href=\"https:\/\/www.cuencasmineras.com\/index.php\/2020\/10\/26\/el-pp-de-mieres-denuncia-ibi\/\" \/>\n<meta property=\"og:locale\" content=\"es_ES\" \/>\n<meta property=\"og:type\" content=\"article\" \/>\n<meta property=\"og:title\" content=\"El PP de Mieres denuncia que 132 \u20ac de m\u00e1s es lo que paga un piso por el IBI compar\u00e1ndolo con Oviedo.\" \/>\n<meta property=\"og:description\" content=\"Es as\u00ed de claro, en Mieres se paga un 24% m\u00e1s de IBI que en Oviedo. Los datos no enga\u00f1an: un piso de valor catastral aproximado 35.000\u20ac, por poner de ejemplo,\u00a0 pag\u00e1 en Mieres 298.9\u20ac y en Oviedo pagar\u00eda 227.5\u20ac, esta es la realidad.\" \/>\n<meta property=\"og:url\" content=\"https:\/\/www.cuencasmineras.com\/index.php\/2020\/10\/26\/el-pp-de-mieres-denuncia-ibi\/\" \/>\n<meta property=\"article:published_time\" content=\"2020-10-26T11:52:52+00:00\" \/>\n<meta property=\"og:image\" content=\"https:\/\/www.cuencasmineras.com\/wp-content\/uploads\/2020\/10\/cuatro-laborales.jpg\" \/>\n\t<meta property=\"og:image:width\" content=\"221\" \/>\n\t<meta property=\"og:image:height\" content=\"350\" \/>\n\t<meta property=\"og:image:type\" content=\"image\/jpeg\" \/>\n<meta name=\"author\" content=\"admin\" \/>\n<meta name=\"twitter:card\" content=\"summary_large_image\" \/>\n<meta name=\"twitter:label1\" content=\"Escrito por\" \/>\n\t<meta name=\"twitter:data1\" content=\"admin\" \/>\n\t<meta name=\"twitter:label2\" content=\"Tiempo de lectura\" \/>\n\t<meta name=\"twitter:data2\" content=\"3 minutos\" \/>\n<script type=\"application\/ld+json\" class=\"yoast-schema-graph\">{\"@context\":\"https:\\\/\\\/schema.org\",\"@graph\":[{\"@type\":\"Article\",\"@id\":\"https:\\\/\\\/www.cuencasmineras.com\\\/index.php\\\/2020\\\/10\\\/26\\\/el-pp-de-mieres-denuncia-ibi\\\/#article\",\"isPartOf\":{\"@id\":\"https:\\\/\\\/www.cuencasmineras.com\\\/index.php\\\/2020\\\/10\\\/26\\\/el-pp-de-mieres-denuncia-ibi\\\/\"},\"author\":{\"name\":\"admin\",\"@id\":\"https:\\\/\\\/www.cuencasmineras.com\\\/#\\\/schema\\\/person\\\/be0691310e8496ec555f679dd688420c\"},\"headline\":\"El PP de Mieres denuncia que 132 \u20ac de m\u00e1s es lo que paga un piso por el IBI compar\u00e1ndolo con Oviedo.\",\"datePublished\":\"2020-10-26T11:52:52+00:00\",\"mainEntityOfPage\":{\"@id\":\"https:\\\/\\\/www.cuencasmineras.com\\\/index.php\\\/2020\\\/10\\\/26\\\/el-pp-de-mieres-denuncia-ibi\\\/\"},\"wordCount\":635,\"commentCount\":0,\"image\":{\"@id\":\"https:\\\/\\\/www.cuencasmineras.com\\\/index.php\\\/2020\\\/10\\\/26\\\/el-pp-de-mieres-denuncia-ibi\\\/#primaryimage\"},\"thumbnailUrl\":\"https:\\\/\\\/www.cuencasmineras.com\\\/wp-content\\\/uploads\\\/2020\\\/10\\\/cuatro-laborales.jpg\",\"keywords\":[\"ibi\",\"mieres\"],\"articleSection\":[\"Caudal\",\"CM NEWS\"],\"inLanguage\":\"es\",\"potentialAction\":[{\"@type\":\"CommentAction\",\"name\":\"Comment\",\"target\":[\"https:\\\/\\\/www.cuencasmineras.com\\\/index.php\\\/2020\\\/10\\\/26\\\/el-pp-de-mieres-denuncia-ibi\\\/#respond\"]}]},{\"@type\":\"WebPage\",\"@id\":\"https:\\\/\\\/www.cuencasmineras.com\\\/index.php\\\/2020\\\/10\\\/26\\\/el-pp-de-mieres-denuncia-ibi\\\/\",\"url\":\"https:\\\/\\\/www.cuencasmineras.com\\\/index.php\\\/2020\\\/10\\\/26\\\/el-pp-de-mieres-denuncia-ibi\\\/\",\"name\":\"El PP de Mieres denuncia que 132 \u20ac de m\u00e1s es lo que paga un piso por el IBI compar\u00e1ndolo con Oviedo.\",\"isPartOf\":{\"@id\":\"https:\\\/\\\/www.cuencasmineras.com\\\/#website\"},\"primaryImageOfPage\":{\"@id\":\"https:\\\/\\\/www.cuencasmineras.com\\\/index.php\\\/2020\\\/10\\\/26\\\/el-pp-de-mieres-denuncia-ibi\\\/#primaryimage\"},\"image\":{\"@id\":\"https:\\\/\\\/www.cuencasmineras.com\\\/index.php\\\/2020\\\/10\\\/26\\\/el-pp-de-mieres-denuncia-ibi\\\/#primaryimage\"},\"thumbnailUrl\":\"https:\\\/\\\/www.cuencasmineras.com\\\/wp-content\\\/uploads\\\/2020\\\/10\\\/cuatro-laborales.jpg\",\"datePublished\":\"2020-10-26T11:52:52+00:00\",\"author\":{\"@id\":\"https:\\\/\\\/www.cuencasmineras.com\\\/#\\\/schema\\\/person\\\/be0691310e8496ec555f679dd688420c\"},\"description\":\"Es as\u00ed de claro, en Mieres se paga un 24% m\u00e1s de IBI que en Oviedo. Los datos no enga\u00f1an: un piso de valor catastral aproximado 35.000\u20ac, por poner de ejemplo,\u00a0 pag\u00e1 en Mieres 298.9\u20ac y en Oviedo pagar\u00eda 227.5\u20ac, esta es la realidad.\",\"breadcrumb\":{\"@id\":\"https:\\\/\\\/www.cuencasmineras.com\\\/index.php\\\/2020\\\/10\\\/26\\\/el-pp-de-mieres-denuncia-ibi\\\/#breadcrumb\"},\"inLanguage\":\"es\",\"potentialAction\":[{\"@type\":\"ReadAction\",\"target\":[\"https:\\\/\\\/www.cuencasmineras.com\\\/index.php\\\/2020\\\/10\\\/26\\\/el-pp-de-mieres-denuncia-ibi\\\/\"]}]},{\"@type\":\"ImageObject\",\"inLanguage\":\"es\",\"@id\":\"https:\\\/\\\/www.cuencasmineras.com\\\/index.php\\\/2020\\\/10\\\/26\\\/el-pp-de-mieres-denuncia-ibi\\\/#primaryimage\",\"url\":\"https:\\\/\\\/www.cuencasmineras.com\\\/wp-content\\\/uploads\\\/2020\\\/10\\\/cuatro-laborales.jpg\",\"contentUrl\":\"https:\\\/\\\/www.cuencasmineras.com\\\/wp-content\\\/uploads\\\/2020\\\/10\\\/cuatro-laborales.jpg\",\"width\":221,\"height\":350},{\"@type\":\"BreadcrumbList\",\"@id\":\"https:\\\/\\\/www.cuencasmineras.com\\\/index.php\\\/2020\\\/10\\\/26\\\/el-pp-de-mieres-denuncia-ibi\\\/#breadcrumb\",\"itemListElement\":[{\"@type\":\"ListItem\",\"position\":1,\"name\":\"Portada\",\"item\":\"https:\\\/\\\/www.cuencasmineras.com\\\/\"},{\"@type\":\"ListItem\",\"position\":2,\"name\":\"El PP de Mieres denuncia que 132 \u20ac de m\u00e1s es lo que paga un piso por el IBI compar\u00e1ndolo con Oviedo.\"}]},{\"@type\":\"WebSite\",\"@id\":\"https:\\\/\\\/www.cuencasmineras.com\\\/#website\",\"url\":\"https:\\\/\\\/www.cuencasmineras.com\\\/\",\"name\":\"\",\"description\":\"\",\"potentialAction\":[{\"@type\":\"SearchAction\",\"target\":{\"@type\":\"EntryPoint\",\"urlTemplate\":\"https:\\\/\\\/www.cuencasmineras.com\\\/?s={search_term_string}\"},\"query-input\":{\"@type\":\"PropertyValueSpecification\",\"valueRequired\":true,\"valueName\":\"search_term_string\"}}],\"inLanguage\":\"es\"},{\"@type\":\"Person\",\"@id\":\"https:\\\/\\\/www.cuencasmineras.com\\\/#\\\/schema\\\/person\\\/be0691310e8496ec555f679dd688420c\",\"name\":\"admin\",\"image\":{\"@type\":\"ImageObject\",\"inLanguage\":\"es\",\"@id\":\"https:\\\/\\\/secure.gravatar.com\\\/avatar\\\/4afd2eed3b2fbbf36dd6707b5bd8a5b50ac648f033e36fbf85aeace2f0f859db?s=96&d=mm&r=g\",\"url\":\"https:\\\/\\\/secure.gravatar.com\\\/avatar\\\/4afd2eed3b2fbbf36dd6707b5bd8a5b50ac648f033e36fbf85aeace2f0f859db?s=96&d=mm&r=g\",\"contentUrl\":\"https:\\\/\\\/secure.gravatar.com\\\/avatar\\\/4afd2eed3b2fbbf36dd6707b5bd8a5b50ac648f033e36fbf85aeace2f0f859db?s=96&d=mm&r=g\",\"caption\":\"admin\"},\"sameAs\":[\"https:\\\/\\\/www.cuencasmineras.com\"],\"url\":\"https:\\\/\\\/www.cuencasmineras.com\\\/index.php\\\/author\\\/admin\\\/\"}]}<\/script>\n<!-- \/ Yoast SEO plugin. -->","yoast_head_json":{"title":"El PP de Mieres denuncia que 132 \u20ac de m\u00e1s es lo que paga un piso por el IBI compar\u00e1ndolo con Oviedo.","description":"Es as\u00ed de claro, en Mieres se paga un 24% m\u00e1s de IBI que en Oviedo. Los datos no enga\u00f1an: un piso de valor catastral aproximado 35.000\u20ac, por poner de ejemplo,\u00a0 pag\u00e1 en Mieres 298.9\u20ac y en Oviedo pagar\u00eda 227.5\u20ac, esta es la realidad.","robots":{"index":"index","follow":"follow","max-snippet":"max-snippet:-1","max-image-preview":"max-image-preview:large","max-video-preview":"max-video-preview:-1"},"canonical":"https:\/\/www.cuencasmineras.com\/index.php\/2020\/10\/26\/el-pp-de-mieres-denuncia-ibi\/","og_locale":"es_ES","og_type":"article","og_title":"El PP de Mieres denuncia que 132 \u20ac de m\u00e1s es lo que paga un piso por el IBI compar\u00e1ndolo con Oviedo.","og_description":"Es as\u00ed de claro, en Mieres se paga un 24% m\u00e1s de IBI que en Oviedo. Los datos no enga\u00f1an: un piso de valor catastral aproximado 35.000\u20ac, por poner de ejemplo,\u00a0 pag\u00e1 en Mieres 298.9\u20ac y en Oviedo pagar\u00eda 227.5\u20ac, esta es la realidad.","og_url":"https:\/\/www.cuencasmineras.com\/index.php\/2020\/10\/26\/el-pp-de-mieres-denuncia-ibi\/","article_published_time":"2020-10-26T11:52:52+00:00","og_image":[{"width":221,"height":350,"url":"https:\/\/www.cuencasmineras.com\/wp-content\/uploads\/2020\/10\/cuatro-laborales.jpg","type":"image\/jpeg"}],"author":"admin","twitter_card":"summary_large_image","twitter_misc":{"Escrito por":"admin","Tiempo de lectura":"3 minutos"},"schema":{"@context":"https:\/\/schema.org","@graph":[{"@type":"Article","@id":"https:\/\/www.cuencasmineras.com\/index.php\/2020\/10\/26\/el-pp-de-mieres-denuncia-ibi\/#article","isPartOf":{"@id":"https:\/\/www.cuencasmineras.com\/index.php\/2020\/10\/26\/el-pp-de-mieres-denuncia-ibi\/"},"author":{"name":"admin","@id":"https:\/\/www.cuencasmineras.com\/#\/schema\/person\/be0691310e8496ec555f679dd688420c"},"headline":"El PP de Mieres denuncia que 132 \u20ac de m\u00e1s es lo que paga un piso por el IBI compar\u00e1ndolo con Oviedo.","datePublished":"2020-10-26T11:52:52+00:00","mainEntityOfPage":{"@id":"https:\/\/www.cuencasmineras.com\/index.php\/2020\/10\/26\/el-pp-de-mieres-denuncia-ibi\/"},"wordCount":635,"commentCount":0,"image":{"@id":"https:\/\/www.cuencasmineras.com\/index.php\/2020\/10\/26\/el-pp-de-mieres-denuncia-ibi\/#primaryimage"},"thumbnailUrl":"https:\/\/www.cuencasmineras.com\/wp-content\/uploads\/2020\/10\/cuatro-laborales.jpg","keywords":["ibi","mieres"],"articleSection":["Caudal","CM NEWS"],"inLanguage":"es","potentialAction":[{"@type":"CommentAction","name":"Comment","target":["https:\/\/www.cuencasmineras.com\/index.php\/2020\/10\/26\/el-pp-de-mieres-denuncia-ibi\/#respond"]}]},{"@type":"WebPage","@id":"https:\/\/www.cuencasmineras.com\/index.php\/2020\/10\/26\/el-pp-de-mieres-denuncia-ibi\/","url":"https:\/\/www.cuencasmineras.com\/index.php\/2020\/10\/26\/el-pp-de-mieres-denuncia-ibi\/","name":"El PP de Mieres denuncia que 132 \u20ac de m\u00e1s es lo que paga un piso por el IBI compar\u00e1ndolo con Oviedo.","isPartOf":{"@id":"https:\/\/www.cuencasmineras.com\/#website"},"primaryImageOfPage":{"@id":"https:\/\/www.cuencasmineras.com\/index.php\/2020\/10\/26\/el-pp-de-mieres-denuncia-ibi\/#primaryimage"},"image":{"@id":"https:\/\/www.cuencasmineras.com\/index.php\/2020\/10\/26\/el-pp-de-mieres-denuncia-ibi\/#primaryimage"},"thumbnailUrl":"https:\/\/www.cuencasmineras.com\/wp-content\/uploads\/2020\/10\/cuatro-laborales.jpg","datePublished":"2020-10-26T11:52:52+00:00","author":{"@id":"https:\/\/www.cuencasmineras.com\/#\/schema\/person\/be0691310e8496ec555f679dd688420c"},"description":"Es as\u00ed de claro, en Mieres se paga un 24% m\u00e1s de IBI que en Oviedo. Los datos no enga\u00f1an: un piso de valor catastral aproximado 35.000\u20ac, por poner de ejemplo,\u00a0 pag\u00e1 en Mieres 298.9\u20ac y en Oviedo pagar\u00eda 227.5\u20ac, esta es la realidad.","breadcrumb":{"@id":"https:\/\/www.cuencasmineras.com\/index.php\/2020\/10\/26\/el-pp-de-mieres-denuncia-ibi\/#breadcrumb"},"inLanguage":"es","potentialAction":[{"@type":"ReadAction","target":["https:\/\/www.cuencasmineras.com\/index.php\/2020\/10\/26\/el-pp-de-mieres-denuncia-ibi\/"]}]},{"@type":"ImageObject","inLanguage":"es","@id":"https:\/\/www.cuencasmineras.com\/index.php\/2020\/10\/26\/el-pp-de-mieres-denuncia-ibi\/#primaryimage","url":"https:\/\/www.cuencasmineras.com\/wp-content\/uploads\/2020\/10\/cuatro-laborales.jpg","contentUrl":"https:\/\/www.cuencasmineras.com\/wp-content\/uploads\/2020\/10\/cuatro-laborales.jpg","width":221,"height":350},{"@type":"BreadcrumbList","@id":"https:\/\/www.cuencasmineras.com\/index.php\/2020\/10\/26\/el-pp-de-mieres-denuncia-ibi\/#breadcrumb","itemListElement":[{"@type":"ListItem","position":1,"name":"Portada","item":"https:\/\/www.cuencasmineras.com\/"},{"@type":"ListItem","position":2,"name":"El PP de Mieres denuncia que 132 \u20ac de m\u00e1s es lo que paga un piso por el IBI compar\u00e1ndolo con Oviedo."}]},{"@type":"WebSite","@id":"https:\/\/www.cuencasmineras.com\/#website","url":"https:\/\/www.cuencasmineras.com\/","name":"","description":"","potentialAction":[{"@type":"SearchAction","target":{"@type":"EntryPoint","urlTemplate":"https:\/\/www.cuencasmineras.com\/?s={search_term_string}"},"query-input":{"@type":"PropertyValueSpecification","valueRequired":true,"valueName":"search_term_string"}}],"inLanguage":"es"},{"@type":"Person","@id":"https:\/\/www.cuencasmineras.com\/#\/schema\/person\/be0691310e8496ec555f679dd688420c","name":"admin","image":{"@type":"ImageObject","inLanguage":"es","@id":"https:\/\/secure.gravatar.com\/avatar\/4afd2eed3b2fbbf36dd6707b5bd8a5b50ac648f033e36fbf85aeace2f0f859db?s=96&d=mm&r=g","url":"https:\/\/secure.gravatar.com\/avatar\/4afd2eed3b2fbbf36dd6707b5bd8a5b50ac648f033e36fbf85aeace2f0f859db?s=96&d=mm&r=g","contentUrl":"https:\/\/secure.gravatar.com\/avatar\/4afd2eed3b2fbbf36dd6707b5bd8a5b50ac648f033e36fbf85aeace2f0f859db?s=96&d=mm&r=g","caption":"admin"},"sameAs":["https:\/\/www.cuencasmineras.com"],"url":"https:\/\/www.cuencasmineras.com\/index.php\/author\/admin\/"}]}},"_links":{"self":[{"href":"https:\/\/www.cuencasmineras.com\/index.php\/wp-json\/wp\/v2\/posts\/1284","targetHints":{"allow":["GET"]}}],"collection":[{"href":"https:\/\/www.cuencasmineras.com\/index.php\/wp-json\/wp\/v2\/posts"}],"about":[{"href":"https:\/\/www.cuencasmineras.com\/index.php\/wp-json\/wp\/v2\/types\/post"}],"author":[{"embeddable":true,"href":"https:\/\/www.cuencasmineras.com\/index.php\/wp-json\/wp\/v2\/users\/1"}],"replies":[{"embeddable":true,"href":"https:\/\/www.cuencasmineras.com\/index.php\/wp-json\/wp\/v2\/comments?post=1284"}],"version-history":[{"count":1,"href":"https:\/\/www.cuencasmineras.com\/index.php\/wp-json\/wp\/v2\/posts\/1284\/revisions"}],"predecessor-version":[{"id":1286,"href":"https:\/\/www.cuencasmineras.com\/index.php\/wp-json\/wp\/v2\/posts\/1284\/revisions\/1286"}],"wp:featuredmedia":[{"embeddable":true,"href":"https:\/\/www.cuencasmineras.com\/index.php\/wp-json\/wp\/v2\/media\/1285"}],"wp:attachment":[{"href":"https:\/\/www.cuencasmineras.com\/index.php\/wp-json\/wp\/v2\/media?parent=1284"}],"wp:term":[{"taxonomy":"category","embeddable":true,"href":"https:\/\/www.cuencasmineras.com\/index.php\/wp-json\/wp\/v2\/categories?post=1284"},{"taxonomy":"post_tag","embeddable":true,"href":"https:\/\/www.cuencasmineras.com\/index.php\/wp-json\/wp\/v2\/tags?post=1284"}],"curies":[{"name":"wp","href":"https:\/\/api.w.org\/{rel}","templated":true}]}}