{"id":1287,"date":"2020-10-26T18:31:29","date_gmt":"2020-10-26T18:31:29","guid":{"rendered":"https:\/\/www.cuencasmineras.com\/?p=1287"},"modified":"2020-10-26T18:31:29","modified_gmt":"2020-10-26T18:31:29","slug":"el-gobierno-de-asturias-decreta-el-cierre-perimetral-de-la-comunidad-desde-el-miercoles","status":"publish","type":"post","link":"https:\/\/www.cuencasmineras.com\/index.php\/2020\/10\/26\/el-gobierno-de-asturias-decreta-el-cierre-perimetral-de-la-comunidad-desde-el-miercoles\/","title":{"rendered":"El Gobierno de Asturias decreta el cierre perimetral de la comunidad desde el mi\u00e9rcoles"},"content":{"rendered":"<div class=\"date\">26 de octubre de 2020<\/div>\n<div class=\"entradilla\">\n<ul>\n<li><b>El presidente del Principado subraya que el objetivo de estas medidas es \u201cdoblegar la curva, salvar vidas y evitar un nuevo confinamiento en las casas\u201d<\/b><\/li>\n<\/ul>\n<\/div>\n<div class=\"subtitle\">&#8211; El toque de queda para limitar la movilidad nocturna estar\u00e1 en vigor desde las 24 horas hasta las seis de la madrugada, a partir de esta noche<\/div>\n<div><\/div>\n<div class=\"imagen-principal\"><picture data-fileentryid=\"197506\"><source srcset=\"\/o\/adaptive-media\/image\/197506\/Thumbnail-300x300\/2020_10_26+rueda+de+prensa+covid+2.jpg?t=1603736123058\" media=\"(max-width:300px)\" \/><source srcset=\"\/o\/adaptive-media\/image\/197506\/Preview-1000x0\/2020_10_26+rueda+de+prensa+covid+2.jpg?t=1603736123058\" media=\"(max-width:1000px) and (min-width:300px)\" \/><img loading=\"lazy\" decoding=\"async\" class=\"aligncenter\" src=\"https:\/\/coronavirus.asturias.es\/documents\/71418\/197505\/2020_10_26+rueda+de+prensa+covid+2.jpg\/a20ae6c0-0ab9-050c-47d9-62323eba8aea?t=1603736123058\" alt=\"\" width=\"964\" height=\"674\" data-fileentryid=\"197506\" \/><\/picture><\/div>\n<div><\/div>\n<div class=\"description\">\n<p>El Gobierno de Asturias ha decidido implantar el cierre perimetral de la comunidad a partir de la madrugada del martes al mi\u00e9rcoles, una medida que se concreta en una resoluci\u00f3n firmada esta tarde por el presidente, Adri\u00e1n Barb\u00f3n, y que se publicar\u00e1 hoy mismo en el Bolet\u00edn Oficial (Bopa).<\/p>\n<p>Esta restricci\u00f3n se mantendr\u00e1 de manera indefinida, en tanto se mantenga el estado de alarma, en funci\u00f3n de la evoluci\u00f3n de la pandemia y de las recomendaciones de los epidemi\u00f3logos.<\/p>\n<p>\u201cNuestro objetivo es doblegar la curva, salvar vidas y evitar vernos obligados a recurrir a un nuevo confinamiento en las casas\u201d, ha explicado Barb\u00f3n, que tras la declaraci\u00f3n del estado de alarma por parte del Ejecutivo central es ahora la autoridad delegada para tomar cualquier decisi\u00f3n de estas caracter\u00edsticas para frenar la evoluci\u00f3n de la pandemia en el Principado.<\/p>\n<p>A partir del mi\u00e9rcoles, las \u00fanicas excepciones para poder entrar o salir de la comunidad ser\u00e1n las previstas en el Real Decreto 926\/2020, de 25 de octubre, por el que se declara el estado de alarma para contener la propagaci\u00f3n de la covid-19. Se trata de las siguientes:<\/p>\n<p>&nbsp;<\/p>\n<ul>\n<li class=\"Tabulaciones1\">Asistencia a centros, servicios y establecimientos sanitarios.<\/li>\n<li class=\"Tabulaciones1\">Cumplimiento de obligaciones laborales, profesionales, empresariales, institucionales o legales.<\/li>\n<li class=\"Tabulaciones1\">Asistencia a centros universitarios, docentes y educativos, incluidas las escuelas de educaci\u00f3n infantil.<\/li>\n<li class=\"Tabulaciones1\">Retorno al lugar de residencia habitual o familiar.<\/li>\n<li class=\"Tabulaciones1\">Asistencia y cuidado a mayores, menores, dependientes, personas con discapacidad o personas especialmente vulnerables.<\/li>\n<li class=\"Tabulaciones1\">Desplazamiento a entidades financieras y de seguros o estaciones de repostaje en territorios lim\u00edtrofes.<\/li>\n<li class=\"Tabulaciones1\">Actuaciones requeridas o urgentes ante los \u00f3rganos p\u00fablicos, judiciales o notariales.<\/li>\n<li class=\"Tabulaciones1\">Renovaciones de permisos y documentaci\u00f3n oficial, as\u00ed como otros tr\u00e1mites administrativos inaplazables.<\/li>\n<li class=\"Tabulaciones1\">Realizaci\u00f3n de ex\u00e1menes o pruebas oficiales inaplazables.<\/li>\n<li class=\"Tabulaciones1\">Por causa de fuerza mayor o situaci\u00f3n de necesidad.<\/li>\n<li class=\"Tabulaciones1\">Cualquier otra actividad de an\u00e1loga naturaleza, debidamente acreditada.<\/li>\n<\/ul>\n<p>Por otra parte, el Principado ha decidido aplicar el toque de queda en la comunidad desde medianoche hasta las seis de la madrugada, con el fin de que el personal de los establecimientos de hosteler\u00eda, cuyo cierre debe producirse a las 23 horas, tenga tiempo para poder regresar a sus casas tras el trabajo. Esta medida entrar\u00e1 en vigor esta misma noche. Adem\u00e1s, para reforzar la protecci\u00f3n de la ciudadan\u00eda, el Gobierno de Asturias mantendr\u00e1 tambi\u00e9n el cierre perimetral que entr\u00f3 en vigor el s\u00e1bado en Oviedo, Gij\u00f3n y Avil\u00e9s.<\/p>\n<p class=\"Default\">Fuente: <a href=\"https:\/\/coronavirus.asturias.es\/-\/el-gobierno-de-asturias-decreta-el-cierre-perimetral-de-la-comunidad-desde-el-mi%C3%A9rcoles?redirect=%2F\">Gobierno del Principado de Asturias<\/a><\/p>\n<\/div>\n","protected":false},"excerpt":{"rendered":"<p>26 de octubre de 2020 El presidente del Principado subraya que el objetivo de estas medidas es \u201cdoblegar la curva, salvar vidas y evitar un nuevo confinamiento en las casas\u201d &#8211; El toque de queda para limitar la movilidad nocturna estar\u00e1 en vigor desde las 24 horas hasta las seis de la madrugada, a partir [&hellip;]<\/p>\n","protected":false},"author":1,"featured_media":0,"comment_status":"open","ping_status":"open","sticky":false,"template":"","format":"standard","meta":{"footnotes":""},"categories":[49],"tags":[21],"class_list":["post-1287","post","type-post","status-publish","format-standard","hentry","category-covid","tag-covid"],"yoast_head":"<!-- This site is optimized with the Yoast SEO plugin v27.4 - https:\/\/yoast.com\/product\/yoast-seo-wordpress\/ -->\n<title>El Gobierno de Asturias decreta el cierre perimetral de la comunidad desde el mi\u00e9rcoles -<\/title>\n<meta name=\"description\" content=\"El toque de queda para limitar la movilidad nocturna estar\u00e1 en vigor desde las 24 horas hasta las seis de la madrugada, a partir de esta noche\" \/>\n<meta name=\"robots\" content=\"index, follow, max-snippet:-1, max-image-preview:large, max-video-preview:-1\" \/>\n<link rel=\"canonical\" href=\"https:\/\/www.cuencasmineras.com\/index.php\/2020\/10\/26\/el-gobierno-de-asturias-decreta-el-cierre-perimetral-de-la-comunidad-desde-el-miercoles\/\" \/>\n<meta property=\"og:locale\" content=\"es_ES\" \/>\n<meta property=\"og:type\" content=\"article\" \/>\n<meta property=\"og:title\" content=\"El Gobierno de Asturias decreta el cierre perimetral de la comunidad desde el mi\u00e9rcoles -\" \/>\n<meta property=\"og:description\" content=\"El toque de queda para limitar la movilidad nocturna estar\u00e1 en vigor desde las 24 horas hasta las seis de la madrugada, a partir de esta noche\" \/>\n<meta property=\"og:url\" content=\"https:\/\/www.cuencasmineras.com\/index.php\/2020\/10\/26\/el-gobierno-de-asturias-decreta-el-cierre-perimetral-de-la-comunidad-desde-el-miercoles\/\" \/>\n<meta property=\"article:published_time\" content=\"2020-10-26T18:31:29+00:00\" \/>\n<meta property=\"og:image\" content=\"https:\/\/coronavirus.asturias.es\/documents\/71418\/197505\/2020_10_26+rueda+de+prensa+covid+2.jpg\/a20ae6c0-0ab9-050c-47d9-62323eba8aea?t=1603736123058\" \/>\n<meta name=\"author\" content=\"admin\" \/>\n<meta name=\"twitter:card\" content=\"summary_large_image\" \/>\n<meta name=\"twitter:label1\" content=\"Escrito por\" \/>\n\t<meta name=\"twitter:data1\" content=\"admin\" \/>\n\t<meta name=\"twitter:label2\" content=\"Tiempo de lectura\" \/>\n\t<meta name=\"twitter:data2\" content=\"2 minutos\" \/>\n<script type=\"application\/ld+json\" class=\"yoast-schema-graph\">{\"@context\":\"https:\\\/\\\/schema.org\",\"@graph\":[{\"@type\":\"Article\",\"@id\":\"https:\\\/\\\/www.cuencasmineras.com\\\/index.php\\\/2020\\\/10\\\/26\\\/el-gobierno-de-asturias-decreta-el-cierre-perimetral-de-la-comunidad-desde-el-miercoles\\\/#article\",\"isPartOf\":{\"@id\":\"https:\\\/\\\/www.cuencasmineras.com\\\/index.php\\\/2020\\\/10\\\/26\\\/el-gobierno-de-asturias-decreta-el-cierre-perimetral-de-la-comunidad-desde-el-miercoles\\\/\"},\"author\":{\"name\":\"admin\",\"@id\":\"https:\\\/\\\/www.cuencasmineras.com\\\/#\\\/schema\\\/person\\\/be0691310e8496ec555f679dd688420c\"},\"headline\":\"El Gobierno de Asturias decreta el cierre perimetral de la comunidad desde el mi\u00e9rcoles\",\"datePublished\":\"2020-10-26T18:31:29+00:00\",\"mainEntityOfPage\":{\"@id\":\"https:\\\/\\\/www.cuencasmineras.com\\\/index.php\\\/2020\\\/10\\\/26\\\/el-gobierno-de-asturias-decreta-el-cierre-perimetral-de-la-comunidad-desde-el-miercoles\\\/\"},\"wordCount\":496,\"commentCount\":0,\"image\":{\"@id\":\"https:\\\/\\\/www.cuencasmineras.com\\\/index.php\\\/2020\\\/10\\\/26\\\/el-gobierno-de-asturias-decreta-el-cierre-perimetral-de-la-comunidad-desde-el-miercoles\\\/#primaryimage\"},\"thumbnailUrl\":\"https:\\\/\\\/coronavirus.asturias.es\\\/documents\\\/71418\\\/197505\\\/2020_10_26+rueda+de+prensa+covid+2.jpg\\\/a20ae6c0-0ab9-050c-47d9-62323eba8aea?t=1603736123058\",\"keywords\":[\"covid\"],\"articleSection\":[\"COVID-19\"],\"inLanguage\":\"es\",\"potentialAction\":[{\"@type\":\"CommentAction\",\"name\":\"Comment\",\"target\":[\"https:\\\/\\\/www.cuencasmineras.com\\\/index.php\\\/2020\\\/10\\\/26\\\/el-gobierno-de-asturias-decreta-el-cierre-perimetral-de-la-comunidad-desde-el-miercoles\\\/#respond\"]}]},{\"@type\":\"WebPage\",\"@id\":\"https:\\\/\\\/www.cuencasmineras.com\\\/index.php\\\/2020\\\/10\\\/26\\\/el-gobierno-de-asturias-decreta-el-cierre-perimetral-de-la-comunidad-desde-el-miercoles\\\/\",\"url\":\"https:\\\/\\\/www.cuencasmineras.com\\\/index.php\\\/2020\\\/10\\\/26\\\/el-gobierno-de-asturias-decreta-el-cierre-perimetral-de-la-comunidad-desde-el-miercoles\\\/\",\"name\":\"El Gobierno de Asturias decreta el cierre perimetral de la comunidad desde el mi\u00e9rcoles -\",\"isPartOf\":{\"@id\":\"https:\\\/\\\/www.cuencasmineras.com\\\/#website\"},\"primaryImageOfPage\":{\"@id\":\"https:\\\/\\\/www.cuencasmineras.com\\\/index.php\\\/2020\\\/10\\\/26\\\/el-gobierno-de-asturias-decreta-el-cierre-perimetral-de-la-comunidad-desde-el-miercoles\\\/#primaryimage\"},\"image\":{\"@id\":\"https:\\\/\\\/www.cuencasmineras.com\\\/index.php\\\/2020\\\/10\\\/26\\\/el-gobierno-de-asturias-decreta-el-cierre-perimetral-de-la-comunidad-desde-el-miercoles\\\/#primaryimage\"},\"thumbnailUrl\":\"https:\\\/\\\/coronavirus.asturias.es\\\/documents\\\/71418\\\/197505\\\/2020_10_26+rueda+de+prensa+covid+2.jpg\\\/a20ae6c0-0ab9-050c-47d9-62323eba8aea?t=1603736123058\",\"datePublished\":\"2020-10-26T18:31:29+00:00\",\"author\":{\"@id\":\"https:\\\/\\\/www.cuencasmineras.com\\\/#\\\/schema\\\/person\\\/be0691310e8496ec555f679dd688420c\"},\"description\":\"El toque de queda para limitar la movilidad nocturna estar\u00e1 en vigor desde las 24 horas hasta las seis de la madrugada, a partir de esta noche\",\"breadcrumb\":{\"@id\":\"https:\\\/\\\/www.cuencasmineras.com\\\/index.php\\\/2020\\\/10\\\/26\\\/el-gobierno-de-asturias-decreta-el-cierre-perimetral-de-la-comunidad-desde-el-miercoles\\\/#breadcrumb\"},\"inLanguage\":\"es\",\"potentialAction\":[{\"@type\":\"ReadAction\",\"target\":[\"https:\\\/\\\/www.cuencasmineras.com\\\/index.php\\\/2020\\\/10\\\/26\\\/el-gobierno-de-asturias-decreta-el-cierre-perimetral-de-la-comunidad-desde-el-miercoles\\\/\"]}]},{\"@type\":\"ImageObject\",\"inLanguage\":\"es\",\"@id\":\"https:\\\/\\\/www.cuencasmineras.com\\\/index.php\\\/2020\\\/10\\\/26\\\/el-gobierno-de-asturias-decreta-el-cierre-perimetral-de-la-comunidad-desde-el-miercoles\\\/#primaryimage\",\"url\":\"https:\\\/\\\/coronavirus.asturias.es\\\/documents\\\/71418\\\/197505\\\/2020_10_26+rueda+de+prensa+covid+2.jpg\\\/a20ae6c0-0ab9-050c-47d9-62323eba8aea?t=1603736123058\",\"contentUrl\":\"https:\\\/\\\/coronavirus.asturias.es\\\/documents\\\/71418\\\/197505\\\/2020_10_26+rueda+de+prensa+covid+2.jpg\\\/a20ae6c0-0ab9-050c-47d9-62323eba8aea?t=1603736123058\"},{\"@type\":\"BreadcrumbList\",\"@id\":\"https:\\\/\\\/www.cuencasmineras.com\\\/index.php\\\/2020\\\/10\\\/26\\\/el-gobierno-de-asturias-decreta-el-cierre-perimetral-de-la-comunidad-desde-el-miercoles\\\/#breadcrumb\",\"itemListElement\":[{\"@type\":\"ListItem\",\"position\":1,\"name\":\"Portada\",\"item\":\"https:\\\/\\\/www.cuencasmineras.com\\\/\"},{\"@type\":\"ListItem\",\"position\":2,\"name\":\"El Gobierno de Asturias decreta el cierre perimetral de la comunidad desde el mi\u00e9rcoles\"}]},{\"@type\":\"WebSite\",\"@id\":\"https:\\\/\\\/www.cuencasmineras.com\\\/#website\",\"url\":\"https:\\\/\\\/www.cuencasmineras.com\\\/\",\"name\":\"\",\"description\":\"\",\"potentialAction\":[{\"@type\":\"SearchAction\",\"target\":{\"@type\":\"EntryPoint\",\"urlTemplate\":\"https:\\\/\\\/www.cuencasmineras.com\\\/?s={search_term_string}\"},\"query-input\":{\"@type\":\"PropertyValueSpecification\",\"valueRequired\":true,\"valueName\":\"search_term_string\"}}],\"inLanguage\":\"es\"},{\"@type\":\"Person\",\"@id\":\"https:\\\/\\\/www.cuencasmineras.com\\\/#\\\/schema\\\/person\\\/be0691310e8496ec555f679dd688420c\",\"name\":\"admin\",\"image\":{\"@type\":\"ImageObject\",\"inLanguage\":\"es\",\"@id\":\"https:\\\/\\\/secure.gravatar.com\\\/avatar\\\/4afd2eed3b2fbbf36dd6707b5bd8a5b50ac648f033e36fbf85aeace2f0f859db?s=96&d=mm&r=g\",\"url\":\"https:\\\/\\\/secure.gravatar.com\\\/avatar\\\/4afd2eed3b2fbbf36dd6707b5bd8a5b50ac648f033e36fbf85aeace2f0f859db?s=96&d=mm&r=g\",\"contentUrl\":\"https:\\\/\\\/secure.gravatar.com\\\/avatar\\\/4afd2eed3b2fbbf36dd6707b5bd8a5b50ac648f033e36fbf85aeace2f0f859db?s=96&d=mm&r=g\",\"caption\":\"admin\"},\"sameAs\":[\"https:\\\/\\\/www.cuencasmineras.com\"],\"url\":\"https:\\\/\\\/www.cuencasmineras.com\\\/index.php\\\/author\\\/admin\\\/\"}]}<\/script>\n<!-- \/ Yoast SEO plugin. -->","yoast_head_json":{"title":"El Gobierno de Asturias decreta el cierre perimetral de la comunidad desde el mi\u00e9rcoles -","description":"El toque de queda para limitar la movilidad nocturna estar\u00e1 en vigor desde las 24 horas hasta las seis de la madrugada, a partir de esta noche","robots":{"index":"index","follow":"follow","max-snippet":"max-snippet:-1","max-image-preview":"max-image-preview:large","max-video-preview":"max-video-preview:-1"},"canonical":"https:\/\/www.cuencasmineras.com\/index.php\/2020\/10\/26\/el-gobierno-de-asturias-decreta-el-cierre-perimetral-de-la-comunidad-desde-el-miercoles\/","og_locale":"es_ES","og_type":"article","og_title":"El Gobierno de Asturias decreta el cierre perimetral de la comunidad desde el mi\u00e9rcoles -","og_description":"El toque de queda para limitar la movilidad nocturna estar\u00e1 en vigor desde las 24 horas hasta las seis de la madrugada, a partir de esta noche","og_url":"https:\/\/www.cuencasmineras.com\/index.php\/2020\/10\/26\/el-gobierno-de-asturias-decreta-el-cierre-perimetral-de-la-comunidad-desde-el-miercoles\/","article_published_time":"2020-10-26T18:31:29+00:00","og_image":[{"url":"https:\/\/coronavirus.asturias.es\/documents\/71418\/197505\/2020_10_26+rueda+de+prensa+covid+2.jpg\/a20ae6c0-0ab9-050c-47d9-62323eba8aea?t=1603736123058","type":"","width":"","height":""}],"author":"admin","twitter_card":"summary_large_image","twitter_misc":{"Escrito por":"admin","Tiempo de lectura":"2 minutos"},"schema":{"@context":"https:\/\/schema.org","@graph":[{"@type":"Article","@id":"https:\/\/www.cuencasmineras.com\/index.php\/2020\/10\/26\/el-gobierno-de-asturias-decreta-el-cierre-perimetral-de-la-comunidad-desde-el-miercoles\/#article","isPartOf":{"@id":"https:\/\/www.cuencasmineras.com\/index.php\/2020\/10\/26\/el-gobierno-de-asturias-decreta-el-cierre-perimetral-de-la-comunidad-desde-el-miercoles\/"},"author":{"name":"admin","@id":"https:\/\/www.cuencasmineras.com\/#\/schema\/person\/be0691310e8496ec555f679dd688420c"},"headline":"El Gobierno de Asturias decreta el cierre perimetral de la comunidad desde el mi\u00e9rcoles","datePublished":"2020-10-26T18:31:29+00:00","mainEntityOfPage":{"@id":"https:\/\/www.cuencasmineras.com\/index.php\/2020\/10\/26\/el-gobierno-de-asturias-decreta-el-cierre-perimetral-de-la-comunidad-desde-el-miercoles\/"},"wordCount":496,"commentCount":0,"image":{"@id":"https:\/\/www.cuencasmineras.com\/index.php\/2020\/10\/26\/el-gobierno-de-asturias-decreta-el-cierre-perimetral-de-la-comunidad-desde-el-miercoles\/#primaryimage"},"thumbnailUrl":"https:\/\/coronavirus.asturias.es\/documents\/71418\/197505\/2020_10_26+rueda+de+prensa+covid+2.jpg\/a20ae6c0-0ab9-050c-47d9-62323eba8aea?t=1603736123058","keywords":["covid"],"articleSection":["COVID-19"],"inLanguage":"es","potentialAction":[{"@type":"CommentAction","name":"Comment","target":["https:\/\/www.cuencasmineras.com\/index.php\/2020\/10\/26\/el-gobierno-de-asturias-decreta-el-cierre-perimetral-de-la-comunidad-desde-el-miercoles\/#respond"]}]},{"@type":"WebPage","@id":"https:\/\/www.cuencasmineras.com\/index.php\/2020\/10\/26\/el-gobierno-de-asturias-decreta-el-cierre-perimetral-de-la-comunidad-desde-el-miercoles\/","url":"https:\/\/www.cuencasmineras.com\/index.php\/2020\/10\/26\/el-gobierno-de-asturias-decreta-el-cierre-perimetral-de-la-comunidad-desde-el-miercoles\/","name":"El Gobierno de Asturias decreta el cierre perimetral de la comunidad desde el mi\u00e9rcoles -","isPartOf":{"@id":"https:\/\/www.cuencasmineras.com\/#website"},"primaryImageOfPage":{"@id":"https:\/\/www.cuencasmineras.com\/index.php\/2020\/10\/26\/el-gobierno-de-asturias-decreta-el-cierre-perimetral-de-la-comunidad-desde-el-miercoles\/#primaryimage"},"image":{"@id":"https:\/\/www.cuencasmineras.com\/index.php\/2020\/10\/26\/el-gobierno-de-asturias-decreta-el-cierre-perimetral-de-la-comunidad-desde-el-miercoles\/#primaryimage"},"thumbnailUrl":"https:\/\/coronavirus.asturias.es\/documents\/71418\/197505\/2020_10_26+rueda+de+prensa+covid+2.jpg\/a20ae6c0-0ab9-050c-47d9-62323eba8aea?t=1603736123058","datePublished":"2020-10-26T18:31:29+00:00","author":{"@id":"https:\/\/www.cuencasmineras.com\/#\/schema\/person\/be0691310e8496ec555f679dd688420c"},"description":"El toque de queda para limitar la movilidad nocturna estar\u00e1 en vigor desde las 24 horas hasta las seis de la madrugada, a partir de esta noche","breadcrumb":{"@id":"https:\/\/www.cuencasmineras.com\/index.php\/2020\/10\/26\/el-gobierno-de-asturias-decreta-el-cierre-perimetral-de-la-comunidad-desde-el-miercoles\/#breadcrumb"},"inLanguage":"es","potentialAction":[{"@type":"ReadAction","target":["https:\/\/www.cuencasmineras.com\/index.php\/2020\/10\/26\/el-gobierno-de-asturias-decreta-el-cierre-perimetral-de-la-comunidad-desde-el-miercoles\/"]}]},{"@type":"ImageObject","inLanguage":"es","@id":"https:\/\/www.cuencasmineras.com\/index.php\/2020\/10\/26\/el-gobierno-de-asturias-decreta-el-cierre-perimetral-de-la-comunidad-desde-el-miercoles\/#primaryimage","url":"https:\/\/coronavirus.asturias.es\/documents\/71418\/197505\/2020_10_26+rueda+de+prensa+covid+2.jpg\/a20ae6c0-0ab9-050c-47d9-62323eba8aea?t=1603736123058","contentUrl":"https:\/\/coronavirus.asturias.es\/documents\/71418\/197505\/2020_10_26+rueda+de+prensa+covid+2.jpg\/a20ae6c0-0ab9-050c-47d9-62323eba8aea?t=1603736123058"},{"@type":"BreadcrumbList","@id":"https:\/\/www.cuencasmineras.com\/index.php\/2020\/10\/26\/el-gobierno-de-asturias-decreta-el-cierre-perimetral-de-la-comunidad-desde-el-miercoles\/#breadcrumb","itemListElement":[{"@type":"ListItem","position":1,"name":"Portada","item":"https:\/\/www.cuencasmineras.com\/"},{"@type":"ListItem","position":2,"name":"El Gobierno de Asturias decreta el cierre perimetral de la comunidad desde el mi\u00e9rcoles"}]},{"@type":"WebSite","@id":"https:\/\/www.cuencasmineras.com\/#website","url":"https:\/\/www.cuencasmineras.com\/","name":"","description":"","potentialAction":[{"@type":"SearchAction","target":{"@type":"EntryPoint","urlTemplate":"https:\/\/www.cuencasmineras.com\/?s={search_term_string}"},"query-input":{"@type":"PropertyValueSpecification","valueRequired":true,"valueName":"search_term_string"}}],"inLanguage":"es"},{"@type":"Person","@id":"https:\/\/www.cuencasmineras.com\/#\/schema\/person\/be0691310e8496ec555f679dd688420c","name":"admin","image":{"@type":"ImageObject","inLanguage":"es","@id":"https:\/\/secure.gravatar.com\/avatar\/4afd2eed3b2fbbf36dd6707b5bd8a5b50ac648f033e36fbf85aeace2f0f859db?s=96&d=mm&r=g","url":"https:\/\/secure.gravatar.com\/avatar\/4afd2eed3b2fbbf36dd6707b5bd8a5b50ac648f033e36fbf85aeace2f0f859db?s=96&d=mm&r=g","contentUrl":"https:\/\/secure.gravatar.com\/avatar\/4afd2eed3b2fbbf36dd6707b5bd8a5b50ac648f033e36fbf85aeace2f0f859db?s=96&d=mm&r=g","caption":"admin"},"sameAs":["https:\/\/www.cuencasmineras.com"],"url":"https:\/\/www.cuencasmineras.com\/index.php\/author\/admin\/"}]}},"_links":{"self":[{"href":"https:\/\/www.cuencasmineras.com\/index.php\/wp-json\/wp\/v2\/posts\/1287","targetHints":{"allow":["GET"]}}],"collection":[{"href":"https:\/\/www.cuencasmineras.com\/index.php\/wp-json\/wp\/v2\/posts"}],"about":[{"href":"https:\/\/www.cuencasmineras.com\/index.php\/wp-json\/wp\/v2\/types\/post"}],"author":[{"embeddable":true,"href":"https:\/\/www.cuencasmineras.com\/index.php\/wp-json\/wp\/v2\/users\/1"}],"replies":[{"embeddable":true,"href":"https:\/\/www.cuencasmineras.com\/index.php\/wp-json\/wp\/v2\/comments?post=1287"}],"version-history":[{"count":1,"href":"https:\/\/www.cuencasmineras.com\/index.php\/wp-json\/wp\/v2\/posts\/1287\/revisions"}],"predecessor-version":[{"id":1289,"href":"https:\/\/www.cuencasmineras.com\/index.php\/wp-json\/wp\/v2\/posts\/1287\/revisions\/1289"}],"wp:attachment":[{"href":"https:\/\/www.cuencasmineras.com\/index.php\/wp-json\/wp\/v2\/media?parent=1287"}],"wp:term":[{"taxonomy":"category","embeddable":true,"href":"https:\/\/www.cuencasmineras.com\/index.php\/wp-json\/wp\/v2\/categories?post=1287"},{"taxonomy":"post_tag","embeddable":true,"href":"https:\/\/www.cuencasmineras.com\/index.php\/wp-json\/wp\/v2\/tags?post=1287"}],"curies":[{"name":"wp","href":"https:\/\/api.w.org\/{rel}","templated":true}]}}