{"id":1351,"date":"2020-11-02T18:40:35","date_gmt":"2020-11-02T18:40:35","guid":{"rendered":"https:\/\/www.cuencasmineras.com\/?p=1351"},"modified":"2020-11-02T18:40:35","modified_gmt":"2020-11-02T18:40:35","slug":"incidencia-2nov","status":"publish","type":"post","link":"https:\/\/www.cuencasmineras.com\/index.php\/2020\/11\/02\/incidencia-2nov\/","title":{"rendered":"Incidencia Acumulada (14 d\u00edas) de Covid por Concejos"},"content":{"rendered":"<h4><strong>Gij\u00f3n tiene esa tasa situada en 560, Avil\u00e9s en 281 y Oviedo en 229. Y lo peor es que la media de Asturias est\u00e1 en 554.<\/strong><\/h4>\n<h4><\/h4>\n<h4 class=\"article-body__text \" style=\"text-align: justify;\">Seg\u00fan los datos del Observatorio de Salud de la regi\u00f3n, que se han acualizado a d\u00eda de hoy, los concejos con la mayor incidencia son, por este orden (<strong>entre una incidencia de 1.031 a 14 d\u00edas por cien mil habitantes, la mayor de la regi\u00f3n, a una tasa de 250)<\/strong>: Allande, Illas, Gij\u00f3n, Pesoz, Carre\u00f1o, Pravia, Somiedo, Sobrescobio, San Tirso de Abres, Langreo, Teverga, Mieres, Villaviciosa, Lena, Aller, On\u00eds, Cudillero, Avil\u00e9s, Siero, Soto del Barco, Tineo, Ribera de Arriba, Parres, Nore\u00f1a, Vald\u00e9s, Amieva, Corvera de Asturias, Goz\u00f3n, Las Regueras, Laviana, Cangas del Narcea, San Mart\u00edn del Rey Aurelio y Llanes.<\/h4>\n<h4 id=\"quantum-intext-1\" style=\"text-align: justify;\"><\/h4>\n<h4 class=\"article-body__text \" style=\"text-align: justify;\"><strong>Con una tasa entre 250 y 100 casos por cien mil habitantes en el acumulado a 14 d\u00edas est\u00e1n<\/strong>: Oviedo, Llanera, Vegadeo, Castril\u00f3n, Grado, Cangas de On\u00eds, Quir\u00f3s, Navia, Salas, Taramundi, Coa\u00f1a, Nava, Colunga, Bimenes, Muros del Nal\u00f3n, El Franco y Candamo.<\/h4>\n<h4 class=\"article-body__text \" style=\"text-align: justify;\"><strong>Con una tasa menor a 100: <\/strong>Cabranes, Castropol, Pe\u00f1amellera baja, Sariego, Morc\u00edn, Pilo\u00f1a, Riosa, Ribadesella, Cabrales, Tapia de Casariego.<\/h4>\n<h4 class=\"article-body__text \" style=\"text-align: justify;\"><strong>Con una tasa de 0:<\/strong> Belmonte de Miranda, Boal, Caso, Grandas de Salime, Ibias, Ponga, Proaza y Ribadedeva.<\/h4>\n<h4 class=\"article-body__text \" style=\"text-align: justify;\"><strong>No se ofrecen datos<\/strong> de Caravia, Dega\u00f1a, Illano, Pe\u00f1amellera Alta, San MArt\u00edn de Oscos, Santa Eulalia de Oscos, Santo Adriano, Villanueva de Oscos, Villay\u00f3n y Yernes y Tameza.<\/h4>\n<p>&nbsp;<\/p>\n<p>Fuente: Obsevatorio de Salud<\/p>\n","protected":false},"excerpt":{"rendered":"<p>Gij\u00f3n tiene esa tasa situada en 560, Avil\u00e9s en 281 y Oviedo en 229. Y lo peor es que la media de Asturias est\u00e1 en 554. Seg\u00fan los datos del Observatorio de Salud de la regi\u00f3n, que se han acualizado a d\u00eda de hoy, los concejos con la mayor incidencia son, por este orden (entre [&hellip;]<\/p>\n","protected":false},"author":1,"featured_media":1107,"comment_status":"open","ping_status":"open","sticky":false,"template":"","format":"standard","meta":{"footnotes":""},"categories":[7,6,49,8],"tags":[92],"class_list":["post-1351","post","type-post","status-publish","format-standard","has-post-thumbnail","hentry","category-caudal","category-noticias","category-covid","category-nalon","tag-covid19"],"yoast_head":"<!-- This site is optimized with the Yoast SEO plugin v27.4 - https:\/\/yoast.com\/product\/yoast-seo-wordpress\/ -->\n<title>Incidencia Acumulada (14 d\u00edas) de Covid por Concejos - CuencasMineras.com<\/title>\n<meta name=\"description\" content=\"Gij\u00f3n tiene esa tasa situada en 560, Avil\u00e9s en 281 y Oviedo en 229. Y lo peor es que la media de Asturias est\u00e1 en 554.\" \/>\n<meta name=\"robots\" content=\"index, follow, max-snippet:-1, max-image-preview:large, max-video-preview:-1\" \/>\n<link rel=\"canonical\" href=\"https:\/\/www.cuencasmineras.com\/index.php\/2020\/11\/02\/incidencia-2nov\/\" \/>\n<meta property=\"og:locale\" content=\"es_ES\" \/>\n<meta property=\"og:type\" content=\"article\" \/>\n<meta property=\"og:title\" content=\"Incidencia Acumulada (14 d\u00edas) de Covid por Concejos - CuencasMineras.com\" \/>\n<meta property=\"og:description\" content=\"Gij\u00f3n tiene esa tasa situada en 560, Avil\u00e9s en 281 y Oviedo en 229. Y lo peor es que la media de Asturias est\u00e1 en 554.\" \/>\n<meta property=\"og:url\" content=\"https:\/\/www.cuencasmineras.com\/index.php\/2020\/11\/02\/incidencia-2nov\/\" \/>\n<meta property=\"article:published_time\" content=\"2020-11-02T18:40:35+00:00\" \/>\n<meta property=\"og:image\" content=\"https:\/\/www.cuencasmineras.com\/wp-content\/uploads\/2020\/10\/coronavirus-rojo.jpg\" \/>\n\t<meta property=\"og:image:width\" content=\"1920\" \/>\n\t<meta property=\"og:image:height\" content=\"1280\" \/>\n\t<meta property=\"og:image:type\" content=\"image\/jpeg\" \/>\n<meta name=\"author\" content=\"admin\" \/>\n<meta name=\"twitter:card\" content=\"summary_large_image\" \/>\n<meta name=\"twitter:label1\" content=\"Escrito por\" \/>\n\t<meta name=\"twitter:data1\" content=\"admin\" \/>\n\t<meta name=\"twitter:label2\" content=\"Tiempo de lectura\" \/>\n\t<meta name=\"twitter:data2\" content=\"1 minuto\" \/>\n<script type=\"application\/ld+json\" class=\"yoast-schema-graph\">{\"@context\":\"https:\\\/\\\/schema.org\",\"@graph\":[{\"@type\":\"Article\",\"@id\":\"https:\\\/\\\/www.cuencasmineras.com\\\/index.php\\\/2020\\\/11\\\/02\\\/incidencia-2nov\\\/#article\",\"isPartOf\":{\"@id\":\"https:\\\/\\\/www.cuencasmineras.com\\\/index.php\\\/2020\\\/11\\\/02\\\/incidencia-2nov\\\/\"},\"author\":{\"name\":\"admin\",\"@id\":\"https:\\\/\\\/www.cuencasmineras.com\\\/#\\\/schema\\\/person\\\/be0691310e8496ec555f679dd688420c\"},\"headline\":\"Incidencia Acumulada (14 d\u00edas) de Covid por Concejos\",\"datePublished\":\"2020-11-02T18:40:35+00:00\",\"mainEntityOfPage\":{\"@id\":\"https:\\\/\\\/www.cuencasmineras.com\\\/index.php\\\/2020\\\/11\\\/02\\\/incidencia-2nov\\\/\"},\"wordCount\":263,\"commentCount\":0,\"image\":{\"@id\":\"https:\\\/\\\/www.cuencasmineras.com\\\/index.php\\\/2020\\\/11\\\/02\\\/incidencia-2nov\\\/#primaryimage\"},\"thumbnailUrl\":\"https:\\\/\\\/www.cuencasmineras.com\\\/wp-content\\\/uploads\\\/2020\\\/10\\\/coronavirus-rojo.jpg\",\"keywords\":[\"Covid19\"],\"articleSection\":[\"Caudal\",\"CM NEWS\",\"COVID-19\",\"Nal\u00f3n\"],\"inLanguage\":\"es\",\"potentialAction\":[{\"@type\":\"CommentAction\",\"name\":\"Comment\",\"target\":[\"https:\\\/\\\/www.cuencasmineras.com\\\/index.php\\\/2020\\\/11\\\/02\\\/incidencia-2nov\\\/#respond\"]}]},{\"@type\":\"WebPage\",\"@id\":\"https:\\\/\\\/www.cuencasmineras.com\\\/index.php\\\/2020\\\/11\\\/02\\\/incidencia-2nov\\\/\",\"url\":\"https:\\\/\\\/www.cuencasmineras.com\\\/index.php\\\/2020\\\/11\\\/02\\\/incidencia-2nov\\\/\",\"name\":\"Incidencia Acumulada (14 d\u00edas) de Covid por Concejos - CuencasMineras.com\",\"isPartOf\":{\"@id\":\"https:\\\/\\\/www.cuencasmineras.com\\\/#website\"},\"primaryImageOfPage\":{\"@id\":\"https:\\\/\\\/www.cuencasmineras.com\\\/index.php\\\/2020\\\/11\\\/02\\\/incidencia-2nov\\\/#primaryimage\"},\"image\":{\"@id\":\"https:\\\/\\\/www.cuencasmineras.com\\\/index.php\\\/2020\\\/11\\\/02\\\/incidencia-2nov\\\/#primaryimage\"},\"thumbnailUrl\":\"https:\\\/\\\/www.cuencasmineras.com\\\/wp-content\\\/uploads\\\/2020\\\/10\\\/coronavirus-rojo.jpg\",\"datePublished\":\"2020-11-02T18:40:35+00:00\",\"author\":{\"@id\":\"https:\\\/\\\/www.cuencasmineras.com\\\/#\\\/schema\\\/person\\\/be0691310e8496ec555f679dd688420c\"},\"description\":\"Gij\u00f3n tiene esa tasa situada en 560, Avil\u00e9s en 281 y Oviedo en 229. Y lo peor es que la media de Asturias est\u00e1 en 554.\",\"breadcrumb\":{\"@id\":\"https:\\\/\\\/www.cuencasmineras.com\\\/index.php\\\/2020\\\/11\\\/02\\\/incidencia-2nov\\\/#breadcrumb\"},\"inLanguage\":\"es\",\"potentialAction\":[{\"@type\":\"ReadAction\",\"target\":[\"https:\\\/\\\/www.cuencasmineras.com\\\/index.php\\\/2020\\\/11\\\/02\\\/incidencia-2nov\\\/\"]}]},{\"@type\":\"ImageObject\",\"inLanguage\":\"es\",\"@id\":\"https:\\\/\\\/www.cuencasmineras.com\\\/index.php\\\/2020\\\/11\\\/02\\\/incidencia-2nov\\\/#primaryimage\",\"url\":\"https:\\\/\\\/www.cuencasmineras.com\\\/wp-content\\\/uploads\\\/2020\\\/10\\\/coronavirus-rojo.jpg\",\"contentUrl\":\"https:\\\/\\\/www.cuencasmineras.com\\\/wp-content\\\/uploads\\\/2020\\\/10\\\/coronavirus-rojo.jpg\",\"width\":1920,\"height\":1280},{\"@type\":\"BreadcrumbList\",\"@id\":\"https:\\\/\\\/www.cuencasmineras.com\\\/index.php\\\/2020\\\/11\\\/02\\\/incidencia-2nov\\\/#breadcrumb\",\"itemListElement\":[{\"@type\":\"ListItem\",\"position\":1,\"name\":\"Portada\",\"item\":\"https:\\\/\\\/www.cuencasmineras.com\\\/\"},{\"@type\":\"ListItem\",\"position\":2,\"name\":\"Incidencia Acumulada (14 d\u00edas) de Covid por Concejos\"}]},{\"@type\":\"WebSite\",\"@id\":\"https:\\\/\\\/www.cuencasmineras.com\\\/#website\",\"url\":\"https:\\\/\\\/www.cuencasmineras.com\\\/\",\"name\":\"\",\"description\":\"\",\"potentialAction\":[{\"@type\":\"SearchAction\",\"target\":{\"@type\":\"EntryPoint\",\"urlTemplate\":\"https:\\\/\\\/www.cuencasmineras.com\\\/?s={search_term_string}\"},\"query-input\":{\"@type\":\"PropertyValueSpecification\",\"valueRequired\":true,\"valueName\":\"search_term_string\"}}],\"inLanguage\":\"es\"},{\"@type\":\"Person\",\"@id\":\"https:\\\/\\\/www.cuencasmineras.com\\\/#\\\/schema\\\/person\\\/be0691310e8496ec555f679dd688420c\",\"name\":\"admin\",\"image\":{\"@type\":\"ImageObject\",\"inLanguage\":\"es\",\"@id\":\"https:\\\/\\\/secure.gravatar.com\\\/avatar\\\/4afd2eed3b2fbbf36dd6707b5bd8a5b50ac648f033e36fbf85aeace2f0f859db?s=96&d=mm&r=g\",\"url\":\"https:\\\/\\\/secure.gravatar.com\\\/avatar\\\/4afd2eed3b2fbbf36dd6707b5bd8a5b50ac648f033e36fbf85aeace2f0f859db?s=96&d=mm&r=g\",\"contentUrl\":\"https:\\\/\\\/secure.gravatar.com\\\/avatar\\\/4afd2eed3b2fbbf36dd6707b5bd8a5b50ac648f033e36fbf85aeace2f0f859db?s=96&d=mm&r=g\",\"caption\":\"admin\"},\"sameAs\":[\"https:\\\/\\\/www.cuencasmineras.com\"],\"url\":\"https:\\\/\\\/www.cuencasmineras.com\\\/index.php\\\/author\\\/admin\\\/\"}]}<\/script>\n<!-- \/ Yoast SEO plugin. -->","yoast_head_json":{"title":"Incidencia Acumulada (14 d\u00edas) de Covid por Concejos - CuencasMineras.com","description":"Gij\u00f3n tiene esa tasa situada en 560, Avil\u00e9s en 281 y Oviedo en 229. Y lo peor es que la media de Asturias est\u00e1 en 554.","robots":{"index":"index","follow":"follow","max-snippet":"max-snippet:-1","max-image-preview":"max-image-preview:large","max-video-preview":"max-video-preview:-1"},"canonical":"https:\/\/www.cuencasmineras.com\/index.php\/2020\/11\/02\/incidencia-2nov\/","og_locale":"es_ES","og_type":"article","og_title":"Incidencia Acumulada (14 d\u00edas) de Covid por Concejos - CuencasMineras.com","og_description":"Gij\u00f3n tiene esa tasa situada en 560, Avil\u00e9s en 281 y Oviedo en 229. Y lo peor es que la media de Asturias est\u00e1 en 554.","og_url":"https:\/\/www.cuencasmineras.com\/index.php\/2020\/11\/02\/incidencia-2nov\/","article_published_time":"2020-11-02T18:40:35+00:00","og_image":[{"width":1920,"height":1280,"url":"https:\/\/www.cuencasmineras.com\/wp-content\/uploads\/2020\/10\/coronavirus-rojo.jpg","type":"image\/jpeg"}],"author":"admin","twitter_card":"summary_large_image","twitter_misc":{"Escrito por":"admin","Tiempo de lectura":"1 minuto"},"schema":{"@context":"https:\/\/schema.org","@graph":[{"@type":"Article","@id":"https:\/\/www.cuencasmineras.com\/index.php\/2020\/11\/02\/incidencia-2nov\/#article","isPartOf":{"@id":"https:\/\/www.cuencasmineras.com\/index.php\/2020\/11\/02\/incidencia-2nov\/"},"author":{"name":"admin","@id":"https:\/\/www.cuencasmineras.com\/#\/schema\/person\/be0691310e8496ec555f679dd688420c"},"headline":"Incidencia Acumulada (14 d\u00edas) de Covid por Concejos","datePublished":"2020-11-02T18:40:35+00:00","mainEntityOfPage":{"@id":"https:\/\/www.cuencasmineras.com\/index.php\/2020\/11\/02\/incidencia-2nov\/"},"wordCount":263,"commentCount":0,"image":{"@id":"https:\/\/www.cuencasmineras.com\/index.php\/2020\/11\/02\/incidencia-2nov\/#primaryimage"},"thumbnailUrl":"https:\/\/www.cuencasmineras.com\/wp-content\/uploads\/2020\/10\/coronavirus-rojo.jpg","keywords":["Covid19"],"articleSection":["Caudal","CM NEWS","COVID-19","Nal\u00f3n"],"inLanguage":"es","potentialAction":[{"@type":"CommentAction","name":"Comment","target":["https:\/\/www.cuencasmineras.com\/index.php\/2020\/11\/02\/incidencia-2nov\/#respond"]}]},{"@type":"WebPage","@id":"https:\/\/www.cuencasmineras.com\/index.php\/2020\/11\/02\/incidencia-2nov\/","url":"https:\/\/www.cuencasmineras.com\/index.php\/2020\/11\/02\/incidencia-2nov\/","name":"Incidencia Acumulada (14 d\u00edas) de Covid por Concejos - CuencasMineras.com","isPartOf":{"@id":"https:\/\/www.cuencasmineras.com\/#website"},"primaryImageOfPage":{"@id":"https:\/\/www.cuencasmineras.com\/index.php\/2020\/11\/02\/incidencia-2nov\/#primaryimage"},"image":{"@id":"https:\/\/www.cuencasmineras.com\/index.php\/2020\/11\/02\/incidencia-2nov\/#primaryimage"},"thumbnailUrl":"https:\/\/www.cuencasmineras.com\/wp-content\/uploads\/2020\/10\/coronavirus-rojo.jpg","datePublished":"2020-11-02T18:40:35+00:00","author":{"@id":"https:\/\/www.cuencasmineras.com\/#\/schema\/person\/be0691310e8496ec555f679dd688420c"},"description":"Gij\u00f3n tiene esa tasa situada en 560, Avil\u00e9s en 281 y Oviedo en 229. Y lo peor es que la media de Asturias est\u00e1 en 554.","breadcrumb":{"@id":"https:\/\/www.cuencasmineras.com\/index.php\/2020\/11\/02\/incidencia-2nov\/#breadcrumb"},"inLanguage":"es","potentialAction":[{"@type":"ReadAction","target":["https:\/\/www.cuencasmineras.com\/index.php\/2020\/11\/02\/incidencia-2nov\/"]}]},{"@type":"ImageObject","inLanguage":"es","@id":"https:\/\/www.cuencasmineras.com\/index.php\/2020\/11\/02\/incidencia-2nov\/#primaryimage","url":"https:\/\/www.cuencasmineras.com\/wp-content\/uploads\/2020\/10\/coronavirus-rojo.jpg","contentUrl":"https:\/\/www.cuencasmineras.com\/wp-content\/uploads\/2020\/10\/coronavirus-rojo.jpg","width":1920,"height":1280},{"@type":"BreadcrumbList","@id":"https:\/\/www.cuencasmineras.com\/index.php\/2020\/11\/02\/incidencia-2nov\/#breadcrumb","itemListElement":[{"@type":"ListItem","position":1,"name":"Portada","item":"https:\/\/www.cuencasmineras.com\/"},{"@type":"ListItem","position":2,"name":"Incidencia Acumulada (14 d\u00edas) de Covid por Concejos"}]},{"@type":"WebSite","@id":"https:\/\/www.cuencasmineras.com\/#website","url":"https:\/\/www.cuencasmineras.com\/","name":"","description":"","potentialAction":[{"@type":"SearchAction","target":{"@type":"EntryPoint","urlTemplate":"https:\/\/www.cuencasmineras.com\/?s={search_term_string}"},"query-input":{"@type":"PropertyValueSpecification","valueRequired":true,"valueName":"search_term_string"}}],"inLanguage":"es"},{"@type":"Person","@id":"https:\/\/www.cuencasmineras.com\/#\/schema\/person\/be0691310e8496ec555f679dd688420c","name":"admin","image":{"@type":"ImageObject","inLanguage":"es","@id":"https:\/\/secure.gravatar.com\/avatar\/4afd2eed3b2fbbf36dd6707b5bd8a5b50ac648f033e36fbf85aeace2f0f859db?s=96&d=mm&r=g","url":"https:\/\/secure.gravatar.com\/avatar\/4afd2eed3b2fbbf36dd6707b5bd8a5b50ac648f033e36fbf85aeace2f0f859db?s=96&d=mm&r=g","contentUrl":"https:\/\/secure.gravatar.com\/avatar\/4afd2eed3b2fbbf36dd6707b5bd8a5b50ac648f033e36fbf85aeace2f0f859db?s=96&d=mm&r=g","caption":"admin"},"sameAs":["https:\/\/www.cuencasmineras.com"],"url":"https:\/\/www.cuencasmineras.com\/index.php\/author\/admin\/"}]}},"_links":{"self":[{"href":"https:\/\/www.cuencasmineras.com\/index.php\/wp-json\/wp\/v2\/posts\/1351","targetHints":{"allow":["GET"]}}],"collection":[{"href":"https:\/\/www.cuencasmineras.com\/index.php\/wp-json\/wp\/v2\/posts"}],"about":[{"href":"https:\/\/www.cuencasmineras.com\/index.php\/wp-json\/wp\/v2\/types\/post"}],"author":[{"embeddable":true,"href":"https:\/\/www.cuencasmineras.com\/index.php\/wp-json\/wp\/v2\/users\/1"}],"replies":[{"embeddable":true,"href":"https:\/\/www.cuencasmineras.com\/index.php\/wp-json\/wp\/v2\/comments?post=1351"}],"version-history":[{"count":1,"href":"https:\/\/www.cuencasmineras.com\/index.php\/wp-json\/wp\/v2\/posts\/1351\/revisions"}],"predecessor-version":[{"id":1352,"href":"https:\/\/www.cuencasmineras.com\/index.php\/wp-json\/wp\/v2\/posts\/1351\/revisions\/1352"}],"wp:featuredmedia":[{"embeddable":true,"href":"https:\/\/www.cuencasmineras.com\/index.php\/wp-json\/wp\/v2\/media\/1107"}],"wp:attachment":[{"href":"https:\/\/www.cuencasmineras.com\/index.php\/wp-json\/wp\/v2\/media?parent=1351"}],"wp:term":[{"taxonomy":"category","embeddable":true,"href":"https:\/\/www.cuencasmineras.com\/index.php\/wp-json\/wp\/v2\/categories?post=1351"},{"taxonomy":"post_tag","embeddable":true,"href":"https:\/\/www.cuencasmineras.com\/index.php\/wp-json\/wp\/v2\/tags?post=1351"}],"curies":[{"name":"wp","href":"https:\/\/api.w.org\/{rel}","templated":true}]}}