{"id":1370,"date":"2020-11-05T19:14:34","date_gmt":"2020-11-05T19:14:34","guid":{"rendered":"https:\/\/www.cuencasmineras.com\/?p=1370"},"modified":"2020-11-05T19:14:34","modified_gmt":"2020-11-05T19:14:34","slug":"concierto-online-de-la-banda-de-musica-de-mieres","status":"publish","type":"post","link":"https:\/\/www.cuencasmineras.com\/index.php\/2020\/11\/05\/concierto-online-de-la-banda-de-musica-de-mieres\/","title":{"rendered":"Concierto online de la Banda de M\u00fasica de Mieres"},"content":{"rendered":"<div class=\"\" dir=\"auto\">\n<div id=\"jsc_c_1x\" class=\"ecm0bbzt hv4rvrfc ihqw7lf3 dati1w0a\" data-ad-comet-preview=\"message\" data-ad-preview=\"message\">\n<div class=\"j83agx80 cbu4d94t ew0dbk1b irj2b8pg\">\n<div class=\"qzhwtbm6 knvmm38d\">\n<div class=\"kvgmc6g5 cxmmr5t8 oygrvhab hcukyx3x c1et5uql ii04i59q\">\n<div dir=\"auto\">Concierto online de la Banda de M\u00fasica de Mieres a trav\u00e9s de nuestro Youtube y nuestras redes sociales. Domingo 8 de noviembre, a las 13 horas.<\/div>\n<\/div>\n<div class=\"o9v6fnle cxmmr5t8 oygrvhab hcukyx3x c1et5uql ii04i59q\">\n<div dir=\"auto\"><a class=\"oajrlxb2 g5ia77u1 qu0x051f esr5mh6w e9989ue4 r7d6kgcz rq0escxv nhd2j8a9 nc684nl6 p7hjln8o kvgmc6g5 cxmmr5t8 oygrvhab hcukyx3x jb3vyjys rz4wbd8a qt6c0cv9 a8nywdso i1ao9s8h esuyzwwr f1sip0of lzcic4wl q66pz984 gpro0wi8 b1v8xokw\" tabindex=\"0\" role=\"link\" href=\"https:\/\/www.facebook.com\/hashtag\/culturasegura?__eep__=6&amp;__cft__[0]=AZUjMHjqKIUxmHxRlpsjaUGYIQFlR6-n7IrbdlEkIRJ8Xk2nhjAcGDaQ201iZCJPJaTN-A8llEptvGMtCj2ApvNKzWQyVylCCjZ8ANpA7ktB6R2OLAJUTMJKQjahNemokC2ehr8dMF4BIUVFNCE6t7-n&amp;__tn__=*NK-R\">#CulturaSegura<\/a><\/div>\n<div dir=\"auto\"><img loading=\"lazy\" decoding=\"async\" class=\"aligncenter size-full wp-image-1371\" src=\"https:\/\/www.cuencasmineras.com\/wp-content\/uploads\/2020\/11\/123842045_3672496912815229_309696709230833710_n.jpg\" alt=\"\" width=\"678\" height=\"960\" srcset=\"https:\/\/www.cuencasmineras.com\/wp-content\/uploads\/2020\/11\/123842045_3672496912815229_309696709230833710_n.jpg 678w, https:\/\/www.cuencasmineras.com\/wp-content\/uploads\/2020\/11\/123842045_3672496912815229_309696709230833710_n-212x300.jpg 212w\" sizes=\"auto, (max-width: 678px) 100vw, 678px\" \/><\/div>\n<\/div>\n<\/div>\n<\/div>\n<\/div>\n<\/div>\n","protected":false},"excerpt":{"rendered":"<p>Concierto online de la Banda de M\u00fasica de Mieres a trav\u00e9s de nuestro Youtube y nuestras redes sociales. Domingo 8 de noviembre, a las 13 horas. #CulturaSegura<\/p>\n","protected":false},"author":1,"featured_media":1371,"comment_status":"open","ping_status":"open","sticky":false,"template":"","format":"standard","meta":{"footnotes":""},"categories":[7,6],"tags":[121],"class_list":["post-1370","post","type-post","status-publish","format-standard","has-post-thumbnail","hentry","category-caudal","category-noticias","tag-banda-musica-de-mieres"],"yoast_head":"<!-- This site is optimized with the Yoast SEO plugin v27.4 - https:\/\/yoast.com\/product\/yoast-seo-wordpress\/ -->\n<title>Concierto online de la Banda de M\u00fasica de Mieres -<\/title>\n<meta name=\"description\" content=\"Concierto online de la Banda de M\u00fasica de Mieres a trav\u00e9s de nuestro Youtube y nuestras redes sociales. Domingo 8 de noviembre, a las 13 horas\" \/>\n<meta name=\"robots\" content=\"index, follow, max-snippet:-1, max-image-preview:large, max-video-preview:-1\" \/>\n<link rel=\"canonical\" href=\"https:\/\/www.cuencasmineras.com\/index.php\/2020\/11\/05\/concierto-online-de-la-banda-de-musica-de-mieres\/\" \/>\n<meta property=\"og:locale\" content=\"es_ES\" \/>\n<meta property=\"og:type\" content=\"article\" \/>\n<meta property=\"og:title\" content=\"Concierto online de la Banda de M\u00fasica de Mieres -\" \/>\n<meta property=\"og:description\" content=\"Concierto online de la Banda de M\u00fasica de Mieres a trav\u00e9s de nuestro Youtube y nuestras redes sociales. Domingo 8 de noviembre, a las 13 horas\" \/>\n<meta property=\"og:url\" content=\"https:\/\/www.cuencasmineras.com\/index.php\/2020\/11\/05\/concierto-online-de-la-banda-de-musica-de-mieres\/\" \/>\n<meta property=\"article:published_time\" content=\"2020-11-05T19:14:34+00:00\" \/>\n<meta property=\"og:image\" content=\"https:\/\/www.cuencasmineras.com\/wp-content\/uploads\/2020\/11\/123842045_3672496912815229_309696709230833710_n.jpg\" \/>\n\t<meta property=\"og:image:width\" content=\"678\" \/>\n\t<meta property=\"og:image:height\" content=\"960\" \/>\n\t<meta property=\"og:image:type\" content=\"image\/jpeg\" \/>\n<meta name=\"author\" content=\"admin\" \/>\n<meta name=\"twitter:card\" content=\"summary_large_image\" \/>\n<meta name=\"twitter:label1\" content=\"Escrito por\" \/>\n\t<meta name=\"twitter:data1\" content=\"admin\" \/>\n<script type=\"application\/ld+json\" class=\"yoast-schema-graph\">{\"@context\":\"https:\\\/\\\/schema.org\",\"@graph\":[{\"@type\":\"Article\",\"@id\":\"https:\\\/\\\/www.cuencasmineras.com\\\/index.php\\\/2020\\\/11\\\/05\\\/concierto-online-de-la-banda-de-musica-de-mieres\\\/#article\",\"isPartOf\":{\"@id\":\"https:\\\/\\\/www.cuencasmineras.com\\\/index.php\\\/2020\\\/11\\\/05\\\/concierto-online-de-la-banda-de-musica-de-mieres\\\/\"},\"author\":{\"name\":\"admin\",\"@id\":\"https:\\\/\\\/www.cuencasmineras.com\\\/#\\\/schema\\\/person\\\/be0691310e8496ec555f679dd688420c\"},\"headline\":\"Concierto online de la Banda de M\u00fasica de Mieres\",\"datePublished\":\"2020-11-05T19:14:34+00:00\",\"mainEntityOfPage\":{\"@id\":\"https:\\\/\\\/www.cuencasmineras.com\\\/index.php\\\/2020\\\/11\\\/05\\\/concierto-online-de-la-banda-de-musica-de-mieres\\\/\"},\"wordCount\":37,\"commentCount\":0,\"image\":{\"@id\":\"https:\\\/\\\/www.cuencasmineras.com\\\/index.php\\\/2020\\\/11\\\/05\\\/concierto-online-de-la-banda-de-musica-de-mieres\\\/#primaryimage\"},\"thumbnailUrl\":\"https:\\\/\\\/www.cuencasmineras.com\\\/wp-content\\\/uploads\\\/2020\\\/11\\\/123842045_3672496912815229_309696709230833710_n.jpg\",\"keywords\":[\"banda musica de mieres\"],\"articleSection\":[\"Caudal\",\"CM NEWS\"],\"inLanguage\":\"es\",\"potentialAction\":[{\"@type\":\"CommentAction\",\"name\":\"Comment\",\"target\":[\"https:\\\/\\\/www.cuencasmineras.com\\\/index.php\\\/2020\\\/11\\\/05\\\/concierto-online-de-la-banda-de-musica-de-mieres\\\/#respond\"]}]},{\"@type\":\"WebPage\",\"@id\":\"https:\\\/\\\/www.cuencasmineras.com\\\/index.php\\\/2020\\\/11\\\/05\\\/concierto-online-de-la-banda-de-musica-de-mieres\\\/\",\"url\":\"https:\\\/\\\/www.cuencasmineras.com\\\/index.php\\\/2020\\\/11\\\/05\\\/concierto-online-de-la-banda-de-musica-de-mieres\\\/\",\"name\":\"Concierto online de la Banda de M\u00fasica de Mieres -\",\"isPartOf\":{\"@id\":\"https:\\\/\\\/www.cuencasmineras.com\\\/#website\"},\"primaryImageOfPage\":{\"@id\":\"https:\\\/\\\/www.cuencasmineras.com\\\/index.php\\\/2020\\\/11\\\/05\\\/concierto-online-de-la-banda-de-musica-de-mieres\\\/#primaryimage\"},\"image\":{\"@id\":\"https:\\\/\\\/www.cuencasmineras.com\\\/index.php\\\/2020\\\/11\\\/05\\\/concierto-online-de-la-banda-de-musica-de-mieres\\\/#primaryimage\"},\"thumbnailUrl\":\"https:\\\/\\\/www.cuencasmineras.com\\\/wp-content\\\/uploads\\\/2020\\\/11\\\/123842045_3672496912815229_309696709230833710_n.jpg\",\"datePublished\":\"2020-11-05T19:14:34+00:00\",\"author\":{\"@id\":\"https:\\\/\\\/www.cuencasmineras.com\\\/#\\\/schema\\\/person\\\/be0691310e8496ec555f679dd688420c\"},\"description\":\"Concierto online de la Banda de M\u00fasica de Mieres a trav\u00e9s de nuestro Youtube y nuestras redes sociales. Domingo 8 de noviembre, a las 13 horas\",\"breadcrumb\":{\"@id\":\"https:\\\/\\\/www.cuencasmineras.com\\\/index.php\\\/2020\\\/11\\\/05\\\/concierto-online-de-la-banda-de-musica-de-mieres\\\/#breadcrumb\"},\"inLanguage\":\"es\",\"potentialAction\":[{\"@type\":\"ReadAction\",\"target\":[\"https:\\\/\\\/www.cuencasmineras.com\\\/index.php\\\/2020\\\/11\\\/05\\\/concierto-online-de-la-banda-de-musica-de-mieres\\\/\"]}]},{\"@type\":\"ImageObject\",\"inLanguage\":\"es\",\"@id\":\"https:\\\/\\\/www.cuencasmineras.com\\\/index.php\\\/2020\\\/11\\\/05\\\/concierto-online-de-la-banda-de-musica-de-mieres\\\/#primaryimage\",\"url\":\"https:\\\/\\\/www.cuencasmineras.com\\\/wp-content\\\/uploads\\\/2020\\\/11\\\/123842045_3672496912815229_309696709230833710_n.jpg\",\"contentUrl\":\"https:\\\/\\\/www.cuencasmineras.com\\\/wp-content\\\/uploads\\\/2020\\\/11\\\/123842045_3672496912815229_309696709230833710_n.jpg\",\"width\":678,\"height\":960},{\"@type\":\"BreadcrumbList\",\"@id\":\"https:\\\/\\\/www.cuencasmineras.com\\\/index.php\\\/2020\\\/11\\\/05\\\/concierto-online-de-la-banda-de-musica-de-mieres\\\/#breadcrumb\",\"itemListElement\":[{\"@type\":\"ListItem\",\"position\":1,\"name\":\"Portada\",\"item\":\"https:\\\/\\\/www.cuencasmineras.com\\\/\"},{\"@type\":\"ListItem\",\"position\":2,\"name\":\"Concierto online de la Banda de M\u00fasica de Mieres\"}]},{\"@type\":\"WebSite\",\"@id\":\"https:\\\/\\\/www.cuencasmineras.com\\\/#website\",\"url\":\"https:\\\/\\\/www.cuencasmineras.com\\\/\",\"name\":\"\",\"description\":\"\",\"potentialAction\":[{\"@type\":\"SearchAction\",\"target\":{\"@type\":\"EntryPoint\",\"urlTemplate\":\"https:\\\/\\\/www.cuencasmineras.com\\\/?s={search_term_string}\"},\"query-input\":{\"@type\":\"PropertyValueSpecification\",\"valueRequired\":true,\"valueName\":\"search_term_string\"}}],\"inLanguage\":\"es\"},{\"@type\":\"Person\",\"@id\":\"https:\\\/\\\/www.cuencasmineras.com\\\/#\\\/schema\\\/person\\\/be0691310e8496ec555f679dd688420c\",\"name\":\"admin\",\"image\":{\"@type\":\"ImageObject\",\"inLanguage\":\"es\",\"@id\":\"https:\\\/\\\/secure.gravatar.com\\\/avatar\\\/4afd2eed3b2fbbf36dd6707b5bd8a5b50ac648f033e36fbf85aeace2f0f859db?s=96&d=mm&r=g\",\"url\":\"https:\\\/\\\/secure.gravatar.com\\\/avatar\\\/4afd2eed3b2fbbf36dd6707b5bd8a5b50ac648f033e36fbf85aeace2f0f859db?s=96&d=mm&r=g\",\"contentUrl\":\"https:\\\/\\\/secure.gravatar.com\\\/avatar\\\/4afd2eed3b2fbbf36dd6707b5bd8a5b50ac648f033e36fbf85aeace2f0f859db?s=96&d=mm&r=g\",\"caption\":\"admin\"},\"sameAs\":[\"https:\\\/\\\/www.cuencasmineras.com\"],\"url\":\"https:\\\/\\\/www.cuencasmineras.com\\\/index.php\\\/author\\\/admin\\\/\"}]}<\/script>\n<!-- \/ Yoast SEO plugin. -->","yoast_head_json":{"title":"Concierto online de la Banda de M\u00fasica de Mieres -","description":"Concierto online de la Banda de M\u00fasica de Mieres a trav\u00e9s de nuestro Youtube y nuestras redes sociales. Domingo 8 de noviembre, a las 13 horas","robots":{"index":"index","follow":"follow","max-snippet":"max-snippet:-1","max-image-preview":"max-image-preview:large","max-video-preview":"max-video-preview:-1"},"canonical":"https:\/\/www.cuencasmineras.com\/index.php\/2020\/11\/05\/concierto-online-de-la-banda-de-musica-de-mieres\/","og_locale":"es_ES","og_type":"article","og_title":"Concierto online de la Banda de M\u00fasica de Mieres -","og_description":"Concierto online de la Banda de M\u00fasica de Mieres a trav\u00e9s de nuestro Youtube y nuestras redes sociales. Domingo 8 de noviembre, a las 13 horas","og_url":"https:\/\/www.cuencasmineras.com\/index.php\/2020\/11\/05\/concierto-online-de-la-banda-de-musica-de-mieres\/","article_published_time":"2020-11-05T19:14:34+00:00","og_image":[{"width":678,"height":960,"url":"https:\/\/www.cuencasmineras.com\/wp-content\/uploads\/2020\/11\/123842045_3672496912815229_309696709230833710_n.jpg","type":"image\/jpeg"}],"author":"admin","twitter_card":"summary_large_image","twitter_misc":{"Escrito por":"admin"},"schema":{"@context":"https:\/\/schema.org","@graph":[{"@type":"Article","@id":"https:\/\/www.cuencasmineras.com\/index.php\/2020\/11\/05\/concierto-online-de-la-banda-de-musica-de-mieres\/#article","isPartOf":{"@id":"https:\/\/www.cuencasmineras.com\/index.php\/2020\/11\/05\/concierto-online-de-la-banda-de-musica-de-mieres\/"},"author":{"name":"admin","@id":"https:\/\/www.cuencasmineras.com\/#\/schema\/person\/be0691310e8496ec555f679dd688420c"},"headline":"Concierto online de la Banda de M\u00fasica de Mieres","datePublished":"2020-11-05T19:14:34+00:00","mainEntityOfPage":{"@id":"https:\/\/www.cuencasmineras.com\/index.php\/2020\/11\/05\/concierto-online-de-la-banda-de-musica-de-mieres\/"},"wordCount":37,"commentCount":0,"image":{"@id":"https:\/\/www.cuencasmineras.com\/index.php\/2020\/11\/05\/concierto-online-de-la-banda-de-musica-de-mieres\/#primaryimage"},"thumbnailUrl":"https:\/\/www.cuencasmineras.com\/wp-content\/uploads\/2020\/11\/123842045_3672496912815229_309696709230833710_n.jpg","keywords":["banda musica de mieres"],"articleSection":["Caudal","CM NEWS"],"inLanguage":"es","potentialAction":[{"@type":"CommentAction","name":"Comment","target":["https:\/\/www.cuencasmineras.com\/index.php\/2020\/11\/05\/concierto-online-de-la-banda-de-musica-de-mieres\/#respond"]}]},{"@type":"WebPage","@id":"https:\/\/www.cuencasmineras.com\/index.php\/2020\/11\/05\/concierto-online-de-la-banda-de-musica-de-mieres\/","url":"https:\/\/www.cuencasmineras.com\/index.php\/2020\/11\/05\/concierto-online-de-la-banda-de-musica-de-mieres\/","name":"Concierto online de la Banda de M\u00fasica de Mieres -","isPartOf":{"@id":"https:\/\/www.cuencasmineras.com\/#website"},"primaryImageOfPage":{"@id":"https:\/\/www.cuencasmineras.com\/index.php\/2020\/11\/05\/concierto-online-de-la-banda-de-musica-de-mieres\/#primaryimage"},"image":{"@id":"https:\/\/www.cuencasmineras.com\/index.php\/2020\/11\/05\/concierto-online-de-la-banda-de-musica-de-mieres\/#primaryimage"},"thumbnailUrl":"https:\/\/www.cuencasmineras.com\/wp-content\/uploads\/2020\/11\/123842045_3672496912815229_309696709230833710_n.jpg","datePublished":"2020-11-05T19:14:34+00:00","author":{"@id":"https:\/\/www.cuencasmineras.com\/#\/schema\/person\/be0691310e8496ec555f679dd688420c"},"description":"Concierto online de la Banda de M\u00fasica de Mieres a trav\u00e9s de nuestro Youtube y nuestras redes sociales. Domingo 8 de noviembre, a las 13 horas","breadcrumb":{"@id":"https:\/\/www.cuencasmineras.com\/index.php\/2020\/11\/05\/concierto-online-de-la-banda-de-musica-de-mieres\/#breadcrumb"},"inLanguage":"es","potentialAction":[{"@type":"ReadAction","target":["https:\/\/www.cuencasmineras.com\/index.php\/2020\/11\/05\/concierto-online-de-la-banda-de-musica-de-mieres\/"]}]},{"@type":"ImageObject","inLanguage":"es","@id":"https:\/\/www.cuencasmineras.com\/index.php\/2020\/11\/05\/concierto-online-de-la-banda-de-musica-de-mieres\/#primaryimage","url":"https:\/\/www.cuencasmineras.com\/wp-content\/uploads\/2020\/11\/123842045_3672496912815229_309696709230833710_n.jpg","contentUrl":"https:\/\/www.cuencasmineras.com\/wp-content\/uploads\/2020\/11\/123842045_3672496912815229_309696709230833710_n.jpg","width":678,"height":960},{"@type":"BreadcrumbList","@id":"https:\/\/www.cuencasmineras.com\/index.php\/2020\/11\/05\/concierto-online-de-la-banda-de-musica-de-mieres\/#breadcrumb","itemListElement":[{"@type":"ListItem","position":1,"name":"Portada","item":"https:\/\/www.cuencasmineras.com\/"},{"@type":"ListItem","position":2,"name":"Concierto online de la Banda de M\u00fasica de Mieres"}]},{"@type":"WebSite","@id":"https:\/\/www.cuencasmineras.com\/#website","url":"https:\/\/www.cuencasmineras.com\/","name":"","description":"","potentialAction":[{"@type":"SearchAction","target":{"@type":"EntryPoint","urlTemplate":"https:\/\/www.cuencasmineras.com\/?s={search_term_string}"},"query-input":{"@type":"PropertyValueSpecification","valueRequired":true,"valueName":"search_term_string"}}],"inLanguage":"es"},{"@type":"Person","@id":"https:\/\/www.cuencasmineras.com\/#\/schema\/person\/be0691310e8496ec555f679dd688420c","name":"admin","image":{"@type":"ImageObject","inLanguage":"es","@id":"https:\/\/secure.gravatar.com\/avatar\/4afd2eed3b2fbbf36dd6707b5bd8a5b50ac648f033e36fbf85aeace2f0f859db?s=96&d=mm&r=g","url":"https:\/\/secure.gravatar.com\/avatar\/4afd2eed3b2fbbf36dd6707b5bd8a5b50ac648f033e36fbf85aeace2f0f859db?s=96&d=mm&r=g","contentUrl":"https:\/\/secure.gravatar.com\/avatar\/4afd2eed3b2fbbf36dd6707b5bd8a5b50ac648f033e36fbf85aeace2f0f859db?s=96&d=mm&r=g","caption":"admin"},"sameAs":["https:\/\/www.cuencasmineras.com"],"url":"https:\/\/www.cuencasmineras.com\/index.php\/author\/admin\/"}]}},"_links":{"self":[{"href":"https:\/\/www.cuencasmineras.com\/index.php\/wp-json\/wp\/v2\/posts\/1370","targetHints":{"allow":["GET"]}}],"collection":[{"href":"https:\/\/www.cuencasmineras.com\/index.php\/wp-json\/wp\/v2\/posts"}],"about":[{"href":"https:\/\/www.cuencasmineras.com\/index.php\/wp-json\/wp\/v2\/types\/post"}],"author":[{"embeddable":true,"href":"https:\/\/www.cuencasmineras.com\/index.php\/wp-json\/wp\/v2\/users\/1"}],"replies":[{"embeddable":true,"href":"https:\/\/www.cuencasmineras.com\/index.php\/wp-json\/wp\/v2\/comments?post=1370"}],"version-history":[{"count":1,"href":"https:\/\/www.cuencasmineras.com\/index.php\/wp-json\/wp\/v2\/posts\/1370\/revisions"}],"predecessor-version":[{"id":1372,"href":"https:\/\/www.cuencasmineras.com\/index.php\/wp-json\/wp\/v2\/posts\/1370\/revisions\/1372"}],"wp:featuredmedia":[{"embeddable":true,"href":"https:\/\/www.cuencasmineras.com\/index.php\/wp-json\/wp\/v2\/media\/1371"}],"wp:attachment":[{"href":"https:\/\/www.cuencasmineras.com\/index.php\/wp-json\/wp\/v2\/media?parent=1370"}],"wp:term":[{"taxonomy":"category","embeddable":true,"href":"https:\/\/www.cuencasmineras.com\/index.php\/wp-json\/wp\/v2\/categories?post=1370"},{"taxonomy":"post_tag","embeddable":true,"href":"https:\/\/www.cuencasmineras.com\/index.php\/wp-json\/wp\/v2\/tags?post=1370"}],"curies":[{"name":"wp","href":"https:\/\/api.w.org\/{rel}","templated":true}]}}