{"id":1395,"date":"2020-11-11T17:22:29","date_gmt":"2020-11-11T17:22:29","guid":{"rendered":"https:\/\/www.cuencasmineras.com\/?p=1395"},"modified":"2020-11-11T17:22:29","modified_gmt":"2020-11-11T17:22:29","slug":"518-casos","status":"publish","type":"post","link":"https:\/\/www.cuencasmineras.com\/index.php\/2020\/11\/11\/518-casos\/","title":{"rendered":"El Principado confirma 518 nuevos casos de coronavirus"},"content":{"rendered":"<h1 class=\"page-h1 container\"><\/h1>\n<div id=\"main-content\" class=\"columns-1\" role=\"main\">\n<div class=\"portlet-layout row\">\n<div id=\"column-1\" class=\"col-md-12 portlet-column portlet-column-only\">\n<div id=\"layout-column_column-1\" class=\"portlet-dropzone portlet-column-content portlet-column-content-only\">\n<div id=\"p_p_id_com_liferay_asset_publisher_web_portlet_AssetPublisherPortlet_INSTANCE_DSnKSBdGDt7q_\" class=\"portlet-boundary portlet-boundary_com_liferay_asset_publisher_web_portlet_AssetPublisherPortlet_ portlet-static portlet-static-end portlet-barebone portlet-asset-publisher nota-detalle\"><span id=\"p_com_liferay_asset_publisher_web_portlet_AssetPublisherPortlet_INSTANCE_DSnKSBdGDt7q\"><\/span><\/p>\n<section id=\"portlet_com_liferay_asset_publisher_web_portlet_AssetPublisherPortlet_INSTANCE_DSnKSBdGDt7q\" class=\"portlet\">\n<div class=\"portlet-content\">\n<div class=\" portlet-content-container\">\n<div class=\"portlet-body\">\n<div>\n<div class=\"h2\">\n<div class=\"pull-right\"><\/div>\n<\/div>\n<div class=\"asset-full-content clearfix default-asset-publisher show-asset-title\">\n<div id=\"_com_liferay_asset_publisher_web_portlet_AssetPublisherPortlet_INSTANCE_DSnKSBdGDt7q_208226\" class=\"asset-content\">\n<div class=\"clearfix journal-content-article\" data-analytics-asset-id=\"208213\" data-analytics-asset-title=\"El Principado confirma 518 nuevos casos de coronavirus\" data-analytics-asset-type=\"web-content\">\n<div class=\"nota\">\n<div class=\"date\" style=\"text-align: justify;\">11 de noviembre de 2020<\/div>\n<div class=\"entradilla\">\n<p style=\"text-align: justify;\"><strong>\u2022\u00a0\u00a0 \u00a0La tasa de positividad se sit\u00faa en el 7,72%, tras haberse realizado ayer 6.708 pruebas PCR<\/strong><\/p>\n<p style=\"text-align: justify;\"><strong>\u2022\u00a0\u00a0 \u00a0Asturias registra 26 brotes en residencias de personas mayores, con 301 positivos detectados entre el 3 y el 9 de noviembre<\/strong><\/p>\n<p style=\"text-align: justify;\"><strong>\u2022\u00a0\u00a0 \u00a0Las autoridades sanitarias recomiendan a las personas mayores de 65 a\u00f1os o con patolog\u00edas cr\u00f3nicas que se autoconfinen y extremen las medidas de protecci\u00f3n<\/strong><\/p>\n<\/div>\n<div class=\"imagen-principal\"><picture data-fileentryid=\"208217\"><source srcset=\"\/o\/adaptive-media\/image\/208217\/Thumbnail-300x300\/covid+azuloso.jpg?t=1605108345447\" media=\"(max-width:300px)\" \/><source srcset=\"\/o\/adaptive-media\/image\/208217\/Preview-1000x0\/covid+azuloso.jpg?t=1605108345447\" media=\"(max-width:1000px) and (min-width:300px)\" \/><img loading=\"lazy\" decoding=\"async\" class=\"aligncenter\" src=\"https:\/\/coronavirus.asturias.es\/documents\/71418\/208216\/covid+azuloso.jpg\/75c084ce-ee00-767e-d776-cd504f67547b?t=1605108345447\" alt=\"\" width=\"1036\" height=\"553\" data-fileentryid=\"208217\" \/><\/picture><\/div>\n<div class=\"description\">\n<p style=\"text-align: justify;\">La Consejer\u00eda de Salud ha confirmado 518 nuevos casos de covid-19 diagnosticados ayer, una jornada en la que se produjeron 113 hospitalizaciones de personas con coronavirus en planta y 9 m\u00e1s en UCI.<\/p>\n<p style=\"text-align: justify;\">Actualmente, en Asturias hay 806 pacientes ingresados con confirmaci\u00f3n o sospecha de covid-19. Adem\u00e1s, otras 128 personas afectadas permanecen en unidades de cuidados intensivos. El n\u00famero de altas hospitalarias se situ\u00f3 ayer en 106.<\/p>\n<p style=\"text-align: justify;\">Por otra parte, el martes se produjeron 18 fallecimientos: diez mujeres de\u00a0 66, 69, 82, 86, 87, 91, 92, 93, 95 y 97 a\u00f1os, y ocho varones de 64, 74, 74, 80, 87, 88, 90 y 90. Nueve de estas personas ten\u00edan domicilio en un centro residencial de mayores.<\/p>\n<p style=\"text-align: justify;\">El Servicio de Salud del Principado (Sespa) realiz\u00f3 ayer 6.708 pruebas PCR y la tasa de positividad se situ\u00f3 en el 7,72%.<\/p>\n<p style=\"text-align: justify;\"><strong>Brotes en residencias<\/strong><\/p>\n<p style=\"text-align: justify;\">Salud ha detectado entre el 3 y el 9 de noviembre un total de 26 brotes de coronavirus en residencias de personas mayores, cada uno de los cuales suma al menos tres positivos. En total, se han contabilizado 301 nuevos casos, entre residentes y trabajadores.<\/p>\n<p style=\"text-align: justify;\">Las autoridades sanitarias intervienen las residencias en cuanto se detecta un primer contagio. En este sentido, durante el mismo periodo (3 al 9 de noviembre) se han confirmado casos en otros 57 centros residenciales de los 270 que existen en Asturias.<\/p>\n<p style=\"text-align: justify;\">La relaci\u00f3n de residencias en las que se han registrado m\u00e1s de tres casos de coronavirus durante el citado per\u00edodo es la siguiente:<\/p>\n<p style=\"text-align: justify;\">\n<div style=\"text-align: justify;\">\n<table>\n<tbody>\n<tr>\n<td><strong>RESIDENCIA<\/strong><\/td>\n<td><strong>CASOS<\/strong><\/td>\n<\/tr>\n<tr>\n<td>Residencia Fundaci\u00f3n Sanatorio Adaro (Langreo)<\/td>\n<td>3<\/td>\n<\/tr>\n<tr>\n<td>Residencia para mayores Ballesol (Gij\u00f3n)<\/td>\n<td>3<\/td>\n<\/tr>\n<tr>\n<td>Residencia Colegio San Francisco (Villaviciosa)<\/td>\n<td>30<\/td>\n<\/tr>\n<tr>\n<td>Centro Residencial Cabue\u00f1es (Gij\u00f3n)<\/td>\n<td>9<\/td>\n<\/tr>\n<tr>\n<td>Residencia El Font\u00e1n (Oviedo)<\/td>\n<td>8<\/td>\n<\/tr>\n<tr>\n<td>Residencia El Pardo (Gij\u00f3n)<\/td>\n<td>7<\/td>\n<\/tr>\n<tr>\n<td>CPR Residencia El Cristo (Oviedo)<\/td>\n<td>4<\/td>\n<\/tr>\n<tr>\n<td>CPR Residencia Santa B\u00e1rbara (SMRA)<\/td>\n<td>3<\/td>\n<\/tr>\n<tr>\n<td>CPR Residencia Geri\u00e1trica Santa Teresa (Oviedo)<\/td>\n<td>5<\/td>\n<\/tr>\n<tr>\n<td>CPR Residencia de Sotiello (Aller)<\/td>\n<td>4<\/td>\n<\/tr>\n<tr>\n<td>CPR Residencia Geri\u00e1trica La Tenderina (Oviedo)<\/td>\n<td>19<\/td>\n<\/tr>\n<tr>\n<td>Residencia Esp\u00edritu Santo (Gij\u00f3n)<\/td>\n<td>7<\/td>\n<\/tr>\n<tr>\n<td>Centro Gerontol\u00f3gico Hospital Gij\u00f3n (Gij\u00f3n)<\/td>\n<td>12<\/td>\n<\/tr>\n<tr>\n<td>Residencia para mayores Lar de Noega (Gij\u00f3n)<\/td>\n<td>52<\/td>\n<\/tr>\n<tr>\n<td>Instituto Gerontol\u00f3gico Astur Residencia El Lauredal (Gij\u00f3n)<\/td>\n<td>11<\/td>\n<\/tr>\n<tr>\n<td>Centro Geri\u00e1trico Luanco (Goz\u00f3n)<\/td>\n<td>3<\/td>\n<\/tr>\n<tr>\n<td>Instituto Gerontol\u00f3gico Astur Montevil (Gij\u00f3n)<\/td>\n<td>4<\/td>\n<\/tr>\n<tr>\n<td>Residencia Nuestra Se\u00f1ora del Fresno (Langreo)<\/td>\n<td>11<\/td>\n<\/tr>\n<tr>\n<td>Residencia Padre Santo (Gij\u00f3n)<\/td>\n<td>4<\/td>\n<\/tr>\n<tr>\n<td>Residencia Geri\u00e1trica San Carlos de La Pedrera (Gij\u00f3n)<\/td>\n<td>12<\/td>\n<\/tr>\n<tr>\n<td>Residencial Geri\u00e1trico Santa Cecilia (Siero)<\/td>\n<td>12<\/td>\n<\/tr>\n<tr>\n<td>Residencia Geri\u00e1trica Santa Elena (Oviedo)<\/td>\n<td>4<\/td>\n<\/tr>\n<tr>\n<td>Residencia Santa Teresa de Jes\u00fas Jornet (Gij\u00f3n)<\/td>\n<td>24<\/td>\n<\/tr>\n<tr>\n<td>Residencia Valle del Caudal (Mieres)<\/td>\n<td>14<\/td>\n<\/tr>\n<tr>\n<td>Residencias de Vetusta-Ur\u00eda (Oviedo)<\/td>\n<td>23<\/td>\n<\/tr>\n<tr>\n<td>Residencia de 3\u00ba Edad Nuestra Se\u00f1ora del Rosario (Oviedo)<\/td>\n<td>13<\/td>\n<\/tr>\n<\/tbody>\n<\/table>\n<\/div>\n<p style=\"text-align: justify;\">\n<p style=\"text-align: justify;\">Por otra parte, en el mismo plazo se produjeron 52 defunciones de personas con resultado de PCR positivo cuyo domicilio era un centro residencial de personas mayores.<\/p>\n<p style=\"text-align: justify;\">\n<div style=\"text-align: justify;\">\n<table>\n<tbody>\n<tr>\n<td><strong>RESIDENCIA<\/strong><\/td>\n<td><strong>FALLECIMIENTOS<\/strong><\/td>\n<\/tr>\n<tr>\n<td>Centro Residencial Cabue\u00f1es (Gij\u00f3n)<\/td>\n<td>2<\/td>\n<\/tr>\n<tr>\n<td>Residencia Mixta (Gij\u00f3n)<\/td>\n<td>1<\/td>\n<\/tr>\n<tr>\n<td>CPR Residencia Naranco (Oviedo)<\/td>\n<td>1<\/td>\n<\/tr>\n<tr>\n<td>Residencia Esp\u00edritu Santo (Gij\u00f3n)<\/td>\n<td>7<\/td>\n<\/tr>\n<tr>\n<td>Centro Gerontol\u00f3gico Hospital Gij\u00f3n (Gij\u00f3n)<\/td>\n<td>3<\/td>\n<\/tr>\n<tr>\n<td>Centro Sociosanitario Larra\u00f1aga-Quirinal (Avil\u00e9s)<\/td>\n<td>2<\/td>\n<\/tr>\n<tr>\n<td>Instituto Gerontol\u00f3gico Astur Residencia El Lauredal (Gij\u00f3n)<\/td>\n<td>8<\/td>\n<\/tr>\n<tr>\n<td>Instituto Gerontol\u00f3gico Astur Montevil (Gij\u00f3n)<\/td>\n<td>5<\/td>\n<\/tr>\n<tr>\n<td>Residencia de 3\u00ba Edad Nuestra Se\u00f1ora del Rosario (Oviedo)<\/td>\n<td>2<\/td>\n<\/tr>\n<tr>\n<td>Residencia Padre Santo (Gij\u00f3n)<\/td>\n<td>3<\/td>\n<\/tr>\n<tr>\n<td>Residencia Palacio de Lece\u00f1es (Siero)<\/td>\n<td>2<\/td>\n<\/tr>\n<tr>\n<td>Residencia Geri\u00e1trica Rey Pelayo (Carre\u00f1o)<\/td>\n<td>1<\/td>\n<\/tr>\n<tr>\n<td>Residencia San Antonio (Gij\u00f3n)<\/td>\n<td>5<\/td>\n<\/tr>\n<tr>\n<td>Residencia Geri\u00e1trica Santa Elena (Oviedo)<\/td>\n<td>2<\/td>\n<\/tr>\n<tr>\n<td>Residencia Geri\u00e1trica Sierra del Aramo (Riosa)<\/td>\n<td>1<\/td>\n<\/tr>\n<tr>\n<td>Residencial Valle del Sol (Gij\u00f3n)<\/td>\n<td>1<\/td>\n<\/tr>\n<tr>\n<td>Residencias de Vetusta-Ur\u00eda (Oviedo)<\/td>\n<td>6<\/td>\n<\/tr>\n<\/tbody>\n<\/table>\n<\/div>\n<p style=\"text-align: justify;\">\n<p style=\"text-align: justify;\"><strong>Recomendaciones<\/strong><\/p>\n<p style=\"text-align: justify;\">Las autoridades sanitarias recomiendan a las personas mayores de 65 a\u00f1os o con patolog\u00edas cr\u00f3nicas que extremen las medidas de protecci\u00f3n y seguridad, porque son los grupos m\u00e1s vulnerables a la enfermedad.<\/p>\n<p style=\"text-align: justify;\">En este sentido, les aconsejan que usen mascarilla en los encuentros familiares y que renuncien a actividades grupales, as\u00ed como a reuniones en lugares cerrados. Asimismo, les instan a que hagan ejercicio o salgan a pasear en las franjas horarias de 9:00 a 12:00 horas y de 15:00 a 18:00 horas.<\/p>\n<p style=\"text-align: justify;\">El Principado propone una vez m\u00e1s a la ciudadan\u00eda que guarde confinamiento domiciliario y limite a lo estrictamente imprescindible tanto la vida social como la movilidad, con el fin de frenar los contagios.<\/p>\n<p style=\"text-align: justify;\">Asturias se encuentra en situaci\u00f3n de m\u00e1ximo nivel de alerta por la transmisi\u00f3n comunitaria del virus, por lo que est\u00e1n aumentando los ingresos hospitalarios, especialmente de personas en estado grave, lo que provoca, a su vez, un incremento de los decesos.<\/p>\n<p style=\"text-align: justify;\">La Direcci\u00f3n General de Salud P\u00fablica recuerda a quienes est\u00e1n pendientes del resultado de una prueba o son considerados contactos estrechos que han de cumplir con rigor la cuarentena y el aislamiento en sus domicilios.<\/p>\n<\/div>\n<p>Fuente: <a href=\"https:\/\/coronavirus.asturias.es\/-\/salud-confirma-518-nuevos-casos-de-coronavirus?redirect=%2F\">Gobierno del Principado de Asturias<\/a><\/p>\n<\/div>\n<\/div>\n<\/div>\n<\/div>\n<\/div>\n<\/div>\n<\/div>\n<\/div>\n<\/section>\n<\/div>\n<\/div>\n<\/div>\n<\/div>\n<\/div>\n","protected":false},"excerpt":{"rendered":"<p>11 de noviembre de 2020 \u2022\u00a0\u00a0 \u00a0La tasa de positividad se sit\u00faa en el 7,72%, tras haberse realizado ayer 6.708 pruebas PCR \u2022\u00a0\u00a0 \u00a0Asturias registra 26 brotes en residencias de personas mayores, con 301 positivos detectados entre el 3 y el 9 de noviembre \u2022\u00a0\u00a0 \u00a0Las autoridades sanitarias recomiendan a las personas mayores de 65 [&hellip;]<\/p>\n","protected":false},"author":1,"featured_media":768,"comment_status":"open","ping_status":"open","sticky":false,"template":"","format":"standard","meta":{"footnotes":""},"categories":[49],"tags":[103],"class_list":["post-1395","post","type-post","status-publish","format-standard","has-post-thumbnail","hentry","category-covid","tag-recuento-covid"],"yoast_head":"<!-- This site is optimized with the Yoast SEO plugin v27.4 - https:\/\/yoast.com\/product\/yoast-seo-wordpress\/ -->\n<title>El Principado confirma 518 nuevos casos de coronavirus - CuencasMineras.com<\/title>\n<meta name=\"description\" content=\"La Consejer\u00eda de Salud ha confirmado 518 nuevos casos de covid-19 diagnosticados ayer, una jornada en la que se produjeron 113 hospitalizaciones de personas con coronavirus en planta y 9 m\u00e1s en UCI.\" \/>\n<meta name=\"robots\" content=\"index, follow, max-snippet:-1, max-image-preview:large, max-video-preview:-1\" \/>\n<link rel=\"canonical\" href=\"https:\/\/www.cuencasmineras.com\/index.php\/2020\/11\/11\/518-casos\/\" \/>\n<meta property=\"og:locale\" content=\"es_ES\" \/>\n<meta property=\"og:type\" content=\"article\" \/>\n<meta property=\"og:title\" content=\"El Principado confirma 518 nuevos casos de coronavirus - CuencasMineras.com\" \/>\n<meta property=\"og:description\" content=\"La Consejer\u00eda de Salud ha confirmado 518 nuevos casos de covid-19 diagnosticados ayer, una jornada en la que se produjeron 113 hospitalizaciones de personas con coronavirus en planta y 9 m\u00e1s en UCI.\" \/>\n<meta property=\"og:url\" content=\"https:\/\/www.cuencasmineras.com\/index.php\/2020\/11\/11\/518-casos\/\" \/>\n<meta property=\"article:published_time\" content=\"2020-11-11T17:22:29+00:00\" \/>\n<meta property=\"og:image\" content=\"https:\/\/www.cuencasmineras.com\/wp-content\/uploads\/2020\/09\/coronavirus-ultimas-noticias-espana-confinamientos-test-y-contagios_620x368.jpg\" \/>\n\t<meta property=\"og:image:width\" content=\"620\" \/>\n\t<meta property=\"og:image:height\" content=\"368\" \/>\n\t<meta property=\"og:image:type\" content=\"image\/jpeg\" \/>\n<meta name=\"author\" content=\"admin\" \/>\n<meta name=\"twitter:card\" content=\"summary_large_image\" \/>\n<meta name=\"twitter:label1\" content=\"Escrito por\" \/>\n\t<meta name=\"twitter:data1\" content=\"admin\" \/>\n\t<meta name=\"twitter:label2\" content=\"Tiempo de lectura\" \/>\n\t<meta name=\"twitter:data2\" content=\"4 minutos\" \/>\n<script type=\"application\/ld+json\" class=\"yoast-schema-graph\">{\"@context\":\"https:\\\/\\\/schema.org\",\"@graph\":[{\"@type\":\"Article\",\"@id\":\"https:\\\/\\\/www.cuencasmineras.com\\\/index.php\\\/2020\\\/11\\\/11\\\/518-casos\\\/#article\",\"isPartOf\":{\"@id\":\"https:\\\/\\\/www.cuencasmineras.com\\\/index.php\\\/2020\\\/11\\\/11\\\/518-casos\\\/\"},\"author\":{\"name\":\"admin\",\"@id\":\"https:\\\/\\\/www.cuencasmineras.com\\\/#\\\/schema\\\/person\\\/be0691310e8496ec555f679dd688420c\"},\"headline\":\"El Principado confirma 518 nuevos casos de coronavirus\",\"datePublished\":\"2020-11-11T17:22:29+00:00\",\"mainEntityOfPage\":{\"@id\":\"https:\\\/\\\/www.cuencasmineras.com\\\/index.php\\\/2020\\\/11\\\/11\\\/518-casos\\\/\"},\"wordCount\":807,\"commentCount\":0,\"image\":{\"@id\":\"https:\\\/\\\/www.cuencasmineras.com\\\/index.php\\\/2020\\\/11\\\/11\\\/518-casos\\\/#primaryimage\"},\"thumbnailUrl\":\"https:\\\/\\\/www.cuencasmineras.com\\\/wp-content\\\/uploads\\\/2020\\\/09\\\/coronavirus-ultimas-noticias-espana-confinamientos-test-y-contagios_620x368.jpg\",\"keywords\":[\"recuento covid\"],\"articleSection\":[\"COVID-19\"],\"inLanguage\":\"es\",\"potentialAction\":[{\"@type\":\"CommentAction\",\"name\":\"Comment\",\"target\":[\"https:\\\/\\\/www.cuencasmineras.com\\\/index.php\\\/2020\\\/11\\\/11\\\/518-casos\\\/#respond\"]}]},{\"@type\":\"WebPage\",\"@id\":\"https:\\\/\\\/www.cuencasmineras.com\\\/index.php\\\/2020\\\/11\\\/11\\\/518-casos\\\/\",\"url\":\"https:\\\/\\\/www.cuencasmineras.com\\\/index.php\\\/2020\\\/11\\\/11\\\/518-casos\\\/\",\"name\":\"El Principado confirma 518 nuevos casos de coronavirus - CuencasMineras.com\",\"isPartOf\":{\"@id\":\"https:\\\/\\\/www.cuencasmineras.com\\\/#website\"},\"primaryImageOfPage\":{\"@id\":\"https:\\\/\\\/www.cuencasmineras.com\\\/index.php\\\/2020\\\/11\\\/11\\\/518-casos\\\/#primaryimage\"},\"image\":{\"@id\":\"https:\\\/\\\/www.cuencasmineras.com\\\/index.php\\\/2020\\\/11\\\/11\\\/518-casos\\\/#primaryimage\"},\"thumbnailUrl\":\"https:\\\/\\\/www.cuencasmineras.com\\\/wp-content\\\/uploads\\\/2020\\\/09\\\/coronavirus-ultimas-noticias-espana-confinamientos-test-y-contagios_620x368.jpg\",\"datePublished\":\"2020-11-11T17:22:29+00:00\",\"author\":{\"@id\":\"https:\\\/\\\/www.cuencasmineras.com\\\/#\\\/schema\\\/person\\\/be0691310e8496ec555f679dd688420c\"},\"description\":\"La Consejer\u00eda de Salud ha confirmado 518 nuevos casos de covid-19 diagnosticados ayer, una jornada en la que se produjeron 113 hospitalizaciones de personas con coronavirus en planta y 9 m\u00e1s en UCI.\",\"breadcrumb\":{\"@id\":\"https:\\\/\\\/www.cuencasmineras.com\\\/index.php\\\/2020\\\/11\\\/11\\\/518-casos\\\/#breadcrumb\"},\"inLanguage\":\"es\",\"potentialAction\":[{\"@type\":\"ReadAction\",\"target\":[\"https:\\\/\\\/www.cuencasmineras.com\\\/index.php\\\/2020\\\/11\\\/11\\\/518-casos\\\/\"]}]},{\"@type\":\"ImageObject\",\"inLanguage\":\"es\",\"@id\":\"https:\\\/\\\/www.cuencasmineras.com\\\/index.php\\\/2020\\\/11\\\/11\\\/518-casos\\\/#primaryimage\",\"url\":\"https:\\\/\\\/www.cuencasmineras.com\\\/wp-content\\\/uploads\\\/2020\\\/09\\\/coronavirus-ultimas-noticias-espana-confinamientos-test-y-contagios_620x368.jpg\",\"contentUrl\":\"https:\\\/\\\/www.cuencasmineras.com\\\/wp-content\\\/uploads\\\/2020\\\/09\\\/coronavirus-ultimas-noticias-espana-confinamientos-test-y-contagios_620x368.jpg\",\"width\":620,\"height\":368},{\"@type\":\"BreadcrumbList\",\"@id\":\"https:\\\/\\\/www.cuencasmineras.com\\\/index.php\\\/2020\\\/11\\\/11\\\/518-casos\\\/#breadcrumb\",\"itemListElement\":[{\"@type\":\"ListItem\",\"position\":1,\"name\":\"Portada\",\"item\":\"https:\\\/\\\/www.cuencasmineras.com\\\/\"},{\"@type\":\"ListItem\",\"position\":2,\"name\":\"El Principado confirma 518 nuevos casos de coronavirus\"}]},{\"@type\":\"WebSite\",\"@id\":\"https:\\\/\\\/www.cuencasmineras.com\\\/#website\",\"url\":\"https:\\\/\\\/www.cuencasmineras.com\\\/\",\"name\":\"\",\"description\":\"\",\"potentialAction\":[{\"@type\":\"SearchAction\",\"target\":{\"@type\":\"EntryPoint\",\"urlTemplate\":\"https:\\\/\\\/www.cuencasmineras.com\\\/?s={search_term_string}\"},\"query-input\":{\"@type\":\"PropertyValueSpecification\",\"valueRequired\":true,\"valueName\":\"search_term_string\"}}],\"inLanguage\":\"es\"},{\"@type\":\"Person\",\"@id\":\"https:\\\/\\\/www.cuencasmineras.com\\\/#\\\/schema\\\/person\\\/be0691310e8496ec555f679dd688420c\",\"name\":\"admin\",\"image\":{\"@type\":\"ImageObject\",\"inLanguage\":\"es\",\"@id\":\"https:\\\/\\\/secure.gravatar.com\\\/avatar\\\/4afd2eed3b2fbbf36dd6707b5bd8a5b50ac648f033e36fbf85aeace2f0f859db?s=96&d=mm&r=g\",\"url\":\"https:\\\/\\\/secure.gravatar.com\\\/avatar\\\/4afd2eed3b2fbbf36dd6707b5bd8a5b50ac648f033e36fbf85aeace2f0f859db?s=96&d=mm&r=g\",\"contentUrl\":\"https:\\\/\\\/secure.gravatar.com\\\/avatar\\\/4afd2eed3b2fbbf36dd6707b5bd8a5b50ac648f033e36fbf85aeace2f0f859db?s=96&d=mm&r=g\",\"caption\":\"admin\"},\"sameAs\":[\"https:\\\/\\\/www.cuencasmineras.com\"],\"url\":\"https:\\\/\\\/www.cuencasmineras.com\\\/index.php\\\/author\\\/admin\\\/\"}]}<\/script>\n<!-- \/ Yoast SEO plugin. -->","yoast_head_json":{"title":"El Principado confirma 518 nuevos casos de coronavirus - CuencasMineras.com","description":"La Consejer\u00eda de Salud ha confirmado 518 nuevos casos de covid-19 diagnosticados ayer, una jornada en la que se produjeron 113 hospitalizaciones de personas con coronavirus en planta y 9 m\u00e1s en UCI.","robots":{"index":"index","follow":"follow","max-snippet":"max-snippet:-1","max-image-preview":"max-image-preview:large","max-video-preview":"max-video-preview:-1"},"canonical":"https:\/\/www.cuencasmineras.com\/index.php\/2020\/11\/11\/518-casos\/","og_locale":"es_ES","og_type":"article","og_title":"El Principado confirma 518 nuevos casos de coronavirus - CuencasMineras.com","og_description":"La Consejer\u00eda de Salud ha confirmado 518 nuevos casos de covid-19 diagnosticados ayer, una jornada en la que se produjeron 113 hospitalizaciones de personas con coronavirus en planta y 9 m\u00e1s en UCI.","og_url":"https:\/\/www.cuencasmineras.com\/index.php\/2020\/11\/11\/518-casos\/","article_published_time":"2020-11-11T17:22:29+00:00","og_image":[{"width":620,"height":368,"url":"https:\/\/www.cuencasmineras.com\/wp-content\/uploads\/2020\/09\/coronavirus-ultimas-noticias-espana-confinamientos-test-y-contagios_620x368.jpg","type":"image\/jpeg"}],"author":"admin","twitter_card":"summary_large_image","twitter_misc":{"Escrito por":"admin","Tiempo de lectura":"4 minutos"},"schema":{"@context":"https:\/\/schema.org","@graph":[{"@type":"Article","@id":"https:\/\/www.cuencasmineras.com\/index.php\/2020\/11\/11\/518-casos\/#article","isPartOf":{"@id":"https:\/\/www.cuencasmineras.com\/index.php\/2020\/11\/11\/518-casos\/"},"author":{"name":"admin","@id":"https:\/\/www.cuencasmineras.com\/#\/schema\/person\/be0691310e8496ec555f679dd688420c"},"headline":"El Principado confirma 518 nuevos casos de coronavirus","datePublished":"2020-11-11T17:22:29+00:00","mainEntityOfPage":{"@id":"https:\/\/www.cuencasmineras.com\/index.php\/2020\/11\/11\/518-casos\/"},"wordCount":807,"commentCount":0,"image":{"@id":"https:\/\/www.cuencasmineras.com\/index.php\/2020\/11\/11\/518-casos\/#primaryimage"},"thumbnailUrl":"https:\/\/www.cuencasmineras.com\/wp-content\/uploads\/2020\/09\/coronavirus-ultimas-noticias-espana-confinamientos-test-y-contagios_620x368.jpg","keywords":["recuento covid"],"articleSection":["COVID-19"],"inLanguage":"es","potentialAction":[{"@type":"CommentAction","name":"Comment","target":["https:\/\/www.cuencasmineras.com\/index.php\/2020\/11\/11\/518-casos\/#respond"]}]},{"@type":"WebPage","@id":"https:\/\/www.cuencasmineras.com\/index.php\/2020\/11\/11\/518-casos\/","url":"https:\/\/www.cuencasmineras.com\/index.php\/2020\/11\/11\/518-casos\/","name":"El Principado confirma 518 nuevos casos de coronavirus - CuencasMineras.com","isPartOf":{"@id":"https:\/\/www.cuencasmineras.com\/#website"},"primaryImageOfPage":{"@id":"https:\/\/www.cuencasmineras.com\/index.php\/2020\/11\/11\/518-casos\/#primaryimage"},"image":{"@id":"https:\/\/www.cuencasmineras.com\/index.php\/2020\/11\/11\/518-casos\/#primaryimage"},"thumbnailUrl":"https:\/\/www.cuencasmineras.com\/wp-content\/uploads\/2020\/09\/coronavirus-ultimas-noticias-espana-confinamientos-test-y-contagios_620x368.jpg","datePublished":"2020-11-11T17:22:29+00:00","author":{"@id":"https:\/\/www.cuencasmineras.com\/#\/schema\/person\/be0691310e8496ec555f679dd688420c"},"description":"La Consejer\u00eda de Salud ha confirmado 518 nuevos casos de covid-19 diagnosticados ayer, una jornada en la que se produjeron 113 hospitalizaciones de personas con coronavirus en planta y 9 m\u00e1s en UCI.","breadcrumb":{"@id":"https:\/\/www.cuencasmineras.com\/index.php\/2020\/11\/11\/518-casos\/#breadcrumb"},"inLanguage":"es","potentialAction":[{"@type":"ReadAction","target":["https:\/\/www.cuencasmineras.com\/index.php\/2020\/11\/11\/518-casos\/"]}]},{"@type":"ImageObject","inLanguage":"es","@id":"https:\/\/www.cuencasmineras.com\/index.php\/2020\/11\/11\/518-casos\/#primaryimage","url":"https:\/\/www.cuencasmineras.com\/wp-content\/uploads\/2020\/09\/coronavirus-ultimas-noticias-espana-confinamientos-test-y-contagios_620x368.jpg","contentUrl":"https:\/\/www.cuencasmineras.com\/wp-content\/uploads\/2020\/09\/coronavirus-ultimas-noticias-espana-confinamientos-test-y-contagios_620x368.jpg","width":620,"height":368},{"@type":"BreadcrumbList","@id":"https:\/\/www.cuencasmineras.com\/index.php\/2020\/11\/11\/518-casos\/#breadcrumb","itemListElement":[{"@type":"ListItem","position":1,"name":"Portada","item":"https:\/\/www.cuencasmineras.com\/"},{"@type":"ListItem","position":2,"name":"El Principado confirma 518 nuevos casos de coronavirus"}]},{"@type":"WebSite","@id":"https:\/\/www.cuencasmineras.com\/#website","url":"https:\/\/www.cuencasmineras.com\/","name":"","description":"","potentialAction":[{"@type":"SearchAction","target":{"@type":"EntryPoint","urlTemplate":"https:\/\/www.cuencasmineras.com\/?s={search_term_string}"},"query-input":{"@type":"PropertyValueSpecification","valueRequired":true,"valueName":"search_term_string"}}],"inLanguage":"es"},{"@type":"Person","@id":"https:\/\/www.cuencasmineras.com\/#\/schema\/person\/be0691310e8496ec555f679dd688420c","name":"admin","image":{"@type":"ImageObject","inLanguage":"es","@id":"https:\/\/secure.gravatar.com\/avatar\/4afd2eed3b2fbbf36dd6707b5bd8a5b50ac648f033e36fbf85aeace2f0f859db?s=96&d=mm&r=g","url":"https:\/\/secure.gravatar.com\/avatar\/4afd2eed3b2fbbf36dd6707b5bd8a5b50ac648f033e36fbf85aeace2f0f859db?s=96&d=mm&r=g","contentUrl":"https:\/\/secure.gravatar.com\/avatar\/4afd2eed3b2fbbf36dd6707b5bd8a5b50ac648f033e36fbf85aeace2f0f859db?s=96&d=mm&r=g","caption":"admin"},"sameAs":["https:\/\/www.cuencasmineras.com"],"url":"https:\/\/www.cuencasmineras.com\/index.php\/author\/admin\/"}]}},"_links":{"self":[{"href":"https:\/\/www.cuencasmineras.com\/index.php\/wp-json\/wp\/v2\/posts\/1395","targetHints":{"allow":["GET"]}}],"collection":[{"href":"https:\/\/www.cuencasmineras.com\/index.php\/wp-json\/wp\/v2\/posts"}],"about":[{"href":"https:\/\/www.cuencasmineras.com\/index.php\/wp-json\/wp\/v2\/types\/post"}],"author":[{"embeddable":true,"href":"https:\/\/www.cuencasmineras.com\/index.php\/wp-json\/wp\/v2\/users\/1"}],"replies":[{"embeddable":true,"href":"https:\/\/www.cuencasmineras.com\/index.php\/wp-json\/wp\/v2\/comments?post=1395"}],"version-history":[{"count":1,"href":"https:\/\/www.cuencasmineras.com\/index.php\/wp-json\/wp\/v2\/posts\/1395\/revisions"}],"predecessor-version":[{"id":1396,"href":"https:\/\/www.cuencasmineras.com\/index.php\/wp-json\/wp\/v2\/posts\/1395\/revisions\/1396"}],"wp:featuredmedia":[{"embeddable":true,"href":"https:\/\/www.cuencasmineras.com\/index.php\/wp-json\/wp\/v2\/media\/768"}],"wp:attachment":[{"href":"https:\/\/www.cuencasmineras.com\/index.php\/wp-json\/wp\/v2\/media?parent=1395"}],"wp:term":[{"taxonomy":"category","embeddable":true,"href":"https:\/\/www.cuencasmineras.com\/index.php\/wp-json\/wp\/v2\/categories?post=1395"},{"taxonomy":"post_tag","embeddable":true,"href":"https:\/\/www.cuencasmineras.com\/index.php\/wp-json\/wp\/v2\/tags?post=1395"}],"curies":[{"name":"wp","href":"https:\/\/api.w.org\/{rel}","templated":true}]}}