{"id":1419,"date":"2020-11-16T12:53:57","date_gmt":"2020-11-16T12:53:57","guid":{"rendered":"https:\/\/www.cuencasmineras.com\/?p=1419"},"modified":"2020-11-16T12:53:57","modified_gmt":"2020-11-16T12:53:57","slug":"ayudas-autonomos-pymes","status":"publish","type":"post","link":"https:\/\/www.cuencasmineras.com\/index.php\/2020\/11\/16\/ayudas-autonomos-pymes\/","title":{"rendered":"Ayudas Autonomos y Pymes por la crisis COVID"},"content":{"rendered":"<div dir=\"auto\">\ud83d\udfe5\ud83d\udfe5 INFORMACI\u00d3N \u00a0IMPORTANTE \ud83d\udfe5\ud83d\udfe5<\/div>\n<div dir=\"auto\"><\/div>\n<div dir=\"auto\">\u2b55 Decreto por el que se aprueban las AYUDAS URGENTES destinadas a personas aut\u00f3nomas y pymes del sector tur\u00edstico, hostelero y restauraci\u00f3n \u00a0 afectadas por la crisis sanitaria del Covid19.<\/div>\n<div dir=\"auto\"><\/div>\n<div dir=\"auto\"><img decoding=\"async\" class=\"CToWUd\" src=\"https:\/\/mail.google.com\/mail\/e\/1f449\" alt=\"\ud83d\udc49\" data-goomoji=\"1f449\" data-image-whitelisted=\"\" \/>El plazo de presentaci\u00f3n de las solicitudes ser\u00e1 de 5 d\u00edas naturales desde la entrada en vigor de este decreto, es decir desde el d\u00eda 17 de noviembre, y se realizar\u00e1 a trav\u00e9s de la Sede electr\u00f3nica del Principado de Asturias.<\/div>\n<div dir=\"auto\"><\/div>\n<div dir=\"auto\"><img loading=\"lazy\" decoding=\"async\" class=\"aligncenter size-full wp-image-1420\" src=\"https:\/\/www.cuencasmineras.com\/wp-content\/uploads\/2020\/11\/IMG_4216.jpg\" alt=\"\" width=\"737\" height=\"960\" srcset=\"https:\/\/www.cuencasmineras.com\/wp-content\/uploads\/2020\/11\/IMG_4216.jpg 737w, https:\/\/www.cuencasmineras.com\/wp-content\/uploads\/2020\/11\/IMG_4216-230x300.jpg 230w\" sizes=\"auto, (max-width: 737px) 100vw, 737px\" \/> <img loading=\"lazy\" decoding=\"async\" class=\"aligncenter size-full wp-image-1421\" src=\"https:\/\/www.cuencasmineras.com\/wp-content\/uploads\/2020\/11\/IMG_4217.jpg\" alt=\"\" width=\"670\" height=\"960\" srcset=\"https:\/\/www.cuencasmineras.com\/wp-content\/uploads\/2020\/11\/IMG_4217.jpg 670w, https:\/\/www.cuencasmineras.com\/wp-content\/uploads\/2020\/11\/IMG_4217-209x300.jpg 209w\" sizes=\"auto, (max-width: 670px) 100vw, 670px\" \/> <img loading=\"lazy\" decoding=\"async\" class=\"aligncenter size-full wp-image-1422\" src=\"https:\/\/www.cuencasmineras.com\/wp-content\/uploads\/2020\/11\/IMG_4218.jpg\" alt=\"\" width=\"664\" height=\"960\" srcset=\"https:\/\/www.cuencasmineras.com\/wp-content\/uploads\/2020\/11\/IMG_4218.jpg 664w, https:\/\/www.cuencasmineras.com\/wp-content\/uploads\/2020\/11\/IMG_4218-208x300.jpg 208w\" sizes=\"auto, (max-width: 664px) 100vw, 664px\" \/> <img loading=\"lazy\" decoding=\"async\" class=\"aligncenter size-full wp-image-1423\" src=\"https:\/\/www.cuencasmineras.com\/wp-content\/uploads\/2020\/11\/IMG_4219.jpg\" alt=\"\" width=\"696\" height=\"960\" srcset=\"https:\/\/www.cuencasmineras.com\/wp-content\/uploads\/2020\/11\/IMG_4219.jpg 696w, https:\/\/www.cuencasmineras.com\/wp-content\/uploads\/2020\/11\/IMG_4219-218x300.jpg 218w\" sizes=\"auto, (max-width: 696px) 100vw, 696px\" \/> <img loading=\"lazy\" decoding=\"async\" class=\"aligncenter size-full wp-image-1424\" src=\"https:\/\/www.cuencasmineras.com\/wp-content\/uploads\/2020\/11\/IMG_4220.jpg\" alt=\"\" width=\"670\" height=\"960\" srcset=\"https:\/\/www.cuencasmineras.com\/wp-content\/uploads\/2020\/11\/IMG_4220.jpg 670w, https:\/\/www.cuencasmineras.com\/wp-content\/uploads\/2020\/11\/IMG_4220-209x300.jpg 209w\" sizes=\"auto, (max-width: 670px) 100vw, 670px\" \/> <img loading=\"lazy\" decoding=\"async\" class=\"aligncenter size-full wp-image-1425\" src=\"https:\/\/www.cuencasmineras.com\/wp-content\/uploads\/2020\/11\/IMG_4221.jpg\" alt=\"\" width=\"694\" height=\"960\" srcset=\"https:\/\/www.cuencasmineras.com\/wp-content\/uploads\/2020\/11\/IMG_4221.jpg 694w, https:\/\/www.cuencasmineras.com\/wp-content\/uploads\/2020\/11\/IMG_4221-217x300.jpg 217w\" sizes=\"auto, (max-width: 694px) 100vw, 694px\" \/> <img loading=\"lazy\" decoding=\"async\" class=\"aligncenter size-full wp-image-1426\" src=\"https:\/\/www.cuencasmineras.com\/wp-content\/uploads\/2020\/11\/IMG_4222.jpg\" alt=\"\" width=\"676\" height=\"960\" srcset=\"https:\/\/www.cuencasmineras.com\/wp-content\/uploads\/2020\/11\/IMG_4222.jpg 676w, https:\/\/www.cuencasmineras.com\/wp-content\/uploads\/2020\/11\/IMG_4222-211x300.jpg 211w\" sizes=\"auto, (max-width: 676px) 100vw, 676px\" \/> <img loading=\"lazy\" decoding=\"async\" class=\"aligncenter size-full wp-image-1427\" src=\"https:\/\/www.cuencasmineras.com\/wp-content\/uploads\/2020\/11\/IMG_4223.jpg\" alt=\"\" width=\"672\" height=\"960\" srcset=\"https:\/\/www.cuencasmineras.com\/wp-content\/uploads\/2020\/11\/IMG_4223.jpg 672w, https:\/\/www.cuencasmineras.com\/wp-content\/uploads\/2020\/11\/IMG_4223-210x300.jpg 210w\" sizes=\"auto, (max-width: 672px) 100vw, 672px\" \/><\/div>\n","protected":false},"excerpt":{"rendered":"<p>\ud83d\udfe5\ud83d\udfe5 INFORMACI\u00d3N \u00a0IMPORTANTE \ud83d\udfe5\ud83d\udfe5 \u2b55 Decreto por el que se aprueban las AYUDAS URGENTES destinadas a personas aut\u00f3nomas y pymes del sector tur\u00edstico, hostelero y restauraci\u00f3n \u00a0 afectadas por la crisis sanitaria del Covid19. El plazo de presentaci\u00f3n de las solicitudes ser\u00e1 de 5 d\u00edas naturales desde la entrada en vigor de este decreto, es [&hellip;]<\/p>\n","protected":false},"author":1,"featured_media":1420,"comment_status":"open","ping_status":"open","sticky":false,"template":"","format":"standard","meta":{"footnotes":""},"categories":[45,6],"tags":[127,114],"class_list":["post-1419","post","type-post","status-publish","format-standard","has-post-thumbnail","hentry","category-ayudas","category-noticias","tag-autonomos","tag-ayudas"],"yoast_head":"<!-- This site is optimized with the Yoast SEO plugin v27.4 - https:\/\/yoast.com\/product\/yoast-seo-wordpress\/ -->\n<title>Ayudas Autonomos y Pymes por la crisis COVID - CuencasMineras.com<\/title>\n<meta name=\"description\" content=\"Decreto por el que se aprueban las AYUDAS URGENTES destinadas a personas aut\u00f3nomas y pymes del sector tur\u00edstico, hostelero y restauraci\u00f3n \u00a0 afectadas por la crisis sanitaria del Covid19.\" \/>\n<meta name=\"robots\" content=\"index, follow, max-snippet:-1, max-image-preview:large, max-video-preview:-1\" \/>\n<link rel=\"canonical\" href=\"https:\/\/www.cuencasmineras.com\/index.php\/2020\/11\/16\/ayudas-autonomos-pymes\/\" \/>\n<meta property=\"og:locale\" content=\"es_ES\" \/>\n<meta property=\"og:type\" content=\"article\" \/>\n<meta property=\"og:title\" content=\"Ayudas Autonomos y Pymes por la crisis COVID - CuencasMineras.com\" \/>\n<meta property=\"og:description\" content=\"Decreto por el que se aprueban las AYUDAS URGENTES destinadas a personas aut\u00f3nomas y pymes del sector tur\u00edstico, hostelero y restauraci\u00f3n \u00a0 afectadas por la crisis sanitaria del Covid19.\" \/>\n<meta property=\"og:url\" content=\"https:\/\/www.cuencasmineras.com\/index.php\/2020\/11\/16\/ayudas-autonomos-pymes\/\" \/>\n<meta property=\"article:published_time\" content=\"2020-11-16T12:53:57+00:00\" \/>\n<meta property=\"og:image\" content=\"https:\/\/www.cuencasmineras.com\/wp-content\/uploads\/2020\/11\/IMG_4216.jpg\" \/>\n\t<meta property=\"og:image:width\" content=\"737\" \/>\n\t<meta property=\"og:image:height\" content=\"960\" \/>\n\t<meta property=\"og:image:type\" content=\"image\/jpeg\" \/>\n<meta name=\"author\" content=\"admin\" \/>\n<meta name=\"twitter:card\" content=\"summary_large_image\" \/>\n<meta name=\"twitter:label1\" content=\"Escrito por\" \/>\n\t<meta name=\"twitter:data1\" content=\"admin\" \/>\n<script type=\"application\/ld+json\" class=\"yoast-schema-graph\">{\"@context\":\"https:\\\/\\\/schema.org\",\"@graph\":[{\"@type\":\"Article\",\"@id\":\"https:\\\/\\\/www.cuencasmineras.com\\\/index.php\\\/2020\\\/11\\\/16\\\/ayudas-autonomos-pymes\\\/#article\",\"isPartOf\":{\"@id\":\"https:\\\/\\\/www.cuencasmineras.com\\\/index.php\\\/2020\\\/11\\\/16\\\/ayudas-autonomos-pymes\\\/\"},\"author\":{\"name\":\"admin\",\"@id\":\"https:\\\/\\\/www.cuencasmineras.com\\\/#\\\/schema\\\/person\\\/be0691310e8496ec555f679dd688420c\"},\"headline\":\"Ayudas Autonomos y Pymes por la crisis COVID\",\"datePublished\":\"2020-11-16T12:53:57+00:00\",\"mainEntityOfPage\":{\"@id\":\"https:\\\/\\\/www.cuencasmineras.com\\\/index.php\\\/2020\\\/11\\\/16\\\/ayudas-autonomos-pymes\\\/\"},\"wordCount\":86,\"commentCount\":0,\"image\":{\"@id\":\"https:\\\/\\\/www.cuencasmineras.com\\\/index.php\\\/2020\\\/11\\\/16\\\/ayudas-autonomos-pymes\\\/#primaryimage\"},\"thumbnailUrl\":\"https:\\\/\\\/www.cuencasmineras.com\\\/wp-content\\\/uploads\\\/2020\\\/11\\\/IMG_4216.jpg\",\"keywords\":[\"autonomos\",\"ayudas\"],\"articleSection\":[\"AYUDAS SOCIALES Y ECONOMICAS\",\"CM NEWS\"],\"inLanguage\":\"es\",\"potentialAction\":[{\"@type\":\"CommentAction\",\"name\":\"Comment\",\"target\":[\"https:\\\/\\\/www.cuencasmineras.com\\\/index.php\\\/2020\\\/11\\\/16\\\/ayudas-autonomos-pymes\\\/#respond\"]}]},{\"@type\":\"WebPage\",\"@id\":\"https:\\\/\\\/www.cuencasmineras.com\\\/index.php\\\/2020\\\/11\\\/16\\\/ayudas-autonomos-pymes\\\/\",\"url\":\"https:\\\/\\\/www.cuencasmineras.com\\\/index.php\\\/2020\\\/11\\\/16\\\/ayudas-autonomos-pymes\\\/\",\"name\":\"Ayudas Autonomos y Pymes por la crisis COVID - CuencasMineras.com\",\"isPartOf\":{\"@id\":\"https:\\\/\\\/www.cuencasmineras.com\\\/#website\"},\"primaryImageOfPage\":{\"@id\":\"https:\\\/\\\/www.cuencasmineras.com\\\/index.php\\\/2020\\\/11\\\/16\\\/ayudas-autonomos-pymes\\\/#primaryimage\"},\"image\":{\"@id\":\"https:\\\/\\\/www.cuencasmineras.com\\\/index.php\\\/2020\\\/11\\\/16\\\/ayudas-autonomos-pymes\\\/#primaryimage\"},\"thumbnailUrl\":\"https:\\\/\\\/www.cuencasmineras.com\\\/wp-content\\\/uploads\\\/2020\\\/11\\\/IMG_4216.jpg\",\"datePublished\":\"2020-11-16T12:53:57+00:00\",\"author\":{\"@id\":\"https:\\\/\\\/www.cuencasmineras.com\\\/#\\\/schema\\\/person\\\/be0691310e8496ec555f679dd688420c\"},\"description\":\"Decreto por el que se aprueban las AYUDAS URGENTES destinadas a personas aut\u00f3nomas y pymes del sector tur\u00edstico, hostelero y restauraci\u00f3n \u00a0 afectadas por la crisis sanitaria del Covid19.\",\"breadcrumb\":{\"@id\":\"https:\\\/\\\/www.cuencasmineras.com\\\/index.php\\\/2020\\\/11\\\/16\\\/ayudas-autonomos-pymes\\\/#breadcrumb\"},\"inLanguage\":\"es\",\"potentialAction\":[{\"@type\":\"ReadAction\",\"target\":[\"https:\\\/\\\/www.cuencasmineras.com\\\/index.php\\\/2020\\\/11\\\/16\\\/ayudas-autonomos-pymes\\\/\"]}]},{\"@type\":\"ImageObject\",\"inLanguage\":\"es\",\"@id\":\"https:\\\/\\\/www.cuencasmineras.com\\\/index.php\\\/2020\\\/11\\\/16\\\/ayudas-autonomos-pymes\\\/#primaryimage\",\"url\":\"https:\\\/\\\/www.cuencasmineras.com\\\/wp-content\\\/uploads\\\/2020\\\/11\\\/IMG_4216.jpg\",\"contentUrl\":\"https:\\\/\\\/www.cuencasmineras.com\\\/wp-content\\\/uploads\\\/2020\\\/11\\\/IMG_4216.jpg\",\"width\":737,\"height\":960},{\"@type\":\"BreadcrumbList\",\"@id\":\"https:\\\/\\\/www.cuencasmineras.com\\\/index.php\\\/2020\\\/11\\\/16\\\/ayudas-autonomos-pymes\\\/#breadcrumb\",\"itemListElement\":[{\"@type\":\"ListItem\",\"position\":1,\"name\":\"Portada\",\"item\":\"https:\\\/\\\/www.cuencasmineras.com\\\/\"},{\"@type\":\"ListItem\",\"position\":2,\"name\":\"Ayudas Autonomos y Pymes por la crisis COVID\"}]},{\"@type\":\"WebSite\",\"@id\":\"https:\\\/\\\/www.cuencasmineras.com\\\/#website\",\"url\":\"https:\\\/\\\/www.cuencasmineras.com\\\/\",\"name\":\"\",\"description\":\"\",\"potentialAction\":[{\"@type\":\"SearchAction\",\"target\":{\"@type\":\"EntryPoint\",\"urlTemplate\":\"https:\\\/\\\/www.cuencasmineras.com\\\/?s={search_term_string}\"},\"query-input\":{\"@type\":\"PropertyValueSpecification\",\"valueRequired\":true,\"valueName\":\"search_term_string\"}}],\"inLanguage\":\"es\"},{\"@type\":\"Person\",\"@id\":\"https:\\\/\\\/www.cuencasmineras.com\\\/#\\\/schema\\\/person\\\/be0691310e8496ec555f679dd688420c\",\"name\":\"admin\",\"image\":{\"@type\":\"ImageObject\",\"inLanguage\":\"es\",\"@id\":\"https:\\\/\\\/secure.gravatar.com\\\/avatar\\\/4afd2eed3b2fbbf36dd6707b5bd8a5b50ac648f033e36fbf85aeace2f0f859db?s=96&d=mm&r=g\",\"url\":\"https:\\\/\\\/secure.gravatar.com\\\/avatar\\\/4afd2eed3b2fbbf36dd6707b5bd8a5b50ac648f033e36fbf85aeace2f0f859db?s=96&d=mm&r=g\",\"contentUrl\":\"https:\\\/\\\/secure.gravatar.com\\\/avatar\\\/4afd2eed3b2fbbf36dd6707b5bd8a5b50ac648f033e36fbf85aeace2f0f859db?s=96&d=mm&r=g\",\"caption\":\"admin\"},\"sameAs\":[\"https:\\\/\\\/www.cuencasmineras.com\"],\"url\":\"https:\\\/\\\/www.cuencasmineras.com\\\/index.php\\\/author\\\/admin\\\/\"}]}<\/script>\n<!-- \/ Yoast SEO plugin. -->","yoast_head_json":{"title":"Ayudas Autonomos y Pymes por la crisis COVID - CuencasMineras.com","description":"Decreto por el que se aprueban las AYUDAS URGENTES destinadas a personas aut\u00f3nomas y pymes del sector tur\u00edstico, hostelero y restauraci\u00f3n \u00a0 afectadas por la crisis sanitaria del Covid19.","robots":{"index":"index","follow":"follow","max-snippet":"max-snippet:-1","max-image-preview":"max-image-preview:large","max-video-preview":"max-video-preview:-1"},"canonical":"https:\/\/www.cuencasmineras.com\/index.php\/2020\/11\/16\/ayudas-autonomos-pymes\/","og_locale":"es_ES","og_type":"article","og_title":"Ayudas Autonomos y Pymes por la crisis COVID - CuencasMineras.com","og_description":"Decreto por el que se aprueban las AYUDAS URGENTES destinadas a personas aut\u00f3nomas y pymes del sector tur\u00edstico, hostelero y restauraci\u00f3n \u00a0 afectadas por la crisis sanitaria del Covid19.","og_url":"https:\/\/www.cuencasmineras.com\/index.php\/2020\/11\/16\/ayudas-autonomos-pymes\/","article_published_time":"2020-11-16T12:53:57+00:00","og_image":[{"width":737,"height":960,"url":"https:\/\/www.cuencasmineras.com\/wp-content\/uploads\/2020\/11\/IMG_4216.jpg","type":"image\/jpeg"}],"author":"admin","twitter_card":"summary_large_image","twitter_misc":{"Escrito por":"admin"},"schema":{"@context":"https:\/\/schema.org","@graph":[{"@type":"Article","@id":"https:\/\/www.cuencasmineras.com\/index.php\/2020\/11\/16\/ayudas-autonomos-pymes\/#article","isPartOf":{"@id":"https:\/\/www.cuencasmineras.com\/index.php\/2020\/11\/16\/ayudas-autonomos-pymes\/"},"author":{"name":"admin","@id":"https:\/\/www.cuencasmineras.com\/#\/schema\/person\/be0691310e8496ec555f679dd688420c"},"headline":"Ayudas Autonomos y Pymes por la crisis COVID","datePublished":"2020-11-16T12:53:57+00:00","mainEntityOfPage":{"@id":"https:\/\/www.cuencasmineras.com\/index.php\/2020\/11\/16\/ayudas-autonomos-pymes\/"},"wordCount":86,"commentCount":0,"image":{"@id":"https:\/\/www.cuencasmineras.com\/index.php\/2020\/11\/16\/ayudas-autonomos-pymes\/#primaryimage"},"thumbnailUrl":"https:\/\/www.cuencasmineras.com\/wp-content\/uploads\/2020\/11\/IMG_4216.jpg","keywords":["autonomos","ayudas"],"articleSection":["AYUDAS SOCIALES Y ECONOMICAS","CM NEWS"],"inLanguage":"es","potentialAction":[{"@type":"CommentAction","name":"Comment","target":["https:\/\/www.cuencasmineras.com\/index.php\/2020\/11\/16\/ayudas-autonomos-pymes\/#respond"]}]},{"@type":"WebPage","@id":"https:\/\/www.cuencasmineras.com\/index.php\/2020\/11\/16\/ayudas-autonomos-pymes\/","url":"https:\/\/www.cuencasmineras.com\/index.php\/2020\/11\/16\/ayudas-autonomos-pymes\/","name":"Ayudas Autonomos y Pymes por la crisis COVID - CuencasMineras.com","isPartOf":{"@id":"https:\/\/www.cuencasmineras.com\/#website"},"primaryImageOfPage":{"@id":"https:\/\/www.cuencasmineras.com\/index.php\/2020\/11\/16\/ayudas-autonomos-pymes\/#primaryimage"},"image":{"@id":"https:\/\/www.cuencasmineras.com\/index.php\/2020\/11\/16\/ayudas-autonomos-pymes\/#primaryimage"},"thumbnailUrl":"https:\/\/www.cuencasmineras.com\/wp-content\/uploads\/2020\/11\/IMG_4216.jpg","datePublished":"2020-11-16T12:53:57+00:00","author":{"@id":"https:\/\/www.cuencasmineras.com\/#\/schema\/person\/be0691310e8496ec555f679dd688420c"},"description":"Decreto por el que se aprueban las AYUDAS URGENTES destinadas a personas aut\u00f3nomas y pymes del sector tur\u00edstico, hostelero y restauraci\u00f3n \u00a0 afectadas por la crisis sanitaria del Covid19.","breadcrumb":{"@id":"https:\/\/www.cuencasmineras.com\/index.php\/2020\/11\/16\/ayudas-autonomos-pymes\/#breadcrumb"},"inLanguage":"es","potentialAction":[{"@type":"ReadAction","target":["https:\/\/www.cuencasmineras.com\/index.php\/2020\/11\/16\/ayudas-autonomos-pymes\/"]}]},{"@type":"ImageObject","inLanguage":"es","@id":"https:\/\/www.cuencasmineras.com\/index.php\/2020\/11\/16\/ayudas-autonomos-pymes\/#primaryimage","url":"https:\/\/www.cuencasmineras.com\/wp-content\/uploads\/2020\/11\/IMG_4216.jpg","contentUrl":"https:\/\/www.cuencasmineras.com\/wp-content\/uploads\/2020\/11\/IMG_4216.jpg","width":737,"height":960},{"@type":"BreadcrumbList","@id":"https:\/\/www.cuencasmineras.com\/index.php\/2020\/11\/16\/ayudas-autonomos-pymes\/#breadcrumb","itemListElement":[{"@type":"ListItem","position":1,"name":"Portada","item":"https:\/\/www.cuencasmineras.com\/"},{"@type":"ListItem","position":2,"name":"Ayudas Autonomos y Pymes por la crisis COVID"}]},{"@type":"WebSite","@id":"https:\/\/www.cuencasmineras.com\/#website","url":"https:\/\/www.cuencasmineras.com\/","name":"","description":"","potentialAction":[{"@type":"SearchAction","target":{"@type":"EntryPoint","urlTemplate":"https:\/\/www.cuencasmineras.com\/?s={search_term_string}"},"query-input":{"@type":"PropertyValueSpecification","valueRequired":true,"valueName":"search_term_string"}}],"inLanguage":"es"},{"@type":"Person","@id":"https:\/\/www.cuencasmineras.com\/#\/schema\/person\/be0691310e8496ec555f679dd688420c","name":"admin","image":{"@type":"ImageObject","inLanguage":"es","@id":"https:\/\/secure.gravatar.com\/avatar\/4afd2eed3b2fbbf36dd6707b5bd8a5b50ac648f033e36fbf85aeace2f0f859db?s=96&d=mm&r=g","url":"https:\/\/secure.gravatar.com\/avatar\/4afd2eed3b2fbbf36dd6707b5bd8a5b50ac648f033e36fbf85aeace2f0f859db?s=96&d=mm&r=g","contentUrl":"https:\/\/secure.gravatar.com\/avatar\/4afd2eed3b2fbbf36dd6707b5bd8a5b50ac648f033e36fbf85aeace2f0f859db?s=96&d=mm&r=g","caption":"admin"},"sameAs":["https:\/\/www.cuencasmineras.com"],"url":"https:\/\/www.cuencasmineras.com\/index.php\/author\/admin\/"}]}},"_links":{"self":[{"href":"https:\/\/www.cuencasmineras.com\/index.php\/wp-json\/wp\/v2\/posts\/1419","targetHints":{"allow":["GET"]}}],"collection":[{"href":"https:\/\/www.cuencasmineras.com\/index.php\/wp-json\/wp\/v2\/posts"}],"about":[{"href":"https:\/\/www.cuencasmineras.com\/index.php\/wp-json\/wp\/v2\/types\/post"}],"author":[{"embeddable":true,"href":"https:\/\/www.cuencasmineras.com\/index.php\/wp-json\/wp\/v2\/users\/1"}],"replies":[{"embeddable":true,"href":"https:\/\/www.cuencasmineras.com\/index.php\/wp-json\/wp\/v2\/comments?post=1419"}],"version-history":[{"count":1,"href":"https:\/\/www.cuencasmineras.com\/index.php\/wp-json\/wp\/v2\/posts\/1419\/revisions"}],"predecessor-version":[{"id":1428,"href":"https:\/\/www.cuencasmineras.com\/index.php\/wp-json\/wp\/v2\/posts\/1419\/revisions\/1428"}],"wp:featuredmedia":[{"embeddable":true,"href":"https:\/\/www.cuencasmineras.com\/index.php\/wp-json\/wp\/v2\/media\/1420"}],"wp:attachment":[{"href":"https:\/\/www.cuencasmineras.com\/index.php\/wp-json\/wp\/v2\/media?parent=1419"}],"wp:term":[{"taxonomy":"category","embeddable":true,"href":"https:\/\/www.cuencasmineras.com\/index.php\/wp-json\/wp\/v2\/categories?post=1419"},{"taxonomy":"post_tag","embeddable":true,"href":"https:\/\/www.cuencasmineras.com\/index.php\/wp-json\/wp\/v2\/tags?post=1419"}],"curies":[{"name":"wp","href":"https:\/\/api.w.org\/{rel}","templated":true}]}}