{"id":1503,"date":"2020-11-25T15:57:47","date_gmt":"2020-11-25T15:57:47","guid":{"rendered":"https:\/\/www.cuencasmineras.com\/?p=1503"},"modified":"2020-11-25T15:57:47","modified_gmt":"2020-11-25T15:57:47","slug":"salud-confirma-399-nuevos-casos-de-coronavirus","status":"publish","type":"post","link":"https:\/\/www.cuencasmineras.com\/index.php\/2020\/11\/25\/salud-confirma-399-nuevos-casos-de-coronavirus\/","title":{"rendered":"Salud confirma 399 nuevos casos de coronavirus"},"content":{"rendered":"<div id=\"main-content\" class=\"columns-1\" role=\"main\">\n<div class=\"portlet-layout row\">\n<div id=\"column-1\" class=\"col-md-12 portlet-column portlet-column-only\">\n<div id=\"layout-column_column-1\" class=\"portlet-dropzone portlet-column-content portlet-column-content-only\">\n<div id=\"p_p_id_com_liferay_asset_publisher_web_portlet_AssetPublisherPortlet_INSTANCE_DSnKSBdGDt7q_\" class=\"portlet-boundary portlet-boundary_com_liferay_asset_publisher_web_portlet_AssetPublisherPortlet_ portlet-static portlet-static-end portlet-barebone portlet-asset-publisher nota-detalle\">\n<section id=\"portlet_com_liferay_asset_publisher_web_portlet_AssetPublisherPortlet_INSTANCE_DSnKSBdGDt7q\" class=\"portlet\">\n<div class=\"portlet-content\">\n<div class=\" portlet-content-container\">\n<div class=\"portlet-body\">\n<div>\n<div class=\"h2\">\n<div class=\"pull-right\"><\/div>\n<\/div>\n<div class=\"asset-full-content clearfix default-asset-publisher show-asset-title\">\n<div id=\"_com_liferay_asset_publisher_web_portlet_AssetPublisherPortlet_INSTANCE_DSnKSBdGDt7q_217703\" class=\"asset-content\">\n<div class=\"clearfix journal-content-article\" data-analytics-asset-id=\"217690\" data-analytics-asset-title=\"Salud confirma 399 nuevos casos de coronavirus\" data-analytics-asset-type=\"web-content\">\n<div class=\"nota\">\n<div class=\"date\">25 de noviembre de 2020<\/div>\n<div class=\"entradilla\">\n<ul>\n<li><strong>La toma de muestras de los cribados selectivos poblacionales comienza esta tarde en los autocovid del HUCA (Oviedo), Marina Civil (Gij\u00f3n) y el complejo deportivo de El Quirinal (Avil\u00e9s)<\/strong><\/li>\n<\/ul>\n<\/div>\n<div class=\"subtitle\">&#8211; El Sespa realiz\u00f3 el martes 6.878 pruebas de diagn\u00f3stico y la tasa de positividad se situ\u00f3 en el 7,28%, seg\u00fan el nuevo criterio establecido por el Ministerio de Sanidad<\/div>\n<div class=\"imagen-principal\"><picture data-fileentryid=\"217694\"><source srcset=\"\/o\/adaptive-media\/image\/217694\/Thumbnail-300x300\/coronavirus+verde+y+azul.jpg?t=1606316211167\" media=\"(max-width:300px)\" \/><source srcset=\"\/o\/adaptive-media\/image\/217694\/Preview-1000x0\/coronavirus+verde+y+azul.jpg?t=1606316211167\" media=\"(max-width:1000px) and (min-width:300px)\" \/><img loading=\"lazy\" decoding=\"async\" class=\"aligncenter\" src=\"https:\/\/coronavirus.asturias.es\/documents\/71418\/217693\/coronavirus+verde+y+azul.jpg\/388df741-ab1d-acf6-baa3-98f16d846824?t=1606316211167\" alt=\"\" width=\"963\" height=\"544\" data-fileentryid=\"217694\" \/><\/picture><\/div>\n<div class=\"description\">\n<p>La Consejer\u00eda de Salud ha confirmado 399 nuevos casos de covid-19, diagnosticados ayer, jornada en la que se produjeron 81 hospitalizaciones de personas con coronavirus: 73 en planta y 8 en UCI. Por otra parte, se registraron 118 altas.<\/p>\n<p>&nbsp;<\/p>\n<p>Actualmente, en Asturias hay 800 pacientes ingresados con confirmaci\u00f3n o sospecha de covid-19 y otras 145 personas afectadas permanecen en unidades de cuidados intensivos.<\/p>\n<p>&nbsp;<\/p>\n<p>Adem\u00e1s, el martes se produjeron 21 fallecimientos: diez mujeres de 74, 76, 77, 84, 85, 85, 87, 90, 94 y 96 a\u00f1os, y once varones de 56, 58, 74, 74, 76, 88, 90, 90, 91, 92 y 92. Nueve de estas personas ten\u00edan domicilio en un centro residencial de mayores.<\/p>\n<p>&nbsp;<\/p>\n<p>El Servicio de Salud del Principado (Sespa) realiz\u00f3 ayer 6.878 pruebas de diagn\u00f3stico de infecci\u00f3n activa y la tasa de positividad se situ\u00f3 en el 7,28%, seg\u00fan el nuevo criterio establecido por el Ministerio de Sanidad, que realiza el c\u00e1lculo en funci\u00f3n del n\u00famero de pruebas positivas procesadas, en vez de por casos confirmados.<\/p>\n<p>&nbsp;<\/p>\n<p><strong>Cribados poblacionales selectivos<\/strong><\/p>\n<p>&nbsp;<\/p>\n<p>Por otra parte, el Sespa comenzar\u00e1 esta tarde las primera tomas de muestras de los cribados a la poblaci\u00f3n de entre 30 y 50 a\u00f1os que reside en las \u00e1reas incluidas en los c\u00f3digos postales 33011 (Oviedo), 33209 (Gij\u00f3n) y 33401 (Avil\u00e9s).<\/p>\n<p>&nbsp;<\/p>\n<p>Los autocovid del HUCA (Oviedo), de Marina Civil (Gij\u00f3n) y el habilitado en el complejo deportivo de El Quirinal (Avil\u00e9s) ser\u00e1n los puntos de citaci\u00f3n para personas de la franja de edad mencionada, que vivan con mayores de 65 o cuiden de ellos, y que no hayan pasado la enfermedad ni se hayan sometido a un test en el \u00faltimo mes.<\/p>\n<p>&nbsp;<\/p>\n<p>Asimismo, personal del \u00e1rea sanitaria del Nal\u00f3n (VIII) ha iniciado esta ma\u00f1ana la toma de muestras en otros dos nuevos puntos: la estaci\u00f3n de autobuses de La Felguera y el polideportivo de El Entrego, que se suman as\u00ed al autocovid del Hospital Valle del Nal\u00f3n, en Ria\u00f1o.<\/p>\n<p>&nbsp;<\/p>\n<p>La Direcci\u00f3n General de Salud P\u00fablica insta a las personas residentes en estas zonas a que cumplimenten el formulario disponible en el siguiente enlace de la web Astursalud <a href=\"https:\/\/www.astursalud.es\/formulario-pcr\">https:\/\/www.astursalud.es\/formulario-pcr<\/a> o llamen al tel\u00e9fono 984 100 400.<\/p>\n<p>&nbsp;<\/p>\n<p>El Sespa les ir\u00e1 citando para realizar una PCR. Para facilitar el contacto, deben incluir en el formulario un n\u00famero de tel\u00e9fono operativo para recibir informaci\u00f3n del d\u00eda, hora y lugar donde se llevar\u00e1 a cabo la prueba, as\u00ed como el resultado de la misma.<\/p>\n<p>&nbsp;<\/p>\n<p>El Sespa ruega puntualidad a quienes acudan a realizarse las pruebas para evitar aglomeraciones y colas.<\/p>\n<\/div>\n<\/div>\n<\/div>\n<\/div>\n<\/div>\n<\/div>\n<\/div>\n<\/div>\n<\/div>\n<\/section>\n<\/div>\n<\/div>\n<\/div>\n<\/div>\n<\/div>\n","protected":false},"excerpt":{"rendered":"<p>25 de noviembre de 2020 La toma de muestras de los cribados selectivos poblacionales comienza esta tarde en los autocovid del HUCA (Oviedo), Marina Civil (Gij\u00f3n) y el complejo deportivo de El Quirinal (Avil\u00e9s) &#8211; El Sespa realiz\u00f3 el martes 6.878 pruebas de diagn\u00f3stico y la tasa de positividad se situ\u00f3 en el 7,28%, seg\u00fan [&hellip;]<\/p>\n","protected":false},"author":1,"featured_media":0,"comment_status":"open","ping_status":"open","sticky":false,"template":"","format":"standard","meta":{"footnotes":""},"categories":[49],"tags":[92,103],"class_list":["post-1503","post","type-post","status-publish","format-standard","hentry","category-covid","tag-covid19","tag-recuento-covid"],"yoast_head":"<!-- This site is optimized with the Yoast SEO plugin v27.4 - https:\/\/yoast.com\/product\/yoast-seo-wordpress\/ -->\n<title>Salud confirma 399 nuevos casos de coronavirus - CuencasMineras.com<\/title>\n<meta name=\"description\" content=\"El Sespa realiz\u00f3 el martes 6.878 pruebas de diagn\u00f3stico y la tasa de positividad se situ\u00f3 en el 7,28%, seg\u00fan el nuevo criterio establecido por el Ministerio de Sanidad\" \/>\n<meta name=\"robots\" content=\"index, follow, max-snippet:-1, max-image-preview:large, max-video-preview:-1\" \/>\n<link rel=\"canonical\" href=\"https:\/\/www.cuencasmineras.com\/index.php\/2020\/11\/25\/salud-confirma-399-nuevos-casos-de-coronavirus\/\" \/>\n<meta property=\"og:locale\" content=\"es_ES\" \/>\n<meta property=\"og:type\" content=\"article\" \/>\n<meta property=\"og:title\" content=\"Salud confirma 399 nuevos casos de coronavirus - CuencasMineras.com\" \/>\n<meta property=\"og:description\" content=\"El Sespa realiz\u00f3 el martes 6.878 pruebas de diagn\u00f3stico y la tasa de positividad se situ\u00f3 en el 7,28%, seg\u00fan el nuevo criterio establecido por el Ministerio de Sanidad\" \/>\n<meta property=\"og:url\" content=\"https:\/\/www.cuencasmineras.com\/index.php\/2020\/11\/25\/salud-confirma-399-nuevos-casos-de-coronavirus\/\" \/>\n<meta property=\"article:published_time\" content=\"2020-11-25T15:57:47+00:00\" \/>\n<meta property=\"og:image\" content=\"https:\/\/coronavirus.asturias.es\/documents\/71418\/217693\/coronavirus+verde+y+azul.jpg\/388df741-ab1d-acf6-baa3-98f16d846824?t=1606316211167\" \/>\n<meta name=\"author\" content=\"admin\" \/>\n<meta name=\"twitter:card\" content=\"summary_large_image\" \/>\n<meta name=\"twitter:label1\" content=\"Escrito por\" \/>\n\t<meta name=\"twitter:data1\" content=\"admin\" \/>\n\t<meta name=\"twitter:label2\" content=\"Tiempo de lectura\" \/>\n\t<meta name=\"twitter:data2\" content=\"2 minutos\" \/>\n<script type=\"application\/ld+json\" class=\"yoast-schema-graph\">{\"@context\":\"https:\\\/\\\/schema.org\",\"@graph\":[{\"@type\":\"Article\",\"@id\":\"https:\\\/\\\/www.cuencasmineras.com\\\/index.php\\\/2020\\\/11\\\/25\\\/salud-confirma-399-nuevos-casos-de-coronavirus\\\/#article\",\"isPartOf\":{\"@id\":\"https:\\\/\\\/www.cuencasmineras.com\\\/index.php\\\/2020\\\/11\\\/25\\\/salud-confirma-399-nuevos-casos-de-coronavirus\\\/\"},\"author\":{\"name\":\"admin\",\"@id\":\"https:\\\/\\\/www.cuencasmineras.com\\\/#\\\/schema\\\/person\\\/be0691310e8496ec555f679dd688420c\"},\"headline\":\"Salud confirma 399 nuevos casos de coronavirus\",\"datePublished\":\"2020-11-25T15:57:47+00:00\",\"mainEntityOfPage\":{\"@id\":\"https:\\\/\\\/www.cuencasmineras.com\\\/index.php\\\/2020\\\/11\\\/25\\\/salud-confirma-399-nuevos-casos-de-coronavirus\\\/\"},\"wordCount\":493,\"commentCount\":0,\"image\":{\"@id\":\"https:\\\/\\\/www.cuencasmineras.com\\\/index.php\\\/2020\\\/11\\\/25\\\/salud-confirma-399-nuevos-casos-de-coronavirus\\\/#primaryimage\"},\"thumbnailUrl\":\"https:\\\/\\\/coronavirus.asturias.es\\\/documents\\\/71418\\\/217693\\\/coronavirus+verde+y+azul.jpg\\\/388df741-ab1d-acf6-baa3-98f16d846824?t=1606316211167\",\"keywords\":[\"Covid19\",\"recuento covid\"],\"articleSection\":[\"COVID-19\"],\"inLanguage\":\"es\",\"potentialAction\":[{\"@type\":\"CommentAction\",\"name\":\"Comment\",\"target\":[\"https:\\\/\\\/www.cuencasmineras.com\\\/index.php\\\/2020\\\/11\\\/25\\\/salud-confirma-399-nuevos-casos-de-coronavirus\\\/#respond\"]}]},{\"@type\":\"WebPage\",\"@id\":\"https:\\\/\\\/www.cuencasmineras.com\\\/index.php\\\/2020\\\/11\\\/25\\\/salud-confirma-399-nuevos-casos-de-coronavirus\\\/\",\"url\":\"https:\\\/\\\/www.cuencasmineras.com\\\/index.php\\\/2020\\\/11\\\/25\\\/salud-confirma-399-nuevos-casos-de-coronavirus\\\/\",\"name\":\"Salud confirma 399 nuevos casos de coronavirus - CuencasMineras.com\",\"isPartOf\":{\"@id\":\"https:\\\/\\\/www.cuencasmineras.com\\\/#website\"},\"primaryImageOfPage\":{\"@id\":\"https:\\\/\\\/www.cuencasmineras.com\\\/index.php\\\/2020\\\/11\\\/25\\\/salud-confirma-399-nuevos-casos-de-coronavirus\\\/#primaryimage\"},\"image\":{\"@id\":\"https:\\\/\\\/www.cuencasmineras.com\\\/index.php\\\/2020\\\/11\\\/25\\\/salud-confirma-399-nuevos-casos-de-coronavirus\\\/#primaryimage\"},\"thumbnailUrl\":\"https:\\\/\\\/coronavirus.asturias.es\\\/documents\\\/71418\\\/217693\\\/coronavirus+verde+y+azul.jpg\\\/388df741-ab1d-acf6-baa3-98f16d846824?t=1606316211167\",\"datePublished\":\"2020-11-25T15:57:47+00:00\",\"author\":{\"@id\":\"https:\\\/\\\/www.cuencasmineras.com\\\/#\\\/schema\\\/person\\\/be0691310e8496ec555f679dd688420c\"},\"description\":\"El Sespa realiz\u00f3 el martes 6.878 pruebas de diagn\u00f3stico y la tasa de positividad se situ\u00f3 en el 7,28%, seg\u00fan el nuevo criterio establecido por el Ministerio de Sanidad\",\"breadcrumb\":{\"@id\":\"https:\\\/\\\/www.cuencasmineras.com\\\/index.php\\\/2020\\\/11\\\/25\\\/salud-confirma-399-nuevos-casos-de-coronavirus\\\/#breadcrumb\"},\"inLanguage\":\"es\",\"potentialAction\":[{\"@type\":\"ReadAction\",\"target\":[\"https:\\\/\\\/www.cuencasmineras.com\\\/index.php\\\/2020\\\/11\\\/25\\\/salud-confirma-399-nuevos-casos-de-coronavirus\\\/\"]}]},{\"@type\":\"ImageObject\",\"inLanguage\":\"es\",\"@id\":\"https:\\\/\\\/www.cuencasmineras.com\\\/index.php\\\/2020\\\/11\\\/25\\\/salud-confirma-399-nuevos-casos-de-coronavirus\\\/#primaryimage\",\"url\":\"https:\\\/\\\/coronavirus.asturias.es\\\/documents\\\/71418\\\/217693\\\/coronavirus+verde+y+azul.jpg\\\/388df741-ab1d-acf6-baa3-98f16d846824?t=1606316211167\",\"contentUrl\":\"https:\\\/\\\/coronavirus.asturias.es\\\/documents\\\/71418\\\/217693\\\/coronavirus+verde+y+azul.jpg\\\/388df741-ab1d-acf6-baa3-98f16d846824?t=1606316211167\"},{\"@type\":\"BreadcrumbList\",\"@id\":\"https:\\\/\\\/www.cuencasmineras.com\\\/index.php\\\/2020\\\/11\\\/25\\\/salud-confirma-399-nuevos-casos-de-coronavirus\\\/#breadcrumb\",\"itemListElement\":[{\"@type\":\"ListItem\",\"position\":1,\"name\":\"Portada\",\"item\":\"https:\\\/\\\/www.cuencasmineras.com\\\/\"},{\"@type\":\"ListItem\",\"position\":2,\"name\":\"Salud confirma 399 nuevos casos de coronavirus\"}]},{\"@type\":\"WebSite\",\"@id\":\"https:\\\/\\\/www.cuencasmineras.com\\\/#website\",\"url\":\"https:\\\/\\\/www.cuencasmineras.com\\\/\",\"name\":\"\",\"description\":\"\",\"potentialAction\":[{\"@type\":\"SearchAction\",\"target\":{\"@type\":\"EntryPoint\",\"urlTemplate\":\"https:\\\/\\\/www.cuencasmineras.com\\\/?s={search_term_string}\"},\"query-input\":{\"@type\":\"PropertyValueSpecification\",\"valueRequired\":true,\"valueName\":\"search_term_string\"}}],\"inLanguage\":\"es\"},{\"@type\":\"Person\",\"@id\":\"https:\\\/\\\/www.cuencasmineras.com\\\/#\\\/schema\\\/person\\\/be0691310e8496ec555f679dd688420c\",\"name\":\"admin\",\"image\":{\"@type\":\"ImageObject\",\"inLanguage\":\"es\",\"@id\":\"https:\\\/\\\/secure.gravatar.com\\\/avatar\\\/4afd2eed3b2fbbf36dd6707b5bd8a5b50ac648f033e36fbf85aeace2f0f859db?s=96&d=mm&r=g\",\"url\":\"https:\\\/\\\/secure.gravatar.com\\\/avatar\\\/4afd2eed3b2fbbf36dd6707b5bd8a5b50ac648f033e36fbf85aeace2f0f859db?s=96&d=mm&r=g\",\"contentUrl\":\"https:\\\/\\\/secure.gravatar.com\\\/avatar\\\/4afd2eed3b2fbbf36dd6707b5bd8a5b50ac648f033e36fbf85aeace2f0f859db?s=96&d=mm&r=g\",\"caption\":\"admin\"},\"sameAs\":[\"https:\\\/\\\/www.cuencasmineras.com\"],\"url\":\"https:\\\/\\\/www.cuencasmineras.com\\\/index.php\\\/author\\\/admin\\\/\"}]}<\/script>\n<!-- \/ Yoast SEO plugin. -->","yoast_head_json":{"title":"Salud confirma 399 nuevos casos de coronavirus - CuencasMineras.com","description":"El Sespa realiz\u00f3 el martes 6.878 pruebas de diagn\u00f3stico y la tasa de positividad se situ\u00f3 en el 7,28%, seg\u00fan el nuevo criterio establecido por el Ministerio de Sanidad","robots":{"index":"index","follow":"follow","max-snippet":"max-snippet:-1","max-image-preview":"max-image-preview:large","max-video-preview":"max-video-preview:-1"},"canonical":"https:\/\/www.cuencasmineras.com\/index.php\/2020\/11\/25\/salud-confirma-399-nuevos-casos-de-coronavirus\/","og_locale":"es_ES","og_type":"article","og_title":"Salud confirma 399 nuevos casos de coronavirus - CuencasMineras.com","og_description":"El Sespa realiz\u00f3 el martes 6.878 pruebas de diagn\u00f3stico y la tasa de positividad se situ\u00f3 en el 7,28%, seg\u00fan el nuevo criterio establecido por el Ministerio de Sanidad","og_url":"https:\/\/www.cuencasmineras.com\/index.php\/2020\/11\/25\/salud-confirma-399-nuevos-casos-de-coronavirus\/","article_published_time":"2020-11-25T15:57:47+00:00","og_image":[{"url":"https:\/\/coronavirus.asturias.es\/documents\/71418\/217693\/coronavirus+verde+y+azul.jpg\/388df741-ab1d-acf6-baa3-98f16d846824?t=1606316211167","type":"","width":"","height":""}],"author":"admin","twitter_card":"summary_large_image","twitter_misc":{"Escrito por":"admin","Tiempo de lectura":"2 minutos"},"schema":{"@context":"https:\/\/schema.org","@graph":[{"@type":"Article","@id":"https:\/\/www.cuencasmineras.com\/index.php\/2020\/11\/25\/salud-confirma-399-nuevos-casos-de-coronavirus\/#article","isPartOf":{"@id":"https:\/\/www.cuencasmineras.com\/index.php\/2020\/11\/25\/salud-confirma-399-nuevos-casos-de-coronavirus\/"},"author":{"name":"admin","@id":"https:\/\/www.cuencasmineras.com\/#\/schema\/person\/be0691310e8496ec555f679dd688420c"},"headline":"Salud confirma 399 nuevos casos de coronavirus","datePublished":"2020-11-25T15:57:47+00:00","mainEntityOfPage":{"@id":"https:\/\/www.cuencasmineras.com\/index.php\/2020\/11\/25\/salud-confirma-399-nuevos-casos-de-coronavirus\/"},"wordCount":493,"commentCount":0,"image":{"@id":"https:\/\/www.cuencasmineras.com\/index.php\/2020\/11\/25\/salud-confirma-399-nuevos-casos-de-coronavirus\/#primaryimage"},"thumbnailUrl":"https:\/\/coronavirus.asturias.es\/documents\/71418\/217693\/coronavirus+verde+y+azul.jpg\/388df741-ab1d-acf6-baa3-98f16d846824?t=1606316211167","keywords":["Covid19","recuento covid"],"articleSection":["COVID-19"],"inLanguage":"es","potentialAction":[{"@type":"CommentAction","name":"Comment","target":["https:\/\/www.cuencasmineras.com\/index.php\/2020\/11\/25\/salud-confirma-399-nuevos-casos-de-coronavirus\/#respond"]}]},{"@type":"WebPage","@id":"https:\/\/www.cuencasmineras.com\/index.php\/2020\/11\/25\/salud-confirma-399-nuevos-casos-de-coronavirus\/","url":"https:\/\/www.cuencasmineras.com\/index.php\/2020\/11\/25\/salud-confirma-399-nuevos-casos-de-coronavirus\/","name":"Salud confirma 399 nuevos casos de coronavirus - CuencasMineras.com","isPartOf":{"@id":"https:\/\/www.cuencasmineras.com\/#website"},"primaryImageOfPage":{"@id":"https:\/\/www.cuencasmineras.com\/index.php\/2020\/11\/25\/salud-confirma-399-nuevos-casos-de-coronavirus\/#primaryimage"},"image":{"@id":"https:\/\/www.cuencasmineras.com\/index.php\/2020\/11\/25\/salud-confirma-399-nuevos-casos-de-coronavirus\/#primaryimage"},"thumbnailUrl":"https:\/\/coronavirus.asturias.es\/documents\/71418\/217693\/coronavirus+verde+y+azul.jpg\/388df741-ab1d-acf6-baa3-98f16d846824?t=1606316211167","datePublished":"2020-11-25T15:57:47+00:00","author":{"@id":"https:\/\/www.cuencasmineras.com\/#\/schema\/person\/be0691310e8496ec555f679dd688420c"},"description":"El Sespa realiz\u00f3 el martes 6.878 pruebas de diagn\u00f3stico y la tasa de positividad se situ\u00f3 en el 7,28%, seg\u00fan el nuevo criterio establecido por el Ministerio de Sanidad","breadcrumb":{"@id":"https:\/\/www.cuencasmineras.com\/index.php\/2020\/11\/25\/salud-confirma-399-nuevos-casos-de-coronavirus\/#breadcrumb"},"inLanguage":"es","potentialAction":[{"@type":"ReadAction","target":["https:\/\/www.cuencasmineras.com\/index.php\/2020\/11\/25\/salud-confirma-399-nuevos-casos-de-coronavirus\/"]}]},{"@type":"ImageObject","inLanguage":"es","@id":"https:\/\/www.cuencasmineras.com\/index.php\/2020\/11\/25\/salud-confirma-399-nuevos-casos-de-coronavirus\/#primaryimage","url":"https:\/\/coronavirus.asturias.es\/documents\/71418\/217693\/coronavirus+verde+y+azul.jpg\/388df741-ab1d-acf6-baa3-98f16d846824?t=1606316211167","contentUrl":"https:\/\/coronavirus.asturias.es\/documents\/71418\/217693\/coronavirus+verde+y+azul.jpg\/388df741-ab1d-acf6-baa3-98f16d846824?t=1606316211167"},{"@type":"BreadcrumbList","@id":"https:\/\/www.cuencasmineras.com\/index.php\/2020\/11\/25\/salud-confirma-399-nuevos-casos-de-coronavirus\/#breadcrumb","itemListElement":[{"@type":"ListItem","position":1,"name":"Portada","item":"https:\/\/www.cuencasmineras.com\/"},{"@type":"ListItem","position":2,"name":"Salud confirma 399 nuevos casos de coronavirus"}]},{"@type":"WebSite","@id":"https:\/\/www.cuencasmineras.com\/#website","url":"https:\/\/www.cuencasmineras.com\/","name":"","description":"","potentialAction":[{"@type":"SearchAction","target":{"@type":"EntryPoint","urlTemplate":"https:\/\/www.cuencasmineras.com\/?s={search_term_string}"},"query-input":{"@type":"PropertyValueSpecification","valueRequired":true,"valueName":"search_term_string"}}],"inLanguage":"es"},{"@type":"Person","@id":"https:\/\/www.cuencasmineras.com\/#\/schema\/person\/be0691310e8496ec555f679dd688420c","name":"admin","image":{"@type":"ImageObject","inLanguage":"es","@id":"https:\/\/secure.gravatar.com\/avatar\/4afd2eed3b2fbbf36dd6707b5bd8a5b50ac648f033e36fbf85aeace2f0f859db?s=96&d=mm&r=g","url":"https:\/\/secure.gravatar.com\/avatar\/4afd2eed3b2fbbf36dd6707b5bd8a5b50ac648f033e36fbf85aeace2f0f859db?s=96&d=mm&r=g","contentUrl":"https:\/\/secure.gravatar.com\/avatar\/4afd2eed3b2fbbf36dd6707b5bd8a5b50ac648f033e36fbf85aeace2f0f859db?s=96&d=mm&r=g","caption":"admin"},"sameAs":["https:\/\/www.cuencasmineras.com"],"url":"https:\/\/www.cuencasmineras.com\/index.php\/author\/admin\/"}]}},"_links":{"self":[{"href":"https:\/\/www.cuencasmineras.com\/index.php\/wp-json\/wp\/v2\/posts\/1503","targetHints":{"allow":["GET"]}}],"collection":[{"href":"https:\/\/www.cuencasmineras.com\/index.php\/wp-json\/wp\/v2\/posts"}],"about":[{"href":"https:\/\/www.cuencasmineras.com\/index.php\/wp-json\/wp\/v2\/types\/post"}],"author":[{"embeddable":true,"href":"https:\/\/www.cuencasmineras.com\/index.php\/wp-json\/wp\/v2\/users\/1"}],"replies":[{"embeddable":true,"href":"https:\/\/www.cuencasmineras.com\/index.php\/wp-json\/wp\/v2\/comments?post=1503"}],"version-history":[{"count":1,"href":"https:\/\/www.cuencasmineras.com\/index.php\/wp-json\/wp\/v2\/posts\/1503\/revisions"}],"predecessor-version":[{"id":1504,"href":"https:\/\/www.cuencasmineras.com\/index.php\/wp-json\/wp\/v2\/posts\/1503\/revisions\/1504"}],"wp:attachment":[{"href":"https:\/\/www.cuencasmineras.com\/index.php\/wp-json\/wp\/v2\/media?parent=1503"}],"wp:term":[{"taxonomy":"category","embeddable":true,"href":"https:\/\/www.cuencasmineras.com\/index.php\/wp-json\/wp\/v2\/categories?post=1503"},{"taxonomy":"post_tag","embeddable":true,"href":"https:\/\/www.cuencasmineras.com\/index.php\/wp-json\/wp\/v2\/tags?post=1503"}],"curies":[{"name":"wp","href":"https:\/\/api.w.org\/{rel}","templated":true}]}}