{"id":1530,"date":"2020-11-30T17:08:04","date_gmt":"2020-11-30T17:08:04","guid":{"rendered":"https:\/\/www.cuencasmineras.com\/?p=1530"},"modified":"2020-11-30T17:08:04","modified_gmt":"2020-11-30T17:08:04","slug":"salud-confirma-185-nuevos-casos-de-coronavirus","status":"publish","type":"post","link":"https:\/\/www.cuencasmineras.com\/index.php\/2020\/11\/30\/salud-confirma-185-nuevos-casos-de-coronavirus\/","title":{"rendered":"Salud confirma 185 nuevos casos de coronavirus"},"content":{"rendered":"<div class=\"date\">30 de noviembre de 2020<\/div>\n<div class=\"entradilla\">\n<p><strong>\u2022\u00a0\u00a0 \u00a0El Sespa realiz\u00f3 ayer 4.110 pruebas y la tasa de positividad se sit\u00faa en el 5,82%, seg\u00fan el criterio establecido por el Ministerio de Sanidad<\/strong><\/p>\n<p><strong>\u2022\u00a0\u00a0 \u00a0El Gobierno de Asturias llama a la participaci\u00f3n en los cribados poblacionales del valle del Nal\u00f3n, Avil\u00e9s, Gij\u00f3n y Oviedo<\/strong><\/p>\n<p><strong>\u2022\u00a0\u00a0 \u00a0El Principado recomienda el autoconfinamiento y recuerda que la comunidad est\u00e1 en el m\u00e1ximo nivel de alerta por la covid<\/strong><\/p>\n<\/div>\n<div class=\"imagen-principal\"><picture data-fileentryid=\"220444\"><source srcset=\"\/o\/adaptive-media\/image\/220444\/Thumbnail-300x300\/coronavirus+rojo+anaranjado.jpg?t=1606747056558\" media=\"(max-width:300px)\" \/><source srcset=\"\/o\/adaptive-media\/image\/220444\/Preview-1000x0\/coronavirus+rojo+anaranjado.jpg?t=1606747056558\" media=\"(max-width:1000px) and (min-width:300px)\" \/><img loading=\"lazy\" decoding=\"async\" class=\"aligncenter\" src=\"https:\/\/coronavirus.asturias.es\/documents\/71418\/220443\/coronavirus+rojo+anaranjado.jpg\/0fe35355-07b4-5bf3-465f-7af5a8b20a8b?t=1606747056558\" alt=\"\" width=\"900\" height=\"506\" data-fileentryid=\"220444\" \/><\/picture><\/div>\n<div class=\"description\">\n<p>La Consejer\u00eda de Salud confirma 185 nuevos casos de covid-19 diagnosticados ayer, jornada en la que se produjeron 51 ingresos de personas con coronavirus: 47 en planta y 4 en UCI. Adem\u00e1s, se registraron 20 altas.<\/p>\n<p>Actualmente, en el Principado hay 750 pacientes hospitalizados con confirmaci\u00f3n o sospecha de covid-19 y otras 130 personas afectadas permanecen en unidades de cuidados intensivos.<\/p>\n<p>Por otra parte, ayer se produjeron 19 fallecimientos: trece mujeres de 59, 71, 76, 83, 84, 85, 86, 89, 89, 92, 93, 98 y 98 a\u00f1os, y seis hombres de 54, 82, 82, 85, 86 y 87. Once de estas personas ten\u00edan su domicilio en un centro residencial de mayores.<\/p>\n<p>El Servicio de Salud del Principado (Sespa) realiz\u00f3 el domingo 4.110 pruebas de diagn\u00f3stico de infecci\u00f3n activa y la tasa de positividad se situ\u00f3 en el 5,82%, seg\u00fan el criterio establecido por el Ministerio de Sanidad, que realiza el c\u00e1lculo en funci\u00f3n del n\u00famero de pruebas positivas procesadas, en vez de por casos confirmados.<\/p>\n<p><strong>Cribados poblacionales<\/strong><\/p>\n<p>El Sespa apela a la solidaridad de la poblaci\u00f3n de 30 a 50 a\u00f1os que reside en las \u00e1reas incluidas en los c\u00f3digos postales 33011 (Oviedo), 33209 (Gij\u00f3n) y 33401 (Avil\u00e9s), as\u00ed como a los vecinos entre 40 y 60 a\u00f1os de los cinco municipios del \u00e1rea sanitaria del Nal\u00f3n (Langreo, San Mart\u00edn del Rey Aurelio, Laviana, Sobrescobio y Caso), que residan con personas mayores de 65 a\u00f1os o cuiden de ellas, para que rellenen el formulario disponible en el enlace https:\/\/www.astursalud.es\/formulario-pcr o llamen al 984 100 400 y participen en el cribado poblacional para la detecci\u00f3n de casos de coronavirus.<\/p>\n<p>El Sespa ir\u00e1 citando a los interesados para realizar una PCR. Para facilitar el contacto, deben incluir en el formulario un n\u00famero de tel\u00e9fono operativo para recibir informaci\u00f3n del d\u00eda, hora y lugar donde se llevar\u00e1 a cabo la prueba, as\u00ed como del resultado de la misma. Se ruega puntualidad para evitar aglomeraciones y colas.<\/p>\n<p>En este sentido, el personal del \u00e1rea sanitaria VIII (con cabecera en Langreo) realizar\u00e1 desde hoy y hasta el pr\u00f3ximo mi\u00e9rcoles, d\u00eda 2 de diciembre, la toma de muestras en el CIDAN de Pola de Laviana a aquellas personas que lo hayan solicitado.<\/p>\n<p>Con estos cribados, Salud pretende detectar y aislar a todas las personas asintom\u00e1ticas en zonas de alta incidencia, as\u00ed como a sus contactos estrechos, para frenar los contagios entre la poblaci\u00f3n m\u00e1s vulnerable a la covid-19, que son los mayores de 65 a\u00f1os.<\/p>\n<p><strong>Recomendaciones<\/strong><\/p>\n<p>La Direcci\u00f3n General de Salud P\u00fablica recuerda que Asturias contin\u00faa en riesgo muy alto por la transmisi\u00f3n comunitaria del virus, lo que se traduce en un aumento de las hospitalizaciones, de los ingresos en las unidades de cuidados intensivos y de los decesos. Adem\u00e1s, advierte de que en otras autonom\u00edas la evoluci\u00f3n de la pandemia tiende a estabilizarse, pero con nuevos repuntes, por lo que apela a la ciudadan\u00eda para que sea rigurosa en el cumplimiento de las siguientes medidas:<\/p>\n<p>&#8211;\u00a0\u00a0 \u00a0Autoconfinarse y limitar la interacci\u00f3n social y la movilidad, manteniendo relaci\u00f3n solo con personas convivientes, salvo las imprescindibles por actividad laboral, comercial o educativa.<\/p>\n<p>&#8211;\u00a0\u00a0 \u00a0Mantener las medidas de protecci\u00f3n individual y colectiva.<\/p>\n<p>&#8211;\u00a0\u00a0 \u00a0Favorecer el teletrabajo.<\/p>\n<p>&#8211;\u00a0\u00a0 \u00a0Aislarse y ponerse en contacto con el centro de salud en caso de que se detecten s\u00edntomas.<\/p>\n<p>&#8211;\u00a0\u00a0 \u00a0Respetar de forma estricta el aislamiento y la cuarentena si se ha recibido confirmaci\u00f3n como caso positivo de covid-19 o si se es contacto estrecho.<\/p>\n<\/div>\n<p>Post patrocinado por <a href=\"https:\/\/www.facebook.com\/AsturCocteleros\">Astur Cocteleros<\/a><\/p>\n","protected":false},"excerpt":{"rendered":"<p>30 de noviembre de 2020 \u2022\u00a0\u00a0 \u00a0El Sespa realiz\u00f3 ayer 4.110 pruebas y la tasa de positividad se sit\u00faa en el 5,82%, seg\u00fan el criterio establecido por el Ministerio de Sanidad \u2022\u00a0\u00a0 \u00a0El Gobierno de Asturias llama a la participaci\u00f3n en los cribados poblacionales del valle del Nal\u00f3n, Avil\u00e9s, Gij\u00f3n y Oviedo \u2022\u00a0\u00a0 \u00a0El Principado [&hellip;]<\/p>\n","protected":false},"author":1,"featured_media":0,"comment_status":"open","ping_status":"open","sticky":false,"template":"","format":"standard","meta":{"footnotes":""},"categories":[49],"tags":[92],"class_list":["post-1530","post","type-post","status-publish","format-standard","hentry","category-covid","tag-covid19"],"yoast_head":"<!-- This site is optimized with the Yoast SEO plugin v27.4 - https:\/\/yoast.com\/product\/yoast-seo-wordpress\/ -->\n<title>Salud confirma 185 nuevos casos de coronavirus - CuencasMineras.com<\/title>\n<meta name=\"description\" content=\"La Consejer\u00eda de Salud confirma 185 nuevos casos de covid-19 diagnosticados ayer, jornada en la que se produjeron 51 ingresos de personas con coronavirus: 47 en planta y 4 en UCI. Adem\u00e1s, se registraron 20 altas.\" \/>\n<meta name=\"robots\" content=\"index, follow, max-snippet:-1, max-image-preview:large, max-video-preview:-1\" \/>\n<link rel=\"canonical\" href=\"https:\/\/www.cuencasmineras.com\/index.php\/2020\/11\/30\/salud-confirma-185-nuevos-casos-de-coronavirus\/\" \/>\n<meta property=\"og:locale\" content=\"es_ES\" \/>\n<meta property=\"og:type\" content=\"article\" \/>\n<meta property=\"og:title\" content=\"Salud confirma 185 nuevos casos de coronavirus - CuencasMineras.com\" \/>\n<meta property=\"og:description\" content=\"La Consejer\u00eda de Salud confirma 185 nuevos casos de covid-19 diagnosticados ayer, jornada en la que se produjeron 51 ingresos de personas con coronavirus: 47 en planta y 4 en UCI. Adem\u00e1s, se registraron 20 altas.\" \/>\n<meta property=\"og:url\" content=\"https:\/\/www.cuencasmineras.com\/index.php\/2020\/11\/30\/salud-confirma-185-nuevos-casos-de-coronavirus\/\" \/>\n<meta property=\"article:published_time\" content=\"2020-11-30T17:08:04+00:00\" \/>\n<meta property=\"og:image\" content=\"https:\/\/coronavirus.asturias.es\/documents\/71418\/220443\/coronavirus+rojo+anaranjado.jpg\/0fe35355-07b4-5bf3-465f-7af5a8b20a8b?t=1606747056558\" \/>\n<meta name=\"author\" content=\"admin\" \/>\n<meta name=\"twitter:card\" content=\"summary_large_image\" \/>\n<meta name=\"twitter:label1\" content=\"Escrito por\" \/>\n\t<meta name=\"twitter:data1\" content=\"admin\" \/>\n\t<meta name=\"twitter:label2\" content=\"Tiempo de lectura\" \/>\n\t<meta name=\"twitter:data2\" content=\"3 minutos\" \/>\n<script type=\"application\/ld+json\" class=\"yoast-schema-graph\">{\"@context\":\"https:\\\/\\\/schema.org\",\"@graph\":[{\"@type\":\"Article\",\"@id\":\"https:\\\/\\\/www.cuencasmineras.com\\\/index.php\\\/2020\\\/11\\\/30\\\/salud-confirma-185-nuevos-casos-de-coronavirus\\\/#article\",\"isPartOf\":{\"@id\":\"https:\\\/\\\/www.cuencasmineras.com\\\/index.php\\\/2020\\\/11\\\/30\\\/salud-confirma-185-nuevos-casos-de-coronavirus\\\/\"},\"author\":{\"name\":\"admin\",\"@id\":\"https:\\\/\\\/www.cuencasmineras.com\\\/#\\\/schema\\\/person\\\/be0691310e8496ec555f679dd688420c\"},\"headline\":\"Salud confirma 185 nuevos casos de coronavirus\",\"datePublished\":\"2020-11-30T17:08:04+00:00\",\"mainEntityOfPage\":{\"@id\":\"https:\\\/\\\/www.cuencasmineras.com\\\/index.php\\\/2020\\\/11\\\/30\\\/salud-confirma-185-nuevos-casos-de-coronavirus\\\/\"},\"wordCount\":663,\"commentCount\":0,\"image\":{\"@id\":\"https:\\\/\\\/www.cuencasmineras.com\\\/index.php\\\/2020\\\/11\\\/30\\\/salud-confirma-185-nuevos-casos-de-coronavirus\\\/#primaryimage\"},\"thumbnailUrl\":\"https:\\\/\\\/coronavirus.asturias.es\\\/documents\\\/71418\\\/220443\\\/coronavirus+rojo+anaranjado.jpg\\\/0fe35355-07b4-5bf3-465f-7af5a8b20a8b?t=1606747056558\",\"keywords\":[\"Covid19\"],\"articleSection\":[\"COVID-19\"],\"inLanguage\":\"es\",\"potentialAction\":[{\"@type\":\"CommentAction\",\"name\":\"Comment\",\"target\":[\"https:\\\/\\\/www.cuencasmineras.com\\\/index.php\\\/2020\\\/11\\\/30\\\/salud-confirma-185-nuevos-casos-de-coronavirus\\\/#respond\"]}]},{\"@type\":\"WebPage\",\"@id\":\"https:\\\/\\\/www.cuencasmineras.com\\\/index.php\\\/2020\\\/11\\\/30\\\/salud-confirma-185-nuevos-casos-de-coronavirus\\\/\",\"url\":\"https:\\\/\\\/www.cuencasmineras.com\\\/index.php\\\/2020\\\/11\\\/30\\\/salud-confirma-185-nuevos-casos-de-coronavirus\\\/\",\"name\":\"Salud confirma 185 nuevos casos de coronavirus - CuencasMineras.com\",\"isPartOf\":{\"@id\":\"https:\\\/\\\/www.cuencasmineras.com\\\/#website\"},\"primaryImageOfPage\":{\"@id\":\"https:\\\/\\\/www.cuencasmineras.com\\\/index.php\\\/2020\\\/11\\\/30\\\/salud-confirma-185-nuevos-casos-de-coronavirus\\\/#primaryimage\"},\"image\":{\"@id\":\"https:\\\/\\\/www.cuencasmineras.com\\\/index.php\\\/2020\\\/11\\\/30\\\/salud-confirma-185-nuevos-casos-de-coronavirus\\\/#primaryimage\"},\"thumbnailUrl\":\"https:\\\/\\\/coronavirus.asturias.es\\\/documents\\\/71418\\\/220443\\\/coronavirus+rojo+anaranjado.jpg\\\/0fe35355-07b4-5bf3-465f-7af5a8b20a8b?t=1606747056558\",\"datePublished\":\"2020-11-30T17:08:04+00:00\",\"author\":{\"@id\":\"https:\\\/\\\/www.cuencasmineras.com\\\/#\\\/schema\\\/person\\\/be0691310e8496ec555f679dd688420c\"},\"description\":\"La Consejer\u00eda de Salud confirma 185 nuevos casos de covid-19 diagnosticados ayer, jornada en la que se produjeron 51 ingresos de personas con coronavirus: 47 en planta y 4 en UCI. Adem\u00e1s, se registraron 20 altas.\",\"breadcrumb\":{\"@id\":\"https:\\\/\\\/www.cuencasmineras.com\\\/index.php\\\/2020\\\/11\\\/30\\\/salud-confirma-185-nuevos-casos-de-coronavirus\\\/#breadcrumb\"},\"inLanguage\":\"es\",\"potentialAction\":[{\"@type\":\"ReadAction\",\"target\":[\"https:\\\/\\\/www.cuencasmineras.com\\\/index.php\\\/2020\\\/11\\\/30\\\/salud-confirma-185-nuevos-casos-de-coronavirus\\\/\"]}]},{\"@type\":\"ImageObject\",\"inLanguage\":\"es\",\"@id\":\"https:\\\/\\\/www.cuencasmineras.com\\\/index.php\\\/2020\\\/11\\\/30\\\/salud-confirma-185-nuevos-casos-de-coronavirus\\\/#primaryimage\",\"url\":\"https:\\\/\\\/coronavirus.asturias.es\\\/documents\\\/71418\\\/220443\\\/coronavirus+rojo+anaranjado.jpg\\\/0fe35355-07b4-5bf3-465f-7af5a8b20a8b?t=1606747056558\",\"contentUrl\":\"https:\\\/\\\/coronavirus.asturias.es\\\/documents\\\/71418\\\/220443\\\/coronavirus+rojo+anaranjado.jpg\\\/0fe35355-07b4-5bf3-465f-7af5a8b20a8b?t=1606747056558\"},{\"@type\":\"BreadcrumbList\",\"@id\":\"https:\\\/\\\/www.cuencasmineras.com\\\/index.php\\\/2020\\\/11\\\/30\\\/salud-confirma-185-nuevos-casos-de-coronavirus\\\/#breadcrumb\",\"itemListElement\":[{\"@type\":\"ListItem\",\"position\":1,\"name\":\"Portada\",\"item\":\"https:\\\/\\\/www.cuencasmineras.com\\\/\"},{\"@type\":\"ListItem\",\"position\":2,\"name\":\"Salud confirma 185 nuevos casos de coronavirus\"}]},{\"@type\":\"WebSite\",\"@id\":\"https:\\\/\\\/www.cuencasmineras.com\\\/#website\",\"url\":\"https:\\\/\\\/www.cuencasmineras.com\\\/\",\"name\":\"\",\"description\":\"\",\"potentialAction\":[{\"@type\":\"SearchAction\",\"target\":{\"@type\":\"EntryPoint\",\"urlTemplate\":\"https:\\\/\\\/www.cuencasmineras.com\\\/?s={search_term_string}\"},\"query-input\":{\"@type\":\"PropertyValueSpecification\",\"valueRequired\":true,\"valueName\":\"search_term_string\"}}],\"inLanguage\":\"es\"},{\"@type\":\"Person\",\"@id\":\"https:\\\/\\\/www.cuencasmineras.com\\\/#\\\/schema\\\/person\\\/be0691310e8496ec555f679dd688420c\",\"name\":\"admin\",\"image\":{\"@type\":\"ImageObject\",\"inLanguage\":\"es\",\"@id\":\"https:\\\/\\\/secure.gravatar.com\\\/avatar\\\/4afd2eed3b2fbbf36dd6707b5bd8a5b50ac648f033e36fbf85aeace2f0f859db?s=96&d=mm&r=g\",\"url\":\"https:\\\/\\\/secure.gravatar.com\\\/avatar\\\/4afd2eed3b2fbbf36dd6707b5bd8a5b50ac648f033e36fbf85aeace2f0f859db?s=96&d=mm&r=g\",\"contentUrl\":\"https:\\\/\\\/secure.gravatar.com\\\/avatar\\\/4afd2eed3b2fbbf36dd6707b5bd8a5b50ac648f033e36fbf85aeace2f0f859db?s=96&d=mm&r=g\",\"caption\":\"admin\"},\"sameAs\":[\"https:\\\/\\\/www.cuencasmineras.com\"],\"url\":\"https:\\\/\\\/www.cuencasmineras.com\\\/index.php\\\/author\\\/admin\\\/\"}]}<\/script>\n<!-- \/ Yoast SEO plugin. -->","yoast_head_json":{"title":"Salud confirma 185 nuevos casos de coronavirus - CuencasMineras.com","description":"La Consejer\u00eda de Salud confirma 185 nuevos casos de covid-19 diagnosticados ayer, jornada en la que se produjeron 51 ingresos de personas con coronavirus: 47 en planta y 4 en UCI. Adem\u00e1s, se registraron 20 altas.","robots":{"index":"index","follow":"follow","max-snippet":"max-snippet:-1","max-image-preview":"max-image-preview:large","max-video-preview":"max-video-preview:-1"},"canonical":"https:\/\/www.cuencasmineras.com\/index.php\/2020\/11\/30\/salud-confirma-185-nuevos-casos-de-coronavirus\/","og_locale":"es_ES","og_type":"article","og_title":"Salud confirma 185 nuevos casos de coronavirus - CuencasMineras.com","og_description":"La Consejer\u00eda de Salud confirma 185 nuevos casos de covid-19 diagnosticados ayer, jornada en la que se produjeron 51 ingresos de personas con coronavirus: 47 en planta y 4 en UCI. Adem\u00e1s, se registraron 20 altas.","og_url":"https:\/\/www.cuencasmineras.com\/index.php\/2020\/11\/30\/salud-confirma-185-nuevos-casos-de-coronavirus\/","article_published_time":"2020-11-30T17:08:04+00:00","og_image":[{"url":"https:\/\/coronavirus.asturias.es\/documents\/71418\/220443\/coronavirus+rojo+anaranjado.jpg\/0fe35355-07b4-5bf3-465f-7af5a8b20a8b?t=1606747056558","type":"","width":"","height":""}],"author":"admin","twitter_card":"summary_large_image","twitter_misc":{"Escrito por":"admin","Tiempo de lectura":"3 minutos"},"schema":{"@context":"https:\/\/schema.org","@graph":[{"@type":"Article","@id":"https:\/\/www.cuencasmineras.com\/index.php\/2020\/11\/30\/salud-confirma-185-nuevos-casos-de-coronavirus\/#article","isPartOf":{"@id":"https:\/\/www.cuencasmineras.com\/index.php\/2020\/11\/30\/salud-confirma-185-nuevos-casos-de-coronavirus\/"},"author":{"name":"admin","@id":"https:\/\/www.cuencasmineras.com\/#\/schema\/person\/be0691310e8496ec555f679dd688420c"},"headline":"Salud confirma 185 nuevos casos de coronavirus","datePublished":"2020-11-30T17:08:04+00:00","mainEntityOfPage":{"@id":"https:\/\/www.cuencasmineras.com\/index.php\/2020\/11\/30\/salud-confirma-185-nuevos-casos-de-coronavirus\/"},"wordCount":663,"commentCount":0,"image":{"@id":"https:\/\/www.cuencasmineras.com\/index.php\/2020\/11\/30\/salud-confirma-185-nuevos-casos-de-coronavirus\/#primaryimage"},"thumbnailUrl":"https:\/\/coronavirus.asturias.es\/documents\/71418\/220443\/coronavirus+rojo+anaranjado.jpg\/0fe35355-07b4-5bf3-465f-7af5a8b20a8b?t=1606747056558","keywords":["Covid19"],"articleSection":["COVID-19"],"inLanguage":"es","potentialAction":[{"@type":"CommentAction","name":"Comment","target":["https:\/\/www.cuencasmineras.com\/index.php\/2020\/11\/30\/salud-confirma-185-nuevos-casos-de-coronavirus\/#respond"]}]},{"@type":"WebPage","@id":"https:\/\/www.cuencasmineras.com\/index.php\/2020\/11\/30\/salud-confirma-185-nuevos-casos-de-coronavirus\/","url":"https:\/\/www.cuencasmineras.com\/index.php\/2020\/11\/30\/salud-confirma-185-nuevos-casos-de-coronavirus\/","name":"Salud confirma 185 nuevos casos de coronavirus - CuencasMineras.com","isPartOf":{"@id":"https:\/\/www.cuencasmineras.com\/#website"},"primaryImageOfPage":{"@id":"https:\/\/www.cuencasmineras.com\/index.php\/2020\/11\/30\/salud-confirma-185-nuevos-casos-de-coronavirus\/#primaryimage"},"image":{"@id":"https:\/\/www.cuencasmineras.com\/index.php\/2020\/11\/30\/salud-confirma-185-nuevos-casos-de-coronavirus\/#primaryimage"},"thumbnailUrl":"https:\/\/coronavirus.asturias.es\/documents\/71418\/220443\/coronavirus+rojo+anaranjado.jpg\/0fe35355-07b4-5bf3-465f-7af5a8b20a8b?t=1606747056558","datePublished":"2020-11-30T17:08:04+00:00","author":{"@id":"https:\/\/www.cuencasmineras.com\/#\/schema\/person\/be0691310e8496ec555f679dd688420c"},"description":"La Consejer\u00eda de Salud confirma 185 nuevos casos de covid-19 diagnosticados ayer, jornada en la que se produjeron 51 ingresos de personas con coronavirus: 47 en planta y 4 en UCI. Adem\u00e1s, se registraron 20 altas.","breadcrumb":{"@id":"https:\/\/www.cuencasmineras.com\/index.php\/2020\/11\/30\/salud-confirma-185-nuevos-casos-de-coronavirus\/#breadcrumb"},"inLanguage":"es","potentialAction":[{"@type":"ReadAction","target":["https:\/\/www.cuencasmineras.com\/index.php\/2020\/11\/30\/salud-confirma-185-nuevos-casos-de-coronavirus\/"]}]},{"@type":"ImageObject","inLanguage":"es","@id":"https:\/\/www.cuencasmineras.com\/index.php\/2020\/11\/30\/salud-confirma-185-nuevos-casos-de-coronavirus\/#primaryimage","url":"https:\/\/coronavirus.asturias.es\/documents\/71418\/220443\/coronavirus+rojo+anaranjado.jpg\/0fe35355-07b4-5bf3-465f-7af5a8b20a8b?t=1606747056558","contentUrl":"https:\/\/coronavirus.asturias.es\/documents\/71418\/220443\/coronavirus+rojo+anaranjado.jpg\/0fe35355-07b4-5bf3-465f-7af5a8b20a8b?t=1606747056558"},{"@type":"BreadcrumbList","@id":"https:\/\/www.cuencasmineras.com\/index.php\/2020\/11\/30\/salud-confirma-185-nuevos-casos-de-coronavirus\/#breadcrumb","itemListElement":[{"@type":"ListItem","position":1,"name":"Portada","item":"https:\/\/www.cuencasmineras.com\/"},{"@type":"ListItem","position":2,"name":"Salud confirma 185 nuevos casos de coronavirus"}]},{"@type":"WebSite","@id":"https:\/\/www.cuencasmineras.com\/#website","url":"https:\/\/www.cuencasmineras.com\/","name":"","description":"","potentialAction":[{"@type":"SearchAction","target":{"@type":"EntryPoint","urlTemplate":"https:\/\/www.cuencasmineras.com\/?s={search_term_string}"},"query-input":{"@type":"PropertyValueSpecification","valueRequired":true,"valueName":"search_term_string"}}],"inLanguage":"es"},{"@type":"Person","@id":"https:\/\/www.cuencasmineras.com\/#\/schema\/person\/be0691310e8496ec555f679dd688420c","name":"admin","image":{"@type":"ImageObject","inLanguage":"es","@id":"https:\/\/secure.gravatar.com\/avatar\/4afd2eed3b2fbbf36dd6707b5bd8a5b50ac648f033e36fbf85aeace2f0f859db?s=96&d=mm&r=g","url":"https:\/\/secure.gravatar.com\/avatar\/4afd2eed3b2fbbf36dd6707b5bd8a5b50ac648f033e36fbf85aeace2f0f859db?s=96&d=mm&r=g","contentUrl":"https:\/\/secure.gravatar.com\/avatar\/4afd2eed3b2fbbf36dd6707b5bd8a5b50ac648f033e36fbf85aeace2f0f859db?s=96&d=mm&r=g","caption":"admin"},"sameAs":["https:\/\/www.cuencasmineras.com"],"url":"https:\/\/www.cuencasmineras.com\/index.php\/author\/admin\/"}]}},"_links":{"self":[{"href":"https:\/\/www.cuencasmineras.com\/index.php\/wp-json\/wp\/v2\/posts\/1530","targetHints":{"allow":["GET"]}}],"collection":[{"href":"https:\/\/www.cuencasmineras.com\/index.php\/wp-json\/wp\/v2\/posts"}],"about":[{"href":"https:\/\/www.cuencasmineras.com\/index.php\/wp-json\/wp\/v2\/types\/post"}],"author":[{"embeddable":true,"href":"https:\/\/www.cuencasmineras.com\/index.php\/wp-json\/wp\/v2\/users\/1"}],"replies":[{"embeddable":true,"href":"https:\/\/www.cuencasmineras.com\/index.php\/wp-json\/wp\/v2\/comments?post=1530"}],"version-history":[{"count":1,"href":"https:\/\/www.cuencasmineras.com\/index.php\/wp-json\/wp\/v2\/posts\/1530\/revisions"}],"predecessor-version":[{"id":1531,"href":"https:\/\/www.cuencasmineras.com\/index.php\/wp-json\/wp\/v2\/posts\/1530\/revisions\/1531"}],"wp:attachment":[{"href":"https:\/\/www.cuencasmineras.com\/index.php\/wp-json\/wp\/v2\/media?parent=1530"}],"wp:term":[{"taxonomy":"category","embeddable":true,"href":"https:\/\/www.cuencasmineras.com\/index.php\/wp-json\/wp\/v2\/categories?post=1530"},{"taxonomy":"post_tag","embeddable":true,"href":"https:\/\/www.cuencasmineras.com\/index.php\/wp-json\/wp\/v2\/tags?post=1530"}],"curies":[{"name":"wp","href":"https:\/\/api.w.org\/{rel}","templated":true}]}}