{"id":1578,"date":"2020-12-20T11:12:23","date_gmt":"2020-12-20T11:12:23","guid":{"rendered":"https:\/\/www.cuencasmineras.com\/?p=1578"},"modified":"2021-01-07T19:49:29","modified_gmt":"2021-01-07T19:49:29","slug":"languleru-prende-el-fuego-magico-de-la-navidad-en-mieres","status":"publish","type":"post","link":"https:\/\/www.cuencasmineras.com\/index.php\/2020\/12\/20\/languleru-prende-el-fuego-magico-de-la-navidad-en-mieres\/","title":{"rendered":"L\u2019Anguleru prende el fuego m\u00e1gico de la Navidad en Mieres"},"content":{"rendered":"<p><img loading=\"lazy\" decoding=\"async\" class=\"aligncenter wp-image-43419\" src=\"https:\/\/www.mieres.es\/wp-content\/uploads\/2020\/12\/CARTEL-MIERES-2020-anguleru_web.jpg\" sizes=\"auto, (max-width: 1200px) 100vw, 1200px\" srcset=\"https:\/\/www.mieres.es\/wp-content\/uploads\/2020\/12\/CARTEL-MIERES-2020-anguleru_web.jpg 1200w, https:\/\/www.mieres.es\/wp-content\/uploads\/2020\/12\/CARTEL-MIERES-2020-anguleru_web-212x300.jpg 212w, https:\/\/www.mieres.es\/wp-content\/uploads\/2020\/12\/CARTEL-MIERES-2020-anguleru_web-724x1024.jpg 724w, https:\/\/www.mieres.es\/wp-content\/uploads\/2020\/12\/CARTEL-MIERES-2020-anguleru_web-768x1086.jpg 768w, https:\/\/www.mieres.es\/wp-content\/uploads\/2020\/12\/CARTEL-MIERES-2020-anguleru_web-1086x1536.jpg 1086w\" alt=\"CARTEL MIERES 2020 Anguleru Web\" width=\"899\" height=\"1271\" \/><\/p>\n<p>&nbsp;<\/p>\n<p>Domingo, 20 de diciembre, 19:00 h<br \/>\n<b><i><\/i><\/b><\/p>\n<p><i>Retransmisi\u00f3n online a trav\u00e9s del\u00a0<a href=\"https:\/\/www.youtube.com\/channel\/UCX4Cd96pcs_Xx8MakowGI7Q\">canal de Youtube Ayuntamiento de Mieres<\/a><\/i><\/p>\n<hr \/>\n<p dir=\"ltr\">Este domingo, 20 de diciembre a las 19:00h desde la casa de L\u2019Anguleru en Asturias, se proceder\u00e1 al encendido del fuego m\u00e1gico de la Navidad, el que se desprende de quemar los troncos de carbayu que provienen de la foguera de San Xuan de Mieres de 2019.<\/p>\n<p dir=\"ltr\">Se trata de conseguir el fuego con el que el d\u00eda de Nochebuena se quemar\u00e1 el Nataliegu para que proporcione luz m\u00e1gica que convertir\u00e1 a L\u2019Anguleru en un personaje capaz de repartir por toda Asturias los presentes que los m\u00e1s peque\u00f1os y no tan peque\u00f1os le han pedido.<\/p>\n<p>&nbsp;<\/p>\n<p dir=\"ltr\"><strong>\u00bfY por qu\u00e9 Mieres?<\/strong><\/p>\n<p dir=\"ltr\">L\u2019Anguleru no ha escogido Mieres por casualidad. Desde hace m\u00e1s de una d\u00e9cada Mieres ha sido un lugar de referencia para L\u2019Anguleru. Fue acogido con los brazos abiertos por la comunidad educativa mierense, desde 2010 y por los m\u00e1s peque\u00f1os del concejo. En casi todos los colegios del concejo de Mieres se trabaja o se ha trabajado la figura de L\u2019Anguleru y en la Escuela de M\u00fasica Municipal siempre se canta su villancico por Navidad. De hecho una de sus profesoras Reyes Duarte, fue la compositora del Villancico de L\u2019Anguleru hace ya m\u00e1s una d\u00e9cada.<\/p>\n<p dir=\"ltr\">En reconocimiento a ese inter\u00e9s por la figura de L\u2019Anguleru, el m\u00e1gico personaje de la Navidad asturiana ha querido que sea la villa mierense la que cobre todo su protagonismo con el encendido del fuego m\u00e1gico de la Navidad. Por eso y porque en Mieres se da otra condici\u00f3n imprescindible para que L\u2019Anguleru adquiera esa cualidad de m\u00e1gico. En Mieres se guarda la madera de carbayu cuyo fuego en la noche de Nochebuena le da esos atributos m\u00e1gicos que lo diferencian del resto de mortales. Esa madera, no es una madera m\u00e1s. Se trata de unos troncos de carbayu rescatados, salvados, indultados\u2026 del fuego de la foguera de San Xuan que cada noche de 24 de junio se prende en la playa del Ayuntamiento. Un mierense, no se sabe qui\u00e9n, se encarga de salvarlos de la quema una vez que el fuego los ha te\u00f1ido de negro. Y es que ese tono oscuro provocado por las llamas de la foguera de San Xuan es lo que les confiere la distinci\u00f3n de ser la madera que en Navidad ostente el t\u00edtulo del Nataliegu, el tronco m\u00e1gico del que se desprende la luz purificadora y vital que le da a L\u2019Anguleru su car\u00e1cter m\u00e1gico. Este a\u00f1o se ha recurrido a los troncos de reserva que se ten\u00eda de la foguera de San Xuan de 2019.<\/p>\n<p>&nbsp;<\/p>\n<p dir=\"ltr\">Y va a ser, este domingo 20 de diciembre a las 19:00 h cuando esos troncos rescatados del fuego y custodiados durante todo este tiempo por los distintos colegios de Mieres que trabajan la figura de L\u2019Anguleru en clase, vuelvan, de nuevo al mismo lugar en el que el fuego de San Xuan los convirti\u00f3 en especiales. Y con un ritual de fuego, en el que se volver\u00e1n a prender para que esta vez ardan hasta convertirse en cenizas, L\u2019Anguleru encerrar\u00e1 en su farol la llama del fuego del M\u00e1gico de La Navidad. Y en la noche de Nochebuena en un proceso de catarsis m\u00e1gica la luz que se desprenda del farol de L\u2019Anguleru inundar\u00e1 su chalana, L\u2019Angulina, y le permitir\u00e1 surcar y remontar todos los r\u00edos, riachuelos, regatos, pantanos, embalses de Asturias\u2026 y as\u00ed poder llegar a cualquier lugar del Principado por lejos que se encuentre. Desde la monta\u00f1a m\u00e1s remota a la playa m\u00e1s lejana, desde el bosque m\u00e1s frondoso a la ciudad m\u00e1s grande, porque con la magia de la luz de la Navidad L\u2019Anguleru es capaz de conseguir lo que nadie se puede llegar a imaginar, solo lo saben bien aquellos que creen en la magia de L\u2019Anguleru.<\/p>\n<p dir=\"ltr\">Este a\u00f1o la ceremonia ser\u00e1 virtual, a trav\u00e9s del canal de YouTube del ayuntamiento de Mieres y desde la casa de L\u2019Anguleru para evitar aglomeraciones sociales. Una videoquedada en la que podr\u00e1n participar todos los ni\u00f1os y ni\u00f1as que lo deseen con Mieres como protagonista principal.<\/p>\n<p>&nbsp;<\/p>\n<p dir=\"ltr\"><strong>VIDEOQUEDADA: Ceremonia del encendido del fuego m\u00e1gico de la Navidad por L\u2019Anguleru<\/strong><\/p>\n<p dir=\"ltr\">El acto comenzar\u00e1 a las 19:00 con un espect\u00e1culo en el que los ni\u00f1os y ni\u00f1as presentes ser\u00e1n los protagonistas participando de manera activa en la llegada de L\u2019Anguleru.<\/p>\n<p dir=\"ltr\">A continuaci\u00f3n har\u00e1n el llamamiento a L\u2019Anguleru para que aparezca y proceda as\u00ed al encendido, junto a los escolares mierenses, de los tizones m\u00e1gicos de carbayu, esos peque\u00f1os nataliegos, para que con las llamas que estos desprendan pueda encender el d\u00eda de Nochebuena el gran Nataliegu y as\u00ed encerrar la luz en el farol que le acompa\u00f1ar\u00e1 durante toda la noche de Nochebuena por Asturias repartiendo ilusi\u00f3n y cumpliendo los sue\u00f1os de miles de rapacinas y rapacinos.<\/p>\n<p dir=\"ltr\">El acto incluir\u00e1 cuentacuentos, juegos y actuaciones musicales, todo a trav\u00e9s del Canal de YouTube del Ayuntamiento de Mieres.<\/p>\n<p>&nbsp;<\/p>\n<p><a href=\"https:\/\/www.mieres.es\/wp-content\/uploads\/2020\/12\/angulero-carta-asturiano-mieres.jpg\"><img loading=\"lazy\" decoding=\"async\" class=\"wp-image-43425 alignleft\" src=\"https:\/\/www.mieres.es\/wp-content\/uploads\/2020\/12\/angulero-carta-asturiano-mieres-725x1024.jpg\" sizes=\"auto, (max-width: 400px) 100vw, 400px\" srcset=\"https:\/\/www.mieres.es\/wp-content\/uploads\/2020\/12\/angulero-carta-asturiano-mieres-725x1024.jpg 725w, https:\/\/www.mieres.es\/wp-content\/uploads\/2020\/12\/angulero-carta-asturiano-mieres-212x300.jpg 212w, https:\/\/www.mieres.es\/wp-content\/uploads\/2020\/12\/angulero-carta-asturiano-mieres-768x1085.jpg 768w, https:\/\/www.mieres.es\/wp-content\/uploads\/2020\/12\/angulero-carta-asturiano-mieres-1087x1536.jpg 1087w, https:\/\/www.mieres.es\/wp-content\/uploads\/2020\/12\/angulero-carta-asturiano-mieres.jpg 1200w\" alt=\"Angulero Carta Asturiano Mieres\" width=\"400\" height=\"565\" \/><\/a><img loading=\"lazy\" decoding=\"async\" class=\"wp-image-43426 aligncenter\" src=\"https:\/\/www.mieres.es\/wp-content\/uploads\/2020\/12\/angulero-carta-mieres-724x1024.jpg\" sizes=\"auto, (max-width: 400px) 100vw, 400px\" srcset=\"https:\/\/www.mieres.es\/wp-content\/uploads\/2020\/12\/angulero-carta-mieres-724x1024.jpg 724w, https:\/\/www.mieres.es\/wp-content\/uploads\/2020\/12\/angulero-carta-mieres-212x300.jpg 212w, https:\/\/www.mieres.es\/wp-content\/uploads\/2020\/12\/angulero-carta-mieres-768x1086.jpg 768w, https:\/\/www.mieres.es\/wp-content\/uploads\/2020\/12\/angulero-carta-mieres-1086x1536.jpg 1086w, https:\/\/www.mieres.es\/wp-content\/uploads\/2020\/12\/angulero-carta-mieres.jpg 1200w\" alt=\"Angulero Carta Mieres\" width=\"400\" height=\"566\" \/><\/p>\n<p><a href=\"https:\/\/www.mieres.es\/wp-content\/uploads\/2020\/12\/angulero-letra-villancico-mieres.jpg\"><img loading=\"lazy\" decoding=\"async\" class=\"alignleft wp-image-43428\" src=\"https:\/\/www.mieres.es\/wp-content\/uploads\/2020\/12\/angulero-letra-villancico-mieres-725x1024.jpg\" sizes=\"auto, (max-width: 400px) 100vw, 400px\" srcset=\"https:\/\/www.mieres.es\/wp-content\/uploads\/2020\/12\/angulero-letra-villancico-mieres-725x1024.jpg 725w, https:\/\/www.mieres.es\/wp-content\/uploads\/2020\/12\/angulero-letra-villancico-mieres-212x300.jpg 212w, https:\/\/www.mieres.es\/wp-content\/uploads\/2020\/12\/angulero-letra-villancico-mieres-768x1085.jpg 768w, https:\/\/www.mieres.es\/wp-content\/uploads\/2020\/12\/angulero-letra-villancico-mieres-1087x1536.jpg 1087w, https:\/\/www.mieres.es\/wp-content\/uploads\/2020\/12\/angulero-letra-villancico-mieres.jpg 1200w\" alt=\"Angulero Letra Villancico Mieres\" width=\"400\" height=\"565\" \/><\/a><a href=\"https:\/\/www.mieres.es\/wp-content\/uploads\/2020\/12\/angulero-villancicu-asturiano.jpg\"><img loading=\"lazy\" decoding=\"async\" class=\"aligncenter wp-image-43427\" src=\"https:\/\/www.mieres.es\/wp-content\/uploads\/2020\/12\/angulero-villancicu-asturiano-725x1024.jpg\" sizes=\"auto, (max-width: 400px) 100vw, 400px\" srcset=\"https:\/\/www.mieres.es\/wp-content\/uploads\/2020\/12\/angulero-villancicu-asturiano-725x1024.jpg 725w, https:\/\/www.mieres.es\/wp-content\/uploads\/2020\/12\/angulero-villancicu-asturiano-212x300.jpg 212w, https:\/\/www.mieres.es\/wp-content\/uploads\/2020\/12\/angulero-villancicu-asturiano-768x1085.jpg 768w, https:\/\/www.mieres.es\/wp-content\/uploads\/2020\/12\/angulero-villancicu-asturiano-1087x1536.jpg 1087w, https:\/\/www.mieres.es\/wp-content\/uploads\/2020\/12\/angulero-villancicu-asturiano.jpg 1200w\" alt=\"Angulero Villancicu Asturiano\" width=\"400\" height=\"565\" \/><\/a><\/p>\n<p>&nbsp;<\/p>\n<hr \/>\n<p><a href=\"https:\/\/www.mieres.es\/wp-content\/uploads\/2020\/03\/logo-culturamieres-online_web.jpg\"><img loading=\"lazy\" decoding=\"async\" class=\"alignright wp-image-37952\" src=\"https:\/\/www.mieres.es\/wp-content\/uploads\/2020\/03\/logo-culturamieres-online_web.jpg\" sizes=\"auto, (max-width: 350px) 100vw, 350px\" srcset=\"https:\/\/www.mieres.es\/wp-content\/uploads\/2020\/03\/logo-culturamieres-online_web.jpg 500w, https:\/\/www.mieres.es\/wp-content\/uploads\/2020\/03\/logo-culturamieres-online_web-255x300.jpg 255w\" alt=\"Logo Culturamieres Online Web\" width=\"350\" height=\"412\" \/><\/a><\/p>\n<p>&nbsp;<\/p>\n<p>Los eventos se difundir\u00e1n gratuitamente desde esta misma p\u00e1gina y en nuestras redes sociales, quedando a disposici\u00f3n del p\u00fablico en todo momento en el canal de\u00a0<strong>Youtube<\/strong>:\u00a0<a href=\"https:\/\/www.youtube.com\/channel\/UCX4Cd96pcs_Xx8MakowGI7Q\">https:\/\/www.youtube.com\/channel\/UCX4Cd96pcs_Xx8MakowGI7Q<\/a><\/p>\n<p>&nbsp;<\/p>\n<p><strong>Culturamieres<\/strong>: \u2013 Facebook:\u00a0<a href=\"https:\/\/www.facebook.com\/culturamieres\/\">https:\/\/www.facebook.com\/culturamieres\/<\/a>\u00a0\u2013 Instagram:\u00a0<a href=\"https:\/\/twitter.com\/mierescultura\">https:\/\/twitter.com\/mierescultura<\/a>\u00a0\u2013 Twitter:\u00a0<a href=\"https:\/\/twitter.com\/mierescultura\">https:\/\/twitter.com\/mierescultura<\/a><br \/>\n<strong>Ayuntamiento de Mieres:<\/strong>\u00a0\u2013 Youtube:<a href=\"https:\/\/www.youtube.com\/channel\/UCX4Cd96pcs_Xx8MakowGI7Q\">\u00a0https:\/\/www.youtube.com\/channel\/UCX4Cd96pcs_Xx8MakowGI7Q<\/a>\u2013 Facebook:\u00a0<a href=\"https:\/\/www.facebook.com\/ayuntamientodemieres\/\">https:\/\/www.facebook.com\/ayuntamientodemieres\/<\/a><br \/>\n<strong>Red de Bibliotecas de Mieres:<\/strong>\u00a0\u2013 Facebook:\u00a0<a href=\"https:\/\/www.facebook.com\/reddebibliotecas.mieres\/\">https:\/\/www.facebook.com\/reddebibliotecas.mieres\/<\/a><br \/>\n<strong>Aten\u00e9u de Tur\u00f3n:<\/strong>\u00a0\u2013 Facebook:<a href=\"https:\/\/www.facebook.com\/Aten%C3%A9u-de-Tur%C3%B3n\">\u00a0https:\/\/www.facebook.com\/Aten\u00e9u-de-Tur\u00f3n<\/a>\u00a0\u2013 Instagram:\u00a0<a href=\"https:\/\/www.instagram.com\/ateneudeturon\/\">https:\/\/www.instagram.com\/ateneudeturon\/<\/a><\/p>\n","protected":false},"excerpt":{"rendered":"<p>&nbsp; Domingo, 20 de diciembre, 19:00 h Retransmisi\u00f3n online a trav\u00e9s del\u00a0canal de Youtube Ayuntamiento de Mieres Este domingo, 20 de diciembre a las 19:00h desde la casa de L\u2019Anguleru en Asturias, se proceder\u00e1 al encendido del fuego m\u00e1gico de la Navidad, el que se desprende de quemar los troncos de carbayu que provienen de [&hellip;]<\/p>\n","protected":false},"author":1,"featured_media":1601,"comment_status":"open","ping_status":"open","sticky":false,"template":"","format":"standard","meta":{"footnotes":""},"categories":[7,6],"tags":[31],"class_list":["post-1578","post","type-post","status-publish","format-standard","has-post-thumbnail","hentry","category-caudal","category-noticias","tag-mieres"],"yoast_head":"<!-- This site is optimized with the Yoast SEO plugin v27.4 - https:\/\/yoast.com\/product\/yoast-seo-wordpress\/ -->\n<title>L\u2019Anguleru prende el fuego m\u00e1gico de la Navidad en Mieres -<\/title>\n<meta name=\"robots\" content=\"index, follow, max-snippet:-1, max-image-preview:large, max-video-preview:-1\" \/>\n<link rel=\"canonical\" href=\"https:\/\/www.cuencasmineras.com\/index.php\/2020\/12\/20\/languleru-prende-el-fuego-magico-de-la-navidad-en-mieres\/\" \/>\n<meta property=\"og:locale\" content=\"es_ES\" \/>\n<meta property=\"og:type\" content=\"article\" \/>\n<meta property=\"og:title\" content=\"L\u2019Anguleru prende el fuego m\u00e1gico de la Navidad en Mieres -\" \/>\n<meta property=\"og:description\" content=\"&nbsp; Domingo, 20 de diciembre, 19:00 h Retransmisi\u00f3n online a trav\u00e9s del\u00a0canal de Youtube Ayuntamiento de Mieres Este domingo, 20 de diciembre a las 19:00h desde la casa de L\u2019Anguleru en Asturias, se proceder\u00e1 al encendido del fuego m\u00e1gico de la Navidad, el que se desprende de quemar los troncos de carbayu que provienen de [&hellip;]\" \/>\n<meta property=\"og:url\" content=\"https:\/\/www.cuencasmineras.com\/index.php\/2020\/12\/20\/languleru-prende-el-fuego-magico-de-la-navidad-en-mieres\/\" \/>\n<meta property=\"article:published_time\" content=\"2020-12-20T11:12:23+00:00\" \/>\n<meta property=\"article:modified_time\" content=\"2021-01-07T19:49:29+00:00\" \/>\n<meta property=\"og:image\" content=\"https:\/\/www.cuencasmineras.com\/wp-content\/uploads\/2020\/12\/felicitacionnavidadanguleru.jpg\" \/>\n\t<meta property=\"og:image:width\" content=\"944\" \/>\n\t<meta property=\"og:image:height\" content=\"400\" \/>\n\t<meta property=\"og:image:type\" content=\"image\/jpeg\" \/>\n<meta name=\"author\" content=\"admin\" \/>\n<meta name=\"twitter:card\" content=\"summary_large_image\" \/>\n<meta name=\"twitter:label1\" content=\"Escrito por\" \/>\n\t<meta name=\"twitter:data1\" content=\"admin\" \/>\n\t<meta name=\"twitter:label2\" content=\"Tiempo de lectura\" \/>\n\t<meta name=\"twitter:data2\" content=\"5 minutos\" \/>\n<script type=\"application\/ld+json\" class=\"yoast-schema-graph\">{\"@context\":\"https:\\\/\\\/schema.org\",\"@graph\":[{\"@type\":\"Article\",\"@id\":\"https:\\\/\\\/www.cuencasmineras.com\\\/index.php\\\/2020\\\/12\\\/20\\\/languleru-prende-el-fuego-magico-de-la-navidad-en-mieres\\\/#article\",\"isPartOf\":{\"@id\":\"https:\\\/\\\/www.cuencasmineras.com\\\/index.php\\\/2020\\\/12\\\/20\\\/languleru-prende-el-fuego-magico-de-la-navidad-en-mieres\\\/\"},\"author\":{\"name\":\"admin\",\"@id\":\"https:\\\/\\\/www.cuencasmineras.com\\\/#\\\/schema\\\/person\\\/be0691310e8496ec555f679dd688420c\"},\"headline\":\"L\u2019Anguleru prende el fuego m\u00e1gico de la Navidad en Mieres\",\"datePublished\":\"2020-12-20T11:12:23+00:00\",\"dateModified\":\"2021-01-07T19:49:29+00:00\",\"mainEntityOfPage\":{\"@id\":\"https:\\\/\\\/www.cuencasmineras.com\\\/index.php\\\/2020\\\/12\\\/20\\\/languleru-prende-el-fuego-magico-de-la-navidad-en-mieres\\\/\"},\"wordCount\":1018,\"commentCount\":0,\"image\":{\"@id\":\"https:\\\/\\\/www.cuencasmineras.com\\\/index.php\\\/2020\\\/12\\\/20\\\/languleru-prende-el-fuego-magico-de-la-navidad-en-mieres\\\/#primaryimage\"},\"thumbnailUrl\":\"https:\\\/\\\/www.cuencasmineras.com\\\/wp-content\\\/uploads\\\/2020\\\/12\\\/felicitacionnavidadanguleru.jpg\",\"keywords\":[\"mieres\"],\"articleSection\":[\"Caudal\",\"CM NEWS\"],\"inLanguage\":\"es\",\"potentialAction\":[{\"@type\":\"CommentAction\",\"name\":\"Comment\",\"target\":[\"https:\\\/\\\/www.cuencasmineras.com\\\/index.php\\\/2020\\\/12\\\/20\\\/languleru-prende-el-fuego-magico-de-la-navidad-en-mieres\\\/#respond\"]}]},{\"@type\":\"WebPage\",\"@id\":\"https:\\\/\\\/www.cuencasmineras.com\\\/index.php\\\/2020\\\/12\\\/20\\\/languleru-prende-el-fuego-magico-de-la-navidad-en-mieres\\\/\",\"url\":\"https:\\\/\\\/www.cuencasmineras.com\\\/index.php\\\/2020\\\/12\\\/20\\\/languleru-prende-el-fuego-magico-de-la-navidad-en-mieres\\\/\",\"name\":\"L\u2019Anguleru prende el fuego m\u00e1gico de la Navidad en Mieres -\",\"isPartOf\":{\"@id\":\"https:\\\/\\\/www.cuencasmineras.com\\\/#website\"},\"primaryImageOfPage\":{\"@id\":\"https:\\\/\\\/www.cuencasmineras.com\\\/index.php\\\/2020\\\/12\\\/20\\\/languleru-prende-el-fuego-magico-de-la-navidad-en-mieres\\\/#primaryimage\"},\"image\":{\"@id\":\"https:\\\/\\\/www.cuencasmineras.com\\\/index.php\\\/2020\\\/12\\\/20\\\/languleru-prende-el-fuego-magico-de-la-navidad-en-mieres\\\/#primaryimage\"},\"thumbnailUrl\":\"https:\\\/\\\/www.cuencasmineras.com\\\/wp-content\\\/uploads\\\/2020\\\/12\\\/felicitacionnavidadanguleru.jpg\",\"datePublished\":\"2020-12-20T11:12:23+00:00\",\"dateModified\":\"2021-01-07T19:49:29+00:00\",\"author\":{\"@id\":\"https:\\\/\\\/www.cuencasmineras.com\\\/#\\\/schema\\\/person\\\/be0691310e8496ec555f679dd688420c\"},\"breadcrumb\":{\"@id\":\"https:\\\/\\\/www.cuencasmineras.com\\\/index.php\\\/2020\\\/12\\\/20\\\/languleru-prende-el-fuego-magico-de-la-navidad-en-mieres\\\/#breadcrumb\"},\"inLanguage\":\"es\",\"potentialAction\":[{\"@type\":\"ReadAction\",\"target\":[\"https:\\\/\\\/www.cuencasmineras.com\\\/index.php\\\/2020\\\/12\\\/20\\\/languleru-prende-el-fuego-magico-de-la-navidad-en-mieres\\\/\"]}]},{\"@type\":\"ImageObject\",\"inLanguage\":\"es\",\"@id\":\"https:\\\/\\\/www.cuencasmineras.com\\\/index.php\\\/2020\\\/12\\\/20\\\/languleru-prende-el-fuego-magico-de-la-navidad-en-mieres\\\/#primaryimage\",\"url\":\"https:\\\/\\\/www.cuencasmineras.com\\\/wp-content\\\/uploads\\\/2020\\\/12\\\/felicitacionnavidadanguleru.jpg\",\"contentUrl\":\"https:\\\/\\\/www.cuencasmineras.com\\\/wp-content\\\/uploads\\\/2020\\\/12\\\/felicitacionnavidadanguleru.jpg\",\"width\":944,\"height\":400},{\"@type\":\"BreadcrumbList\",\"@id\":\"https:\\\/\\\/www.cuencasmineras.com\\\/index.php\\\/2020\\\/12\\\/20\\\/languleru-prende-el-fuego-magico-de-la-navidad-en-mieres\\\/#breadcrumb\",\"itemListElement\":[{\"@type\":\"ListItem\",\"position\":1,\"name\":\"Portada\",\"item\":\"https:\\\/\\\/www.cuencasmineras.com\\\/\"},{\"@type\":\"ListItem\",\"position\":2,\"name\":\"L\u2019Anguleru prende el fuego m\u00e1gico de la Navidad en Mieres\"}]},{\"@type\":\"WebSite\",\"@id\":\"https:\\\/\\\/www.cuencasmineras.com\\\/#website\",\"url\":\"https:\\\/\\\/www.cuencasmineras.com\\\/\",\"name\":\"\",\"description\":\"\",\"potentialAction\":[{\"@type\":\"SearchAction\",\"target\":{\"@type\":\"EntryPoint\",\"urlTemplate\":\"https:\\\/\\\/www.cuencasmineras.com\\\/?s={search_term_string}\"},\"query-input\":{\"@type\":\"PropertyValueSpecification\",\"valueRequired\":true,\"valueName\":\"search_term_string\"}}],\"inLanguage\":\"es\"},{\"@type\":\"Person\",\"@id\":\"https:\\\/\\\/www.cuencasmineras.com\\\/#\\\/schema\\\/person\\\/be0691310e8496ec555f679dd688420c\",\"name\":\"admin\",\"image\":{\"@type\":\"ImageObject\",\"inLanguage\":\"es\",\"@id\":\"https:\\\/\\\/secure.gravatar.com\\\/avatar\\\/4afd2eed3b2fbbf36dd6707b5bd8a5b50ac648f033e36fbf85aeace2f0f859db?s=96&d=mm&r=g\",\"url\":\"https:\\\/\\\/secure.gravatar.com\\\/avatar\\\/4afd2eed3b2fbbf36dd6707b5bd8a5b50ac648f033e36fbf85aeace2f0f859db?s=96&d=mm&r=g\",\"contentUrl\":\"https:\\\/\\\/secure.gravatar.com\\\/avatar\\\/4afd2eed3b2fbbf36dd6707b5bd8a5b50ac648f033e36fbf85aeace2f0f859db?s=96&d=mm&r=g\",\"caption\":\"admin\"},\"sameAs\":[\"https:\\\/\\\/www.cuencasmineras.com\"],\"url\":\"https:\\\/\\\/www.cuencasmineras.com\\\/index.php\\\/author\\\/admin\\\/\"}]}<\/script>\n<!-- \/ Yoast SEO plugin. -->","yoast_head_json":{"title":"L\u2019Anguleru prende el fuego m\u00e1gico de la Navidad en Mieres -","robots":{"index":"index","follow":"follow","max-snippet":"max-snippet:-1","max-image-preview":"max-image-preview:large","max-video-preview":"max-video-preview:-1"},"canonical":"https:\/\/www.cuencasmineras.com\/index.php\/2020\/12\/20\/languleru-prende-el-fuego-magico-de-la-navidad-en-mieres\/","og_locale":"es_ES","og_type":"article","og_title":"L\u2019Anguleru prende el fuego m\u00e1gico de la Navidad en Mieres -","og_description":"&nbsp; Domingo, 20 de diciembre, 19:00 h Retransmisi\u00f3n online a trav\u00e9s del\u00a0canal de Youtube Ayuntamiento de Mieres Este domingo, 20 de diciembre a las 19:00h desde la casa de L\u2019Anguleru en Asturias, se proceder\u00e1 al encendido del fuego m\u00e1gico de la Navidad, el que se desprende de quemar los troncos de carbayu que provienen de [&hellip;]","og_url":"https:\/\/www.cuencasmineras.com\/index.php\/2020\/12\/20\/languleru-prende-el-fuego-magico-de-la-navidad-en-mieres\/","article_published_time":"2020-12-20T11:12:23+00:00","article_modified_time":"2021-01-07T19:49:29+00:00","og_image":[{"width":944,"height":400,"url":"https:\/\/www.cuencasmineras.com\/wp-content\/uploads\/2020\/12\/felicitacionnavidadanguleru.jpg","type":"image\/jpeg"}],"author":"admin","twitter_card":"summary_large_image","twitter_misc":{"Escrito por":"admin","Tiempo de lectura":"5 minutos"},"schema":{"@context":"https:\/\/schema.org","@graph":[{"@type":"Article","@id":"https:\/\/www.cuencasmineras.com\/index.php\/2020\/12\/20\/languleru-prende-el-fuego-magico-de-la-navidad-en-mieres\/#article","isPartOf":{"@id":"https:\/\/www.cuencasmineras.com\/index.php\/2020\/12\/20\/languleru-prende-el-fuego-magico-de-la-navidad-en-mieres\/"},"author":{"name":"admin","@id":"https:\/\/www.cuencasmineras.com\/#\/schema\/person\/be0691310e8496ec555f679dd688420c"},"headline":"L\u2019Anguleru prende el fuego m\u00e1gico de la Navidad en Mieres","datePublished":"2020-12-20T11:12:23+00:00","dateModified":"2021-01-07T19:49:29+00:00","mainEntityOfPage":{"@id":"https:\/\/www.cuencasmineras.com\/index.php\/2020\/12\/20\/languleru-prende-el-fuego-magico-de-la-navidad-en-mieres\/"},"wordCount":1018,"commentCount":0,"image":{"@id":"https:\/\/www.cuencasmineras.com\/index.php\/2020\/12\/20\/languleru-prende-el-fuego-magico-de-la-navidad-en-mieres\/#primaryimage"},"thumbnailUrl":"https:\/\/www.cuencasmineras.com\/wp-content\/uploads\/2020\/12\/felicitacionnavidadanguleru.jpg","keywords":["mieres"],"articleSection":["Caudal","CM NEWS"],"inLanguage":"es","potentialAction":[{"@type":"CommentAction","name":"Comment","target":["https:\/\/www.cuencasmineras.com\/index.php\/2020\/12\/20\/languleru-prende-el-fuego-magico-de-la-navidad-en-mieres\/#respond"]}]},{"@type":"WebPage","@id":"https:\/\/www.cuencasmineras.com\/index.php\/2020\/12\/20\/languleru-prende-el-fuego-magico-de-la-navidad-en-mieres\/","url":"https:\/\/www.cuencasmineras.com\/index.php\/2020\/12\/20\/languleru-prende-el-fuego-magico-de-la-navidad-en-mieres\/","name":"L\u2019Anguleru prende el fuego m\u00e1gico de la Navidad en Mieres -","isPartOf":{"@id":"https:\/\/www.cuencasmineras.com\/#website"},"primaryImageOfPage":{"@id":"https:\/\/www.cuencasmineras.com\/index.php\/2020\/12\/20\/languleru-prende-el-fuego-magico-de-la-navidad-en-mieres\/#primaryimage"},"image":{"@id":"https:\/\/www.cuencasmineras.com\/index.php\/2020\/12\/20\/languleru-prende-el-fuego-magico-de-la-navidad-en-mieres\/#primaryimage"},"thumbnailUrl":"https:\/\/www.cuencasmineras.com\/wp-content\/uploads\/2020\/12\/felicitacionnavidadanguleru.jpg","datePublished":"2020-12-20T11:12:23+00:00","dateModified":"2021-01-07T19:49:29+00:00","author":{"@id":"https:\/\/www.cuencasmineras.com\/#\/schema\/person\/be0691310e8496ec555f679dd688420c"},"breadcrumb":{"@id":"https:\/\/www.cuencasmineras.com\/index.php\/2020\/12\/20\/languleru-prende-el-fuego-magico-de-la-navidad-en-mieres\/#breadcrumb"},"inLanguage":"es","potentialAction":[{"@type":"ReadAction","target":["https:\/\/www.cuencasmineras.com\/index.php\/2020\/12\/20\/languleru-prende-el-fuego-magico-de-la-navidad-en-mieres\/"]}]},{"@type":"ImageObject","inLanguage":"es","@id":"https:\/\/www.cuencasmineras.com\/index.php\/2020\/12\/20\/languleru-prende-el-fuego-magico-de-la-navidad-en-mieres\/#primaryimage","url":"https:\/\/www.cuencasmineras.com\/wp-content\/uploads\/2020\/12\/felicitacionnavidadanguleru.jpg","contentUrl":"https:\/\/www.cuencasmineras.com\/wp-content\/uploads\/2020\/12\/felicitacionnavidadanguleru.jpg","width":944,"height":400},{"@type":"BreadcrumbList","@id":"https:\/\/www.cuencasmineras.com\/index.php\/2020\/12\/20\/languleru-prende-el-fuego-magico-de-la-navidad-en-mieres\/#breadcrumb","itemListElement":[{"@type":"ListItem","position":1,"name":"Portada","item":"https:\/\/www.cuencasmineras.com\/"},{"@type":"ListItem","position":2,"name":"L\u2019Anguleru prende el fuego m\u00e1gico de la Navidad en Mieres"}]},{"@type":"WebSite","@id":"https:\/\/www.cuencasmineras.com\/#website","url":"https:\/\/www.cuencasmineras.com\/","name":"","description":"","potentialAction":[{"@type":"SearchAction","target":{"@type":"EntryPoint","urlTemplate":"https:\/\/www.cuencasmineras.com\/?s={search_term_string}"},"query-input":{"@type":"PropertyValueSpecification","valueRequired":true,"valueName":"search_term_string"}}],"inLanguage":"es"},{"@type":"Person","@id":"https:\/\/www.cuencasmineras.com\/#\/schema\/person\/be0691310e8496ec555f679dd688420c","name":"admin","image":{"@type":"ImageObject","inLanguage":"es","@id":"https:\/\/secure.gravatar.com\/avatar\/4afd2eed3b2fbbf36dd6707b5bd8a5b50ac648f033e36fbf85aeace2f0f859db?s=96&d=mm&r=g","url":"https:\/\/secure.gravatar.com\/avatar\/4afd2eed3b2fbbf36dd6707b5bd8a5b50ac648f033e36fbf85aeace2f0f859db?s=96&d=mm&r=g","contentUrl":"https:\/\/secure.gravatar.com\/avatar\/4afd2eed3b2fbbf36dd6707b5bd8a5b50ac648f033e36fbf85aeace2f0f859db?s=96&d=mm&r=g","caption":"admin"},"sameAs":["https:\/\/www.cuencasmineras.com"],"url":"https:\/\/www.cuencasmineras.com\/index.php\/author\/admin\/"}]}},"_links":{"self":[{"href":"https:\/\/www.cuencasmineras.com\/index.php\/wp-json\/wp\/v2\/posts\/1578","targetHints":{"allow":["GET"]}}],"collection":[{"href":"https:\/\/www.cuencasmineras.com\/index.php\/wp-json\/wp\/v2\/posts"}],"about":[{"href":"https:\/\/www.cuencasmineras.com\/index.php\/wp-json\/wp\/v2\/types\/post"}],"author":[{"embeddable":true,"href":"https:\/\/www.cuencasmineras.com\/index.php\/wp-json\/wp\/v2\/users\/1"}],"replies":[{"embeddable":true,"href":"https:\/\/www.cuencasmineras.com\/index.php\/wp-json\/wp\/v2\/comments?post=1578"}],"version-history":[{"count":1,"href":"https:\/\/www.cuencasmineras.com\/index.php\/wp-json\/wp\/v2\/posts\/1578\/revisions"}],"predecessor-version":[{"id":1579,"href":"https:\/\/www.cuencasmineras.com\/index.php\/wp-json\/wp\/v2\/posts\/1578\/revisions\/1579"}],"wp:featuredmedia":[{"embeddable":true,"href":"https:\/\/www.cuencasmineras.com\/index.php\/wp-json\/wp\/v2\/media\/1601"}],"wp:attachment":[{"href":"https:\/\/www.cuencasmineras.com\/index.php\/wp-json\/wp\/v2\/media?parent=1578"}],"wp:term":[{"taxonomy":"category","embeddable":true,"href":"https:\/\/www.cuencasmineras.com\/index.php\/wp-json\/wp\/v2\/categories?post=1578"},{"taxonomy":"post_tag","embeddable":true,"href":"https:\/\/www.cuencasmineras.com\/index.php\/wp-json\/wp\/v2\/tags?post=1578"}],"curies":[{"name":"wp","href":"https:\/\/api.w.org\/{rel}","templated":true}]}}