{"id":1583,"date":"2020-12-30T18:50:30","date_gmt":"2020-12-30T18:50:30","guid":{"rendered":"https:\/\/www.cuencasmineras.com\/?p=1583"},"modified":"2021-01-07T19:47:19","modified_gmt":"2021-01-07T19:47:19","slug":"salud-confirma-129-nuevos-casos-de-coronavirus","status":"publish","type":"post","link":"https:\/\/www.cuencasmineras.com\/index.php\/2020\/12\/30\/salud-confirma-129-nuevos-casos-de-coronavirus\/","title":{"rendered":"Salud confirma 129 nuevos casos de coronavirus"},"content":{"rendered":"<div id=\"main-content\" class=\"columns-1\" role=\"main\">\n<div class=\"portlet-layout row\">\n<div id=\"column-1\" class=\"col-md-12 portlet-column portlet-column-only\">\n<div id=\"layout-column_column-1\" class=\"portlet-dropzone portlet-column-content portlet-column-content-only\">\n<div id=\"p_p_id_com_liferay_asset_publisher_web_portlet_AssetPublisherPortlet_INSTANCE_DSnKSBdGDt7q_\" class=\"portlet-boundary portlet-boundary_com_liferay_asset_publisher_web_portlet_AssetPublisherPortlet_ portlet-static portlet-static-end portlet-barebone portlet-asset-publisher nota-detalle\">\n<p><span id=\"p_com_liferay_asset_publisher_web_portlet_AssetPublisherPortlet_INSTANCE_DSnKSBdGDt7q\"><\/span>30 de diciembre de 2020<\/p>\n<section id=\"portlet_com_liferay_asset_publisher_web_portlet_AssetPublisherPortlet_INSTANCE_DSnKSBdGDt7q\" class=\"portlet\">\n<div class=\"portlet-content\">\n<div class=\" portlet-content-container\">\n<div class=\"portlet-body\">\n<div>\n<div class=\"asset-full-content clearfix default-asset-publisher show-asset-title\">\n<div id=\"_com_liferay_asset_publisher_web_portlet_AssetPublisherPortlet_INSTANCE_DSnKSBdGDt7q_238118\" class=\"asset-content\">\n<div class=\"clearfix journal-content-article\" data-analytics-asset-id=\"238105\" data-analytics-asset-title=\"Salud confirma 129 nuevos casos de coronavirus\" data-analytics-asset-type=\"web-content\">\n<div class=\"nota\">\n<div class=\"entradilla\">\n<p><strong>\u2022\u00a0\u00a0 \u00a0Asturias mantiene 18 brotes activos, cinco de ellos detectados en la \u00faltima semana<\/strong><\/p>\n<p><strong>\u2022\u00a0\u00a0 \u00a0El Sespa realiz\u00f3 ayer 3.375 pruebas y la tasa de positividad se situ\u00f3 en el 4,56%<\/strong><\/p>\n<p><strong>\u2022\u00a0\u00a0 \u00a0Las autoridades sanitarias instan a la ciudadan\u00eda a cumplir con rigor las medidas de prevenci\u00f3n y evitar espacios interiores mal ventilados por el alto riesgo de transmisi\u00f3n de la covid-19<\/strong><\/p>\n<\/div>\n<div class=\"imagen-principal\"><picture data-fileentryid=\"238109\"><source srcset=\"\/o\/adaptive-media\/image\/238109\/Thumbnail-300x300\/coronavirus+rojo.jpg?t=1609342915549\" media=\"(max-width:300px)\" \/><source srcset=\"\/o\/adaptive-media\/image\/238109\/Preview-1000x0\/coronavirus+rojo.jpg?t=1609342915549\" media=\"(max-width:1000px) and (min-width:300px)\" \/><img loading=\"lazy\" decoding=\"async\" class=\"aligncenter\" src=\"https:\/\/coronavirus.asturias.es\/documents\/71418\/238108\/coronavirus+rojo.jpg\/da9cbc15-3fad-6309-bf93-d31105ed8977?t=1609342915549\" alt=\"\" width=\"1016\" height=\"677\" data-fileentryid=\"238109\" \/><\/picture><\/div>\n<div class=\"description\">\n<p>La Consejer\u00eda de Salud ha confirmado 129 nuevos casos de coronavirus\u00a0 diagnosticados ayer, jornada en la que se produjeron 16 ingresos en planta y 2 en UCI, y se registraron 20 altas.<\/p>\n<p>Actualmente, en el Principado hay 205 pacientes hospitalizados con confirmaci\u00f3n o sospecha de covid-19 y otras 64 personas afectadas permanecen en unidades de cuidados intensivos.<\/p>\n<p>Por otra parte, ayer fallecieron dos mujeres de 59 y 91 a\u00f1os, una de las cuales viv\u00eda en un centro residencial de mayores.<\/p>\n<p>El Servicio de Salud del Principado (Sespa) realiz\u00f3 ayer 3.375 pruebas de diagn\u00f3stico de infecci\u00f3n activa y la tasa de positividad de las \u00faltimas 24 horas se situ\u00f3 en el 4,56%.<\/p>\n<p>Adem\u00e1s, la Consejer\u00eda de Salud ha notificado al Ministerio de Sanidad cinco nuevos brotes detectados en la \u00faltima semana, lo que eleva a 18 los focos activos, que suman 310 casos.<\/p>\n<p><strong>Campa\u00f1a de vacunaci\u00f3n<\/strong><\/p>\n<p>La campa\u00f1a de vacunaci\u00f3n ha continuado esta ma\u00f1ana en todas las \u00e1reas sanitarias.<\/p>\n<p>Los equipos del Servicio de Salud del Principado (Sespa) han inmunizado a usuarios y trabajadores de las siguientes residencias: Asociaci\u00f3n Ben\u00e9fica Hospital Asilo de Luarca, Residencia La Milagrosa (Vegadeo), Residencia de Grandas de Salime, CPR Residencia de Taramundi, Centro Geri\u00e1trico Mirasol Santa Eulalia de Oscos y Residencia Villanueva de Oscos, Residencia Asociaci\u00f3n Fraternidad (Tapia de Casariego), Residencia Teodulfo Lagunero (Ibias), Residencia del ERA de El Nodo (Avil\u00e9s), Centro Geri\u00e1trico Costamar (Goz\u00f3n), Nelva Residencia Tercera Edad (Avil\u00e9s), Residencia La Santina (Avil\u00e9s), Residencia Los Canap\u00e9s (Avil\u00e9s), Residencia Larra\u00f1aga Los Telares (Avil\u00e9s), Residencia Geri\u00e1trica Rey Pelayo (Carre\u00f1o), Residencia Geri\u00e1trica Perlora (Carre\u00f1o), Centro Geri\u00e1trico Algamar (Carre\u00f1o), Residencial Valle del Sol (Gij\u00f3n), Residencia Los Nozales (Gij\u00f3n), Residencia Villaverde (Gij\u00f3n), Residencia Palacio de Caldones (Gij\u00f3n), Centro residencial KIBO (Gij\u00f3n), Residencia El Pardo (Gij\u00f3n), Residencia Geri\u00e1trica La Alameda (Gij\u00f3n), Centro Residencial Abantos (Gij\u00f3n), Residencia Cimadevilla (Gij\u00f3n), Residencial Dalia (Gij\u00f3n), Residencia para mayores La Sirena (Gij\u00f3n), Residencia Tercera Edad La Inmaculada (Gij\u00f3n), Centro Familiar Geri\u00e1trico (El Humedal, Gij\u00f3n), Residencia Virgen de los Reyes (Gij\u00f3n), Residencia Miyar-Somonte (Villaviciosa), Centro Gerontol\u00f3gico Washington (Colloto), Residencia Naranco (Oviedo), Residencial la Carrera (Siero), Residencia Santa Isabel en Bercio (Grado), Residencia Do\u00f1a Manolita (Candamo), Centro de Alojamiento de Personas Mayores Alcalde Jos\u00e9 Luis Fern\u00e1ndez (Candamo), Residencia Cruz De La Victoria (Oviedo), Centro Geri\u00e1trico Morate (Oviedo), Residencia Geri\u00e1trica CPR Arriondas (Parres), Residencia de Ancianos Infiesto (Pilo\u00f1a), Residencia Marad (Aller), Residencia Geri\u00e1trica Bustiello (Mieres), Residencia Geri\u00e1trica Padr\u00fan (Mieres), Centro Residencial Tercera Edad Abuli (Mieres), Mentalia (Langreo), Residencia Patronato De San Jos\u00e9 (Langreo), Residencia Nuestra Se\u00f1ora del Fresno (Langreo), Centro Polivalente de Recursos de Ria\u00f1u (Langreo), Residencial Gerontovega (Langreo), Residencia geri\u00e1trica la Flor De Lada (Langreo) y Residencia Virgen del Carbayu (Langreo).<\/p>\n<p><strong>Llamamiento a la prudencia<\/strong><\/p>\n<p>Las autoridades sanitarias atribuyen el incremento del n\u00famero de casos a la relajaci\u00f3n de las medidas en los encuentros sociales. Por ello, advierten del alto riesgo de una tercera ola, por lo que insisten en la importancia de limitar los contactos y toda actividad social innecesaria.<\/p>\n<p>Adem\u00e1s, instan a la ciudadan\u00eda a extremar las medidas de protecci\u00f3n recomendadas como el uso correcto de la mascarilla, distancia y ventilaci\u00f3n en interiores, especialmente cuando haya personas mayores o con patolog\u00edas de riesgo.<\/p>\n<p>La Direcci\u00f3n General de Salud P\u00fablica aconseja que las reuniones familiares se celebren s\u00f3lo con personas convivientes y que se limite el n\u00famero de contactos y la movilidad social.<\/p>\n<p>Recuerda, adem\u00e1s, que resulta fundamental evitar espacios interiores mal ventilados por el alto riesgo de transmisi\u00f3n del virus y apela a la colaboraci\u00f3n, tanto individual como colectiva, para eludir situaciones de riesgo. Asimismo, sugiere que se aplacen actividades sociales y familiares innecesarias.<\/p>\n<p>La covid-19 se presenta como una infecci\u00f3n respiratoria aguda de aparici\u00f3n s\u00fabita que causa fiebre, tos o sensaci\u00f3n de falta de aire. La p\u00e9rdida de olfato y de gusto, los dolores de garganta, musculares y tor\u00e1cicos, la diarrea y la cefalea son otros de sus s\u00edntomas. Ante un cuadro cl\u00ednico as\u00ed es imprescindible quedarse en casa, no ir a trabajar y aislarse de las personas con las que se convive. Al mismo tiempo, se debe llamar por tel\u00e9fono al centro de salud o al n\u00famero de atenci\u00f3n 984 100 400.<\/p>\n<p>Salud subraya la importancia de la responsabilidad individual de aquellas personas que est\u00e1n pendientes del resultado de una PCR o que son consideradas contactos estrechos para que permanezcan en sus domicilios, vigilen su estado de salud y cumplan estrictamente la cuarentena.<\/p>\n<p><strong>Planes preventivos de brotes<\/strong><\/p>\n<p>El Gobierno de Asturias tiene activos dos llamamientos para detectar casos asintom\u00e1ticos de covid-19 y prevenir posibles contagios motivados por las reuniones familiares durante estas fiestas. As\u00ed, se ha instado a las personas procedentes de Reino Unido, especialmente de Londres y del sudeste de Inglaterra, a realizar un cribado que se mantendr\u00e1 activo durante las navidades. Este llamamiento est\u00e1 dirigido a quienes hayan regresado al Principado desde el 8 de diciembre.<\/p>\n<p>Las personas que cumplan estos requisitos pueden inscribirse en el formulario habilitado en Astursalud <a href=\"https:\/\/www.astursalud.es\/formulario-pcr\" target=\"\" rel=\"noopener noreferrer\">https:\/\/www.astursalud.es\/formulario-pcr<\/a> o llamar al tel\u00e9fono al 984 100 400. La consejer\u00eda les citar\u00e1 para realizar una PCR, por lo que deben incluir un n\u00famero de tel\u00e9fono operativo para recibir informaci\u00f3n sobre el d\u00eda, hora y lugar de la prueba y sobre su resultado.<\/p>\n<p>El formulario tambi\u00e9n permanece activo para j\u00f3venes de 18 a 30 a\u00f1os que regresen a Asturias durante estas vacaciones y vayan a convivir con personas mayores de 65 a\u00f1os o que tengan factores de riesgo. Este plan preventivo est\u00e1 pensado, sobre todo, para quienes residan en comunidades con un alto nivel de incidencia de la enfermedad. En este caso, el personal del sistema de vigilancia de contactos estrechos realizar\u00e1 un seguimiento telef\u00f3nico de su situaci\u00f3n para detectar posibles s\u00edntomas y aconsejar medidas de seguridad, de manera que se puedan evitar brotes de coronavirus en las familias.<\/p>\n<p>El Principado insta a la ciudadan\u00eda a seguir las recomendaciones para evitar contagios en los hogares, que se pueden consultar en el siguiente enlace de la web Astursalud <a href=\"https:\/\/cutt.ly\/8hZIRo5\" target=\"\" rel=\"noopener noreferrer\">https:\/\/cutt.ly\/8hZIRo5<\/a><\/p>\n<\/div>\n<\/div>\n<\/div>\n<\/div>\n<\/div>\n<\/div>\n<\/div>\n<\/div>\n<\/div>\n<\/section>\n<\/div>\n<\/div>\n<\/div>\n<\/div>\n<\/div>\n","protected":false},"excerpt":{"rendered":"<p>30 de diciembre de 2020 \u2022\u00a0\u00a0 \u00a0Asturias mantiene 18 brotes activos, cinco de ellos detectados en la \u00faltima semana \u2022\u00a0\u00a0 \u00a0El Sespa realiz\u00f3 ayer 3.375 pruebas y la tasa de positividad se situ\u00f3 en el 4,56% \u2022\u00a0\u00a0 \u00a0Las autoridades sanitarias instan a la ciudadan\u00eda a cumplir con rigor las medidas de prevenci\u00f3n y evitar espacios [&hellip;]<\/p>\n","protected":false},"author":1,"featured_media":1107,"comment_status":"open","ping_status":"open","sticky":false,"template":"","format":"standard","meta":{"footnotes":""},"categories":[49],"tags":[],"class_list":["post-1583","post","type-post","status-publish","format-standard","has-post-thumbnail","hentry","category-covid"],"yoast_head":"<!-- This site is optimized with the Yoast SEO plugin v27.4 - https:\/\/yoast.com\/product\/yoast-seo-wordpress\/ -->\n<title>Salud confirma 129 nuevos casos de coronavirus - CuencasMineras.com<\/title>\n<meta name=\"description\" content=\"La Consejer\u00eda de Salud ha confirmado 129 nuevos casos de coronavirus\u00a0 diagnosticados ayer, jornada en la que se produjeron 16 ingresos en planta y 2 en UCI, y se registraron 20 altas.\" \/>\n<meta name=\"robots\" content=\"index, follow, max-snippet:-1, max-image-preview:large, max-video-preview:-1\" \/>\n<link rel=\"canonical\" href=\"https:\/\/www.cuencasmineras.com\/index.php\/2020\/12\/30\/salud-confirma-129-nuevos-casos-de-coronavirus\/\" \/>\n<meta property=\"og:locale\" content=\"es_ES\" \/>\n<meta property=\"og:type\" content=\"article\" \/>\n<meta property=\"og:title\" content=\"Salud confirma 129 nuevos casos de coronavirus - CuencasMineras.com\" \/>\n<meta property=\"og:description\" content=\"La Consejer\u00eda de Salud ha confirmado 129 nuevos casos de coronavirus\u00a0 diagnosticados ayer, jornada en la que se produjeron 16 ingresos en planta y 2 en UCI, y se registraron 20 altas.\" \/>\n<meta property=\"og:url\" content=\"https:\/\/www.cuencasmineras.com\/index.php\/2020\/12\/30\/salud-confirma-129-nuevos-casos-de-coronavirus\/\" \/>\n<meta property=\"article:published_time\" content=\"2020-12-30T18:50:30+00:00\" \/>\n<meta property=\"article:modified_time\" content=\"2021-01-07T19:47:19+00:00\" \/>\n<meta property=\"og:image\" content=\"https:\/\/www.cuencasmineras.com\/wp-content\/uploads\/2020\/10\/coronavirus-rojo.jpg\" \/>\n\t<meta property=\"og:image:width\" content=\"1920\" \/>\n\t<meta property=\"og:image:height\" content=\"1280\" \/>\n\t<meta property=\"og:image:type\" content=\"image\/jpeg\" \/>\n<meta name=\"author\" content=\"admin\" \/>\n<meta name=\"twitter:card\" content=\"summary_large_image\" \/>\n<meta name=\"twitter:label1\" content=\"Escrito por\" \/>\n\t<meta name=\"twitter:data1\" content=\"admin\" \/>\n\t<meta name=\"twitter:label2\" content=\"Tiempo de lectura\" \/>\n\t<meta name=\"twitter:data2\" content=\"6 minutos\" \/>\n<script type=\"application\/ld+json\" class=\"yoast-schema-graph\">{\"@context\":\"https:\\\/\\\/schema.org\",\"@graph\":[{\"@type\":\"Article\",\"@id\":\"https:\\\/\\\/www.cuencasmineras.com\\\/index.php\\\/2020\\\/12\\\/30\\\/salud-confirma-129-nuevos-casos-de-coronavirus\\\/#article\",\"isPartOf\":{\"@id\":\"https:\\\/\\\/www.cuencasmineras.com\\\/index.php\\\/2020\\\/12\\\/30\\\/salud-confirma-129-nuevos-casos-de-coronavirus\\\/\"},\"author\":{\"name\":\"admin\",\"@id\":\"https:\\\/\\\/www.cuencasmineras.com\\\/#\\\/schema\\\/person\\\/be0691310e8496ec555f679dd688420c\"},\"headline\":\"Salud confirma 129 nuevos casos de coronavirus\",\"datePublished\":\"2020-12-30T18:50:30+00:00\",\"dateModified\":\"2021-01-07T19:47:19+00:00\",\"mainEntityOfPage\":{\"@id\":\"https:\\\/\\\/www.cuencasmineras.com\\\/index.php\\\/2020\\\/12\\\/30\\\/salud-confirma-129-nuevos-casos-de-coronavirus\\\/\"},\"wordCount\":1129,\"commentCount\":0,\"image\":{\"@id\":\"https:\\\/\\\/www.cuencasmineras.com\\\/index.php\\\/2020\\\/12\\\/30\\\/salud-confirma-129-nuevos-casos-de-coronavirus\\\/#primaryimage\"},\"thumbnailUrl\":\"https:\\\/\\\/www.cuencasmineras.com\\\/wp-content\\\/uploads\\\/2020\\\/10\\\/coronavirus-rojo.jpg\",\"articleSection\":[\"COVID-19\"],\"inLanguage\":\"es\",\"potentialAction\":[{\"@type\":\"CommentAction\",\"name\":\"Comment\",\"target\":[\"https:\\\/\\\/www.cuencasmineras.com\\\/index.php\\\/2020\\\/12\\\/30\\\/salud-confirma-129-nuevos-casos-de-coronavirus\\\/#respond\"]}]},{\"@type\":\"WebPage\",\"@id\":\"https:\\\/\\\/www.cuencasmineras.com\\\/index.php\\\/2020\\\/12\\\/30\\\/salud-confirma-129-nuevos-casos-de-coronavirus\\\/\",\"url\":\"https:\\\/\\\/www.cuencasmineras.com\\\/index.php\\\/2020\\\/12\\\/30\\\/salud-confirma-129-nuevos-casos-de-coronavirus\\\/\",\"name\":\"Salud confirma 129 nuevos casos de coronavirus - CuencasMineras.com\",\"isPartOf\":{\"@id\":\"https:\\\/\\\/www.cuencasmineras.com\\\/#website\"},\"primaryImageOfPage\":{\"@id\":\"https:\\\/\\\/www.cuencasmineras.com\\\/index.php\\\/2020\\\/12\\\/30\\\/salud-confirma-129-nuevos-casos-de-coronavirus\\\/#primaryimage\"},\"image\":{\"@id\":\"https:\\\/\\\/www.cuencasmineras.com\\\/index.php\\\/2020\\\/12\\\/30\\\/salud-confirma-129-nuevos-casos-de-coronavirus\\\/#primaryimage\"},\"thumbnailUrl\":\"https:\\\/\\\/www.cuencasmineras.com\\\/wp-content\\\/uploads\\\/2020\\\/10\\\/coronavirus-rojo.jpg\",\"datePublished\":\"2020-12-30T18:50:30+00:00\",\"dateModified\":\"2021-01-07T19:47:19+00:00\",\"author\":{\"@id\":\"https:\\\/\\\/www.cuencasmineras.com\\\/#\\\/schema\\\/person\\\/be0691310e8496ec555f679dd688420c\"},\"description\":\"La Consejer\u00eda de Salud ha confirmado 129 nuevos casos de coronavirus\u00a0 diagnosticados ayer, jornada en la que se produjeron 16 ingresos en planta y 2 en UCI, y se registraron 20 altas.\",\"breadcrumb\":{\"@id\":\"https:\\\/\\\/www.cuencasmineras.com\\\/index.php\\\/2020\\\/12\\\/30\\\/salud-confirma-129-nuevos-casos-de-coronavirus\\\/#breadcrumb\"},\"inLanguage\":\"es\",\"potentialAction\":[{\"@type\":\"ReadAction\",\"target\":[\"https:\\\/\\\/www.cuencasmineras.com\\\/index.php\\\/2020\\\/12\\\/30\\\/salud-confirma-129-nuevos-casos-de-coronavirus\\\/\"]}]},{\"@type\":\"ImageObject\",\"inLanguage\":\"es\",\"@id\":\"https:\\\/\\\/www.cuencasmineras.com\\\/index.php\\\/2020\\\/12\\\/30\\\/salud-confirma-129-nuevos-casos-de-coronavirus\\\/#primaryimage\",\"url\":\"https:\\\/\\\/www.cuencasmineras.com\\\/wp-content\\\/uploads\\\/2020\\\/10\\\/coronavirus-rojo.jpg\",\"contentUrl\":\"https:\\\/\\\/www.cuencasmineras.com\\\/wp-content\\\/uploads\\\/2020\\\/10\\\/coronavirus-rojo.jpg\",\"width\":1920,\"height\":1280},{\"@type\":\"BreadcrumbList\",\"@id\":\"https:\\\/\\\/www.cuencasmineras.com\\\/index.php\\\/2020\\\/12\\\/30\\\/salud-confirma-129-nuevos-casos-de-coronavirus\\\/#breadcrumb\",\"itemListElement\":[{\"@type\":\"ListItem\",\"position\":1,\"name\":\"Portada\",\"item\":\"https:\\\/\\\/www.cuencasmineras.com\\\/\"},{\"@type\":\"ListItem\",\"position\":2,\"name\":\"Salud confirma 129 nuevos casos de coronavirus\"}]},{\"@type\":\"WebSite\",\"@id\":\"https:\\\/\\\/www.cuencasmineras.com\\\/#website\",\"url\":\"https:\\\/\\\/www.cuencasmineras.com\\\/\",\"name\":\"\",\"description\":\"\",\"potentialAction\":[{\"@type\":\"SearchAction\",\"target\":{\"@type\":\"EntryPoint\",\"urlTemplate\":\"https:\\\/\\\/www.cuencasmineras.com\\\/?s={search_term_string}\"},\"query-input\":{\"@type\":\"PropertyValueSpecification\",\"valueRequired\":true,\"valueName\":\"search_term_string\"}}],\"inLanguage\":\"es\"},{\"@type\":\"Person\",\"@id\":\"https:\\\/\\\/www.cuencasmineras.com\\\/#\\\/schema\\\/person\\\/be0691310e8496ec555f679dd688420c\",\"name\":\"admin\",\"image\":{\"@type\":\"ImageObject\",\"inLanguage\":\"es\",\"@id\":\"https:\\\/\\\/secure.gravatar.com\\\/avatar\\\/4afd2eed3b2fbbf36dd6707b5bd8a5b50ac648f033e36fbf85aeace2f0f859db?s=96&d=mm&r=g\",\"url\":\"https:\\\/\\\/secure.gravatar.com\\\/avatar\\\/4afd2eed3b2fbbf36dd6707b5bd8a5b50ac648f033e36fbf85aeace2f0f859db?s=96&d=mm&r=g\",\"contentUrl\":\"https:\\\/\\\/secure.gravatar.com\\\/avatar\\\/4afd2eed3b2fbbf36dd6707b5bd8a5b50ac648f033e36fbf85aeace2f0f859db?s=96&d=mm&r=g\",\"caption\":\"admin\"},\"sameAs\":[\"https:\\\/\\\/www.cuencasmineras.com\"],\"url\":\"https:\\\/\\\/www.cuencasmineras.com\\\/index.php\\\/author\\\/admin\\\/\"}]}<\/script>\n<!-- \/ Yoast SEO plugin. -->","yoast_head_json":{"title":"Salud confirma 129 nuevos casos de coronavirus - CuencasMineras.com","description":"La Consejer\u00eda de Salud ha confirmado 129 nuevos casos de coronavirus\u00a0 diagnosticados ayer, jornada en la que se produjeron 16 ingresos en planta y 2 en UCI, y se registraron 20 altas.","robots":{"index":"index","follow":"follow","max-snippet":"max-snippet:-1","max-image-preview":"max-image-preview:large","max-video-preview":"max-video-preview:-1"},"canonical":"https:\/\/www.cuencasmineras.com\/index.php\/2020\/12\/30\/salud-confirma-129-nuevos-casos-de-coronavirus\/","og_locale":"es_ES","og_type":"article","og_title":"Salud confirma 129 nuevos casos de coronavirus - CuencasMineras.com","og_description":"La Consejer\u00eda de Salud ha confirmado 129 nuevos casos de coronavirus\u00a0 diagnosticados ayer, jornada en la que se produjeron 16 ingresos en planta y 2 en UCI, y se registraron 20 altas.","og_url":"https:\/\/www.cuencasmineras.com\/index.php\/2020\/12\/30\/salud-confirma-129-nuevos-casos-de-coronavirus\/","article_published_time":"2020-12-30T18:50:30+00:00","article_modified_time":"2021-01-07T19:47:19+00:00","og_image":[{"width":1920,"height":1280,"url":"https:\/\/www.cuencasmineras.com\/wp-content\/uploads\/2020\/10\/coronavirus-rojo.jpg","type":"image\/jpeg"}],"author":"admin","twitter_card":"summary_large_image","twitter_misc":{"Escrito por":"admin","Tiempo de lectura":"6 minutos"},"schema":{"@context":"https:\/\/schema.org","@graph":[{"@type":"Article","@id":"https:\/\/www.cuencasmineras.com\/index.php\/2020\/12\/30\/salud-confirma-129-nuevos-casos-de-coronavirus\/#article","isPartOf":{"@id":"https:\/\/www.cuencasmineras.com\/index.php\/2020\/12\/30\/salud-confirma-129-nuevos-casos-de-coronavirus\/"},"author":{"name":"admin","@id":"https:\/\/www.cuencasmineras.com\/#\/schema\/person\/be0691310e8496ec555f679dd688420c"},"headline":"Salud confirma 129 nuevos casos de coronavirus","datePublished":"2020-12-30T18:50:30+00:00","dateModified":"2021-01-07T19:47:19+00:00","mainEntityOfPage":{"@id":"https:\/\/www.cuencasmineras.com\/index.php\/2020\/12\/30\/salud-confirma-129-nuevos-casos-de-coronavirus\/"},"wordCount":1129,"commentCount":0,"image":{"@id":"https:\/\/www.cuencasmineras.com\/index.php\/2020\/12\/30\/salud-confirma-129-nuevos-casos-de-coronavirus\/#primaryimage"},"thumbnailUrl":"https:\/\/www.cuencasmineras.com\/wp-content\/uploads\/2020\/10\/coronavirus-rojo.jpg","articleSection":["COVID-19"],"inLanguage":"es","potentialAction":[{"@type":"CommentAction","name":"Comment","target":["https:\/\/www.cuencasmineras.com\/index.php\/2020\/12\/30\/salud-confirma-129-nuevos-casos-de-coronavirus\/#respond"]}]},{"@type":"WebPage","@id":"https:\/\/www.cuencasmineras.com\/index.php\/2020\/12\/30\/salud-confirma-129-nuevos-casos-de-coronavirus\/","url":"https:\/\/www.cuencasmineras.com\/index.php\/2020\/12\/30\/salud-confirma-129-nuevos-casos-de-coronavirus\/","name":"Salud confirma 129 nuevos casos de coronavirus - CuencasMineras.com","isPartOf":{"@id":"https:\/\/www.cuencasmineras.com\/#website"},"primaryImageOfPage":{"@id":"https:\/\/www.cuencasmineras.com\/index.php\/2020\/12\/30\/salud-confirma-129-nuevos-casos-de-coronavirus\/#primaryimage"},"image":{"@id":"https:\/\/www.cuencasmineras.com\/index.php\/2020\/12\/30\/salud-confirma-129-nuevos-casos-de-coronavirus\/#primaryimage"},"thumbnailUrl":"https:\/\/www.cuencasmineras.com\/wp-content\/uploads\/2020\/10\/coronavirus-rojo.jpg","datePublished":"2020-12-30T18:50:30+00:00","dateModified":"2021-01-07T19:47:19+00:00","author":{"@id":"https:\/\/www.cuencasmineras.com\/#\/schema\/person\/be0691310e8496ec555f679dd688420c"},"description":"La Consejer\u00eda de Salud ha confirmado 129 nuevos casos de coronavirus\u00a0 diagnosticados ayer, jornada en la que se produjeron 16 ingresos en planta y 2 en UCI, y se registraron 20 altas.","breadcrumb":{"@id":"https:\/\/www.cuencasmineras.com\/index.php\/2020\/12\/30\/salud-confirma-129-nuevos-casos-de-coronavirus\/#breadcrumb"},"inLanguage":"es","potentialAction":[{"@type":"ReadAction","target":["https:\/\/www.cuencasmineras.com\/index.php\/2020\/12\/30\/salud-confirma-129-nuevos-casos-de-coronavirus\/"]}]},{"@type":"ImageObject","inLanguage":"es","@id":"https:\/\/www.cuencasmineras.com\/index.php\/2020\/12\/30\/salud-confirma-129-nuevos-casos-de-coronavirus\/#primaryimage","url":"https:\/\/www.cuencasmineras.com\/wp-content\/uploads\/2020\/10\/coronavirus-rojo.jpg","contentUrl":"https:\/\/www.cuencasmineras.com\/wp-content\/uploads\/2020\/10\/coronavirus-rojo.jpg","width":1920,"height":1280},{"@type":"BreadcrumbList","@id":"https:\/\/www.cuencasmineras.com\/index.php\/2020\/12\/30\/salud-confirma-129-nuevos-casos-de-coronavirus\/#breadcrumb","itemListElement":[{"@type":"ListItem","position":1,"name":"Portada","item":"https:\/\/www.cuencasmineras.com\/"},{"@type":"ListItem","position":2,"name":"Salud confirma 129 nuevos casos de coronavirus"}]},{"@type":"WebSite","@id":"https:\/\/www.cuencasmineras.com\/#website","url":"https:\/\/www.cuencasmineras.com\/","name":"","description":"","potentialAction":[{"@type":"SearchAction","target":{"@type":"EntryPoint","urlTemplate":"https:\/\/www.cuencasmineras.com\/?s={search_term_string}"},"query-input":{"@type":"PropertyValueSpecification","valueRequired":true,"valueName":"search_term_string"}}],"inLanguage":"es"},{"@type":"Person","@id":"https:\/\/www.cuencasmineras.com\/#\/schema\/person\/be0691310e8496ec555f679dd688420c","name":"admin","image":{"@type":"ImageObject","inLanguage":"es","@id":"https:\/\/secure.gravatar.com\/avatar\/4afd2eed3b2fbbf36dd6707b5bd8a5b50ac648f033e36fbf85aeace2f0f859db?s=96&d=mm&r=g","url":"https:\/\/secure.gravatar.com\/avatar\/4afd2eed3b2fbbf36dd6707b5bd8a5b50ac648f033e36fbf85aeace2f0f859db?s=96&d=mm&r=g","contentUrl":"https:\/\/secure.gravatar.com\/avatar\/4afd2eed3b2fbbf36dd6707b5bd8a5b50ac648f033e36fbf85aeace2f0f859db?s=96&d=mm&r=g","caption":"admin"},"sameAs":["https:\/\/www.cuencasmineras.com"],"url":"https:\/\/www.cuencasmineras.com\/index.php\/author\/admin\/"}]}},"_links":{"self":[{"href":"https:\/\/www.cuencasmineras.com\/index.php\/wp-json\/wp\/v2\/posts\/1583","targetHints":{"allow":["GET"]}}],"collection":[{"href":"https:\/\/www.cuencasmineras.com\/index.php\/wp-json\/wp\/v2\/posts"}],"about":[{"href":"https:\/\/www.cuencasmineras.com\/index.php\/wp-json\/wp\/v2\/types\/post"}],"author":[{"embeddable":true,"href":"https:\/\/www.cuencasmineras.com\/index.php\/wp-json\/wp\/v2\/users\/1"}],"replies":[{"embeddable":true,"href":"https:\/\/www.cuencasmineras.com\/index.php\/wp-json\/wp\/v2\/comments?post=1583"}],"version-history":[{"count":2,"href":"https:\/\/www.cuencasmineras.com\/index.php\/wp-json\/wp\/v2\/posts\/1583\/revisions"}],"predecessor-version":[{"id":1600,"href":"https:\/\/www.cuencasmineras.com\/index.php\/wp-json\/wp\/v2\/posts\/1583\/revisions\/1600"}],"wp:featuredmedia":[{"embeddable":true,"href":"https:\/\/www.cuencasmineras.com\/index.php\/wp-json\/wp\/v2\/media\/1107"}],"wp:attachment":[{"href":"https:\/\/www.cuencasmineras.com\/index.php\/wp-json\/wp\/v2\/media?parent=1583"}],"wp:term":[{"taxonomy":"category","embeddable":true,"href":"https:\/\/www.cuencasmineras.com\/index.php\/wp-json\/wp\/v2\/categories?post=1583"},{"taxonomy":"post_tag","embeddable":true,"href":"https:\/\/www.cuencasmineras.com\/index.php\/wp-json\/wp\/v2\/tags?post=1583"}],"curies":[{"name":"wp","href":"https:\/\/api.w.org\/{rel}","templated":true}]}}