{"id":1613,"date":"2021-01-10T15:13:14","date_gmt":"2021-01-10T15:13:14","guid":{"rendered":"https:\/\/www.cuencasmineras.com\/?p=1613"},"modified":"2021-01-10T15:13:14","modified_gmt":"2021-01-10T15:13:14","slug":"los-concejos-de-las-cuencas-mineras-suspenden-las-clases-48-horas","status":"publish","type":"post","link":"https:\/\/www.cuencasmineras.com\/index.php\/2021\/01\/10\/los-concejos-de-las-cuencas-mineras-suspenden-las-clases-48-horas\/","title":{"rendered":"Educaci\u00f3n suspende las clases en los 40 concejos m\u00e1s afectados por la borrasca \u00abFilomena\u00bb en Asturias, entre ellos Mieres, Lena, Langreo&#8230;"},"content":{"rendered":"<p>La Consejer\u00eda de Educaci\u00f3n ha decidido suspender la actividad lectiva presencial ma\u00f1ana y pasado en los 40 concejos con mayores problemas en las carreteras a causa del temporal. Tambi\u00e9n se exime al alumnado y al profesorado que reside en esos municipios de la obligaci\u00f3n de desplazarse a sus centros, aunque se encuentren fuera de la zona afectada por las limitaciones. La Administraci\u00f3n adopta estas medidas por prudencia, para garantizar la seguridad ante las inclemencias meteorol\u00f3gicas y el estado de la red viaria.<\/p>\n<p class=\"article-body__text \">Las direcciones de los centros\u00a0<strong>deber\u00e1n comunicar esta decisi\u00f3n al alumnado y a sus familias<\/strong>\u00a0y tambi\u00e9n a los trabajadores y las trabajadoras. Al mismo tiempo, deber\u00e1n procurar que se siga impartiendo docencia de manera telem\u00e1tica.<\/p>\n<p><img loading=\"lazy\" decoding=\"async\" class=\"aligncenter size-full wp-image-1614\" src=\"https:\/\/www.cuencasmineras.com\/wp-content\/uploads\/2021\/01\/gfg.jpg\" alt=\"\" width=\"1200\" height=\"675\" srcset=\"https:\/\/www.cuencasmineras.com\/wp-content\/uploads\/2021\/01\/gfg.jpg 1200w, https:\/\/www.cuencasmineras.com\/wp-content\/uploads\/2021\/01\/gfg-300x169.jpg 300w, https:\/\/www.cuencasmineras.com\/wp-content\/uploads\/2021\/01\/gfg-1024x576.jpg 1024w, https:\/\/www.cuencasmineras.com\/wp-content\/uploads\/2021\/01\/gfg-768x432.jpg 768w\" sizes=\"auto, (max-width: 1200px) 100vw, 1200px\" \/><\/p>\n<p class=\"article-body__text \">Los concejos en los que la Consejer\u00eda de Medio Rural y Cohesi\u00f3n Territorial tiene registradas incidencias en la red viaria que<strong>\u00a0aconsejan la suspensi\u00f3n de las clases<\/strong>\u00a0son los siguientes: Allande, Aller, Amieva, Belmonte de Miranda, Bimenes, Boal, Cabrales, Cangas del Narcea, Caso, Dega\u00f1a, Grandas de Salime, Grado, Ibias, Illano, Langreo, Laviana, Lena, Llanera, Mieres, Morc\u00edn, On\u00eds, Parres, Pe\u00f1amellera Alta, Ponga, Quir\u00f3s, Riosa, Salas, San Mart\u00edn del Rey Aurelio, San Mart\u00edn de Oscos, Santa Eulalia de Oscos, Sobrescobio, Somiedo, Pesoz, Proaza, Taramundi, Teverga, Tineo, Villanueva de Oscos, Villay\u00f3n y Yernes y Tameza.<\/p>\n<p>Con respecto al resto de la red educativa, las direcciones de los centros deber\u00e1n adoptar las decisiones oportunas para compatibilizar la seguridad del alumnado y del personal con el normal funcionamiento de la jornada lectiva.<strong>\u00a0Esa planificaci\u00f3n habr\u00e1 de tener en cuenta las dificultades que se puedan dar en los desplazamientos, incluidos los problemas que registren las rutas de transporte escolar.<\/strong><\/p>\n<p>La Consejer\u00eda de Educaci\u00f3n, en coordinaci\u00f3n con las de Presidencia y de Medio Rural y Cohesi\u00f3n Territorial,<strong>\u00a0mantendr\u00e1 a la comunidad educativa informada de posibles cambios<\/strong>. Por su parte, el Servicio de Inspecci\u00f3n se pondr\u00e1 en contacto con las direcciones de los centros para recabar informaci\u00f3n y adoptar las decisiones oportunas.<\/p>\n<p>&nbsp;<\/p>\n<p>Fuente: LNE<\/p>\n","protected":false},"excerpt":{"rendered":"<p>La Consejer\u00eda de Educaci\u00f3n ha decidido suspender la actividad lectiva presencial ma\u00f1ana y pasado en los 40 concejos con mayores problemas en las carreteras a causa del temporal. Tambi\u00e9n se exime al alumnado y al profesorado que reside en esos municipios de la obligaci\u00f3n de desplazarse a sus centros, aunque se encuentren fuera de la [&hellip;]<\/p>\n","protected":false},"author":1,"featured_media":1614,"comment_status":"open","ping_status":"open","sticky":false,"template":"","format":"standard","meta":{"footnotes":""},"categories":[7,6,8],"tags":[],"class_list":["post-1613","post","type-post","status-publish","format-standard","has-post-thumbnail","hentry","category-caudal","category-noticias","category-nalon"],"yoast_head":"<!-- This site is optimized with the Yoast SEO plugin v27.4 - https:\/\/yoast.com\/product\/yoast-seo-wordpress\/ -->\n<title>Educaci\u00f3n suspende las clases en los 40 concejos m\u00e1s afectados por la borrasca &quot;Filomena&quot; en Asturias, entre ellos Mieres, Lena, Langreo... -<\/title>\n<meta name=\"description\" content=\"El alumnado y el profesorado que reside en los municipios afectados quedan exentos de acudir a sus colegios, aunque se encuentren fuera de las zonas afectadas por las limitaciones\" \/>\n<meta name=\"robots\" content=\"index, follow, max-snippet:-1, max-image-preview:large, max-video-preview:-1\" \/>\n<link rel=\"canonical\" href=\"https:\/\/www.cuencasmineras.com\/index.php\/2021\/01\/10\/los-concejos-de-las-cuencas-mineras-suspenden-las-clases-48-horas\/\" \/>\n<meta property=\"og:locale\" content=\"es_ES\" \/>\n<meta property=\"og:type\" content=\"article\" \/>\n<meta property=\"og:title\" content=\"Educaci\u00f3n suspende las clases en los 40 concejos m\u00e1s afectados por la borrasca &quot;Filomena&quot; en Asturias, entre ellos Mieres, Lena, Langreo... -\" \/>\n<meta property=\"og:description\" content=\"El alumnado y el profesorado que reside en los municipios afectados quedan exentos de acudir a sus colegios, aunque se encuentren fuera de las zonas afectadas por las limitaciones\" \/>\n<meta property=\"og:url\" content=\"https:\/\/www.cuencasmineras.com\/index.php\/2021\/01\/10\/los-concejos-de-las-cuencas-mineras-suspenden-las-clases-48-horas\/\" \/>\n<meta property=\"article:published_time\" content=\"2021-01-10T15:13:14+00:00\" \/>\n<meta property=\"og:image\" content=\"https:\/\/www.cuencasmineras.com\/wp-content\/uploads\/2021\/01\/gfg.jpg\" \/>\n\t<meta property=\"og:image:width\" content=\"1200\" \/>\n\t<meta property=\"og:image:height\" content=\"675\" \/>\n\t<meta property=\"og:image:type\" content=\"image\/jpeg\" \/>\n<meta name=\"author\" content=\"admin\" \/>\n<meta name=\"twitter:card\" content=\"summary_large_image\" \/>\n<meta name=\"twitter:label1\" content=\"Escrito por\" \/>\n\t<meta name=\"twitter:data1\" content=\"admin\" \/>\n\t<meta name=\"twitter:label2\" content=\"Tiempo de lectura\" \/>\n\t<meta name=\"twitter:data2\" content=\"2 minutos\" \/>\n<script type=\"application\/ld+json\" class=\"yoast-schema-graph\">{\"@context\":\"https:\\\/\\\/schema.org\",\"@graph\":[{\"@type\":\"Article\",\"@id\":\"https:\\\/\\\/www.cuencasmineras.com\\\/index.php\\\/2021\\\/01\\\/10\\\/los-concejos-de-las-cuencas-mineras-suspenden-las-clases-48-horas\\\/#article\",\"isPartOf\":{\"@id\":\"https:\\\/\\\/www.cuencasmineras.com\\\/index.php\\\/2021\\\/01\\\/10\\\/los-concejos-de-las-cuencas-mineras-suspenden-las-clases-48-horas\\\/\"},\"author\":{\"name\":\"admin\",\"@id\":\"https:\\\/\\\/www.cuencasmineras.com\\\/#\\\/schema\\\/person\\\/be0691310e8496ec555f679dd688420c\"},\"headline\":\"Educaci\u00f3n suspende las clases en los 40 concejos m\u00e1s afectados por la borrasca \u00abFilomena\u00bb en Asturias, entre ellos Mieres, Lena, Langreo&#8230;\",\"datePublished\":\"2021-01-10T15:13:14+00:00\",\"mainEntityOfPage\":{\"@id\":\"https:\\\/\\\/www.cuencasmineras.com\\\/index.php\\\/2021\\\/01\\\/10\\\/los-concejos-de-las-cuencas-mineras-suspenden-las-clases-48-horas\\\/\"},\"wordCount\":377,\"commentCount\":0,\"image\":{\"@id\":\"https:\\\/\\\/www.cuencasmineras.com\\\/index.php\\\/2021\\\/01\\\/10\\\/los-concejos-de-las-cuencas-mineras-suspenden-las-clases-48-horas\\\/#primaryimage\"},\"thumbnailUrl\":\"https:\\\/\\\/www.cuencasmineras.com\\\/wp-content\\\/uploads\\\/2021\\\/01\\\/gfg.jpg\",\"articleSection\":[\"Caudal\",\"CM NEWS\",\"Nal\u00f3n\"],\"inLanguage\":\"es\",\"potentialAction\":[{\"@type\":\"CommentAction\",\"name\":\"Comment\",\"target\":[\"https:\\\/\\\/www.cuencasmineras.com\\\/index.php\\\/2021\\\/01\\\/10\\\/los-concejos-de-las-cuencas-mineras-suspenden-las-clases-48-horas\\\/#respond\"]}]},{\"@type\":\"WebPage\",\"@id\":\"https:\\\/\\\/www.cuencasmineras.com\\\/index.php\\\/2021\\\/01\\\/10\\\/los-concejos-de-las-cuencas-mineras-suspenden-las-clases-48-horas\\\/\",\"url\":\"https:\\\/\\\/www.cuencasmineras.com\\\/index.php\\\/2021\\\/01\\\/10\\\/los-concejos-de-las-cuencas-mineras-suspenden-las-clases-48-horas\\\/\",\"name\":\"Educaci\u00f3n suspende las clases en los 40 concejos m\u00e1s afectados por la borrasca \\\"Filomena\\\" en Asturias, entre ellos Mieres, Lena, Langreo... -\",\"isPartOf\":{\"@id\":\"https:\\\/\\\/www.cuencasmineras.com\\\/#website\"},\"primaryImageOfPage\":{\"@id\":\"https:\\\/\\\/www.cuencasmineras.com\\\/index.php\\\/2021\\\/01\\\/10\\\/los-concejos-de-las-cuencas-mineras-suspenden-las-clases-48-horas\\\/#primaryimage\"},\"image\":{\"@id\":\"https:\\\/\\\/www.cuencasmineras.com\\\/index.php\\\/2021\\\/01\\\/10\\\/los-concejos-de-las-cuencas-mineras-suspenden-las-clases-48-horas\\\/#primaryimage\"},\"thumbnailUrl\":\"https:\\\/\\\/www.cuencasmineras.com\\\/wp-content\\\/uploads\\\/2021\\\/01\\\/gfg.jpg\",\"datePublished\":\"2021-01-10T15:13:14+00:00\",\"author\":{\"@id\":\"https:\\\/\\\/www.cuencasmineras.com\\\/#\\\/schema\\\/person\\\/be0691310e8496ec555f679dd688420c\"},\"description\":\"El alumnado y el profesorado que reside en los municipios afectados quedan exentos de acudir a sus colegios, aunque se encuentren fuera de las zonas afectadas por las limitaciones\",\"breadcrumb\":{\"@id\":\"https:\\\/\\\/www.cuencasmineras.com\\\/index.php\\\/2021\\\/01\\\/10\\\/los-concejos-de-las-cuencas-mineras-suspenden-las-clases-48-horas\\\/#breadcrumb\"},\"inLanguage\":\"es\",\"potentialAction\":[{\"@type\":\"ReadAction\",\"target\":[\"https:\\\/\\\/www.cuencasmineras.com\\\/index.php\\\/2021\\\/01\\\/10\\\/los-concejos-de-las-cuencas-mineras-suspenden-las-clases-48-horas\\\/\"]}]},{\"@type\":\"ImageObject\",\"inLanguage\":\"es\",\"@id\":\"https:\\\/\\\/www.cuencasmineras.com\\\/index.php\\\/2021\\\/01\\\/10\\\/los-concejos-de-las-cuencas-mineras-suspenden-las-clases-48-horas\\\/#primaryimage\",\"url\":\"https:\\\/\\\/www.cuencasmineras.com\\\/wp-content\\\/uploads\\\/2021\\\/01\\\/gfg.jpg\",\"contentUrl\":\"https:\\\/\\\/www.cuencasmineras.com\\\/wp-content\\\/uploads\\\/2021\\\/01\\\/gfg.jpg\",\"width\":1200,\"height\":675},{\"@type\":\"BreadcrumbList\",\"@id\":\"https:\\\/\\\/www.cuencasmineras.com\\\/index.php\\\/2021\\\/01\\\/10\\\/los-concejos-de-las-cuencas-mineras-suspenden-las-clases-48-horas\\\/#breadcrumb\",\"itemListElement\":[{\"@type\":\"ListItem\",\"position\":1,\"name\":\"Portada\",\"item\":\"https:\\\/\\\/www.cuencasmineras.com\\\/\"},{\"@type\":\"ListItem\",\"position\":2,\"name\":\"Educaci\u00f3n suspende las clases en los 40 concejos m\u00e1s afectados por la borrasca \u00abFilomena\u00bb en Asturias, entre ellos Mieres, Lena, Langreo&#8230;\"}]},{\"@type\":\"WebSite\",\"@id\":\"https:\\\/\\\/www.cuencasmineras.com\\\/#website\",\"url\":\"https:\\\/\\\/www.cuencasmineras.com\\\/\",\"name\":\"\",\"description\":\"\",\"potentialAction\":[{\"@type\":\"SearchAction\",\"target\":{\"@type\":\"EntryPoint\",\"urlTemplate\":\"https:\\\/\\\/www.cuencasmineras.com\\\/?s={search_term_string}\"},\"query-input\":{\"@type\":\"PropertyValueSpecification\",\"valueRequired\":true,\"valueName\":\"search_term_string\"}}],\"inLanguage\":\"es\"},{\"@type\":\"Person\",\"@id\":\"https:\\\/\\\/www.cuencasmineras.com\\\/#\\\/schema\\\/person\\\/be0691310e8496ec555f679dd688420c\",\"name\":\"admin\",\"image\":{\"@type\":\"ImageObject\",\"inLanguage\":\"es\",\"@id\":\"https:\\\/\\\/secure.gravatar.com\\\/avatar\\\/4afd2eed3b2fbbf36dd6707b5bd8a5b50ac648f033e36fbf85aeace2f0f859db?s=96&d=mm&r=g\",\"url\":\"https:\\\/\\\/secure.gravatar.com\\\/avatar\\\/4afd2eed3b2fbbf36dd6707b5bd8a5b50ac648f033e36fbf85aeace2f0f859db?s=96&d=mm&r=g\",\"contentUrl\":\"https:\\\/\\\/secure.gravatar.com\\\/avatar\\\/4afd2eed3b2fbbf36dd6707b5bd8a5b50ac648f033e36fbf85aeace2f0f859db?s=96&d=mm&r=g\",\"caption\":\"admin\"},\"sameAs\":[\"https:\\\/\\\/www.cuencasmineras.com\"],\"url\":\"https:\\\/\\\/www.cuencasmineras.com\\\/index.php\\\/author\\\/admin\\\/\"}]}<\/script>\n<!-- \/ Yoast SEO plugin. -->","yoast_head_json":{"title":"Educaci\u00f3n suspende las clases en los 40 concejos m\u00e1s afectados por la borrasca \"Filomena\" en Asturias, entre ellos Mieres, Lena, Langreo... -","description":"El alumnado y el profesorado que reside en los municipios afectados quedan exentos de acudir a sus colegios, aunque se encuentren fuera de las zonas afectadas por las limitaciones","robots":{"index":"index","follow":"follow","max-snippet":"max-snippet:-1","max-image-preview":"max-image-preview:large","max-video-preview":"max-video-preview:-1"},"canonical":"https:\/\/www.cuencasmineras.com\/index.php\/2021\/01\/10\/los-concejos-de-las-cuencas-mineras-suspenden-las-clases-48-horas\/","og_locale":"es_ES","og_type":"article","og_title":"Educaci\u00f3n suspende las clases en los 40 concejos m\u00e1s afectados por la borrasca \"Filomena\" en Asturias, entre ellos Mieres, Lena, Langreo... -","og_description":"El alumnado y el profesorado que reside en los municipios afectados quedan exentos de acudir a sus colegios, aunque se encuentren fuera de las zonas afectadas por las limitaciones","og_url":"https:\/\/www.cuencasmineras.com\/index.php\/2021\/01\/10\/los-concejos-de-las-cuencas-mineras-suspenden-las-clases-48-horas\/","article_published_time":"2021-01-10T15:13:14+00:00","og_image":[{"width":1200,"height":675,"url":"https:\/\/www.cuencasmineras.com\/wp-content\/uploads\/2021\/01\/gfg.jpg","type":"image\/jpeg"}],"author":"admin","twitter_card":"summary_large_image","twitter_misc":{"Escrito por":"admin","Tiempo de lectura":"2 minutos"},"schema":{"@context":"https:\/\/schema.org","@graph":[{"@type":"Article","@id":"https:\/\/www.cuencasmineras.com\/index.php\/2021\/01\/10\/los-concejos-de-las-cuencas-mineras-suspenden-las-clases-48-horas\/#article","isPartOf":{"@id":"https:\/\/www.cuencasmineras.com\/index.php\/2021\/01\/10\/los-concejos-de-las-cuencas-mineras-suspenden-las-clases-48-horas\/"},"author":{"name":"admin","@id":"https:\/\/www.cuencasmineras.com\/#\/schema\/person\/be0691310e8496ec555f679dd688420c"},"headline":"Educaci\u00f3n suspende las clases en los 40 concejos m\u00e1s afectados por la borrasca \u00abFilomena\u00bb en Asturias, entre ellos Mieres, Lena, Langreo&#8230;","datePublished":"2021-01-10T15:13:14+00:00","mainEntityOfPage":{"@id":"https:\/\/www.cuencasmineras.com\/index.php\/2021\/01\/10\/los-concejos-de-las-cuencas-mineras-suspenden-las-clases-48-horas\/"},"wordCount":377,"commentCount":0,"image":{"@id":"https:\/\/www.cuencasmineras.com\/index.php\/2021\/01\/10\/los-concejos-de-las-cuencas-mineras-suspenden-las-clases-48-horas\/#primaryimage"},"thumbnailUrl":"https:\/\/www.cuencasmineras.com\/wp-content\/uploads\/2021\/01\/gfg.jpg","articleSection":["Caudal","CM NEWS","Nal\u00f3n"],"inLanguage":"es","potentialAction":[{"@type":"CommentAction","name":"Comment","target":["https:\/\/www.cuencasmineras.com\/index.php\/2021\/01\/10\/los-concejos-de-las-cuencas-mineras-suspenden-las-clases-48-horas\/#respond"]}]},{"@type":"WebPage","@id":"https:\/\/www.cuencasmineras.com\/index.php\/2021\/01\/10\/los-concejos-de-las-cuencas-mineras-suspenden-las-clases-48-horas\/","url":"https:\/\/www.cuencasmineras.com\/index.php\/2021\/01\/10\/los-concejos-de-las-cuencas-mineras-suspenden-las-clases-48-horas\/","name":"Educaci\u00f3n suspende las clases en los 40 concejos m\u00e1s afectados por la borrasca \"Filomena\" en Asturias, entre ellos Mieres, Lena, Langreo... -","isPartOf":{"@id":"https:\/\/www.cuencasmineras.com\/#website"},"primaryImageOfPage":{"@id":"https:\/\/www.cuencasmineras.com\/index.php\/2021\/01\/10\/los-concejos-de-las-cuencas-mineras-suspenden-las-clases-48-horas\/#primaryimage"},"image":{"@id":"https:\/\/www.cuencasmineras.com\/index.php\/2021\/01\/10\/los-concejos-de-las-cuencas-mineras-suspenden-las-clases-48-horas\/#primaryimage"},"thumbnailUrl":"https:\/\/www.cuencasmineras.com\/wp-content\/uploads\/2021\/01\/gfg.jpg","datePublished":"2021-01-10T15:13:14+00:00","author":{"@id":"https:\/\/www.cuencasmineras.com\/#\/schema\/person\/be0691310e8496ec555f679dd688420c"},"description":"El alumnado y el profesorado que reside en los municipios afectados quedan exentos de acudir a sus colegios, aunque se encuentren fuera de las zonas afectadas por las limitaciones","breadcrumb":{"@id":"https:\/\/www.cuencasmineras.com\/index.php\/2021\/01\/10\/los-concejos-de-las-cuencas-mineras-suspenden-las-clases-48-horas\/#breadcrumb"},"inLanguage":"es","potentialAction":[{"@type":"ReadAction","target":["https:\/\/www.cuencasmineras.com\/index.php\/2021\/01\/10\/los-concejos-de-las-cuencas-mineras-suspenden-las-clases-48-horas\/"]}]},{"@type":"ImageObject","inLanguage":"es","@id":"https:\/\/www.cuencasmineras.com\/index.php\/2021\/01\/10\/los-concejos-de-las-cuencas-mineras-suspenden-las-clases-48-horas\/#primaryimage","url":"https:\/\/www.cuencasmineras.com\/wp-content\/uploads\/2021\/01\/gfg.jpg","contentUrl":"https:\/\/www.cuencasmineras.com\/wp-content\/uploads\/2021\/01\/gfg.jpg","width":1200,"height":675},{"@type":"BreadcrumbList","@id":"https:\/\/www.cuencasmineras.com\/index.php\/2021\/01\/10\/los-concejos-de-las-cuencas-mineras-suspenden-las-clases-48-horas\/#breadcrumb","itemListElement":[{"@type":"ListItem","position":1,"name":"Portada","item":"https:\/\/www.cuencasmineras.com\/"},{"@type":"ListItem","position":2,"name":"Educaci\u00f3n suspende las clases en los 40 concejos m\u00e1s afectados por la borrasca \u00abFilomena\u00bb en Asturias, entre ellos Mieres, Lena, Langreo&#8230;"}]},{"@type":"WebSite","@id":"https:\/\/www.cuencasmineras.com\/#website","url":"https:\/\/www.cuencasmineras.com\/","name":"","description":"","potentialAction":[{"@type":"SearchAction","target":{"@type":"EntryPoint","urlTemplate":"https:\/\/www.cuencasmineras.com\/?s={search_term_string}"},"query-input":{"@type":"PropertyValueSpecification","valueRequired":true,"valueName":"search_term_string"}}],"inLanguage":"es"},{"@type":"Person","@id":"https:\/\/www.cuencasmineras.com\/#\/schema\/person\/be0691310e8496ec555f679dd688420c","name":"admin","image":{"@type":"ImageObject","inLanguage":"es","@id":"https:\/\/secure.gravatar.com\/avatar\/4afd2eed3b2fbbf36dd6707b5bd8a5b50ac648f033e36fbf85aeace2f0f859db?s=96&d=mm&r=g","url":"https:\/\/secure.gravatar.com\/avatar\/4afd2eed3b2fbbf36dd6707b5bd8a5b50ac648f033e36fbf85aeace2f0f859db?s=96&d=mm&r=g","contentUrl":"https:\/\/secure.gravatar.com\/avatar\/4afd2eed3b2fbbf36dd6707b5bd8a5b50ac648f033e36fbf85aeace2f0f859db?s=96&d=mm&r=g","caption":"admin"},"sameAs":["https:\/\/www.cuencasmineras.com"],"url":"https:\/\/www.cuencasmineras.com\/index.php\/author\/admin\/"}]}},"_links":{"self":[{"href":"https:\/\/www.cuencasmineras.com\/index.php\/wp-json\/wp\/v2\/posts\/1613","targetHints":{"allow":["GET"]}}],"collection":[{"href":"https:\/\/www.cuencasmineras.com\/index.php\/wp-json\/wp\/v2\/posts"}],"about":[{"href":"https:\/\/www.cuencasmineras.com\/index.php\/wp-json\/wp\/v2\/types\/post"}],"author":[{"embeddable":true,"href":"https:\/\/www.cuencasmineras.com\/index.php\/wp-json\/wp\/v2\/users\/1"}],"replies":[{"embeddable":true,"href":"https:\/\/www.cuencasmineras.com\/index.php\/wp-json\/wp\/v2\/comments?post=1613"}],"version-history":[{"count":1,"href":"https:\/\/www.cuencasmineras.com\/index.php\/wp-json\/wp\/v2\/posts\/1613\/revisions"}],"predecessor-version":[{"id":1615,"href":"https:\/\/www.cuencasmineras.com\/index.php\/wp-json\/wp\/v2\/posts\/1613\/revisions\/1615"}],"wp:featuredmedia":[{"embeddable":true,"href":"https:\/\/www.cuencasmineras.com\/index.php\/wp-json\/wp\/v2\/media\/1614"}],"wp:attachment":[{"href":"https:\/\/www.cuencasmineras.com\/index.php\/wp-json\/wp\/v2\/media?parent=1613"}],"wp:term":[{"taxonomy":"category","embeddable":true,"href":"https:\/\/www.cuencasmineras.com\/index.php\/wp-json\/wp\/v2\/categories?post=1613"},{"taxonomy":"post_tag","embeddable":true,"href":"https:\/\/www.cuencasmineras.com\/index.php\/wp-json\/wp\/v2\/tags?post=1613"}],"curies":[{"name":"wp","href":"https:\/\/api.w.org\/{rel}","templated":true}]}}