{"id":1654,"date":"2021-01-11T09:40:19","date_gmt":"2021-01-11T09:40:19","guid":{"rendered":"https:\/\/www.cuencasmineras.com\/?p=1654"},"modified":"2021-01-11T15:36:58","modified_gmt":"2021-01-11T15:36:58","slug":"foro-mieres-reclama-mas-vigilancia-para-evitar-botellones-en-vega-de-arriba","status":"publish","type":"post","link":"https:\/\/www.cuencasmineras.com\/index.php\/2021\/01\/11\/foro-mieres-reclama-mas-vigilancia-para-evitar-botellones-en-vega-de-arriba\/","title":{"rendered":"FORO MIERES reclama m\u00e1s vigilancia para evitar \u00abbotellones\u00bb en Vega de Arriba"},"content":{"rendered":"<p align=\"JUSTIFY\"><span style=\"font-family: Arial, serif;\"><span style=\"font-size: x-large;\"><b>Javier Rodr\u00edguez: \u201cDesde FORO Mieres reclamamos al Ayuntamiento m\u00e1s vigilancia y control para evitar \u2018botellones\u2019 en Vega de Arriba\u201d<\/b><\/span><\/span><\/p>\n<ul>\n<li>\n<p align=\"JUSTIFY\">\u201c<span style=\"font-family: Arial, serif;\"><span style=\"font-size: large;\"><b>Los vecinos se quejan de la indiferencia y pasividad del Ayuntamiento y, por ello, exigimos una intervenci\u00f3n urgente en el barrio\u201d<\/b><\/span><\/span><\/p>\n<\/li>\n<li>\n<p align=\"JUSTIFY\"><a name=\"_Hlk35450519\"><\/a> \u201c<span style=\"font-family: Arial, serif;\"><span style=\"font-size: large;\"><b>Es necesaria una mayor implicaci\u00f3n y presencia de los agentes para evitar este tipo de comportamientos que ponen en riesgo la salud del municipio en plena pandemia\u201d<\/b><\/span><\/span><\/p>\n<\/li>\n<\/ul>\n<p><a name=\"_Hlk35283302\"><\/a><\/p>\n<p align=\"JUSTIFY\"><span style=\"font-family: Arial, serif;\"><span style=\"font-size: large;\"><u><b>11.01.2021 (Mieres)<\/b><\/u><\/span><\/span><span style=\"font-family: Arial, serif;\"><span style=\"font-size: large;\"><u>.-<\/u><\/span><\/span><span style=\"font-family: Arial, serif;\"><span style=\"font-size: large;\"> El portavoz y Vicesecretario de Comunicaci\u00f3n de FORO Mieres, Javier Rodr\u00edguez, ha reclamado hoy al Ayuntamiento \u201cm\u00e1s vigilancia y control para evitar \u2018botellones\u2019 en Vega de Arriba\u201d. \u201cLos vecinos nos han hecho llegar su preocupaci\u00f3n, malestar e indignaci\u00f3n. Se quejan de la indiferencia y pasividad del Ayuntamiento y, por ello, exigimos una intervenci\u00f3n urgente en el barrio\u201d.<\/span><\/span><\/p>\n<p align=\"JUSTIFY\">\u201c<span style=\"font-family: Arial, serif;\"><span style=\"font-size: large;\">Los vecinos nos cuentan que los \u2018botellones\u2019 se producen en los alrededores del local de la Asociaci\u00f3n de Vecinos. No entienden la la pasividad del Ayuntamiento, que no atiende las reiteradas quejas vecinales sobre esta pr\u00e1ctica ilegal de los j\u00f3venes. Es necesaria una mayor implicaci\u00f3n y presencia de los agentes para evitar este tipo de comportamientos que ponen en riesgo la salud del municipio en plena pandemia\u201d, advierte Rodr\u00edguez.<\/span><\/span><\/p>\n<p align=\"JUSTIFY\"><span style=\"font-family: Arial, serif;\"><span style=\"font-size: large;\">El portavoz de FORO Mieres reivindica al Ayuntamiento \u201cun dispositivo especial de la Polic\u00eda Local\u201d porque \u201cel consumo de alcohol de forma grupal agrava la situaci\u00f3n que estamos viviendo como consecuencia de la pandemia al aumentar la posibilidad de contagios por el coronavirus\u201d. Rodr\u00edguez advierte adem\u00e1s de que \u201cse observan grupos de j\u00f3venes consumiendo alcohol en la v\u00eda p\u00fablica. Acumulan adem\u00e1s un mont\u00f3n de basura con restos de comida, bolsas, latas y botellas, que hasta que no pasan los equipos de limpieza municipal no se recogen y siguen all\u00ed con el riesgo que suponen para los viandantes, ni\u00f1os y adultos de la zona. Es una situaci\u00f3n desesperante porque los vecinos ven como los \u2018botellones\u2019 siguen en Vega de Arriba todos los fines de semana y quedando as\u00ed demostrado el poco inter\u00e9s del Ayuntamiento por los problemas vecinales\u201d.<\/span><\/span><\/p>\n<p align=\"JUSTIFY\"><img loading=\"lazy\" decoding=\"async\" class=\"aligncenter wp-image-1655 size-medium\" src=\"https:\/\/www.cuencasmineras.com\/wp-content\/uploads\/2021\/01\/IMG-20210110-WA0006-225x300.jpg\" alt=\"\" width=\"225\" height=\"300\" srcset=\"https:\/\/www.cuencasmineras.com\/wp-content\/uploads\/2021\/01\/IMG-20210110-WA0006-225x300.jpg 225w, https:\/\/www.cuencasmineras.com\/wp-content\/uploads\/2021\/01\/IMG-20210110-WA0006-768x1024.jpg 768w, https:\/\/www.cuencasmineras.com\/wp-content\/uploads\/2021\/01\/IMG-20210110-WA0006-1152x1536.jpg 1152w, https:\/\/www.cuencasmineras.com\/wp-content\/uploads\/2021\/01\/IMG-20210110-WA0006.jpg 1536w\" sizes=\"auto, (max-width: 225px) 100vw, 225px\" \/> <img loading=\"lazy\" decoding=\"async\" class=\"aligncenter wp-image-1656 size-medium\" src=\"https:\/\/www.cuencasmineras.com\/wp-content\/uploads\/2021\/01\/IMG-20210110-WA0007-225x300.jpg\" alt=\"\" width=\"225\" height=\"300\" srcset=\"https:\/\/www.cuencasmineras.com\/wp-content\/uploads\/2021\/01\/IMG-20210110-WA0007-225x300.jpg 225w, https:\/\/www.cuencasmineras.com\/wp-content\/uploads\/2021\/01\/IMG-20210110-WA0007-768x1024.jpg 768w, https:\/\/www.cuencasmineras.com\/wp-content\/uploads\/2021\/01\/IMG-20210110-WA0007-1152x1536.jpg 1152w, https:\/\/www.cuencasmineras.com\/wp-content\/uploads\/2021\/01\/IMG-20210110-WA0007.jpg 1536w\" sizes=\"auto, (max-width: 225px) 100vw, 225px\" \/><\/p>\n","protected":false},"excerpt":{"rendered":"<p>Javier Rodr\u00edguez: \u201cDesde FORO Mieres reclamamos al Ayuntamiento m\u00e1s vigilancia y control para evitar \u2018botellones\u2019 en Vega de Arriba\u201d \u201cLos vecinos se quejan de la indiferencia y pasividad del Ayuntamiento y, por ello, exigimos una intervenci\u00f3n urgente en el barrio\u201d \u201cEs necesaria una mayor implicaci\u00f3n y presencia de los agentes para evitar este tipo de [&hellip;]<\/p>\n","protected":false},"author":1,"featured_media":1656,"comment_status":"open","ping_status":"open","sticky":false,"template":"","format":"standard","meta":{"footnotes":""},"categories":[7,6],"tags":[],"class_list":["post-1654","post","type-post","status-publish","format-standard","has-post-thumbnail","hentry","category-caudal","category-noticias"],"yoast_head":"<!-- This site is optimized with the Yoast SEO plugin v27.4 - https:\/\/yoast.com\/product\/yoast-seo-wordpress\/ -->\n<title>FORO MIERES reclama m\u00e1s vigilancia para evitar &quot;botellones&quot; en Vega de Arriba -<\/title>\n<meta name=\"description\" content=\"Los vecinos se quejan de la indiferencia y pasividad del Ayuntamiento y, por ello, exigimos una intervenci\u00f3n urgente en el barrio\" \/>\n<meta name=\"robots\" content=\"index, follow, max-snippet:-1, max-image-preview:large, max-video-preview:-1\" \/>\n<link rel=\"canonical\" href=\"https:\/\/www.cuencasmineras.com\/index.php\/2021\/01\/11\/foro-mieres-reclama-mas-vigilancia-para-evitar-botellones-en-vega-de-arriba\/\" \/>\n<meta property=\"og:locale\" content=\"es_ES\" \/>\n<meta property=\"og:type\" content=\"article\" \/>\n<meta property=\"og:title\" content=\"FORO MIERES reclama m\u00e1s vigilancia para evitar &quot;botellones&quot; en Vega de Arriba -\" \/>\n<meta property=\"og:description\" content=\"Los vecinos se quejan de la indiferencia y pasividad del Ayuntamiento y, por ello, exigimos una intervenci\u00f3n urgente en el barrio\" \/>\n<meta property=\"og:url\" content=\"https:\/\/www.cuencasmineras.com\/index.php\/2021\/01\/11\/foro-mieres-reclama-mas-vigilancia-para-evitar-botellones-en-vega-de-arriba\/\" \/>\n<meta property=\"article:published_time\" content=\"2021-01-11T09:40:19+00:00\" \/>\n<meta property=\"article:modified_time\" content=\"2021-01-11T15:36:58+00:00\" \/>\n<meta property=\"og:image\" content=\"https:\/\/www.cuencasmineras.com\/wp-content\/uploads\/2021\/01\/IMG-20210110-WA0007.jpg\" \/>\n\t<meta property=\"og:image:width\" content=\"1536\" \/>\n\t<meta property=\"og:image:height\" content=\"2048\" \/>\n\t<meta property=\"og:image:type\" content=\"image\/jpeg\" \/>\n<meta name=\"author\" content=\"admin\" \/>\n<meta name=\"twitter:card\" content=\"summary_large_image\" \/>\n<meta name=\"twitter:label1\" content=\"Escrito por\" \/>\n\t<meta name=\"twitter:data1\" content=\"admin\" \/>\n\t<meta name=\"twitter:label2\" content=\"Tiempo de lectura\" \/>\n\t<meta name=\"twitter:data2\" content=\"2 minutos\" \/>\n<script type=\"application\/ld+json\" class=\"yoast-schema-graph\">{\"@context\":\"https:\\\/\\\/schema.org\",\"@graph\":[{\"@type\":\"Article\",\"@id\":\"https:\\\/\\\/www.cuencasmineras.com\\\/index.php\\\/2021\\\/01\\\/11\\\/foro-mieres-reclama-mas-vigilancia-para-evitar-botellones-en-vega-de-arriba\\\/#article\",\"isPartOf\":{\"@id\":\"https:\\\/\\\/www.cuencasmineras.com\\\/index.php\\\/2021\\\/01\\\/11\\\/foro-mieres-reclama-mas-vigilancia-para-evitar-botellones-en-vega-de-arriba\\\/\"},\"author\":{\"name\":\"admin\",\"@id\":\"https:\\\/\\\/www.cuencasmineras.com\\\/#\\\/schema\\\/person\\\/be0691310e8496ec555f679dd688420c\"},\"headline\":\"FORO MIERES reclama m\u00e1s vigilancia para evitar \u00abbotellones\u00bb en Vega de Arriba\",\"datePublished\":\"2021-01-11T09:40:19+00:00\",\"dateModified\":\"2021-01-11T15:36:58+00:00\",\"mainEntityOfPage\":{\"@id\":\"https:\\\/\\\/www.cuencasmineras.com\\\/index.php\\\/2021\\\/01\\\/11\\\/foro-mieres-reclama-mas-vigilancia-para-evitar-botellones-en-vega-de-arriba\\\/\"},\"wordCount\":372,\"commentCount\":0,\"image\":{\"@id\":\"https:\\\/\\\/www.cuencasmineras.com\\\/index.php\\\/2021\\\/01\\\/11\\\/foro-mieres-reclama-mas-vigilancia-para-evitar-botellones-en-vega-de-arriba\\\/#primaryimage\"},\"thumbnailUrl\":\"https:\\\/\\\/www.cuencasmineras.com\\\/wp-content\\\/uploads\\\/2021\\\/01\\\/IMG-20210110-WA0007.jpg\",\"articleSection\":[\"Caudal\",\"CM NEWS\"],\"inLanguage\":\"es\",\"potentialAction\":[{\"@type\":\"CommentAction\",\"name\":\"Comment\",\"target\":[\"https:\\\/\\\/www.cuencasmineras.com\\\/index.php\\\/2021\\\/01\\\/11\\\/foro-mieres-reclama-mas-vigilancia-para-evitar-botellones-en-vega-de-arriba\\\/#respond\"]}]},{\"@type\":\"WebPage\",\"@id\":\"https:\\\/\\\/www.cuencasmineras.com\\\/index.php\\\/2021\\\/01\\\/11\\\/foro-mieres-reclama-mas-vigilancia-para-evitar-botellones-en-vega-de-arriba\\\/\",\"url\":\"https:\\\/\\\/www.cuencasmineras.com\\\/index.php\\\/2021\\\/01\\\/11\\\/foro-mieres-reclama-mas-vigilancia-para-evitar-botellones-en-vega-de-arriba\\\/\",\"name\":\"FORO MIERES reclama m\u00e1s vigilancia para evitar \\\"botellones\\\" en Vega de Arriba -\",\"isPartOf\":{\"@id\":\"https:\\\/\\\/www.cuencasmineras.com\\\/#website\"},\"primaryImageOfPage\":{\"@id\":\"https:\\\/\\\/www.cuencasmineras.com\\\/index.php\\\/2021\\\/01\\\/11\\\/foro-mieres-reclama-mas-vigilancia-para-evitar-botellones-en-vega-de-arriba\\\/#primaryimage\"},\"image\":{\"@id\":\"https:\\\/\\\/www.cuencasmineras.com\\\/index.php\\\/2021\\\/01\\\/11\\\/foro-mieres-reclama-mas-vigilancia-para-evitar-botellones-en-vega-de-arriba\\\/#primaryimage\"},\"thumbnailUrl\":\"https:\\\/\\\/www.cuencasmineras.com\\\/wp-content\\\/uploads\\\/2021\\\/01\\\/IMG-20210110-WA0007.jpg\",\"datePublished\":\"2021-01-11T09:40:19+00:00\",\"dateModified\":\"2021-01-11T15:36:58+00:00\",\"author\":{\"@id\":\"https:\\\/\\\/www.cuencasmineras.com\\\/#\\\/schema\\\/person\\\/be0691310e8496ec555f679dd688420c\"},\"description\":\"Los vecinos se quejan de la indiferencia y pasividad del Ayuntamiento y, por ello, exigimos una intervenci\u00f3n urgente en el barrio\",\"breadcrumb\":{\"@id\":\"https:\\\/\\\/www.cuencasmineras.com\\\/index.php\\\/2021\\\/01\\\/11\\\/foro-mieres-reclama-mas-vigilancia-para-evitar-botellones-en-vega-de-arriba\\\/#breadcrumb\"},\"inLanguage\":\"es\",\"potentialAction\":[{\"@type\":\"ReadAction\",\"target\":[\"https:\\\/\\\/www.cuencasmineras.com\\\/index.php\\\/2021\\\/01\\\/11\\\/foro-mieres-reclama-mas-vigilancia-para-evitar-botellones-en-vega-de-arriba\\\/\"]}]},{\"@type\":\"ImageObject\",\"inLanguage\":\"es\",\"@id\":\"https:\\\/\\\/www.cuencasmineras.com\\\/index.php\\\/2021\\\/01\\\/11\\\/foro-mieres-reclama-mas-vigilancia-para-evitar-botellones-en-vega-de-arriba\\\/#primaryimage\",\"url\":\"https:\\\/\\\/www.cuencasmineras.com\\\/wp-content\\\/uploads\\\/2021\\\/01\\\/IMG-20210110-WA0007.jpg\",\"contentUrl\":\"https:\\\/\\\/www.cuencasmineras.com\\\/wp-content\\\/uploads\\\/2021\\\/01\\\/IMG-20210110-WA0007.jpg\",\"width\":1536,\"height\":2048},{\"@type\":\"BreadcrumbList\",\"@id\":\"https:\\\/\\\/www.cuencasmineras.com\\\/index.php\\\/2021\\\/01\\\/11\\\/foro-mieres-reclama-mas-vigilancia-para-evitar-botellones-en-vega-de-arriba\\\/#breadcrumb\",\"itemListElement\":[{\"@type\":\"ListItem\",\"position\":1,\"name\":\"Portada\",\"item\":\"https:\\\/\\\/www.cuencasmineras.com\\\/\"},{\"@type\":\"ListItem\",\"position\":2,\"name\":\"FORO MIERES reclama m\u00e1s vigilancia para evitar \u00abbotellones\u00bb en Vega de Arriba\"}]},{\"@type\":\"WebSite\",\"@id\":\"https:\\\/\\\/www.cuencasmineras.com\\\/#website\",\"url\":\"https:\\\/\\\/www.cuencasmineras.com\\\/\",\"name\":\"\",\"description\":\"\",\"potentialAction\":[{\"@type\":\"SearchAction\",\"target\":{\"@type\":\"EntryPoint\",\"urlTemplate\":\"https:\\\/\\\/www.cuencasmineras.com\\\/?s={search_term_string}\"},\"query-input\":{\"@type\":\"PropertyValueSpecification\",\"valueRequired\":true,\"valueName\":\"search_term_string\"}}],\"inLanguage\":\"es\"},{\"@type\":\"Person\",\"@id\":\"https:\\\/\\\/www.cuencasmineras.com\\\/#\\\/schema\\\/person\\\/be0691310e8496ec555f679dd688420c\",\"name\":\"admin\",\"image\":{\"@type\":\"ImageObject\",\"inLanguage\":\"es\",\"@id\":\"https:\\\/\\\/secure.gravatar.com\\\/avatar\\\/4afd2eed3b2fbbf36dd6707b5bd8a5b50ac648f033e36fbf85aeace2f0f859db?s=96&d=mm&r=g\",\"url\":\"https:\\\/\\\/secure.gravatar.com\\\/avatar\\\/4afd2eed3b2fbbf36dd6707b5bd8a5b50ac648f033e36fbf85aeace2f0f859db?s=96&d=mm&r=g\",\"contentUrl\":\"https:\\\/\\\/secure.gravatar.com\\\/avatar\\\/4afd2eed3b2fbbf36dd6707b5bd8a5b50ac648f033e36fbf85aeace2f0f859db?s=96&d=mm&r=g\",\"caption\":\"admin\"},\"sameAs\":[\"https:\\\/\\\/www.cuencasmineras.com\"],\"url\":\"https:\\\/\\\/www.cuencasmineras.com\\\/index.php\\\/author\\\/admin\\\/\"}]}<\/script>\n<!-- \/ Yoast SEO plugin. -->","yoast_head_json":{"title":"FORO MIERES reclama m\u00e1s vigilancia para evitar \"botellones\" en Vega de Arriba -","description":"Los vecinos se quejan de la indiferencia y pasividad del Ayuntamiento y, por ello, exigimos una intervenci\u00f3n urgente en el barrio","robots":{"index":"index","follow":"follow","max-snippet":"max-snippet:-1","max-image-preview":"max-image-preview:large","max-video-preview":"max-video-preview:-1"},"canonical":"https:\/\/www.cuencasmineras.com\/index.php\/2021\/01\/11\/foro-mieres-reclama-mas-vigilancia-para-evitar-botellones-en-vega-de-arriba\/","og_locale":"es_ES","og_type":"article","og_title":"FORO MIERES reclama m\u00e1s vigilancia para evitar \"botellones\" en Vega de Arriba -","og_description":"Los vecinos se quejan de la indiferencia y pasividad del Ayuntamiento y, por ello, exigimos una intervenci\u00f3n urgente en el barrio","og_url":"https:\/\/www.cuencasmineras.com\/index.php\/2021\/01\/11\/foro-mieres-reclama-mas-vigilancia-para-evitar-botellones-en-vega-de-arriba\/","article_published_time":"2021-01-11T09:40:19+00:00","article_modified_time":"2021-01-11T15:36:58+00:00","og_image":[{"width":1536,"height":2048,"url":"https:\/\/www.cuencasmineras.com\/wp-content\/uploads\/2021\/01\/IMG-20210110-WA0007.jpg","type":"image\/jpeg"}],"author":"admin","twitter_card":"summary_large_image","twitter_misc":{"Escrito por":"admin","Tiempo de lectura":"2 minutos"},"schema":{"@context":"https:\/\/schema.org","@graph":[{"@type":"Article","@id":"https:\/\/www.cuencasmineras.com\/index.php\/2021\/01\/11\/foro-mieres-reclama-mas-vigilancia-para-evitar-botellones-en-vega-de-arriba\/#article","isPartOf":{"@id":"https:\/\/www.cuencasmineras.com\/index.php\/2021\/01\/11\/foro-mieres-reclama-mas-vigilancia-para-evitar-botellones-en-vega-de-arriba\/"},"author":{"name":"admin","@id":"https:\/\/www.cuencasmineras.com\/#\/schema\/person\/be0691310e8496ec555f679dd688420c"},"headline":"FORO MIERES reclama m\u00e1s vigilancia para evitar \u00abbotellones\u00bb en Vega de Arriba","datePublished":"2021-01-11T09:40:19+00:00","dateModified":"2021-01-11T15:36:58+00:00","mainEntityOfPage":{"@id":"https:\/\/www.cuencasmineras.com\/index.php\/2021\/01\/11\/foro-mieres-reclama-mas-vigilancia-para-evitar-botellones-en-vega-de-arriba\/"},"wordCount":372,"commentCount":0,"image":{"@id":"https:\/\/www.cuencasmineras.com\/index.php\/2021\/01\/11\/foro-mieres-reclama-mas-vigilancia-para-evitar-botellones-en-vega-de-arriba\/#primaryimage"},"thumbnailUrl":"https:\/\/www.cuencasmineras.com\/wp-content\/uploads\/2021\/01\/IMG-20210110-WA0007.jpg","articleSection":["Caudal","CM NEWS"],"inLanguage":"es","potentialAction":[{"@type":"CommentAction","name":"Comment","target":["https:\/\/www.cuencasmineras.com\/index.php\/2021\/01\/11\/foro-mieres-reclama-mas-vigilancia-para-evitar-botellones-en-vega-de-arriba\/#respond"]}]},{"@type":"WebPage","@id":"https:\/\/www.cuencasmineras.com\/index.php\/2021\/01\/11\/foro-mieres-reclama-mas-vigilancia-para-evitar-botellones-en-vega-de-arriba\/","url":"https:\/\/www.cuencasmineras.com\/index.php\/2021\/01\/11\/foro-mieres-reclama-mas-vigilancia-para-evitar-botellones-en-vega-de-arriba\/","name":"FORO MIERES reclama m\u00e1s vigilancia para evitar \"botellones\" en Vega de Arriba -","isPartOf":{"@id":"https:\/\/www.cuencasmineras.com\/#website"},"primaryImageOfPage":{"@id":"https:\/\/www.cuencasmineras.com\/index.php\/2021\/01\/11\/foro-mieres-reclama-mas-vigilancia-para-evitar-botellones-en-vega-de-arriba\/#primaryimage"},"image":{"@id":"https:\/\/www.cuencasmineras.com\/index.php\/2021\/01\/11\/foro-mieres-reclama-mas-vigilancia-para-evitar-botellones-en-vega-de-arriba\/#primaryimage"},"thumbnailUrl":"https:\/\/www.cuencasmineras.com\/wp-content\/uploads\/2021\/01\/IMG-20210110-WA0007.jpg","datePublished":"2021-01-11T09:40:19+00:00","dateModified":"2021-01-11T15:36:58+00:00","author":{"@id":"https:\/\/www.cuencasmineras.com\/#\/schema\/person\/be0691310e8496ec555f679dd688420c"},"description":"Los vecinos se quejan de la indiferencia y pasividad del Ayuntamiento y, por ello, exigimos una intervenci\u00f3n urgente en el barrio","breadcrumb":{"@id":"https:\/\/www.cuencasmineras.com\/index.php\/2021\/01\/11\/foro-mieres-reclama-mas-vigilancia-para-evitar-botellones-en-vega-de-arriba\/#breadcrumb"},"inLanguage":"es","potentialAction":[{"@type":"ReadAction","target":["https:\/\/www.cuencasmineras.com\/index.php\/2021\/01\/11\/foro-mieres-reclama-mas-vigilancia-para-evitar-botellones-en-vega-de-arriba\/"]}]},{"@type":"ImageObject","inLanguage":"es","@id":"https:\/\/www.cuencasmineras.com\/index.php\/2021\/01\/11\/foro-mieres-reclama-mas-vigilancia-para-evitar-botellones-en-vega-de-arriba\/#primaryimage","url":"https:\/\/www.cuencasmineras.com\/wp-content\/uploads\/2021\/01\/IMG-20210110-WA0007.jpg","contentUrl":"https:\/\/www.cuencasmineras.com\/wp-content\/uploads\/2021\/01\/IMG-20210110-WA0007.jpg","width":1536,"height":2048},{"@type":"BreadcrumbList","@id":"https:\/\/www.cuencasmineras.com\/index.php\/2021\/01\/11\/foro-mieres-reclama-mas-vigilancia-para-evitar-botellones-en-vega-de-arriba\/#breadcrumb","itemListElement":[{"@type":"ListItem","position":1,"name":"Portada","item":"https:\/\/www.cuencasmineras.com\/"},{"@type":"ListItem","position":2,"name":"FORO MIERES reclama m\u00e1s vigilancia para evitar \u00abbotellones\u00bb en Vega de Arriba"}]},{"@type":"WebSite","@id":"https:\/\/www.cuencasmineras.com\/#website","url":"https:\/\/www.cuencasmineras.com\/","name":"","description":"","potentialAction":[{"@type":"SearchAction","target":{"@type":"EntryPoint","urlTemplate":"https:\/\/www.cuencasmineras.com\/?s={search_term_string}"},"query-input":{"@type":"PropertyValueSpecification","valueRequired":true,"valueName":"search_term_string"}}],"inLanguage":"es"},{"@type":"Person","@id":"https:\/\/www.cuencasmineras.com\/#\/schema\/person\/be0691310e8496ec555f679dd688420c","name":"admin","image":{"@type":"ImageObject","inLanguage":"es","@id":"https:\/\/secure.gravatar.com\/avatar\/4afd2eed3b2fbbf36dd6707b5bd8a5b50ac648f033e36fbf85aeace2f0f859db?s=96&d=mm&r=g","url":"https:\/\/secure.gravatar.com\/avatar\/4afd2eed3b2fbbf36dd6707b5bd8a5b50ac648f033e36fbf85aeace2f0f859db?s=96&d=mm&r=g","contentUrl":"https:\/\/secure.gravatar.com\/avatar\/4afd2eed3b2fbbf36dd6707b5bd8a5b50ac648f033e36fbf85aeace2f0f859db?s=96&d=mm&r=g","caption":"admin"},"sameAs":["https:\/\/www.cuencasmineras.com"],"url":"https:\/\/www.cuencasmineras.com\/index.php\/author\/admin\/"}]}},"_links":{"self":[{"href":"https:\/\/www.cuencasmineras.com\/index.php\/wp-json\/wp\/v2\/posts\/1654","targetHints":{"allow":["GET"]}}],"collection":[{"href":"https:\/\/www.cuencasmineras.com\/index.php\/wp-json\/wp\/v2\/posts"}],"about":[{"href":"https:\/\/www.cuencasmineras.com\/index.php\/wp-json\/wp\/v2\/types\/post"}],"author":[{"embeddable":true,"href":"https:\/\/www.cuencasmineras.com\/index.php\/wp-json\/wp\/v2\/users\/1"}],"replies":[{"embeddable":true,"href":"https:\/\/www.cuencasmineras.com\/index.php\/wp-json\/wp\/v2\/comments?post=1654"}],"version-history":[{"count":2,"href":"https:\/\/www.cuencasmineras.com\/index.php\/wp-json\/wp\/v2\/posts\/1654\/revisions"}],"predecessor-version":[{"id":1658,"href":"https:\/\/www.cuencasmineras.com\/index.php\/wp-json\/wp\/v2\/posts\/1654\/revisions\/1658"}],"wp:featuredmedia":[{"embeddable":true,"href":"https:\/\/www.cuencasmineras.com\/index.php\/wp-json\/wp\/v2\/media\/1656"}],"wp:attachment":[{"href":"https:\/\/www.cuencasmineras.com\/index.php\/wp-json\/wp\/v2\/media?parent=1654"}],"wp:term":[{"taxonomy":"category","embeddable":true,"href":"https:\/\/www.cuencasmineras.com\/index.php\/wp-json\/wp\/v2\/categories?post=1654"},{"taxonomy":"post_tag","embeddable":true,"href":"https:\/\/www.cuencasmineras.com\/index.php\/wp-json\/wp\/v2\/tags?post=1654"}],"curies":[{"name":"wp","href":"https:\/\/api.w.org\/{rel}","templated":true}]}}