{"id":1679,"date":"2021-01-16T15:04:35","date_gmt":"2021-01-16T15:04:35","guid":{"rendered":"https:\/\/www.cuencasmineras.com\/?p=1679"},"modified":"2021-01-16T15:04:35","modified_gmt":"2021-01-16T15:04:35","slug":"langreo-y-otros-concejos-deberian-aplicar-un-cierre-perimetral-y-los-bares-servir-en-terraza-segun-el-nuevo-criterio-regional","status":"publish","type":"post","link":"https:\/\/www.cuencasmineras.com\/index.php\/2021\/01\/16\/langreo-y-otros-concejos-deberian-aplicar-un-cierre-perimetral-y-los-bares-servir-en-terraza-segun-el-nuevo-criterio-regional\/","title":{"rendered":"Langreo y otros concejos deber\u00edan aplicar un cierre perimetral y los bares servir en terraza, seg\u00fan el nuevo criterio regional"},"content":{"rendered":"<p><img loading=\"lazy\" decoding=\"async\" class=\"aligncenter  wp-image-1682\" src=\"https:\/\/www.cuencasmineras.com\/wp-content\/uploads\/2021\/01\/uiuiuiu-300x129.png\" alt=\"\" width=\"660\" height=\"284\" srcset=\"https:\/\/www.cuencasmineras.com\/wp-content\/uploads\/2021\/01\/uiuiuiu-300x129.png 300w, https:\/\/www.cuencasmineras.com\/wp-content\/uploads\/2021\/01\/uiuiuiu-1024x441.png 1024w, https:\/\/www.cuencasmineras.com\/wp-content\/uploads\/2021\/01\/uiuiuiu-768x331.png 768w, https:\/\/www.cuencasmineras.com\/wp-content\/uploads\/2021\/01\/uiuiuiu.png 1096w\" sizes=\"auto, (max-width: 660px) 100vw, 660px\" \/><\/p>\n<p>Los concejos de Avil\u00e9s, Castrill\u00f3n, Corvera y Langreo deber\u00edan establecer un cierre perimetral y clausurar la hosteler\u00eda el martes, seg\u00fan el criterio que ha establecido el Principado para activar las medidas restrictivas en cada municipio en funci\u00f3n de sus datos epidemiol\u00f3gicos. Estos criterios, insistieron fuentes del Gobierno, se activar\u00e1n el lunes y comenzar\u00e1n a aplicarse el martes<\/p>\n<p>No obstante, a la vista de los par\u00e1metros establecidos por el Gobierno regional, los municipios de Avil\u00e9s, Castrill\u00f3n, Corvera y Langreo estar\u00edan ya dentro del grupo que deber\u00eda someterse a esas restricciones. As\u00ed lo ha indicado esta ma\u00f1ana el consejero de salud del Principado, Pablo Fern\u00e1ndez Mu\u00f1iz, quien precis\u00f3 que\u00a0todo depender\u00e1 de los par\u00e1metros que el mismo lunes\u00a0registren estos concejos. Hoy mismo si cumplen criterios para que se les apliquen las nuevas medidas de contenci\u00f3n del virus, entre las que figuran cierres perimetrales de municipios.\u00a0\u201cEl objetivo fundamental es evitar colapso de los hospitales y particularmente las camas de UCI\u201d, afirm\u00f3 el Consejero.<\/p>\n<p>A la espera de que el Ejecutivo informe con detalle de los criterios que aplicar\u00e1 para frenar el impacto de la tercera ola, las medidas que se aplicar\u00e1n a partir del martes, localmente y seg\u00fan los datos,\u00a0incluir\u00e1n cierres perimetrales, clausura de grandes superficies con excepci\u00f3n de los supermercados de alimentaci\u00f3n,\u00a0cierre de la hosteler\u00eda y limitaciones en las reuniones privadas, que se circunscribir\u00edan a cuatro personas.<\/p>\n<p>Fuente: LNE<\/p>\n","protected":false},"excerpt":{"rendered":"<p>Los concejos de Avil\u00e9s, Castrill\u00f3n, Corvera y Langreo deber\u00edan establecer un cierre perimetral y clausurar la hosteler\u00eda el martes, seg\u00fan el criterio que ha establecido el Principado para activar las medidas restrictivas en cada municipio en funci\u00f3n de sus datos epidemiol\u00f3gicos. Estos criterios, insistieron fuentes del Gobierno, se activar\u00e1n el lunes y comenzar\u00e1n a aplicarse [&hellip;]<\/p>\n","protected":false},"author":1,"featured_media":1682,"comment_status":"open","ping_status":"open","sticky":false,"template":"","format":"standard","meta":{"footnotes":""},"categories":[6,8],"tags":[],"class_list":["post-1679","post","type-post","status-publish","format-standard","has-post-thumbnail","hentry","category-noticias","category-nalon"],"yoast_head":"<!-- This site is optimized with the Yoast SEO plugin v27.4 - https:\/\/yoast.com\/product\/yoast-seo-wordpress\/ -->\n<title>Langreo y otros concejos deber\u00edan aplicar un cierre perimetral y los bares servir en terraza, seg\u00fan el nuevo criterio regional -<\/title>\n<meta name=\"description\" content=\"El gobierno regional trasladar\u00e1 a lo largo del d\u00eda las nuevas normas que rigen para determinar qu\u00e9 medidas se aplican en cada concejo seg\u00fan la evoluci\u00f3n de la pandemia\" \/>\n<meta name=\"robots\" content=\"index, follow, max-snippet:-1, max-image-preview:large, max-video-preview:-1\" \/>\n<link rel=\"canonical\" href=\"https:\/\/www.cuencasmineras.com\/index.php\/2021\/01\/16\/langreo-y-otros-concejos-deberian-aplicar-un-cierre-perimetral-y-los-bares-servir-en-terraza-segun-el-nuevo-criterio-regional\/\" \/>\n<meta property=\"og:locale\" content=\"es_ES\" \/>\n<meta property=\"og:type\" content=\"article\" \/>\n<meta property=\"og:title\" content=\"Langreo y otros concejos deber\u00edan aplicar un cierre perimetral y los bares servir en terraza, seg\u00fan el nuevo criterio regional -\" \/>\n<meta property=\"og:description\" content=\"El gobierno regional trasladar\u00e1 a lo largo del d\u00eda las nuevas normas que rigen para determinar qu\u00e9 medidas se aplican en cada concejo seg\u00fan la evoluci\u00f3n de la pandemia\" \/>\n<meta property=\"og:url\" content=\"https:\/\/www.cuencasmineras.com\/index.php\/2021\/01\/16\/langreo-y-otros-concejos-deberian-aplicar-un-cierre-perimetral-y-los-bares-servir-en-terraza-segun-el-nuevo-criterio-regional\/\" \/>\n<meta property=\"article:published_time\" content=\"2021-01-16T15:04:35+00:00\" \/>\n<meta property=\"og:image\" content=\"https:\/\/www.cuencasmineras.com\/wp-content\/uploads\/2021\/01\/uiuiuiu.png\" \/>\n\t<meta property=\"og:image:width\" content=\"1096\" \/>\n\t<meta property=\"og:image:height\" content=\"472\" \/>\n\t<meta property=\"og:image:type\" content=\"image\/png\" \/>\n<meta name=\"author\" content=\"admin\" \/>\n<meta name=\"twitter:card\" content=\"summary_large_image\" \/>\n<meta name=\"twitter:label1\" content=\"Escrito por\" \/>\n\t<meta name=\"twitter:data1\" content=\"admin\" \/>\n\t<meta name=\"twitter:label2\" content=\"Tiempo de lectura\" \/>\n\t<meta name=\"twitter:data2\" content=\"2 minutos\" \/>\n<script type=\"application\/ld+json\" class=\"yoast-schema-graph\">{\"@context\":\"https:\\\/\\\/schema.org\",\"@graph\":[{\"@type\":\"Article\",\"@id\":\"https:\\\/\\\/www.cuencasmineras.com\\\/index.php\\\/2021\\\/01\\\/16\\\/langreo-y-otros-concejos-deberian-aplicar-un-cierre-perimetral-y-los-bares-servir-en-terraza-segun-el-nuevo-criterio-regional\\\/#article\",\"isPartOf\":{\"@id\":\"https:\\\/\\\/www.cuencasmineras.com\\\/index.php\\\/2021\\\/01\\\/16\\\/langreo-y-otros-concejos-deberian-aplicar-un-cierre-perimetral-y-los-bares-servir-en-terraza-segun-el-nuevo-criterio-regional\\\/\"},\"author\":{\"name\":\"admin\",\"@id\":\"https:\\\/\\\/www.cuencasmineras.com\\\/#\\\/schema\\\/person\\\/be0691310e8496ec555f679dd688420c\"},\"headline\":\"Langreo y otros concejos deber\u00edan aplicar un cierre perimetral y los bares servir en terraza, seg\u00fan el nuevo criterio regional\",\"datePublished\":\"2021-01-16T15:04:35+00:00\",\"mainEntityOfPage\":{\"@id\":\"https:\\\/\\\/www.cuencasmineras.com\\\/index.php\\\/2021\\\/01\\\/16\\\/langreo-y-otros-concejos-deberian-aplicar-un-cierre-perimetral-y-los-bares-servir-en-terraza-segun-el-nuevo-criterio-regional\\\/\"},\"wordCount\":279,\"commentCount\":0,\"image\":{\"@id\":\"https:\\\/\\\/www.cuencasmineras.com\\\/index.php\\\/2021\\\/01\\\/16\\\/langreo-y-otros-concejos-deberian-aplicar-un-cierre-perimetral-y-los-bares-servir-en-terraza-segun-el-nuevo-criterio-regional\\\/#primaryimage\"},\"thumbnailUrl\":\"https:\\\/\\\/www.cuencasmineras.com\\\/wp-content\\\/uploads\\\/2021\\\/01\\\/uiuiuiu.png\",\"articleSection\":[\"CM NEWS\",\"Nal\u00f3n\"],\"inLanguage\":\"es\",\"potentialAction\":[{\"@type\":\"CommentAction\",\"name\":\"Comment\",\"target\":[\"https:\\\/\\\/www.cuencasmineras.com\\\/index.php\\\/2021\\\/01\\\/16\\\/langreo-y-otros-concejos-deberian-aplicar-un-cierre-perimetral-y-los-bares-servir-en-terraza-segun-el-nuevo-criterio-regional\\\/#respond\"]}]},{\"@type\":\"WebPage\",\"@id\":\"https:\\\/\\\/www.cuencasmineras.com\\\/index.php\\\/2021\\\/01\\\/16\\\/langreo-y-otros-concejos-deberian-aplicar-un-cierre-perimetral-y-los-bares-servir-en-terraza-segun-el-nuevo-criterio-regional\\\/\",\"url\":\"https:\\\/\\\/www.cuencasmineras.com\\\/index.php\\\/2021\\\/01\\\/16\\\/langreo-y-otros-concejos-deberian-aplicar-un-cierre-perimetral-y-los-bares-servir-en-terraza-segun-el-nuevo-criterio-regional\\\/\",\"name\":\"Langreo y otros concejos deber\u00edan aplicar un cierre perimetral y los bares servir en terraza, seg\u00fan el nuevo criterio regional -\",\"isPartOf\":{\"@id\":\"https:\\\/\\\/www.cuencasmineras.com\\\/#website\"},\"primaryImageOfPage\":{\"@id\":\"https:\\\/\\\/www.cuencasmineras.com\\\/index.php\\\/2021\\\/01\\\/16\\\/langreo-y-otros-concejos-deberian-aplicar-un-cierre-perimetral-y-los-bares-servir-en-terraza-segun-el-nuevo-criterio-regional\\\/#primaryimage\"},\"image\":{\"@id\":\"https:\\\/\\\/www.cuencasmineras.com\\\/index.php\\\/2021\\\/01\\\/16\\\/langreo-y-otros-concejos-deberian-aplicar-un-cierre-perimetral-y-los-bares-servir-en-terraza-segun-el-nuevo-criterio-regional\\\/#primaryimage\"},\"thumbnailUrl\":\"https:\\\/\\\/www.cuencasmineras.com\\\/wp-content\\\/uploads\\\/2021\\\/01\\\/uiuiuiu.png\",\"datePublished\":\"2021-01-16T15:04:35+00:00\",\"author\":{\"@id\":\"https:\\\/\\\/www.cuencasmineras.com\\\/#\\\/schema\\\/person\\\/be0691310e8496ec555f679dd688420c\"},\"description\":\"El gobierno regional trasladar\u00e1 a lo largo del d\u00eda las nuevas normas que rigen para determinar qu\u00e9 medidas se aplican en cada concejo seg\u00fan la evoluci\u00f3n de la pandemia\",\"breadcrumb\":{\"@id\":\"https:\\\/\\\/www.cuencasmineras.com\\\/index.php\\\/2021\\\/01\\\/16\\\/langreo-y-otros-concejos-deberian-aplicar-un-cierre-perimetral-y-los-bares-servir-en-terraza-segun-el-nuevo-criterio-regional\\\/#breadcrumb\"},\"inLanguage\":\"es\",\"potentialAction\":[{\"@type\":\"ReadAction\",\"target\":[\"https:\\\/\\\/www.cuencasmineras.com\\\/index.php\\\/2021\\\/01\\\/16\\\/langreo-y-otros-concejos-deberian-aplicar-un-cierre-perimetral-y-los-bares-servir-en-terraza-segun-el-nuevo-criterio-regional\\\/\"]}]},{\"@type\":\"ImageObject\",\"inLanguage\":\"es\",\"@id\":\"https:\\\/\\\/www.cuencasmineras.com\\\/index.php\\\/2021\\\/01\\\/16\\\/langreo-y-otros-concejos-deberian-aplicar-un-cierre-perimetral-y-los-bares-servir-en-terraza-segun-el-nuevo-criterio-regional\\\/#primaryimage\",\"url\":\"https:\\\/\\\/www.cuencasmineras.com\\\/wp-content\\\/uploads\\\/2021\\\/01\\\/uiuiuiu.png\",\"contentUrl\":\"https:\\\/\\\/www.cuencasmineras.com\\\/wp-content\\\/uploads\\\/2021\\\/01\\\/uiuiuiu.png\",\"width\":1096,\"height\":472},{\"@type\":\"BreadcrumbList\",\"@id\":\"https:\\\/\\\/www.cuencasmineras.com\\\/index.php\\\/2021\\\/01\\\/16\\\/langreo-y-otros-concejos-deberian-aplicar-un-cierre-perimetral-y-los-bares-servir-en-terraza-segun-el-nuevo-criterio-regional\\\/#breadcrumb\",\"itemListElement\":[{\"@type\":\"ListItem\",\"position\":1,\"name\":\"Portada\",\"item\":\"https:\\\/\\\/www.cuencasmineras.com\\\/\"},{\"@type\":\"ListItem\",\"position\":2,\"name\":\"Langreo y otros concejos deber\u00edan aplicar un cierre perimetral y los bares servir en terraza, seg\u00fan el nuevo criterio regional\"}]},{\"@type\":\"WebSite\",\"@id\":\"https:\\\/\\\/www.cuencasmineras.com\\\/#website\",\"url\":\"https:\\\/\\\/www.cuencasmineras.com\\\/\",\"name\":\"\",\"description\":\"\",\"potentialAction\":[{\"@type\":\"SearchAction\",\"target\":{\"@type\":\"EntryPoint\",\"urlTemplate\":\"https:\\\/\\\/www.cuencasmineras.com\\\/?s={search_term_string}\"},\"query-input\":{\"@type\":\"PropertyValueSpecification\",\"valueRequired\":true,\"valueName\":\"search_term_string\"}}],\"inLanguage\":\"es\"},{\"@type\":\"Person\",\"@id\":\"https:\\\/\\\/www.cuencasmineras.com\\\/#\\\/schema\\\/person\\\/be0691310e8496ec555f679dd688420c\",\"name\":\"admin\",\"image\":{\"@type\":\"ImageObject\",\"inLanguage\":\"es\",\"@id\":\"https:\\\/\\\/secure.gravatar.com\\\/avatar\\\/4afd2eed3b2fbbf36dd6707b5bd8a5b50ac648f033e36fbf85aeace2f0f859db?s=96&d=mm&r=g\",\"url\":\"https:\\\/\\\/secure.gravatar.com\\\/avatar\\\/4afd2eed3b2fbbf36dd6707b5bd8a5b50ac648f033e36fbf85aeace2f0f859db?s=96&d=mm&r=g\",\"contentUrl\":\"https:\\\/\\\/secure.gravatar.com\\\/avatar\\\/4afd2eed3b2fbbf36dd6707b5bd8a5b50ac648f033e36fbf85aeace2f0f859db?s=96&d=mm&r=g\",\"caption\":\"admin\"},\"sameAs\":[\"https:\\\/\\\/www.cuencasmineras.com\"],\"url\":\"https:\\\/\\\/www.cuencasmineras.com\\\/index.php\\\/author\\\/admin\\\/\"}]}<\/script>\n<!-- \/ Yoast SEO plugin. -->","yoast_head_json":{"title":"Langreo y otros concejos deber\u00edan aplicar un cierre perimetral y los bares servir en terraza, seg\u00fan el nuevo criterio regional -","description":"El gobierno regional trasladar\u00e1 a lo largo del d\u00eda las nuevas normas que rigen para determinar qu\u00e9 medidas se aplican en cada concejo seg\u00fan la evoluci\u00f3n de la pandemia","robots":{"index":"index","follow":"follow","max-snippet":"max-snippet:-1","max-image-preview":"max-image-preview:large","max-video-preview":"max-video-preview:-1"},"canonical":"https:\/\/www.cuencasmineras.com\/index.php\/2021\/01\/16\/langreo-y-otros-concejos-deberian-aplicar-un-cierre-perimetral-y-los-bares-servir-en-terraza-segun-el-nuevo-criterio-regional\/","og_locale":"es_ES","og_type":"article","og_title":"Langreo y otros concejos deber\u00edan aplicar un cierre perimetral y los bares servir en terraza, seg\u00fan el nuevo criterio regional -","og_description":"El gobierno regional trasladar\u00e1 a lo largo del d\u00eda las nuevas normas que rigen para determinar qu\u00e9 medidas se aplican en cada concejo seg\u00fan la evoluci\u00f3n de la pandemia","og_url":"https:\/\/www.cuencasmineras.com\/index.php\/2021\/01\/16\/langreo-y-otros-concejos-deberian-aplicar-un-cierre-perimetral-y-los-bares-servir-en-terraza-segun-el-nuevo-criterio-regional\/","article_published_time":"2021-01-16T15:04:35+00:00","og_image":[{"width":1096,"height":472,"url":"https:\/\/www.cuencasmineras.com\/wp-content\/uploads\/2021\/01\/uiuiuiu.png","type":"image\/png"}],"author":"admin","twitter_card":"summary_large_image","twitter_misc":{"Escrito por":"admin","Tiempo de lectura":"2 minutos"},"schema":{"@context":"https:\/\/schema.org","@graph":[{"@type":"Article","@id":"https:\/\/www.cuencasmineras.com\/index.php\/2021\/01\/16\/langreo-y-otros-concejos-deberian-aplicar-un-cierre-perimetral-y-los-bares-servir-en-terraza-segun-el-nuevo-criterio-regional\/#article","isPartOf":{"@id":"https:\/\/www.cuencasmineras.com\/index.php\/2021\/01\/16\/langreo-y-otros-concejos-deberian-aplicar-un-cierre-perimetral-y-los-bares-servir-en-terraza-segun-el-nuevo-criterio-regional\/"},"author":{"name":"admin","@id":"https:\/\/www.cuencasmineras.com\/#\/schema\/person\/be0691310e8496ec555f679dd688420c"},"headline":"Langreo y otros concejos deber\u00edan aplicar un cierre perimetral y los bares servir en terraza, seg\u00fan el nuevo criterio regional","datePublished":"2021-01-16T15:04:35+00:00","mainEntityOfPage":{"@id":"https:\/\/www.cuencasmineras.com\/index.php\/2021\/01\/16\/langreo-y-otros-concejos-deberian-aplicar-un-cierre-perimetral-y-los-bares-servir-en-terraza-segun-el-nuevo-criterio-regional\/"},"wordCount":279,"commentCount":0,"image":{"@id":"https:\/\/www.cuencasmineras.com\/index.php\/2021\/01\/16\/langreo-y-otros-concejos-deberian-aplicar-un-cierre-perimetral-y-los-bares-servir-en-terraza-segun-el-nuevo-criterio-regional\/#primaryimage"},"thumbnailUrl":"https:\/\/www.cuencasmineras.com\/wp-content\/uploads\/2021\/01\/uiuiuiu.png","articleSection":["CM NEWS","Nal\u00f3n"],"inLanguage":"es","potentialAction":[{"@type":"CommentAction","name":"Comment","target":["https:\/\/www.cuencasmineras.com\/index.php\/2021\/01\/16\/langreo-y-otros-concejos-deberian-aplicar-un-cierre-perimetral-y-los-bares-servir-en-terraza-segun-el-nuevo-criterio-regional\/#respond"]}]},{"@type":"WebPage","@id":"https:\/\/www.cuencasmineras.com\/index.php\/2021\/01\/16\/langreo-y-otros-concejos-deberian-aplicar-un-cierre-perimetral-y-los-bares-servir-en-terraza-segun-el-nuevo-criterio-regional\/","url":"https:\/\/www.cuencasmineras.com\/index.php\/2021\/01\/16\/langreo-y-otros-concejos-deberian-aplicar-un-cierre-perimetral-y-los-bares-servir-en-terraza-segun-el-nuevo-criterio-regional\/","name":"Langreo y otros concejos deber\u00edan aplicar un cierre perimetral y los bares servir en terraza, seg\u00fan el nuevo criterio regional -","isPartOf":{"@id":"https:\/\/www.cuencasmineras.com\/#website"},"primaryImageOfPage":{"@id":"https:\/\/www.cuencasmineras.com\/index.php\/2021\/01\/16\/langreo-y-otros-concejos-deberian-aplicar-un-cierre-perimetral-y-los-bares-servir-en-terraza-segun-el-nuevo-criterio-regional\/#primaryimage"},"image":{"@id":"https:\/\/www.cuencasmineras.com\/index.php\/2021\/01\/16\/langreo-y-otros-concejos-deberian-aplicar-un-cierre-perimetral-y-los-bares-servir-en-terraza-segun-el-nuevo-criterio-regional\/#primaryimage"},"thumbnailUrl":"https:\/\/www.cuencasmineras.com\/wp-content\/uploads\/2021\/01\/uiuiuiu.png","datePublished":"2021-01-16T15:04:35+00:00","author":{"@id":"https:\/\/www.cuencasmineras.com\/#\/schema\/person\/be0691310e8496ec555f679dd688420c"},"description":"El gobierno regional trasladar\u00e1 a lo largo del d\u00eda las nuevas normas que rigen para determinar qu\u00e9 medidas se aplican en cada concejo seg\u00fan la evoluci\u00f3n de la pandemia","breadcrumb":{"@id":"https:\/\/www.cuencasmineras.com\/index.php\/2021\/01\/16\/langreo-y-otros-concejos-deberian-aplicar-un-cierre-perimetral-y-los-bares-servir-en-terraza-segun-el-nuevo-criterio-regional\/#breadcrumb"},"inLanguage":"es","potentialAction":[{"@type":"ReadAction","target":["https:\/\/www.cuencasmineras.com\/index.php\/2021\/01\/16\/langreo-y-otros-concejos-deberian-aplicar-un-cierre-perimetral-y-los-bares-servir-en-terraza-segun-el-nuevo-criterio-regional\/"]}]},{"@type":"ImageObject","inLanguage":"es","@id":"https:\/\/www.cuencasmineras.com\/index.php\/2021\/01\/16\/langreo-y-otros-concejos-deberian-aplicar-un-cierre-perimetral-y-los-bares-servir-en-terraza-segun-el-nuevo-criterio-regional\/#primaryimage","url":"https:\/\/www.cuencasmineras.com\/wp-content\/uploads\/2021\/01\/uiuiuiu.png","contentUrl":"https:\/\/www.cuencasmineras.com\/wp-content\/uploads\/2021\/01\/uiuiuiu.png","width":1096,"height":472},{"@type":"BreadcrumbList","@id":"https:\/\/www.cuencasmineras.com\/index.php\/2021\/01\/16\/langreo-y-otros-concejos-deberian-aplicar-un-cierre-perimetral-y-los-bares-servir-en-terraza-segun-el-nuevo-criterio-regional\/#breadcrumb","itemListElement":[{"@type":"ListItem","position":1,"name":"Portada","item":"https:\/\/www.cuencasmineras.com\/"},{"@type":"ListItem","position":2,"name":"Langreo y otros concejos deber\u00edan aplicar un cierre perimetral y los bares servir en terraza, seg\u00fan el nuevo criterio regional"}]},{"@type":"WebSite","@id":"https:\/\/www.cuencasmineras.com\/#website","url":"https:\/\/www.cuencasmineras.com\/","name":"","description":"","potentialAction":[{"@type":"SearchAction","target":{"@type":"EntryPoint","urlTemplate":"https:\/\/www.cuencasmineras.com\/?s={search_term_string}"},"query-input":{"@type":"PropertyValueSpecification","valueRequired":true,"valueName":"search_term_string"}}],"inLanguage":"es"},{"@type":"Person","@id":"https:\/\/www.cuencasmineras.com\/#\/schema\/person\/be0691310e8496ec555f679dd688420c","name":"admin","image":{"@type":"ImageObject","inLanguage":"es","@id":"https:\/\/secure.gravatar.com\/avatar\/4afd2eed3b2fbbf36dd6707b5bd8a5b50ac648f033e36fbf85aeace2f0f859db?s=96&d=mm&r=g","url":"https:\/\/secure.gravatar.com\/avatar\/4afd2eed3b2fbbf36dd6707b5bd8a5b50ac648f033e36fbf85aeace2f0f859db?s=96&d=mm&r=g","contentUrl":"https:\/\/secure.gravatar.com\/avatar\/4afd2eed3b2fbbf36dd6707b5bd8a5b50ac648f033e36fbf85aeace2f0f859db?s=96&d=mm&r=g","caption":"admin"},"sameAs":["https:\/\/www.cuencasmineras.com"],"url":"https:\/\/www.cuencasmineras.com\/index.php\/author\/admin\/"}]}},"_links":{"self":[{"href":"https:\/\/www.cuencasmineras.com\/index.php\/wp-json\/wp\/v2\/posts\/1679","targetHints":{"allow":["GET"]}}],"collection":[{"href":"https:\/\/www.cuencasmineras.com\/index.php\/wp-json\/wp\/v2\/posts"}],"about":[{"href":"https:\/\/www.cuencasmineras.com\/index.php\/wp-json\/wp\/v2\/types\/post"}],"author":[{"embeddable":true,"href":"https:\/\/www.cuencasmineras.com\/index.php\/wp-json\/wp\/v2\/users\/1"}],"replies":[{"embeddable":true,"href":"https:\/\/www.cuencasmineras.com\/index.php\/wp-json\/wp\/v2\/comments?post=1679"}],"version-history":[{"count":1,"href":"https:\/\/www.cuencasmineras.com\/index.php\/wp-json\/wp\/v2\/posts\/1679\/revisions"}],"predecessor-version":[{"id":1683,"href":"https:\/\/www.cuencasmineras.com\/index.php\/wp-json\/wp\/v2\/posts\/1679\/revisions\/1683"}],"wp:featuredmedia":[{"embeddable":true,"href":"https:\/\/www.cuencasmineras.com\/index.php\/wp-json\/wp\/v2\/media\/1682"}],"wp:attachment":[{"href":"https:\/\/www.cuencasmineras.com\/index.php\/wp-json\/wp\/v2\/media?parent=1679"}],"wp:term":[{"taxonomy":"category","embeddable":true,"href":"https:\/\/www.cuencasmineras.com\/index.php\/wp-json\/wp\/v2\/categories?post=1679"},{"taxonomy":"post_tag","embeddable":true,"href":"https:\/\/www.cuencasmineras.com\/index.php\/wp-json\/wp\/v2\/tags?post=1679"}],"curies":[{"name":"wp","href":"https:\/\/api.w.org\/{rel}","templated":true}]}}