{"id":1684,"date":"2021-01-16T15:10:58","date_gmt":"2021-01-16T15:10:58","guid":{"rendered":"https:\/\/www.cuencasmineras.com\/?p=1684"},"modified":"2021-01-16T15:10:58","modified_gmt":"2021-01-16T15:10:58","slug":"un-incendio-calcina-una-cocina-en-riano-y-causa-quemaduras-a-una-mujer","status":"publish","type":"post","link":"https:\/\/www.cuencasmineras.com\/index.php\/2021\/01\/16\/un-incendio-calcina-una-cocina-en-riano-y-causa-quemaduras-a-una-mujer\/","title":{"rendered":"Un incendio calcina una cocina en Ria\u00f1o y causa quemaduras a una mujer"},"content":{"rendered":"<p class=\"article-body__text article-body__text--entry article-body__text-middle\">Una dotaci\u00f3n de bomberos con base en el parque de San Mart\u00edn del Rey Aurelio extingui\u00f3 ayer por la ma\u00f1ana el incendio declarado en la cocina de una vivienda ubicada en el pol\u00edgono de Ria\u00f1o, en el municipio de Langreo, que ocasion\u00f3 heridas a una mujer. El fuego calcin\u00f3 la campana extractora y los muebles aleda\u00f1os de la estancia y la \u00fanica afectada, que fue evacuada en ambulancia al hospital Valle del Nal\u00f3n, sufre quemaduras en una mano.<\/p>\n<p><img loading=\"lazy\" decoding=\"async\" class=\"aligncenter  wp-image-1685\" src=\"https:\/\/www.cuencasmineras.com\/wp-content\/uploads\/2021\/01\/714f0177-bc46-48fb-991c-1b156ddd1cc8_16-9-aspect-ratio_default_0-300x169.jpg\" alt=\"\" width=\"657\" height=\"370\" srcset=\"https:\/\/www.cuencasmineras.com\/wp-content\/uploads\/2021\/01\/714f0177-bc46-48fb-991c-1b156ddd1cc8_16-9-aspect-ratio_default_0-300x169.jpg 300w, https:\/\/www.cuencasmineras.com\/wp-content\/uploads\/2021\/01\/714f0177-bc46-48fb-991c-1b156ddd1cc8_16-9-aspect-ratio_default_0-768x432.jpg 768w, https:\/\/www.cuencasmineras.com\/wp-content\/uploads\/2021\/01\/714f0177-bc46-48fb-991c-1b156ddd1cc8_16-9-aspect-ratio_default_0.jpg 880w\" sizes=\"auto, (max-width: 657px) 100vw, 657px\" \/><\/p>\n<p class=\"article-body__text \">El Centro de Coordinaci\u00f3n de Emergencias recibi\u00f3 el aviso pasadas las diez de la ma\u00f1ana y despu\u00e9s de sofocar el fuego los bomberos dieron por finalizado el operativo poco antes de las once. Se dio cuenta del incidente a la Polic\u00eda Local de Langreo.<\/p>\n<p>Fuente: LNE<\/p>\n","protected":false},"excerpt":{"rendered":"<p>Una dotaci\u00f3n de bomberos con base en el parque de San Mart\u00edn del Rey Aurelio extingui\u00f3 ayer por la ma\u00f1ana el incendio declarado en la cocina de una vivienda ubicada en el pol\u00edgono de Ria\u00f1o, en el municipio de Langreo, que ocasion\u00f3 heridas a una mujer. El fuego calcin\u00f3 la campana extractora y los muebles [&hellip;]<\/p>\n","protected":false},"author":1,"featured_media":1685,"comment_status":"open","ping_status":"open","sticky":false,"template":"","format":"standard","meta":{"footnotes":""},"categories":[6,8],"tags":[],"class_list":["post-1684","post","type-post","status-publish","format-standard","has-post-thumbnail","hentry","category-noticias","category-nalon"],"yoast_head":"<!-- This site is optimized with the Yoast SEO plugin v27.4 - https:\/\/yoast.com\/product\/yoast-seo-wordpress\/ -->\n<title>Un incendio calcina una cocina en Ria\u00f1o y causa quemaduras a una mujer -<\/title>\n<meta name=\"robots\" content=\"index, follow, max-snippet:-1, max-image-preview:large, max-video-preview:-1\" \/>\n<link rel=\"canonical\" href=\"https:\/\/www.cuencasmineras.com\/index.php\/2021\/01\/16\/un-incendio-calcina-una-cocina-en-riano-y-causa-quemaduras-a-una-mujer\/\" \/>\n<meta property=\"og:locale\" content=\"es_ES\" \/>\n<meta property=\"og:type\" content=\"article\" \/>\n<meta property=\"og:title\" content=\"Un incendio calcina una cocina en Ria\u00f1o y causa quemaduras a una mujer -\" \/>\n<meta property=\"og:description\" content=\"Una dotaci\u00f3n de bomberos con base en el parque de San Mart\u00edn del Rey Aurelio extingui\u00f3 ayer por la ma\u00f1ana el incendio declarado en la cocina de una vivienda ubicada en el pol\u00edgono de Ria\u00f1o, en el municipio de Langreo, que ocasion\u00f3 heridas a una mujer. El fuego calcin\u00f3 la campana extractora y los muebles [&hellip;]\" \/>\n<meta property=\"og:url\" content=\"https:\/\/www.cuencasmineras.com\/index.php\/2021\/01\/16\/un-incendio-calcina-una-cocina-en-riano-y-causa-quemaduras-a-una-mujer\/\" \/>\n<meta property=\"article:published_time\" content=\"2021-01-16T15:10:58+00:00\" \/>\n<meta property=\"og:image\" content=\"https:\/\/www.cuencasmineras.com\/wp-content\/uploads\/2021\/01\/714f0177-bc46-48fb-991c-1b156ddd1cc8_16-9-aspect-ratio_default_0.jpg\" \/>\n\t<meta property=\"og:image:width\" content=\"880\" \/>\n\t<meta property=\"og:image:height\" content=\"495\" \/>\n\t<meta property=\"og:image:type\" content=\"image\/jpeg\" \/>\n<meta name=\"author\" content=\"admin\" \/>\n<meta name=\"twitter:card\" content=\"summary_large_image\" \/>\n<meta name=\"twitter:label1\" content=\"Escrito por\" \/>\n\t<meta name=\"twitter:data1\" content=\"admin\" \/>\n\t<meta name=\"twitter:label2\" content=\"Tiempo de lectura\" \/>\n\t<meta name=\"twitter:data2\" content=\"1 minuto\" \/>\n<script type=\"application\/ld+json\" class=\"yoast-schema-graph\">{\"@context\":\"https:\\\/\\\/schema.org\",\"@graph\":[{\"@type\":\"Article\",\"@id\":\"https:\\\/\\\/www.cuencasmineras.com\\\/index.php\\\/2021\\\/01\\\/16\\\/un-incendio-calcina-una-cocina-en-riano-y-causa-quemaduras-a-una-mujer\\\/#article\",\"isPartOf\":{\"@id\":\"https:\\\/\\\/www.cuencasmineras.com\\\/index.php\\\/2021\\\/01\\\/16\\\/un-incendio-calcina-una-cocina-en-riano-y-causa-quemaduras-a-una-mujer\\\/\"},\"author\":{\"name\":\"admin\",\"@id\":\"https:\\\/\\\/www.cuencasmineras.com\\\/#\\\/schema\\\/person\\\/be0691310e8496ec555f679dd688420c\"},\"headline\":\"Un incendio calcina una cocina en Ria\u00f1o y causa quemaduras a una mujer\",\"datePublished\":\"2021-01-16T15:10:58+00:00\",\"mainEntityOfPage\":{\"@id\":\"https:\\\/\\\/www.cuencasmineras.com\\\/index.php\\\/2021\\\/01\\\/16\\\/un-incendio-calcina-una-cocina-en-riano-y-causa-quemaduras-a-una-mujer\\\/\"},\"wordCount\":149,\"commentCount\":0,\"image\":{\"@id\":\"https:\\\/\\\/www.cuencasmineras.com\\\/index.php\\\/2021\\\/01\\\/16\\\/un-incendio-calcina-una-cocina-en-riano-y-causa-quemaduras-a-una-mujer\\\/#primaryimage\"},\"thumbnailUrl\":\"https:\\\/\\\/www.cuencasmineras.com\\\/wp-content\\\/uploads\\\/2021\\\/01\\\/714f0177-bc46-48fb-991c-1b156ddd1cc8_16-9-aspect-ratio_default_0.jpg\",\"articleSection\":[\"CM NEWS\",\"Nal\u00f3n\"],\"inLanguage\":\"es\",\"potentialAction\":[{\"@type\":\"CommentAction\",\"name\":\"Comment\",\"target\":[\"https:\\\/\\\/www.cuencasmineras.com\\\/index.php\\\/2021\\\/01\\\/16\\\/un-incendio-calcina-una-cocina-en-riano-y-causa-quemaduras-a-una-mujer\\\/#respond\"]}]},{\"@type\":\"WebPage\",\"@id\":\"https:\\\/\\\/www.cuencasmineras.com\\\/index.php\\\/2021\\\/01\\\/16\\\/un-incendio-calcina-una-cocina-en-riano-y-causa-quemaduras-a-una-mujer\\\/\",\"url\":\"https:\\\/\\\/www.cuencasmineras.com\\\/index.php\\\/2021\\\/01\\\/16\\\/un-incendio-calcina-una-cocina-en-riano-y-causa-quemaduras-a-una-mujer\\\/\",\"name\":\"Un incendio calcina una cocina en Ria\u00f1o y causa quemaduras a una mujer -\",\"isPartOf\":{\"@id\":\"https:\\\/\\\/www.cuencasmineras.com\\\/#website\"},\"primaryImageOfPage\":{\"@id\":\"https:\\\/\\\/www.cuencasmineras.com\\\/index.php\\\/2021\\\/01\\\/16\\\/un-incendio-calcina-una-cocina-en-riano-y-causa-quemaduras-a-una-mujer\\\/#primaryimage\"},\"image\":{\"@id\":\"https:\\\/\\\/www.cuencasmineras.com\\\/index.php\\\/2021\\\/01\\\/16\\\/un-incendio-calcina-una-cocina-en-riano-y-causa-quemaduras-a-una-mujer\\\/#primaryimage\"},\"thumbnailUrl\":\"https:\\\/\\\/www.cuencasmineras.com\\\/wp-content\\\/uploads\\\/2021\\\/01\\\/714f0177-bc46-48fb-991c-1b156ddd1cc8_16-9-aspect-ratio_default_0.jpg\",\"datePublished\":\"2021-01-16T15:10:58+00:00\",\"author\":{\"@id\":\"https:\\\/\\\/www.cuencasmineras.com\\\/#\\\/schema\\\/person\\\/be0691310e8496ec555f679dd688420c\"},\"breadcrumb\":{\"@id\":\"https:\\\/\\\/www.cuencasmineras.com\\\/index.php\\\/2021\\\/01\\\/16\\\/un-incendio-calcina-una-cocina-en-riano-y-causa-quemaduras-a-una-mujer\\\/#breadcrumb\"},\"inLanguage\":\"es\",\"potentialAction\":[{\"@type\":\"ReadAction\",\"target\":[\"https:\\\/\\\/www.cuencasmineras.com\\\/index.php\\\/2021\\\/01\\\/16\\\/un-incendio-calcina-una-cocina-en-riano-y-causa-quemaduras-a-una-mujer\\\/\"]}]},{\"@type\":\"ImageObject\",\"inLanguage\":\"es\",\"@id\":\"https:\\\/\\\/www.cuencasmineras.com\\\/index.php\\\/2021\\\/01\\\/16\\\/un-incendio-calcina-una-cocina-en-riano-y-causa-quemaduras-a-una-mujer\\\/#primaryimage\",\"url\":\"https:\\\/\\\/www.cuencasmineras.com\\\/wp-content\\\/uploads\\\/2021\\\/01\\\/714f0177-bc46-48fb-991c-1b156ddd1cc8_16-9-aspect-ratio_default_0.jpg\",\"contentUrl\":\"https:\\\/\\\/www.cuencasmineras.com\\\/wp-content\\\/uploads\\\/2021\\\/01\\\/714f0177-bc46-48fb-991c-1b156ddd1cc8_16-9-aspect-ratio_default_0.jpg\",\"width\":880,\"height\":495},{\"@type\":\"BreadcrumbList\",\"@id\":\"https:\\\/\\\/www.cuencasmineras.com\\\/index.php\\\/2021\\\/01\\\/16\\\/un-incendio-calcina-una-cocina-en-riano-y-causa-quemaduras-a-una-mujer\\\/#breadcrumb\",\"itemListElement\":[{\"@type\":\"ListItem\",\"position\":1,\"name\":\"Portada\",\"item\":\"https:\\\/\\\/www.cuencasmineras.com\\\/\"},{\"@type\":\"ListItem\",\"position\":2,\"name\":\"Un incendio calcina una cocina en Ria\u00f1o y causa quemaduras a una mujer\"}]},{\"@type\":\"WebSite\",\"@id\":\"https:\\\/\\\/www.cuencasmineras.com\\\/#website\",\"url\":\"https:\\\/\\\/www.cuencasmineras.com\\\/\",\"name\":\"\",\"description\":\"\",\"potentialAction\":[{\"@type\":\"SearchAction\",\"target\":{\"@type\":\"EntryPoint\",\"urlTemplate\":\"https:\\\/\\\/www.cuencasmineras.com\\\/?s={search_term_string}\"},\"query-input\":{\"@type\":\"PropertyValueSpecification\",\"valueRequired\":true,\"valueName\":\"search_term_string\"}}],\"inLanguage\":\"es\"},{\"@type\":\"Person\",\"@id\":\"https:\\\/\\\/www.cuencasmineras.com\\\/#\\\/schema\\\/person\\\/be0691310e8496ec555f679dd688420c\",\"name\":\"admin\",\"image\":{\"@type\":\"ImageObject\",\"inLanguage\":\"es\",\"@id\":\"https:\\\/\\\/secure.gravatar.com\\\/avatar\\\/4afd2eed3b2fbbf36dd6707b5bd8a5b50ac648f033e36fbf85aeace2f0f859db?s=96&d=mm&r=g\",\"url\":\"https:\\\/\\\/secure.gravatar.com\\\/avatar\\\/4afd2eed3b2fbbf36dd6707b5bd8a5b50ac648f033e36fbf85aeace2f0f859db?s=96&d=mm&r=g\",\"contentUrl\":\"https:\\\/\\\/secure.gravatar.com\\\/avatar\\\/4afd2eed3b2fbbf36dd6707b5bd8a5b50ac648f033e36fbf85aeace2f0f859db?s=96&d=mm&r=g\",\"caption\":\"admin\"},\"sameAs\":[\"https:\\\/\\\/www.cuencasmineras.com\"],\"url\":\"https:\\\/\\\/www.cuencasmineras.com\\\/index.php\\\/author\\\/admin\\\/\"}]}<\/script>\n<!-- \/ Yoast SEO plugin. -->","yoast_head_json":{"title":"Un incendio calcina una cocina en Ria\u00f1o y causa quemaduras a una mujer -","robots":{"index":"index","follow":"follow","max-snippet":"max-snippet:-1","max-image-preview":"max-image-preview:large","max-video-preview":"max-video-preview:-1"},"canonical":"https:\/\/www.cuencasmineras.com\/index.php\/2021\/01\/16\/un-incendio-calcina-una-cocina-en-riano-y-causa-quemaduras-a-una-mujer\/","og_locale":"es_ES","og_type":"article","og_title":"Un incendio calcina una cocina en Ria\u00f1o y causa quemaduras a una mujer -","og_description":"Una dotaci\u00f3n de bomberos con base en el parque de San Mart\u00edn del Rey Aurelio extingui\u00f3 ayer por la ma\u00f1ana el incendio declarado en la cocina de una vivienda ubicada en el pol\u00edgono de Ria\u00f1o, en el municipio de Langreo, que ocasion\u00f3 heridas a una mujer. El fuego calcin\u00f3 la campana extractora y los muebles [&hellip;]","og_url":"https:\/\/www.cuencasmineras.com\/index.php\/2021\/01\/16\/un-incendio-calcina-una-cocina-en-riano-y-causa-quemaduras-a-una-mujer\/","article_published_time":"2021-01-16T15:10:58+00:00","og_image":[{"width":880,"height":495,"url":"https:\/\/www.cuencasmineras.com\/wp-content\/uploads\/2021\/01\/714f0177-bc46-48fb-991c-1b156ddd1cc8_16-9-aspect-ratio_default_0.jpg","type":"image\/jpeg"}],"author":"admin","twitter_card":"summary_large_image","twitter_misc":{"Escrito por":"admin","Tiempo de lectura":"1 minuto"},"schema":{"@context":"https:\/\/schema.org","@graph":[{"@type":"Article","@id":"https:\/\/www.cuencasmineras.com\/index.php\/2021\/01\/16\/un-incendio-calcina-una-cocina-en-riano-y-causa-quemaduras-a-una-mujer\/#article","isPartOf":{"@id":"https:\/\/www.cuencasmineras.com\/index.php\/2021\/01\/16\/un-incendio-calcina-una-cocina-en-riano-y-causa-quemaduras-a-una-mujer\/"},"author":{"name":"admin","@id":"https:\/\/www.cuencasmineras.com\/#\/schema\/person\/be0691310e8496ec555f679dd688420c"},"headline":"Un incendio calcina una cocina en Ria\u00f1o y causa quemaduras a una mujer","datePublished":"2021-01-16T15:10:58+00:00","mainEntityOfPage":{"@id":"https:\/\/www.cuencasmineras.com\/index.php\/2021\/01\/16\/un-incendio-calcina-una-cocina-en-riano-y-causa-quemaduras-a-una-mujer\/"},"wordCount":149,"commentCount":0,"image":{"@id":"https:\/\/www.cuencasmineras.com\/index.php\/2021\/01\/16\/un-incendio-calcina-una-cocina-en-riano-y-causa-quemaduras-a-una-mujer\/#primaryimage"},"thumbnailUrl":"https:\/\/www.cuencasmineras.com\/wp-content\/uploads\/2021\/01\/714f0177-bc46-48fb-991c-1b156ddd1cc8_16-9-aspect-ratio_default_0.jpg","articleSection":["CM NEWS","Nal\u00f3n"],"inLanguage":"es","potentialAction":[{"@type":"CommentAction","name":"Comment","target":["https:\/\/www.cuencasmineras.com\/index.php\/2021\/01\/16\/un-incendio-calcina-una-cocina-en-riano-y-causa-quemaduras-a-una-mujer\/#respond"]}]},{"@type":"WebPage","@id":"https:\/\/www.cuencasmineras.com\/index.php\/2021\/01\/16\/un-incendio-calcina-una-cocina-en-riano-y-causa-quemaduras-a-una-mujer\/","url":"https:\/\/www.cuencasmineras.com\/index.php\/2021\/01\/16\/un-incendio-calcina-una-cocina-en-riano-y-causa-quemaduras-a-una-mujer\/","name":"Un incendio calcina una cocina en Ria\u00f1o y causa quemaduras a una mujer -","isPartOf":{"@id":"https:\/\/www.cuencasmineras.com\/#website"},"primaryImageOfPage":{"@id":"https:\/\/www.cuencasmineras.com\/index.php\/2021\/01\/16\/un-incendio-calcina-una-cocina-en-riano-y-causa-quemaduras-a-una-mujer\/#primaryimage"},"image":{"@id":"https:\/\/www.cuencasmineras.com\/index.php\/2021\/01\/16\/un-incendio-calcina-una-cocina-en-riano-y-causa-quemaduras-a-una-mujer\/#primaryimage"},"thumbnailUrl":"https:\/\/www.cuencasmineras.com\/wp-content\/uploads\/2021\/01\/714f0177-bc46-48fb-991c-1b156ddd1cc8_16-9-aspect-ratio_default_0.jpg","datePublished":"2021-01-16T15:10:58+00:00","author":{"@id":"https:\/\/www.cuencasmineras.com\/#\/schema\/person\/be0691310e8496ec555f679dd688420c"},"breadcrumb":{"@id":"https:\/\/www.cuencasmineras.com\/index.php\/2021\/01\/16\/un-incendio-calcina-una-cocina-en-riano-y-causa-quemaduras-a-una-mujer\/#breadcrumb"},"inLanguage":"es","potentialAction":[{"@type":"ReadAction","target":["https:\/\/www.cuencasmineras.com\/index.php\/2021\/01\/16\/un-incendio-calcina-una-cocina-en-riano-y-causa-quemaduras-a-una-mujer\/"]}]},{"@type":"ImageObject","inLanguage":"es","@id":"https:\/\/www.cuencasmineras.com\/index.php\/2021\/01\/16\/un-incendio-calcina-una-cocina-en-riano-y-causa-quemaduras-a-una-mujer\/#primaryimage","url":"https:\/\/www.cuencasmineras.com\/wp-content\/uploads\/2021\/01\/714f0177-bc46-48fb-991c-1b156ddd1cc8_16-9-aspect-ratio_default_0.jpg","contentUrl":"https:\/\/www.cuencasmineras.com\/wp-content\/uploads\/2021\/01\/714f0177-bc46-48fb-991c-1b156ddd1cc8_16-9-aspect-ratio_default_0.jpg","width":880,"height":495},{"@type":"BreadcrumbList","@id":"https:\/\/www.cuencasmineras.com\/index.php\/2021\/01\/16\/un-incendio-calcina-una-cocina-en-riano-y-causa-quemaduras-a-una-mujer\/#breadcrumb","itemListElement":[{"@type":"ListItem","position":1,"name":"Portada","item":"https:\/\/www.cuencasmineras.com\/"},{"@type":"ListItem","position":2,"name":"Un incendio calcina una cocina en Ria\u00f1o y causa quemaduras a una mujer"}]},{"@type":"WebSite","@id":"https:\/\/www.cuencasmineras.com\/#website","url":"https:\/\/www.cuencasmineras.com\/","name":"","description":"","potentialAction":[{"@type":"SearchAction","target":{"@type":"EntryPoint","urlTemplate":"https:\/\/www.cuencasmineras.com\/?s={search_term_string}"},"query-input":{"@type":"PropertyValueSpecification","valueRequired":true,"valueName":"search_term_string"}}],"inLanguage":"es"},{"@type":"Person","@id":"https:\/\/www.cuencasmineras.com\/#\/schema\/person\/be0691310e8496ec555f679dd688420c","name":"admin","image":{"@type":"ImageObject","inLanguage":"es","@id":"https:\/\/secure.gravatar.com\/avatar\/4afd2eed3b2fbbf36dd6707b5bd8a5b50ac648f033e36fbf85aeace2f0f859db?s=96&d=mm&r=g","url":"https:\/\/secure.gravatar.com\/avatar\/4afd2eed3b2fbbf36dd6707b5bd8a5b50ac648f033e36fbf85aeace2f0f859db?s=96&d=mm&r=g","contentUrl":"https:\/\/secure.gravatar.com\/avatar\/4afd2eed3b2fbbf36dd6707b5bd8a5b50ac648f033e36fbf85aeace2f0f859db?s=96&d=mm&r=g","caption":"admin"},"sameAs":["https:\/\/www.cuencasmineras.com"],"url":"https:\/\/www.cuencasmineras.com\/index.php\/author\/admin\/"}]}},"_links":{"self":[{"href":"https:\/\/www.cuencasmineras.com\/index.php\/wp-json\/wp\/v2\/posts\/1684","targetHints":{"allow":["GET"]}}],"collection":[{"href":"https:\/\/www.cuencasmineras.com\/index.php\/wp-json\/wp\/v2\/posts"}],"about":[{"href":"https:\/\/www.cuencasmineras.com\/index.php\/wp-json\/wp\/v2\/types\/post"}],"author":[{"embeddable":true,"href":"https:\/\/www.cuencasmineras.com\/index.php\/wp-json\/wp\/v2\/users\/1"}],"replies":[{"embeddable":true,"href":"https:\/\/www.cuencasmineras.com\/index.php\/wp-json\/wp\/v2\/comments?post=1684"}],"version-history":[{"count":1,"href":"https:\/\/www.cuencasmineras.com\/index.php\/wp-json\/wp\/v2\/posts\/1684\/revisions"}],"predecessor-version":[{"id":1686,"href":"https:\/\/www.cuencasmineras.com\/index.php\/wp-json\/wp\/v2\/posts\/1684\/revisions\/1686"}],"wp:featuredmedia":[{"embeddable":true,"href":"https:\/\/www.cuencasmineras.com\/index.php\/wp-json\/wp\/v2\/media\/1685"}],"wp:attachment":[{"href":"https:\/\/www.cuencasmineras.com\/index.php\/wp-json\/wp\/v2\/media?parent=1684"}],"wp:term":[{"taxonomy":"category","embeddable":true,"href":"https:\/\/www.cuencasmineras.com\/index.php\/wp-json\/wp\/v2\/categories?post=1684"},{"taxonomy":"post_tag","embeddable":true,"href":"https:\/\/www.cuencasmineras.com\/index.php\/wp-json\/wp\/v2\/tags?post=1684"}],"curies":[{"name":"wp","href":"https:\/\/api.w.org\/{rel}","templated":true}]}}