{"id":1772,"date":"2021-02-08T12:25:17","date_gmt":"2021-02-08T12:25:17","guid":{"rendered":"https:\/\/www.cuencasmineras.com\/?p=1772"},"modified":"2021-02-08T12:25:17","modified_gmt":"2021-02-08T12:25:17","slug":"foro-mieres-exige-al-ayuntamiento-el-arreglo-urgente-del-acceso-al-barrio-de-zarramin","status":"publish","type":"post","link":"https:\/\/www.cuencasmineras.com\/index.php\/2021\/02\/08\/foro-mieres-exige-al-ayuntamiento-el-arreglo-urgente-del-acceso-al-barrio-de-zarramin\/","title":{"rendered":"FORO Mieres exige al Ayuntamiento el arreglo urgente del acceso al barrio de Zarram\u00edn"},"content":{"rendered":"<p style=\"text-align: justify;\" align=\"JUSTIFY\"><span style=\"font-family: Arial, serif;\"><span style=\"font-size: x-large;\"><b>Jes\u00fas El\u00edas Rodr\u00edguez: \u201cFORO Mieres exige al Ayuntamiento el arreglo y la canalizaci\u00f3n urgente de la carretera de acceso al barrio de Zarram\u00edn, en un estado deplorable\u201d<\/b><\/span><\/span><\/p>\n<ul style=\"text-align: justify;\">\n<li>\n<p align=\"JUSTIFY\"><a name=\"_Hlk35450519\"><\/a> \u201c<span style=\"font-family: Arial, serif;\"><span style=\"font-size: large;\"><b>Han pasado tres a\u00f1os desde que reivindicamos la mejora de este vial y el Ayuntamiento no ha hecho nada desde entonces para solucionar los numerosos desperfectos que presenta\u201d<\/b><\/span><\/span><\/p>\n<\/li>\n<li>\n<p align=\"JUSTIFY\">\u201c<span style=\"font-family: Arial, serif;\"><span style=\"font-size: large;\"><b>Adem\u00e1s de los enormes socavones en el asfalto, la principal preocupaci\u00f3n de los vecinos est\u00e1 en las regueras de la carretera que no est\u00e1n debidamente canalizadas, por lo que son frecuentes las inundaciones que ya han quebrado el arc\u00e9n y dificultan enormemente el acceso al barrio cuando llueve\u201d<\/b><\/span><\/span><\/p>\n<\/li>\n<li>\n<p align=\"JUSTIFY\">\u201c<span style=\"font-family: Arial, serif;\"><span style=\"font-size: large;\"><b>Las alcantarillas est\u00e1n atascadas y casi no hay luz por lo que ser\u00eda necesario dotar al vial de una nueva luminaria\u201d<\/b><\/span><\/span><\/p>\n<\/li>\n<\/ul>\n<p style=\"text-align: justify;\" align=\"JUSTIFY\">\n<p style=\"text-align: justify;\" align=\"JUSTIFY\"><span style=\"font-family: Arial, serif;\"><span style=\"font-size: large;\"><u><b>08.02.2021 (Mieres)<\/b><\/u><\/span><\/span><span style=\"font-family: Arial, serif;\"><span style=\"font-size: large;\"><u>.-<\/u><\/span><\/span><span style=\"font-family: Arial, serif;\"><span style=\"font-size: large;\"> El secretario general de FORO Mieres, Jes\u00fas El\u00edas Rodr\u00edguez, ha denunciado hoy la situaci\u00f3n precaria que presenta la carretera de acceso al barrio de Zarram\u00edn. Por este motivo, Rodr\u00edguez ha vuelto a exigir al Ayuntamiento \u201cel arreglo y la canalizaci\u00f3n urgente de la carretera de acceso al barrio de Zarram\u00edn, que se encuentra en un estado deplorable\u201d.<\/span><\/span><\/p>\n<p style=\"text-align: justify;\" align=\"JUSTIFY\">\u201c<span style=\"font-family: Arial, serif;\"><span style=\"font-size: large;\">Han pasado tres a\u00f1os desde que reivindicamos la mejora de este vial y el Ayuntamiento no ha hecho nada desde entonces para solucionar los numerosos desperfectos que presenta\u201d, ha afirmado el secretario forista. \u201cAdem\u00e1s de los enormes socavones en el asfalto, la principal preocupaci\u00f3n de los vecinos est\u00e1 en las regueras de la carretera que no est\u00e1n debidamente canalizadas, por lo que son frecuentes las inundaciones que ya han quebrado el arc\u00e9n y dificultan enormemente el acceso al barrio cuando llueve\u201d, dijo. Adem\u00e1s, Jes\u00fas El\u00edas Rodr\u00edguez apunt\u00f3 que \u201clas alcantarillas est\u00e1n atascadas y casi no hay luz por lo que ser\u00eda necesario dotar al vial de una nueva luminaria\u201d.<\/span><\/span><\/p>\n<p style=\"text-align: justify;\" align=\"JUSTIFY\">\u201c<span style=\"font-family: Arial, serif;\"><span style=\"font-size: large;\">El Ayuntamiento no ha hecho nada en todo este tiempo para dar una soluci\u00f3n a la veintena de vecinos del barrio del Zarram\u00edn. Hace unos a\u00f1os se llev\u00f3 a cabo una adecuaci\u00f3n de la carretera pero las regueras no construyeron bien, tal y como pudimos comprobar en la visita que realizaron desde FORO Mieres, y, como consecuencia, cuando llueve la carretera se inunda y provoca, debido a la pendiente existente en algunos tramos, que patinen los coches con el peligro que esto conlleva ya que es una carretera bastante estrecha. Adem\u00e1s, hemos podido comprobar el dif\u00edcil acceso de cualquier veh\u00edculo de emergencias, como bomberos o ambulancias\u201d.<\/span><\/span><\/p>\n<p style=\"text-align: justify;\" align=\"JUSTIFY\">\u201c<span style=\"font-family: Arial, serif;\"><span style=\"font-size: large;\">Despu\u00e9s de estos \u00faltimos temporales los vecinos nos han vuelto a comunicar que se han agudizado los problemas y agrandado incluso las grietas en la carretera\u201d, explic\u00f3 el portavoz forista. \u201cEn nuestra visita al barrio constatamos que las regueras del vial est\u00e1n llenas de tierra procedentes de argayos, las alcantarillas y sumideros atascados y son los propios vecinos los que tienen que quitar el barro de ellas. Los vecinos nos comentan que ya han dado aviso en varias ocasiones al Ayuntamiento pero que les han hecho caso omiso, pues cada vez est\u00e1n peor\u201d. Por este motivo, reivindic\u00f3 Rodr\u00edguez, \u201csolicitamos la actuaci\u00f3n municipal a la mayor brevedad posible antes de que los problemas en Zarram\u00edn vayan a m\u00e1s\u201d.<\/span><\/span><\/p>\n<p align=\"JUSTIFY\">\n<p align=\"JUSTIFY\"><img loading=\"lazy\" decoding=\"async\" class=\"aligncenter size-large wp-image-1773\" src=\"https:\/\/www.cuencasmineras.com\/wp-content\/uploads\/2021\/02\/2021.02.08-Fotografia-FORO-MIERES.-ZARRAMIN-1-768x1024.jpg\" alt=\"\" width=\"640\" height=\"853\" srcset=\"https:\/\/www.cuencasmineras.com\/wp-content\/uploads\/2021\/02\/2021.02.08-Fotografia-FORO-MIERES.-ZARRAMIN-1-768x1024.jpg 768w, https:\/\/www.cuencasmineras.com\/wp-content\/uploads\/2021\/02\/2021.02.08-Fotografia-FORO-MIERES.-ZARRAMIN-1-225x300.jpg 225w, https:\/\/www.cuencasmineras.com\/wp-content\/uploads\/2021\/02\/2021.02.08-Fotografia-FORO-MIERES.-ZARRAMIN-1-1152x1536.jpg 1152w, https:\/\/www.cuencasmineras.com\/wp-content\/uploads\/2021\/02\/2021.02.08-Fotografia-FORO-MIERES.-ZARRAMIN-1.jpg 1500w\" sizes=\"auto, (max-width: 640px) 100vw, 640px\" \/> <img loading=\"lazy\" decoding=\"async\" class=\"aligncenter size-large wp-image-1774\" src=\"https:\/\/www.cuencasmineras.com\/wp-content\/uploads\/2021\/02\/2021.02.08-Fotografia-FORO-MIERES.-ZARRAMIN-2-768x1024.jpg\" alt=\"\" width=\"640\" height=\"853\" srcset=\"https:\/\/www.cuencasmineras.com\/wp-content\/uploads\/2021\/02\/2021.02.08-Fotografia-FORO-MIERES.-ZARRAMIN-2-768x1024.jpg 768w, https:\/\/www.cuencasmineras.com\/wp-content\/uploads\/2021\/02\/2021.02.08-Fotografia-FORO-MIERES.-ZARRAMIN-2-225x300.jpg 225w, https:\/\/www.cuencasmineras.com\/wp-content\/uploads\/2021\/02\/2021.02.08-Fotografia-FORO-MIERES.-ZARRAMIN-2-1152x1536.jpg 1152w, https:\/\/www.cuencasmineras.com\/wp-content\/uploads\/2021\/02\/2021.02.08-Fotografia-FORO-MIERES.-ZARRAMIN-2.jpg 1500w\" sizes=\"auto, (max-width: 640px) 100vw, 640px\" \/> <img loading=\"lazy\" decoding=\"async\" class=\"aligncenter size-large wp-image-1775\" src=\"https:\/\/www.cuencasmineras.com\/wp-content\/uploads\/2021\/02\/2021.02.08-Fotografia-FORO-MIERES.-ZARRAMIN-3-768x1024.jpg\" alt=\"\" width=\"640\" height=\"853\" srcset=\"https:\/\/www.cuencasmineras.com\/wp-content\/uploads\/2021\/02\/2021.02.08-Fotografia-FORO-MIERES.-ZARRAMIN-3-768x1024.jpg 768w, https:\/\/www.cuencasmineras.com\/wp-content\/uploads\/2021\/02\/2021.02.08-Fotografia-FORO-MIERES.-ZARRAMIN-3-225x300.jpg 225w, https:\/\/www.cuencasmineras.com\/wp-content\/uploads\/2021\/02\/2021.02.08-Fotografia-FORO-MIERES.-ZARRAMIN-3-1152x1536.jpg 1152w, https:\/\/www.cuencasmineras.com\/wp-content\/uploads\/2021\/02\/2021.02.08-Fotografia-FORO-MIERES.-ZARRAMIN-3.jpg 1200w\" sizes=\"auto, (max-width: 640px) 100vw, 640px\" \/> <img loading=\"lazy\" decoding=\"async\" class=\"aligncenter size-large wp-image-1776\" src=\"https:\/\/www.cuencasmineras.com\/wp-content\/uploads\/2021\/02\/2021.02.08-Fotografia-FORO-MIERES.-ZARRAMIN-4-768x1024.jpg\" alt=\"\" width=\"640\" height=\"853\" srcset=\"https:\/\/www.cuencasmineras.com\/wp-content\/uploads\/2021\/02\/2021.02.08-Fotografia-FORO-MIERES.-ZARRAMIN-4-768x1024.jpg 768w, https:\/\/www.cuencasmineras.com\/wp-content\/uploads\/2021\/02\/2021.02.08-Fotografia-FORO-MIERES.-ZARRAMIN-4-225x300.jpg 225w, https:\/\/www.cuencasmineras.com\/wp-content\/uploads\/2021\/02\/2021.02.08-Fotografia-FORO-MIERES.-ZARRAMIN-4-1152x1536.jpg 1152w, https:\/\/www.cuencasmineras.com\/wp-content\/uploads\/2021\/02\/2021.02.08-Fotografia-FORO-MIERES.-ZARRAMIN-4.jpg 1500w\" sizes=\"auto, (max-width: 640px) 100vw, 640px\" \/><\/p>\n","protected":false},"excerpt":{"rendered":"<p>Jes\u00fas El\u00edas Rodr\u00edguez: \u201cFORO Mieres exige al Ayuntamiento el arreglo y la canalizaci\u00f3n urgente de la carretera de acceso al barrio de Zarram\u00edn, en un estado deplorable\u201d \u201cHan pasado tres a\u00f1os desde que reivindicamos la mejora de este vial y el Ayuntamiento no ha hecho nada desde entonces para solucionar los numerosos desperfectos que presenta\u201d [&hellip;]<\/p>\n","protected":false},"author":1,"featured_media":0,"comment_status":"open","ping_status":"open","sticky":false,"template":"","format":"standard","meta":{"footnotes":""},"categories":[7,6],"tags":[],"class_list":["post-1772","post","type-post","status-publish","format-standard","hentry","category-caudal","category-noticias"],"yoast_head":"<!-- This site is optimized with the Yoast SEO plugin v27.4 - https:\/\/yoast.com\/product\/yoast-seo-wordpress\/ -->\n<title>FORO Mieres exige al Ayuntamiento el arreglo urgente del acceso al barrio de Zarram\u00edn -<\/title>\n<meta name=\"robots\" content=\"index, follow, max-snippet:-1, max-image-preview:large, max-video-preview:-1\" \/>\n<link rel=\"canonical\" href=\"https:\/\/www.cuencasmineras.com\/index.php\/2021\/02\/08\/foro-mieres-exige-al-ayuntamiento-el-arreglo-urgente-del-acceso-al-barrio-de-zarramin\/\" \/>\n<meta property=\"og:locale\" content=\"es_ES\" \/>\n<meta property=\"og:type\" content=\"article\" \/>\n<meta property=\"og:title\" content=\"FORO Mieres exige al Ayuntamiento el arreglo urgente del acceso al barrio de Zarram\u00edn -\" \/>\n<meta property=\"og:description\" content=\"Jes\u00fas El\u00edas Rodr\u00edguez: \u201cFORO Mieres exige al Ayuntamiento el arreglo y la canalizaci\u00f3n urgente de la carretera de acceso al barrio de Zarram\u00edn, en un estado deplorable\u201d \u201cHan pasado tres a\u00f1os desde que reivindicamos la mejora de este vial y el Ayuntamiento no ha hecho nada desde entonces para solucionar los numerosos desperfectos que presenta\u201d [&hellip;]\" \/>\n<meta property=\"og:url\" content=\"https:\/\/www.cuencasmineras.com\/index.php\/2021\/02\/08\/foro-mieres-exige-al-ayuntamiento-el-arreglo-urgente-del-acceso-al-barrio-de-zarramin\/\" \/>\n<meta property=\"article:published_time\" content=\"2021-02-08T12:25:17+00:00\" \/>\n<meta property=\"og:image\" content=\"https:\/\/www.cuencasmineras.com\/wp-content\/uploads\/2021\/02\/2021.02.08-Fotografia-FORO-MIERES.-ZARRAMIN-1-768x1024.jpg\" \/>\n<meta name=\"author\" content=\"admin\" \/>\n<meta name=\"twitter:card\" content=\"summary_large_image\" \/>\n<meta name=\"twitter:label1\" content=\"Escrito por\" \/>\n\t<meta name=\"twitter:data1\" content=\"admin\" \/>\n\t<meta name=\"twitter:label2\" content=\"Tiempo de lectura\" \/>\n\t<meta name=\"twitter:data2\" content=\"4 minutos\" \/>\n<script type=\"application\/ld+json\" class=\"yoast-schema-graph\">{\"@context\":\"https:\\\/\\\/schema.org\",\"@graph\":[{\"@type\":\"Article\",\"@id\":\"https:\\\/\\\/www.cuencasmineras.com\\\/index.php\\\/2021\\\/02\\\/08\\\/foro-mieres-exige-al-ayuntamiento-el-arreglo-urgente-del-acceso-al-barrio-de-zarramin\\\/#article\",\"isPartOf\":{\"@id\":\"https:\\\/\\\/www.cuencasmineras.com\\\/index.php\\\/2021\\\/02\\\/08\\\/foro-mieres-exige-al-ayuntamiento-el-arreglo-urgente-del-acceso-al-barrio-de-zarramin\\\/\"},\"author\":{\"name\":\"admin\",\"@id\":\"https:\\\/\\\/www.cuencasmineras.com\\\/#\\\/schema\\\/person\\\/be0691310e8496ec555f679dd688420c\"},\"headline\":\"FORO Mieres exige al Ayuntamiento el arreglo urgente del acceso al barrio de Zarram\u00edn\",\"datePublished\":\"2021-02-08T12:25:17+00:00\",\"mainEntityOfPage\":{\"@id\":\"https:\\\/\\\/www.cuencasmineras.com\\\/index.php\\\/2021\\\/02\\\/08\\\/foro-mieres-exige-al-ayuntamiento-el-arreglo-urgente-del-acceso-al-barrio-de-zarramin\\\/\"},\"wordCount\":575,\"commentCount\":0,\"image\":{\"@id\":\"https:\\\/\\\/www.cuencasmineras.com\\\/index.php\\\/2021\\\/02\\\/08\\\/foro-mieres-exige-al-ayuntamiento-el-arreglo-urgente-del-acceso-al-barrio-de-zarramin\\\/#primaryimage\"},\"thumbnailUrl\":\"https:\\\/\\\/www.cuencasmineras.com\\\/wp-content\\\/uploads\\\/2021\\\/02\\\/2021.02.08-Fotografia-FORO-MIERES.-ZARRAMIN-1-768x1024.jpg\",\"articleSection\":[\"Caudal\",\"CM NEWS\"],\"inLanguage\":\"es\",\"potentialAction\":[{\"@type\":\"CommentAction\",\"name\":\"Comment\",\"target\":[\"https:\\\/\\\/www.cuencasmineras.com\\\/index.php\\\/2021\\\/02\\\/08\\\/foro-mieres-exige-al-ayuntamiento-el-arreglo-urgente-del-acceso-al-barrio-de-zarramin\\\/#respond\"]}]},{\"@type\":\"WebPage\",\"@id\":\"https:\\\/\\\/www.cuencasmineras.com\\\/index.php\\\/2021\\\/02\\\/08\\\/foro-mieres-exige-al-ayuntamiento-el-arreglo-urgente-del-acceso-al-barrio-de-zarramin\\\/\",\"url\":\"https:\\\/\\\/www.cuencasmineras.com\\\/index.php\\\/2021\\\/02\\\/08\\\/foro-mieres-exige-al-ayuntamiento-el-arreglo-urgente-del-acceso-al-barrio-de-zarramin\\\/\",\"name\":\"FORO Mieres exige al Ayuntamiento el arreglo urgente del acceso al barrio de Zarram\u00edn -\",\"isPartOf\":{\"@id\":\"https:\\\/\\\/www.cuencasmineras.com\\\/#website\"},\"primaryImageOfPage\":{\"@id\":\"https:\\\/\\\/www.cuencasmineras.com\\\/index.php\\\/2021\\\/02\\\/08\\\/foro-mieres-exige-al-ayuntamiento-el-arreglo-urgente-del-acceso-al-barrio-de-zarramin\\\/#primaryimage\"},\"image\":{\"@id\":\"https:\\\/\\\/www.cuencasmineras.com\\\/index.php\\\/2021\\\/02\\\/08\\\/foro-mieres-exige-al-ayuntamiento-el-arreglo-urgente-del-acceso-al-barrio-de-zarramin\\\/#primaryimage\"},\"thumbnailUrl\":\"https:\\\/\\\/www.cuencasmineras.com\\\/wp-content\\\/uploads\\\/2021\\\/02\\\/2021.02.08-Fotografia-FORO-MIERES.-ZARRAMIN-1-768x1024.jpg\",\"datePublished\":\"2021-02-08T12:25:17+00:00\",\"author\":{\"@id\":\"https:\\\/\\\/www.cuencasmineras.com\\\/#\\\/schema\\\/person\\\/be0691310e8496ec555f679dd688420c\"},\"breadcrumb\":{\"@id\":\"https:\\\/\\\/www.cuencasmineras.com\\\/index.php\\\/2021\\\/02\\\/08\\\/foro-mieres-exige-al-ayuntamiento-el-arreglo-urgente-del-acceso-al-barrio-de-zarramin\\\/#breadcrumb\"},\"inLanguage\":\"es\",\"potentialAction\":[{\"@type\":\"ReadAction\",\"target\":[\"https:\\\/\\\/www.cuencasmineras.com\\\/index.php\\\/2021\\\/02\\\/08\\\/foro-mieres-exige-al-ayuntamiento-el-arreglo-urgente-del-acceso-al-barrio-de-zarramin\\\/\"]}]},{\"@type\":\"ImageObject\",\"inLanguage\":\"es\",\"@id\":\"https:\\\/\\\/www.cuencasmineras.com\\\/index.php\\\/2021\\\/02\\\/08\\\/foro-mieres-exige-al-ayuntamiento-el-arreglo-urgente-del-acceso-al-barrio-de-zarramin\\\/#primaryimage\",\"url\":\"https:\\\/\\\/www.cuencasmineras.com\\\/wp-content\\\/uploads\\\/2021\\\/02\\\/2021.02.08-Fotografia-FORO-MIERES.-ZARRAMIN-1.jpg\",\"contentUrl\":\"https:\\\/\\\/www.cuencasmineras.com\\\/wp-content\\\/uploads\\\/2021\\\/02\\\/2021.02.08-Fotografia-FORO-MIERES.-ZARRAMIN-1.jpg\",\"width\":1500,\"height\":2000},{\"@type\":\"BreadcrumbList\",\"@id\":\"https:\\\/\\\/www.cuencasmineras.com\\\/index.php\\\/2021\\\/02\\\/08\\\/foro-mieres-exige-al-ayuntamiento-el-arreglo-urgente-del-acceso-al-barrio-de-zarramin\\\/#breadcrumb\",\"itemListElement\":[{\"@type\":\"ListItem\",\"position\":1,\"name\":\"Portada\",\"item\":\"https:\\\/\\\/www.cuencasmineras.com\\\/\"},{\"@type\":\"ListItem\",\"position\":2,\"name\":\"FORO Mieres exige al Ayuntamiento el arreglo urgente del acceso al barrio de Zarram\u00edn\"}]},{\"@type\":\"WebSite\",\"@id\":\"https:\\\/\\\/www.cuencasmineras.com\\\/#website\",\"url\":\"https:\\\/\\\/www.cuencasmineras.com\\\/\",\"name\":\"\",\"description\":\"\",\"potentialAction\":[{\"@type\":\"SearchAction\",\"target\":{\"@type\":\"EntryPoint\",\"urlTemplate\":\"https:\\\/\\\/www.cuencasmineras.com\\\/?s={search_term_string}\"},\"query-input\":{\"@type\":\"PropertyValueSpecification\",\"valueRequired\":true,\"valueName\":\"search_term_string\"}}],\"inLanguage\":\"es\"},{\"@type\":\"Person\",\"@id\":\"https:\\\/\\\/www.cuencasmineras.com\\\/#\\\/schema\\\/person\\\/be0691310e8496ec555f679dd688420c\",\"name\":\"admin\",\"image\":{\"@type\":\"ImageObject\",\"inLanguage\":\"es\",\"@id\":\"https:\\\/\\\/secure.gravatar.com\\\/avatar\\\/4afd2eed3b2fbbf36dd6707b5bd8a5b50ac648f033e36fbf85aeace2f0f859db?s=96&d=mm&r=g\",\"url\":\"https:\\\/\\\/secure.gravatar.com\\\/avatar\\\/4afd2eed3b2fbbf36dd6707b5bd8a5b50ac648f033e36fbf85aeace2f0f859db?s=96&d=mm&r=g\",\"contentUrl\":\"https:\\\/\\\/secure.gravatar.com\\\/avatar\\\/4afd2eed3b2fbbf36dd6707b5bd8a5b50ac648f033e36fbf85aeace2f0f859db?s=96&d=mm&r=g\",\"caption\":\"admin\"},\"sameAs\":[\"https:\\\/\\\/www.cuencasmineras.com\"],\"url\":\"https:\\\/\\\/www.cuencasmineras.com\\\/index.php\\\/author\\\/admin\\\/\"}]}<\/script>\n<!-- \/ Yoast SEO plugin. -->","yoast_head_json":{"title":"FORO Mieres exige al Ayuntamiento el arreglo urgente del acceso al barrio de Zarram\u00edn -","robots":{"index":"index","follow":"follow","max-snippet":"max-snippet:-1","max-image-preview":"max-image-preview:large","max-video-preview":"max-video-preview:-1"},"canonical":"https:\/\/www.cuencasmineras.com\/index.php\/2021\/02\/08\/foro-mieres-exige-al-ayuntamiento-el-arreglo-urgente-del-acceso-al-barrio-de-zarramin\/","og_locale":"es_ES","og_type":"article","og_title":"FORO Mieres exige al Ayuntamiento el arreglo urgente del acceso al barrio de Zarram\u00edn -","og_description":"Jes\u00fas El\u00edas Rodr\u00edguez: \u201cFORO Mieres exige al Ayuntamiento el arreglo y la canalizaci\u00f3n urgente de la carretera de acceso al barrio de Zarram\u00edn, en un estado deplorable\u201d \u201cHan pasado tres a\u00f1os desde que reivindicamos la mejora de este vial y el Ayuntamiento no ha hecho nada desde entonces para solucionar los numerosos desperfectos que presenta\u201d [&hellip;]","og_url":"https:\/\/www.cuencasmineras.com\/index.php\/2021\/02\/08\/foro-mieres-exige-al-ayuntamiento-el-arreglo-urgente-del-acceso-al-barrio-de-zarramin\/","article_published_time":"2021-02-08T12:25:17+00:00","og_image":[{"url":"https:\/\/www.cuencasmineras.com\/wp-content\/uploads\/2021\/02\/2021.02.08-Fotografia-FORO-MIERES.-ZARRAMIN-1-768x1024.jpg","type":"","width":"","height":""}],"author":"admin","twitter_card":"summary_large_image","twitter_misc":{"Escrito por":"admin","Tiempo de lectura":"4 minutos"},"schema":{"@context":"https:\/\/schema.org","@graph":[{"@type":"Article","@id":"https:\/\/www.cuencasmineras.com\/index.php\/2021\/02\/08\/foro-mieres-exige-al-ayuntamiento-el-arreglo-urgente-del-acceso-al-barrio-de-zarramin\/#article","isPartOf":{"@id":"https:\/\/www.cuencasmineras.com\/index.php\/2021\/02\/08\/foro-mieres-exige-al-ayuntamiento-el-arreglo-urgente-del-acceso-al-barrio-de-zarramin\/"},"author":{"name":"admin","@id":"https:\/\/www.cuencasmineras.com\/#\/schema\/person\/be0691310e8496ec555f679dd688420c"},"headline":"FORO Mieres exige al Ayuntamiento el arreglo urgente del acceso al barrio de Zarram\u00edn","datePublished":"2021-02-08T12:25:17+00:00","mainEntityOfPage":{"@id":"https:\/\/www.cuencasmineras.com\/index.php\/2021\/02\/08\/foro-mieres-exige-al-ayuntamiento-el-arreglo-urgente-del-acceso-al-barrio-de-zarramin\/"},"wordCount":575,"commentCount":0,"image":{"@id":"https:\/\/www.cuencasmineras.com\/index.php\/2021\/02\/08\/foro-mieres-exige-al-ayuntamiento-el-arreglo-urgente-del-acceso-al-barrio-de-zarramin\/#primaryimage"},"thumbnailUrl":"https:\/\/www.cuencasmineras.com\/wp-content\/uploads\/2021\/02\/2021.02.08-Fotografia-FORO-MIERES.-ZARRAMIN-1-768x1024.jpg","articleSection":["Caudal","CM NEWS"],"inLanguage":"es","potentialAction":[{"@type":"CommentAction","name":"Comment","target":["https:\/\/www.cuencasmineras.com\/index.php\/2021\/02\/08\/foro-mieres-exige-al-ayuntamiento-el-arreglo-urgente-del-acceso-al-barrio-de-zarramin\/#respond"]}]},{"@type":"WebPage","@id":"https:\/\/www.cuencasmineras.com\/index.php\/2021\/02\/08\/foro-mieres-exige-al-ayuntamiento-el-arreglo-urgente-del-acceso-al-barrio-de-zarramin\/","url":"https:\/\/www.cuencasmineras.com\/index.php\/2021\/02\/08\/foro-mieres-exige-al-ayuntamiento-el-arreglo-urgente-del-acceso-al-barrio-de-zarramin\/","name":"FORO Mieres exige al Ayuntamiento el arreglo urgente del acceso al barrio de Zarram\u00edn -","isPartOf":{"@id":"https:\/\/www.cuencasmineras.com\/#website"},"primaryImageOfPage":{"@id":"https:\/\/www.cuencasmineras.com\/index.php\/2021\/02\/08\/foro-mieres-exige-al-ayuntamiento-el-arreglo-urgente-del-acceso-al-barrio-de-zarramin\/#primaryimage"},"image":{"@id":"https:\/\/www.cuencasmineras.com\/index.php\/2021\/02\/08\/foro-mieres-exige-al-ayuntamiento-el-arreglo-urgente-del-acceso-al-barrio-de-zarramin\/#primaryimage"},"thumbnailUrl":"https:\/\/www.cuencasmineras.com\/wp-content\/uploads\/2021\/02\/2021.02.08-Fotografia-FORO-MIERES.-ZARRAMIN-1-768x1024.jpg","datePublished":"2021-02-08T12:25:17+00:00","author":{"@id":"https:\/\/www.cuencasmineras.com\/#\/schema\/person\/be0691310e8496ec555f679dd688420c"},"breadcrumb":{"@id":"https:\/\/www.cuencasmineras.com\/index.php\/2021\/02\/08\/foro-mieres-exige-al-ayuntamiento-el-arreglo-urgente-del-acceso-al-barrio-de-zarramin\/#breadcrumb"},"inLanguage":"es","potentialAction":[{"@type":"ReadAction","target":["https:\/\/www.cuencasmineras.com\/index.php\/2021\/02\/08\/foro-mieres-exige-al-ayuntamiento-el-arreglo-urgente-del-acceso-al-barrio-de-zarramin\/"]}]},{"@type":"ImageObject","inLanguage":"es","@id":"https:\/\/www.cuencasmineras.com\/index.php\/2021\/02\/08\/foro-mieres-exige-al-ayuntamiento-el-arreglo-urgente-del-acceso-al-barrio-de-zarramin\/#primaryimage","url":"https:\/\/www.cuencasmineras.com\/wp-content\/uploads\/2021\/02\/2021.02.08-Fotografia-FORO-MIERES.-ZARRAMIN-1.jpg","contentUrl":"https:\/\/www.cuencasmineras.com\/wp-content\/uploads\/2021\/02\/2021.02.08-Fotografia-FORO-MIERES.-ZARRAMIN-1.jpg","width":1500,"height":2000},{"@type":"BreadcrumbList","@id":"https:\/\/www.cuencasmineras.com\/index.php\/2021\/02\/08\/foro-mieres-exige-al-ayuntamiento-el-arreglo-urgente-del-acceso-al-barrio-de-zarramin\/#breadcrumb","itemListElement":[{"@type":"ListItem","position":1,"name":"Portada","item":"https:\/\/www.cuencasmineras.com\/"},{"@type":"ListItem","position":2,"name":"FORO Mieres exige al Ayuntamiento el arreglo urgente del acceso al barrio de Zarram\u00edn"}]},{"@type":"WebSite","@id":"https:\/\/www.cuencasmineras.com\/#website","url":"https:\/\/www.cuencasmineras.com\/","name":"","description":"","potentialAction":[{"@type":"SearchAction","target":{"@type":"EntryPoint","urlTemplate":"https:\/\/www.cuencasmineras.com\/?s={search_term_string}"},"query-input":{"@type":"PropertyValueSpecification","valueRequired":true,"valueName":"search_term_string"}}],"inLanguage":"es"},{"@type":"Person","@id":"https:\/\/www.cuencasmineras.com\/#\/schema\/person\/be0691310e8496ec555f679dd688420c","name":"admin","image":{"@type":"ImageObject","inLanguage":"es","@id":"https:\/\/secure.gravatar.com\/avatar\/4afd2eed3b2fbbf36dd6707b5bd8a5b50ac648f033e36fbf85aeace2f0f859db?s=96&d=mm&r=g","url":"https:\/\/secure.gravatar.com\/avatar\/4afd2eed3b2fbbf36dd6707b5bd8a5b50ac648f033e36fbf85aeace2f0f859db?s=96&d=mm&r=g","contentUrl":"https:\/\/secure.gravatar.com\/avatar\/4afd2eed3b2fbbf36dd6707b5bd8a5b50ac648f033e36fbf85aeace2f0f859db?s=96&d=mm&r=g","caption":"admin"},"sameAs":["https:\/\/www.cuencasmineras.com"],"url":"https:\/\/www.cuencasmineras.com\/index.php\/author\/admin\/"}]}},"_links":{"self":[{"href":"https:\/\/www.cuencasmineras.com\/index.php\/wp-json\/wp\/v2\/posts\/1772","targetHints":{"allow":["GET"]}}],"collection":[{"href":"https:\/\/www.cuencasmineras.com\/index.php\/wp-json\/wp\/v2\/posts"}],"about":[{"href":"https:\/\/www.cuencasmineras.com\/index.php\/wp-json\/wp\/v2\/types\/post"}],"author":[{"embeddable":true,"href":"https:\/\/www.cuencasmineras.com\/index.php\/wp-json\/wp\/v2\/users\/1"}],"replies":[{"embeddable":true,"href":"https:\/\/www.cuencasmineras.com\/index.php\/wp-json\/wp\/v2\/comments?post=1772"}],"version-history":[{"count":1,"href":"https:\/\/www.cuencasmineras.com\/index.php\/wp-json\/wp\/v2\/posts\/1772\/revisions"}],"predecessor-version":[{"id":1777,"href":"https:\/\/www.cuencasmineras.com\/index.php\/wp-json\/wp\/v2\/posts\/1772\/revisions\/1777"}],"wp:attachment":[{"href":"https:\/\/www.cuencasmineras.com\/index.php\/wp-json\/wp\/v2\/media?parent=1772"}],"wp:term":[{"taxonomy":"category","embeddable":true,"href":"https:\/\/www.cuencasmineras.com\/index.php\/wp-json\/wp\/v2\/categories?post=1772"},{"taxonomy":"post_tag","embeddable":true,"href":"https:\/\/www.cuencasmineras.com\/index.php\/wp-json\/wp\/v2\/tags?post=1772"}],"curies":[{"name":"wp","href":"https:\/\/api.w.org\/{rel}","templated":true}]}}