{"id":1812,"date":"2021-02-17T00:04:09","date_gmt":"2021-02-17T00:04:09","guid":{"rendered":"https:\/\/www.cuencasmineras.com\/?p=1812"},"modified":"2021-02-17T00:05:17","modified_gmt":"2021-02-17T00:05:17","slug":"san-juan-pide-pisos-tutelados-pero-sin-interferir-en-el-proyecto-de-turon","status":"publish","type":"post","link":"https:\/\/www.cuencasmineras.com\/index.php\/2021\/02\/17\/san-juan-pide-pisos-tutelados-pero-sin-interferir-en-el-proyecto-de-turon\/","title":{"rendered":"San Juan pide pisos tutelados pero sin interferir en el proyecto de Tur\u00f3n"},"content":{"rendered":"<p class=\"article-body__text article-body__text--entry article-body__text-middle\" style=\"text-align: justify;\">Los valles de San Juan y Tur\u00f3n, que han perdido en conjunto unos diez mil empleos ligados a la miner\u00eda, no van finalmente a entrar en disputas por un proyecto de pisos tutelados para mayores, como ha estado a punto de suceder. La Coordinadora \u201cL\u2019Ag\u00fceria San Xuan \u00a1tambi\u00e9n existe!\u201d\u00a0rectific\u00f3 ayer tras mandar un escrito al Principado reclamando el traslado al viejo hospital de Murias del citado proyecto, anunciado para el edificio del antiguos colegio de La Salle de Tur\u00f3n.\u00a0\u201cAsumimos el error en el planteamiento, ya que lo que deber\u00edamos haber solicitado, y eso haremos desde ahora, es que la iniciativa se ampl\u00ede al viejo hospital y se convierta en una actuaci\u00f3n mucho m\u00e1s ambiciosa\u201d, apuntaron los responsables del citado colectivo.<\/p>\n<p><img loading=\"lazy\" decoding=\"async\" class=\"aligncenter size-large wp-image-1813\" src=\"https:\/\/www.cuencasmineras.com\/wp-content\/uploads\/2021\/02\/026c3e8a-260d-4837-b5e3-4eace038070f_21-9-aspect-ratio_default_0-1024x438.jpg\" alt=\"\" width=\"640\" height=\"274\" srcset=\"https:\/\/www.cuencasmineras.com\/wp-content\/uploads\/2021\/02\/026c3e8a-260d-4837-b5e3-4eace038070f_21-9-aspect-ratio_default_0-1024x438.jpg 1024w, https:\/\/www.cuencasmineras.com\/wp-content\/uploads\/2021\/02\/026c3e8a-260d-4837-b5e3-4eace038070f_21-9-aspect-ratio_default_0-300x128.jpg 300w, https:\/\/www.cuencasmineras.com\/wp-content\/uploads\/2021\/02\/026c3e8a-260d-4837-b5e3-4eace038070f_21-9-aspect-ratio_default_0-768x329.jpg 768w, https:\/\/www.cuencasmineras.com\/wp-content\/uploads\/2021\/02\/026c3e8a-260d-4837-b5e3-4eace038070f_21-9-aspect-ratio_default_0.jpg 1280w\" sizes=\"auto, (max-width: 640px) 100vw, 640px\" \/><\/p>\n<div class=\"article-body__related\" style=\"text-align: justify;\">\n<article class=\"article-related-news\">El movimiento asociativo del valle de Tur\u00f3n se hab\u00eda mostrado muy contrariado tras conocerse la petici\u00f3n de planteada desde L\u2019Ag\u00fceria. Los portavoces del valle de San Juan quisieron ayer zanjar una pol\u00e9mica que ellos mismos iniciaron \u201csin ninguna mala intenci\u00f3n\u201d. As\u00ed, anunciaron su intenci\u00f3n de replantear su demanda: \u201cCiertamente el proyecto previsto para Tur\u00f3n debe ejecutarse seg\u00fan se ha fijado, pero la demanda de pisos tutelados en Mieres es muy notable y sigue siendo necesaria una actuaci\u00f3n mucho m\u00e1s ambiciosa, que deber\u00eda ejecutarse en el viejo hospital\u201d, se\u00f1alan los responsables de la coordinadora del valle de San Juan. Y a\u00f1ade. \u201cEl progresivo envejecimiento de los vecinos de la cuenca debe hacernos pensar e ir un poco m\u00e1s all\u00e1 en los proyectos y las iniciativas relacionadas con este colectivo y evitar de ese modo parches posteriores e innecesarios retrasos que dificulten las soluciones que deben aplicarse en el momento\u201d.<\/article>\n<\/div>\n<p class=\"article-body__text \" style=\"text-align: justify;\"><strong>Despoblaci\u00f3n<\/strong><\/p>\n<p class=\"article-body__text \" style=\"text-align: justify;\">Una vez zanjado el enfrentamiento con Tur\u00f3n, desde el valle de San Juan quisieron remarcar ayer que el Pleno municipal ya se posicion\u00f3 en su momento a favor de que en el antiguo hospital se desarrollase un proyecto de pisos tuteados: \u201cAsumiendo que nos equivocamos al vincular nuestra reivindicaci\u00f3n con la iniciativa prevista para Tur\u00f3n, lo cierto es que nuestra reclamaci\u00f3n viene de lejos\u201d.\u00a0La coordinadora asociativa de L\u2019Ag\u00fceria remarc\u00f3 que empatiza con Tur\u00f3n: \u201cSomos dos valles muy castigados por el desmantelamiento industrial. Compartimos los efectos de la despoblaci\u00f3n y, en ocasiones, la frustraci\u00f3n nos empuja a actuar sin la necesaria reflexi\u00f3n\u201d.<\/p>\n<p>&nbsp;<\/p>\n<h5><strong>Fuente: LNE<\/strong><\/h5>\n","protected":false},"excerpt":{"rendered":"<p>Los valles de San Juan y Tur\u00f3n, que han perdido en conjunto unos diez mil empleos ligados a la miner\u00eda, no van finalmente a entrar en disputas por un proyecto de pisos tutelados para mayores, como ha estado a punto de suceder. La Coordinadora \u201cL\u2019Ag\u00fceria San Xuan \u00a1tambi\u00e9n existe!\u201d\u00a0rectific\u00f3 ayer tras mandar un escrito al [&hellip;]<\/p>\n","protected":false},"author":1,"featured_media":1813,"comment_status":"open","ping_status":"open","sticky":false,"template":"","format":"standard","meta":{"footnotes":""},"categories":[7,6],"tags":[],"class_list":["post-1812","post","type-post","status-publish","format-standard","has-post-thumbnail","hentry","category-caudal","category-noticias"],"yoast_head":"<!-- This site is optimized with the Yoast SEO plugin v27.4 - https:\/\/yoast.com\/product\/yoast-seo-wordpress\/ -->\n<title>San Juan pide pisos tutelados pero sin interferir en el proyecto de Tur\u00f3n -<\/title>\n<meta name=\"description\" content=\"La coordinadora de L\u2019Ag\u00fceria asume que fue un error reclamar el plan anunciado para el valle vecino: \u201cAmbas somos zonas muy castigadas\u201d\" \/>\n<meta name=\"robots\" content=\"index, follow, max-snippet:-1, max-image-preview:large, max-video-preview:-1\" \/>\n<link rel=\"canonical\" href=\"https:\/\/www.cuencasmineras.com\/index.php\/2021\/02\/17\/san-juan-pide-pisos-tutelados-pero-sin-interferir-en-el-proyecto-de-turon\/\" \/>\n<meta property=\"og:locale\" content=\"es_ES\" \/>\n<meta property=\"og:type\" content=\"article\" \/>\n<meta property=\"og:title\" content=\"San Juan pide pisos tutelados pero sin interferir en el proyecto de Tur\u00f3n -\" \/>\n<meta property=\"og:description\" content=\"La coordinadora de L\u2019Ag\u00fceria asume que fue un error reclamar el plan anunciado para el valle vecino: \u201cAmbas somos zonas muy castigadas\u201d\" \/>\n<meta property=\"og:url\" content=\"https:\/\/www.cuencasmineras.com\/index.php\/2021\/02\/17\/san-juan-pide-pisos-tutelados-pero-sin-interferir-en-el-proyecto-de-turon\/\" \/>\n<meta property=\"article:published_time\" content=\"2021-02-17T00:04:09+00:00\" \/>\n<meta property=\"article:modified_time\" content=\"2021-02-17T00:05:17+00:00\" \/>\n<meta property=\"og:image\" content=\"https:\/\/www.cuencasmineras.com\/wp-content\/uploads\/2021\/02\/026c3e8a-260d-4837-b5e3-4eace038070f_21-9-aspect-ratio_default_0.jpg\" \/>\n\t<meta property=\"og:image:width\" content=\"1280\" \/>\n\t<meta property=\"og:image:height\" content=\"548\" \/>\n\t<meta property=\"og:image:type\" content=\"image\/jpeg\" \/>\n<meta name=\"author\" content=\"admin\" \/>\n<meta name=\"twitter:card\" content=\"summary_large_image\" \/>\n<meta name=\"twitter:label1\" content=\"Escrito por\" \/>\n\t<meta name=\"twitter:data1\" content=\"admin\" \/>\n\t<meta name=\"twitter:label2\" content=\"Tiempo de lectura\" \/>\n\t<meta name=\"twitter:data2\" content=\"2 minutos\" \/>\n<script type=\"application\/ld+json\" class=\"yoast-schema-graph\">{\"@context\":\"https:\\\/\\\/schema.org\",\"@graph\":[{\"@type\":\"Article\",\"@id\":\"https:\\\/\\\/www.cuencasmineras.com\\\/index.php\\\/2021\\\/02\\\/17\\\/san-juan-pide-pisos-tutelados-pero-sin-interferir-en-el-proyecto-de-turon\\\/#article\",\"isPartOf\":{\"@id\":\"https:\\\/\\\/www.cuencasmineras.com\\\/index.php\\\/2021\\\/02\\\/17\\\/san-juan-pide-pisos-tutelados-pero-sin-interferir-en-el-proyecto-de-turon\\\/\"},\"author\":{\"name\":\"admin\",\"@id\":\"https:\\\/\\\/www.cuencasmineras.com\\\/#\\\/schema\\\/person\\\/be0691310e8496ec555f679dd688420c\"},\"headline\":\"San Juan pide pisos tutelados pero sin interferir en el proyecto de Tur\u00f3n\",\"datePublished\":\"2021-02-17T00:04:09+00:00\",\"dateModified\":\"2021-02-17T00:05:17+00:00\",\"mainEntityOfPage\":{\"@id\":\"https:\\\/\\\/www.cuencasmineras.com\\\/index.php\\\/2021\\\/02\\\/17\\\/san-juan-pide-pisos-tutelados-pero-sin-interferir-en-el-proyecto-de-turon\\\/\"},\"wordCount\":427,\"commentCount\":0,\"image\":{\"@id\":\"https:\\\/\\\/www.cuencasmineras.com\\\/index.php\\\/2021\\\/02\\\/17\\\/san-juan-pide-pisos-tutelados-pero-sin-interferir-en-el-proyecto-de-turon\\\/#primaryimage\"},\"thumbnailUrl\":\"https:\\\/\\\/www.cuencasmineras.com\\\/wp-content\\\/uploads\\\/2021\\\/02\\\/026c3e8a-260d-4837-b5e3-4eace038070f_21-9-aspect-ratio_default_0.jpg\",\"articleSection\":[\"Caudal\",\"CM NEWS\"],\"inLanguage\":\"es\",\"potentialAction\":[{\"@type\":\"CommentAction\",\"name\":\"Comment\",\"target\":[\"https:\\\/\\\/www.cuencasmineras.com\\\/index.php\\\/2021\\\/02\\\/17\\\/san-juan-pide-pisos-tutelados-pero-sin-interferir-en-el-proyecto-de-turon\\\/#respond\"]}]},{\"@type\":\"WebPage\",\"@id\":\"https:\\\/\\\/www.cuencasmineras.com\\\/index.php\\\/2021\\\/02\\\/17\\\/san-juan-pide-pisos-tutelados-pero-sin-interferir-en-el-proyecto-de-turon\\\/\",\"url\":\"https:\\\/\\\/www.cuencasmineras.com\\\/index.php\\\/2021\\\/02\\\/17\\\/san-juan-pide-pisos-tutelados-pero-sin-interferir-en-el-proyecto-de-turon\\\/\",\"name\":\"San Juan pide pisos tutelados pero sin interferir en el proyecto de Tur\u00f3n -\",\"isPartOf\":{\"@id\":\"https:\\\/\\\/www.cuencasmineras.com\\\/#website\"},\"primaryImageOfPage\":{\"@id\":\"https:\\\/\\\/www.cuencasmineras.com\\\/index.php\\\/2021\\\/02\\\/17\\\/san-juan-pide-pisos-tutelados-pero-sin-interferir-en-el-proyecto-de-turon\\\/#primaryimage\"},\"image\":{\"@id\":\"https:\\\/\\\/www.cuencasmineras.com\\\/index.php\\\/2021\\\/02\\\/17\\\/san-juan-pide-pisos-tutelados-pero-sin-interferir-en-el-proyecto-de-turon\\\/#primaryimage\"},\"thumbnailUrl\":\"https:\\\/\\\/www.cuencasmineras.com\\\/wp-content\\\/uploads\\\/2021\\\/02\\\/026c3e8a-260d-4837-b5e3-4eace038070f_21-9-aspect-ratio_default_0.jpg\",\"datePublished\":\"2021-02-17T00:04:09+00:00\",\"dateModified\":\"2021-02-17T00:05:17+00:00\",\"author\":{\"@id\":\"https:\\\/\\\/www.cuencasmineras.com\\\/#\\\/schema\\\/person\\\/be0691310e8496ec555f679dd688420c\"},\"description\":\"La coordinadora de L\u2019Ag\u00fceria asume que fue un error reclamar el plan anunciado para el valle vecino: \u201cAmbas somos zonas muy castigadas\u201d\",\"breadcrumb\":{\"@id\":\"https:\\\/\\\/www.cuencasmineras.com\\\/index.php\\\/2021\\\/02\\\/17\\\/san-juan-pide-pisos-tutelados-pero-sin-interferir-en-el-proyecto-de-turon\\\/#breadcrumb\"},\"inLanguage\":\"es\",\"potentialAction\":[{\"@type\":\"ReadAction\",\"target\":[\"https:\\\/\\\/www.cuencasmineras.com\\\/index.php\\\/2021\\\/02\\\/17\\\/san-juan-pide-pisos-tutelados-pero-sin-interferir-en-el-proyecto-de-turon\\\/\"]}]},{\"@type\":\"ImageObject\",\"inLanguage\":\"es\",\"@id\":\"https:\\\/\\\/www.cuencasmineras.com\\\/index.php\\\/2021\\\/02\\\/17\\\/san-juan-pide-pisos-tutelados-pero-sin-interferir-en-el-proyecto-de-turon\\\/#primaryimage\",\"url\":\"https:\\\/\\\/www.cuencasmineras.com\\\/wp-content\\\/uploads\\\/2021\\\/02\\\/026c3e8a-260d-4837-b5e3-4eace038070f_21-9-aspect-ratio_default_0.jpg\",\"contentUrl\":\"https:\\\/\\\/www.cuencasmineras.com\\\/wp-content\\\/uploads\\\/2021\\\/02\\\/026c3e8a-260d-4837-b5e3-4eace038070f_21-9-aspect-ratio_default_0.jpg\",\"width\":1280,\"height\":548},{\"@type\":\"BreadcrumbList\",\"@id\":\"https:\\\/\\\/www.cuencasmineras.com\\\/index.php\\\/2021\\\/02\\\/17\\\/san-juan-pide-pisos-tutelados-pero-sin-interferir-en-el-proyecto-de-turon\\\/#breadcrumb\",\"itemListElement\":[{\"@type\":\"ListItem\",\"position\":1,\"name\":\"Portada\",\"item\":\"https:\\\/\\\/www.cuencasmineras.com\\\/\"},{\"@type\":\"ListItem\",\"position\":2,\"name\":\"San Juan pide pisos tutelados pero sin interferir en el proyecto de Tur\u00f3n\"}]},{\"@type\":\"WebSite\",\"@id\":\"https:\\\/\\\/www.cuencasmineras.com\\\/#website\",\"url\":\"https:\\\/\\\/www.cuencasmineras.com\\\/\",\"name\":\"\",\"description\":\"\",\"potentialAction\":[{\"@type\":\"SearchAction\",\"target\":{\"@type\":\"EntryPoint\",\"urlTemplate\":\"https:\\\/\\\/www.cuencasmineras.com\\\/?s={search_term_string}\"},\"query-input\":{\"@type\":\"PropertyValueSpecification\",\"valueRequired\":true,\"valueName\":\"search_term_string\"}}],\"inLanguage\":\"es\"},{\"@type\":\"Person\",\"@id\":\"https:\\\/\\\/www.cuencasmineras.com\\\/#\\\/schema\\\/person\\\/be0691310e8496ec555f679dd688420c\",\"name\":\"admin\",\"image\":{\"@type\":\"ImageObject\",\"inLanguage\":\"es\",\"@id\":\"https:\\\/\\\/secure.gravatar.com\\\/avatar\\\/4afd2eed3b2fbbf36dd6707b5bd8a5b50ac648f033e36fbf85aeace2f0f859db?s=96&d=mm&r=g\",\"url\":\"https:\\\/\\\/secure.gravatar.com\\\/avatar\\\/4afd2eed3b2fbbf36dd6707b5bd8a5b50ac648f033e36fbf85aeace2f0f859db?s=96&d=mm&r=g\",\"contentUrl\":\"https:\\\/\\\/secure.gravatar.com\\\/avatar\\\/4afd2eed3b2fbbf36dd6707b5bd8a5b50ac648f033e36fbf85aeace2f0f859db?s=96&d=mm&r=g\",\"caption\":\"admin\"},\"sameAs\":[\"https:\\\/\\\/www.cuencasmineras.com\"],\"url\":\"https:\\\/\\\/www.cuencasmineras.com\\\/index.php\\\/author\\\/admin\\\/\"}]}<\/script>\n<!-- \/ Yoast SEO plugin. -->","yoast_head_json":{"title":"San Juan pide pisos tutelados pero sin interferir en el proyecto de Tur\u00f3n -","description":"La coordinadora de L\u2019Ag\u00fceria asume que fue un error reclamar el plan anunciado para el valle vecino: \u201cAmbas somos zonas muy castigadas\u201d","robots":{"index":"index","follow":"follow","max-snippet":"max-snippet:-1","max-image-preview":"max-image-preview:large","max-video-preview":"max-video-preview:-1"},"canonical":"https:\/\/www.cuencasmineras.com\/index.php\/2021\/02\/17\/san-juan-pide-pisos-tutelados-pero-sin-interferir-en-el-proyecto-de-turon\/","og_locale":"es_ES","og_type":"article","og_title":"San Juan pide pisos tutelados pero sin interferir en el proyecto de Tur\u00f3n -","og_description":"La coordinadora de L\u2019Ag\u00fceria asume que fue un error reclamar el plan anunciado para el valle vecino: \u201cAmbas somos zonas muy castigadas\u201d","og_url":"https:\/\/www.cuencasmineras.com\/index.php\/2021\/02\/17\/san-juan-pide-pisos-tutelados-pero-sin-interferir-en-el-proyecto-de-turon\/","article_published_time":"2021-02-17T00:04:09+00:00","article_modified_time":"2021-02-17T00:05:17+00:00","og_image":[{"width":1280,"height":548,"url":"https:\/\/www.cuencasmineras.com\/wp-content\/uploads\/2021\/02\/026c3e8a-260d-4837-b5e3-4eace038070f_21-9-aspect-ratio_default_0.jpg","type":"image\/jpeg"}],"author":"admin","twitter_card":"summary_large_image","twitter_misc":{"Escrito por":"admin","Tiempo de lectura":"2 minutos"},"schema":{"@context":"https:\/\/schema.org","@graph":[{"@type":"Article","@id":"https:\/\/www.cuencasmineras.com\/index.php\/2021\/02\/17\/san-juan-pide-pisos-tutelados-pero-sin-interferir-en-el-proyecto-de-turon\/#article","isPartOf":{"@id":"https:\/\/www.cuencasmineras.com\/index.php\/2021\/02\/17\/san-juan-pide-pisos-tutelados-pero-sin-interferir-en-el-proyecto-de-turon\/"},"author":{"name":"admin","@id":"https:\/\/www.cuencasmineras.com\/#\/schema\/person\/be0691310e8496ec555f679dd688420c"},"headline":"San Juan pide pisos tutelados pero sin interferir en el proyecto de Tur\u00f3n","datePublished":"2021-02-17T00:04:09+00:00","dateModified":"2021-02-17T00:05:17+00:00","mainEntityOfPage":{"@id":"https:\/\/www.cuencasmineras.com\/index.php\/2021\/02\/17\/san-juan-pide-pisos-tutelados-pero-sin-interferir-en-el-proyecto-de-turon\/"},"wordCount":427,"commentCount":0,"image":{"@id":"https:\/\/www.cuencasmineras.com\/index.php\/2021\/02\/17\/san-juan-pide-pisos-tutelados-pero-sin-interferir-en-el-proyecto-de-turon\/#primaryimage"},"thumbnailUrl":"https:\/\/www.cuencasmineras.com\/wp-content\/uploads\/2021\/02\/026c3e8a-260d-4837-b5e3-4eace038070f_21-9-aspect-ratio_default_0.jpg","articleSection":["Caudal","CM NEWS"],"inLanguage":"es","potentialAction":[{"@type":"CommentAction","name":"Comment","target":["https:\/\/www.cuencasmineras.com\/index.php\/2021\/02\/17\/san-juan-pide-pisos-tutelados-pero-sin-interferir-en-el-proyecto-de-turon\/#respond"]}]},{"@type":"WebPage","@id":"https:\/\/www.cuencasmineras.com\/index.php\/2021\/02\/17\/san-juan-pide-pisos-tutelados-pero-sin-interferir-en-el-proyecto-de-turon\/","url":"https:\/\/www.cuencasmineras.com\/index.php\/2021\/02\/17\/san-juan-pide-pisos-tutelados-pero-sin-interferir-en-el-proyecto-de-turon\/","name":"San Juan pide pisos tutelados pero sin interferir en el proyecto de Tur\u00f3n -","isPartOf":{"@id":"https:\/\/www.cuencasmineras.com\/#website"},"primaryImageOfPage":{"@id":"https:\/\/www.cuencasmineras.com\/index.php\/2021\/02\/17\/san-juan-pide-pisos-tutelados-pero-sin-interferir-en-el-proyecto-de-turon\/#primaryimage"},"image":{"@id":"https:\/\/www.cuencasmineras.com\/index.php\/2021\/02\/17\/san-juan-pide-pisos-tutelados-pero-sin-interferir-en-el-proyecto-de-turon\/#primaryimage"},"thumbnailUrl":"https:\/\/www.cuencasmineras.com\/wp-content\/uploads\/2021\/02\/026c3e8a-260d-4837-b5e3-4eace038070f_21-9-aspect-ratio_default_0.jpg","datePublished":"2021-02-17T00:04:09+00:00","dateModified":"2021-02-17T00:05:17+00:00","author":{"@id":"https:\/\/www.cuencasmineras.com\/#\/schema\/person\/be0691310e8496ec555f679dd688420c"},"description":"La coordinadora de L\u2019Ag\u00fceria asume que fue un error reclamar el plan anunciado para el valle vecino: \u201cAmbas somos zonas muy castigadas\u201d","breadcrumb":{"@id":"https:\/\/www.cuencasmineras.com\/index.php\/2021\/02\/17\/san-juan-pide-pisos-tutelados-pero-sin-interferir-en-el-proyecto-de-turon\/#breadcrumb"},"inLanguage":"es","potentialAction":[{"@type":"ReadAction","target":["https:\/\/www.cuencasmineras.com\/index.php\/2021\/02\/17\/san-juan-pide-pisos-tutelados-pero-sin-interferir-en-el-proyecto-de-turon\/"]}]},{"@type":"ImageObject","inLanguage":"es","@id":"https:\/\/www.cuencasmineras.com\/index.php\/2021\/02\/17\/san-juan-pide-pisos-tutelados-pero-sin-interferir-en-el-proyecto-de-turon\/#primaryimage","url":"https:\/\/www.cuencasmineras.com\/wp-content\/uploads\/2021\/02\/026c3e8a-260d-4837-b5e3-4eace038070f_21-9-aspect-ratio_default_0.jpg","contentUrl":"https:\/\/www.cuencasmineras.com\/wp-content\/uploads\/2021\/02\/026c3e8a-260d-4837-b5e3-4eace038070f_21-9-aspect-ratio_default_0.jpg","width":1280,"height":548},{"@type":"BreadcrumbList","@id":"https:\/\/www.cuencasmineras.com\/index.php\/2021\/02\/17\/san-juan-pide-pisos-tutelados-pero-sin-interferir-en-el-proyecto-de-turon\/#breadcrumb","itemListElement":[{"@type":"ListItem","position":1,"name":"Portada","item":"https:\/\/www.cuencasmineras.com\/"},{"@type":"ListItem","position":2,"name":"San Juan pide pisos tutelados pero sin interferir en el proyecto de Tur\u00f3n"}]},{"@type":"WebSite","@id":"https:\/\/www.cuencasmineras.com\/#website","url":"https:\/\/www.cuencasmineras.com\/","name":"","description":"","potentialAction":[{"@type":"SearchAction","target":{"@type":"EntryPoint","urlTemplate":"https:\/\/www.cuencasmineras.com\/?s={search_term_string}"},"query-input":{"@type":"PropertyValueSpecification","valueRequired":true,"valueName":"search_term_string"}}],"inLanguage":"es"},{"@type":"Person","@id":"https:\/\/www.cuencasmineras.com\/#\/schema\/person\/be0691310e8496ec555f679dd688420c","name":"admin","image":{"@type":"ImageObject","inLanguage":"es","@id":"https:\/\/secure.gravatar.com\/avatar\/4afd2eed3b2fbbf36dd6707b5bd8a5b50ac648f033e36fbf85aeace2f0f859db?s=96&d=mm&r=g","url":"https:\/\/secure.gravatar.com\/avatar\/4afd2eed3b2fbbf36dd6707b5bd8a5b50ac648f033e36fbf85aeace2f0f859db?s=96&d=mm&r=g","contentUrl":"https:\/\/secure.gravatar.com\/avatar\/4afd2eed3b2fbbf36dd6707b5bd8a5b50ac648f033e36fbf85aeace2f0f859db?s=96&d=mm&r=g","caption":"admin"},"sameAs":["https:\/\/www.cuencasmineras.com"],"url":"https:\/\/www.cuencasmineras.com\/index.php\/author\/admin\/"}]}},"_links":{"self":[{"href":"https:\/\/www.cuencasmineras.com\/index.php\/wp-json\/wp\/v2\/posts\/1812","targetHints":{"allow":["GET"]}}],"collection":[{"href":"https:\/\/www.cuencasmineras.com\/index.php\/wp-json\/wp\/v2\/posts"}],"about":[{"href":"https:\/\/www.cuencasmineras.com\/index.php\/wp-json\/wp\/v2\/types\/post"}],"author":[{"embeddable":true,"href":"https:\/\/www.cuencasmineras.com\/index.php\/wp-json\/wp\/v2\/users\/1"}],"replies":[{"embeddable":true,"href":"https:\/\/www.cuencasmineras.com\/index.php\/wp-json\/wp\/v2\/comments?post=1812"}],"version-history":[{"count":2,"href":"https:\/\/www.cuencasmineras.com\/index.php\/wp-json\/wp\/v2\/posts\/1812\/revisions"}],"predecessor-version":[{"id":1815,"href":"https:\/\/www.cuencasmineras.com\/index.php\/wp-json\/wp\/v2\/posts\/1812\/revisions\/1815"}],"wp:featuredmedia":[{"embeddable":true,"href":"https:\/\/www.cuencasmineras.com\/index.php\/wp-json\/wp\/v2\/media\/1813"}],"wp:attachment":[{"href":"https:\/\/www.cuencasmineras.com\/index.php\/wp-json\/wp\/v2\/media?parent=1812"}],"wp:term":[{"taxonomy":"category","embeddable":true,"href":"https:\/\/www.cuencasmineras.com\/index.php\/wp-json\/wp\/v2\/categories?post=1812"},{"taxonomy":"post_tag","embeddable":true,"href":"https:\/\/www.cuencasmineras.com\/index.php\/wp-json\/wp\/v2\/tags?post=1812"}],"curies":[{"name":"wp","href":"https:\/\/api.w.org\/{rel}","templated":true}]}}