{"id":1880,"date":"2021-03-02T22:54:25","date_gmt":"2021-03-02T22:54:25","guid":{"rendered":"https:\/\/www.cuencasmineras.com\/?p=1880"},"modified":"2021-03-02T23:05:38","modified_gmt":"2021-03-02T23:05:38","slug":"el-proyecto-de-asla-que-mieres-dejo-anuncia-660-empleos-en-zamora-y-leon","status":"publish","type":"post","link":"https:\/\/www.cuencasmineras.com\/index.php\/2021\/03\/02\/el-proyecto-de-asla-que-mieres-dejo-anuncia-660-empleos-en-zamora-y-leon\/","title":{"rendered":"El proyecto de Asla que Mieres dej\u00f3, anuncia 660 empleos en Zamora y Le\u00f3n"},"content":{"rendered":"<p style=\"text-align: justify;\">El ambicioso proyecto empresarial que Asturiana de Laminados (Asla) quiso desarrollar en Mieres no deja de expandirse en Castilla y Le\u00f3n. Mientras los terrenos que la aluminera pretendi\u00f3 en Reicastro siguen sin uso, el proyecto bautizado como Latem Aluminium se ha planteado como objetivo alcanzar los 660 empleos. La firma acaba de anunciar para ello una inversi\u00f3n de 238 millones de euros en las plantas de Villandagos del P\u00e1ramo (Le\u00f3n) y Villabr\u00e1zaro (Zamora). Se trata de una iniciativa que la Junta de Castilla y Le\u00f3n ha declarado \u201cproyecto industrial prioritario\u201d.<\/p>\n<p><img loading=\"lazy\" decoding=\"async\" class=\"aligncenter size-large wp-image-1881\" src=\"https:\/\/www.cuencasmineras.com\/wp-content\/uploads\/2021\/03\/5be26b5d-92fb-4456-8dec-8a7e428fd584_21-9-aspect-ratio_default_0-1024x438.jpg\" alt=\"\" width=\"640\" height=\"274\" srcset=\"https:\/\/www.cuencasmineras.com\/wp-content\/uploads\/2021\/03\/5be26b5d-92fb-4456-8dec-8a7e428fd584_21-9-aspect-ratio_default_0-1024x438.jpg 1024w, https:\/\/www.cuencasmineras.com\/wp-content\/uploads\/2021\/03\/5be26b5d-92fb-4456-8dec-8a7e428fd584_21-9-aspect-ratio_default_0-300x128.jpg 300w, https:\/\/www.cuencasmineras.com\/wp-content\/uploads\/2021\/03\/5be26b5d-92fb-4456-8dec-8a7e428fd584_21-9-aspect-ratio_default_0-768x329.jpg 768w, https:\/\/www.cuencasmineras.com\/wp-content\/uploads\/2021\/03\/5be26b5d-92fb-4456-8dec-8a7e428fd584_21-9-aspect-ratio_default_0.jpg 1280w\" sizes=\"auto, (max-width: 640px) 100vw, 640px\" \/><\/p>\n<p style=\"text-align: justify;\">La compa\u00f1\u00eda Latem Aluminium, ligada a la lenense Asturiana de Laminados, se compone de dos patas. La primera est\u00e1 ya en funcionamiento en Villadangos, una localidad cercana a la salida de La Magdalena en la Autopista del Huerna. All\u00ed se han montado dos hornos especiales donde lo que se hace es fundir el aluminio y la chatarra para obtener lingotes de segunda fundici\u00f3n. Unas piezas que se comercializan directamente o fundidas con diversas aleaciones en funci\u00f3n de la necesidad del cliente que, fundamentalmente, vienen de otros sectores de la industria, como el de la automoci\u00f3n. La segunda parte del proyecto tambi\u00e9n se ubicar\u00e1 en Castilla y Le\u00f3n, aunque en este caso en la provincia de Zamora. En la localidad de Villabr\u00e1zaro, muy cerca de Benavente y tambi\u00e9n junto a la autopista A-66, se levanta una nueva planta que comenzar\u00e1 a producir en el segundo semestre de 2023 . El presidente ejecutivo de Latem, Macario Fern\u00e1ndez, anunci\u00f3 ayer junto a la consejera de Empleo e Industria, Ana Carlota Amigo, que la compa\u00f1\u00eda dedicada a la fabricaci\u00f3n de aluminio \u201cverde\u201d invertir\u00e1 100 millones de euros en la planta de Villadangos. Mientras que en el pol\u00edgono de Villabr\u00e1zaro, donde dispone de una superficie de 300.000 metros cuadrados, har\u00e1 un desembolso de 138 millones. Con estas inversiones, la compa\u00f1\u00eda aspira a alcanzar entre los dos proyectos la cifra de 660 puestos de trabajo cualificados, de los que 110 ser\u00e1n en el pol\u00edgono leon\u00e9s y 550 en el de la provincia de Zamora. Se estima que el empleo indirecto podr\u00eda alcanzar los 2.000 puestos de trabajo.<\/p>\n<p style=\"text-align: justify;\">La consejera de Empleo e Industria de Castilla y Le\u00f3n apunt\u00f3 que la consideraci\u00f3n de proyecto industrial \u201cprioritario\u201d supondr\u00e1 la agilizaci\u00f3n de los tr\u00e1mites administrativos y el apoyo de la Junta para optar a las ayudas estatales y europeas que se han puesto en marcha ante la crisis econ\u00f3mica originada por la pandemia del coronavirus.<\/p>\n<p style=\"text-align: justify;\">Macario Fern\u00e1ndez remarc\u00f3 que la compa\u00f1\u00eda se encuentra en \u201cconversaciones\u201d con Renault Espa\u00f1a, con factor\u00edas en Valladolid y Palencia, para llegar a un convenio en el suministro de aluminio, bien l\u00edquido o en lingotes. Tambi\u00e9n resalt\u00f3 que las plantas de Villadangos y la de Villabr\u00e1zaro tendr\u00e1n un escaso impacto ambiental, puesto que utilizar\u00e1n el hidr\u00f3geno, mezclado con gas natural, como combustible para la fusi\u00f3n del aluminio y para el consumo ordinario de las instalaciones, lo que supondr\u00e1 menores emisiones a la atm\u00f3sfera. En la planta de Villadangos, Latem espera producir este a\u00f1o 20.000 toneladas de lingotes procedentes de chatarra y en Villabr\u00e1zaro dispondr\u00e1n de un laminador que se construye a medida en Alemania y con un peso de 2.000 toneladas de acero.<\/p>\n<p style=\"text-align: justify;\">La consejera, la Junta de Castilla y Le\u00f3n, a trav\u00e9s de la sociedad de garant\u00eda rec\u00edproca Iberaval, ya ha concedido 9 millones de euros a Latem , aunque ha concedido mayor importancia a que ha facilitado el acceso al suelo industrial a buen precio. Fern\u00e1ndez siempre defendi\u00f3 la viabilidad del proyecto en Mieres, en el pol\u00edgono de Reicastro, aunque las negociaciones con Hunosa, propietaria de la antigua escombrera, nunca llegaron a fructificar.<\/p>\n<p>&nbsp;<\/p>\n<p>&nbsp;<\/p>\n<p>&nbsp;<\/p>\n<p>lne<\/p>\n","protected":false},"excerpt":{"rendered":"<p>El ambicioso proyecto empresarial que Asturiana de Laminados (Asla) quiso desarrollar en Mieres no deja de expandirse en Castilla y Le\u00f3n. Mientras los terrenos que la aluminera pretendi\u00f3 en Reicastro siguen sin uso, el proyecto bautizado como Latem Aluminium se ha planteado como objetivo alcanzar los 660 empleos. La firma acaba de anunciar para ello [&hellip;]<\/p>\n","protected":false},"author":1,"featured_media":1881,"comment_status":"open","ping_status":"open","sticky":false,"template":"","format":"standard","meta":{"footnotes":""},"categories":[7,6],"tags":[],"class_list":["post-1880","post","type-post","status-publish","format-standard","has-post-thumbnail","hentry","category-caudal","category-noticias"],"yoast_head":"<!-- This site is optimized with the Yoast SEO plugin v27.4 - https:\/\/yoast.com\/product\/yoast-seo-wordpress\/ -->\n<title>El proyecto de Asla que Mieres dej\u00f3, anuncia 660 empleos en Zamora y Le\u00f3n -<\/title>\n<meta name=\"description\" content=\"El Gobierno de Castilla y Le\u00f3n declara \u201cprioritario\u201d el desarrollo de Latem Aluminium y la compa\u00f1\u00eda prepara una nueva inversi\u00f3n de 238 millones\" \/>\n<meta name=\"robots\" content=\"index, follow, max-snippet:-1, max-image-preview:large, max-video-preview:-1\" \/>\n<link rel=\"canonical\" href=\"https:\/\/www.cuencasmineras.com\/index.php\/2021\/03\/02\/el-proyecto-de-asla-que-mieres-dejo-anuncia-660-empleos-en-zamora-y-leon\/\" \/>\n<meta property=\"og:locale\" content=\"es_ES\" \/>\n<meta property=\"og:type\" content=\"article\" \/>\n<meta property=\"og:title\" content=\"El proyecto de Asla que Mieres dej\u00f3, anuncia 660 empleos en Zamora y Le\u00f3n -\" \/>\n<meta property=\"og:description\" content=\"El Gobierno de Castilla y Le\u00f3n declara \u201cprioritario\u201d el desarrollo de Latem Aluminium y la compa\u00f1\u00eda prepara una nueva inversi\u00f3n de 238 millones\" \/>\n<meta property=\"og:url\" content=\"https:\/\/www.cuencasmineras.com\/index.php\/2021\/03\/02\/el-proyecto-de-asla-que-mieres-dejo-anuncia-660-empleos-en-zamora-y-leon\/\" \/>\n<meta property=\"article:published_time\" content=\"2021-03-02T22:54:25+00:00\" \/>\n<meta property=\"article:modified_time\" content=\"2021-03-02T23:05:38+00:00\" \/>\n<meta property=\"og:image\" content=\"https:\/\/www.cuencasmineras.com\/wp-content\/uploads\/2021\/03\/5be26b5d-92fb-4456-8dec-8a7e428fd584_21-9-aspect-ratio_default_0.jpg\" \/>\n\t<meta property=\"og:image:width\" content=\"1280\" \/>\n\t<meta property=\"og:image:height\" content=\"548\" \/>\n\t<meta property=\"og:image:type\" content=\"image\/jpeg\" \/>\n<meta name=\"author\" content=\"admin\" \/>\n<meta name=\"twitter:card\" content=\"summary_large_image\" \/>\n<meta name=\"twitter:label1\" content=\"Escrito por\" \/>\n\t<meta name=\"twitter:data1\" content=\"admin\" \/>\n\t<meta name=\"twitter:label2\" content=\"Tiempo de lectura\" \/>\n\t<meta name=\"twitter:data2\" content=\"3 minutos\" \/>\n<script type=\"application\/ld+json\" class=\"yoast-schema-graph\">{\"@context\":\"https:\\\/\\\/schema.org\",\"@graph\":[{\"@type\":\"Article\",\"@id\":\"https:\\\/\\\/www.cuencasmineras.com\\\/index.php\\\/2021\\\/03\\\/02\\\/el-proyecto-de-asla-que-mieres-dejo-anuncia-660-empleos-en-zamora-y-leon\\\/#article\",\"isPartOf\":{\"@id\":\"https:\\\/\\\/www.cuencasmineras.com\\\/index.php\\\/2021\\\/03\\\/02\\\/el-proyecto-de-asla-que-mieres-dejo-anuncia-660-empleos-en-zamora-y-leon\\\/\"},\"author\":{\"name\":\"admin\",\"@id\":\"https:\\\/\\\/www.cuencasmineras.com\\\/#\\\/schema\\\/person\\\/be0691310e8496ec555f679dd688420c\"},\"headline\":\"El proyecto de Asla que Mieres dej\u00f3, anuncia 660 empleos en Zamora y Le\u00f3n\",\"datePublished\":\"2021-03-02T22:54:25+00:00\",\"dateModified\":\"2021-03-02T23:05:38+00:00\",\"mainEntityOfPage\":{\"@id\":\"https:\\\/\\\/www.cuencasmineras.com\\\/index.php\\\/2021\\\/03\\\/02\\\/el-proyecto-de-asla-que-mieres-dejo-anuncia-660-empleos-en-zamora-y-leon\\\/\"},\"wordCount\":653,\"commentCount\":0,\"image\":{\"@id\":\"https:\\\/\\\/www.cuencasmineras.com\\\/index.php\\\/2021\\\/03\\\/02\\\/el-proyecto-de-asla-que-mieres-dejo-anuncia-660-empleos-en-zamora-y-leon\\\/#primaryimage\"},\"thumbnailUrl\":\"https:\\\/\\\/www.cuencasmineras.com\\\/wp-content\\\/uploads\\\/2021\\\/03\\\/5be26b5d-92fb-4456-8dec-8a7e428fd584_21-9-aspect-ratio_default_0.jpg\",\"articleSection\":[\"Caudal\",\"CM NEWS\"],\"inLanguage\":\"es\",\"potentialAction\":[{\"@type\":\"CommentAction\",\"name\":\"Comment\",\"target\":[\"https:\\\/\\\/www.cuencasmineras.com\\\/index.php\\\/2021\\\/03\\\/02\\\/el-proyecto-de-asla-que-mieres-dejo-anuncia-660-empleos-en-zamora-y-leon\\\/#respond\"]}]},{\"@type\":\"WebPage\",\"@id\":\"https:\\\/\\\/www.cuencasmineras.com\\\/index.php\\\/2021\\\/03\\\/02\\\/el-proyecto-de-asla-que-mieres-dejo-anuncia-660-empleos-en-zamora-y-leon\\\/\",\"url\":\"https:\\\/\\\/www.cuencasmineras.com\\\/index.php\\\/2021\\\/03\\\/02\\\/el-proyecto-de-asla-que-mieres-dejo-anuncia-660-empleos-en-zamora-y-leon\\\/\",\"name\":\"El proyecto de Asla que Mieres dej\u00f3, anuncia 660 empleos en Zamora y Le\u00f3n -\",\"isPartOf\":{\"@id\":\"https:\\\/\\\/www.cuencasmineras.com\\\/#website\"},\"primaryImageOfPage\":{\"@id\":\"https:\\\/\\\/www.cuencasmineras.com\\\/index.php\\\/2021\\\/03\\\/02\\\/el-proyecto-de-asla-que-mieres-dejo-anuncia-660-empleos-en-zamora-y-leon\\\/#primaryimage\"},\"image\":{\"@id\":\"https:\\\/\\\/www.cuencasmineras.com\\\/index.php\\\/2021\\\/03\\\/02\\\/el-proyecto-de-asla-que-mieres-dejo-anuncia-660-empleos-en-zamora-y-leon\\\/#primaryimage\"},\"thumbnailUrl\":\"https:\\\/\\\/www.cuencasmineras.com\\\/wp-content\\\/uploads\\\/2021\\\/03\\\/5be26b5d-92fb-4456-8dec-8a7e428fd584_21-9-aspect-ratio_default_0.jpg\",\"datePublished\":\"2021-03-02T22:54:25+00:00\",\"dateModified\":\"2021-03-02T23:05:38+00:00\",\"author\":{\"@id\":\"https:\\\/\\\/www.cuencasmineras.com\\\/#\\\/schema\\\/person\\\/be0691310e8496ec555f679dd688420c\"},\"description\":\"El Gobierno de Castilla y Le\u00f3n declara \u201cprioritario\u201d el desarrollo de Latem Aluminium y la compa\u00f1\u00eda prepara una nueva inversi\u00f3n de 238 millones\",\"breadcrumb\":{\"@id\":\"https:\\\/\\\/www.cuencasmineras.com\\\/index.php\\\/2021\\\/03\\\/02\\\/el-proyecto-de-asla-que-mieres-dejo-anuncia-660-empleos-en-zamora-y-leon\\\/#breadcrumb\"},\"inLanguage\":\"es\",\"potentialAction\":[{\"@type\":\"ReadAction\",\"target\":[\"https:\\\/\\\/www.cuencasmineras.com\\\/index.php\\\/2021\\\/03\\\/02\\\/el-proyecto-de-asla-que-mieres-dejo-anuncia-660-empleos-en-zamora-y-leon\\\/\"]}]},{\"@type\":\"ImageObject\",\"inLanguage\":\"es\",\"@id\":\"https:\\\/\\\/www.cuencasmineras.com\\\/index.php\\\/2021\\\/03\\\/02\\\/el-proyecto-de-asla-que-mieres-dejo-anuncia-660-empleos-en-zamora-y-leon\\\/#primaryimage\",\"url\":\"https:\\\/\\\/www.cuencasmineras.com\\\/wp-content\\\/uploads\\\/2021\\\/03\\\/5be26b5d-92fb-4456-8dec-8a7e428fd584_21-9-aspect-ratio_default_0.jpg\",\"contentUrl\":\"https:\\\/\\\/www.cuencasmineras.com\\\/wp-content\\\/uploads\\\/2021\\\/03\\\/5be26b5d-92fb-4456-8dec-8a7e428fd584_21-9-aspect-ratio_default_0.jpg\",\"width\":1280,\"height\":548},{\"@type\":\"BreadcrumbList\",\"@id\":\"https:\\\/\\\/www.cuencasmineras.com\\\/index.php\\\/2021\\\/03\\\/02\\\/el-proyecto-de-asla-que-mieres-dejo-anuncia-660-empleos-en-zamora-y-leon\\\/#breadcrumb\",\"itemListElement\":[{\"@type\":\"ListItem\",\"position\":1,\"name\":\"Portada\",\"item\":\"https:\\\/\\\/www.cuencasmineras.com\\\/\"},{\"@type\":\"ListItem\",\"position\":2,\"name\":\"El proyecto de Asla que Mieres dej\u00f3, anuncia 660 empleos en Zamora y Le\u00f3n\"}]},{\"@type\":\"WebSite\",\"@id\":\"https:\\\/\\\/www.cuencasmineras.com\\\/#website\",\"url\":\"https:\\\/\\\/www.cuencasmineras.com\\\/\",\"name\":\"\",\"description\":\"\",\"potentialAction\":[{\"@type\":\"SearchAction\",\"target\":{\"@type\":\"EntryPoint\",\"urlTemplate\":\"https:\\\/\\\/www.cuencasmineras.com\\\/?s={search_term_string}\"},\"query-input\":{\"@type\":\"PropertyValueSpecification\",\"valueRequired\":true,\"valueName\":\"search_term_string\"}}],\"inLanguage\":\"es\"},{\"@type\":\"Person\",\"@id\":\"https:\\\/\\\/www.cuencasmineras.com\\\/#\\\/schema\\\/person\\\/be0691310e8496ec555f679dd688420c\",\"name\":\"admin\",\"image\":{\"@type\":\"ImageObject\",\"inLanguage\":\"es\",\"@id\":\"https:\\\/\\\/secure.gravatar.com\\\/avatar\\\/4afd2eed3b2fbbf36dd6707b5bd8a5b50ac648f033e36fbf85aeace2f0f859db?s=96&d=mm&r=g\",\"url\":\"https:\\\/\\\/secure.gravatar.com\\\/avatar\\\/4afd2eed3b2fbbf36dd6707b5bd8a5b50ac648f033e36fbf85aeace2f0f859db?s=96&d=mm&r=g\",\"contentUrl\":\"https:\\\/\\\/secure.gravatar.com\\\/avatar\\\/4afd2eed3b2fbbf36dd6707b5bd8a5b50ac648f033e36fbf85aeace2f0f859db?s=96&d=mm&r=g\",\"caption\":\"admin\"},\"sameAs\":[\"https:\\\/\\\/www.cuencasmineras.com\"],\"url\":\"https:\\\/\\\/www.cuencasmineras.com\\\/index.php\\\/author\\\/admin\\\/\"}]}<\/script>\n<!-- \/ Yoast SEO plugin. -->","yoast_head_json":{"title":"El proyecto de Asla que Mieres dej\u00f3, anuncia 660 empleos en Zamora y Le\u00f3n -","description":"El Gobierno de Castilla y Le\u00f3n declara \u201cprioritario\u201d el desarrollo de Latem Aluminium y la compa\u00f1\u00eda prepara una nueva inversi\u00f3n de 238 millones","robots":{"index":"index","follow":"follow","max-snippet":"max-snippet:-1","max-image-preview":"max-image-preview:large","max-video-preview":"max-video-preview:-1"},"canonical":"https:\/\/www.cuencasmineras.com\/index.php\/2021\/03\/02\/el-proyecto-de-asla-que-mieres-dejo-anuncia-660-empleos-en-zamora-y-leon\/","og_locale":"es_ES","og_type":"article","og_title":"El proyecto de Asla que Mieres dej\u00f3, anuncia 660 empleos en Zamora y Le\u00f3n -","og_description":"El Gobierno de Castilla y Le\u00f3n declara \u201cprioritario\u201d el desarrollo de Latem Aluminium y la compa\u00f1\u00eda prepara una nueva inversi\u00f3n de 238 millones","og_url":"https:\/\/www.cuencasmineras.com\/index.php\/2021\/03\/02\/el-proyecto-de-asla-que-mieres-dejo-anuncia-660-empleos-en-zamora-y-leon\/","article_published_time":"2021-03-02T22:54:25+00:00","article_modified_time":"2021-03-02T23:05:38+00:00","og_image":[{"width":1280,"height":548,"url":"https:\/\/www.cuencasmineras.com\/wp-content\/uploads\/2021\/03\/5be26b5d-92fb-4456-8dec-8a7e428fd584_21-9-aspect-ratio_default_0.jpg","type":"image\/jpeg"}],"author":"admin","twitter_card":"summary_large_image","twitter_misc":{"Escrito por":"admin","Tiempo de lectura":"3 minutos"},"schema":{"@context":"https:\/\/schema.org","@graph":[{"@type":"Article","@id":"https:\/\/www.cuencasmineras.com\/index.php\/2021\/03\/02\/el-proyecto-de-asla-que-mieres-dejo-anuncia-660-empleos-en-zamora-y-leon\/#article","isPartOf":{"@id":"https:\/\/www.cuencasmineras.com\/index.php\/2021\/03\/02\/el-proyecto-de-asla-que-mieres-dejo-anuncia-660-empleos-en-zamora-y-leon\/"},"author":{"name":"admin","@id":"https:\/\/www.cuencasmineras.com\/#\/schema\/person\/be0691310e8496ec555f679dd688420c"},"headline":"El proyecto de Asla que Mieres dej\u00f3, anuncia 660 empleos en Zamora y Le\u00f3n","datePublished":"2021-03-02T22:54:25+00:00","dateModified":"2021-03-02T23:05:38+00:00","mainEntityOfPage":{"@id":"https:\/\/www.cuencasmineras.com\/index.php\/2021\/03\/02\/el-proyecto-de-asla-que-mieres-dejo-anuncia-660-empleos-en-zamora-y-leon\/"},"wordCount":653,"commentCount":0,"image":{"@id":"https:\/\/www.cuencasmineras.com\/index.php\/2021\/03\/02\/el-proyecto-de-asla-que-mieres-dejo-anuncia-660-empleos-en-zamora-y-leon\/#primaryimage"},"thumbnailUrl":"https:\/\/www.cuencasmineras.com\/wp-content\/uploads\/2021\/03\/5be26b5d-92fb-4456-8dec-8a7e428fd584_21-9-aspect-ratio_default_0.jpg","articleSection":["Caudal","CM NEWS"],"inLanguage":"es","potentialAction":[{"@type":"CommentAction","name":"Comment","target":["https:\/\/www.cuencasmineras.com\/index.php\/2021\/03\/02\/el-proyecto-de-asla-que-mieres-dejo-anuncia-660-empleos-en-zamora-y-leon\/#respond"]}]},{"@type":"WebPage","@id":"https:\/\/www.cuencasmineras.com\/index.php\/2021\/03\/02\/el-proyecto-de-asla-que-mieres-dejo-anuncia-660-empleos-en-zamora-y-leon\/","url":"https:\/\/www.cuencasmineras.com\/index.php\/2021\/03\/02\/el-proyecto-de-asla-que-mieres-dejo-anuncia-660-empleos-en-zamora-y-leon\/","name":"El proyecto de Asla que Mieres dej\u00f3, anuncia 660 empleos en Zamora y Le\u00f3n -","isPartOf":{"@id":"https:\/\/www.cuencasmineras.com\/#website"},"primaryImageOfPage":{"@id":"https:\/\/www.cuencasmineras.com\/index.php\/2021\/03\/02\/el-proyecto-de-asla-que-mieres-dejo-anuncia-660-empleos-en-zamora-y-leon\/#primaryimage"},"image":{"@id":"https:\/\/www.cuencasmineras.com\/index.php\/2021\/03\/02\/el-proyecto-de-asla-que-mieres-dejo-anuncia-660-empleos-en-zamora-y-leon\/#primaryimage"},"thumbnailUrl":"https:\/\/www.cuencasmineras.com\/wp-content\/uploads\/2021\/03\/5be26b5d-92fb-4456-8dec-8a7e428fd584_21-9-aspect-ratio_default_0.jpg","datePublished":"2021-03-02T22:54:25+00:00","dateModified":"2021-03-02T23:05:38+00:00","author":{"@id":"https:\/\/www.cuencasmineras.com\/#\/schema\/person\/be0691310e8496ec555f679dd688420c"},"description":"El Gobierno de Castilla y Le\u00f3n declara \u201cprioritario\u201d el desarrollo de Latem Aluminium y la compa\u00f1\u00eda prepara una nueva inversi\u00f3n de 238 millones","breadcrumb":{"@id":"https:\/\/www.cuencasmineras.com\/index.php\/2021\/03\/02\/el-proyecto-de-asla-que-mieres-dejo-anuncia-660-empleos-en-zamora-y-leon\/#breadcrumb"},"inLanguage":"es","potentialAction":[{"@type":"ReadAction","target":["https:\/\/www.cuencasmineras.com\/index.php\/2021\/03\/02\/el-proyecto-de-asla-que-mieres-dejo-anuncia-660-empleos-en-zamora-y-leon\/"]}]},{"@type":"ImageObject","inLanguage":"es","@id":"https:\/\/www.cuencasmineras.com\/index.php\/2021\/03\/02\/el-proyecto-de-asla-que-mieres-dejo-anuncia-660-empleos-en-zamora-y-leon\/#primaryimage","url":"https:\/\/www.cuencasmineras.com\/wp-content\/uploads\/2021\/03\/5be26b5d-92fb-4456-8dec-8a7e428fd584_21-9-aspect-ratio_default_0.jpg","contentUrl":"https:\/\/www.cuencasmineras.com\/wp-content\/uploads\/2021\/03\/5be26b5d-92fb-4456-8dec-8a7e428fd584_21-9-aspect-ratio_default_0.jpg","width":1280,"height":548},{"@type":"BreadcrumbList","@id":"https:\/\/www.cuencasmineras.com\/index.php\/2021\/03\/02\/el-proyecto-de-asla-que-mieres-dejo-anuncia-660-empleos-en-zamora-y-leon\/#breadcrumb","itemListElement":[{"@type":"ListItem","position":1,"name":"Portada","item":"https:\/\/www.cuencasmineras.com\/"},{"@type":"ListItem","position":2,"name":"El proyecto de Asla que Mieres dej\u00f3, anuncia 660 empleos en Zamora y Le\u00f3n"}]},{"@type":"WebSite","@id":"https:\/\/www.cuencasmineras.com\/#website","url":"https:\/\/www.cuencasmineras.com\/","name":"","description":"","potentialAction":[{"@type":"SearchAction","target":{"@type":"EntryPoint","urlTemplate":"https:\/\/www.cuencasmineras.com\/?s={search_term_string}"},"query-input":{"@type":"PropertyValueSpecification","valueRequired":true,"valueName":"search_term_string"}}],"inLanguage":"es"},{"@type":"Person","@id":"https:\/\/www.cuencasmineras.com\/#\/schema\/person\/be0691310e8496ec555f679dd688420c","name":"admin","image":{"@type":"ImageObject","inLanguage":"es","@id":"https:\/\/secure.gravatar.com\/avatar\/4afd2eed3b2fbbf36dd6707b5bd8a5b50ac648f033e36fbf85aeace2f0f859db?s=96&d=mm&r=g","url":"https:\/\/secure.gravatar.com\/avatar\/4afd2eed3b2fbbf36dd6707b5bd8a5b50ac648f033e36fbf85aeace2f0f859db?s=96&d=mm&r=g","contentUrl":"https:\/\/secure.gravatar.com\/avatar\/4afd2eed3b2fbbf36dd6707b5bd8a5b50ac648f033e36fbf85aeace2f0f859db?s=96&d=mm&r=g","caption":"admin"},"sameAs":["https:\/\/www.cuencasmineras.com"],"url":"https:\/\/www.cuencasmineras.com\/index.php\/author\/admin\/"}]}},"_links":{"self":[{"href":"https:\/\/www.cuencasmineras.com\/index.php\/wp-json\/wp\/v2\/posts\/1880","targetHints":{"allow":["GET"]}}],"collection":[{"href":"https:\/\/www.cuencasmineras.com\/index.php\/wp-json\/wp\/v2\/posts"}],"about":[{"href":"https:\/\/www.cuencasmineras.com\/index.php\/wp-json\/wp\/v2\/types\/post"}],"author":[{"embeddable":true,"href":"https:\/\/www.cuencasmineras.com\/index.php\/wp-json\/wp\/v2\/users\/1"}],"replies":[{"embeddable":true,"href":"https:\/\/www.cuencasmineras.com\/index.php\/wp-json\/wp\/v2\/comments?post=1880"}],"version-history":[{"count":1,"href":"https:\/\/www.cuencasmineras.com\/index.php\/wp-json\/wp\/v2\/posts\/1880\/revisions"}],"predecessor-version":[{"id":1882,"href":"https:\/\/www.cuencasmineras.com\/index.php\/wp-json\/wp\/v2\/posts\/1880\/revisions\/1882"}],"wp:featuredmedia":[{"embeddable":true,"href":"https:\/\/www.cuencasmineras.com\/index.php\/wp-json\/wp\/v2\/media\/1881"}],"wp:attachment":[{"href":"https:\/\/www.cuencasmineras.com\/index.php\/wp-json\/wp\/v2\/media?parent=1880"}],"wp:term":[{"taxonomy":"category","embeddable":true,"href":"https:\/\/www.cuencasmineras.com\/index.php\/wp-json\/wp\/v2\/categories?post=1880"},{"taxonomy":"post_tag","embeddable":true,"href":"https:\/\/www.cuencasmineras.com\/index.php\/wp-json\/wp\/v2\/tags?post=1880"}],"curies":[{"name":"wp","href":"https:\/\/api.w.org\/{rel}","templated":true}]}}