{"id":1886,"date":"2021-03-03T07:41:26","date_gmt":"2021-03-03T07:41:26","guid":{"rendered":"https:\/\/www.cuencasmineras.com\/?p=1886"},"modified":"2021-03-03T07:41:26","modified_gmt":"2021-03-03T07:41:26","slug":"pp-de-mieres-exige-la-convocatoria-urgente-de-las-segundas-ayudas-a-la-hosteleria-y-comercio","status":"publish","type":"post","link":"https:\/\/www.cuencasmineras.com\/index.php\/2021\/03\/03\/pp-de-mieres-exige-la-convocatoria-urgente-de-las-segundas-ayudas-a-la-hosteleria-y-comercio\/","title":{"rendered":"PP de Mieres exige la convocatoria urgente de las segundas ayudas a la hosteler\u00eda y comercio"},"content":{"rendered":"<p style=\"text-align: justify;\" align=\"JUSTIFY\"><span style=\"font-family: Arial, serif;\"><span style=\"font-size: medium;\">Tras 3 meses desde su anuncio:<\/span><\/span><\/p>\n<p style=\"text-align: justify;\" align=\"JUSTIFY\"><span style=\"font-family: Arial, serif;\"><span style=\"font-size: large;\"><b>El Partido Popular exige la convocatoria urgente de las segundas ayudas a la hosteler\u00eda y comercio frente el COVID-19. <\/b><\/span><\/span><b> <\/b><\/p>\n<p style=\"text-align: justify;\" align=\"LEFT\">\n<ul style=\"text-align: justify;\">\n<li>\n<p align=\"JUSTIFY\"><span style=\"font-family: Arial, serif;\"><span style=\"font-size: medium;\"><b>Se anunciaron a bombo y platillo otros 800.000\u20ac del remanente municipal para ayudas ante los cierres de la 2\u00ba ola y ya ha pasado la 3\u00ba ola y a\u00fan no se ha convocado nada. <\/b><\/span><\/span><\/p>\n<\/li>\n<li>\n<p align=\"JUSTIFY\"><span style=\"font-family: Arial, serif;\"><span style=\"font-size: medium;\"><b>Las anteriores ayudas tardaron 7 meses en tramitarse, por el paso que vamos, antes del 2022 no llegar\u00edan las siguientes. <\/b><\/span><\/span><\/p>\n<\/li>\n<\/ul>\n<p style=\"text-align: justify;\" align=\"LEFT\">\n<p style=\"text-align: justify;\" align=\"LEFT\"><span style=\"font-family: Arial, serif;\"><span style=\"font-size: medium;\"><u><b>02<\/b><\/u><\/span><\/span><span style=\"color: #000000;\"><span style=\"font-family: Arial, serif;\"><span style=\"font-size: medium;\"><u><b>, <\/b><\/u><\/span><\/span><\/span><span style=\"font-family: Arial, serif;\"><span style=\"font-size: medium;\"><u><b>Marzo<\/b><\/u><\/span><\/span><span style=\"color: #000000;\"><span style=\"font-family: Arial, serif;\"><span style=\"font-size: medium;\"><u><b> 202<\/b><\/u><\/span><\/span><\/span><span style=\"font-family: Arial, serif;\"><span style=\"font-size: medium;\"><u><b>1<\/b><\/u><\/span><\/span><span style=\"color: #000000;\"><span style=\"font-family: Arial, serif;\"><span style=\"font-size: medium;\"><u><b>.-<\/b><\/u><\/span><\/span><\/span><\/p>\n<p style=\"text-align: justify;\" align=\"JUSTIFY\"><span style=\"font-size: medium;\">Cuando a nuestro <\/span><span style=\"font-size: medium;\"><b>alcalde se le llena la boca ofreciendo ayudas ante las manifestaciones<\/b><\/span><span style=\"font-size: medium;\"> de la hosteler\u00eda y comercio debidas al cierre por las medias COVID, <\/span><span style=\"font-size: medium;\"><b>se le olvida el peque\u00f1o detalle, la lentitud y falta de eficacia del equipo que le acompa\u00f1a<\/b><\/span><span style=\"font-size: medium;\">.<\/span><\/p>\n<p style=\"text-align: justify;\" align=\"JUSTIFY\"><span style=\"font-size: medium;\">Estas ayudas fueron anunciadas conjuntamente al plan de usos de los 5 millones del remanente municipal a finales del a\u00f1o 2020, para paliar los efectos del cierre de los locales durante la segunda ola. Pues bien, <\/span><span style=\"font-size: medium;\"><b>nos encontramos en el mes de marzo, pasada ya una tercera ola y otro cierre encubierto de los locales y seguimos sin nada<\/b><\/span><span style=\"font-size: medium;\">. A fecha a\u00fan no se han planteado ni las bases de esta segunda convocatoria, ni hay una previsi\u00f3n de cu\u00e1ndo se presentar\u00e1n.<\/span><\/p>\n<p style=\"text-align: justify;\" align=\"JUSTIFY\"><span style=\"font-size: medium;\"><b>Las anteriores ayudas tardaron 7 meses en tramitarlas<\/b><\/span><span style=\"font-size: medium;\"> y por el paso que van estas nos encontraremos en una tesitura parecida, concediendo las ayudas m\u00e1s cerca del a\u00f1o 2022 que en el presente a\u00f1o. Ante esta falta de eficacia administrativa y de gesti\u00f3n, nos vemos en la necesidad de exponer nuestra queja ya que hay muchos locales comerciales y hosteleros que lo han pasado muy mal en el segundo cierre, arrastraron un tercer cierre parcial y no pueden estirar mucho m\u00e1s su malograda econom\u00eda. <\/span><\/p>\n<p style=\"text-align: justify;\" align=\"JUSTIFY\"><span style=\"font-size: medium;\"><b>Estamos convencidos que la falta de inter\u00e9s y capacidad de resoluci\u00f3n por parte del Equipo de Gobierno es el causante de todos estos retrasos<\/b><\/span><span style=\"font-size: medium;\">. En otros ayuntamientos de la regi\u00f3n han sido capaces de sacar 2, 3 y hasta incluso 4 convocatorias distintas para ayudar a su econom\u00eda local, <\/span><span style=\"font-size: medium;\"><b>mientras que en Mieres, disponiendo el dinero, no somos capaces de gestionarlo con rapidez y eficacia<\/b><\/span><span style=\"font-size: medium;\">.<\/span><\/p>\n<p style=\"text-align: justify;\" align=\"JUSTIFY\"><span style=\"font-size: medium;\">Si el Equipo de Gobierno fueran tan eficaces a la hora de tramitar las ayudas como de darse publicidad de los medios de comunicaci\u00f3n de lo que ellos creen que hacen, la econom\u00eda de Mieres ir\u00eda mucho mejor, es momento de presumir menos de logros que no son reales o de vanagloriarse de hacer las cosas en tiempos dilatados y extremadamente largos. <\/span><span style=\"font-size: medium;\"><b>Estamos en momentos muy delicados, donde la efectividad y premura en las ayudas es vital para no hundir lo poco que nos queda<\/b><\/span><span style=\"font-size: medium;\">, por eso, desde aqu\u00ed, pedimos que, de una vez, el Equipo de Gobierno y el Alcalde se pongan a trabajar en lo urgente y necesario para Mieres. <\/span><\/p>\n","protected":false},"excerpt":{"rendered":"<p>Tras 3 meses desde su anuncio: El Partido Popular exige la convocatoria urgente de las segundas ayudas a la hosteler\u00eda y comercio frente el COVID-19. Se anunciaron a bombo y platillo otros 800.000\u20ac del remanente municipal para ayudas ante los cierres de la 2\u00ba ola y ya ha pasado la 3\u00ba ola y a\u00fan no [&hellip;]<\/p>\n","protected":false},"author":1,"featured_media":1285,"comment_status":"open","ping_status":"open","sticky":false,"template":"","format":"standard","meta":{"footnotes":""},"categories":[7,6],"tags":[114,125],"class_list":["post-1886","post","type-post","status-publish","format-standard","has-post-thumbnail","hentry","category-caudal","category-noticias","tag-ayudas","tag-pp-mieres"],"yoast_head":"<!-- This site is optimized with the Yoast SEO plugin v27.4 - https:\/\/yoast.com\/product\/yoast-seo-wordpress\/ -->\n<title>PP de Mieres exige la convocatoria urgente de las segundas ayudas a la hosteler\u00eda y comercio<\/title>\n<meta name=\"robots\" content=\"index, follow, max-snippet:-1, max-image-preview:large, max-video-preview:-1\" \/>\n<link rel=\"canonical\" href=\"https:\/\/www.cuencasmineras.com\/index.php\/2021\/03\/03\/pp-de-mieres-exige-la-convocatoria-urgente-de-las-segundas-ayudas-a-la-hosteleria-y-comercio\/\" \/>\n<meta property=\"og:locale\" content=\"es_ES\" \/>\n<meta property=\"og:type\" content=\"article\" \/>\n<meta property=\"og:title\" content=\"PP de Mieres exige la convocatoria urgente de las segundas ayudas a la hosteler\u00eda y comercio\" \/>\n<meta property=\"og:description\" content=\"Tras 3 meses desde su anuncio: El Partido Popular exige la convocatoria urgente de las segundas ayudas a la hosteler\u00eda y comercio frente el COVID-19. Se anunciaron a bombo y platillo otros 800.000\u20ac del remanente municipal para ayudas ante los cierres de la 2\u00ba ola y ya ha pasado la 3\u00ba ola y a\u00fan no [&hellip;]\" \/>\n<meta property=\"og:url\" content=\"https:\/\/www.cuencasmineras.com\/index.php\/2021\/03\/03\/pp-de-mieres-exige-la-convocatoria-urgente-de-las-segundas-ayudas-a-la-hosteleria-y-comercio\/\" \/>\n<meta property=\"article:published_time\" content=\"2021-03-03T07:41:26+00:00\" \/>\n<meta property=\"og:image\" content=\"https:\/\/www.cuencasmineras.com\/wp-content\/uploads\/2020\/10\/cuatro-laborales.jpg\" \/>\n\t<meta property=\"og:image:width\" content=\"221\" \/>\n\t<meta property=\"og:image:height\" content=\"350\" \/>\n\t<meta property=\"og:image:type\" content=\"image\/jpeg\" \/>\n<meta name=\"author\" content=\"admin\" \/>\n<meta name=\"twitter:card\" content=\"summary_large_image\" \/>\n<meta name=\"twitter:label1\" content=\"Escrito por\" \/>\n\t<meta name=\"twitter:data1\" content=\"admin\" \/>\n\t<meta name=\"twitter:label2\" content=\"Tiempo de lectura\" \/>\n\t<meta name=\"twitter:data2\" content=\"3 minutos\" \/>\n<script type=\"application\/ld+json\" class=\"yoast-schema-graph\">{\"@context\":\"https:\\\/\\\/schema.org\",\"@graph\":[{\"@type\":\"Article\",\"@id\":\"https:\\\/\\\/www.cuencasmineras.com\\\/index.php\\\/2021\\\/03\\\/03\\\/pp-de-mieres-exige-la-convocatoria-urgente-de-las-segundas-ayudas-a-la-hosteleria-y-comercio\\\/#article\",\"isPartOf\":{\"@id\":\"https:\\\/\\\/www.cuencasmineras.com\\\/index.php\\\/2021\\\/03\\\/03\\\/pp-de-mieres-exige-la-convocatoria-urgente-de-las-segundas-ayudas-a-la-hosteleria-y-comercio\\\/\"},\"author\":{\"name\":\"admin\",\"@id\":\"https:\\\/\\\/www.cuencasmineras.com\\\/#\\\/schema\\\/person\\\/be0691310e8496ec555f679dd688420c\"},\"headline\":\"PP de Mieres exige la convocatoria urgente de las segundas ayudas a la hosteler\u00eda y comercio\",\"datePublished\":\"2021-03-03T07:41:26+00:00\",\"mainEntityOfPage\":{\"@id\":\"https:\\\/\\\/www.cuencasmineras.com\\\/index.php\\\/2021\\\/03\\\/03\\\/pp-de-mieres-exige-la-convocatoria-urgente-de-las-segundas-ayudas-a-la-hosteleria-y-comercio\\\/\"},\"wordCount\":494,\"commentCount\":0,\"image\":{\"@id\":\"https:\\\/\\\/www.cuencasmineras.com\\\/index.php\\\/2021\\\/03\\\/03\\\/pp-de-mieres-exige-la-convocatoria-urgente-de-las-segundas-ayudas-a-la-hosteleria-y-comercio\\\/#primaryimage\"},\"thumbnailUrl\":\"https:\\\/\\\/www.cuencasmineras.com\\\/wp-content\\\/uploads\\\/2020\\\/10\\\/cuatro-laborales.jpg\",\"keywords\":[\"ayudas\",\"PP MIERES\"],\"articleSection\":[\"Caudal\",\"CM NEWS\"],\"inLanguage\":\"es\",\"potentialAction\":[{\"@type\":\"CommentAction\",\"name\":\"Comment\",\"target\":[\"https:\\\/\\\/www.cuencasmineras.com\\\/index.php\\\/2021\\\/03\\\/03\\\/pp-de-mieres-exige-la-convocatoria-urgente-de-las-segundas-ayudas-a-la-hosteleria-y-comercio\\\/#respond\"]}]},{\"@type\":\"WebPage\",\"@id\":\"https:\\\/\\\/www.cuencasmineras.com\\\/index.php\\\/2021\\\/03\\\/03\\\/pp-de-mieres-exige-la-convocatoria-urgente-de-las-segundas-ayudas-a-la-hosteleria-y-comercio\\\/\",\"url\":\"https:\\\/\\\/www.cuencasmineras.com\\\/index.php\\\/2021\\\/03\\\/03\\\/pp-de-mieres-exige-la-convocatoria-urgente-de-las-segundas-ayudas-a-la-hosteleria-y-comercio\\\/\",\"name\":\"PP de Mieres exige la convocatoria urgente de las segundas ayudas a la hosteler\u00eda y comercio\",\"isPartOf\":{\"@id\":\"https:\\\/\\\/www.cuencasmineras.com\\\/#website\"},\"primaryImageOfPage\":{\"@id\":\"https:\\\/\\\/www.cuencasmineras.com\\\/index.php\\\/2021\\\/03\\\/03\\\/pp-de-mieres-exige-la-convocatoria-urgente-de-las-segundas-ayudas-a-la-hosteleria-y-comercio\\\/#primaryimage\"},\"image\":{\"@id\":\"https:\\\/\\\/www.cuencasmineras.com\\\/index.php\\\/2021\\\/03\\\/03\\\/pp-de-mieres-exige-la-convocatoria-urgente-de-las-segundas-ayudas-a-la-hosteleria-y-comercio\\\/#primaryimage\"},\"thumbnailUrl\":\"https:\\\/\\\/www.cuencasmineras.com\\\/wp-content\\\/uploads\\\/2020\\\/10\\\/cuatro-laborales.jpg\",\"datePublished\":\"2021-03-03T07:41:26+00:00\",\"author\":{\"@id\":\"https:\\\/\\\/www.cuencasmineras.com\\\/#\\\/schema\\\/person\\\/be0691310e8496ec555f679dd688420c\"},\"breadcrumb\":{\"@id\":\"https:\\\/\\\/www.cuencasmineras.com\\\/index.php\\\/2021\\\/03\\\/03\\\/pp-de-mieres-exige-la-convocatoria-urgente-de-las-segundas-ayudas-a-la-hosteleria-y-comercio\\\/#breadcrumb\"},\"inLanguage\":\"es\",\"potentialAction\":[{\"@type\":\"ReadAction\",\"target\":[\"https:\\\/\\\/www.cuencasmineras.com\\\/index.php\\\/2021\\\/03\\\/03\\\/pp-de-mieres-exige-la-convocatoria-urgente-de-las-segundas-ayudas-a-la-hosteleria-y-comercio\\\/\"]}]},{\"@type\":\"ImageObject\",\"inLanguage\":\"es\",\"@id\":\"https:\\\/\\\/www.cuencasmineras.com\\\/index.php\\\/2021\\\/03\\\/03\\\/pp-de-mieres-exige-la-convocatoria-urgente-de-las-segundas-ayudas-a-la-hosteleria-y-comercio\\\/#primaryimage\",\"url\":\"https:\\\/\\\/www.cuencasmineras.com\\\/wp-content\\\/uploads\\\/2020\\\/10\\\/cuatro-laborales.jpg\",\"contentUrl\":\"https:\\\/\\\/www.cuencasmineras.com\\\/wp-content\\\/uploads\\\/2020\\\/10\\\/cuatro-laborales.jpg\",\"width\":221,\"height\":350},{\"@type\":\"BreadcrumbList\",\"@id\":\"https:\\\/\\\/www.cuencasmineras.com\\\/index.php\\\/2021\\\/03\\\/03\\\/pp-de-mieres-exige-la-convocatoria-urgente-de-las-segundas-ayudas-a-la-hosteleria-y-comercio\\\/#breadcrumb\",\"itemListElement\":[{\"@type\":\"ListItem\",\"position\":1,\"name\":\"Portada\",\"item\":\"https:\\\/\\\/www.cuencasmineras.com\\\/\"},{\"@type\":\"ListItem\",\"position\":2,\"name\":\"PP de Mieres exige la convocatoria urgente de las segundas ayudas a la hosteler\u00eda y comercio\"}]},{\"@type\":\"WebSite\",\"@id\":\"https:\\\/\\\/www.cuencasmineras.com\\\/#website\",\"url\":\"https:\\\/\\\/www.cuencasmineras.com\\\/\",\"name\":\"\",\"description\":\"\",\"potentialAction\":[{\"@type\":\"SearchAction\",\"target\":{\"@type\":\"EntryPoint\",\"urlTemplate\":\"https:\\\/\\\/www.cuencasmineras.com\\\/?s={search_term_string}\"},\"query-input\":{\"@type\":\"PropertyValueSpecification\",\"valueRequired\":true,\"valueName\":\"search_term_string\"}}],\"inLanguage\":\"es\"},{\"@type\":\"Person\",\"@id\":\"https:\\\/\\\/www.cuencasmineras.com\\\/#\\\/schema\\\/person\\\/be0691310e8496ec555f679dd688420c\",\"name\":\"admin\",\"image\":{\"@type\":\"ImageObject\",\"inLanguage\":\"es\",\"@id\":\"https:\\\/\\\/secure.gravatar.com\\\/avatar\\\/4afd2eed3b2fbbf36dd6707b5bd8a5b50ac648f033e36fbf85aeace2f0f859db?s=96&d=mm&r=g\",\"url\":\"https:\\\/\\\/secure.gravatar.com\\\/avatar\\\/4afd2eed3b2fbbf36dd6707b5bd8a5b50ac648f033e36fbf85aeace2f0f859db?s=96&d=mm&r=g\",\"contentUrl\":\"https:\\\/\\\/secure.gravatar.com\\\/avatar\\\/4afd2eed3b2fbbf36dd6707b5bd8a5b50ac648f033e36fbf85aeace2f0f859db?s=96&d=mm&r=g\",\"caption\":\"admin\"},\"sameAs\":[\"https:\\\/\\\/www.cuencasmineras.com\"],\"url\":\"https:\\\/\\\/www.cuencasmineras.com\\\/index.php\\\/author\\\/admin\\\/\"}]}<\/script>\n<!-- \/ Yoast SEO plugin. -->","yoast_head_json":{"title":"PP de Mieres exige la convocatoria urgente de las segundas ayudas a la hosteler\u00eda y comercio","robots":{"index":"index","follow":"follow","max-snippet":"max-snippet:-1","max-image-preview":"max-image-preview:large","max-video-preview":"max-video-preview:-1"},"canonical":"https:\/\/www.cuencasmineras.com\/index.php\/2021\/03\/03\/pp-de-mieres-exige-la-convocatoria-urgente-de-las-segundas-ayudas-a-la-hosteleria-y-comercio\/","og_locale":"es_ES","og_type":"article","og_title":"PP de Mieres exige la convocatoria urgente de las segundas ayudas a la hosteler\u00eda y comercio","og_description":"Tras 3 meses desde su anuncio: El Partido Popular exige la convocatoria urgente de las segundas ayudas a la hosteler\u00eda y comercio frente el COVID-19. Se anunciaron a bombo y platillo otros 800.000\u20ac del remanente municipal para ayudas ante los cierres de la 2\u00ba ola y ya ha pasado la 3\u00ba ola y a\u00fan no [&hellip;]","og_url":"https:\/\/www.cuencasmineras.com\/index.php\/2021\/03\/03\/pp-de-mieres-exige-la-convocatoria-urgente-de-las-segundas-ayudas-a-la-hosteleria-y-comercio\/","article_published_time":"2021-03-03T07:41:26+00:00","og_image":[{"width":221,"height":350,"url":"https:\/\/www.cuencasmineras.com\/wp-content\/uploads\/2020\/10\/cuatro-laborales.jpg","type":"image\/jpeg"}],"author":"admin","twitter_card":"summary_large_image","twitter_misc":{"Escrito por":"admin","Tiempo de lectura":"3 minutos"},"schema":{"@context":"https:\/\/schema.org","@graph":[{"@type":"Article","@id":"https:\/\/www.cuencasmineras.com\/index.php\/2021\/03\/03\/pp-de-mieres-exige-la-convocatoria-urgente-de-las-segundas-ayudas-a-la-hosteleria-y-comercio\/#article","isPartOf":{"@id":"https:\/\/www.cuencasmineras.com\/index.php\/2021\/03\/03\/pp-de-mieres-exige-la-convocatoria-urgente-de-las-segundas-ayudas-a-la-hosteleria-y-comercio\/"},"author":{"name":"admin","@id":"https:\/\/www.cuencasmineras.com\/#\/schema\/person\/be0691310e8496ec555f679dd688420c"},"headline":"PP de Mieres exige la convocatoria urgente de las segundas ayudas a la hosteler\u00eda y comercio","datePublished":"2021-03-03T07:41:26+00:00","mainEntityOfPage":{"@id":"https:\/\/www.cuencasmineras.com\/index.php\/2021\/03\/03\/pp-de-mieres-exige-la-convocatoria-urgente-de-las-segundas-ayudas-a-la-hosteleria-y-comercio\/"},"wordCount":494,"commentCount":0,"image":{"@id":"https:\/\/www.cuencasmineras.com\/index.php\/2021\/03\/03\/pp-de-mieres-exige-la-convocatoria-urgente-de-las-segundas-ayudas-a-la-hosteleria-y-comercio\/#primaryimage"},"thumbnailUrl":"https:\/\/www.cuencasmineras.com\/wp-content\/uploads\/2020\/10\/cuatro-laborales.jpg","keywords":["ayudas","PP MIERES"],"articleSection":["Caudal","CM NEWS"],"inLanguage":"es","potentialAction":[{"@type":"CommentAction","name":"Comment","target":["https:\/\/www.cuencasmineras.com\/index.php\/2021\/03\/03\/pp-de-mieres-exige-la-convocatoria-urgente-de-las-segundas-ayudas-a-la-hosteleria-y-comercio\/#respond"]}]},{"@type":"WebPage","@id":"https:\/\/www.cuencasmineras.com\/index.php\/2021\/03\/03\/pp-de-mieres-exige-la-convocatoria-urgente-de-las-segundas-ayudas-a-la-hosteleria-y-comercio\/","url":"https:\/\/www.cuencasmineras.com\/index.php\/2021\/03\/03\/pp-de-mieres-exige-la-convocatoria-urgente-de-las-segundas-ayudas-a-la-hosteleria-y-comercio\/","name":"PP de Mieres exige la convocatoria urgente de las segundas ayudas a la hosteler\u00eda y comercio","isPartOf":{"@id":"https:\/\/www.cuencasmineras.com\/#website"},"primaryImageOfPage":{"@id":"https:\/\/www.cuencasmineras.com\/index.php\/2021\/03\/03\/pp-de-mieres-exige-la-convocatoria-urgente-de-las-segundas-ayudas-a-la-hosteleria-y-comercio\/#primaryimage"},"image":{"@id":"https:\/\/www.cuencasmineras.com\/index.php\/2021\/03\/03\/pp-de-mieres-exige-la-convocatoria-urgente-de-las-segundas-ayudas-a-la-hosteleria-y-comercio\/#primaryimage"},"thumbnailUrl":"https:\/\/www.cuencasmineras.com\/wp-content\/uploads\/2020\/10\/cuatro-laborales.jpg","datePublished":"2021-03-03T07:41:26+00:00","author":{"@id":"https:\/\/www.cuencasmineras.com\/#\/schema\/person\/be0691310e8496ec555f679dd688420c"},"breadcrumb":{"@id":"https:\/\/www.cuencasmineras.com\/index.php\/2021\/03\/03\/pp-de-mieres-exige-la-convocatoria-urgente-de-las-segundas-ayudas-a-la-hosteleria-y-comercio\/#breadcrumb"},"inLanguage":"es","potentialAction":[{"@type":"ReadAction","target":["https:\/\/www.cuencasmineras.com\/index.php\/2021\/03\/03\/pp-de-mieres-exige-la-convocatoria-urgente-de-las-segundas-ayudas-a-la-hosteleria-y-comercio\/"]}]},{"@type":"ImageObject","inLanguage":"es","@id":"https:\/\/www.cuencasmineras.com\/index.php\/2021\/03\/03\/pp-de-mieres-exige-la-convocatoria-urgente-de-las-segundas-ayudas-a-la-hosteleria-y-comercio\/#primaryimage","url":"https:\/\/www.cuencasmineras.com\/wp-content\/uploads\/2020\/10\/cuatro-laborales.jpg","contentUrl":"https:\/\/www.cuencasmineras.com\/wp-content\/uploads\/2020\/10\/cuatro-laborales.jpg","width":221,"height":350},{"@type":"BreadcrumbList","@id":"https:\/\/www.cuencasmineras.com\/index.php\/2021\/03\/03\/pp-de-mieres-exige-la-convocatoria-urgente-de-las-segundas-ayudas-a-la-hosteleria-y-comercio\/#breadcrumb","itemListElement":[{"@type":"ListItem","position":1,"name":"Portada","item":"https:\/\/www.cuencasmineras.com\/"},{"@type":"ListItem","position":2,"name":"PP de Mieres exige la convocatoria urgente de las segundas ayudas a la hosteler\u00eda y comercio"}]},{"@type":"WebSite","@id":"https:\/\/www.cuencasmineras.com\/#website","url":"https:\/\/www.cuencasmineras.com\/","name":"","description":"","potentialAction":[{"@type":"SearchAction","target":{"@type":"EntryPoint","urlTemplate":"https:\/\/www.cuencasmineras.com\/?s={search_term_string}"},"query-input":{"@type":"PropertyValueSpecification","valueRequired":true,"valueName":"search_term_string"}}],"inLanguage":"es"},{"@type":"Person","@id":"https:\/\/www.cuencasmineras.com\/#\/schema\/person\/be0691310e8496ec555f679dd688420c","name":"admin","image":{"@type":"ImageObject","inLanguage":"es","@id":"https:\/\/secure.gravatar.com\/avatar\/4afd2eed3b2fbbf36dd6707b5bd8a5b50ac648f033e36fbf85aeace2f0f859db?s=96&d=mm&r=g","url":"https:\/\/secure.gravatar.com\/avatar\/4afd2eed3b2fbbf36dd6707b5bd8a5b50ac648f033e36fbf85aeace2f0f859db?s=96&d=mm&r=g","contentUrl":"https:\/\/secure.gravatar.com\/avatar\/4afd2eed3b2fbbf36dd6707b5bd8a5b50ac648f033e36fbf85aeace2f0f859db?s=96&d=mm&r=g","caption":"admin"},"sameAs":["https:\/\/www.cuencasmineras.com"],"url":"https:\/\/www.cuencasmineras.com\/index.php\/author\/admin\/"}]}},"_links":{"self":[{"href":"https:\/\/www.cuencasmineras.com\/index.php\/wp-json\/wp\/v2\/posts\/1886","targetHints":{"allow":["GET"]}}],"collection":[{"href":"https:\/\/www.cuencasmineras.com\/index.php\/wp-json\/wp\/v2\/posts"}],"about":[{"href":"https:\/\/www.cuencasmineras.com\/index.php\/wp-json\/wp\/v2\/types\/post"}],"author":[{"embeddable":true,"href":"https:\/\/www.cuencasmineras.com\/index.php\/wp-json\/wp\/v2\/users\/1"}],"replies":[{"embeddable":true,"href":"https:\/\/www.cuencasmineras.com\/index.php\/wp-json\/wp\/v2\/comments?post=1886"}],"version-history":[{"count":1,"href":"https:\/\/www.cuencasmineras.com\/index.php\/wp-json\/wp\/v2\/posts\/1886\/revisions"}],"predecessor-version":[{"id":1887,"href":"https:\/\/www.cuencasmineras.com\/index.php\/wp-json\/wp\/v2\/posts\/1886\/revisions\/1887"}],"wp:featuredmedia":[{"embeddable":true,"href":"https:\/\/www.cuencasmineras.com\/index.php\/wp-json\/wp\/v2\/media\/1285"}],"wp:attachment":[{"href":"https:\/\/www.cuencasmineras.com\/index.php\/wp-json\/wp\/v2\/media?parent=1886"}],"wp:term":[{"taxonomy":"category","embeddable":true,"href":"https:\/\/www.cuencasmineras.com\/index.php\/wp-json\/wp\/v2\/categories?post=1886"},{"taxonomy":"post_tag","embeddable":true,"href":"https:\/\/www.cuencasmineras.com\/index.php\/wp-json\/wp\/v2\/tags?post=1886"}],"curies":[{"name":"wp","href":"https:\/\/api.w.org\/{rel}","templated":true}]}}