{"id":1897,"date":"2021-03-03T16:42:12","date_gmt":"2021-03-03T16:42:12","guid":{"rendered":"https:\/\/www.cuencasmineras.com\/?p=1897"},"modified":"2021-03-03T16:42:12","modified_gmt":"2021-03-03T16:42:12","slug":"el-principado-fija-la-navegacion-en-tanes-para-este-ano-sin-garantizarla-en-verano","status":"publish","type":"post","link":"https:\/\/www.cuencasmineras.com\/index.php\/2021\/03\/03\/el-principado-fija-la-navegacion-en-tanes-para-este-ano-sin-garantizarla-en-verano\/","title":{"rendered":"El Principado fija la navegaci\u00f3n en Tanes para este a\u00f1o sin garantizarla en verano"},"content":{"rendered":"<p style=\"text-align: justify;\">Las embarcaciones tienen complicado el acceso al embalse de Tanes el pr\u00f3ximo verano. La Consejer\u00eda de Medio Rural y Cohesi\u00f3n Territorial ha fijado plazos y en sus previsiones figura que las obras necesarias que permitan el uso deportivo y l\u00fadico en el pantano cas\u00edn (la construcci\u00f3n de las instalaciones de embarque y servicios) se aborden \u201cen el segundo semestre de este a\u00f1o\u201d. \u201cSe espera que este ejercicio se haga realidad la navegaci\u00f3n deportiva sostenible en Tanes, a\u00f1o en el que las especiales circunstancias derivadas de la pandemia complican y dificultan cualquier actuaci\u00f3n\u201d, afirma el Consejero Alejandro Calvo en respuesta a la petici\u00f3n de informaci\u00f3n trasladada por el grupo parlamentario de Ciudadanos.<\/p>\n<p><img loading=\"lazy\" decoding=\"async\" class=\"aligncenter size-large wp-image-1898\" src=\"https:\/\/www.cuencasmineras.com\/wp-content\/uploads\/2021\/03\/1665d6ab-76cd-4878-89a3-4adc1b37484b_21-9-aspect-ratio_default_0-1024x438.jpg\" alt=\"\" width=\"640\" height=\"274\" srcset=\"https:\/\/www.cuencasmineras.com\/wp-content\/uploads\/2021\/03\/1665d6ab-76cd-4878-89a3-4adc1b37484b_21-9-aspect-ratio_default_0-1024x438.jpg 1024w, https:\/\/www.cuencasmineras.com\/wp-content\/uploads\/2021\/03\/1665d6ab-76cd-4878-89a3-4adc1b37484b_21-9-aspect-ratio_default_0-300x128.jpg 300w, https:\/\/www.cuencasmineras.com\/wp-content\/uploads\/2021\/03\/1665d6ab-76cd-4878-89a3-4adc1b37484b_21-9-aspect-ratio_default_0-768x329.jpg 768w, https:\/\/www.cuencasmineras.com\/wp-content\/uploads\/2021\/03\/1665d6ab-76cd-4878-89a3-4adc1b37484b_21-9-aspect-ratio_default_0.jpg 1280w\" sizes=\"auto, (max-width: 640px) 100vw, 640px\" \/><\/p>\n<p style=\"text-align: justify;\">\nEl proyecto constructivo es \u201ccomplejo\u201d, destac\u00f3 para a\u00f1adir a continuaci\u00f3n que adem\u00e1s \u201cha de disponer de unas salvaguardas adicionales por tratarse de un espacio protegido, especialmente rese\u00f1ables aquellas relacionadas con las embarcaciones cautivas y su inertizaci\u00f3n frente a organismos ex\u00f3ticos invasores, el control de aforos, etc&#8230;\u201d. Los pasos, indic\u00f3 el consejero de Medio Rural, \u201cse est\u00e1n dando de manera coordinada con todas las administraciones implicadas\u201d y se centran en \u201cla redacci\u00f3n del proyecto constructivo y la tramitaci\u00f3n administrativa de los permisos necesarios\u201d.<\/p>\n<p style=\"text-align: justify;\">El objetivo principal es que Tanes disponga de \u201cun equipamiento con una l\u00ednea integrada en los valores del parque natural de Redes, funcional y accesible, que permita al Ayuntamiento otorgar una concesi\u00f3n de uso a una iniciativa que aporte valor a\u00f1adido a esta actividad\u201d, resalt\u00f3. Calvo considera que la colaboraci\u00f3n p\u00fablico-privada \u201cpermitir\u00e1 generar un polo de econom\u00eda verde alrededor del proyecto\u201d.<\/p>\n<p style=\"text-align: justify;\">En contestaci\u00f3n a la pregunta de Sergio Garc\u00eda, diputado de Ciudadanos, sobre los planes para ejecutar el proyecto y las fechas en las que se prev\u00e9n ejecutar, el consejero de Medio Rural repas\u00f3 los pasos dados desde el 5 de marzo del pasado a\u00f1o. Entonces se aprob\u00f3 el decreto que permite el uso l\u00fadico del pantano cas\u00edn. Se culminaba, de esta forma, \u201cel proceso de di\u00e1logo abierto, consenso y tramitaci\u00f3n t\u00e9cnico-administrativa para dar carta de naturaleza a un uso deportivo sostenible\u201d del embalse de Tanes.<\/p>\n<p style=\"text-align: justify;\">Coment\u00f3 Alejandro Calvo que a partir de ese momento son las administraciones competentes en materia de aguas \u2013Confederaci\u00f3n Hidrogr\u00e1fica del Cant\u00e1brico\u2013 y territorio -\u2013Urbanismo y el Ayuntamiento de Caso\u2013 \u201clas que autorizan espec\u00edficamente los proyectos vinculados a esta nueva actividad\u201d. Posteriormente se produjeron varias reuniones entre la direcci\u00f3n general de Medio Natural y Planificaci\u00f3n Rural y el Ayuntamiento de Caso en las que, explic\u00f3 el Consejero, \u201cse conviene en la necesidad de generar un proyecto tractor en torno al uso deportivo de Tanes y para ello, se ofrecen los medios t\u00e9cnicos y capacidad presupuestaria para alcanzar este objetivo, dentro de una acci\u00f3n coordinada de todo el equipo de gobierno\u201d.<\/p>\n<p style=\"text-align: justify;\">Recientemente tres grupos pol\u00edticos de la oposici\u00f3n reclamaron en la Junta General que se concreten los plazos para ejecutar la actuaci\u00f3n en el embalse de Tanes. El PP, Ciudadanos y Foro demandaron informaci\u00f3n al Gobierno regional sobre sus planes y el calendario. La asociaci\u00f3n Redes Natural reclam\u00f3 semanas atr\u00e1s al Principado que fijase los plazos para ejecutar los trabajos necesarios para que puedan acceder las piraguas al pantano.<\/p>\n<p style=\"text-align: justify;\">El Principado se comprometi\u00f3 a redactar el proyecto y asumir la construcci\u00f3n del embarcadero. Colaborar\u00e1 con el Ayuntamiento de Caso, dando asistencia t\u00e9cnica para elaborar la documentaci\u00f3n necesaria para obtener la concesi\u00f3n para instalaci\u00f3n de equipamiento y navegaci\u00f3n ante la Confederaci\u00f3n Hidrogr\u00e1fica del Cant\u00e1brico. Tambi\u00e9n se encargar\u00e1 del proyecto de ejecuci\u00f3n de las instalaciones de embarque y servicios y de ejecutar las obras. Una vez realizadas las obras, reflej\u00f3 el vicepresidente y consejero de Medio Ambiente, Juan Cofi\u00f1o, en una carta remitida al alcalde de Caso, Miguel Fern\u00e1ndez, \u201cse entregar\u00e1n al Ayuntamiento\u201d que ser\u00e1 \u201cel responsable de su gesti\u00f3n y mantenimiento. Evidentemente, la direcci\u00f3n de parque natural acompa\u00f1ar\u00e1 en el futuro al Consistorio en la evoluci\u00f3n de esta iniciativa\u201d.<\/p>\n<p style=\"text-align: justify;\">La navegaci\u00f3n en el embalse de Tanes se limita a diversas modalidades sin motor, como remo, vela o las piraguas, y sigue prohibido el ba\u00f1o. Tambi\u00e9n contempla la posibilidad de organizar competiciones deportivas en el pantano, tras las peticiones trasladadas desde el parque natural de Redes. En el embalse cas\u00edn se podr\u00e1n utilizar un centenar de embarcaciones, aunque de forma simult\u00e1nea solo podr\u00e1n navegar 42, y ser\u00e1n cautivas (no se podr\u00e1n utilizar en otro lugar para evitar la contaminaci\u00f3n con especies como el mejill\u00f3n cebra).<\/p>\n<p style=\"text-align: justify;\">La autorizaci\u00f3n abarca a la navegaci\u00f3n l\u00fadica pero tambi\u00e9n a la deportiva, tutelada por la Federaci\u00f3n Asturiana de Pirag\u00fcismo. La navegabilidad en el pantano cas\u00edn es una medida largamente demandada por los empresarios de la zona para dinamizar la actividad.<\/p>\n<p>&nbsp;<\/p>\n<p>lne<\/p>\n","protected":false},"excerpt":{"rendered":"<p>Las embarcaciones tienen complicado el acceso al embalse de Tanes el pr\u00f3ximo verano. La Consejer\u00eda de Medio Rural y Cohesi\u00f3n Territorial ha fijado plazos y en sus previsiones figura que las obras necesarias que permitan el uso deportivo y l\u00fadico en el pantano cas\u00edn (la construcci\u00f3n de las instalaciones de embarque y servicios) se aborden [&hellip;]<\/p>\n","protected":false},"author":1,"featured_media":1898,"comment_status":"open","ping_status":"open","sticky":false,"template":"","format":"standard","meta":{"footnotes":""},"categories":[6,8],"tags":[],"class_list":["post-1897","post","type-post","status-publish","format-standard","has-post-thumbnail","hentry","category-noticias","category-nalon"],"yoast_head":"<!-- This site is optimized with the Yoast SEO plugin v27.4 - https:\/\/yoast.com\/product\/yoast-seo-wordpress\/ -->\n<title>El Principado fija la navegaci\u00f3n en Tanes para este a\u00f1o sin garantizarla en verano -<\/title>\n<meta name=\"description\" content=\"Medio Rural apunta al segundo semestre para abordar las actuaciones y destaca que el proyecto es \u201ccomplejo\u201d y se ejecuta en zona protegida\" \/>\n<meta name=\"robots\" content=\"index, follow, max-snippet:-1, max-image-preview:large, max-video-preview:-1\" \/>\n<link rel=\"canonical\" href=\"https:\/\/www.cuencasmineras.com\/index.php\/2021\/03\/03\/el-principado-fija-la-navegacion-en-tanes-para-este-ano-sin-garantizarla-en-verano\/\" \/>\n<meta property=\"og:locale\" content=\"es_ES\" \/>\n<meta property=\"og:type\" content=\"article\" \/>\n<meta property=\"og:title\" content=\"El Principado fija la navegaci\u00f3n en Tanes para este a\u00f1o sin garantizarla en verano -\" \/>\n<meta property=\"og:description\" content=\"Medio Rural apunta al segundo semestre para abordar las actuaciones y destaca que el proyecto es \u201ccomplejo\u201d y se ejecuta en zona protegida\" \/>\n<meta property=\"og:url\" content=\"https:\/\/www.cuencasmineras.com\/index.php\/2021\/03\/03\/el-principado-fija-la-navegacion-en-tanes-para-este-ano-sin-garantizarla-en-verano\/\" \/>\n<meta property=\"article:published_time\" content=\"2021-03-03T16:42:12+00:00\" \/>\n<meta property=\"og:image\" content=\"https:\/\/www.cuencasmineras.com\/wp-content\/uploads\/2021\/03\/1665d6ab-76cd-4878-89a3-4adc1b37484b_21-9-aspect-ratio_default_0.jpg\" \/>\n\t<meta property=\"og:image:width\" content=\"1280\" \/>\n\t<meta property=\"og:image:height\" content=\"548\" \/>\n\t<meta property=\"og:image:type\" content=\"image\/jpeg\" \/>\n<meta name=\"author\" content=\"admin\" \/>\n<meta name=\"twitter:card\" content=\"summary_large_image\" \/>\n<meta name=\"twitter:label1\" content=\"Escrito por\" \/>\n\t<meta name=\"twitter:data1\" content=\"admin\" \/>\n\t<meta name=\"twitter:label2\" content=\"Tiempo de lectura\" \/>\n\t<meta name=\"twitter:data2\" content=\"4 minutos\" \/>\n<script type=\"application\/ld+json\" class=\"yoast-schema-graph\">{\"@context\":\"https:\\\/\\\/schema.org\",\"@graph\":[{\"@type\":\"Article\",\"@id\":\"https:\\\/\\\/www.cuencasmineras.com\\\/index.php\\\/2021\\\/03\\\/03\\\/el-principado-fija-la-navegacion-en-tanes-para-este-ano-sin-garantizarla-en-verano\\\/#article\",\"isPartOf\":{\"@id\":\"https:\\\/\\\/www.cuencasmineras.com\\\/index.php\\\/2021\\\/03\\\/03\\\/el-principado-fija-la-navegacion-en-tanes-para-este-ano-sin-garantizarla-en-verano\\\/\"},\"author\":{\"name\":\"admin\",\"@id\":\"https:\\\/\\\/www.cuencasmineras.com\\\/#\\\/schema\\\/person\\\/be0691310e8496ec555f679dd688420c\"},\"headline\":\"El Principado fija la navegaci\u00f3n en Tanes para este a\u00f1o sin garantizarla en verano\",\"datePublished\":\"2021-03-03T16:42:12+00:00\",\"mainEntityOfPage\":{\"@id\":\"https:\\\/\\\/www.cuencasmineras.com\\\/index.php\\\/2021\\\/03\\\/03\\\/el-principado-fija-la-navegacion-en-tanes-para-este-ano-sin-garantizarla-en-verano\\\/\"},\"wordCount\":863,\"commentCount\":0,\"image\":{\"@id\":\"https:\\\/\\\/www.cuencasmineras.com\\\/index.php\\\/2021\\\/03\\\/03\\\/el-principado-fija-la-navegacion-en-tanes-para-este-ano-sin-garantizarla-en-verano\\\/#primaryimage\"},\"thumbnailUrl\":\"https:\\\/\\\/www.cuencasmineras.com\\\/wp-content\\\/uploads\\\/2021\\\/03\\\/1665d6ab-76cd-4878-89a3-4adc1b37484b_21-9-aspect-ratio_default_0.jpg\",\"articleSection\":[\"CM NEWS\",\"Nal\u00f3n\"],\"inLanguage\":\"es\",\"potentialAction\":[{\"@type\":\"CommentAction\",\"name\":\"Comment\",\"target\":[\"https:\\\/\\\/www.cuencasmineras.com\\\/index.php\\\/2021\\\/03\\\/03\\\/el-principado-fija-la-navegacion-en-tanes-para-este-ano-sin-garantizarla-en-verano\\\/#respond\"]}]},{\"@type\":\"WebPage\",\"@id\":\"https:\\\/\\\/www.cuencasmineras.com\\\/index.php\\\/2021\\\/03\\\/03\\\/el-principado-fija-la-navegacion-en-tanes-para-este-ano-sin-garantizarla-en-verano\\\/\",\"url\":\"https:\\\/\\\/www.cuencasmineras.com\\\/index.php\\\/2021\\\/03\\\/03\\\/el-principado-fija-la-navegacion-en-tanes-para-este-ano-sin-garantizarla-en-verano\\\/\",\"name\":\"El Principado fija la navegaci\u00f3n en Tanes para este a\u00f1o sin garantizarla en verano -\",\"isPartOf\":{\"@id\":\"https:\\\/\\\/www.cuencasmineras.com\\\/#website\"},\"primaryImageOfPage\":{\"@id\":\"https:\\\/\\\/www.cuencasmineras.com\\\/index.php\\\/2021\\\/03\\\/03\\\/el-principado-fija-la-navegacion-en-tanes-para-este-ano-sin-garantizarla-en-verano\\\/#primaryimage\"},\"image\":{\"@id\":\"https:\\\/\\\/www.cuencasmineras.com\\\/index.php\\\/2021\\\/03\\\/03\\\/el-principado-fija-la-navegacion-en-tanes-para-este-ano-sin-garantizarla-en-verano\\\/#primaryimage\"},\"thumbnailUrl\":\"https:\\\/\\\/www.cuencasmineras.com\\\/wp-content\\\/uploads\\\/2021\\\/03\\\/1665d6ab-76cd-4878-89a3-4adc1b37484b_21-9-aspect-ratio_default_0.jpg\",\"datePublished\":\"2021-03-03T16:42:12+00:00\",\"author\":{\"@id\":\"https:\\\/\\\/www.cuencasmineras.com\\\/#\\\/schema\\\/person\\\/be0691310e8496ec555f679dd688420c\"},\"description\":\"Medio Rural apunta al segundo semestre para abordar las actuaciones y destaca que el proyecto es \u201ccomplejo\u201d y se ejecuta en zona protegida\",\"breadcrumb\":{\"@id\":\"https:\\\/\\\/www.cuencasmineras.com\\\/index.php\\\/2021\\\/03\\\/03\\\/el-principado-fija-la-navegacion-en-tanes-para-este-ano-sin-garantizarla-en-verano\\\/#breadcrumb\"},\"inLanguage\":\"es\",\"potentialAction\":[{\"@type\":\"ReadAction\",\"target\":[\"https:\\\/\\\/www.cuencasmineras.com\\\/index.php\\\/2021\\\/03\\\/03\\\/el-principado-fija-la-navegacion-en-tanes-para-este-ano-sin-garantizarla-en-verano\\\/\"]}]},{\"@type\":\"ImageObject\",\"inLanguage\":\"es\",\"@id\":\"https:\\\/\\\/www.cuencasmineras.com\\\/index.php\\\/2021\\\/03\\\/03\\\/el-principado-fija-la-navegacion-en-tanes-para-este-ano-sin-garantizarla-en-verano\\\/#primaryimage\",\"url\":\"https:\\\/\\\/www.cuencasmineras.com\\\/wp-content\\\/uploads\\\/2021\\\/03\\\/1665d6ab-76cd-4878-89a3-4adc1b37484b_21-9-aspect-ratio_default_0.jpg\",\"contentUrl\":\"https:\\\/\\\/www.cuencasmineras.com\\\/wp-content\\\/uploads\\\/2021\\\/03\\\/1665d6ab-76cd-4878-89a3-4adc1b37484b_21-9-aspect-ratio_default_0.jpg\",\"width\":1280,\"height\":548},{\"@type\":\"BreadcrumbList\",\"@id\":\"https:\\\/\\\/www.cuencasmineras.com\\\/index.php\\\/2021\\\/03\\\/03\\\/el-principado-fija-la-navegacion-en-tanes-para-este-ano-sin-garantizarla-en-verano\\\/#breadcrumb\",\"itemListElement\":[{\"@type\":\"ListItem\",\"position\":1,\"name\":\"Portada\",\"item\":\"https:\\\/\\\/www.cuencasmineras.com\\\/\"},{\"@type\":\"ListItem\",\"position\":2,\"name\":\"El Principado fija la navegaci\u00f3n en Tanes para este a\u00f1o sin garantizarla en verano\"}]},{\"@type\":\"WebSite\",\"@id\":\"https:\\\/\\\/www.cuencasmineras.com\\\/#website\",\"url\":\"https:\\\/\\\/www.cuencasmineras.com\\\/\",\"name\":\"\",\"description\":\"\",\"potentialAction\":[{\"@type\":\"SearchAction\",\"target\":{\"@type\":\"EntryPoint\",\"urlTemplate\":\"https:\\\/\\\/www.cuencasmineras.com\\\/?s={search_term_string}\"},\"query-input\":{\"@type\":\"PropertyValueSpecification\",\"valueRequired\":true,\"valueName\":\"search_term_string\"}}],\"inLanguage\":\"es\"},{\"@type\":\"Person\",\"@id\":\"https:\\\/\\\/www.cuencasmineras.com\\\/#\\\/schema\\\/person\\\/be0691310e8496ec555f679dd688420c\",\"name\":\"admin\",\"image\":{\"@type\":\"ImageObject\",\"inLanguage\":\"es\",\"@id\":\"https:\\\/\\\/secure.gravatar.com\\\/avatar\\\/4afd2eed3b2fbbf36dd6707b5bd8a5b50ac648f033e36fbf85aeace2f0f859db?s=96&d=mm&r=g\",\"url\":\"https:\\\/\\\/secure.gravatar.com\\\/avatar\\\/4afd2eed3b2fbbf36dd6707b5bd8a5b50ac648f033e36fbf85aeace2f0f859db?s=96&d=mm&r=g\",\"contentUrl\":\"https:\\\/\\\/secure.gravatar.com\\\/avatar\\\/4afd2eed3b2fbbf36dd6707b5bd8a5b50ac648f033e36fbf85aeace2f0f859db?s=96&d=mm&r=g\",\"caption\":\"admin\"},\"sameAs\":[\"https:\\\/\\\/www.cuencasmineras.com\"],\"url\":\"https:\\\/\\\/www.cuencasmineras.com\\\/index.php\\\/author\\\/admin\\\/\"}]}<\/script>\n<!-- \/ Yoast SEO plugin. -->","yoast_head_json":{"title":"El Principado fija la navegaci\u00f3n en Tanes para este a\u00f1o sin garantizarla en verano -","description":"Medio Rural apunta al segundo semestre para abordar las actuaciones y destaca que el proyecto es \u201ccomplejo\u201d y se ejecuta en zona protegida","robots":{"index":"index","follow":"follow","max-snippet":"max-snippet:-1","max-image-preview":"max-image-preview:large","max-video-preview":"max-video-preview:-1"},"canonical":"https:\/\/www.cuencasmineras.com\/index.php\/2021\/03\/03\/el-principado-fija-la-navegacion-en-tanes-para-este-ano-sin-garantizarla-en-verano\/","og_locale":"es_ES","og_type":"article","og_title":"El Principado fija la navegaci\u00f3n en Tanes para este a\u00f1o sin garantizarla en verano -","og_description":"Medio Rural apunta al segundo semestre para abordar las actuaciones y destaca que el proyecto es \u201ccomplejo\u201d y se ejecuta en zona protegida","og_url":"https:\/\/www.cuencasmineras.com\/index.php\/2021\/03\/03\/el-principado-fija-la-navegacion-en-tanes-para-este-ano-sin-garantizarla-en-verano\/","article_published_time":"2021-03-03T16:42:12+00:00","og_image":[{"width":1280,"height":548,"url":"https:\/\/www.cuencasmineras.com\/wp-content\/uploads\/2021\/03\/1665d6ab-76cd-4878-89a3-4adc1b37484b_21-9-aspect-ratio_default_0.jpg","type":"image\/jpeg"}],"author":"admin","twitter_card":"summary_large_image","twitter_misc":{"Escrito por":"admin","Tiempo de lectura":"4 minutos"},"schema":{"@context":"https:\/\/schema.org","@graph":[{"@type":"Article","@id":"https:\/\/www.cuencasmineras.com\/index.php\/2021\/03\/03\/el-principado-fija-la-navegacion-en-tanes-para-este-ano-sin-garantizarla-en-verano\/#article","isPartOf":{"@id":"https:\/\/www.cuencasmineras.com\/index.php\/2021\/03\/03\/el-principado-fija-la-navegacion-en-tanes-para-este-ano-sin-garantizarla-en-verano\/"},"author":{"name":"admin","@id":"https:\/\/www.cuencasmineras.com\/#\/schema\/person\/be0691310e8496ec555f679dd688420c"},"headline":"El Principado fija la navegaci\u00f3n en Tanes para este a\u00f1o sin garantizarla en verano","datePublished":"2021-03-03T16:42:12+00:00","mainEntityOfPage":{"@id":"https:\/\/www.cuencasmineras.com\/index.php\/2021\/03\/03\/el-principado-fija-la-navegacion-en-tanes-para-este-ano-sin-garantizarla-en-verano\/"},"wordCount":863,"commentCount":0,"image":{"@id":"https:\/\/www.cuencasmineras.com\/index.php\/2021\/03\/03\/el-principado-fija-la-navegacion-en-tanes-para-este-ano-sin-garantizarla-en-verano\/#primaryimage"},"thumbnailUrl":"https:\/\/www.cuencasmineras.com\/wp-content\/uploads\/2021\/03\/1665d6ab-76cd-4878-89a3-4adc1b37484b_21-9-aspect-ratio_default_0.jpg","articleSection":["CM NEWS","Nal\u00f3n"],"inLanguage":"es","potentialAction":[{"@type":"CommentAction","name":"Comment","target":["https:\/\/www.cuencasmineras.com\/index.php\/2021\/03\/03\/el-principado-fija-la-navegacion-en-tanes-para-este-ano-sin-garantizarla-en-verano\/#respond"]}]},{"@type":"WebPage","@id":"https:\/\/www.cuencasmineras.com\/index.php\/2021\/03\/03\/el-principado-fija-la-navegacion-en-tanes-para-este-ano-sin-garantizarla-en-verano\/","url":"https:\/\/www.cuencasmineras.com\/index.php\/2021\/03\/03\/el-principado-fija-la-navegacion-en-tanes-para-este-ano-sin-garantizarla-en-verano\/","name":"El Principado fija la navegaci\u00f3n en Tanes para este a\u00f1o sin garantizarla en verano -","isPartOf":{"@id":"https:\/\/www.cuencasmineras.com\/#website"},"primaryImageOfPage":{"@id":"https:\/\/www.cuencasmineras.com\/index.php\/2021\/03\/03\/el-principado-fija-la-navegacion-en-tanes-para-este-ano-sin-garantizarla-en-verano\/#primaryimage"},"image":{"@id":"https:\/\/www.cuencasmineras.com\/index.php\/2021\/03\/03\/el-principado-fija-la-navegacion-en-tanes-para-este-ano-sin-garantizarla-en-verano\/#primaryimage"},"thumbnailUrl":"https:\/\/www.cuencasmineras.com\/wp-content\/uploads\/2021\/03\/1665d6ab-76cd-4878-89a3-4adc1b37484b_21-9-aspect-ratio_default_0.jpg","datePublished":"2021-03-03T16:42:12+00:00","author":{"@id":"https:\/\/www.cuencasmineras.com\/#\/schema\/person\/be0691310e8496ec555f679dd688420c"},"description":"Medio Rural apunta al segundo semestre para abordar las actuaciones y destaca que el proyecto es \u201ccomplejo\u201d y se ejecuta en zona protegida","breadcrumb":{"@id":"https:\/\/www.cuencasmineras.com\/index.php\/2021\/03\/03\/el-principado-fija-la-navegacion-en-tanes-para-este-ano-sin-garantizarla-en-verano\/#breadcrumb"},"inLanguage":"es","potentialAction":[{"@type":"ReadAction","target":["https:\/\/www.cuencasmineras.com\/index.php\/2021\/03\/03\/el-principado-fija-la-navegacion-en-tanes-para-este-ano-sin-garantizarla-en-verano\/"]}]},{"@type":"ImageObject","inLanguage":"es","@id":"https:\/\/www.cuencasmineras.com\/index.php\/2021\/03\/03\/el-principado-fija-la-navegacion-en-tanes-para-este-ano-sin-garantizarla-en-verano\/#primaryimage","url":"https:\/\/www.cuencasmineras.com\/wp-content\/uploads\/2021\/03\/1665d6ab-76cd-4878-89a3-4adc1b37484b_21-9-aspect-ratio_default_0.jpg","contentUrl":"https:\/\/www.cuencasmineras.com\/wp-content\/uploads\/2021\/03\/1665d6ab-76cd-4878-89a3-4adc1b37484b_21-9-aspect-ratio_default_0.jpg","width":1280,"height":548},{"@type":"BreadcrumbList","@id":"https:\/\/www.cuencasmineras.com\/index.php\/2021\/03\/03\/el-principado-fija-la-navegacion-en-tanes-para-este-ano-sin-garantizarla-en-verano\/#breadcrumb","itemListElement":[{"@type":"ListItem","position":1,"name":"Portada","item":"https:\/\/www.cuencasmineras.com\/"},{"@type":"ListItem","position":2,"name":"El Principado fija la navegaci\u00f3n en Tanes para este a\u00f1o sin garantizarla en verano"}]},{"@type":"WebSite","@id":"https:\/\/www.cuencasmineras.com\/#website","url":"https:\/\/www.cuencasmineras.com\/","name":"","description":"","potentialAction":[{"@type":"SearchAction","target":{"@type":"EntryPoint","urlTemplate":"https:\/\/www.cuencasmineras.com\/?s={search_term_string}"},"query-input":{"@type":"PropertyValueSpecification","valueRequired":true,"valueName":"search_term_string"}}],"inLanguage":"es"},{"@type":"Person","@id":"https:\/\/www.cuencasmineras.com\/#\/schema\/person\/be0691310e8496ec555f679dd688420c","name":"admin","image":{"@type":"ImageObject","inLanguage":"es","@id":"https:\/\/secure.gravatar.com\/avatar\/4afd2eed3b2fbbf36dd6707b5bd8a5b50ac648f033e36fbf85aeace2f0f859db?s=96&d=mm&r=g","url":"https:\/\/secure.gravatar.com\/avatar\/4afd2eed3b2fbbf36dd6707b5bd8a5b50ac648f033e36fbf85aeace2f0f859db?s=96&d=mm&r=g","contentUrl":"https:\/\/secure.gravatar.com\/avatar\/4afd2eed3b2fbbf36dd6707b5bd8a5b50ac648f033e36fbf85aeace2f0f859db?s=96&d=mm&r=g","caption":"admin"},"sameAs":["https:\/\/www.cuencasmineras.com"],"url":"https:\/\/www.cuencasmineras.com\/index.php\/author\/admin\/"}]}},"_links":{"self":[{"href":"https:\/\/www.cuencasmineras.com\/index.php\/wp-json\/wp\/v2\/posts\/1897","targetHints":{"allow":["GET"]}}],"collection":[{"href":"https:\/\/www.cuencasmineras.com\/index.php\/wp-json\/wp\/v2\/posts"}],"about":[{"href":"https:\/\/www.cuencasmineras.com\/index.php\/wp-json\/wp\/v2\/types\/post"}],"author":[{"embeddable":true,"href":"https:\/\/www.cuencasmineras.com\/index.php\/wp-json\/wp\/v2\/users\/1"}],"replies":[{"embeddable":true,"href":"https:\/\/www.cuencasmineras.com\/index.php\/wp-json\/wp\/v2\/comments?post=1897"}],"version-history":[{"count":1,"href":"https:\/\/www.cuencasmineras.com\/index.php\/wp-json\/wp\/v2\/posts\/1897\/revisions"}],"predecessor-version":[{"id":1899,"href":"https:\/\/www.cuencasmineras.com\/index.php\/wp-json\/wp\/v2\/posts\/1897\/revisions\/1899"}],"wp:featuredmedia":[{"embeddable":true,"href":"https:\/\/www.cuencasmineras.com\/index.php\/wp-json\/wp\/v2\/media\/1898"}],"wp:attachment":[{"href":"https:\/\/www.cuencasmineras.com\/index.php\/wp-json\/wp\/v2\/media?parent=1897"}],"wp:term":[{"taxonomy":"category","embeddable":true,"href":"https:\/\/www.cuencasmineras.com\/index.php\/wp-json\/wp\/v2\/categories?post=1897"},{"taxonomy":"post_tag","embeddable":true,"href":"https:\/\/www.cuencasmineras.com\/index.php\/wp-json\/wp\/v2\/tags?post=1897"}],"curies":[{"name":"wp","href":"https:\/\/api.w.org\/{rel}","templated":true}]}}