{"id":1910,"date":"2021-03-04T16:11:48","date_gmt":"2021-03-04T16:11:48","guid":{"rendered":"https:\/\/www.cuencasmineras.com\/?p=1910"},"modified":"2021-03-04T16:11:48","modified_gmt":"2021-03-04T16:11:48","slug":"el-principado-aun-no-ha-devuleto-el-dinero-de-los-forfaits-mal-cobrados-en-pajares","status":"publish","type":"post","link":"https:\/\/www.cuencasmineras.com\/index.php\/2021\/03\/04\/el-principado-aun-no-ha-devuleto-el-dinero-de-los-forfaits-mal-cobrados-en-pajares\/","title":{"rendered":"El Principado a\u00fan no ha devuleto el dinero de los forfaits mal cobrados en Pajares"},"content":{"rendered":"<p style=\"text-align: justify;\">La estaci\u00f3n de esqu\u00ed de Valgrande-Pajares se vio envuelta en una gran pol\u00e9mica en la jornada del pasado 16 de enero cuando la plataforma de venta se vio colapsada tras recibir unas 3.000 peticiones en segundos \u2013el aforo de la estaci\u00f3n es de 1.200 esquiadores\u2013. De nada sirvieron los avisos que desde el complejo se hicieron el d\u00eda anterior para evitar que los aficionados acudieran a la estaci\u00f3n, tanto a trav\u00e9s de la web oficial, las redes sociales e, incluso el correo electr\u00f3nico. Muchos esquiadores acabaron subiendo a la estaci\u00f3n y, al ver que no pod\u00edan acceder a las pistas, acabaron haciendo la correspondiente reclamaci\u00f3n. Tal y como ha podido saber este peri\u00f3dico, m\u00e1s de 700 reclamaciones que ya han sido tramitadas desde la estaci\u00f3n, pero cuyas devoluciones a\u00fan no se han realizado por completo.<\/p>\n<p><img loading=\"lazy\" decoding=\"async\" class=\"aligncenter size-large wp-image-1911\" src=\"https:\/\/www.cuencasmineras.com\/wp-content\/uploads\/2021\/03\/99b3d12f-31ec-4481-b610-ade5f810ef4f_21-9-aspect-ratio_default_1026438-1024x438.jpg\" alt=\"\" width=\"640\" height=\"274\" srcset=\"https:\/\/www.cuencasmineras.com\/wp-content\/uploads\/2021\/03\/99b3d12f-31ec-4481-b610-ade5f810ef4f_21-9-aspect-ratio_default_1026438-1024x438.jpg 1024w, https:\/\/www.cuencasmineras.com\/wp-content\/uploads\/2021\/03\/99b3d12f-31ec-4481-b610-ade5f810ef4f_21-9-aspect-ratio_default_1026438-300x128.jpg 300w, https:\/\/www.cuencasmineras.com\/wp-content\/uploads\/2021\/03\/99b3d12f-31ec-4481-b610-ade5f810ef4f_21-9-aspect-ratio_default_1026438-768x329.jpg 768w, https:\/\/www.cuencasmineras.com\/wp-content\/uploads\/2021\/03\/99b3d12f-31ec-4481-b610-ade5f810ef4f_21-9-aspect-ratio_default_1026438.jpg 1280w\" sizes=\"auto, (max-width: 640px) 100vw, 640px\" \/><\/p>\n<p style=\"text-align: justify;\">La propia consejera de Cultura, Pol\u00edtica Ling\u00fc\u00edstica y Turismo, Berta Pi\u00f1\u00e1n, respondi\u00f3 estos d\u00edas a una pregunta al respecto formulada por el diputado de Ciudadanos Sergio Garc\u00eda Rodr\u00edguez, se\u00f1alando que \u201cno es una devoluci\u00f3n autom\u00e1tica\u201d. Explic\u00f3 as\u00ed, que \u201cse han adoptado medidas para aligerar los procedimientos establecidos para la devoluci\u00f3n de ingresos indebidos, estos procedimientos establecidos legalmente en este tipo de supuestos imponen una serie de tr\u00e1mites que hay que cumplir, un procedimiento espec\u00edfico y concreto que hay que desarrollar en todas sus fases\u201d.<\/p>\n<p style=\"text-align: justify;\">Apunta Pi\u00f1\u00e1n c\u00f3mo se realiza la gesti\u00f3n y venta de forfaits, que es a trav\u00e9s de dos empresas, Skidata e Ica. Adem\u00e1s est\u00e1 la pasarela de pago gestionada desde el Centro de Gesti\u00f3n de Sistemas Integrales (CGSI) del Gobierno regional. En cuanto a lo ocurrido el d\u00eda 16, apunta la consejera que el servicio del Principado de Asturias \u201csufri\u00f3 un colapso por el n\u00famero elevado de peticiones que se produjeron en un tiempo, que propici\u00f3 que el servidor de Skidata tampoco pudiese funcionar de forma correcta\u201d. Como consecuencia \u201cse produjeron fallos de reserva y cobros que fueron comunicados a los usuarios en cuanto se tuvo conocimiento\u201d. A\u00fan as\u00ed, la consejera quiso incidir que el fallo \u201ctuvo que ver con unas circunstancias concretas y excepcionales causadas por un enorme volumen de solicitudes recibidas simult\u00e1neamente\u201d. De hecho, no se ha vuelto a dar una situaci\u00f3n similar. Circunstancias que llevaron a que miles de personas subieran a la estaci\u00f3n, superando con creces el aforo permitido. Y eso que la Guardia Civil estableci\u00f3 un control de accesos por los cierres perimetrales vigentes entonces y porque ya se presum\u00eda que el fallo inform\u00e1tico iba a desembocar en un descontrol en la subida al complejo por parte de los esquiadores.<\/p>\n<p style=\"text-align: justify;\">Por otro lado, Ciudadanos tambi\u00e9n cuestionaba que la venta de abonos anuales suponga m\u00e1s del 90% del aforo permitido debido a las restricciones sanitarias. En este sentido, Pi\u00f1\u00e1n apunta que \u201cno es correcta\u201d la afirmaci\u00f3n. Primero, \u201cporque las personas usuarias abonadas se reparten entre las dos estaciones \u2013Pajares y Fuentes de Invierno\u2013, y tampoco es probable que todas las personas abonadas asistan el mismo d\u00eda a la misma estaci\u00f3n\u201d. Tambi\u00e9n hace referencia a la experiencia que tienen de temporadas anteriores, se\u00f1alando que los abonados \u201clo utilizan de forma muy habitual durante los d\u00edas de la semana, por lo que no representan una mayor demanda de plazas del aforo limitado durante los d\u00edas de temporada alta, as\u00ed el n\u00famero de abonos de temporada representar\u00edan poco m\u00e1s del 60% del aforo conjunto para las dos estaciones\u201d.<\/p>\n","protected":false},"excerpt":{"rendered":"<p>La estaci\u00f3n de esqu\u00ed de Valgrande-Pajares se vio envuelta en una gran pol\u00e9mica en la jornada del pasado 16 de enero cuando la plataforma de venta se vio colapsada tras recibir unas 3.000 peticiones en segundos \u2013el aforo de la estaci\u00f3n es de 1.200 esquiadores\u2013. De nada sirvieron los avisos que desde el complejo se [&hellip;]<\/p>\n","protected":false},"author":1,"featured_media":1911,"comment_status":"open","ping_status":"open","sticky":false,"template":"","format":"standard","meta":{"footnotes":""},"categories":[7,6],"tags":[],"class_list":["post-1910","post","type-post","status-publish","format-standard","has-post-thumbnail","hentry","category-caudal","category-noticias"],"yoast_head":"<!-- This site is optimized with the Yoast SEO plugin v27.4 - https:\/\/yoast.com\/product\/yoast-seo-wordpress\/ -->\n<title>El Principado a\u00fan no ha devuleto el dinero de los forfaits mal cobrados en Pajares -<\/title>\n<meta name=\"description\" content=\"M\u00e1s de 700 esquiadores reclamaron el reintegro del t\u00edquet adquirido para el 16 de enero, jornada en la que la demanda colaps\u00f3 los servidores\" \/>\n<meta name=\"robots\" content=\"index, follow, max-snippet:-1, max-image-preview:large, max-video-preview:-1\" \/>\n<link rel=\"canonical\" href=\"https:\/\/www.cuencasmineras.com\/index.php\/2021\/03\/04\/el-principado-aun-no-ha-devuleto-el-dinero-de-los-forfaits-mal-cobrados-en-pajares\/\" \/>\n<meta property=\"og:locale\" content=\"es_ES\" \/>\n<meta property=\"og:type\" content=\"article\" \/>\n<meta property=\"og:title\" content=\"El Principado a\u00fan no ha devuleto el dinero de los forfaits mal cobrados en Pajares -\" \/>\n<meta property=\"og:description\" content=\"M\u00e1s de 700 esquiadores reclamaron el reintegro del t\u00edquet adquirido para el 16 de enero, jornada en la que la demanda colaps\u00f3 los servidores\" \/>\n<meta property=\"og:url\" content=\"https:\/\/www.cuencasmineras.com\/index.php\/2021\/03\/04\/el-principado-aun-no-ha-devuleto-el-dinero-de-los-forfaits-mal-cobrados-en-pajares\/\" \/>\n<meta property=\"article:published_time\" content=\"2021-03-04T16:11:48+00:00\" \/>\n<meta property=\"og:image\" content=\"https:\/\/www.cuencasmineras.com\/wp-content\/uploads\/2021\/03\/99b3d12f-31ec-4481-b610-ade5f810ef4f_21-9-aspect-ratio_default_1026438.jpg\" \/>\n\t<meta property=\"og:image:width\" content=\"1280\" \/>\n\t<meta property=\"og:image:height\" content=\"548\" \/>\n\t<meta property=\"og:image:type\" content=\"image\/jpeg\" \/>\n<meta name=\"author\" content=\"admin\" \/>\n<meta name=\"twitter:card\" content=\"summary_large_image\" \/>\n<meta name=\"twitter:label1\" content=\"Escrito por\" \/>\n\t<meta name=\"twitter:data1\" content=\"admin\" \/>\n\t<meta name=\"twitter:label2\" content=\"Tiempo de lectura\" \/>\n\t<meta name=\"twitter:data2\" content=\"3 minutos\" \/>\n<script type=\"application\/ld+json\" class=\"yoast-schema-graph\">{\"@context\":\"https:\\\/\\\/schema.org\",\"@graph\":[{\"@type\":\"Article\",\"@id\":\"https:\\\/\\\/www.cuencasmineras.com\\\/index.php\\\/2021\\\/03\\\/04\\\/el-principado-aun-no-ha-devuleto-el-dinero-de-los-forfaits-mal-cobrados-en-pajares\\\/#article\",\"isPartOf\":{\"@id\":\"https:\\\/\\\/www.cuencasmineras.com\\\/index.php\\\/2021\\\/03\\\/04\\\/el-principado-aun-no-ha-devuleto-el-dinero-de-los-forfaits-mal-cobrados-en-pajares\\\/\"},\"author\":{\"name\":\"admin\",\"@id\":\"https:\\\/\\\/www.cuencasmineras.com\\\/#\\\/schema\\\/person\\\/be0691310e8496ec555f679dd688420c\"},\"headline\":\"El Principado a\u00fan no ha devuleto el dinero de los forfaits mal cobrados en Pajares\",\"datePublished\":\"2021-03-04T16:11:48+00:00\",\"mainEntityOfPage\":{\"@id\":\"https:\\\/\\\/www.cuencasmineras.com\\\/index.php\\\/2021\\\/03\\\/04\\\/el-principado-aun-no-ha-devuleto-el-dinero-de-los-forfaits-mal-cobrados-en-pajares\\\/\"},\"wordCount\":619,\"commentCount\":0,\"image\":{\"@id\":\"https:\\\/\\\/www.cuencasmineras.com\\\/index.php\\\/2021\\\/03\\\/04\\\/el-principado-aun-no-ha-devuleto-el-dinero-de-los-forfaits-mal-cobrados-en-pajares\\\/#primaryimage\"},\"thumbnailUrl\":\"https:\\\/\\\/www.cuencasmineras.com\\\/wp-content\\\/uploads\\\/2021\\\/03\\\/99b3d12f-31ec-4481-b610-ade5f810ef4f_21-9-aspect-ratio_default_1026438.jpg\",\"articleSection\":[\"Caudal\",\"CM NEWS\"],\"inLanguage\":\"es\",\"potentialAction\":[{\"@type\":\"CommentAction\",\"name\":\"Comment\",\"target\":[\"https:\\\/\\\/www.cuencasmineras.com\\\/index.php\\\/2021\\\/03\\\/04\\\/el-principado-aun-no-ha-devuleto-el-dinero-de-los-forfaits-mal-cobrados-en-pajares\\\/#respond\"]}]},{\"@type\":\"WebPage\",\"@id\":\"https:\\\/\\\/www.cuencasmineras.com\\\/index.php\\\/2021\\\/03\\\/04\\\/el-principado-aun-no-ha-devuleto-el-dinero-de-los-forfaits-mal-cobrados-en-pajares\\\/\",\"url\":\"https:\\\/\\\/www.cuencasmineras.com\\\/index.php\\\/2021\\\/03\\\/04\\\/el-principado-aun-no-ha-devuleto-el-dinero-de-los-forfaits-mal-cobrados-en-pajares\\\/\",\"name\":\"El Principado a\u00fan no ha devuleto el dinero de los forfaits mal cobrados en Pajares -\",\"isPartOf\":{\"@id\":\"https:\\\/\\\/www.cuencasmineras.com\\\/#website\"},\"primaryImageOfPage\":{\"@id\":\"https:\\\/\\\/www.cuencasmineras.com\\\/index.php\\\/2021\\\/03\\\/04\\\/el-principado-aun-no-ha-devuleto-el-dinero-de-los-forfaits-mal-cobrados-en-pajares\\\/#primaryimage\"},\"image\":{\"@id\":\"https:\\\/\\\/www.cuencasmineras.com\\\/index.php\\\/2021\\\/03\\\/04\\\/el-principado-aun-no-ha-devuleto-el-dinero-de-los-forfaits-mal-cobrados-en-pajares\\\/#primaryimage\"},\"thumbnailUrl\":\"https:\\\/\\\/www.cuencasmineras.com\\\/wp-content\\\/uploads\\\/2021\\\/03\\\/99b3d12f-31ec-4481-b610-ade5f810ef4f_21-9-aspect-ratio_default_1026438.jpg\",\"datePublished\":\"2021-03-04T16:11:48+00:00\",\"author\":{\"@id\":\"https:\\\/\\\/www.cuencasmineras.com\\\/#\\\/schema\\\/person\\\/be0691310e8496ec555f679dd688420c\"},\"description\":\"M\u00e1s de 700 esquiadores reclamaron el reintegro del t\u00edquet adquirido para el 16 de enero, jornada en la que la demanda colaps\u00f3 los servidores\",\"breadcrumb\":{\"@id\":\"https:\\\/\\\/www.cuencasmineras.com\\\/index.php\\\/2021\\\/03\\\/04\\\/el-principado-aun-no-ha-devuleto-el-dinero-de-los-forfaits-mal-cobrados-en-pajares\\\/#breadcrumb\"},\"inLanguage\":\"es\",\"potentialAction\":[{\"@type\":\"ReadAction\",\"target\":[\"https:\\\/\\\/www.cuencasmineras.com\\\/index.php\\\/2021\\\/03\\\/04\\\/el-principado-aun-no-ha-devuleto-el-dinero-de-los-forfaits-mal-cobrados-en-pajares\\\/\"]}]},{\"@type\":\"ImageObject\",\"inLanguage\":\"es\",\"@id\":\"https:\\\/\\\/www.cuencasmineras.com\\\/index.php\\\/2021\\\/03\\\/04\\\/el-principado-aun-no-ha-devuleto-el-dinero-de-los-forfaits-mal-cobrados-en-pajares\\\/#primaryimage\",\"url\":\"https:\\\/\\\/www.cuencasmineras.com\\\/wp-content\\\/uploads\\\/2021\\\/03\\\/99b3d12f-31ec-4481-b610-ade5f810ef4f_21-9-aspect-ratio_default_1026438.jpg\",\"contentUrl\":\"https:\\\/\\\/www.cuencasmineras.com\\\/wp-content\\\/uploads\\\/2021\\\/03\\\/99b3d12f-31ec-4481-b610-ade5f810ef4f_21-9-aspect-ratio_default_1026438.jpg\",\"width\":1280,\"height\":548},{\"@type\":\"BreadcrumbList\",\"@id\":\"https:\\\/\\\/www.cuencasmineras.com\\\/index.php\\\/2021\\\/03\\\/04\\\/el-principado-aun-no-ha-devuleto-el-dinero-de-los-forfaits-mal-cobrados-en-pajares\\\/#breadcrumb\",\"itemListElement\":[{\"@type\":\"ListItem\",\"position\":1,\"name\":\"Portada\",\"item\":\"https:\\\/\\\/www.cuencasmineras.com\\\/\"},{\"@type\":\"ListItem\",\"position\":2,\"name\":\"El Principado a\u00fan no ha devuleto el dinero de los forfaits mal cobrados en Pajares\"}]},{\"@type\":\"WebSite\",\"@id\":\"https:\\\/\\\/www.cuencasmineras.com\\\/#website\",\"url\":\"https:\\\/\\\/www.cuencasmineras.com\\\/\",\"name\":\"\",\"description\":\"\",\"potentialAction\":[{\"@type\":\"SearchAction\",\"target\":{\"@type\":\"EntryPoint\",\"urlTemplate\":\"https:\\\/\\\/www.cuencasmineras.com\\\/?s={search_term_string}\"},\"query-input\":{\"@type\":\"PropertyValueSpecification\",\"valueRequired\":true,\"valueName\":\"search_term_string\"}}],\"inLanguage\":\"es\"},{\"@type\":\"Person\",\"@id\":\"https:\\\/\\\/www.cuencasmineras.com\\\/#\\\/schema\\\/person\\\/be0691310e8496ec555f679dd688420c\",\"name\":\"admin\",\"image\":{\"@type\":\"ImageObject\",\"inLanguage\":\"es\",\"@id\":\"https:\\\/\\\/secure.gravatar.com\\\/avatar\\\/4afd2eed3b2fbbf36dd6707b5bd8a5b50ac648f033e36fbf85aeace2f0f859db?s=96&d=mm&r=g\",\"url\":\"https:\\\/\\\/secure.gravatar.com\\\/avatar\\\/4afd2eed3b2fbbf36dd6707b5bd8a5b50ac648f033e36fbf85aeace2f0f859db?s=96&d=mm&r=g\",\"contentUrl\":\"https:\\\/\\\/secure.gravatar.com\\\/avatar\\\/4afd2eed3b2fbbf36dd6707b5bd8a5b50ac648f033e36fbf85aeace2f0f859db?s=96&d=mm&r=g\",\"caption\":\"admin\"},\"sameAs\":[\"https:\\\/\\\/www.cuencasmineras.com\"],\"url\":\"https:\\\/\\\/www.cuencasmineras.com\\\/index.php\\\/author\\\/admin\\\/\"}]}<\/script>\n<!-- \/ Yoast SEO plugin. -->","yoast_head_json":{"title":"El Principado a\u00fan no ha devuleto el dinero de los forfaits mal cobrados en Pajares -","description":"M\u00e1s de 700 esquiadores reclamaron el reintegro del t\u00edquet adquirido para el 16 de enero, jornada en la que la demanda colaps\u00f3 los servidores","robots":{"index":"index","follow":"follow","max-snippet":"max-snippet:-1","max-image-preview":"max-image-preview:large","max-video-preview":"max-video-preview:-1"},"canonical":"https:\/\/www.cuencasmineras.com\/index.php\/2021\/03\/04\/el-principado-aun-no-ha-devuleto-el-dinero-de-los-forfaits-mal-cobrados-en-pajares\/","og_locale":"es_ES","og_type":"article","og_title":"El Principado a\u00fan no ha devuleto el dinero de los forfaits mal cobrados en Pajares -","og_description":"M\u00e1s de 700 esquiadores reclamaron el reintegro del t\u00edquet adquirido para el 16 de enero, jornada en la que la demanda colaps\u00f3 los servidores","og_url":"https:\/\/www.cuencasmineras.com\/index.php\/2021\/03\/04\/el-principado-aun-no-ha-devuleto-el-dinero-de-los-forfaits-mal-cobrados-en-pajares\/","article_published_time":"2021-03-04T16:11:48+00:00","og_image":[{"width":1280,"height":548,"url":"https:\/\/www.cuencasmineras.com\/wp-content\/uploads\/2021\/03\/99b3d12f-31ec-4481-b610-ade5f810ef4f_21-9-aspect-ratio_default_1026438.jpg","type":"image\/jpeg"}],"author":"admin","twitter_card":"summary_large_image","twitter_misc":{"Escrito por":"admin","Tiempo de lectura":"3 minutos"},"schema":{"@context":"https:\/\/schema.org","@graph":[{"@type":"Article","@id":"https:\/\/www.cuencasmineras.com\/index.php\/2021\/03\/04\/el-principado-aun-no-ha-devuleto-el-dinero-de-los-forfaits-mal-cobrados-en-pajares\/#article","isPartOf":{"@id":"https:\/\/www.cuencasmineras.com\/index.php\/2021\/03\/04\/el-principado-aun-no-ha-devuleto-el-dinero-de-los-forfaits-mal-cobrados-en-pajares\/"},"author":{"name":"admin","@id":"https:\/\/www.cuencasmineras.com\/#\/schema\/person\/be0691310e8496ec555f679dd688420c"},"headline":"El Principado a\u00fan no ha devuleto el dinero de los forfaits mal cobrados en Pajares","datePublished":"2021-03-04T16:11:48+00:00","mainEntityOfPage":{"@id":"https:\/\/www.cuencasmineras.com\/index.php\/2021\/03\/04\/el-principado-aun-no-ha-devuleto-el-dinero-de-los-forfaits-mal-cobrados-en-pajares\/"},"wordCount":619,"commentCount":0,"image":{"@id":"https:\/\/www.cuencasmineras.com\/index.php\/2021\/03\/04\/el-principado-aun-no-ha-devuleto-el-dinero-de-los-forfaits-mal-cobrados-en-pajares\/#primaryimage"},"thumbnailUrl":"https:\/\/www.cuencasmineras.com\/wp-content\/uploads\/2021\/03\/99b3d12f-31ec-4481-b610-ade5f810ef4f_21-9-aspect-ratio_default_1026438.jpg","articleSection":["Caudal","CM NEWS"],"inLanguage":"es","potentialAction":[{"@type":"CommentAction","name":"Comment","target":["https:\/\/www.cuencasmineras.com\/index.php\/2021\/03\/04\/el-principado-aun-no-ha-devuleto-el-dinero-de-los-forfaits-mal-cobrados-en-pajares\/#respond"]}]},{"@type":"WebPage","@id":"https:\/\/www.cuencasmineras.com\/index.php\/2021\/03\/04\/el-principado-aun-no-ha-devuleto-el-dinero-de-los-forfaits-mal-cobrados-en-pajares\/","url":"https:\/\/www.cuencasmineras.com\/index.php\/2021\/03\/04\/el-principado-aun-no-ha-devuleto-el-dinero-de-los-forfaits-mal-cobrados-en-pajares\/","name":"El Principado a\u00fan no ha devuleto el dinero de los forfaits mal cobrados en Pajares -","isPartOf":{"@id":"https:\/\/www.cuencasmineras.com\/#website"},"primaryImageOfPage":{"@id":"https:\/\/www.cuencasmineras.com\/index.php\/2021\/03\/04\/el-principado-aun-no-ha-devuleto-el-dinero-de-los-forfaits-mal-cobrados-en-pajares\/#primaryimage"},"image":{"@id":"https:\/\/www.cuencasmineras.com\/index.php\/2021\/03\/04\/el-principado-aun-no-ha-devuleto-el-dinero-de-los-forfaits-mal-cobrados-en-pajares\/#primaryimage"},"thumbnailUrl":"https:\/\/www.cuencasmineras.com\/wp-content\/uploads\/2021\/03\/99b3d12f-31ec-4481-b610-ade5f810ef4f_21-9-aspect-ratio_default_1026438.jpg","datePublished":"2021-03-04T16:11:48+00:00","author":{"@id":"https:\/\/www.cuencasmineras.com\/#\/schema\/person\/be0691310e8496ec555f679dd688420c"},"description":"M\u00e1s de 700 esquiadores reclamaron el reintegro del t\u00edquet adquirido para el 16 de enero, jornada en la que la demanda colaps\u00f3 los servidores","breadcrumb":{"@id":"https:\/\/www.cuencasmineras.com\/index.php\/2021\/03\/04\/el-principado-aun-no-ha-devuleto-el-dinero-de-los-forfaits-mal-cobrados-en-pajares\/#breadcrumb"},"inLanguage":"es","potentialAction":[{"@type":"ReadAction","target":["https:\/\/www.cuencasmineras.com\/index.php\/2021\/03\/04\/el-principado-aun-no-ha-devuleto-el-dinero-de-los-forfaits-mal-cobrados-en-pajares\/"]}]},{"@type":"ImageObject","inLanguage":"es","@id":"https:\/\/www.cuencasmineras.com\/index.php\/2021\/03\/04\/el-principado-aun-no-ha-devuleto-el-dinero-de-los-forfaits-mal-cobrados-en-pajares\/#primaryimage","url":"https:\/\/www.cuencasmineras.com\/wp-content\/uploads\/2021\/03\/99b3d12f-31ec-4481-b610-ade5f810ef4f_21-9-aspect-ratio_default_1026438.jpg","contentUrl":"https:\/\/www.cuencasmineras.com\/wp-content\/uploads\/2021\/03\/99b3d12f-31ec-4481-b610-ade5f810ef4f_21-9-aspect-ratio_default_1026438.jpg","width":1280,"height":548},{"@type":"BreadcrumbList","@id":"https:\/\/www.cuencasmineras.com\/index.php\/2021\/03\/04\/el-principado-aun-no-ha-devuleto-el-dinero-de-los-forfaits-mal-cobrados-en-pajares\/#breadcrumb","itemListElement":[{"@type":"ListItem","position":1,"name":"Portada","item":"https:\/\/www.cuencasmineras.com\/"},{"@type":"ListItem","position":2,"name":"El Principado a\u00fan no ha devuleto el dinero de los forfaits mal cobrados en Pajares"}]},{"@type":"WebSite","@id":"https:\/\/www.cuencasmineras.com\/#website","url":"https:\/\/www.cuencasmineras.com\/","name":"","description":"","potentialAction":[{"@type":"SearchAction","target":{"@type":"EntryPoint","urlTemplate":"https:\/\/www.cuencasmineras.com\/?s={search_term_string}"},"query-input":{"@type":"PropertyValueSpecification","valueRequired":true,"valueName":"search_term_string"}}],"inLanguage":"es"},{"@type":"Person","@id":"https:\/\/www.cuencasmineras.com\/#\/schema\/person\/be0691310e8496ec555f679dd688420c","name":"admin","image":{"@type":"ImageObject","inLanguage":"es","@id":"https:\/\/secure.gravatar.com\/avatar\/4afd2eed3b2fbbf36dd6707b5bd8a5b50ac648f033e36fbf85aeace2f0f859db?s=96&d=mm&r=g","url":"https:\/\/secure.gravatar.com\/avatar\/4afd2eed3b2fbbf36dd6707b5bd8a5b50ac648f033e36fbf85aeace2f0f859db?s=96&d=mm&r=g","contentUrl":"https:\/\/secure.gravatar.com\/avatar\/4afd2eed3b2fbbf36dd6707b5bd8a5b50ac648f033e36fbf85aeace2f0f859db?s=96&d=mm&r=g","caption":"admin"},"sameAs":["https:\/\/www.cuencasmineras.com"],"url":"https:\/\/www.cuencasmineras.com\/index.php\/author\/admin\/"}]}},"_links":{"self":[{"href":"https:\/\/www.cuencasmineras.com\/index.php\/wp-json\/wp\/v2\/posts\/1910","targetHints":{"allow":["GET"]}}],"collection":[{"href":"https:\/\/www.cuencasmineras.com\/index.php\/wp-json\/wp\/v2\/posts"}],"about":[{"href":"https:\/\/www.cuencasmineras.com\/index.php\/wp-json\/wp\/v2\/types\/post"}],"author":[{"embeddable":true,"href":"https:\/\/www.cuencasmineras.com\/index.php\/wp-json\/wp\/v2\/users\/1"}],"replies":[{"embeddable":true,"href":"https:\/\/www.cuencasmineras.com\/index.php\/wp-json\/wp\/v2\/comments?post=1910"}],"version-history":[{"count":1,"href":"https:\/\/www.cuencasmineras.com\/index.php\/wp-json\/wp\/v2\/posts\/1910\/revisions"}],"predecessor-version":[{"id":1912,"href":"https:\/\/www.cuencasmineras.com\/index.php\/wp-json\/wp\/v2\/posts\/1910\/revisions\/1912"}],"wp:featuredmedia":[{"embeddable":true,"href":"https:\/\/www.cuencasmineras.com\/index.php\/wp-json\/wp\/v2\/media\/1911"}],"wp:attachment":[{"href":"https:\/\/www.cuencasmineras.com\/index.php\/wp-json\/wp\/v2\/media?parent=1910"}],"wp:term":[{"taxonomy":"category","embeddable":true,"href":"https:\/\/www.cuencasmineras.com\/index.php\/wp-json\/wp\/v2\/categories?post=1910"},{"taxonomy":"post_tag","embeddable":true,"href":"https:\/\/www.cuencasmineras.com\/index.php\/wp-json\/wp\/v2\/tags?post=1910"}],"curies":[{"name":"wp","href":"https:\/\/api.w.org\/{rel}","templated":true}]}}