{"id":1942,"date":"2021-03-06T19:05:09","date_gmt":"2021-03-06T19:05:09","guid":{"rendered":"https:\/\/www.cuencasmineras.com\/?p=1942"},"modified":"2021-03-06T19:05:09","modified_gmt":"2021-03-06T19:05:09","slug":"pp-de-mieres-pide-que-no-se-derriben-las-escuelas-de-urbies","status":"publish","type":"post","link":"https:\/\/www.cuencasmineras.com\/index.php\/2021\/03\/06\/pp-de-mieres-pide-que-no-se-derriben-las-escuelas-de-urbies\/","title":{"rendered":"PP de MIERES pide que no se derriben las ESCUELAS de URBI\u00c9S"},"content":{"rendered":"<p>Debido a\u00a0 la amenaza presentada por Hunosa este pasado jueves:<\/p>\n<p><strong>ANTE EL PLAZO DE 15 D\u00cdAS QUE HA DADO HUNOSA PARA PRESENTAR ALEGACIONES AL DERRIBO DE LAS ESCUELAS DE URBI\u00c9S, EL PARTIDO POPULAR PIDE QUE NO SE DERRIBEN Y CELERIDAD AL AYUNTAMIENTO EN DEFENDER NUESTRO PATRIMONIO<\/strong><\/p>\n<p><strong>\u00a0<\/strong><\/p>\n<ul>\n<li><strong>En octubre del 2020 el Partido Popular solicit\u00f3 al ayuntamiento que se tomaran medidas ante el abandono que sufr\u00edan las escuelas de Urbi\u00e9s, cayendo en o\u00eddos sordos. <\/strong><\/li>\n<li><strong>El pasado 18 de febrero, 223 vecinos firmantes presentaron ante al ayuntamiento un manifiesto pidiendo la conservaci\u00f3n de las escuelas, el cual tampoco se escuch\u00f3. <\/strong><\/li>\n<\/ul>\n<p>&nbsp;<\/p>\n<p><strong><u>05, Marzo 2021.-<\/u><\/strong><\/p>\n<p>Ante las amenazas de derribo\u00a0 que ha presentado por registro la empresa Hunosa ( n\u00ba2021003599 REMISI\u00d3N DE ORVE DANDO UN PLAZO DE 15 D\u00cdAS PARA QUE SE PRONUNCIE SOBRE LA EXISTENCIA DE ALG\u00daN INTER\u00c9S EN LAS ESCUELAS DE URBI\u00c9S SINO SE PROCEDER\u00c1 A SU DEMOLICI\u00d3N) el Partido Popular vamos a presentar una moci\u00f3n al pleno del ayuntamiento para que se proceda a hacer dos acciones prioritarias para el patrimonio del Concejo: por una lado, que <strong>se emprenda las acciones necesarias con la empresa HUNOSA para que d\u00e9 marcha atr\u00e1s en sus intenciones de derribar las escuelas de Urbi\u00e9s y, por otro lado, una actuaci\u00f3n de mantenimiento de urgencia<\/strong> para conservar lo que queda y no sea mayor el deterioro.<\/p>\n<p>Tal y como recog\u00edan la prensa <strong>el 13 de octubre del 2020, tras la reuni\u00f3n que mantuvieron representantes del Partido Popular con los vecinos de Urbi\u00e9s, se traslad\u00f3 al ayuntamiento la preocupaci\u00f3n que manten\u00edan los vecinos<\/strong> con dos problemas acuciantes, la falta de limpieza y basura por un lado y por otro lado el estado de abandono de las escuelas. Ambos problemas fueron trasladados a los representantes municipales y ambos <strong>problemas siguen a fecha, 5 meses despu\u00e9s, sin una soluci\u00f3n<\/strong>. Esa es la rapidez, preocupaci\u00f3n y efectividad que mantiene el Equipo de Gobierno para resolver los problemas, nula. <strong>La falta de conexi\u00f3n de los dirigentes municipales con la realidad del municipio se hace cada vez m\u00e1s palpable.<\/strong><\/p>\n<p>Las excusas puestas durante a\u00f1os de falta de recursos financieros, quedan ahora derribadas por la capacidad de 5 millones disponibles del super\u00e1vit municipal existente, encaminado, casi en su totalidad a inversiones y mantenimiento. <strong>Por tanto, tenemos dinero para poder acometer acciones de mantenimient<\/strong>o.\u00a0 Las peticiones que vienen haciendo los vecinos de Urbi\u00e9s para que se mantengan las escuelas vienen acompa\u00f1adas de propuestas de un museo, m\u00e1s a\u00fan, con contenido para el museo (colecci\u00f3n del Sr. Secundino Rodriguez con un extenso patrimonio de enseres y documentos relacionados con el pueblo), propuesta de un centro social, local de reuniones y punto de informaci\u00f3n de visitantes. <strong>Por tanto, no estamos pidiendo arreglar un edificio para dejarlo vac\u00edo.<\/strong><\/p>\n<p>Est\u00e1 claro que si hubiera intenci\u00f3n y ganas por parte de nuestro Alcalde de mantener el patrimonio y luchar por combatir la despoblaci\u00f3n de nuestros pueblos ya se hubieran realizado acciones para mantener estas escuelas, pero, viendo que rechazan el enfrentarse, por lo menos una vez al a\u00f1o, a un pleno sobre el problema de demograf\u00eda del Concejo y la p\u00e9rdida de poblaci\u00f3n, <strong>se demuestra que sus preocupaciones van m\u00e1s por calentar la poltrona que resolver los problemas de los vecinos<\/strong>.<\/p>\n","protected":false},"excerpt":{"rendered":"<p>Debido a\u00a0 la amenaza presentada por Hunosa este pasado jueves: ANTE EL PLAZO DE 15 D\u00cdAS QUE HA DADO HUNOSA PARA PRESENTAR ALEGACIONES AL DERRIBO DE LAS ESCUELAS DE URBI\u00c9S, EL PARTIDO POPULAR PIDE QUE NO SE DERRIBEN Y CELERIDAD AL AYUNTAMIENTO EN DEFENDER NUESTRO PATRIMONIO \u00a0 En octubre del 2020 el Partido Popular solicit\u00f3 [&hellip;]<\/p>\n","protected":false},"author":1,"featured_media":1943,"comment_status":"open","ping_status":"open","sticky":false,"template":"","format":"standard","meta":{"footnotes":""},"categories":[7,6],"tags":[125],"class_list":["post-1942","post","type-post","status-publish","format-standard","has-post-thumbnail","hentry","category-caudal","category-noticias","tag-pp-mieres"],"yoast_head":"<!-- This site is optimized with the Yoast SEO plugin v27.4 - https:\/\/yoast.com\/product\/yoast-seo-wordpress\/ -->\n<title>PP de MIERES pide que no se derriben las ESCUELAS de URBI\u00c9S - CuencasMineras.com<\/title>\n<meta name=\"robots\" content=\"index, follow, max-snippet:-1, max-image-preview:large, max-video-preview:-1\" \/>\n<link rel=\"canonical\" href=\"https:\/\/www.cuencasmineras.com\/index.php\/2021\/03\/06\/pp-de-mieres-pide-que-no-se-derriben-las-escuelas-de-urbies\/\" \/>\n<meta property=\"og:locale\" content=\"es_ES\" \/>\n<meta property=\"og:type\" content=\"article\" \/>\n<meta property=\"og:title\" content=\"PP de MIERES pide que no se derriben las ESCUELAS de URBI\u00c9S - CuencasMineras.com\" \/>\n<meta property=\"og:description\" content=\"Debido a\u00a0 la amenaza presentada por Hunosa este pasado jueves: ANTE EL PLAZO DE 15 D\u00cdAS QUE HA DADO HUNOSA PARA PRESENTAR ALEGACIONES AL DERRIBO DE LAS ESCUELAS DE URBI\u00c9S, EL PARTIDO POPULAR PIDE QUE NO SE DERRIBEN Y CELERIDAD AL AYUNTAMIENTO EN DEFENDER NUESTRO PATRIMONIO \u00a0 En octubre del 2020 el Partido Popular solicit\u00f3 [&hellip;]\" \/>\n<meta property=\"og:url\" content=\"https:\/\/www.cuencasmineras.com\/index.php\/2021\/03\/06\/pp-de-mieres-pide-que-no-se-derriben-las-escuelas-de-urbies\/\" \/>\n<meta property=\"article:published_time\" content=\"2021-03-06T19:05:09+00:00\" \/>\n<meta property=\"og:image\" content=\"https:\/\/www.cuencasmineras.com\/wp-content\/uploads\/2021\/03\/d0cd87fe-ee57-40e3-a6b2-83cddad6aedc_16-9-aspect-ratio_default_0.jpg\" \/>\n\t<meta property=\"og:image:width\" content=\"880\" \/>\n\t<meta property=\"og:image:height\" content=\"495\" \/>\n\t<meta property=\"og:image:type\" content=\"image\/jpeg\" \/>\n<meta name=\"author\" content=\"admin\" \/>\n<meta name=\"twitter:card\" content=\"summary_large_image\" \/>\n<meta name=\"twitter:label1\" content=\"Escrito por\" \/>\n\t<meta name=\"twitter:data1\" content=\"admin\" \/>\n\t<meta name=\"twitter:label2\" content=\"Tiempo de lectura\" \/>\n\t<meta name=\"twitter:data2\" content=\"3 minutos\" \/>\n<script type=\"application\/ld+json\" class=\"yoast-schema-graph\">{\"@context\":\"https:\\\/\\\/schema.org\",\"@graph\":[{\"@type\":\"Article\",\"@id\":\"https:\\\/\\\/www.cuencasmineras.com\\\/index.php\\\/2021\\\/03\\\/06\\\/pp-de-mieres-pide-que-no-se-derriben-las-escuelas-de-urbies\\\/#article\",\"isPartOf\":{\"@id\":\"https:\\\/\\\/www.cuencasmineras.com\\\/index.php\\\/2021\\\/03\\\/06\\\/pp-de-mieres-pide-que-no-se-derriben-las-escuelas-de-urbies\\\/\"},\"author\":{\"name\":\"admin\",\"@id\":\"https:\\\/\\\/www.cuencasmineras.com\\\/#\\\/schema\\\/person\\\/be0691310e8496ec555f679dd688420c\"},\"headline\":\"PP de MIERES pide que no se derriben las ESCUELAS de URBI\u00c9S\",\"datePublished\":\"2021-03-06T19:05:09+00:00\",\"mainEntityOfPage\":{\"@id\":\"https:\\\/\\\/www.cuencasmineras.com\\\/index.php\\\/2021\\\/03\\\/06\\\/pp-de-mieres-pide-que-no-se-derriben-las-escuelas-de-urbies\\\/\"},\"wordCount\":577,\"commentCount\":0,\"image\":{\"@id\":\"https:\\\/\\\/www.cuencasmineras.com\\\/index.php\\\/2021\\\/03\\\/06\\\/pp-de-mieres-pide-que-no-se-derriben-las-escuelas-de-urbies\\\/#primaryimage\"},\"thumbnailUrl\":\"https:\\\/\\\/www.cuencasmineras.com\\\/wp-content\\\/uploads\\\/2021\\\/03\\\/d0cd87fe-ee57-40e3-a6b2-83cddad6aedc_16-9-aspect-ratio_default_0.jpg\",\"keywords\":[\"PP MIERES\"],\"articleSection\":[\"Caudal\",\"CM NEWS\"],\"inLanguage\":\"es\",\"potentialAction\":[{\"@type\":\"CommentAction\",\"name\":\"Comment\",\"target\":[\"https:\\\/\\\/www.cuencasmineras.com\\\/index.php\\\/2021\\\/03\\\/06\\\/pp-de-mieres-pide-que-no-se-derriben-las-escuelas-de-urbies\\\/#respond\"]}]},{\"@type\":\"WebPage\",\"@id\":\"https:\\\/\\\/www.cuencasmineras.com\\\/index.php\\\/2021\\\/03\\\/06\\\/pp-de-mieres-pide-que-no-se-derriben-las-escuelas-de-urbies\\\/\",\"url\":\"https:\\\/\\\/www.cuencasmineras.com\\\/index.php\\\/2021\\\/03\\\/06\\\/pp-de-mieres-pide-que-no-se-derriben-las-escuelas-de-urbies\\\/\",\"name\":\"PP de MIERES pide que no se derriben las ESCUELAS de URBI\u00c9S - CuencasMineras.com\",\"isPartOf\":{\"@id\":\"https:\\\/\\\/www.cuencasmineras.com\\\/#website\"},\"primaryImageOfPage\":{\"@id\":\"https:\\\/\\\/www.cuencasmineras.com\\\/index.php\\\/2021\\\/03\\\/06\\\/pp-de-mieres-pide-que-no-se-derriben-las-escuelas-de-urbies\\\/#primaryimage\"},\"image\":{\"@id\":\"https:\\\/\\\/www.cuencasmineras.com\\\/index.php\\\/2021\\\/03\\\/06\\\/pp-de-mieres-pide-que-no-se-derriben-las-escuelas-de-urbies\\\/#primaryimage\"},\"thumbnailUrl\":\"https:\\\/\\\/www.cuencasmineras.com\\\/wp-content\\\/uploads\\\/2021\\\/03\\\/d0cd87fe-ee57-40e3-a6b2-83cddad6aedc_16-9-aspect-ratio_default_0.jpg\",\"datePublished\":\"2021-03-06T19:05:09+00:00\",\"author\":{\"@id\":\"https:\\\/\\\/www.cuencasmineras.com\\\/#\\\/schema\\\/person\\\/be0691310e8496ec555f679dd688420c\"},\"breadcrumb\":{\"@id\":\"https:\\\/\\\/www.cuencasmineras.com\\\/index.php\\\/2021\\\/03\\\/06\\\/pp-de-mieres-pide-que-no-se-derriben-las-escuelas-de-urbies\\\/#breadcrumb\"},\"inLanguage\":\"es\",\"potentialAction\":[{\"@type\":\"ReadAction\",\"target\":[\"https:\\\/\\\/www.cuencasmineras.com\\\/index.php\\\/2021\\\/03\\\/06\\\/pp-de-mieres-pide-que-no-se-derriben-las-escuelas-de-urbies\\\/\"]}]},{\"@type\":\"ImageObject\",\"inLanguage\":\"es\",\"@id\":\"https:\\\/\\\/www.cuencasmineras.com\\\/index.php\\\/2021\\\/03\\\/06\\\/pp-de-mieres-pide-que-no-se-derriben-las-escuelas-de-urbies\\\/#primaryimage\",\"url\":\"https:\\\/\\\/www.cuencasmineras.com\\\/wp-content\\\/uploads\\\/2021\\\/03\\\/d0cd87fe-ee57-40e3-a6b2-83cddad6aedc_16-9-aspect-ratio_default_0.jpg\",\"contentUrl\":\"https:\\\/\\\/www.cuencasmineras.com\\\/wp-content\\\/uploads\\\/2021\\\/03\\\/d0cd87fe-ee57-40e3-a6b2-83cddad6aedc_16-9-aspect-ratio_default_0.jpg\",\"width\":880,\"height\":495},{\"@type\":\"BreadcrumbList\",\"@id\":\"https:\\\/\\\/www.cuencasmineras.com\\\/index.php\\\/2021\\\/03\\\/06\\\/pp-de-mieres-pide-que-no-se-derriben-las-escuelas-de-urbies\\\/#breadcrumb\",\"itemListElement\":[{\"@type\":\"ListItem\",\"position\":1,\"name\":\"Portada\",\"item\":\"https:\\\/\\\/www.cuencasmineras.com\\\/\"},{\"@type\":\"ListItem\",\"position\":2,\"name\":\"PP de MIERES pide que no se derriben las ESCUELAS de URBI\u00c9S\"}]},{\"@type\":\"WebSite\",\"@id\":\"https:\\\/\\\/www.cuencasmineras.com\\\/#website\",\"url\":\"https:\\\/\\\/www.cuencasmineras.com\\\/\",\"name\":\"\",\"description\":\"\",\"potentialAction\":[{\"@type\":\"SearchAction\",\"target\":{\"@type\":\"EntryPoint\",\"urlTemplate\":\"https:\\\/\\\/www.cuencasmineras.com\\\/?s={search_term_string}\"},\"query-input\":{\"@type\":\"PropertyValueSpecification\",\"valueRequired\":true,\"valueName\":\"search_term_string\"}}],\"inLanguage\":\"es\"},{\"@type\":\"Person\",\"@id\":\"https:\\\/\\\/www.cuencasmineras.com\\\/#\\\/schema\\\/person\\\/be0691310e8496ec555f679dd688420c\",\"name\":\"admin\",\"image\":{\"@type\":\"ImageObject\",\"inLanguage\":\"es\",\"@id\":\"https:\\\/\\\/secure.gravatar.com\\\/avatar\\\/4afd2eed3b2fbbf36dd6707b5bd8a5b50ac648f033e36fbf85aeace2f0f859db?s=96&d=mm&r=g\",\"url\":\"https:\\\/\\\/secure.gravatar.com\\\/avatar\\\/4afd2eed3b2fbbf36dd6707b5bd8a5b50ac648f033e36fbf85aeace2f0f859db?s=96&d=mm&r=g\",\"contentUrl\":\"https:\\\/\\\/secure.gravatar.com\\\/avatar\\\/4afd2eed3b2fbbf36dd6707b5bd8a5b50ac648f033e36fbf85aeace2f0f859db?s=96&d=mm&r=g\",\"caption\":\"admin\"},\"sameAs\":[\"https:\\\/\\\/www.cuencasmineras.com\"],\"url\":\"https:\\\/\\\/www.cuencasmineras.com\\\/index.php\\\/author\\\/admin\\\/\"}]}<\/script>\n<!-- \/ Yoast SEO plugin. -->","yoast_head_json":{"title":"PP de MIERES pide que no se derriben las ESCUELAS de URBI\u00c9S - CuencasMineras.com","robots":{"index":"index","follow":"follow","max-snippet":"max-snippet:-1","max-image-preview":"max-image-preview:large","max-video-preview":"max-video-preview:-1"},"canonical":"https:\/\/www.cuencasmineras.com\/index.php\/2021\/03\/06\/pp-de-mieres-pide-que-no-se-derriben-las-escuelas-de-urbies\/","og_locale":"es_ES","og_type":"article","og_title":"PP de MIERES pide que no se derriben las ESCUELAS de URBI\u00c9S - CuencasMineras.com","og_description":"Debido a\u00a0 la amenaza presentada por Hunosa este pasado jueves: ANTE EL PLAZO DE 15 D\u00cdAS QUE HA DADO HUNOSA PARA PRESENTAR ALEGACIONES AL DERRIBO DE LAS ESCUELAS DE URBI\u00c9S, EL PARTIDO POPULAR PIDE QUE NO SE DERRIBEN Y CELERIDAD AL AYUNTAMIENTO EN DEFENDER NUESTRO PATRIMONIO \u00a0 En octubre del 2020 el Partido Popular solicit\u00f3 [&hellip;]","og_url":"https:\/\/www.cuencasmineras.com\/index.php\/2021\/03\/06\/pp-de-mieres-pide-que-no-se-derriben-las-escuelas-de-urbies\/","article_published_time":"2021-03-06T19:05:09+00:00","og_image":[{"width":880,"height":495,"url":"https:\/\/www.cuencasmineras.com\/wp-content\/uploads\/2021\/03\/d0cd87fe-ee57-40e3-a6b2-83cddad6aedc_16-9-aspect-ratio_default_0.jpg","type":"image\/jpeg"}],"author":"admin","twitter_card":"summary_large_image","twitter_misc":{"Escrito por":"admin","Tiempo de lectura":"3 minutos"},"schema":{"@context":"https:\/\/schema.org","@graph":[{"@type":"Article","@id":"https:\/\/www.cuencasmineras.com\/index.php\/2021\/03\/06\/pp-de-mieres-pide-que-no-se-derriben-las-escuelas-de-urbies\/#article","isPartOf":{"@id":"https:\/\/www.cuencasmineras.com\/index.php\/2021\/03\/06\/pp-de-mieres-pide-que-no-se-derriben-las-escuelas-de-urbies\/"},"author":{"name":"admin","@id":"https:\/\/www.cuencasmineras.com\/#\/schema\/person\/be0691310e8496ec555f679dd688420c"},"headline":"PP de MIERES pide que no se derriben las ESCUELAS de URBI\u00c9S","datePublished":"2021-03-06T19:05:09+00:00","mainEntityOfPage":{"@id":"https:\/\/www.cuencasmineras.com\/index.php\/2021\/03\/06\/pp-de-mieres-pide-que-no-se-derriben-las-escuelas-de-urbies\/"},"wordCount":577,"commentCount":0,"image":{"@id":"https:\/\/www.cuencasmineras.com\/index.php\/2021\/03\/06\/pp-de-mieres-pide-que-no-se-derriben-las-escuelas-de-urbies\/#primaryimage"},"thumbnailUrl":"https:\/\/www.cuencasmineras.com\/wp-content\/uploads\/2021\/03\/d0cd87fe-ee57-40e3-a6b2-83cddad6aedc_16-9-aspect-ratio_default_0.jpg","keywords":["PP MIERES"],"articleSection":["Caudal","CM NEWS"],"inLanguage":"es","potentialAction":[{"@type":"CommentAction","name":"Comment","target":["https:\/\/www.cuencasmineras.com\/index.php\/2021\/03\/06\/pp-de-mieres-pide-que-no-se-derriben-las-escuelas-de-urbies\/#respond"]}]},{"@type":"WebPage","@id":"https:\/\/www.cuencasmineras.com\/index.php\/2021\/03\/06\/pp-de-mieres-pide-que-no-se-derriben-las-escuelas-de-urbies\/","url":"https:\/\/www.cuencasmineras.com\/index.php\/2021\/03\/06\/pp-de-mieres-pide-que-no-se-derriben-las-escuelas-de-urbies\/","name":"PP de MIERES pide que no se derriben las ESCUELAS de URBI\u00c9S - CuencasMineras.com","isPartOf":{"@id":"https:\/\/www.cuencasmineras.com\/#website"},"primaryImageOfPage":{"@id":"https:\/\/www.cuencasmineras.com\/index.php\/2021\/03\/06\/pp-de-mieres-pide-que-no-se-derriben-las-escuelas-de-urbies\/#primaryimage"},"image":{"@id":"https:\/\/www.cuencasmineras.com\/index.php\/2021\/03\/06\/pp-de-mieres-pide-que-no-se-derriben-las-escuelas-de-urbies\/#primaryimage"},"thumbnailUrl":"https:\/\/www.cuencasmineras.com\/wp-content\/uploads\/2021\/03\/d0cd87fe-ee57-40e3-a6b2-83cddad6aedc_16-9-aspect-ratio_default_0.jpg","datePublished":"2021-03-06T19:05:09+00:00","author":{"@id":"https:\/\/www.cuencasmineras.com\/#\/schema\/person\/be0691310e8496ec555f679dd688420c"},"breadcrumb":{"@id":"https:\/\/www.cuencasmineras.com\/index.php\/2021\/03\/06\/pp-de-mieres-pide-que-no-se-derriben-las-escuelas-de-urbies\/#breadcrumb"},"inLanguage":"es","potentialAction":[{"@type":"ReadAction","target":["https:\/\/www.cuencasmineras.com\/index.php\/2021\/03\/06\/pp-de-mieres-pide-que-no-se-derriben-las-escuelas-de-urbies\/"]}]},{"@type":"ImageObject","inLanguage":"es","@id":"https:\/\/www.cuencasmineras.com\/index.php\/2021\/03\/06\/pp-de-mieres-pide-que-no-se-derriben-las-escuelas-de-urbies\/#primaryimage","url":"https:\/\/www.cuencasmineras.com\/wp-content\/uploads\/2021\/03\/d0cd87fe-ee57-40e3-a6b2-83cddad6aedc_16-9-aspect-ratio_default_0.jpg","contentUrl":"https:\/\/www.cuencasmineras.com\/wp-content\/uploads\/2021\/03\/d0cd87fe-ee57-40e3-a6b2-83cddad6aedc_16-9-aspect-ratio_default_0.jpg","width":880,"height":495},{"@type":"BreadcrumbList","@id":"https:\/\/www.cuencasmineras.com\/index.php\/2021\/03\/06\/pp-de-mieres-pide-que-no-se-derriben-las-escuelas-de-urbies\/#breadcrumb","itemListElement":[{"@type":"ListItem","position":1,"name":"Portada","item":"https:\/\/www.cuencasmineras.com\/"},{"@type":"ListItem","position":2,"name":"PP de MIERES pide que no se derriben las ESCUELAS de URBI\u00c9S"}]},{"@type":"WebSite","@id":"https:\/\/www.cuencasmineras.com\/#website","url":"https:\/\/www.cuencasmineras.com\/","name":"","description":"","potentialAction":[{"@type":"SearchAction","target":{"@type":"EntryPoint","urlTemplate":"https:\/\/www.cuencasmineras.com\/?s={search_term_string}"},"query-input":{"@type":"PropertyValueSpecification","valueRequired":true,"valueName":"search_term_string"}}],"inLanguage":"es"},{"@type":"Person","@id":"https:\/\/www.cuencasmineras.com\/#\/schema\/person\/be0691310e8496ec555f679dd688420c","name":"admin","image":{"@type":"ImageObject","inLanguage":"es","@id":"https:\/\/secure.gravatar.com\/avatar\/4afd2eed3b2fbbf36dd6707b5bd8a5b50ac648f033e36fbf85aeace2f0f859db?s=96&d=mm&r=g","url":"https:\/\/secure.gravatar.com\/avatar\/4afd2eed3b2fbbf36dd6707b5bd8a5b50ac648f033e36fbf85aeace2f0f859db?s=96&d=mm&r=g","contentUrl":"https:\/\/secure.gravatar.com\/avatar\/4afd2eed3b2fbbf36dd6707b5bd8a5b50ac648f033e36fbf85aeace2f0f859db?s=96&d=mm&r=g","caption":"admin"},"sameAs":["https:\/\/www.cuencasmineras.com"],"url":"https:\/\/www.cuencasmineras.com\/index.php\/author\/admin\/"}]}},"_links":{"self":[{"href":"https:\/\/www.cuencasmineras.com\/index.php\/wp-json\/wp\/v2\/posts\/1942","targetHints":{"allow":["GET"]}}],"collection":[{"href":"https:\/\/www.cuencasmineras.com\/index.php\/wp-json\/wp\/v2\/posts"}],"about":[{"href":"https:\/\/www.cuencasmineras.com\/index.php\/wp-json\/wp\/v2\/types\/post"}],"author":[{"embeddable":true,"href":"https:\/\/www.cuencasmineras.com\/index.php\/wp-json\/wp\/v2\/users\/1"}],"replies":[{"embeddable":true,"href":"https:\/\/www.cuencasmineras.com\/index.php\/wp-json\/wp\/v2\/comments?post=1942"}],"version-history":[{"count":1,"href":"https:\/\/www.cuencasmineras.com\/index.php\/wp-json\/wp\/v2\/posts\/1942\/revisions"}],"predecessor-version":[{"id":1944,"href":"https:\/\/www.cuencasmineras.com\/index.php\/wp-json\/wp\/v2\/posts\/1942\/revisions\/1944"}],"wp:featuredmedia":[{"embeddable":true,"href":"https:\/\/www.cuencasmineras.com\/index.php\/wp-json\/wp\/v2\/media\/1943"}],"wp:attachment":[{"href":"https:\/\/www.cuencasmineras.com\/index.php\/wp-json\/wp\/v2\/media?parent=1942"}],"wp:term":[{"taxonomy":"category","embeddable":true,"href":"https:\/\/www.cuencasmineras.com\/index.php\/wp-json\/wp\/v2\/categories?post=1942"},{"taxonomy":"post_tag","embeddable":true,"href":"https:\/\/www.cuencasmineras.com\/index.php\/wp-json\/wp\/v2\/tags?post=1942"}],"curies":[{"name":"wp","href":"https:\/\/api.w.org\/{rel}","templated":true}]}}