{"id":1990,"date":"2021-03-09T17:11:33","date_gmt":"2021-03-09T17:11:33","guid":{"rendered":"https:\/\/www.cuencasmineras.com\/?p=1990"},"modified":"2021-03-09T17:11:33","modified_gmt":"2021-03-09T17:11:33","slug":"el-plan-de-empleo-de-morcin-suma-25-aspirantes-para-dos-puestos-de-peon","status":"publish","type":"post","link":"https:\/\/www.cuencasmineras.com\/index.php\/2021\/03\/09\/el-plan-de-empleo-de-morcin-suma-25-aspirantes-para-dos-puestos-de-peon\/","title":{"rendered":"El plan de empleo de Morc\u00edn suma 25 aspirantes para dos puestos de pe\u00f3n"},"content":{"rendered":"<p style=\"text-align: justify;\">El Ayuntamiento de Morc\u00edn, a trav\u00e9s de su p\u00e1gina web oficial y el tabl\u00f3n de anuncios del Consistorio, ha publicado ya la lista de admitidos y excluidos para el Plan de Empleo de este a\u00f1o. Tras el estudio de las solicitudes, optan a dos plazas de peones un total de veinticinco personas. Solo dos de los aspirantes fueron excluidos en esta primera selecci\u00f3n, argumentada en las bases de la convocatoria.<\/p>\n<p><img loading=\"lazy\" decoding=\"async\" class=\"aligncenter size-full wp-image-1991\" src=\"https:\/\/www.cuencasmineras.com\/wp-content\/uploads\/2021\/03\/AYUNTAMIENTO-DE-MORCIN-2.jpg\" alt=\"\" width=\"800\" height=\"600\" srcset=\"https:\/\/www.cuencasmineras.com\/wp-content\/uploads\/2021\/03\/AYUNTAMIENTO-DE-MORCIN-2.jpg 800w, https:\/\/www.cuencasmineras.com\/wp-content\/uploads\/2021\/03\/AYUNTAMIENTO-DE-MORCIN-2-300x225.jpg 300w, https:\/\/www.cuencasmineras.com\/wp-content\/uploads\/2021\/03\/AYUNTAMIENTO-DE-MORCIN-2-768x576.jpg 768w\" sizes=\"auto, (max-width: 800px) 100vw, 800px\" \/><\/p>\n<p style=\"text-align: justify;\">Los destinatarios del Plan de Empleo son personas paradas de larga duraci\u00f3n. Se consideran en este ep\u00edgrafe a las personas que, en los doce meses inmediatamente anteriores al 27 de octubre de 2020 no hubieran trabajado o participado en un programa de formaci\u00f3n que conllevara contraprestaci\u00f3n econ\u00f3mica durante m\u00e1s de noventa d\u00edas. Tambi\u00e9n pueden acceder al Plan de Empleo personas en riesgo de exclusi\u00f3n social. Entre las bases se incluye tener m\u00e1s de 16 a\u00f1os cumplidos y no exceder la edad l\u00edmite de jubilaci\u00f3n. Tambi\u00e9n \u201cposeer la capacidad funcional para el desempe\u00f1o de las tareas habituales de los puestos convocados y, por tanto, no padecer enfermedad ni estar afectado por limitaciones f\u00edsicas o ps\u00edquicas que sean incompatibles con la funci\u00f3n a desarrollar\u201d.<\/p>\n","protected":false},"excerpt":{"rendered":"<p>El Ayuntamiento de Morc\u00edn, a trav\u00e9s de su p\u00e1gina web oficial y el tabl\u00f3n de anuncios del Consistorio, ha publicado ya la lista de admitidos y excluidos para el Plan de Empleo de este a\u00f1o. Tras el estudio de las solicitudes, optan a dos plazas de peones un total de veinticinco personas. Solo dos de [&hellip;]<\/p>\n","protected":false},"author":1,"featured_media":1991,"comment_status":"open","ping_status":"open","sticky":false,"template":"","format":"standard","meta":{"footnotes":""},"categories":[7,6],"tags":[],"class_list":["post-1990","post","type-post","status-publish","format-standard","has-post-thumbnail","hentry","category-caudal","category-noticias"],"yoast_head":"<!-- This site is optimized with the Yoast SEO plugin v27.4 - https:\/\/yoast.com\/product\/yoast-seo-wordpress\/ -->\n<title>El plan de empleo de Morc\u00edn suma 25 aspirantes para dos puestos de pe\u00f3n -<\/title>\n<meta name=\"description\" content=\"El Ayuntamiento de Morc\u00edn, a trav\u00e9s de su p\u00e1gina web oficial y el tabl\u00f3n de anuncios del Consistorio, ha publicado ya la lista de admitidos y excluidos para el Plan de Empleo de este a\u00f1o\" \/>\n<meta name=\"robots\" content=\"index, follow, max-snippet:-1, max-image-preview:large, max-video-preview:-1\" \/>\n<link rel=\"canonical\" href=\"https:\/\/www.cuencasmineras.com\/index.php\/2021\/03\/09\/el-plan-de-empleo-de-morcin-suma-25-aspirantes-para-dos-puestos-de-peon\/\" \/>\n<meta property=\"og:locale\" content=\"es_ES\" \/>\n<meta property=\"og:type\" content=\"article\" \/>\n<meta property=\"og:title\" content=\"El plan de empleo de Morc\u00edn suma 25 aspirantes para dos puestos de pe\u00f3n -\" \/>\n<meta property=\"og:description\" content=\"El Ayuntamiento de Morc\u00edn, a trav\u00e9s de su p\u00e1gina web oficial y el tabl\u00f3n de anuncios del Consistorio, ha publicado ya la lista de admitidos y excluidos para el Plan de Empleo de este a\u00f1o\" \/>\n<meta property=\"og:url\" content=\"https:\/\/www.cuencasmineras.com\/index.php\/2021\/03\/09\/el-plan-de-empleo-de-morcin-suma-25-aspirantes-para-dos-puestos-de-peon\/\" \/>\n<meta property=\"article:published_time\" content=\"2021-03-09T17:11:33+00:00\" \/>\n<meta property=\"og:image\" content=\"https:\/\/www.cuencasmineras.com\/wp-content\/uploads\/2021\/03\/AYUNTAMIENTO-DE-MORCIN-2.jpg\" \/>\n\t<meta property=\"og:image:width\" content=\"800\" \/>\n\t<meta property=\"og:image:height\" content=\"600\" \/>\n\t<meta property=\"og:image:type\" content=\"image\/jpeg\" \/>\n<meta name=\"author\" content=\"admin\" \/>\n<meta name=\"twitter:card\" content=\"summary_large_image\" \/>\n<meta name=\"twitter:label1\" content=\"Escrito por\" \/>\n\t<meta name=\"twitter:data1\" content=\"admin\" \/>\n\t<meta name=\"twitter:label2\" content=\"Tiempo de lectura\" \/>\n\t<meta name=\"twitter:data2\" content=\"2 minutos\" \/>\n<script type=\"application\/ld+json\" class=\"yoast-schema-graph\">{\"@context\":\"https:\\\/\\\/schema.org\",\"@graph\":[{\"@type\":\"Article\",\"@id\":\"https:\\\/\\\/www.cuencasmineras.com\\\/index.php\\\/2021\\\/03\\\/09\\\/el-plan-de-empleo-de-morcin-suma-25-aspirantes-para-dos-puestos-de-peon\\\/#article\",\"isPartOf\":{\"@id\":\"https:\\\/\\\/www.cuencasmineras.com\\\/index.php\\\/2021\\\/03\\\/09\\\/el-plan-de-empleo-de-morcin-suma-25-aspirantes-para-dos-puestos-de-peon\\\/\"},\"author\":{\"name\":\"admin\",\"@id\":\"https:\\\/\\\/www.cuencasmineras.com\\\/#\\\/schema\\\/person\\\/be0691310e8496ec555f679dd688420c\"},\"headline\":\"El plan de empleo de Morc\u00edn suma 25 aspirantes para dos puestos de pe\u00f3n\",\"datePublished\":\"2021-03-09T17:11:33+00:00\",\"mainEntityOfPage\":{\"@id\":\"https:\\\/\\\/www.cuencasmineras.com\\\/index.php\\\/2021\\\/03\\\/09\\\/el-plan-de-empleo-de-morcin-suma-25-aspirantes-para-dos-puestos-de-peon\\\/\"},\"wordCount\":228,\"commentCount\":0,\"image\":{\"@id\":\"https:\\\/\\\/www.cuencasmineras.com\\\/index.php\\\/2021\\\/03\\\/09\\\/el-plan-de-empleo-de-morcin-suma-25-aspirantes-para-dos-puestos-de-peon\\\/#primaryimage\"},\"thumbnailUrl\":\"https:\\\/\\\/www.cuencasmineras.com\\\/wp-content\\\/uploads\\\/2021\\\/03\\\/AYUNTAMIENTO-DE-MORCIN-2.jpg\",\"articleSection\":[\"Caudal\",\"CM NEWS\"],\"inLanguage\":\"es\",\"potentialAction\":[{\"@type\":\"CommentAction\",\"name\":\"Comment\",\"target\":[\"https:\\\/\\\/www.cuencasmineras.com\\\/index.php\\\/2021\\\/03\\\/09\\\/el-plan-de-empleo-de-morcin-suma-25-aspirantes-para-dos-puestos-de-peon\\\/#respond\"]}]},{\"@type\":\"WebPage\",\"@id\":\"https:\\\/\\\/www.cuencasmineras.com\\\/index.php\\\/2021\\\/03\\\/09\\\/el-plan-de-empleo-de-morcin-suma-25-aspirantes-para-dos-puestos-de-peon\\\/\",\"url\":\"https:\\\/\\\/www.cuencasmineras.com\\\/index.php\\\/2021\\\/03\\\/09\\\/el-plan-de-empleo-de-morcin-suma-25-aspirantes-para-dos-puestos-de-peon\\\/\",\"name\":\"El plan de empleo de Morc\u00edn suma 25 aspirantes para dos puestos de pe\u00f3n -\",\"isPartOf\":{\"@id\":\"https:\\\/\\\/www.cuencasmineras.com\\\/#website\"},\"primaryImageOfPage\":{\"@id\":\"https:\\\/\\\/www.cuencasmineras.com\\\/index.php\\\/2021\\\/03\\\/09\\\/el-plan-de-empleo-de-morcin-suma-25-aspirantes-para-dos-puestos-de-peon\\\/#primaryimage\"},\"image\":{\"@id\":\"https:\\\/\\\/www.cuencasmineras.com\\\/index.php\\\/2021\\\/03\\\/09\\\/el-plan-de-empleo-de-morcin-suma-25-aspirantes-para-dos-puestos-de-peon\\\/#primaryimage\"},\"thumbnailUrl\":\"https:\\\/\\\/www.cuencasmineras.com\\\/wp-content\\\/uploads\\\/2021\\\/03\\\/AYUNTAMIENTO-DE-MORCIN-2.jpg\",\"datePublished\":\"2021-03-09T17:11:33+00:00\",\"author\":{\"@id\":\"https:\\\/\\\/www.cuencasmineras.com\\\/#\\\/schema\\\/person\\\/be0691310e8496ec555f679dd688420c\"},\"description\":\"El Ayuntamiento de Morc\u00edn, a trav\u00e9s de su p\u00e1gina web oficial y el tabl\u00f3n de anuncios del Consistorio, ha publicado ya la lista de admitidos y excluidos para el Plan de Empleo de este a\u00f1o\",\"breadcrumb\":{\"@id\":\"https:\\\/\\\/www.cuencasmineras.com\\\/index.php\\\/2021\\\/03\\\/09\\\/el-plan-de-empleo-de-morcin-suma-25-aspirantes-para-dos-puestos-de-peon\\\/#breadcrumb\"},\"inLanguage\":\"es\",\"potentialAction\":[{\"@type\":\"ReadAction\",\"target\":[\"https:\\\/\\\/www.cuencasmineras.com\\\/index.php\\\/2021\\\/03\\\/09\\\/el-plan-de-empleo-de-morcin-suma-25-aspirantes-para-dos-puestos-de-peon\\\/\"]}]},{\"@type\":\"ImageObject\",\"inLanguage\":\"es\",\"@id\":\"https:\\\/\\\/www.cuencasmineras.com\\\/index.php\\\/2021\\\/03\\\/09\\\/el-plan-de-empleo-de-morcin-suma-25-aspirantes-para-dos-puestos-de-peon\\\/#primaryimage\",\"url\":\"https:\\\/\\\/www.cuencasmineras.com\\\/wp-content\\\/uploads\\\/2021\\\/03\\\/AYUNTAMIENTO-DE-MORCIN-2.jpg\",\"contentUrl\":\"https:\\\/\\\/www.cuencasmineras.com\\\/wp-content\\\/uploads\\\/2021\\\/03\\\/AYUNTAMIENTO-DE-MORCIN-2.jpg\",\"width\":800,\"height\":600},{\"@type\":\"BreadcrumbList\",\"@id\":\"https:\\\/\\\/www.cuencasmineras.com\\\/index.php\\\/2021\\\/03\\\/09\\\/el-plan-de-empleo-de-morcin-suma-25-aspirantes-para-dos-puestos-de-peon\\\/#breadcrumb\",\"itemListElement\":[{\"@type\":\"ListItem\",\"position\":1,\"name\":\"Portada\",\"item\":\"https:\\\/\\\/www.cuencasmineras.com\\\/\"},{\"@type\":\"ListItem\",\"position\":2,\"name\":\"El plan de empleo de Morc\u00edn suma 25 aspirantes para dos puestos de pe\u00f3n\"}]},{\"@type\":\"WebSite\",\"@id\":\"https:\\\/\\\/www.cuencasmineras.com\\\/#website\",\"url\":\"https:\\\/\\\/www.cuencasmineras.com\\\/\",\"name\":\"\",\"description\":\"\",\"potentialAction\":[{\"@type\":\"SearchAction\",\"target\":{\"@type\":\"EntryPoint\",\"urlTemplate\":\"https:\\\/\\\/www.cuencasmineras.com\\\/?s={search_term_string}\"},\"query-input\":{\"@type\":\"PropertyValueSpecification\",\"valueRequired\":true,\"valueName\":\"search_term_string\"}}],\"inLanguage\":\"es\"},{\"@type\":\"Person\",\"@id\":\"https:\\\/\\\/www.cuencasmineras.com\\\/#\\\/schema\\\/person\\\/be0691310e8496ec555f679dd688420c\",\"name\":\"admin\",\"image\":{\"@type\":\"ImageObject\",\"inLanguage\":\"es\",\"@id\":\"https:\\\/\\\/secure.gravatar.com\\\/avatar\\\/4afd2eed3b2fbbf36dd6707b5bd8a5b50ac648f033e36fbf85aeace2f0f859db?s=96&d=mm&r=g\",\"url\":\"https:\\\/\\\/secure.gravatar.com\\\/avatar\\\/4afd2eed3b2fbbf36dd6707b5bd8a5b50ac648f033e36fbf85aeace2f0f859db?s=96&d=mm&r=g\",\"contentUrl\":\"https:\\\/\\\/secure.gravatar.com\\\/avatar\\\/4afd2eed3b2fbbf36dd6707b5bd8a5b50ac648f033e36fbf85aeace2f0f859db?s=96&d=mm&r=g\",\"caption\":\"admin\"},\"sameAs\":[\"https:\\\/\\\/www.cuencasmineras.com\"],\"url\":\"https:\\\/\\\/www.cuencasmineras.com\\\/index.php\\\/author\\\/admin\\\/\"}]}<\/script>\n<!-- \/ Yoast SEO plugin. -->","yoast_head_json":{"title":"El plan de empleo de Morc\u00edn suma 25 aspirantes para dos puestos de pe\u00f3n -","description":"El Ayuntamiento de Morc\u00edn, a trav\u00e9s de su p\u00e1gina web oficial y el tabl\u00f3n de anuncios del Consistorio, ha publicado ya la lista de admitidos y excluidos para el Plan de Empleo de este a\u00f1o","robots":{"index":"index","follow":"follow","max-snippet":"max-snippet:-1","max-image-preview":"max-image-preview:large","max-video-preview":"max-video-preview:-1"},"canonical":"https:\/\/www.cuencasmineras.com\/index.php\/2021\/03\/09\/el-plan-de-empleo-de-morcin-suma-25-aspirantes-para-dos-puestos-de-peon\/","og_locale":"es_ES","og_type":"article","og_title":"El plan de empleo de Morc\u00edn suma 25 aspirantes para dos puestos de pe\u00f3n -","og_description":"El Ayuntamiento de Morc\u00edn, a trav\u00e9s de su p\u00e1gina web oficial y el tabl\u00f3n de anuncios del Consistorio, ha publicado ya la lista de admitidos y excluidos para el Plan de Empleo de este a\u00f1o","og_url":"https:\/\/www.cuencasmineras.com\/index.php\/2021\/03\/09\/el-plan-de-empleo-de-morcin-suma-25-aspirantes-para-dos-puestos-de-peon\/","article_published_time":"2021-03-09T17:11:33+00:00","og_image":[{"width":800,"height":600,"url":"https:\/\/www.cuencasmineras.com\/wp-content\/uploads\/2021\/03\/AYUNTAMIENTO-DE-MORCIN-2.jpg","type":"image\/jpeg"}],"author":"admin","twitter_card":"summary_large_image","twitter_misc":{"Escrito por":"admin","Tiempo de lectura":"2 minutos"},"schema":{"@context":"https:\/\/schema.org","@graph":[{"@type":"Article","@id":"https:\/\/www.cuencasmineras.com\/index.php\/2021\/03\/09\/el-plan-de-empleo-de-morcin-suma-25-aspirantes-para-dos-puestos-de-peon\/#article","isPartOf":{"@id":"https:\/\/www.cuencasmineras.com\/index.php\/2021\/03\/09\/el-plan-de-empleo-de-morcin-suma-25-aspirantes-para-dos-puestos-de-peon\/"},"author":{"name":"admin","@id":"https:\/\/www.cuencasmineras.com\/#\/schema\/person\/be0691310e8496ec555f679dd688420c"},"headline":"El plan de empleo de Morc\u00edn suma 25 aspirantes para dos puestos de pe\u00f3n","datePublished":"2021-03-09T17:11:33+00:00","mainEntityOfPage":{"@id":"https:\/\/www.cuencasmineras.com\/index.php\/2021\/03\/09\/el-plan-de-empleo-de-morcin-suma-25-aspirantes-para-dos-puestos-de-peon\/"},"wordCount":228,"commentCount":0,"image":{"@id":"https:\/\/www.cuencasmineras.com\/index.php\/2021\/03\/09\/el-plan-de-empleo-de-morcin-suma-25-aspirantes-para-dos-puestos-de-peon\/#primaryimage"},"thumbnailUrl":"https:\/\/www.cuencasmineras.com\/wp-content\/uploads\/2021\/03\/AYUNTAMIENTO-DE-MORCIN-2.jpg","articleSection":["Caudal","CM NEWS"],"inLanguage":"es","potentialAction":[{"@type":"CommentAction","name":"Comment","target":["https:\/\/www.cuencasmineras.com\/index.php\/2021\/03\/09\/el-plan-de-empleo-de-morcin-suma-25-aspirantes-para-dos-puestos-de-peon\/#respond"]}]},{"@type":"WebPage","@id":"https:\/\/www.cuencasmineras.com\/index.php\/2021\/03\/09\/el-plan-de-empleo-de-morcin-suma-25-aspirantes-para-dos-puestos-de-peon\/","url":"https:\/\/www.cuencasmineras.com\/index.php\/2021\/03\/09\/el-plan-de-empleo-de-morcin-suma-25-aspirantes-para-dos-puestos-de-peon\/","name":"El plan de empleo de Morc\u00edn suma 25 aspirantes para dos puestos de pe\u00f3n -","isPartOf":{"@id":"https:\/\/www.cuencasmineras.com\/#website"},"primaryImageOfPage":{"@id":"https:\/\/www.cuencasmineras.com\/index.php\/2021\/03\/09\/el-plan-de-empleo-de-morcin-suma-25-aspirantes-para-dos-puestos-de-peon\/#primaryimage"},"image":{"@id":"https:\/\/www.cuencasmineras.com\/index.php\/2021\/03\/09\/el-plan-de-empleo-de-morcin-suma-25-aspirantes-para-dos-puestos-de-peon\/#primaryimage"},"thumbnailUrl":"https:\/\/www.cuencasmineras.com\/wp-content\/uploads\/2021\/03\/AYUNTAMIENTO-DE-MORCIN-2.jpg","datePublished":"2021-03-09T17:11:33+00:00","author":{"@id":"https:\/\/www.cuencasmineras.com\/#\/schema\/person\/be0691310e8496ec555f679dd688420c"},"description":"El Ayuntamiento de Morc\u00edn, a trav\u00e9s de su p\u00e1gina web oficial y el tabl\u00f3n de anuncios del Consistorio, ha publicado ya la lista de admitidos y excluidos para el Plan de Empleo de este a\u00f1o","breadcrumb":{"@id":"https:\/\/www.cuencasmineras.com\/index.php\/2021\/03\/09\/el-plan-de-empleo-de-morcin-suma-25-aspirantes-para-dos-puestos-de-peon\/#breadcrumb"},"inLanguage":"es","potentialAction":[{"@type":"ReadAction","target":["https:\/\/www.cuencasmineras.com\/index.php\/2021\/03\/09\/el-plan-de-empleo-de-morcin-suma-25-aspirantes-para-dos-puestos-de-peon\/"]}]},{"@type":"ImageObject","inLanguage":"es","@id":"https:\/\/www.cuencasmineras.com\/index.php\/2021\/03\/09\/el-plan-de-empleo-de-morcin-suma-25-aspirantes-para-dos-puestos-de-peon\/#primaryimage","url":"https:\/\/www.cuencasmineras.com\/wp-content\/uploads\/2021\/03\/AYUNTAMIENTO-DE-MORCIN-2.jpg","contentUrl":"https:\/\/www.cuencasmineras.com\/wp-content\/uploads\/2021\/03\/AYUNTAMIENTO-DE-MORCIN-2.jpg","width":800,"height":600},{"@type":"BreadcrumbList","@id":"https:\/\/www.cuencasmineras.com\/index.php\/2021\/03\/09\/el-plan-de-empleo-de-morcin-suma-25-aspirantes-para-dos-puestos-de-peon\/#breadcrumb","itemListElement":[{"@type":"ListItem","position":1,"name":"Portada","item":"https:\/\/www.cuencasmineras.com\/"},{"@type":"ListItem","position":2,"name":"El plan de empleo de Morc\u00edn suma 25 aspirantes para dos puestos de pe\u00f3n"}]},{"@type":"WebSite","@id":"https:\/\/www.cuencasmineras.com\/#website","url":"https:\/\/www.cuencasmineras.com\/","name":"","description":"","potentialAction":[{"@type":"SearchAction","target":{"@type":"EntryPoint","urlTemplate":"https:\/\/www.cuencasmineras.com\/?s={search_term_string}"},"query-input":{"@type":"PropertyValueSpecification","valueRequired":true,"valueName":"search_term_string"}}],"inLanguage":"es"},{"@type":"Person","@id":"https:\/\/www.cuencasmineras.com\/#\/schema\/person\/be0691310e8496ec555f679dd688420c","name":"admin","image":{"@type":"ImageObject","inLanguage":"es","@id":"https:\/\/secure.gravatar.com\/avatar\/4afd2eed3b2fbbf36dd6707b5bd8a5b50ac648f033e36fbf85aeace2f0f859db?s=96&d=mm&r=g","url":"https:\/\/secure.gravatar.com\/avatar\/4afd2eed3b2fbbf36dd6707b5bd8a5b50ac648f033e36fbf85aeace2f0f859db?s=96&d=mm&r=g","contentUrl":"https:\/\/secure.gravatar.com\/avatar\/4afd2eed3b2fbbf36dd6707b5bd8a5b50ac648f033e36fbf85aeace2f0f859db?s=96&d=mm&r=g","caption":"admin"},"sameAs":["https:\/\/www.cuencasmineras.com"],"url":"https:\/\/www.cuencasmineras.com\/index.php\/author\/admin\/"}]}},"_links":{"self":[{"href":"https:\/\/www.cuencasmineras.com\/index.php\/wp-json\/wp\/v2\/posts\/1990","targetHints":{"allow":["GET"]}}],"collection":[{"href":"https:\/\/www.cuencasmineras.com\/index.php\/wp-json\/wp\/v2\/posts"}],"about":[{"href":"https:\/\/www.cuencasmineras.com\/index.php\/wp-json\/wp\/v2\/types\/post"}],"author":[{"embeddable":true,"href":"https:\/\/www.cuencasmineras.com\/index.php\/wp-json\/wp\/v2\/users\/1"}],"replies":[{"embeddable":true,"href":"https:\/\/www.cuencasmineras.com\/index.php\/wp-json\/wp\/v2\/comments?post=1990"}],"version-history":[{"count":1,"href":"https:\/\/www.cuencasmineras.com\/index.php\/wp-json\/wp\/v2\/posts\/1990\/revisions"}],"predecessor-version":[{"id":1992,"href":"https:\/\/www.cuencasmineras.com\/index.php\/wp-json\/wp\/v2\/posts\/1990\/revisions\/1992"}],"wp:featuredmedia":[{"embeddable":true,"href":"https:\/\/www.cuencasmineras.com\/index.php\/wp-json\/wp\/v2\/media\/1991"}],"wp:attachment":[{"href":"https:\/\/www.cuencasmineras.com\/index.php\/wp-json\/wp\/v2\/media?parent=1990"}],"wp:term":[{"taxonomy":"category","embeddable":true,"href":"https:\/\/www.cuencasmineras.com\/index.php\/wp-json\/wp\/v2\/categories?post=1990"},{"taxonomy":"post_tag","embeddable":true,"href":"https:\/\/www.cuencasmineras.com\/index.php\/wp-json\/wp\/v2\/tags?post=1990"}],"curies":[{"name":"wp","href":"https:\/\/api.w.org\/{rel}","templated":true}]}}