{"id":2020,"date":"2021-03-11T14:21:06","date_gmt":"2021-03-11T14:21:06","guid":{"rendered":"https:\/\/www.cuencasmineras.com\/?p=2020"},"modified":"2021-03-11T14:21:06","modified_gmt":"2021-03-11T14:21:06","slug":"los-ecologistas-alertan-del-vertido-de-escombros-en-rutas-del-paisaje-protegido-de-las-cuencas","status":"publish","type":"post","link":"https:\/\/www.cuencasmineras.com\/index.php\/2021\/03\/11\/los-ecologistas-alertan-del-vertido-de-escombros-en-rutas-del-paisaje-protegido-de-las-cuencas\/","title":{"rendered":"Los ecologistas alertan del vertido de escombros en rutas del Paisaje protegido de las Cuencas"},"content":{"rendered":"<p style=\"text-align: justify;\">La aparici\u00f3n de gran cantidad de residuos de obra en varios tramos de senda de la zona alta de Tur\u00f3n, dentro del Paisaje Protegido de las Cuencas, est\u00e1 generando quejas desde el \u00e1mbito ecologista. Usuarios de estas v\u00edas han comunicado al Ayuntamiento de Mieres la existencia de toneladas de escombros en rutas de monta\u00f1a se\u00f1alizadas. La Coordinadora Ecoloxista d\u2019Asturies pide que se investigue el origen de estos \u201cvertederos\u201d. El colectivo afirma que la eliminaci\u00f3n de estos \u201cespacios contaminantes\u201d pasa necesariamente por la identificaci\u00f3n y sanci\u00f3n de los responsables.<\/p>\n<p><img loading=\"lazy\" decoding=\"async\" class=\"aligncenter size-large wp-image-2021\" src=\"https:\/\/www.cuencasmineras.com\/wp-content\/uploads\/2021\/03\/e7756a33-ceab-4977-a7c7-c5bdced9529d_21-9-aspect-ratio_default_0-1024x438.jpg\" alt=\"\" width=\"640\" height=\"274\" srcset=\"https:\/\/www.cuencasmineras.com\/wp-content\/uploads\/2021\/03\/e7756a33-ceab-4977-a7c7-c5bdced9529d_21-9-aspect-ratio_default_0-1024x438.jpg 1024w, https:\/\/www.cuencasmineras.com\/wp-content\/uploads\/2021\/03\/e7756a33-ceab-4977-a7c7-c5bdced9529d_21-9-aspect-ratio_default_0-300x128.jpg 300w, https:\/\/www.cuencasmineras.com\/wp-content\/uploads\/2021\/03\/e7756a33-ceab-4977-a7c7-c5bdced9529d_21-9-aspect-ratio_default_0-768x329.jpg 768w, https:\/\/www.cuencasmineras.com\/wp-content\/uploads\/2021\/03\/e7756a33-ceab-4977-a7c7-c5bdced9529d_21-9-aspect-ratio_default_0.jpg 1280w\" sizes=\"auto, (max-width: 640px) 100vw, 640px\" \/><\/p>\n<p style=\"text-align: justify;\">Los citados escombros se encuentran localizados en varias sendas de monta\u00f1a del entorno de Urbi\u00e9s y La G\u00fceria, en pleno coraz\u00f3n del Paisaje Protegido de las Cuencas. \u201cHay gente que tira los escombros de obra en los caminos. De esta forma logra facilitar el paso tapando zonas de barro y, al tiempo, se ahorra tener que llevar el material al punto limpio\u201d. Los propios vecinos explican as\u00ed la extendida pr\u00e1ctica, totalmente ilegal y castigada con fuertes multas. En las inmediaciones de Urbi\u00e9s hay tramos de senda de hasta cien metros de longitud \u201crellenados\u201d con cascotes, ladrillo, azulejos y cemento, entre otros materiales de construcci\u00f3n. Esta irregularidad ambiental ha sido denunciada ante el Ayuntamiento.<\/p>\n<p style=\"text-align: justify;\">Los ecologistas son perfectos conocedores de estas pr\u00e1cticas, que afirman est\u00e1n \u201cbastante extendidas\u201d. Fructuoso Pontigo, de la Coordinadora Ecoloxista d\u2019Asturies, advierte del peligro de esta tipo de actuaciones: \u201cAl final son vertederos y, como tales, pueden generar graves problemas de contaminaci\u00f3n para el subsuelo y los acu\u00edferos. Hay que tener en cuenta que, en algunos casos, se puede encontrar hasta uralita entre los materiales\u201d, explica.<\/p>\n<p style=\"text-align: justify;\">Los conservacionistas lamentan la inacci\u00f3n de las administraciones: \u201cHay ayuntamientos peque\u00f1os que no tienen recursos para controlar esta pr\u00e1ctica en espacios naturales, pero, en general, no se presta mucha atenci\u00f3n a este problema\u201d, subraya Pontigo. Y a\u00f1ade: \u201cLa tramitaci\u00f3n de las quejas es normalmente muy lenta y en muchas ocasiones las denuncias no encuentran ni tan si quiera una respuesta\u201d.<\/p>\n<p style=\"text-align: justify;\">El movimiento ecologista pide a los senderistas que no dejen de denunciar la presencia de todo tipo de vertederos en el medio natural. \u201cEs muy importante dejar constancia por escrito\u201d, se\u00f1alan. \u201cHoy en d\u00eda resulta sencillo geolocalizar el lugar e informar por registro a los ayuntamientos\u201d.<\/p>\n<p style=\"text-align: justify;\">La incorrecta gesti\u00f3n de residuos, adem\u00e1s del posible grave da\u00f1o sobre el medio ambiente, conlleva un incumplimiento de Ley 22\/2011 sobre Residuos y Suelos Contaminados. As\u00ed, se considera infracci\u00f3n grave \u201cel abandono, vertido o eliminaci\u00f3n incontrolado de cualquier tipo de residuos no peligrosos sin que se haya puesto en peligro grave la salud de las personas o se haya producido un da\u00f1o o deterioro grave para el medio ambiente\u201d. Las multas van desde los 901 euros hasta los 45.000 euros, salvo si se trata de residuos peligrosos, en cuyo caso la multa ser\u00e1 desde 9.001 hasta 300.000 euros.<\/p>\n<p style=\"text-align: justify;\">Los monta\u00f1eros critican que se hagan vertidos \u201csin autorizaci\u00f3n\u201d, aunque subrayan que estas pr\u00e1cticas se realizan en ocasiones sin m\u00e1s intenci\u00f3n que la de preservar el propio camino. \u201cLa desaparici\u00f3n de los caminos antiguos, incluso los reales, es una realidad palpable. Estamos ante un problema de calado\u201d, explica el veterano monta\u00f1ero turon\u00e9s \u00c1ngel Fern\u00e1ndez. Sin defender que se tiren escombros, puntualiza que los vecinos se ven en muchas ocasiones obligados a asumir el mantenimiento de caminos y sendas por la falta de actuaciones. La Federaci\u00f3n de Monta\u00f1a ha descatalogado gran parte de las sendas que ten\u00eda inventariadas en Mieres por falta de cuidado y mantenimiento. Entre los recorridos que la Fempa ya no reconoce se encuentran la Senda Verde de Tur\u00f3n, cuyo desarrollo cost\u00f3 dos millones de euros.<\/p>\n<p>&nbsp;<\/p>\n<p>lne<\/p>\n","protected":false},"excerpt":{"rendered":"<p>La aparici\u00f3n de gran cantidad de residuos de obra en varios tramos de senda de la zona alta de Tur\u00f3n, dentro del Paisaje Protegido de las Cuencas, est\u00e1 generando quejas desde el \u00e1mbito ecologista. Usuarios de estas v\u00edas han comunicado al Ayuntamiento de Mieres la existencia de toneladas de escombros en rutas de monta\u00f1a se\u00f1alizadas. [&hellip;]<\/p>\n","protected":false},"author":1,"featured_media":2021,"comment_status":"open","ping_status":"open","sticky":false,"template":"","format":"standard","meta":{"footnotes":""},"categories":[7,6],"tags":[],"class_list":["post-2020","post","type-post","status-publish","format-standard","has-post-thumbnail","hentry","category-caudal","category-noticias"],"yoast_head":"<!-- This site is optimized with the Yoast SEO plugin v27.4 - https:\/\/yoast.com\/product\/yoast-seo-wordpress\/ -->\n<title>Los ecologistas alertan del vertido de escombros en rutas del Paisaje protegido de las Cuencas -<\/title>\n<meta name=\"description\" content=\"Reclaman investigar la existencia de un gran volumen de residuos de obra en tramos de la red de sendas de la zona alta del valle de Tur\u00f3n\" \/>\n<meta name=\"robots\" content=\"index, follow, max-snippet:-1, max-image-preview:large, max-video-preview:-1\" \/>\n<link rel=\"canonical\" href=\"https:\/\/www.cuencasmineras.com\/index.php\/2021\/03\/11\/los-ecologistas-alertan-del-vertido-de-escombros-en-rutas-del-paisaje-protegido-de-las-cuencas\/\" \/>\n<meta property=\"og:locale\" content=\"es_ES\" \/>\n<meta property=\"og:type\" content=\"article\" \/>\n<meta property=\"og:title\" content=\"Los ecologistas alertan del vertido de escombros en rutas del Paisaje protegido de las Cuencas -\" \/>\n<meta property=\"og:description\" content=\"Reclaman investigar la existencia de un gran volumen de residuos de obra en tramos de la red de sendas de la zona alta del valle de Tur\u00f3n\" \/>\n<meta property=\"og:url\" content=\"https:\/\/www.cuencasmineras.com\/index.php\/2021\/03\/11\/los-ecologistas-alertan-del-vertido-de-escombros-en-rutas-del-paisaje-protegido-de-las-cuencas\/\" \/>\n<meta property=\"article:published_time\" content=\"2021-03-11T14:21:06+00:00\" \/>\n<meta property=\"og:image\" content=\"https:\/\/www.cuencasmineras.com\/wp-content\/uploads\/2021\/03\/e7756a33-ceab-4977-a7c7-c5bdced9529d_21-9-aspect-ratio_default_0.jpg\" \/>\n\t<meta property=\"og:image:width\" content=\"1280\" \/>\n\t<meta property=\"og:image:height\" content=\"548\" \/>\n\t<meta property=\"og:image:type\" content=\"image\/jpeg\" \/>\n<meta name=\"author\" content=\"admin\" \/>\n<meta name=\"twitter:card\" content=\"summary_large_image\" \/>\n<meta name=\"twitter:label1\" content=\"Escrito por\" \/>\n\t<meta name=\"twitter:data1\" content=\"admin\" \/>\n\t<meta name=\"twitter:label2\" content=\"Tiempo de lectura\" \/>\n\t<meta name=\"twitter:data2\" content=\"3 minutos\" \/>\n<script type=\"application\/ld+json\" class=\"yoast-schema-graph\">{\"@context\":\"https:\\\/\\\/schema.org\",\"@graph\":[{\"@type\":\"Article\",\"@id\":\"https:\\\/\\\/www.cuencasmineras.com\\\/index.php\\\/2021\\\/03\\\/11\\\/los-ecologistas-alertan-del-vertido-de-escombros-en-rutas-del-paisaje-protegido-de-las-cuencas\\\/#article\",\"isPartOf\":{\"@id\":\"https:\\\/\\\/www.cuencasmineras.com\\\/index.php\\\/2021\\\/03\\\/11\\\/los-ecologistas-alertan-del-vertido-de-escombros-en-rutas-del-paisaje-protegido-de-las-cuencas\\\/\"},\"author\":{\"name\":\"admin\",\"@id\":\"https:\\\/\\\/www.cuencasmineras.com\\\/#\\\/schema\\\/person\\\/be0691310e8496ec555f679dd688420c\"},\"headline\":\"Los ecologistas alertan del vertido de escombros en rutas del Paisaje protegido de las Cuencas\",\"datePublished\":\"2021-03-11T14:21:06+00:00\",\"mainEntityOfPage\":{\"@id\":\"https:\\\/\\\/www.cuencasmineras.com\\\/index.php\\\/2021\\\/03\\\/11\\\/los-ecologistas-alertan-del-vertido-de-escombros-en-rutas-del-paisaje-protegido-de-las-cuencas\\\/\"},\"wordCount\":658,\"commentCount\":0,\"image\":{\"@id\":\"https:\\\/\\\/www.cuencasmineras.com\\\/index.php\\\/2021\\\/03\\\/11\\\/los-ecologistas-alertan-del-vertido-de-escombros-en-rutas-del-paisaje-protegido-de-las-cuencas\\\/#primaryimage\"},\"thumbnailUrl\":\"https:\\\/\\\/www.cuencasmineras.com\\\/wp-content\\\/uploads\\\/2021\\\/03\\\/e7756a33-ceab-4977-a7c7-c5bdced9529d_21-9-aspect-ratio_default_0.jpg\",\"articleSection\":[\"Caudal\",\"CM NEWS\"],\"inLanguage\":\"es\",\"potentialAction\":[{\"@type\":\"CommentAction\",\"name\":\"Comment\",\"target\":[\"https:\\\/\\\/www.cuencasmineras.com\\\/index.php\\\/2021\\\/03\\\/11\\\/los-ecologistas-alertan-del-vertido-de-escombros-en-rutas-del-paisaje-protegido-de-las-cuencas\\\/#respond\"]}]},{\"@type\":\"WebPage\",\"@id\":\"https:\\\/\\\/www.cuencasmineras.com\\\/index.php\\\/2021\\\/03\\\/11\\\/los-ecologistas-alertan-del-vertido-de-escombros-en-rutas-del-paisaje-protegido-de-las-cuencas\\\/\",\"url\":\"https:\\\/\\\/www.cuencasmineras.com\\\/index.php\\\/2021\\\/03\\\/11\\\/los-ecologistas-alertan-del-vertido-de-escombros-en-rutas-del-paisaje-protegido-de-las-cuencas\\\/\",\"name\":\"Los ecologistas alertan del vertido de escombros en rutas del Paisaje protegido de las Cuencas -\",\"isPartOf\":{\"@id\":\"https:\\\/\\\/www.cuencasmineras.com\\\/#website\"},\"primaryImageOfPage\":{\"@id\":\"https:\\\/\\\/www.cuencasmineras.com\\\/index.php\\\/2021\\\/03\\\/11\\\/los-ecologistas-alertan-del-vertido-de-escombros-en-rutas-del-paisaje-protegido-de-las-cuencas\\\/#primaryimage\"},\"image\":{\"@id\":\"https:\\\/\\\/www.cuencasmineras.com\\\/index.php\\\/2021\\\/03\\\/11\\\/los-ecologistas-alertan-del-vertido-de-escombros-en-rutas-del-paisaje-protegido-de-las-cuencas\\\/#primaryimage\"},\"thumbnailUrl\":\"https:\\\/\\\/www.cuencasmineras.com\\\/wp-content\\\/uploads\\\/2021\\\/03\\\/e7756a33-ceab-4977-a7c7-c5bdced9529d_21-9-aspect-ratio_default_0.jpg\",\"datePublished\":\"2021-03-11T14:21:06+00:00\",\"author\":{\"@id\":\"https:\\\/\\\/www.cuencasmineras.com\\\/#\\\/schema\\\/person\\\/be0691310e8496ec555f679dd688420c\"},\"description\":\"Reclaman investigar la existencia de un gran volumen de residuos de obra en tramos de la red de sendas de la zona alta del valle de Tur\u00f3n\",\"breadcrumb\":{\"@id\":\"https:\\\/\\\/www.cuencasmineras.com\\\/index.php\\\/2021\\\/03\\\/11\\\/los-ecologistas-alertan-del-vertido-de-escombros-en-rutas-del-paisaje-protegido-de-las-cuencas\\\/#breadcrumb\"},\"inLanguage\":\"es\",\"potentialAction\":[{\"@type\":\"ReadAction\",\"target\":[\"https:\\\/\\\/www.cuencasmineras.com\\\/index.php\\\/2021\\\/03\\\/11\\\/los-ecologistas-alertan-del-vertido-de-escombros-en-rutas-del-paisaje-protegido-de-las-cuencas\\\/\"]}]},{\"@type\":\"ImageObject\",\"inLanguage\":\"es\",\"@id\":\"https:\\\/\\\/www.cuencasmineras.com\\\/index.php\\\/2021\\\/03\\\/11\\\/los-ecologistas-alertan-del-vertido-de-escombros-en-rutas-del-paisaje-protegido-de-las-cuencas\\\/#primaryimage\",\"url\":\"https:\\\/\\\/www.cuencasmineras.com\\\/wp-content\\\/uploads\\\/2021\\\/03\\\/e7756a33-ceab-4977-a7c7-c5bdced9529d_21-9-aspect-ratio_default_0.jpg\",\"contentUrl\":\"https:\\\/\\\/www.cuencasmineras.com\\\/wp-content\\\/uploads\\\/2021\\\/03\\\/e7756a33-ceab-4977-a7c7-c5bdced9529d_21-9-aspect-ratio_default_0.jpg\",\"width\":1280,\"height\":548},{\"@type\":\"BreadcrumbList\",\"@id\":\"https:\\\/\\\/www.cuencasmineras.com\\\/index.php\\\/2021\\\/03\\\/11\\\/los-ecologistas-alertan-del-vertido-de-escombros-en-rutas-del-paisaje-protegido-de-las-cuencas\\\/#breadcrumb\",\"itemListElement\":[{\"@type\":\"ListItem\",\"position\":1,\"name\":\"Portada\",\"item\":\"https:\\\/\\\/www.cuencasmineras.com\\\/\"},{\"@type\":\"ListItem\",\"position\":2,\"name\":\"Los ecologistas alertan del vertido de escombros en rutas del Paisaje protegido de las Cuencas\"}]},{\"@type\":\"WebSite\",\"@id\":\"https:\\\/\\\/www.cuencasmineras.com\\\/#website\",\"url\":\"https:\\\/\\\/www.cuencasmineras.com\\\/\",\"name\":\"\",\"description\":\"\",\"potentialAction\":[{\"@type\":\"SearchAction\",\"target\":{\"@type\":\"EntryPoint\",\"urlTemplate\":\"https:\\\/\\\/www.cuencasmineras.com\\\/?s={search_term_string}\"},\"query-input\":{\"@type\":\"PropertyValueSpecification\",\"valueRequired\":true,\"valueName\":\"search_term_string\"}}],\"inLanguage\":\"es\"},{\"@type\":\"Person\",\"@id\":\"https:\\\/\\\/www.cuencasmineras.com\\\/#\\\/schema\\\/person\\\/be0691310e8496ec555f679dd688420c\",\"name\":\"admin\",\"image\":{\"@type\":\"ImageObject\",\"inLanguage\":\"es\",\"@id\":\"https:\\\/\\\/secure.gravatar.com\\\/avatar\\\/4afd2eed3b2fbbf36dd6707b5bd8a5b50ac648f033e36fbf85aeace2f0f859db?s=96&d=mm&r=g\",\"url\":\"https:\\\/\\\/secure.gravatar.com\\\/avatar\\\/4afd2eed3b2fbbf36dd6707b5bd8a5b50ac648f033e36fbf85aeace2f0f859db?s=96&d=mm&r=g\",\"contentUrl\":\"https:\\\/\\\/secure.gravatar.com\\\/avatar\\\/4afd2eed3b2fbbf36dd6707b5bd8a5b50ac648f033e36fbf85aeace2f0f859db?s=96&d=mm&r=g\",\"caption\":\"admin\"},\"sameAs\":[\"https:\\\/\\\/www.cuencasmineras.com\"],\"url\":\"https:\\\/\\\/www.cuencasmineras.com\\\/index.php\\\/author\\\/admin\\\/\"}]}<\/script>\n<!-- \/ Yoast SEO plugin. -->","yoast_head_json":{"title":"Los ecologistas alertan del vertido de escombros en rutas del Paisaje protegido de las Cuencas -","description":"Reclaman investigar la existencia de un gran volumen de residuos de obra en tramos de la red de sendas de la zona alta del valle de Tur\u00f3n","robots":{"index":"index","follow":"follow","max-snippet":"max-snippet:-1","max-image-preview":"max-image-preview:large","max-video-preview":"max-video-preview:-1"},"canonical":"https:\/\/www.cuencasmineras.com\/index.php\/2021\/03\/11\/los-ecologistas-alertan-del-vertido-de-escombros-en-rutas-del-paisaje-protegido-de-las-cuencas\/","og_locale":"es_ES","og_type":"article","og_title":"Los ecologistas alertan del vertido de escombros en rutas del Paisaje protegido de las Cuencas -","og_description":"Reclaman investigar la existencia de un gran volumen de residuos de obra en tramos de la red de sendas de la zona alta del valle de Tur\u00f3n","og_url":"https:\/\/www.cuencasmineras.com\/index.php\/2021\/03\/11\/los-ecologistas-alertan-del-vertido-de-escombros-en-rutas-del-paisaje-protegido-de-las-cuencas\/","article_published_time":"2021-03-11T14:21:06+00:00","og_image":[{"width":1280,"height":548,"url":"https:\/\/www.cuencasmineras.com\/wp-content\/uploads\/2021\/03\/e7756a33-ceab-4977-a7c7-c5bdced9529d_21-9-aspect-ratio_default_0.jpg","type":"image\/jpeg"}],"author":"admin","twitter_card":"summary_large_image","twitter_misc":{"Escrito por":"admin","Tiempo de lectura":"3 minutos"},"schema":{"@context":"https:\/\/schema.org","@graph":[{"@type":"Article","@id":"https:\/\/www.cuencasmineras.com\/index.php\/2021\/03\/11\/los-ecologistas-alertan-del-vertido-de-escombros-en-rutas-del-paisaje-protegido-de-las-cuencas\/#article","isPartOf":{"@id":"https:\/\/www.cuencasmineras.com\/index.php\/2021\/03\/11\/los-ecologistas-alertan-del-vertido-de-escombros-en-rutas-del-paisaje-protegido-de-las-cuencas\/"},"author":{"name":"admin","@id":"https:\/\/www.cuencasmineras.com\/#\/schema\/person\/be0691310e8496ec555f679dd688420c"},"headline":"Los ecologistas alertan del vertido de escombros en rutas del Paisaje protegido de las Cuencas","datePublished":"2021-03-11T14:21:06+00:00","mainEntityOfPage":{"@id":"https:\/\/www.cuencasmineras.com\/index.php\/2021\/03\/11\/los-ecologistas-alertan-del-vertido-de-escombros-en-rutas-del-paisaje-protegido-de-las-cuencas\/"},"wordCount":658,"commentCount":0,"image":{"@id":"https:\/\/www.cuencasmineras.com\/index.php\/2021\/03\/11\/los-ecologistas-alertan-del-vertido-de-escombros-en-rutas-del-paisaje-protegido-de-las-cuencas\/#primaryimage"},"thumbnailUrl":"https:\/\/www.cuencasmineras.com\/wp-content\/uploads\/2021\/03\/e7756a33-ceab-4977-a7c7-c5bdced9529d_21-9-aspect-ratio_default_0.jpg","articleSection":["Caudal","CM NEWS"],"inLanguage":"es","potentialAction":[{"@type":"CommentAction","name":"Comment","target":["https:\/\/www.cuencasmineras.com\/index.php\/2021\/03\/11\/los-ecologistas-alertan-del-vertido-de-escombros-en-rutas-del-paisaje-protegido-de-las-cuencas\/#respond"]}]},{"@type":"WebPage","@id":"https:\/\/www.cuencasmineras.com\/index.php\/2021\/03\/11\/los-ecologistas-alertan-del-vertido-de-escombros-en-rutas-del-paisaje-protegido-de-las-cuencas\/","url":"https:\/\/www.cuencasmineras.com\/index.php\/2021\/03\/11\/los-ecologistas-alertan-del-vertido-de-escombros-en-rutas-del-paisaje-protegido-de-las-cuencas\/","name":"Los ecologistas alertan del vertido de escombros en rutas del Paisaje protegido de las Cuencas -","isPartOf":{"@id":"https:\/\/www.cuencasmineras.com\/#website"},"primaryImageOfPage":{"@id":"https:\/\/www.cuencasmineras.com\/index.php\/2021\/03\/11\/los-ecologistas-alertan-del-vertido-de-escombros-en-rutas-del-paisaje-protegido-de-las-cuencas\/#primaryimage"},"image":{"@id":"https:\/\/www.cuencasmineras.com\/index.php\/2021\/03\/11\/los-ecologistas-alertan-del-vertido-de-escombros-en-rutas-del-paisaje-protegido-de-las-cuencas\/#primaryimage"},"thumbnailUrl":"https:\/\/www.cuencasmineras.com\/wp-content\/uploads\/2021\/03\/e7756a33-ceab-4977-a7c7-c5bdced9529d_21-9-aspect-ratio_default_0.jpg","datePublished":"2021-03-11T14:21:06+00:00","author":{"@id":"https:\/\/www.cuencasmineras.com\/#\/schema\/person\/be0691310e8496ec555f679dd688420c"},"description":"Reclaman investigar la existencia de un gran volumen de residuos de obra en tramos de la red de sendas de la zona alta del valle de Tur\u00f3n","breadcrumb":{"@id":"https:\/\/www.cuencasmineras.com\/index.php\/2021\/03\/11\/los-ecologistas-alertan-del-vertido-de-escombros-en-rutas-del-paisaje-protegido-de-las-cuencas\/#breadcrumb"},"inLanguage":"es","potentialAction":[{"@type":"ReadAction","target":["https:\/\/www.cuencasmineras.com\/index.php\/2021\/03\/11\/los-ecologistas-alertan-del-vertido-de-escombros-en-rutas-del-paisaje-protegido-de-las-cuencas\/"]}]},{"@type":"ImageObject","inLanguage":"es","@id":"https:\/\/www.cuencasmineras.com\/index.php\/2021\/03\/11\/los-ecologistas-alertan-del-vertido-de-escombros-en-rutas-del-paisaje-protegido-de-las-cuencas\/#primaryimage","url":"https:\/\/www.cuencasmineras.com\/wp-content\/uploads\/2021\/03\/e7756a33-ceab-4977-a7c7-c5bdced9529d_21-9-aspect-ratio_default_0.jpg","contentUrl":"https:\/\/www.cuencasmineras.com\/wp-content\/uploads\/2021\/03\/e7756a33-ceab-4977-a7c7-c5bdced9529d_21-9-aspect-ratio_default_0.jpg","width":1280,"height":548},{"@type":"BreadcrumbList","@id":"https:\/\/www.cuencasmineras.com\/index.php\/2021\/03\/11\/los-ecologistas-alertan-del-vertido-de-escombros-en-rutas-del-paisaje-protegido-de-las-cuencas\/#breadcrumb","itemListElement":[{"@type":"ListItem","position":1,"name":"Portada","item":"https:\/\/www.cuencasmineras.com\/"},{"@type":"ListItem","position":2,"name":"Los ecologistas alertan del vertido de escombros en rutas del Paisaje protegido de las Cuencas"}]},{"@type":"WebSite","@id":"https:\/\/www.cuencasmineras.com\/#website","url":"https:\/\/www.cuencasmineras.com\/","name":"","description":"","potentialAction":[{"@type":"SearchAction","target":{"@type":"EntryPoint","urlTemplate":"https:\/\/www.cuencasmineras.com\/?s={search_term_string}"},"query-input":{"@type":"PropertyValueSpecification","valueRequired":true,"valueName":"search_term_string"}}],"inLanguage":"es"},{"@type":"Person","@id":"https:\/\/www.cuencasmineras.com\/#\/schema\/person\/be0691310e8496ec555f679dd688420c","name":"admin","image":{"@type":"ImageObject","inLanguage":"es","@id":"https:\/\/secure.gravatar.com\/avatar\/4afd2eed3b2fbbf36dd6707b5bd8a5b50ac648f033e36fbf85aeace2f0f859db?s=96&d=mm&r=g","url":"https:\/\/secure.gravatar.com\/avatar\/4afd2eed3b2fbbf36dd6707b5bd8a5b50ac648f033e36fbf85aeace2f0f859db?s=96&d=mm&r=g","contentUrl":"https:\/\/secure.gravatar.com\/avatar\/4afd2eed3b2fbbf36dd6707b5bd8a5b50ac648f033e36fbf85aeace2f0f859db?s=96&d=mm&r=g","caption":"admin"},"sameAs":["https:\/\/www.cuencasmineras.com"],"url":"https:\/\/www.cuencasmineras.com\/index.php\/author\/admin\/"}]}},"_links":{"self":[{"href":"https:\/\/www.cuencasmineras.com\/index.php\/wp-json\/wp\/v2\/posts\/2020","targetHints":{"allow":["GET"]}}],"collection":[{"href":"https:\/\/www.cuencasmineras.com\/index.php\/wp-json\/wp\/v2\/posts"}],"about":[{"href":"https:\/\/www.cuencasmineras.com\/index.php\/wp-json\/wp\/v2\/types\/post"}],"author":[{"embeddable":true,"href":"https:\/\/www.cuencasmineras.com\/index.php\/wp-json\/wp\/v2\/users\/1"}],"replies":[{"embeddable":true,"href":"https:\/\/www.cuencasmineras.com\/index.php\/wp-json\/wp\/v2\/comments?post=2020"}],"version-history":[{"count":1,"href":"https:\/\/www.cuencasmineras.com\/index.php\/wp-json\/wp\/v2\/posts\/2020\/revisions"}],"predecessor-version":[{"id":2022,"href":"https:\/\/www.cuencasmineras.com\/index.php\/wp-json\/wp\/v2\/posts\/2020\/revisions\/2022"}],"wp:featuredmedia":[{"embeddable":true,"href":"https:\/\/www.cuencasmineras.com\/index.php\/wp-json\/wp\/v2\/media\/2021"}],"wp:attachment":[{"href":"https:\/\/www.cuencasmineras.com\/index.php\/wp-json\/wp\/v2\/media?parent=2020"}],"wp:term":[{"taxonomy":"category","embeddable":true,"href":"https:\/\/www.cuencasmineras.com\/index.php\/wp-json\/wp\/v2\/categories?post=2020"},{"taxonomy":"post_tag","embeddable":true,"href":"https:\/\/www.cuencasmineras.com\/index.php\/wp-json\/wp\/v2\/tags?post=2020"}],"curies":[{"name":"wp","href":"https:\/\/api.w.org\/{rel}","templated":true}]}}