{"id":2053,"date":"2021-03-14T14:49:27","date_gmt":"2021-03-14T14:49:27","guid":{"rendered":"https:\/\/www.cuencasmineras.com\/?p=2053"},"modified":"2021-03-14T14:49:27","modified_gmt":"2021-03-14T14:49:27","slug":"el-comercio-reclama-mejoras-en-la-plaza-de-abastos-de-la-felguera-que-tiene-goteras","status":"publish","type":"post","link":"https:\/\/www.cuencasmineras.com\/index.php\/2021\/03\/14\/el-comercio-reclama-mejoras-en-la-plaza-de-abastos-de-la-felguera-que-tiene-goteras\/","title":{"rendered":"El comercio reclama mejoras en la plaza de abastos de La Felguera, que tiene goteras"},"content":{"rendered":"<p style=\"text-align: justify;\">La Asociaci\u00f3n de Comerciantes e Industriales del Valle del Nal\u00f3n (Acoivan) reclama la modernizaci\u00f3n y reparaci\u00f3n de las instalaciones de la plaza de abastos de La Felguera con el objetivo de dinamizar las ventas, tanto del propio espacio como de su entorno. Tambi\u00e9n piden promocionar y flexibilizar los tr\u00e1mites para acceder a los puestos, incluyendo una rebaja en los precios de los alquileres, para que haya m\u00e1s vendedores.<\/p>\n<p><img loading=\"lazy\" decoding=\"async\" class=\"aligncenter size-full wp-image-2054\" src=\"https:\/\/www.cuencasmineras.com\/wp-content\/uploads\/2021\/03\/unnamed.jpg\" alt=\"\" width=\"512\" height=\"384\" srcset=\"https:\/\/www.cuencasmineras.com\/wp-content\/uploads\/2021\/03\/unnamed.jpg 512w, https:\/\/www.cuencasmineras.com\/wp-content\/uploads\/2021\/03\/unnamed-300x225.jpg 300w\" sizes=\"auto, (max-width: 512px) 100vw, 512px\" \/><\/p>\n<p style=\"text-align: justify;\">Marcelino Tamargo, presidente de Acoivan, asegur\u00f3 que \u201chay que modernizar la plaza, hay que hacer obras y acondicionarla. Es necesario porque hay goteras y algunos desperfectos. Y para eso existe una l\u00ednea de ayudas del Principado que se convoca todos los a\u00f1os para los ayuntamientos. Con esa l\u00ednea de subvenciones se hicieron obras en otros sitios y tambi\u00e9n aqu\u00ed, pero se puede hacer m\u00e1s. Hay que seguir trabajando\u201d. A juicio de Tamargo, hay que \u201chacer un proyecto de modernizaci\u00f3n para sacarle partido a este edificio, que adem\u00e1s est\u00e1 en un sitio privilegiado. Se puede potenciar todo lo que es el tema de la producci\u00f3n ecol\u00f3gica y otros mercados como el tema gastron\u00f3mico con comida para llevar, por poner alg\u00fan ejemplo. Tiene m\u00faltiples actividades que se pueden desarrollar. Es una plaza buena y amplia, pero es la Administraci\u00f3n la que debe ponerse a ello. Nosotros podemos plantear cosas, pero despu\u00e9s son ellos los que tienen los mecanismos para ejecutarlas\u201d.<\/p>\n<p style=\"text-align: justify;\">Sobre los tr\u00e1mites para optar a los puestos de venta, el representante de los comerciantes entiende que habr\u00eda que \u201ccambiar la normativa vigente porque est\u00e1 obsoleta, sobre todo en lo que es el tema de traspasos. Al parecer ya est\u00e1 en v\u00edas de soluci\u00f3n. Tiene que haber una oferta p\u00fablica para que la gente pueda acceder a esos puestos. El sistema actual se hizo para cuando hab\u00eda mucha demanda, pero ahora mismo eso no existe. Actualmente hay que solicitarlo y esperar demasiado tiempo\u201d. Y a\u00f1adi\u00f3: \u201cQuiz\u00e1 habr\u00eda que rebajar los precios tambi\u00e9n para que los puestos sean m\u00e1s atractivos. Si hay m\u00e1s comerciantes, el coste de mantenimiento por cada puesto ser\u00e1 menor. Al haber pocos comerciantes esos gastos son mayores\u201d.<\/p>\n","protected":false},"excerpt":{"rendered":"<p>La Asociaci\u00f3n de Comerciantes e Industriales del Valle del Nal\u00f3n (Acoivan) reclama la modernizaci\u00f3n y reparaci\u00f3n de las instalaciones de la plaza de abastos de La Felguera con el objetivo de dinamizar las ventas, tanto del propio espacio como de su entorno. Tambi\u00e9n piden promocionar y flexibilizar los tr\u00e1mites para acceder a los puestos, incluyendo [&hellip;]<\/p>\n","protected":false},"author":1,"featured_media":2054,"comment_status":"open","ping_status":"open","sticky":false,"template":"","format":"standard","meta":{"footnotes":""},"categories":[6,8],"tags":[],"class_list":["post-2053","post","type-post","status-publish","format-standard","has-post-thumbnail","hentry","category-noticias","category-nalon"],"yoast_head":"<!-- This site is optimized with the Yoast SEO plugin v27.4 - https:\/\/yoast.com\/product\/yoast-seo-wordpress\/ -->\n<title>El comercio reclama mejoras en la plaza de abastos de La Felguera, que tiene goteras -<\/title>\n<meta name=\"description\" content=\"El sector exige al Ayuntamiento que solicite \u201cayudas\u201d para restaurar el inmueble y m\u00e1s facilidades para abrir un puesto de venta\" \/>\n<meta name=\"robots\" content=\"index, follow, max-snippet:-1, max-image-preview:large, max-video-preview:-1\" \/>\n<link rel=\"canonical\" href=\"https:\/\/www.cuencasmineras.com\/index.php\/2021\/03\/14\/el-comercio-reclama-mejoras-en-la-plaza-de-abastos-de-la-felguera-que-tiene-goteras\/\" \/>\n<meta property=\"og:locale\" content=\"es_ES\" \/>\n<meta property=\"og:type\" content=\"article\" \/>\n<meta property=\"og:title\" content=\"El comercio reclama mejoras en la plaza de abastos de La Felguera, que tiene goteras -\" \/>\n<meta property=\"og:description\" content=\"El sector exige al Ayuntamiento que solicite \u201cayudas\u201d para restaurar el inmueble y m\u00e1s facilidades para abrir un puesto de venta\" \/>\n<meta property=\"og:url\" content=\"https:\/\/www.cuencasmineras.com\/index.php\/2021\/03\/14\/el-comercio-reclama-mejoras-en-la-plaza-de-abastos-de-la-felguera-que-tiene-goteras\/\" \/>\n<meta property=\"article:published_time\" content=\"2021-03-14T14:49:27+00:00\" \/>\n<meta property=\"og:image\" content=\"https:\/\/www.cuencasmineras.com\/wp-content\/uploads\/2021\/03\/unnamed.jpg\" \/>\n\t<meta property=\"og:image:width\" content=\"512\" \/>\n\t<meta property=\"og:image:height\" content=\"384\" \/>\n\t<meta property=\"og:image:type\" content=\"image\/jpeg\" \/>\n<meta name=\"author\" content=\"admin\" \/>\n<meta name=\"twitter:card\" content=\"summary_large_image\" \/>\n<meta name=\"twitter:label1\" content=\"Escrito por\" \/>\n\t<meta name=\"twitter:data1\" content=\"admin\" \/>\n\t<meta name=\"twitter:label2\" content=\"Tiempo de lectura\" \/>\n\t<meta name=\"twitter:data2\" content=\"2 minutos\" \/>\n<script type=\"application\/ld+json\" class=\"yoast-schema-graph\">{\"@context\":\"https:\\\/\\\/schema.org\",\"@graph\":[{\"@type\":\"Article\",\"@id\":\"https:\\\/\\\/www.cuencasmineras.com\\\/index.php\\\/2021\\\/03\\\/14\\\/el-comercio-reclama-mejoras-en-la-plaza-de-abastos-de-la-felguera-que-tiene-goteras\\\/#article\",\"isPartOf\":{\"@id\":\"https:\\\/\\\/www.cuencasmineras.com\\\/index.php\\\/2021\\\/03\\\/14\\\/el-comercio-reclama-mejoras-en-la-plaza-de-abastos-de-la-felguera-que-tiene-goteras\\\/\"},\"author\":{\"name\":\"admin\",\"@id\":\"https:\\\/\\\/www.cuencasmineras.com\\\/#\\\/schema\\\/person\\\/be0691310e8496ec555f679dd688420c\"},\"headline\":\"El comercio reclama mejoras en la plaza de abastos de La Felguera, que tiene goteras\",\"datePublished\":\"2021-03-14T14:49:27+00:00\",\"mainEntityOfPage\":{\"@id\":\"https:\\\/\\\/www.cuencasmineras.com\\\/index.php\\\/2021\\\/03\\\/14\\\/el-comercio-reclama-mejoras-en-la-plaza-de-abastos-de-la-felguera-que-tiene-goteras\\\/\"},\"wordCount\":393,\"commentCount\":0,\"image\":{\"@id\":\"https:\\\/\\\/www.cuencasmineras.com\\\/index.php\\\/2021\\\/03\\\/14\\\/el-comercio-reclama-mejoras-en-la-plaza-de-abastos-de-la-felguera-que-tiene-goteras\\\/#primaryimage\"},\"thumbnailUrl\":\"https:\\\/\\\/www.cuencasmineras.com\\\/wp-content\\\/uploads\\\/2021\\\/03\\\/unnamed.jpg\",\"articleSection\":[\"CM NEWS\",\"Nal\u00f3n\"],\"inLanguage\":\"es\",\"potentialAction\":[{\"@type\":\"CommentAction\",\"name\":\"Comment\",\"target\":[\"https:\\\/\\\/www.cuencasmineras.com\\\/index.php\\\/2021\\\/03\\\/14\\\/el-comercio-reclama-mejoras-en-la-plaza-de-abastos-de-la-felguera-que-tiene-goteras\\\/#respond\"]}]},{\"@type\":\"WebPage\",\"@id\":\"https:\\\/\\\/www.cuencasmineras.com\\\/index.php\\\/2021\\\/03\\\/14\\\/el-comercio-reclama-mejoras-en-la-plaza-de-abastos-de-la-felguera-que-tiene-goteras\\\/\",\"url\":\"https:\\\/\\\/www.cuencasmineras.com\\\/index.php\\\/2021\\\/03\\\/14\\\/el-comercio-reclama-mejoras-en-la-plaza-de-abastos-de-la-felguera-que-tiene-goteras\\\/\",\"name\":\"El comercio reclama mejoras en la plaza de abastos de La Felguera, que tiene goteras -\",\"isPartOf\":{\"@id\":\"https:\\\/\\\/www.cuencasmineras.com\\\/#website\"},\"primaryImageOfPage\":{\"@id\":\"https:\\\/\\\/www.cuencasmineras.com\\\/index.php\\\/2021\\\/03\\\/14\\\/el-comercio-reclama-mejoras-en-la-plaza-de-abastos-de-la-felguera-que-tiene-goteras\\\/#primaryimage\"},\"image\":{\"@id\":\"https:\\\/\\\/www.cuencasmineras.com\\\/index.php\\\/2021\\\/03\\\/14\\\/el-comercio-reclama-mejoras-en-la-plaza-de-abastos-de-la-felguera-que-tiene-goteras\\\/#primaryimage\"},\"thumbnailUrl\":\"https:\\\/\\\/www.cuencasmineras.com\\\/wp-content\\\/uploads\\\/2021\\\/03\\\/unnamed.jpg\",\"datePublished\":\"2021-03-14T14:49:27+00:00\",\"author\":{\"@id\":\"https:\\\/\\\/www.cuencasmineras.com\\\/#\\\/schema\\\/person\\\/be0691310e8496ec555f679dd688420c\"},\"description\":\"El sector exige al Ayuntamiento que solicite \u201cayudas\u201d para restaurar el inmueble y m\u00e1s facilidades para abrir un puesto de venta\",\"breadcrumb\":{\"@id\":\"https:\\\/\\\/www.cuencasmineras.com\\\/index.php\\\/2021\\\/03\\\/14\\\/el-comercio-reclama-mejoras-en-la-plaza-de-abastos-de-la-felguera-que-tiene-goteras\\\/#breadcrumb\"},\"inLanguage\":\"es\",\"potentialAction\":[{\"@type\":\"ReadAction\",\"target\":[\"https:\\\/\\\/www.cuencasmineras.com\\\/index.php\\\/2021\\\/03\\\/14\\\/el-comercio-reclama-mejoras-en-la-plaza-de-abastos-de-la-felguera-que-tiene-goteras\\\/\"]}]},{\"@type\":\"ImageObject\",\"inLanguage\":\"es\",\"@id\":\"https:\\\/\\\/www.cuencasmineras.com\\\/index.php\\\/2021\\\/03\\\/14\\\/el-comercio-reclama-mejoras-en-la-plaza-de-abastos-de-la-felguera-que-tiene-goteras\\\/#primaryimage\",\"url\":\"https:\\\/\\\/www.cuencasmineras.com\\\/wp-content\\\/uploads\\\/2021\\\/03\\\/unnamed.jpg\",\"contentUrl\":\"https:\\\/\\\/www.cuencasmineras.com\\\/wp-content\\\/uploads\\\/2021\\\/03\\\/unnamed.jpg\",\"width\":512,\"height\":384},{\"@type\":\"BreadcrumbList\",\"@id\":\"https:\\\/\\\/www.cuencasmineras.com\\\/index.php\\\/2021\\\/03\\\/14\\\/el-comercio-reclama-mejoras-en-la-plaza-de-abastos-de-la-felguera-que-tiene-goteras\\\/#breadcrumb\",\"itemListElement\":[{\"@type\":\"ListItem\",\"position\":1,\"name\":\"Portada\",\"item\":\"https:\\\/\\\/www.cuencasmineras.com\\\/\"},{\"@type\":\"ListItem\",\"position\":2,\"name\":\"El comercio reclama mejoras en la plaza de abastos de La Felguera, que tiene goteras\"}]},{\"@type\":\"WebSite\",\"@id\":\"https:\\\/\\\/www.cuencasmineras.com\\\/#website\",\"url\":\"https:\\\/\\\/www.cuencasmineras.com\\\/\",\"name\":\"\",\"description\":\"\",\"potentialAction\":[{\"@type\":\"SearchAction\",\"target\":{\"@type\":\"EntryPoint\",\"urlTemplate\":\"https:\\\/\\\/www.cuencasmineras.com\\\/?s={search_term_string}\"},\"query-input\":{\"@type\":\"PropertyValueSpecification\",\"valueRequired\":true,\"valueName\":\"search_term_string\"}}],\"inLanguage\":\"es\"},{\"@type\":\"Person\",\"@id\":\"https:\\\/\\\/www.cuencasmineras.com\\\/#\\\/schema\\\/person\\\/be0691310e8496ec555f679dd688420c\",\"name\":\"admin\",\"image\":{\"@type\":\"ImageObject\",\"inLanguage\":\"es\",\"@id\":\"https:\\\/\\\/secure.gravatar.com\\\/avatar\\\/4afd2eed3b2fbbf36dd6707b5bd8a5b50ac648f033e36fbf85aeace2f0f859db?s=96&d=mm&r=g\",\"url\":\"https:\\\/\\\/secure.gravatar.com\\\/avatar\\\/4afd2eed3b2fbbf36dd6707b5bd8a5b50ac648f033e36fbf85aeace2f0f859db?s=96&d=mm&r=g\",\"contentUrl\":\"https:\\\/\\\/secure.gravatar.com\\\/avatar\\\/4afd2eed3b2fbbf36dd6707b5bd8a5b50ac648f033e36fbf85aeace2f0f859db?s=96&d=mm&r=g\",\"caption\":\"admin\"},\"sameAs\":[\"https:\\\/\\\/www.cuencasmineras.com\"],\"url\":\"https:\\\/\\\/www.cuencasmineras.com\\\/index.php\\\/author\\\/admin\\\/\"}]}<\/script>\n<!-- \/ Yoast SEO plugin. -->","yoast_head_json":{"title":"El comercio reclama mejoras en la plaza de abastos de La Felguera, que tiene goteras -","description":"El sector exige al Ayuntamiento que solicite \u201cayudas\u201d para restaurar el inmueble y m\u00e1s facilidades para abrir un puesto de venta","robots":{"index":"index","follow":"follow","max-snippet":"max-snippet:-1","max-image-preview":"max-image-preview:large","max-video-preview":"max-video-preview:-1"},"canonical":"https:\/\/www.cuencasmineras.com\/index.php\/2021\/03\/14\/el-comercio-reclama-mejoras-en-la-plaza-de-abastos-de-la-felguera-que-tiene-goteras\/","og_locale":"es_ES","og_type":"article","og_title":"El comercio reclama mejoras en la plaza de abastos de La Felguera, que tiene goteras -","og_description":"El sector exige al Ayuntamiento que solicite \u201cayudas\u201d para restaurar el inmueble y m\u00e1s facilidades para abrir un puesto de venta","og_url":"https:\/\/www.cuencasmineras.com\/index.php\/2021\/03\/14\/el-comercio-reclama-mejoras-en-la-plaza-de-abastos-de-la-felguera-que-tiene-goteras\/","article_published_time":"2021-03-14T14:49:27+00:00","og_image":[{"width":512,"height":384,"url":"https:\/\/www.cuencasmineras.com\/wp-content\/uploads\/2021\/03\/unnamed.jpg","type":"image\/jpeg"}],"author":"admin","twitter_card":"summary_large_image","twitter_misc":{"Escrito por":"admin","Tiempo de lectura":"2 minutos"},"schema":{"@context":"https:\/\/schema.org","@graph":[{"@type":"Article","@id":"https:\/\/www.cuencasmineras.com\/index.php\/2021\/03\/14\/el-comercio-reclama-mejoras-en-la-plaza-de-abastos-de-la-felguera-que-tiene-goteras\/#article","isPartOf":{"@id":"https:\/\/www.cuencasmineras.com\/index.php\/2021\/03\/14\/el-comercio-reclama-mejoras-en-la-plaza-de-abastos-de-la-felguera-que-tiene-goteras\/"},"author":{"name":"admin","@id":"https:\/\/www.cuencasmineras.com\/#\/schema\/person\/be0691310e8496ec555f679dd688420c"},"headline":"El comercio reclama mejoras en la plaza de abastos de La Felguera, que tiene goteras","datePublished":"2021-03-14T14:49:27+00:00","mainEntityOfPage":{"@id":"https:\/\/www.cuencasmineras.com\/index.php\/2021\/03\/14\/el-comercio-reclama-mejoras-en-la-plaza-de-abastos-de-la-felguera-que-tiene-goteras\/"},"wordCount":393,"commentCount":0,"image":{"@id":"https:\/\/www.cuencasmineras.com\/index.php\/2021\/03\/14\/el-comercio-reclama-mejoras-en-la-plaza-de-abastos-de-la-felguera-que-tiene-goteras\/#primaryimage"},"thumbnailUrl":"https:\/\/www.cuencasmineras.com\/wp-content\/uploads\/2021\/03\/unnamed.jpg","articleSection":["CM NEWS","Nal\u00f3n"],"inLanguage":"es","potentialAction":[{"@type":"CommentAction","name":"Comment","target":["https:\/\/www.cuencasmineras.com\/index.php\/2021\/03\/14\/el-comercio-reclama-mejoras-en-la-plaza-de-abastos-de-la-felguera-que-tiene-goteras\/#respond"]}]},{"@type":"WebPage","@id":"https:\/\/www.cuencasmineras.com\/index.php\/2021\/03\/14\/el-comercio-reclama-mejoras-en-la-plaza-de-abastos-de-la-felguera-que-tiene-goteras\/","url":"https:\/\/www.cuencasmineras.com\/index.php\/2021\/03\/14\/el-comercio-reclama-mejoras-en-la-plaza-de-abastos-de-la-felguera-que-tiene-goteras\/","name":"El comercio reclama mejoras en la plaza de abastos de La Felguera, que tiene goteras -","isPartOf":{"@id":"https:\/\/www.cuencasmineras.com\/#website"},"primaryImageOfPage":{"@id":"https:\/\/www.cuencasmineras.com\/index.php\/2021\/03\/14\/el-comercio-reclama-mejoras-en-la-plaza-de-abastos-de-la-felguera-que-tiene-goteras\/#primaryimage"},"image":{"@id":"https:\/\/www.cuencasmineras.com\/index.php\/2021\/03\/14\/el-comercio-reclama-mejoras-en-la-plaza-de-abastos-de-la-felguera-que-tiene-goteras\/#primaryimage"},"thumbnailUrl":"https:\/\/www.cuencasmineras.com\/wp-content\/uploads\/2021\/03\/unnamed.jpg","datePublished":"2021-03-14T14:49:27+00:00","author":{"@id":"https:\/\/www.cuencasmineras.com\/#\/schema\/person\/be0691310e8496ec555f679dd688420c"},"description":"El sector exige al Ayuntamiento que solicite \u201cayudas\u201d para restaurar el inmueble y m\u00e1s facilidades para abrir un puesto de venta","breadcrumb":{"@id":"https:\/\/www.cuencasmineras.com\/index.php\/2021\/03\/14\/el-comercio-reclama-mejoras-en-la-plaza-de-abastos-de-la-felguera-que-tiene-goteras\/#breadcrumb"},"inLanguage":"es","potentialAction":[{"@type":"ReadAction","target":["https:\/\/www.cuencasmineras.com\/index.php\/2021\/03\/14\/el-comercio-reclama-mejoras-en-la-plaza-de-abastos-de-la-felguera-que-tiene-goteras\/"]}]},{"@type":"ImageObject","inLanguage":"es","@id":"https:\/\/www.cuencasmineras.com\/index.php\/2021\/03\/14\/el-comercio-reclama-mejoras-en-la-plaza-de-abastos-de-la-felguera-que-tiene-goteras\/#primaryimage","url":"https:\/\/www.cuencasmineras.com\/wp-content\/uploads\/2021\/03\/unnamed.jpg","contentUrl":"https:\/\/www.cuencasmineras.com\/wp-content\/uploads\/2021\/03\/unnamed.jpg","width":512,"height":384},{"@type":"BreadcrumbList","@id":"https:\/\/www.cuencasmineras.com\/index.php\/2021\/03\/14\/el-comercio-reclama-mejoras-en-la-plaza-de-abastos-de-la-felguera-que-tiene-goteras\/#breadcrumb","itemListElement":[{"@type":"ListItem","position":1,"name":"Portada","item":"https:\/\/www.cuencasmineras.com\/"},{"@type":"ListItem","position":2,"name":"El comercio reclama mejoras en la plaza de abastos de La Felguera, que tiene goteras"}]},{"@type":"WebSite","@id":"https:\/\/www.cuencasmineras.com\/#website","url":"https:\/\/www.cuencasmineras.com\/","name":"","description":"","potentialAction":[{"@type":"SearchAction","target":{"@type":"EntryPoint","urlTemplate":"https:\/\/www.cuencasmineras.com\/?s={search_term_string}"},"query-input":{"@type":"PropertyValueSpecification","valueRequired":true,"valueName":"search_term_string"}}],"inLanguage":"es"},{"@type":"Person","@id":"https:\/\/www.cuencasmineras.com\/#\/schema\/person\/be0691310e8496ec555f679dd688420c","name":"admin","image":{"@type":"ImageObject","inLanguage":"es","@id":"https:\/\/secure.gravatar.com\/avatar\/4afd2eed3b2fbbf36dd6707b5bd8a5b50ac648f033e36fbf85aeace2f0f859db?s=96&d=mm&r=g","url":"https:\/\/secure.gravatar.com\/avatar\/4afd2eed3b2fbbf36dd6707b5bd8a5b50ac648f033e36fbf85aeace2f0f859db?s=96&d=mm&r=g","contentUrl":"https:\/\/secure.gravatar.com\/avatar\/4afd2eed3b2fbbf36dd6707b5bd8a5b50ac648f033e36fbf85aeace2f0f859db?s=96&d=mm&r=g","caption":"admin"},"sameAs":["https:\/\/www.cuencasmineras.com"],"url":"https:\/\/www.cuencasmineras.com\/index.php\/author\/admin\/"}]}},"_links":{"self":[{"href":"https:\/\/www.cuencasmineras.com\/index.php\/wp-json\/wp\/v2\/posts\/2053","targetHints":{"allow":["GET"]}}],"collection":[{"href":"https:\/\/www.cuencasmineras.com\/index.php\/wp-json\/wp\/v2\/posts"}],"about":[{"href":"https:\/\/www.cuencasmineras.com\/index.php\/wp-json\/wp\/v2\/types\/post"}],"author":[{"embeddable":true,"href":"https:\/\/www.cuencasmineras.com\/index.php\/wp-json\/wp\/v2\/users\/1"}],"replies":[{"embeddable":true,"href":"https:\/\/www.cuencasmineras.com\/index.php\/wp-json\/wp\/v2\/comments?post=2053"}],"version-history":[{"count":1,"href":"https:\/\/www.cuencasmineras.com\/index.php\/wp-json\/wp\/v2\/posts\/2053\/revisions"}],"predecessor-version":[{"id":2055,"href":"https:\/\/www.cuencasmineras.com\/index.php\/wp-json\/wp\/v2\/posts\/2053\/revisions\/2055"}],"wp:featuredmedia":[{"embeddable":true,"href":"https:\/\/www.cuencasmineras.com\/index.php\/wp-json\/wp\/v2\/media\/2054"}],"wp:attachment":[{"href":"https:\/\/www.cuencasmineras.com\/index.php\/wp-json\/wp\/v2\/media?parent=2053"}],"wp:term":[{"taxonomy":"category","embeddable":true,"href":"https:\/\/www.cuencasmineras.com\/index.php\/wp-json\/wp\/v2\/categories?post=2053"},{"taxonomy":"post_tag","embeddable":true,"href":"https:\/\/www.cuencasmineras.com\/index.php\/wp-json\/wp\/v2\/tags?post=2053"}],"curies":[{"name":"wp","href":"https:\/\/api.w.org\/{rel}","templated":true}]}}