{"id":2071,"date":"2021-03-15T16:35:41","date_gmt":"2021-03-15T16:35:41","guid":{"rendered":"https:\/\/www.cuencasmineras.com\/?p=2071"},"modified":"2021-03-15T16:35:41","modified_gmt":"2021-03-15T16:35:41","slug":"el-acceso-al-futuro-ferial-de-talleres-del-conde-se-licitara-antes-del-verano","status":"publish","type":"post","link":"https:\/\/www.cuencasmineras.com\/index.php\/2021\/03\/15\/el-acceso-al-futuro-ferial-de-talleres-del-conde-se-licitara-antes-del-verano\/","title":{"rendered":"El acceso al futuro ferial de Talleres del Conde se licitar\u00e1 antes del verano"},"content":{"rendered":"<p style=\"text-align: justify;\">El gobierno langreano conf\u00eda en licitar las obras de los accesos a los terrenos de los Talleres del Conde, en La Felguera, antes del verano. Esa es la estimaci\u00f3n que traslada el concejal de Urbanismo, Javier \u00c1lvarez, para uno de los tres proyectos financiados por fondos mineros que se desarrollar\u00e1n en el recinto que perteneci\u00f3 a Duro Felguera y que ahora es propiedad del Ayuntamiento. El coste de esta actuaci\u00f3n en el futuro recinto ferial de Langreo alcanza los 2,6 millones de euros.<\/p>\n<p style=\"text-align: justify;\"><img loading=\"lazy\" decoding=\"async\" class=\"aligncenter size-large wp-image-2072\" src=\"https:\/\/www.cuencasmineras.com\/wp-content\/uploads\/2021\/03\/ac40da4c-206b-4e8c-9c25-160a76039853_21-9-aspect-ratio_default_0-1024x438.jpg\" alt=\"\" width=\"640\" height=\"274\" srcset=\"https:\/\/www.cuencasmineras.com\/wp-content\/uploads\/2021\/03\/ac40da4c-206b-4e8c-9c25-160a76039853_21-9-aspect-ratio_default_0-1024x438.jpg 1024w, https:\/\/www.cuencasmineras.com\/wp-content\/uploads\/2021\/03\/ac40da4c-206b-4e8c-9c25-160a76039853_21-9-aspect-ratio_default_0-300x128.jpg 300w, https:\/\/www.cuencasmineras.com\/wp-content\/uploads\/2021\/03\/ac40da4c-206b-4e8c-9c25-160a76039853_21-9-aspect-ratio_default_0-768x329.jpg 768w, https:\/\/www.cuencasmineras.com\/wp-content\/uploads\/2021\/03\/ac40da4c-206b-4e8c-9c25-160a76039853_21-9-aspect-ratio_default_0.jpg 1280w\" sizes=\"auto, (max-width: 640px) 100vw, 640px\" \/><br \/>\nA ella se sumar\u00e1n otra iniciativa impulsada por el Consistorio, la primera fase de rehabilitaci\u00f3n de las naves de los Talleres del Conde, cuyo presupuesto es de 3,2 millones de euros. El Principado impulsar\u00e1 la tercera actuaci\u00f3n, la descontaminaci\u00f3n de los terrenos, con una inversi\u00f3n de 162.000 euros. El concejal de Urbanismo afirm\u00f3 que \u201cel trabajo del Ayuntamiento para el acceso soterrado ya est\u00e1 finalizado\u201d y que espera poder iniciar el procedimiento para la contrataci\u00f3n \u201cantes del verano\u201d.<\/p>\n<p style=\"text-align: justify;\">La entrada a los terrenos de los Talleres del Conde se ejecutar\u00e1 \u201cpor debajo de las v\u00edas de Renfe entre el centro deportivo Juan Carlos Beiro y Ganz\u00e1bal\u201d. Este proyecto incluye una zona de aparcamiento. El Ayuntamiento lleg\u00f3 a plantear meses atr\u00e1s trasladar ese acceso a la zona que ocupaban las naves de Felguera Melt, ya desmontadas, pero finalmente se opt\u00f3 por seguir con este, que tiene la financiaci\u00f3n de los fondos mineros del Plan del Carb\u00f3n 2013-2018. Aunque esa opci\u00f3n no queda descartada por completo para ejecutarla m\u00e1s adelante, dijo Javier \u00c1lvarez. Para ello el Ayuntamiento tendr\u00eda que llegar a un acuerdo de adquisici\u00f3n con Duro Felguera, propietaria de la parcela.<\/p>\n<p style=\"text-align: justify;\">El concejal de Urbanismo destac\u00f3 el \u201cpaso importante\u201d que se ha dado con la primera fase de rehabilitaci\u00f3n de las naves de los Talleres del Conde al autorizar el Consejo de Gobierno del Principado en su \u00faltima reuni\u00f3n la firma del convenio marco con el Instituto para la Transici\u00f3n Justa para impulsar ese proyecto y otros cuatro financiados con fondos mineros. Los plazos fijados inicialmente para desarrollar todas las actuaciones enmarcadas en el Plan del Carb\u00f3n era septiembre de 2023 aunque la crisis sanitaria ha provocado un retraso en la firma de los convenios espec\u00edficos.<\/p>\n<p style=\"text-align: justify;\">La construcci\u00f3n del recinto ferial no estaba incluido dentro de los proyectos municipales a financiar con los fondos mineros. Sin embargo, el Ayuntamiento decidi\u00f3 realizar el cambio, renunciando a conectar los pol\u00edgonos de Valnal\u00f3n y La Moral, que era la iniciativa inicialmente incluida en el listado, ya que su \u201ccomplejidad burocr\u00e1tica\u201d hace dif\u00edcil cumplir los plazos, afirm\u00f3 el equipo de gobierno local.<\/p>\n<p style=\"text-align: justify;\">El Ayuntamiento de Langreo ha actualizado el dise\u00f1o del recinto ferial, que estar\u00e1 formado por tres m\u00f3dulos rectangulares. Contar\u00e1 tambi\u00e9n con un espacio con cubierta, bajo la estructura de las antiguas naves, pero sin paredes que tambi\u00e9n podr\u00e1 acoger actividades como conciertos.<\/p>\n","protected":false},"excerpt":{"rendered":"<p>El gobierno langreano conf\u00eda en licitar las obras de los accesos a los terrenos de los Talleres del Conde, en La Felguera, antes del verano. Esa es la estimaci\u00f3n que traslada el concejal de Urbanismo, Javier \u00c1lvarez, para uno de los tres proyectos financiados por fondos mineros que se desarrollar\u00e1n en el recinto que perteneci\u00f3 [&hellip;]<\/p>\n","protected":false},"author":1,"featured_media":2072,"comment_status":"open","ping_status":"open","sticky":false,"template":"","format":"standard","meta":{"footnotes":""},"categories":[6,8],"tags":[],"class_list":["post-2071","post","type-post","status-publish","format-standard","has-post-thumbnail","hentry","category-noticias","category-nalon"],"yoast_head":"<!-- This site is optimized with the Yoast SEO plugin v27.4 - https:\/\/yoast.com\/product\/yoast-seo-wordpress\/ -->\n<title>El acceso al futuro ferial de Talleres del Conde se licitar\u00e1 antes del verano -<\/title>\n<meta name=\"description\" content=\"La actuaci\u00f3n, con un coste de 2,6 millones de euros, ser\u00e1 financiada con fondos mineros al igual que la rehabilitaci\u00f3n de las naves\" \/>\n<meta name=\"robots\" content=\"index, follow, max-snippet:-1, max-image-preview:large, max-video-preview:-1\" \/>\n<link rel=\"canonical\" href=\"https:\/\/www.cuencasmineras.com\/index.php\/2021\/03\/15\/el-acceso-al-futuro-ferial-de-talleres-del-conde-se-licitara-antes-del-verano\/\" \/>\n<meta property=\"og:locale\" content=\"es_ES\" \/>\n<meta property=\"og:type\" content=\"article\" \/>\n<meta property=\"og:title\" content=\"El acceso al futuro ferial de Talleres del Conde se licitar\u00e1 antes del verano -\" \/>\n<meta property=\"og:description\" content=\"La actuaci\u00f3n, con un coste de 2,6 millones de euros, ser\u00e1 financiada con fondos mineros al igual que la rehabilitaci\u00f3n de las naves\" \/>\n<meta property=\"og:url\" content=\"https:\/\/www.cuencasmineras.com\/index.php\/2021\/03\/15\/el-acceso-al-futuro-ferial-de-talleres-del-conde-se-licitara-antes-del-verano\/\" \/>\n<meta property=\"article:published_time\" content=\"2021-03-15T16:35:41+00:00\" \/>\n<meta property=\"og:image\" content=\"https:\/\/www.cuencasmineras.com\/wp-content\/uploads\/2021\/03\/ac40da4c-206b-4e8c-9c25-160a76039853_21-9-aspect-ratio_default_0.jpg\" \/>\n\t<meta property=\"og:image:width\" content=\"1280\" \/>\n\t<meta property=\"og:image:height\" content=\"548\" \/>\n\t<meta property=\"og:image:type\" content=\"image\/jpeg\" \/>\n<meta name=\"author\" content=\"admin\" \/>\n<meta name=\"twitter:card\" content=\"summary_large_image\" \/>\n<meta name=\"twitter:label1\" content=\"Escrito por\" \/>\n\t<meta name=\"twitter:data1\" content=\"admin\" \/>\n\t<meta name=\"twitter:label2\" content=\"Tiempo de lectura\" \/>\n\t<meta name=\"twitter:data2\" content=\"3 minutos\" \/>\n<script type=\"application\/ld+json\" class=\"yoast-schema-graph\">{\"@context\":\"https:\\\/\\\/schema.org\",\"@graph\":[{\"@type\":\"Article\",\"@id\":\"https:\\\/\\\/www.cuencasmineras.com\\\/index.php\\\/2021\\\/03\\\/15\\\/el-acceso-al-futuro-ferial-de-talleres-del-conde-se-licitara-antes-del-verano\\\/#article\",\"isPartOf\":{\"@id\":\"https:\\\/\\\/www.cuencasmineras.com\\\/index.php\\\/2021\\\/03\\\/15\\\/el-acceso-al-futuro-ferial-de-talleres-del-conde-se-licitara-antes-del-verano\\\/\"},\"author\":{\"name\":\"admin\",\"@id\":\"https:\\\/\\\/www.cuencasmineras.com\\\/#\\\/schema\\\/person\\\/be0691310e8496ec555f679dd688420c\"},\"headline\":\"El acceso al futuro ferial de Talleres del Conde se licitar\u00e1 antes del verano\",\"datePublished\":\"2021-03-15T16:35:41+00:00\",\"mainEntityOfPage\":{\"@id\":\"https:\\\/\\\/www.cuencasmineras.com\\\/index.php\\\/2021\\\/03\\\/15\\\/el-acceso-al-futuro-ferial-de-talleres-del-conde-se-licitara-antes-del-verano\\\/\"},\"wordCount\":515,\"commentCount\":0,\"image\":{\"@id\":\"https:\\\/\\\/www.cuencasmineras.com\\\/index.php\\\/2021\\\/03\\\/15\\\/el-acceso-al-futuro-ferial-de-talleres-del-conde-se-licitara-antes-del-verano\\\/#primaryimage\"},\"thumbnailUrl\":\"https:\\\/\\\/www.cuencasmineras.com\\\/wp-content\\\/uploads\\\/2021\\\/03\\\/ac40da4c-206b-4e8c-9c25-160a76039853_21-9-aspect-ratio_default_0.jpg\",\"articleSection\":[\"CM NEWS\",\"Nal\u00f3n\"],\"inLanguage\":\"es\",\"potentialAction\":[{\"@type\":\"CommentAction\",\"name\":\"Comment\",\"target\":[\"https:\\\/\\\/www.cuencasmineras.com\\\/index.php\\\/2021\\\/03\\\/15\\\/el-acceso-al-futuro-ferial-de-talleres-del-conde-se-licitara-antes-del-verano\\\/#respond\"]}]},{\"@type\":\"WebPage\",\"@id\":\"https:\\\/\\\/www.cuencasmineras.com\\\/index.php\\\/2021\\\/03\\\/15\\\/el-acceso-al-futuro-ferial-de-talleres-del-conde-se-licitara-antes-del-verano\\\/\",\"url\":\"https:\\\/\\\/www.cuencasmineras.com\\\/index.php\\\/2021\\\/03\\\/15\\\/el-acceso-al-futuro-ferial-de-talleres-del-conde-se-licitara-antes-del-verano\\\/\",\"name\":\"El acceso al futuro ferial de Talleres del Conde se licitar\u00e1 antes del verano -\",\"isPartOf\":{\"@id\":\"https:\\\/\\\/www.cuencasmineras.com\\\/#website\"},\"primaryImageOfPage\":{\"@id\":\"https:\\\/\\\/www.cuencasmineras.com\\\/index.php\\\/2021\\\/03\\\/15\\\/el-acceso-al-futuro-ferial-de-talleres-del-conde-se-licitara-antes-del-verano\\\/#primaryimage\"},\"image\":{\"@id\":\"https:\\\/\\\/www.cuencasmineras.com\\\/index.php\\\/2021\\\/03\\\/15\\\/el-acceso-al-futuro-ferial-de-talleres-del-conde-se-licitara-antes-del-verano\\\/#primaryimage\"},\"thumbnailUrl\":\"https:\\\/\\\/www.cuencasmineras.com\\\/wp-content\\\/uploads\\\/2021\\\/03\\\/ac40da4c-206b-4e8c-9c25-160a76039853_21-9-aspect-ratio_default_0.jpg\",\"datePublished\":\"2021-03-15T16:35:41+00:00\",\"author\":{\"@id\":\"https:\\\/\\\/www.cuencasmineras.com\\\/#\\\/schema\\\/person\\\/be0691310e8496ec555f679dd688420c\"},\"description\":\"La actuaci\u00f3n, con un coste de 2,6 millones de euros, ser\u00e1 financiada con fondos mineros al igual que la rehabilitaci\u00f3n de las naves\",\"breadcrumb\":{\"@id\":\"https:\\\/\\\/www.cuencasmineras.com\\\/index.php\\\/2021\\\/03\\\/15\\\/el-acceso-al-futuro-ferial-de-talleres-del-conde-se-licitara-antes-del-verano\\\/#breadcrumb\"},\"inLanguage\":\"es\",\"potentialAction\":[{\"@type\":\"ReadAction\",\"target\":[\"https:\\\/\\\/www.cuencasmineras.com\\\/index.php\\\/2021\\\/03\\\/15\\\/el-acceso-al-futuro-ferial-de-talleres-del-conde-se-licitara-antes-del-verano\\\/\"]}]},{\"@type\":\"ImageObject\",\"inLanguage\":\"es\",\"@id\":\"https:\\\/\\\/www.cuencasmineras.com\\\/index.php\\\/2021\\\/03\\\/15\\\/el-acceso-al-futuro-ferial-de-talleres-del-conde-se-licitara-antes-del-verano\\\/#primaryimage\",\"url\":\"https:\\\/\\\/www.cuencasmineras.com\\\/wp-content\\\/uploads\\\/2021\\\/03\\\/ac40da4c-206b-4e8c-9c25-160a76039853_21-9-aspect-ratio_default_0.jpg\",\"contentUrl\":\"https:\\\/\\\/www.cuencasmineras.com\\\/wp-content\\\/uploads\\\/2021\\\/03\\\/ac40da4c-206b-4e8c-9c25-160a76039853_21-9-aspect-ratio_default_0.jpg\",\"width\":1280,\"height\":548},{\"@type\":\"BreadcrumbList\",\"@id\":\"https:\\\/\\\/www.cuencasmineras.com\\\/index.php\\\/2021\\\/03\\\/15\\\/el-acceso-al-futuro-ferial-de-talleres-del-conde-se-licitara-antes-del-verano\\\/#breadcrumb\",\"itemListElement\":[{\"@type\":\"ListItem\",\"position\":1,\"name\":\"Portada\",\"item\":\"https:\\\/\\\/www.cuencasmineras.com\\\/\"},{\"@type\":\"ListItem\",\"position\":2,\"name\":\"El acceso al futuro ferial de Talleres del Conde se licitar\u00e1 antes del verano\"}]},{\"@type\":\"WebSite\",\"@id\":\"https:\\\/\\\/www.cuencasmineras.com\\\/#website\",\"url\":\"https:\\\/\\\/www.cuencasmineras.com\\\/\",\"name\":\"\",\"description\":\"\",\"potentialAction\":[{\"@type\":\"SearchAction\",\"target\":{\"@type\":\"EntryPoint\",\"urlTemplate\":\"https:\\\/\\\/www.cuencasmineras.com\\\/?s={search_term_string}\"},\"query-input\":{\"@type\":\"PropertyValueSpecification\",\"valueRequired\":true,\"valueName\":\"search_term_string\"}}],\"inLanguage\":\"es\"},{\"@type\":\"Person\",\"@id\":\"https:\\\/\\\/www.cuencasmineras.com\\\/#\\\/schema\\\/person\\\/be0691310e8496ec555f679dd688420c\",\"name\":\"admin\",\"image\":{\"@type\":\"ImageObject\",\"inLanguage\":\"es\",\"@id\":\"https:\\\/\\\/secure.gravatar.com\\\/avatar\\\/4afd2eed3b2fbbf36dd6707b5bd8a5b50ac648f033e36fbf85aeace2f0f859db?s=96&d=mm&r=g\",\"url\":\"https:\\\/\\\/secure.gravatar.com\\\/avatar\\\/4afd2eed3b2fbbf36dd6707b5bd8a5b50ac648f033e36fbf85aeace2f0f859db?s=96&d=mm&r=g\",\"contentUrl\":\"https:\\\/\\\/secure.gravatar.com\\\/avatar\\\/4afd2eed3b2fbbf36dd6707b5bd8a5b50ac648f033e36fbf85aeace2f0f859db?s=96&d=mm&r=g\",\"caption\":\"admin\"},\"sameAs\":[\"https:\\\/\\\/www.cuencasmineras.com\"],\"url\":\"https:\\\/\\\/www.cuencasmineras.com\\\/index.php\\\/author\\\/admin\\\/\"}]}<\/script>\n<!-- \/ Yoast SEO plugin. -->","yoast_head_json":{"title":"El acceso al futuro ferial de Talleres del Conde se licitar\u00e1 antes del verano -","description":"La actuaci\u00f3n, con un coste de 2,6 millones de euros, ser\u00e1 financiada con fondos mineros al igual que la rehabilitaci\u00f3n de las naves","robots":{"index":"index","follow":"follow","max-snippet":"max-snippet:-1","max-image-preview":"max-image-preview:large","max-video-preview":"max-video-preview:-1"},"canonical":"https:\/\/www.cuencasmineras.com\/index.php\/2021\/03\/15\/el-acceso-al-futuro-ferial-de-talleres-del-conde-se-licitara-antes-del-verano\/","og_locale":"es_ES","og_type":"article","og_title":"El acceso al futuro ferial de Talleres del Conde se licitar\u00e1 antes del verano -","og_description":"La actuaci\u00f3n, con un coste de 2,6 millones de euros, ser\u00e1 financiada con fondos mineros al igual que la rehabilitaci\u00f3n de las naves","og_url":"https:\/\/www.cuencasmineras.com\/index.php\/2021\/03\/15\/el-acceso-al-futuro-ferial-de-talleres-del-conde-se-licitara-antes-del-verano\/","article_published_time":"2021-03-15T16:35:41+00:00","og_image":[{"width":1280,"height":548,"url":"https:\/\/www.cuencasmineras.com\/wp-content\/uploads\/2021\/03\/ac40da4c-206b-4e8c-9c25-160a76039853_21-9-aspect-ratio_default_0.jpg","type":"image\/jpeg"}],"author":"admin","twitter_card":"summary_large_image","twitter_misc":{"Escrito por":"admin","Tiempo de lectura":"3 minutos"},"schema":{"@context":"https:\/\/schema.org","@graph":[{"@type":"Article","@id":"https:\/\/www.cuencasmineras.com\/index.php\/2021\/03\/15\/el-acceso-al-futuro-ferial-de-talleres-del-conde-se-licitara-antes-del-verano\/#article","isPartOf":{"@id":"https:\/\/www.cuencasmineras.com\/index.php\/2021\/03\/15\/el-acceso-al-futuro-ferial-de-talleres-del-conde-se-licitara-antes-del-verano\/"},"author":{"name":"admin","@id":"https:\/\/www.cuencasmineras.com\/#\/schema\/person\/be0691310e8496ec555f679dd688420c"},"headline":"El acceso al futuro ferial de Talleres del Conde se licitar\u00e1 antes del verano","datePublished":"2021-03-15T16:35:41+00:00","mainEntityOfPage":{"@id":"https:\/\/www.cuencasmineras.com\/index.php\/2021\/03\/15\/el-acceso-al-futuro-ferial-de-talleres-del-conde-se-licitara-antes-del-verano\/"},"wordCount":515,"commentCount":0,"image":{"@id":"https:\/\/www.cuencasmineras.com\/index.php\/2021\/03\/15\/el-acceso-al-futuro-ferial-de-talleres-del-conde-se-licitara-antes-del-verano\/#primaryimage"},"thumbnailUrl":"https:\/\/www.cuencasmineras.com\/wp-content\/uploads\/2021\/03\/ac40da4c-206b-4e8c-9c25-160a76039853_21-9-aspect-ratio_default_0.jpg","articleSection":["CM NEWS","Nal\u00f3n"],"inLanguage":"es","potentialAction":[{"@type":"CommentAction","name":"Comment","target":["https:\/\/www.cuencasmineras.com\/index.php\/2021\/03\/15\/el-acceso-al-futuro-ferial-de-talleres-del-conde-se-licitara-antes-del-verano\/#respond"]}]},{"@type":"WebPage","@id":"https:\/\/www.cuencasmineras.com\/index.php\/2021\/03\/15\/el-acceso-al-futuro-ferial-de-talleres-del-conde-se-licitara-antes-del-verano\/","url":"https:\/\/www.cuencasmineras.com\/index.php\/2021\/03\/15\/el-acceso-al-futuro-ferial-de-talleres-del-conde-se-licitara-antes-del-verano\/","name":"El acceso al futuro ferial de Talleres del Conde se licitar\u00e1 antes del verano -","isPartOf":{"@id":"https:\/\/www.cuencasmineras.com\/#website"},"primaryImageOfPage":{"@id":"https:\/\/www.cuencasmineras.com\/index.php\/2021\/03\/15\/el-acceso-al-futuro-ferial-de-talleres-del-conde-se-licitara-antes-del-verano\/#primaryimage"},"image":{"@id":"https:\/\/www.cuencasmineras.com\/index.php\/2021\/03\/15\/el-acceso-al-futuro-ferial-de-talleres-del-conde-se-licitara-antes-del-verano\/#primaryimage"},"thumbnailUrl":"https:\/\/www.cuencasmineras.com\/wp-content\/uploads\/2021\/03\/ac40da4c-206b-4e8c-9c25-160a76039853_21-9-aspect-ratio_default_0.jpg","datePublished":"2021-03-15T16:35:41+00:00","author":{"@id":"https:\/\/www.cuencasmineras.com\/#\/schema\/person\/be0691310e8496ec555f679dd688420c"},"description":"La actuaci\u00f3n, con un coste de 2,6 millones de euros, ser\u00e1 financiada con fondos mineros al igual que la rehabilitaci\u00f3n de las naves","breadcrumb":{"@id":"https:\/\/www.cuencasmineras.com\/index.php\/2021\/03\/15\/el-acceso-al-futuro-ferial-de-talleres-del-conde-se-licitara-antes-del-verano\/#breadcrumb"},"inLanguage":"es","potentialAction":[{"@type":"ReadAction","target":["https:\/\/www.cuencasmineras.com\/index.php\/2021\/03\/15\/el-acceso-al-futuro-ferial-de-talleres-del-conde-se-licitara-antes-del-verano\/"]}]},{"@type":"ImageObject","inLanguage":"es","@id":"https:\/\/www.cuencasmineras.com\/index.php\/2021\/03\/15\/el-acceso-al-futuro-ferial-de-talleres-del-conde-se-licitara-antes-del-verano\/#primaryimage","url":"https:\/\/www.cuencasmineras.com\/wp-content\/uploads\/2021\/03\/ac40da4c-206b-4e8c-9c25-160a76039853_21-9-aspect-ratio_default_0.jpg","contentUrl":"https:\/\/www.cuencasmineras.com\/wp-content\/uploads\/2021\/03\/ac40da4c-206b-4e8c-9c25-160a76039853_21-9-aspect-ratio_default_0.jpg","width":1280,"height":548},{"@type":"BreadcrumbList","@id":"https:\/\/www.cuencasmineras.com\/index.php\/2021\/03\/15\/el-acceso-al-futuro-ferial-de-talleres-del-conde-se-licitara-antes-del-verano\/#breadcrumb","itemListElement":[{"@type":"ListItem","position":1,"name":"Portada","item":"https:\/\/www.cuencasmineras.com\/"},{"@type":"ListItem","position":2,"name":"El acceso al futuro ferial de Talleres del Conde se licitar\u00e1 antes del verano"}]},{"@type":"WebSite","@id":"https:\/\/www.cuencasmineras.com\/#website","url":"https:\/\/www.cuencasmineras.com\/","name":"","description":"","potentialAction":[{"@type":"SearchAction","target":{"@type":"EntryPoint","urlTemplate":"https:\/\/www.cuencasmineras.com\/?s={search_term_string}"},"query-input":{"@type":"PropertyValueSpecification","valueRequired":true,"valueName":"search_term_string"}}],"inLanguage":"es"},{"@type":"Person","@id":"https:\/\/www.cuencasmineras.com\/#\/schema\/person\/be0691310e8496ec555f679dd688420c","name":"admin","image":{"@type":"ImageObject","inLanguage":"es","@id":"https:\/\/secure.gravatar.com\/avatar\/4afd2eed3b2fbbf36dd6707b5bd8a5b50ac648f033e36fbf85aeace2f0f859db?s=96&d=mm&r=g","url":"https:\/\/secure.gravatar.com\/avatar\/4afd2eed3b2fbbf36dd6707b5bd8a5b50ac648f033e36fbf85aeace2f0f859db?s=96&d=mm&r=g","contentUrl":"https:\/\/secure.gravatar.com\/avatar\/4afd2eed3b2fbbf36dd6707b5bd8a5b50ac648f033e36fbf85aeace2f0f859db?s=96&d=mm&r=g","caption":"admin"},"sameAs":["https:\/\/www.cuencasmineras.com"],"url":"https:\/\/www.cuencasmineras.com\/index.php\/author\/admin\/"}]}},"_links":{"self":[{"href":"https:\/\/www.cuencasmineras.com\/index.php\/wp-json\/wp\/v2\/posts\/2071","targetHints":{"allow":["GET"]}}],"collection":[{"href":"https:\/\/www.cuencasmineras.com\/index.php\/wp-json\/wp\/v2\/posts"}],"about":[{"href":"https:\/\/www.cuencasmineras.com\/index.php\/wp-json\/wp\/v2\/types\/post"}],"author":[{"embeddable":true,"href":"https:\/\/www.cuencasmineras.com\/index.php\/wp-json\/wp\/v2\/users\/1"}],"replies":[{"embeddable":true,"href":"https:\/\/www.cuencasmineras.com\/index.php\/wp-json\/wp\/v2\/comments?post=2071"}],"version-history":[{"count":1,"href":"https:\/\/www.cuencasmineras.com\/index.php\/wp-json\/wp\/v2\/posts\/2071\/revisions"}],"predecessor-version":[{"id":2073,"href":"https:\/\/www.cuencasmineras.com\/index.php\/wp-json\/wp\/v2\/posts\/2071\/revisions\/2073"}],"wp:featuredmedia":[{"embeddable":true,"href":"https:\/\/www.cuencasmineras.com\/index.php\/wp-json\/wp\/v2\/media\/2072"}],"wp:attachment":[{"href":"https:\/\/www.cuencasmineras.com\/index.php\/wp-json\/wp\/v2\/media?parent=2071"}],"wp:term":[{"taxonomy":"category","embeddable":true,"href":"https:\/\/www.cuencasmineras.com\/index.php\/wp-json\/wp\/v2\/categories?post=2071"},{"taxonomy":"post_tag","embeddable":true,"href":"https:\/\/www.cuencasmineras.com\/index.php\/wp-json\/wp\/v2\/tags?post=2071"}],"curies":[{"name":"wp","href":"https:\/\/api.w.org\/{rel}","templated":true}]}}