{"id":2074,"date":"2021-03-15T16:37:50","date_gmt":"2021-03-15T16:37:50","guid":{"rendered":"https:\/\/www.cuencasmineras.com\/?p=2074"},"modified":"2021-03-15T16:37:50","modified_gmt":"2021-03-15T16:37:50","slug":"la-descontaminacion-de-la-milenaria-mina-de-texeo-ya-tiene-luz-verde-sera-un-icono","status":"publish","type":"post","link":"https:\/\/www.cuencasmineras.com\/index.php\/2021\/03\/15\/la-descontaminacion-de-la-milenaria-mina-de-texeo-ya-tiene-luz-verde-sera-un-icono\/","title":{"rendered":"La descontaminaci\u00f3n de la milenaria mina de Texeo ya tiene luz verde: \u201cSer\u00e1 un icono\u201d"},"content":{"rendered":"<p style=\"text-align: justify;\">El Gobierno del Principado acaba de informar por escrito al Ayuntamiento de Riosa del inminente desarrollo del convenio que dar\u00e1 paso al proyecto de descontaminaci\u00f3n de la zona de las antiguas minas y planta metal\u00fargica de Rioseco-Texeo. La Consejer\u00eda de Industria Empleo y Promoci\u00f3n Econ\u00f3mica remarca el prop\u00f3sito de la administraci\u00f3n auton\u00f3mica de establecer el marco de colaboraci\u00f3n necesario para abordar la actuaci\u00f3n este mismo a\u00f1o.<\/p>\n<p><img loading=\"lazy\" decoding=\"async\" class=\"aligncenter size-large wp-image-2075\" src=\"https:\/\/www.cuencasmineras.com\/wp-content\/uploads\/2021\/03\/91319b1f-41be-4d28-a739-857e6b7d8579_16-9-discover-aspect-ratio_default_0-1024x576.jpg\" alt=\"\" width=\"640\" height=\"360\" srcset=\"https:\/\/www.cuencasmineras.com\/wp-content\/uploads\/2021\/03\/91319b1f-41be-4d28-a739-857e6b7d8579_16-9-discover-aspect-ratio_default_0-1024x576.jpg 1024w, https:\/\/www.cuencasmineras.com\/wp-content\/uploads\/2021\/03\/91319b1f-41be-4d28-a739-857e6b7d8579_16-9-discover-aspect-ratio_default_0-300x169.jpg 300w, https:\/\/www.cuencasmineras.com\/wp-content\/uploads\/2021\/03\/91319b1f-41be-4d28-a739-857e6b7d8579_16-9-discover-aspect-ratio_default_0-768x432.jpg 768w, https:\/\/www.cuencasmineras.com\/wp-content\/uploads\/2021\/03\/91319b1f-41be-4d28-a739-857e6b7d8579_16-9-discover-aspect-ratio_default_0.jpg 1200w\" sizes=\"auto, (max-width: 640px) 100vw, 640px\" \/><\/p>\n<p style=\"text-align: justify;\">El Ayuntamiento de Riosa complet\u00f3 y present\u00f3 en su momento el proyecto al Instituto para la Reestructuraci\u00f3n de la Miner\u00eda del Carb\u00f3n y Desarrollo Alternativo de las Comarcas Mineras, ya que se financiar\u00e1 con cargo a los fondos mineros y se ejecutar\u00e1 en un plazo m\u00e1ximo de catorce meses.<\/p>\n<p style=\"text-align: justify;\">La descontaminaci\u00f3n de las antiguas minas y la planta metal\u00fargica requerir\u00e1 una inversi\u00f3n de 1,2 millones de euros, coste que ser\u00e1 financiado en un 75 por ciento por el Instituto de Transici\u00f3n Justa, mientras que el resto de la aportaci\u00f3n la cubrir\u00e1 el Principado.<\/p>\n<p style=\"text-align: justify;\">\u201cEstamos encantados con la confirmaci\u00f3n del proyecto, ya que se trata de una apuesta de este equipo de gobierno desde el minuto uno\u201d, explic\u00f3 ayer la alcaldesa de Riosa. Ana D\u00edaz (IU).<\/p>\n","protected":false},"excerpt":{"rendered":"<p>El Gobierno del Principado acaba de informar por escrito al Ayuntamiento de Riosa del inminente desarrollo del convenio que dar\u00e1 paso al proyecto de descontaminaci\u00f3n de la zona de las antiguas minas y planta metal\u00fargica de Rioseco-Texeo. La Consejer\u00eda de Industria Empleo y Promoci\u00f3n Econ\u00f3mica remarca el prop\u00f3sito de la administraci\u00f3n auton\u00f3mica de establecer el [&hellip;]<\/p>\n","protected":false},"author":1,"featured_media":2075,"comment_status":"open","ping_status":"open","sticky":false,"template":"","format":"standard","meta":{"footnotes":""},"categories":[7,6],"tags":[],"class_list":["post-2074","post","type-post","status-publish","format-standard","has-post-thumbnail","hentry","category-caudal","category-noticias"],"yoast_head":"<!-- This site is optimized with the Yoast SEO plugin v27.4 - https:\/\/yoast.com\/product\/yoast-seo-wordpress\/ -->\n<title>La descontaminaci\u00f3n de la milenaria mina de Texeo ya tiene luz verde: \u201cSer\u00e1 un icono\u201d -<\/title>\n<meta name=\"description\" content=\"El Principado comunica la tramitaci\u00f3n del convenio que liberar\u00e1 los 1,2 millones que se invertir\u00e1n en una actuaci\u00f3n pendiente desde 2001\" \/>\n<meta name=\"robots\" content=\"index, follow, max-snippet:-1, max-image-preview:large, max-video-preview:-1\" \/>\n<link rel=\"canonical\" href=\"https:\/\/www.cuencasmineras.com\/index.php\/2021\/03\/15\/la-descontaminacion-de-la-milenaria-mina-de-texeo-ya-tiene-luz-verde-sera-un-icono\/\" \/>\n<meta property=\"og:locale\" content=\"es_ES\" \/>\n<meta property=\"og:type\" content=\"article\" \/>\n<meta property=\"og:title\" content=\"La descontaminaci\u00f3n de la milenaria mina de Texeo ya tiene luz verde: \u201cSer\u00e1 un icono\u201d -\" \/>\n<meta property=\"og:description\" content=\"El Principado comunica la tramitaci\u00f3n del convenio que liberar\u00e1 los 1,2 millones que se invertir\u00e1n en una actuaci\u00f3n pendiente desde 2001\" \/>\n<meta property=\"og:url\" content=\"https:\/\/www.cuencasmineras.com\/index.php\/2021\/03\/15\/la-descontaminacion-de-la-milenaria-mina-de-texeo-ya-tiene-luz-verde-sera-un-icono\/\" \/>\n<meta property=\"article:published_time\" content=\"2021-03-15T16:37:50+00:00\" \/>\n<meta property=\"og:image\" content=\"https:\/\/www.cuencasmineras.com\/wp-content\/uploads\/2021\/03\/91319b1f-41be-4d28-a739-857e6b7d8579_16-9-discover-aspect-ratio_default_0.jpg\" \/>\n\t<meta property=\"og:image:width\" content=\"1200\" \/>\n\t<meta property=\"og:image:height\" content=\"675\" \/>\n\t<meta property=\"og:image:type\" content=\"image\/jpeg\" \/>\n<meta name=\"author\" content=\"admin\" \/>\n<meta name=\"twitter:card\" content=\"summary_large_image\" \/>\n<meta name=\"twitter:label1\" content=\"Escrito por\" \/>\n\t<meta name=\"twitter:data1\" content=\"admin\" \/>\n\t<meta name=\"twitter:label2\" content=\"Tiempo de lectura\" \/>\n\t<meta name=\"twitter:data2\" content=\"2 minutos\" \/>\n<script type=\"application\/ld+json\" class=\"yoast-schema-graph\">{\"@context\":\"https:\\\/\\\/schema.org\",\"@graph\":[{\"@type\":\"Article\",\"@id\":\"https:\\\/\\\/www.cuencasmineras.com\\\/index.php\\\/2021\\\/03\\\/15\\\/la-descontaminacion-de-la-milenaria-mina-de-texeo-ya-tiene-luz-verde-sera-un-icono\\\/#article\",\"isPartOf\":{\"@id\":\"https:\\\/\\\/www.cuencasmineras.com\\\/index.php\\\/2021\\\/03\\\/15\\\/la-descontaminacion-de-la-milenaria-mina-de-texeo-ya-tiene-luz-verde-sera-un-icono\\\/\"},\"author\":{\"name\":\"admin\",\"@id\":\"https:\\\/\\\/www.cuencasmineras.com\\\/#\\\/schema\\\/person\\\/be0691310e8496ec555f679dd688420c\"},\"headline\":\"La descontaminaci\u00f3n de la milenaria mina de Texeo ya tiene luz verde: \u201cSer\u00e1 un icono\u201d\",\"datePublished\":\"2021-03-15T16:37:50+00:00\",\"mainEntityOfPage\":{\"@id\":\"https:\\\/\\\/www.cuencasmineras.com\\\/index.php\\\/2021\\\/03\\\/15\\\/la-descontaminacion-de-la-milenaria-mina-de-texeo-ya-tiene-luz-verde-sera-un-icono\\\/\"},\"wordCount\":227,\"commentCount\":0,\"image\":{\"@id\":\"https:\\\/\\\/www.cuencasmineras.com\\\/index.php\\\/2021\\\/03\\\/15\\\/la-descontaminacion-de-la-milenaria-mina-de-texeo-ya-tiene-luz-verde-sera-un-icono\\\/#primaryimage\"},\"thumbnailUrl\":\"https:\\\/\\\/www.cuencasmineras.com\\\/wp-content\\\/uploads\\\/2021\\\/03\\\/91319b1f-41be-4d28-a739-857e6b7d8579_16-9-discover-aspect-ratio_default_0.jpg\",\"articleSection\":[\"Caudal\",\"CM NEWS\"],\"inLanguage\":\"es\",\"potentialAction\":[{\"@type\":\"CommentAction\",\"name\":\"Comment\",\"target\":[\"https:\\\/\\\/www.cuencasmineras.com\\\/index.php\\\/2021\\\/03\\\/15\\\/la-descontaminacion-de-la-milenaria-mina-de-texeo-ya-tiene-luz-verde-sera-un-icono\\\/#respond\"]}]},{\"@type\":\"WebPage\",\"@id\":\"https:\\\/\\\/www.cuencasmineras.com\\\/index.php\\\/2021\\\/03\\\/15\\\/la-descontaminacion-de-la-milenaria-mina-de-texeo-ya-tiene-luz-verde-sera-un-icono\\\/\",\"url\":\"https:\\\/\\\/www.cuencasmineras.com\\\/index.php\\\/2021\\\/03\\\/15\\\/la-descontaminacion-de-la-milenaria-mina-de-texeo-ya-tiene-luz-verde-sera-un-icono\\\/\",\"name\":\"La descontaminaci\u00f3n de la milenaria mina de Texeo ya tiene luz verde: \u201cSer\u00e1 un icono\u201d -\",\"isPartOf\":{\"@id\":\"https:\\\/\\\/www.cuencasmineras.com\\\/#website\"},\"primaryImageOfPage\":{\"@id\":\"https:\\\/\\\/www.cuencasmineras.com\\\/index.php\\\/2021\\\/03\\\/15\\\/la-descontaminacion-de-la-milenaria-mina-de-texeo-ya-tiene-luz-verde-sera-un-icono\\\/#primaryimage\"},\"image\":{\"@id\":\"https:\\\/\\\/www.cuencasmineras.com\\\/index.php\\\/2021\\\/03\\\/15\\\/la-descontaminacion-de-la-milenaria-mina-de-texeo-ya-tiene-luz-verde-sera-un-icono\\\/#primaryimage\"},\"thumbnailUrl\":\"https:\\\/\\\/www.cuencasmineras.com\\\/wp-content\\\/uploads\\\/2021\\\/03\\\/91319b1f-41be-4d28-a739-857e6b7d8579_16-9-discover-aspect-ratio_default_0.jpg\",\"datePublished\":\"2021-03-15T16:37:50+00:00\",\"author\":{\"@id\":\"https:\\\/\\\/www.cuencasmineras.com\\\/#\\\/schema\\\/person\\\/be0691310e8496ec555f679dd688420c\"},\"description\":\"El Principado comunica la tramitaci\u00f3n del convenio que liberar\u00e1 los 1,2 millones que se invertir\u00e1n en una actuaci\u00f3n pendiente desde 2001\",\"breadcrumb\":{\"@id\":\"https:\\\/\\\/www.cuencasmineras.com\\\/index.php\\\/2021\\\/03\\\/15\\\/la-descontaminacion-de-la-milenaria-mina-de-texeo-ya-tiene-luz-verde-sera-un-icono\\\/#breadcrumb\"},\"inLanguage\":\"es\",\"potentialAction\":[{\"@type\":\"ReadAction\",\"target\":[\"https:\\\/\\\/www.cuencasmineras.com\\\/index.php\\\/2021\\\/03\\\/15\\\/la-descontaminacion-de-la-milenaria-mina-de-texeo-ya-tiene-luz-verde-sera-un-icono\\\/\"]}]},{\"@type\":\"ImageObject\",\"inLanguage\":\"es\",\"@id\":\"https:\\\/\\\/www.cuencasmineras.com\\\/index.php\\\/2021\\\/03\\\/15\\\/la-descontaminacion-de-la-milenaria-mina-de-texeo-ya-tiene-luz-verde-sera-un-icono\\\/#primaryimage\",\"url\":\"https:\\\/\\\/www.cuencasmineras.com\\\/wp-content\\\/uploads\\\/2021\\\/03\\\/91319b1f-41be-4d28-a739-857e6b7d8579_16-9-discover-aspect-ratio_default_0.jpg\",\"contentUrl\":\"https:\\\/\\\/www.cuencasmineras.com\\\/wp-content\\\/uploads\\\/2021\\\/03\\\/91319b1f-41be-4d28-a739-857e6b7d8579_16-9-discover-aspect-ratio_default_0.jpg\",\"width\":1200,\"height\":675},{\"@type\":\"BreadcrumbList\",\"@id\":\"https:\\\/\\\/www.cuencasmineras.com\\\/index.php\\\/2021\\\/03\\\/15\\\/la-descontaminacion-de-la-milenaria-mina-de-texeo-ya-tiene-luz-verde-sera-un-icono\\\/#breadcrumb\",\"itemListElement\":[{\"@type\":\"ListItem\",\"position\":1,\"name\":\"Portada\",\"item\":\"https:\\\/\\\/www.cuencasmineras.com\\\/\"},{\"@type\":\"ListItem\",\"position\":2,\"name\":\"La descontaminaci\u00f3n de la milenaria mina de Texeo ya tiene luz verde: \u201cSer\u00e1 un icono\u201d\"}]},{\"@type\":\"WebSite\",\"@id\":\"https:\\\/\\\/www.cuencasmineras.com\\\/#website\",\"url\":\"https:\\\/\\\/www.cuencasmineras.com\\\/\",\"name\":\"\",\"description\":\"\",\"potentialAction\":[{\"@type\":\"SearchAction\",\"target\":{\"@type\":\"EntryPoint\",\"urlTemplate\":\"https:\\\/\\\/www.cuencasmineras.com\\\/?s={search_term_string}\"},\"query-input\":{\"@type\":\"PropertyValueSpecification\",\"valueRequired\":true,\"valueName\":\"search_term_string\"}}],\"inLanguage\":\"es\"},{\"@type\":\"Person\",\"@id\":\"https:\\\/\\\/www.cuencasmineras.com\\\/#\\\/schema\\\/person\\\/be0691310e8496ec555f679dd688420c\",\"name\":\"admin\",\"image\":{\"@type\":\"ImageObject\",\"inLanguage\":\"es\",\"@id\":\"https:\\\/\\\/secure.gravatar.com\\\/avatar\\\/4afd2eed3b2fbbf36dd6707b5bd8a5b50ac648f033e36fbf85aeace2f0f859db?s=96&d=mm&r=g\",\"url\":\"https:\\\/\\\/secure.gravatar.com\\\/avatar\\\/4afd2eed3b2fbbf36dd6707b5bd8a5b50ac648f033e36fbf85aeace2f0f859db?s=96&d=mm&r=g\",\"contentUrl\":\"https:\\\/\\\/secure.gravatar.com\\\/avatar\\\/4afd2eed3b2fbbf36dd6707b5bd8a5b50ac648f033e36fbf85aeace2f0f859db?s=96&d=mm&r=g\",\"caption\":\"admin\"},\"sameAs\":[\"https:\\\/\\\/www.cuencasmineras.com\"],\"url\":\"https:\\\/\\\/www.cuencasmineras.com\\\/index.php\\\/author\\\/admin\\\/\"}]}<\/script>\n<!-- \/ Yoast SEO plugin. -->","yoast_head_json":{"title":"La descontaminaci\u00f3n de la milenaria mina de Texeo ya tiene luz verde: \u201cSer\u00e1 un icono\u201d -","description":"El Principado comunica la tramitaci\u00f3n del convenio que liberar\u00e1 los 1,2 millones que se invertir\u00e1n en una actuaci\u00f3n pendiente desde 2001","robots":{"index":"index","follow":"follow","max-snippet":"max-snippet:-1","max-image-preview":"max-image-preview:large","max-video-preview":"max-video-preview:-1"},"canonical":"https:\/\/www.cuencasmineras.com\/index.php\/2021\/03\/15\/la-descontaminacion-de-la-milenaria-mina-de-texeo-ya-tiene-luz-verde-sera-un-icono\/","og_locale":"es_ES","og_type":"article","og_title":"La descontaminaci\u00f3n de la milenaria mina de Texeo ya tiene luz verde: \u201cSer\u00e1 un icono\u201d -","og_description":"El Principado comunica la tramitaci\u00f3n del convenio que liberar\u00e1 los 1,2 millones que se invertir\u00e1n en una actuaci\u00f3n pendiente desde 2001","og_url":"https:\/\/www.cuencasmineras.com\/index.php\/2021\/03\/15\/la-descontaminacion-de-la-milenaria-mina-de-texeo-ya-tiene-luz-verde-sera-un-icono\/","article_published_time":"2021-03-15T16:37:50+00:00","og_image":[{"width":1200,"height":675,"url":"https:\/\/www.cuencasmineras.com\/wp-content\/uploads\/2021\/03\/91319b1f-41be-4d28-a739-857e6b7d8579_16-9-discover-aspect-ratio_default_0.jpg","type":"image\/jpeg"}],"author":"admin","twitter_card":"summary_large_image","twitter_misc":{"Escrito por":"admin","Tiempo de lectura":"2 minutos"},"schema":{"@context":"https:\/\/schema.org","@graph":[{"@type":"Article","@id":"https:\/\/www.cuencasmineras.com\/index.php\/2021\/03\/15\/la-descontaminacion-de-la-milenaria-mina-de-texeo-ya-tiene-luz-verde-sera-un-icono\/#article","isPartOf":{"@id":"https:\/\/www.cuencasmineras.com\/index.php\/2021\/03\/15\/la-descontaminacion-de-la-milenaria-mina-de-texeo-ya-tiene-luz-verde-sera-un-icono\/"},"author":{"name":"admin","@id":"https:\/\/www.cuencasmineras.com\/#\/schema\/person\/be0691310e8496ec555f679dd688420c"},"headline":"La descontaminaci\u00f3n de la milenaria mina de Texeo ya tiene luz verde: \u201cSer\u00e1 un icono\u201d","datePublished":"2021-03-15T16:37:50+00:00","mainEntityOfPage":{"@id":"https:\/\/www.cuencasmineras.com\/index.php\/2021\/03\/15\/la-descontaminacion-de-la-milenaria-mina-de-texeo-ya-tiene-luz-verde-sera-un-icono\/"},"wordCount":227,"commentCount":0,"image":{"@id":"https:\/\/www.cuencasmineras.com\/index.php\/2021\/03\/15\/la-descontaminacion-de-la-milenaria-mina-de-texeo-ya-tiene-luz-verde-sera-un-icono\/#primaryimage"},"thumbnailUrl":"https:\/\/www.cuencasmineras.com\/wp-content\/uploads\/2021\/03\/91319b1f-41be-4d28-a739-857e6b7d8579_16-9-discover-aspect-ratio_default_0.jpg","articleSection":["Caudal","CM NEWS"],"inLanguage":"es","potentialAction":[{"@type":"CommentAction","name":"Comment","target":["https:\/\/www.cuencasmineras.com\/index.php\/2021\/03\/15\/la-descontaminacion-de-la-milenaria-mina-de-texeo-ya-tiene-luz-verde-sera-un-icono\/#respond"]}]},{"@type":"WebPage","@id":"https:\/\/www.cuencasmineras.com\/index.php\/2021\/03\/15\/la-descontaminacion-de-la-milenaria-mina-de-texeo-ya-tiene-luz-verde-sera-un-icono\/","url":"https:\/\/www.cuencasmineras.com\/index.php\/2021\/03\/15\/la-descontaminacion-de-la-milenaria-mina-de-texeo-ya-tiene-luz-verde-sera-un-icono\/","name":"La descontaminaci\u00f3n de la milenaria mina de Texeo ya tiene luz verde: \u201cSer\u00e1 un icono\u201d -","isPartOf":{"@id":"https:\/\/www.cuencasmineras.com\/#website"},"primaryImageOfPage":{"@id":"https:\/\/www.cuencasmineras.com\/index.php\/2021\/03\/15\/la-descontaminacion-de-la-milenaria-mina-de-texeo-ya-tiene-luz-verde-sera-un-icono\/#primaryimage"},"image":{"@id":"https:\/\/www.cuencasmineras.com\/index.php\/2021\/03\/15\/la-descontaminacion-de-la-milenaria-mina-de-texeo-ya-tiene-luz-verde-sera-un-icono\/#primaryimage"},"thumbnailUrl":"https:\/\/www.cuencasmineras.com\/wp-content\/uploads\/2021\/03\/91319b1f-41be-4d28-a739-857e6b7d8579_16-9-discover-aspect-ratio_default_0.jpg","datePublished":"2021-03-15T16:37:50+00:00","author":{"@id":"https:\/\/www.cuencasmineras.com\/#\/schema\/person\/be0691310e8496ec555f679dd688420c"},"description":"El Principado comunica la tramitaci\u00f3n del convenio que liberar\u00e1 los 1,2 millones que se invertir\u00e1n en una actuaci\u00f3n pendiente desde 2001","breadcrumb":{"@id":"https:\/\/www.cuencasmineras.com\/index.php\/2021\/03\/15\/la-descontaminacion-de-la-milenaria-mina-de-texeo-ya-tiene-luz-verde-sera-un-icono\/#breadcrumb"},"inLanguage":"es","potentialAction":[{"@type":"ReadAction","target":["https:\/\/www.cuencasmineras.com\/index.php\/2021\/03\/15\/la-descontaminacion-de-la-milenaria-mina-de-texeo-ya-tiene-luz-verde-sera-un-icono\/"]}]},{"@type":"ImageObject","inLanguage":"es","@id":"https:\/\/www.cuencasmineras.com\/index.php\/2021\/03\/15\/la-descontaminacion-de-la-milenaria-mina-de-texeo-ya-tiene-luz-verde-sera-un-icono\/#primaryimage","url":"https:\/\/www.cuencasmineras.com\/wp-content\/uploads\/2021\/03\/91319b1f-41be-4d28-a739-857e6b7d8579_16-9-discover-aspect-ratio_default_0.jpg","contentUrl":"https:\/\/www.cuencasmineras.com\/wp-content\/uploads\/2021\/03\/91319b1f-41be-4d28-a739-857e6b7d8579_16-9-discover-aspect-ratio_default_0.jpg","width":1200,"height":675},{"@type":"BreadcrumbList","@id":"https:\/\/www.cuencasmineras.com\/index.php\/2021\/03\/15\/la-descontaminacion-de-la-milenaria-mina-de-texeo-ya-tiene-luz-verde-sera-un-icono\/#breadcrumb","itemListElement":[{"@type":"ListItem","position":1,"name":"Portada","item":"https:\/\/www.cuencasmineras.com\/"},{"@type":"ListItem","position":2,"name":"La descontaminaci\u00f3n de la milenaria mina de Texeo ya tiene luz verde: \u201cSer\u00e1 un icono\u201d"}]},{"@type":"WebSite","@id":"https:\/\/www.cuencasmineras.com\/#website","url":"https:\/\/www.cuencasmineras.com\/","name":"","description":"","potentialAction":[{"@type":"SearchAction","target":{"@type":"EntryPoint","urlTemplate":"https:\/\/www.cuencasmineras.com\/?s={search_term_string}"},"query-input":{"@type":"PropertyValueSpecification","valueRequired":true,"valueName":"search_term_string"}}],"inLanguage":"es"},{"@type":"Person","@id":"https:\/\/www.cuencasmineras.com\/#\/schema\/person\/be0691310e8496ec555f679dd688420c","name":"admin","image":{"@type":"ImageObject","inLanguage":"es","@id":"https:\/\/secure.gravatar.com\/avatar\/4afd2eed3b2fbbf36dd6707b5bd8a5b50ac648f033e36fbf85aeace2f0f859db?s=96&d=mm&r=g","url":"https:\/\/secure.gravatar.com\/avatar\/4afd2eed3b2fbbf36dd6707b5bd8a5b50ac648f033e36fbf85aeace2f0f859db?s=96&d=mm&r=g","contentUrl":"https:\/\/secure.gravatar.com\/avatar\/4afd2eed3b2fbbf36dd6707b5bd8a5b50ac648f033e36fbf85aeace2f0f859db?s=96&d=mm&r=g","caption":"admin"},"sameAs":["https:\/\/www.cuencasmineras.com"],"url":"https:\/\/www.cuencasmineras.com\/index.php\/author\/admin\/"}]}},"_links":{"self":[{"href":"https:\/\/www.cuencasmineras.com\/index.php\/wp-json\/wp\/v2\/posts\/2074","targetHints":{"allow":["GET"]}}],"collection":[{"href":"https:\/\/www.cuencasmineras.com\/index.php\/wp-json\/wp\/v2\/posts"}],"about":[{"href":"https:\/\/www.cuencasmineras.com\/index.php\/wp-json\/wp\/v2\/types\/post"}],"author":[{"embeddable":true,"href":"https:\/\/www.cuencasmineras.com\/index.php\/wp-json\/wp\/v2\/users\/1"}],"replies":[{"embeddable":true,"href":"https:\/\/www.cuencasmineras.com\/index.php\/wp-json\/wp\/v2\/comments?post=2074"}],"version-history":[{"count":1,"href":"https:\/\/www.cuencasmineras.com\/index.php\/wp-json\/wp\/v2\/posts\/2074\/revisions"}],"predecessor-version":[{"id":2076,"href":"https:\/\/www.cuencasmineras.com\/index.php\/wp-json\/wp\/v2\/posts\/2074\/revisions\/2076"}],"wp:featuredmedia":[{"embeddable":true,"href":"https:\/\/www.cuencasmineras.com\/index.php\/wp-json\/wp\/v2\/media\/2075"}],"wp:attachment":[{"href":"https:\/\/www.cuencasmineras.com\/index.php\/wp-json\/wp\/v2\/media?parent=2074"}],"wp:term":[{"taxonomy":"category","embeddable":true,"href":"https:\/\/www.cuencasmineras.com\/index.php\/wp-json\/wp\/v2\/categories?post=2074"},{"taxonomy":"post_tag","embeddable":true,"href":"https:\/\/www.cuencasmineras.com\/index.php\/wp-json\/wp\/v2\/tags?post=2074"}],"curies":[{"name":"wp","href":"https:\/\/api.w.org\/{rel}","templated":true}]}}