{"id":2091,"date":"2021-03-17T10:00:09","date_gmt":"2021-03-17T10:00:09","guid":{"rendered":"https:\/\/www.cuencasmineras.com\/?p=2091"},"modified":"2021-03-17T10:00:09","modified_gmt":"2021-03-17T10:00:09","slug":"foro-solicita-la-mejora-de-la-carretera-mi-5-que-une-la-rebaldana-con-la-cabana-en-turon","status":"publish","type":"post","link":"https:\/\/www.cuencasmineras.com\/index.php\/2021\/03\/17\/foro-solicita-la-mejora-de-la-carretera-mi-5-que-une-la-rebaldana-con-la-cabana-en-turon\/","title":{"rendered":"FORO solicita la mejora de la carretera MI-5 que une La Rebaldana con La Cabana, en Tur\u00f3n"},"content":{"rendered":"<p align=\"JUSTIFY\"><span style=\"font-family: Arial, serif;\"><span style=\"font-size: x-large;\"><b>Javier Rodr\u00edguez: \u201cDesde FORO Mieres solicitamos la mejora de la carretera MI-5 que une La Rebaldana con La Cabana, en Tur\u00f3n\u201d<\/b><\/span><\/span><\/p>\n<ul>\n<li>\n<p align=\"JUSTIFY\"><a name=\"_Hlk35450519\"><\/a> \u201c<span style=\"font-family: Arial, serif;\"><span style=\"font-size: large;\"><b>Hay que tomar medidas de inmediato y arreglar los baches y las grietas del firme porque suponen un riesgo para los conductores\u201d<\/b><\/span><\/span><\/p>\n<\/li>\n<li>\n<p align=\"JUSTIFY\"><a name=\"_Hlk35283302\"><\/a> \u201c<span style=\"font-family: Arial, serif;\"><span style=\"font-size: large;\"><b>Es un vial muy transitado por ser el acceso a numerosas fincas r\u00fasticas y a la explotaci\u00f3n ganadera de Monte Polio, gran atractivo tur\u00edstico del concejo\u201d<\/b><\/span><\/span><\/p>\n<\/li>\n<\/ul>\n<p>&nbsp;<\/p>\n<p align=\"JUSTIFY\"><span style=\"font-family: Arial, serif;\"><span style=\"font-size: large;\"><u><b>17.03.2021 (Mieres)<\/b><\/u><\/span><\/span><span style=\"font-family: Arial, serif;\"><span style=\"font-size: large;\"><u>.-<\/u><\/span><\/span><span style=\"font-family: Arial, serif;\"><span style=\"font-size: large;\"> El portavoz y Vicesecretario de Comunicaci\u00f3n de FORO Mieres, Javier Rodr\u00edguez, ha anunciado hoy que \u201cdesde FORO Mieres solicitamos al Ayuntamiento que realice las gestiones necesarias para que el Principado acometa cuanto antes la mejora del tramo de carretera MI-5 que une La Rebaldana con La Cabana, en Tur\u00f3n\u201d.<\/span><\/span><\/p>\n<p align=\"JUSTIFY\">\u201c<span style=\"font-family: Arial, serif;\"><span style=\"font-size: large;\">Hay que tomar medidas de inmediato y arreglar los baches y las grietas del firme porque suponen un riesgo para los conductores\u201d, ha indicado el representante forista, seg\u00fan quien, \u201ces un vial muy transitado por ser el acceso a numerosas fincas r\u00fasticas y a Monte Polio, uno de los principales recursos ganaderos que se ha convertido en un gran atractivo tur\u00edstico del concejo\u201d.<\/span><\/span><\/p>\n<p align=\"JUSTIFY\"><span style=\"color: #222222;\">\u201c<span style=\"font-family: Arial, serif;\"><span style=\"font-size: large;\">Desde FORO Mieres hemos comprobado de primera mano el mal estado en el que se encuentran diferentes tramos de la carretera y creemos que pueden crear un grave problema si no se toman medidas de inmediato\u201d, concluye Rodr\u00edguez.<\/span><\/span><\/span><\/p>\n<p align=\"JUSTIFY\">\n<p align=\"JUSTIFY\"><img loading=\"lazy\" decoding=\"async\" class=\"aligncenter size-large wp-image-2092\" src=\"https:\/\/www.cuencasmineras.com\/wp-content\/uploads\/2021\/03\/2021.03.17-FOTOGRAFIA-FORO-MIERES.-CARRETERA-MI-5-TRAMO-REBALDANA-LA-CABANA-1-874x1024.jpg\" alt=\"\" width=\"640\" height=\"750\" srcset=\"https:\/\/www.cuencasmineras.com\/wp-content\/uploads\/2021\/03\/2021.03.17-FOTOGRAFIA-FORO-MIERES.-CARRETERA-MI-5-TRAMO-REBALDANA-LA-CABANA-1-874x1024.jpg 874w, https:\/\/www.cuencasmineras.com\/wp-content\/uploads\/2021\/03\/2021.03.17-FOTOGRAFIA-FORO-MIERES.-CARRETERA-MI-5-TRAMO-REBALDANA-LA-CABANA-1-256x300.jpg 256w, https:\/\/www.cuencasmineras.com\/wp-content\/uploads\/2021\/03\/2021.03.17-FOTOGRAFIA-FORO-MIERES.-CARRETERA-MI-5-TRAMO-REBALDANA-LA-CABANA-1-768x900.jpg 768w, https:\/\/www.cuencasmineras.com\/wp-content\/uploads\/2021\/03\/2021.03.17-FOTOGRAFIA-FORO-MIERES.-CARRETERA-MI-5-TRAMO-REBALDANA-LA-CABANA-1.jpg 969w\" sizes=\"auto, (max-width: 640px) 100vw, 640px\" \/> <img loading=\"lazy\" decoding=\"async\" class=\"aligncenter size-large wp-image-2093\" src=\"https:\/\/www.cuencasmineras.com\/wp-content\/uploads\/2021\/03\/2021.03.17-FOTOGRAFIA-FORO-MIERES.-CARRETERA-MI-5-TRAMO-REBALDANA-LA-CABANA-2-1024x731.jpg\" alt=\"\" width=\"640\" height=\"457\" srcset=\"https:\/\/www.cuencasmineras.com\/wp-content\/uploads\/2021\/03\/2021.03.17-FOTOGRAFIA-FORO-MIERES.-CARRETERA-MI-5-TRAMO-REBALDANA-LA-CABANA-2-1024x731.jpg 1024w, https:\/\/www.cuencasmineras.com\/wp-content\/uploads\/2021\/03\/2021.03.17-FOTOGRAFIA-FORO-MIERES.-CARRETERA-MI-5-TRAMO-REBALDANA-LA-CABANA-2-300x214.jpg 300w, https:\/\/www.cuencasmineras.com\/wp-content\/uploads\/2021\/03\/2021.03.17-FOTOGRAFIA-FORO-MIERES.-CARRETERA-MI-5-TRAMO-REBALDANA-LA-CABANA-2-768x548.jpg 768w, https:\/\/www.cuencasmineras.com\/wp-content\/uploads\/2021\/03\/2021.03.17-FOTOGRAFIA-FORO-MIERES.-CARRETERA-MI-5-TRAMO-REBALDANA-LA-CABANA-2.jpg 1080w\" sizes=\"auto, (max-width: 640px) 100vw, 640px\" \/> <img loading=\"lazy\" decoding=\"async\" class=\"aligncenter size-large wp-image-2094\" src=\"https:\/\/www.cuencasmineras.com\/wp-content\/uploads\/2021\/03\/2021.03.17-FOTOGRAFIA-FORO-MIERES.-CARRETERA-MI-5-TRAMO-REBALDANA-LA-CABANA-3.jpg\" alt=\"\" width=\"640\" height=\"565\" srcset=\"https:\/\/www.cuencasmineras.com\/wp-content\/uploads\/2021\/03\/2021.03.17-FOTOGRAFIA-FORO-MIERES.-CARRETERA-MI-5-TRAMO-REBALDANA-LA-CABANA-3.jpg 839w, https:\/\/www.cuencasmineras.com\/wp-content\/uploads\/2021\/03\/2021.03.17-FOTOGRAFIA-FORO-MIERES.-CARRETERA-MI-5-TRAMO-REBALDANA-LA-CABANA-3-300x265.jpg 300w, https:\/\/www.cuencasmineras.com\/wp-content\/uploads\/2021\/03\/2021.03.17-FOTOGRAFIA-FORO-MIERES.-CARRETERA-MI-5-TRAMO-REBALDANA-LA-CABANA-3-768x678.jpg 768w\" sizes=\"auto, (max-width: 640px) 100vw, 640px\" \/> <img loading=\"lazy\" decoding=\"async\" class=\"aligncenter size-large wp-image-2095\" src=\"https:\/\/www.cuencasmineras.com\/wp-content\/uploads\/2021\/03\/2021.03.17-FOTOGRAFIA-FORO-MIERES.-CARRETERA-MI-5-TRAMO-REBALDANA-LA-CABANA-4-1024x796.jpg\" alt=\"\" width=\"640\" height=\"498\" srcset=\"https:\/\/www.cuencasmineras.com\/wp-content\/uploads\/2021\/03\/2021.03.17-FOTOGRAFIA-FORO-MIERES.-CARRETERA-MI-5-TRAMO-REBALDANA-LA-CABANA-4-1024x796.jpg 1024w, https:\/\/www.cuencasmineras.com\/wp-content\/uploads\/2021\/03\/2021.03.17-FOTOGRAFIA-FORO-MIERES.-CARRETERA-MI-5-TRAMO-REBALDANA-LA-CABANA-4-300x233.jpg 300w, https:\/\/www.cuencasmineras.com\/wp-content\/uploads\/2021\/03\/2021.03.17-FOTOGRAFIA-FORO-MIERES.-CARRETERA-MI-5-TRAMO-REBALDANA-LA-CABANA-4-768x597.jpg 768w, https:\/\/www.cuencasmineras.com\/wp-content\/uploads\/2021\/03\/2021.03.17-FOTOGRAFIA-FORO-MIERES.-CARRETERA-MI-5-TRAMO-REBALDANA-LA-CABANA-4.jpg 1079w\" sizes=\"auto, (max-width: 640px) 100vw, 640px\" \/><\/p>\n","protected":false},"excerpt":{"rendered":"<p>Javier Rodr\u00edguez: \u201cDesde FORO Mieres solicitamos la mejora de la carretera MI-5 que une La Rebaldana con La Cabana, en Tur\u00f3n\u201d \u201cHay que tomar medidas de inmediato y arreglar los baches y las grietas del firme porque suponen un riesgo para los conductores\u201d \u201cEs un vial muy transitado por ser el acceso a numerosas fincas [&hellip;]<\/p>\n","protected":false},"author":1,"featured_media":0,"comment_status":"open","ping_status":"open","sticky":false,"template":"","format":"standard","meta":{"footnotes":""},"categories":[7,6],"tags":[],"class_list":["post-2091","post","type-post","status-publish","format-standard","hentry","category-caudal","category-noticias"],"yoast_head":"<!-- This site is optimized with the Yoast SEO plugin v27.4 - https:\/\/yoast.com\/product\/yoast-seo-wordpress\/ -->\n<title>FORO solicita la mejora de la carretera MI-5 que une La Rebaldana con La Cabana, en Tur\u00f3n<\/title>\n<meta name=\"robots\" content=\"index, follow, max-snippet:-1, max-image-preview:large, max-video-preview:-1\" \/>\n<link rel=\"canonical\" href=\"https:\/\/www.cuencasmineras.com\/index.php\/2021\/03\/17\/foro-solicita-la-mejora-de-la-carretera-mi-5-que-une-la-rebaldana-con-la-cabana-en-turon\/\" \/>\n<meta property=\"og:locale\" content=\"es_ES\" \/>\n<meta property=\"og:type\" content=\"article\" \/>\n<meta property=\"og:title\" content=\"FORO solicita la mejora de la carretera MI-5 que une La Rebaldana con La Cabana, en Tur\u00f3n\" \/>\n<meta property=\"og:description\" content=\"Javier Rodr\u00edguez: \u201cDesde FORO Mieres solicitamos la mejora de la carretera MI-5 que une La Rebaldana con La Cabana, en Tur\u00f3n\u201d \u201cHay que tomar medidas de inmediato y arreglar los baches y las grietas del firme porque suponen un riesgo para los conductores\u201d \u201cEs un vial muy transitado por ser el acceso a numerosas fincas [&hellip;]\" \/>\n<meta property=\"og:url\" content=\"https:\/\/www.cuencasmineras.com\/index.php\/2021\/03\/17\/foro-solicita-la-mejora-de-la-carretera-mi-5-que-une-la-rebaldana-con-la-cabana-en-turon\/\" \/>\n<meta property=\"article:published_time\" content=\"2021-03-17T10:00:09+00:00\" \/>\n<meta property=\"og:image\" content=\"https:\/\/www.cuencasmineras.com\/wp-content\/uploads\/2021\/03\/2021.03.17-FOTOGRAFIA-FORO-MIERES.-CARRETERA-MI-5-TRAMO-REBALDANA-LA-CABANA-1-874x1024.jpg\" \/>\n<meta name=\"author\" content=\"admin\" \/>\n<meta name=\"twitter:card\" content=\"summary_large_image\" \/>\n<meta name=\"twitter:label1\" content=\"Escrito por\" \/>\n\t<meta name=\"twitter:data1\" content=\"admin\" \/>\n\t<meta name=\"twitter:label2\" content=\"Tiempo de lectura\" \/>\n\t<meta name=\"twitter:data2\" content=\"2 minutos\" \/>\n<script type=\"application\/ld+json\" class=\"yoast-schema-graph\">{\"@context\":\"https:\\\/\\\/schema.org\",\"@graph\":[{\"@type\":\"Article\",\"@id\":\"https:\\\/\\\/www.cuencasmineras.com\\\/index.php\\\/2021\\\/03\\\/17\\\/foro-solicita-la-mejora-de-la-carretera-mi-5-que-une-la-rebaldana-con-la-cabana-en-turon\\\/#article\",\"isPartOf\":{\"@id\":\"https:\\\/\\\/www.cuencasmineras.com\\\/index.php\\\/2021\\\/03\\\/17\\\/foro-solicita-la-mejora-de-la-carretera-mi-5-que-une-la-rebaldana-con-la-cabana-en-turon\\\/\"},\"author\":{\"name\":\"admin\",\"@id\":\"https:\\\/\\\/www.cuencasmineras.com\\\/#\\\/schema\\\/person\\\/be0691310e8496ec555f679dd688420c\"},\"headline\":\"FORO solicita la mejora de la carretera MI-5 que une La Rebaldana con La Cabana, en Tur\u00f3n\",\"datePublished\":\"2021-03-17T10:00:09+00:00\",\"mainEntityOfPage\":{\"@id\":\"https:\\\/\\\/www.cuencasmineras.com\\\/index.php\\\/2021\\\/03\\\/17\\\/foro-solicita-la-mejora-de-la-carretera-mi-5-que-une-la-rebaldana-con-la-cabana-en-turon\\\/\"},\"wordCount\":252,\"commentCount\":0,\"image\":{\"@id\":\"https:\\\/\\\/www.cuencasmineras.com\\\/index.php\\\/2021\\\/03\\\/17\\\/foro-solicita-la-mejora-de-la-carretera-mi-5-que-une-la-rebaldana-con-la-cabana-en-turon\\\/#primaryimage\"},\"thumbnailUrl\":\"https:\\\/\\\/www.cuencasmineras.com\\\/wp-content\\\/uploads\\\/2021\\\/03\\\/2021.03.17-FOTOGRAFIA-FORO-MIERES.-CARRETERA-MI-5-TRAMO-REBALDANA-LA-CABANA-1-874x1024.jpg\",\"articleSection\":[\"Caudal\",\"CM NEWS\"],\"inLanguage\":\"es\",\"potentialAction\":[{\"@type\":\"CommentAction\",\"name\":\"Comment\",\"target\":[\"https:\\\/\\\/www.cuencasmineras.com\\\/index.php\\\/2021\\\/03\\\/17\\\/foro-solicita-la-mejora-de-la-carretera-mi-5-que-une-la-rebaldana-con-la-cabana-en-turon\\\/#respond\"]}]},{\"@type\":\"WebPage\",\"@id\":\"https:\\\/\\\/www.cuencasmineras.com\\\/index.php\\\/2021\\\/03\\\/17\\\/foro-solicita-la-mejora-de-la-carretera-mi-5-que-une-la-rebaldana-con-la-cabana-en-turon\\\/\",\"url\":\"https:\\\/\\\/www.cuencasmineras.com\\\/index.php\\\/2021\\\/03\\\/17\\\/foro-solicita-la-mejora-de-la-carretera-mi-5-que-une-la-rebaldana-con-la-cabana-en-turon\\\/\",\"name\":\"FORO solicita la mejora de la carretera MI-5 que une La Rebaldana con La Cabana, en Tur\u00f3n\",\"isPartOf\":{\"@id\":\"https:\\\/\\\/www.cuencasmineras.com\\\/#website\"},\"primaryImageOfPage\":{\"@id\":\"https:\\\/\\\/www.cuencasmineras.com\\\/index.php\\\/2021\\\/03\\\/17\\\/foro-solicita-la-mejora-de-la-carretera-mi-5-que-une-la-rebaldana-con-la-cabana-en-turon\\\/#primaryimage\"},\"image\":{\"@id\":\"https:\\\/\\\/www.cuencasmineras.com\\\/index.php\\\/2021\\\/03\\\/17\\\/foro-solicita-la-mejora-de-la-carretera-mi-5-que-une-la-rebaldana-con-la-cabana-en-turon\\\/#primaryimage\"},\"thumbnailUrl\":\"https:\\\/\\\/www.cuencasmineras.com\\\/wp-content\\\/uploads\\\/2021\\\/03\\\/2021.03.17-FOTOGRAFIA-FORO-MIERES.-CARRETERA-MI-5-TRAMO-REBALDANA-LA-CABANA-1-874x1024.jpg\",\"datePublished\":\"2021-03-17T10:00:09+00:00\",\"author\":{\"@id\":\"https:\\\/\\\/www.cuencasmineras.com\\\/#\\\/schema\\\/person\\\/be0691310e8496ec555f679dd688420c\"},\"breadcrumb\":{\"@id\":\"https:\\\/\\\/www.cuencasmineras.com\\\/index.php\\\/2021\\\/03\\\/17\\\/foro-solicita-la-mejora-de-la-carretera-mi-5-que-une-la-rebaldana-con-la-cabana-en-turon\\\/#breadcrumb\"},\"inLanguage\":\"es\",\"potentialAction\":[{\"@type\":\"ReadAction\",\"target\":[\"https:\\\/\\\/www.cuencasmineras.com\\\/index.php\\\/2021\\\/03\\\/17\\\/foro-solicita-la-mejora-de-la-carretera-mi-5-que-une-la-rebaldana-con-la-cabana-en-turon\\\/\"]}]},{\"@type\":\"ImageObject\",\"inLanguage\":\"es\",\"@id\":\"https:\\\/\\\/www.cuencasmineras.com\\\/index.php\\\/2021\\\/03\\\/17\\\/foro-solicita-la-mejora-de-la-carretera-mi-5-que-une-la-rebaldana-con-la-cabana-en-turon\\\/#primaryimage\",\"url\":\"https:\\\/\\\/www.cuencasmineras.com\\\/wp-content\\\/uploads\\\/2021\\\/03\\\/2021.03.17-FOTOGRAFIA-FORO-MIERES.-CARRETERA-MI-5-TRAMO-REBALDANA-LA-CABANA-1.jpg\",\"contentUrl\":\"https:\\\/\\\/www.cuencasmineras.com\\\/wp-content\\\/uploads\\\/2021\\\/03\\\/2021.03.17-FOTOGRAFIA-FORO-MIERES.-CARRETERA-MI-5-TRAMO-REBALDANA-LA-CABANA-1.jpg\",\"width\":969,\"height\":1135},{\"@type\":\"BreadcrumbList\",\"@id\":\"https:\\\/\\\/www.cuencasmineras.com\\\/index.php\\\/2021\\\/03\\\/17\\\/foro-solicita-la-mejora-de-la-carretera-mi-5-que-une-la-rebaldana-con-la-cabana-en-turon\\\/#breadcrumb\",\"itemListElement\":[{\"@type\":\"ListItem\",\"position\":1,\"name\":\"Portada\",\"item\":\"https:\\\/\\\/www.cuencasmineras.com\\\/\"},{\"@type\":\"ListItem\",\"position\":2,\"name\":\"FORO solicita la mejora de la carretera MI-5 que une La Rebaldana con La Cabana, en Tur\u00f3n\"}]},{\"@type\":\"WebSite\",\"@id\":\"https:\\\/\\\/www.cuencasmineras.com\\\/#website\",\"url\":\"https:\\\/\\\/www.cuencasmineras.com\\\/\",\"name\":\"\",\"description\":\"\",\"potentialAction\":[{\"@type\":\"SearchAction\",\"target\":{\"@type\":\"EntryPoint\",\"urlTemplate\":\"https:\\\/\\\/www.cuencasmineras.com\\\/?s={search_term_string}\"},\"query-input\":{\"@type\":\"PropertyValueSpecification\",\"valueRequired\":true,\"valueName\":\"search_term_string\"}}],\"inLanguage\":\"es\"},{\"@type\":\"Person\",\"@id\":\"https:\\\/\\\/www.cuencasmineras.com\\\/#\\\/schema\\\/person\\\/be0691310e8496ec555f679dd688420c\",\"name\":\"admin\",\"image\":{\"@type\":\"ImageObject\",\"inLanguage\":\"es\",\"@id\":\"https:\\\/\\\/secure.gravatar.com\\\/avatar\\\/4afd2eed3b2fbbf36dd6707b5bd8a5b50ac648f033e36fbf85aeace2f0f859db?s=96&d=mm&r=g\",\"url\":\"https:\\\/\\\/secure.gravatar.com\\\/avatar\\\/4afd2eed3b2fbbf36dd6707b5bd8a5b50ac648f033e36fbf85aeace2f0f859db?s=96&d=mm&r=g\",\"contentUrl\":\"https:\\\/\\\/secure.gravatar.com\\\/avatar\\\/4afd2eed3b2fbbf36dd6707b5bd8a5b50ac648f033e36fbf85aeace2f0f859db?s=96&d=mm&r=g\",\"caption\":\"admin\"},\"sameAs\":[\"https:\\\/\\\/www.cuencasmineras.com\"],\"url\":\"https:\\\/\\\/www.cuencasmineras.com\\\/index.php\\\/author\\\/admin\\\/\"}]}<\/script>\n<!-- \/ Yoast SEO plugin. -->","yoast_head_json":{"title":"FORO solicita la mejora de la carretera MI-5 que une La Rebaldana con La Cabana, en Tur\u00f3n","robots":{"index":"index","follow":"follow","max-snippet":"max-snippet:-1","max-image-preview":"max-image-preview:large","max-video-preview":"max-video-preview:-1"},"canonical":"https:\/\/www.cuencasmineras.com\/index.php\/2021\/03\/17\/foro-solicita-la-mejora-de-la-carretera-mi-5-que-une-la-rebaldana-con-la-cabana-en-turon\/","og_locale":"es_ES","og_type":"article","og_title":"FORO solicita la mejora de la carretera MI-5 que une La Rebaldana con La Cabana, en Tur\u00f3n","og_description":"Javier Rodr\u00edguez: \u201cDesde FORO Mieres solicitamos la mejora de la carretera MI-5 que une La Rebaldana con La Cabana, en Tur\u00f3n\u201d \u201cHay que tomar medidas de inmediato y arreglar los baches y las grietas del firme porque suponen un riesgo para los conductores\u201d \u201cEs un vial muy transitado por ser el acceso a numerosas fincas [&hellip;]","og_url":"https:\/\/www.cuencasmineras.com\/index.php\/2021\/03\/17\/foro-solicita-la-mejora-de-la-carretera-mi-5-que-une-la-rebaldana-con-la-cabana-en-turon\/","article_published_time":"2021-03-17T10:00:09+00:00","og_image":[{"url":"https:\/\/www.cuencasmineras.com\/wp-content\/uploads\/2021\/03\/2021.03.17-FOTOGRAFIA-FORO-MIERES.-CARRETERA-MI-5-TRAMO-REBALDANA-LA-CABANA-1-874x1024.jpg","type":"","width":"","height":""}],"author":"admin","twitter_card":"summary_large_image","twitter_misc":{"Escrito por":"admin","Tiempo de lectura":"2 minutos"},"schema":{"@context":"https:\/\/schema.org","@graph":[{"@type":"Article","@id":"https:\/\/www.cuencasmineras.com\/index.php\/2021\/03\/17\/foro-solicita-la-mejora-de-la-carretera-mi-5-que-une-la-rebaldana-con-la-cabana-en-turon\/#article","isPartOf":{"@id":"https:\/\/www.cuencasmineras.com\/index.php\/2021\/03\/17\/foro-solicita-la-mejora-de-la-carretera-mi-5-que-une-la-rebaldana-con-la-cabana-en-turon\/"},"author":{"name":"admin","@id":"https:\/\/www.cuencasmineras.com\/#\/schema\/person\/be0691310e8496ec555f679dd688420c"},"headline":"FORO solicita la mejora de la carretera MI-5 que une La Rebaldana con La Cabana, en Tur\u00f3n","datePublished":"2021-03-17T10:00:09+00:00","mainEntityOfPage":{"@id":"https:\/\/www.cuencasmineras.com\/index.php\/2021\/03\/17\/foro-solicita-la-mejora-de-la-carretera-mi-5-que-une-la-rebaldana-con-la-cabana-en-turon\/"},"wordCount":252,"commentCount":0,"image":{"@id":"https:\/\/www.cuencasmineras.com\/index.php\/2021\/03\/17\/foro-solicita-la-mejora-de-la-carretera-mi-5-que-une-la-rebaldana-con-la-cabana-en-turon\/#primaryimage"},"thumbnailUrl":"https:\/\/www.cuencasmineras.com\/wp-content\/uploads\/2021\/03\/2021.03.17-FOTOGRAFIA-FORO-MIERES.-CARRETERA-MI-5-TRAMO-REBALDANA-LA-CABANA-1-874x1024.jpg","articleSection":["Caudal","CM NEWS"],"inLanguage":"es","potentialAction":[{"@type":"CommentAction","name":"Comment","target":["https:\/\/www.cuencasmineras.com\/index.php\/2021\/03\/17\/foro-solicita-la-mejora-de-la-carretera-mi-5-que-une-la-rebaldana-con-la-cabana-en-turon\/#respond"]}]},{"@type":"WebPage","@id":"https:\/\/www.cuencasmineras.com\/index.php\/2021\/03\/17\/foro-solicita-la-mejora-de-la-carretera-mi-5-que-une-la-rebaldana-con-la-cabana-en-turon\/","url":"https:\/\/www.cuencasmineras.com\/index.php\/2021\/03\/17\/foro-solicita-la-mejora-de-la-carretera-mi-5-que-une-la-rebaldana-con-la-cabana-en-turon\/","name":"FORO solicita la mejora de la carretera MI-5 que une La Rebaldana con La Cabana, en Tur\u00f3n","isPartOf":{"@id":"https:\/\/www.cuencasmineras.com\/#website"},"primaryImageOfPage":{"@id":"https:\/\/www.cuencasmineras.com\/index.php\/2021\/03\/17\/foro-solicita-la-mejora-de-la-carretera-mi-5-que-une-la-rebaldana-con-la-cabana-en-turon\/#primaryimage"},"image":{"@id":"https:\/\/www.cuencasmineras.com\/index.php\/2021\/03\/17\/foro-solicita-la-mejora-de-la-carretera-mi-5-que-une-la-rebaldana-con-la-cabana-en-turon\/#primaryimage"},"thumbnailUrl":"https:\/\/www.cuencasmineras.com\/wp-content\/uploads\/2021\/03\/2021.03.17-FOTOGRAFIA-FORO-MIERES.-CARRETERA-MI-5-TRAMO-REBALDANA-LA-CABANA-1-874x1024.jpg","datePublished":"2021-03-17T10:00:09+00:00","author":{"@id":"https:\/\/www.cuencasmineras.com\/#\/schema\/person\/be0691310e8496ec555f679dd688420c"},"breadcrumb":{"@id":"https:\/\/www.cuencasmineras.com\/index.php\/2021\/03\/17\/foro-solicita-la-mejora-de-la-carretera-mi-5-que-une-la-rebaldana-con-la-cabana-en-turon\/#breadcrumb"},"inLanguage":"es","potentialAction":[{"@type":"ReadAction","target":["https:\/\/www.cuencasmineras.com\/index.php\/2021\/03\/17\/foro-solicita-la-mejora-de-la-carretera-mi-5-que-une-la-rebaldana-con-la-cabana-en-turon\/"]}]},{"@type":"ImageObject","inLanguage":"es","@id":"https:\/\/www.cuencasmineras.com\/index.php\/2021\/03\/17\/foro-solicita-la-mejora-de-la-carretera-mi-5-que-une-la-rebaldana-con-la-cabana-en-turon\/#primaryimage","url":"https:\/\/www.cuencasmineras.com\/wp-content\/uploads\/2021\/03\/2021.03.17-FOTOGRAFIA-FORO-MIERES.-CARRETERA-MI-5-TRAMO-REBALDANA-LA-CABANA-1.jpg","contentUrl":"https:\/\/www.cuencasmineras.com\/wp-content\/uploads\/2021\/03\/2021.03.17-FOTOGRAFIA-FORO-MIERES.-CARRETERA-MI-5-TRAMO-REBALDANA-LA-CABANA-1.jpg","width":969,"height":1135},{"@type":"BreadcrumbList","@id":"https:\/\/www.cuencasmineras.com\/index.php\/2021\/03\/17\/foro-solicita-la-mejora-de-la-carretera-mi-5-que-une-la-rebaldana-con-la-cabana-en-turon\/#breadcrumb","itemListElement":[{"@type":"ListItem","position":1,"name":"Portada","item":"https:\/\/www.cuencasmineras.com\/"},{"@type":"ListItem","position":2,"name":"FORO solicita la mejora de la carretera MI-5 que une La Rebaldana con La Cabana, en Tur\u00f3n"}]},{"@type":"WebSite","@id":"https:\/\/www.cuencasmineras.com\/#website","url":"https:\/\/www.cuencasmineras.com\/","name":"","description":"","potentialAction":[{"@type":"SearchAction","target":{"@type":"EntryPoint","urlTemplate":"https:\/\/www.cuencasmineras.com\/?s={search_term_string}"},"query-input":{"@type":"PropertyValueSpecification","valueRequired":true,"valueName":"search_term_string"}}],"inLanguage":"es"},{"@type":"Person","@id":"https:\/\/www.cuencasmineras.com\/#\/schema\/person\/be0691310e8496ec555f679dd688420c","name":"admin","image":{"@type":"ImageObject","inLanguage":"es","@id":"https:\/\/secure.gravatar.com\/avatar\/4afd2eed3b2fbbf36dd6707b5bd8a5b50ac648f033e36fbf85aeace2f0f859db?s=96&d=mm&r=g","url":"https:\/\/secure.gravatar.com\/avatar\/4afd2eed3b2fbbf36dd6707b5bd8a5b50ac648f033e36fbf85aeace2f0f859db?s=96&d=mm&r=g","contentUrl":"https:\/\/secure.gravatar.com\/avatar\/4afd2eed3b2fbbf36dd6707b5bd8a5b50ac648f033e36fbf85aeace2f0f859db?s=96&d=mm&r=g","caption":"admin"},"sameAs":["https:\/\/www.cuencasmineras.com"],"url":"https:\/\/www.cuencasmineras.com\/index.php\/author\/admin\/"}]}},"_links":{"self":[{"href":"https:\/\/www.cuencasmineras.com\/index.php\/wp-json\/wp\/v2\/posts\/2091","targetHints":{"allow":["GET"]}}],"collection":[{"href":"https:\/\/www.cuencasmineras.com\/index.php\/wp-json\/wp\/v2\/posts"}],"about":[{"href":"https:\/\/www.cuencasmineras.com\/index.php\/wp-json\/wp\/v2\/types\/post"}],"author":[{"embeddable":true,"href":"https:\/\/www.cuencasmineras.com\/index.php\/wp-json\/wp\/v2\/users\/1"}],"replies":[{"embeddable":true,"href":"https:\/\/www.cuencasmineras.com\/index.php\/wp-json\/wp\/v2\/comments?post=2091"}],"version-history":[{"count":1,"href":"https:\/\/www.cuencasmineras.com\/index.php\/wp-json\/wp\/v2\/posts\/2091\/revisions"}],"predecessor-version":[{"id":2096,"href":"https:\/\/www.cuencasmineras.com\/index.php\/wp-json\/wp\/v2\/posts\/2091\/revisions\/2096"}],"wp:attachment":[{"href":"https:\/\/www.cuencasmineras.com\/index.php\/wp-json\/wp\/v2\/media?parent=2091"}],"wp:term":[{"taxonomy":"category","embeddable":true,"href":"https:\/\/www.cuencasmineras.com\/index.php\/wp-json\/wp\/v2\/categories?post=2091"},{"taxonomy":"post_tag","embeddable":true,"href":"https:\/\/www.cuencasmineras.com\/index.php\/wp-json\/wp\/v2\/tags?post=2091"}],"curies":[{"name":"wp","href":"https:\/\/api.w.org\/{rel}","templated":true}]}}