{"id":2145,"date":"2021-03-22T14:43:23","date_gmt":"2021-03-22T14:43:23","guid":{"rendered":"https:\/\/www.cuencasmineras.com\/?p=2145"},"modified":"2021-03-22T17:19:09","modified_gmt":"2021-03-22T17:19:09","slug":"2145","status":"publish","type":"post","link":"https:\/\/www.cuencasmineras.com\/index.php\/2021\/03\/22\/2145\/","title":{"rendered":"Nota de prensa del Presidente del Partido Popular de Mieres, D. Jos\u00e9 Manuel Rodr\u00edguez  sobre las acusaciones que han vertido  IU"},"content":{"rendered":"<p>Ante las continuas descalificaciones vertidas contras el PP de Mieres:<\/p>\n<p><strong>EL PARTIDO POPULAR ESTALLA CONTRA EL VOCERO DE IU, SEG\u00daN DECLARACIONES DEL PRESIDENTE DEL PP DE MIERES D. JOSE MANUEL RODRIGUEZ :\u201c BASTA YA DE DEMAGOGIA, ANIBAL NO TIENE UN PLAN PARA MIERES TIENE UN TESTAMENTO\u201d.<\/strong><\/p>\n<p><strong>\u00a0<\/strong><\/p>\n<ul>\n<li><strong>Durante esta semanas el PP viene sufriendo una serie de descalificaciones por parte de D. Ricardo Gonzalez, defensor de la causa noble y de los desamparados del Equipo de Gobierno. <\/strong><\/li>\n<li><strong>Hablar, despu\u00e9s de 10 a\u00f1os de gobierno, de que hay un plan estrat\u00e9gico, es m\u00e1s bien decir que no hay nada o que solo es un testamento de c\u00f3mo hundir Mieres. <\/strong><\/li>\n<\/ul>\n<p>&nbsp;<\/p>\n<p><strong><u>19 , Marzo 2021.-<\/u><\/strong><\/p>\n<p>El Partido Popular ha dicho basta ya, <strong>basta ya de demagogias<\/strong>, basta ya de bajar a la vileza pol\u00edtica del insulto y descalificaci\u00f3n personal,<strong> basta ya de no proponer nada m\u00e1s que humo<\/strong>, <strong>basta ya de echar balones fuera y echarle la culpa a los dem\u00e1s.<\/strong>\u00a0 No se puede salir en la prensa presumiendo que hay un plan estrat\u00e9gico para Mieres despu\u00e9s de 10 a\u00f1os de gobierno de IU, lo que hay es una inacci\u00f3n del Equipo de Gobierno y se est\u00e1 dejando el testamento de c\u00f3mo se va matando Mieres poco a poco.<\/p>\n<p>Antes las acusaciones del Sr. Gonzalez de que el Partido Popular gobernaba en comandita con el PSOE nos quedamos at\u00f3nitos de su falta de memoria, parece que se le olvida que la coalici\u00f3n PSOE-IU fue la que gobern\u00f3 con anterioridad a la entrada de Anibal los destinos de Mieres. \u00bfMira que va resultar que, seg\u00fan IU,\u00a0 el PP gobern\u00f3 en Mieres y no nos enteramos ninguno?. Esta misma falta de memoria resulta de presumir de usar contratos relevo como manera de rejuvenecimiento de la plantilla cuando llevan parados por el miedo judicial a las irregularidades que siempre trajeron (enchufismo claro y duro, tanto que hasta el tribunal de cuentas investiga actualmente\u00a0 estos contratos por falta de transparencia).<\/p>\n<p>Al final se denota que todo lo que presumen est\u00e1 realizado por empresas privadas. <strong>Son comunistas de boquilla y luego, ante su falta de incapacidad, recurren a la empresa privada<\/strong>. Tras 10 a\u00f1os en el ayuntamiento, 10 a\u00f1os, han de recurrir a una empresa privada para que les diga los puestos de trabajo que hay. Tras m\u00e1s de 25 a\u00f1os de gobiernos socialistas y 10 de IU seguimos sin Plan General Urbano (PGU) mientras se ven necesitados de sacarlo a una consultora externa para hacerlo, tras 6 a\u00f1os de proyectos EDUSI, para poder transformar \u201cecol\u00f3gicamente\u201d la ciudad se recurre a consultoras externas. Siempre presumiendo de capacidad y al final siempre recurren a la empresa privada. Y como colof\u00f3n final, tras tener Mieres como un basurero, recurren\u00a0 a la privatizaci\u00f3n del servicio de limpieza ante su incapacidad manifiesta de hacer lo m\u00e1s b\u00e1sico que es limpiar el concejo.<\/p>\n<p><strong>Comunismo de boquilla<\/strong> <strong>y la falta de capacidad para gestionar el destino de Mieres es la realidad del equipo de Gobierno actual<\/strong>. Seg\u00fan el Presidente del PP de Mieres: \u201c<em>Vamos en un barco, con el capit\u00e1n que est\u00e1 m\u00e1s tiempo en la cantina que dirigiendo el barco. Vamos a la deriva y directos a un naufragio en econom\u00eda, empleos y poblaci\u00f3n. Diez a\u00f1os con el mismo rumbo no conducen a otro sitio que la deriva pol\u00edtica<\/em>\u201d<\/p>\n<p><img loading=\"lazy\" decoding=\"async\" class=\"aligncenter size-full wp-image-2146\" src=\"https:\/\/www.cuencasmineras.com\/wp-content\/uploads\/2021\/03\/a7341xz8hmsq8p6n58as1hpdh_01.jpg\" alt=\"\" width=\"800\" height=\"600\" srcset=\"https:\/\/www.cuencasmineras.com\/wp-content\/uploads\/2021\/03\/a7341xz8hmsq8p6n58as1hpdh_01.jpg 800w, https:\/\/www.cuencasmineras.com\/wp-content\/uploads\/2021\/03\/a7341xz8hmsq8p6n58as1hpdh_01-300x225.jpg 300w, https:\/\/www.cuencasmineras.com\/wp-content\/uploads\/2021\/03\/a7341xz8hmsq8p6n58as1hpdh_01-768x576.jpg 768w\" sizes=\"auto, (max-width: 800px) 100vw, 800px\" \/><\/p>\n","protected":false},"excerpt":{"rendered":"<p>Ante las continuas descalificaciones vertidas contras el PP de Mieres: EL PARTIDO POPULAR ESTALLA CONTRA EL VOCERO DE IU, SEG\u00daN DECLARACIONES DEL PRESIDENTE DEL PP DE MIERES D. JOSE MANUEL RODRIGUEZ :\u201c BASTA YA DE DEMAGOGIA, ANIBAL NO TIENE UN PLAN PARA MIERES TIENE UN TESTAMENTO\u201d. \u00a0 Durante esta semanas el PP viene sufriendo una [&hellip;]<\/p>\n","protected":false},"author":1,"featured_media":2146,"comment_status":"open","ping_status":"open","sticky":false,"template":"","format":"standard","meta":{"footnotes":""},"categories":[7,6],"tags":[],"class_list":["post-2145","post","type-post","status-publish","format-standard","has-post-thumbnail","hentry","category-caudal","category-noticias"],"yoast_head":"<!-- This site is optimized with the Yoast SEO plugin v27.4 - https:\/\/yoast.com\/product\/yoast-seo-wordpress\/ -->\n<title>Nota de prensa del Presidente del Partido Popular de Mieres, D. Jos\u00e9 Manuel Rodr\u00edguez sobre las acusaciones que han vertido IU -<\/title>\n<meta name=\"description\" content=\"El PP de Mieres nos hace llega una nota de prensa en contestaci\u00f3n a las acusaciones lanzadas contra su Presidente.\" \/>\n<meta name=\"robots\" content=\"index, follow, max-snippet:-1, max-image-preview:large, max-video-preview:-1\" \/>\n<link rel=\"canonical\" href=\"https:\/\/www.cuencasmineras.com\/index.php\/2021\/03\/22\/2145\/\" \/>\n<meta property=\"og:locale\" content=\"es_ES\" \/>\n<meta property=\"og:type\" content=\"article\" \/>\n<meta property=\"og:title\" content=\"Nota de prensa del Presidente del Partido Popular de Mieres, D. Jos\u00e9 Manuel Rodr\u00edguez sobre las acusaciones que han vertido IU -\" \/>\n<meta property=\"og:description\" content=\"El PP de Mieres nos hace llega una nota de prensa en contestaci\u00f3n a las acusaciones lanzadas contra su Presidente.\" \/>\n<meta property=\"og:url\" content=\"https:\/\/www.cuencasmineras.com\/index.php\/2021\/03\/22\/2145\/\" \/>\n<meta property=\"article:published_time\" content=\"2021-03-22T14:43:23+00:00\" \/>\n<meta property=\"article:modified_time\" content=\"2021-03-22T17:19:09+00:00\" \/>\n<meta property=\"og:image\" content=\"https:\/\/www.cuencasmineras.com\/wp-content\/uploads\/2021\/03\/a7341xz8hmsq8p6n58as1hpdh_01.jpg\" \/>\n\t<meta property=\"og:image:width\" content=\"800\" \/>\n\t<meta property=\"og:image:height\" content=\"600\" \/>\n\t<meta property=\"og:image:type\" content=\"image\/jpeg\" \/>\n<meta name=\"author\" content=\"admin\" \/>\n<meta name=\"twitter:card\" content=\"summary_large_image\" \/>\n<meta name=\"twitter:label1\" content=\"Escrito por\" \/>\n\t<meta name=\"twitter:data1\" content=\"admin\" \/>\n\t<meta name=\"twitter:label2\" content=\"Tiempo de lectura\" \/>\n\t<meta name=\"twitter:data2\" content=\"3 minutos\" \/>\n<script type=\"application\/ld+json\" class=\"yoast-schema-graph\">{\"@context\":\"https:\\\/\\\/schema.org\",\"@graph\":[{\"@type\":\"Article\",\"@id\":\"https:\\\/\\\/www.cuencasmineras.com\\\/index.php\\\/2021\\\/03\\\/22\\\/2145\\\/#article\",\"isPartOf\":{\"@id\":\"https:\\\/\\\/www.cuencasmineras.com\\\/index.php\\\/2021\\\/03\\\/22\\\/2145\\\/\"},\"author\":{\"name\":\"admin\",\"@id\":\"https:\\\/\\\/www.cuencasmineras.com\\\/#\\\/schema\\\/person\\\/be0691310e8496ec555f679dd688420c\"},\"headline\":\"Nota de prensa del Presidente del Partido Popular de Mieres, D. Jos\u00e9 Manuel Rodr\u00edguez sobre las acusaciones que han vertido IU\",\"datePublished\":\"2021-03-22T14:43:23+00:00\",\"dateModified\":\"2021-03-22T17:19:09+00:00\",\"mainEntityOfPage\":{\"@id\":\"https:\\\/\\\/www.cuencasmineras.com\\\/index.php\\\/2021\\\/03\\\/22\\\/2145\\\/\"},\"wordCount\":593,\"commentCount\":0,\"image\":{\"@id\":\"https:\\\/\\\/www.cuencasmineras.com\\\/index.php\\\/2021\\\/03\\\/22\\\/2145\\\/#primaryimage\"},\"thumbnailUrl\":\"https:\\\/\\\/www.cuencasmineras.com\\\/wp-content\\\/uploads\\\/2021\\\/03\\\/a7341xz8hmsq8p6n58as1hpdh_01.jpg\",\"articleSection\":[\"Caudal\",\"CM NEWS\"],\"inLanguage\":\"es\",\"potentialAction\":[{\"@type\":\"CommentAction\",\"name\":\"Comment\",\"target\":[\"https:\\\/\\\/www.cuencasmineras.com\\\/index.php\\\/2021\\\/03\\\/22\\\/2145\\\/#respond\"]}]},{\"@type\":\"WebPage\",\"@id\":\"https:\\\/\\\/www.cuencasmineras.com\\\/index.php\\\/2021\\\/03\\\/22\\\/2145\\\/\",\"url\":\"https:\\\/\\\/www.cuencasmineras.com\\\/index.php\\\/2021\\\/03\\\/22\\\/2145\\\/\",\"name\":\"Nota de prensa del Presidente del Partido Popular de Mieres, D. Jos\u00e9 Manuel Rodr\u00edguez sobre las acusaciones que han vertido IU -\",\"isPartOf\":{\"@id\":\"https:\\\/\\\/www.cuencasmineras.com\\\/#website\"},\"primaryImageOfPage\":{\"@id\":\"https:\\\/\\\/www.cuencasmineras.com\\\/index.php\\\/2021\\\/03\\\/22\\\/2145\\\/#primaryimage\"},\"image\":{\"@id\":\"https:\\\/\\\/www.cuencasmineras.com\\\/index.php\\\/2021\\\/03\\\/22\\\/2145\\\/#primaryimage\"},\"thumbnailUrl\":\"https:\\\/\\\/www.cuencasmineras.com\\\/wp-content\\\/uploads\\\/2021\\\/03\\\/a7341xz8hmsq8p6n58as1hpdh_01.jpg\",\"datePublished\":\"2021-03-22T14:43:23+00:00\",\"dateModified\":\"2021-03-22T17:19:09+00:00\",\"author\":{\"@id\":\"https:\\\/\\\/www.cuencasmineras.com\\\/#\\\/schema\\\/person\\\/be0691310e8496ec555f679dd688420c\"},\"description\":\"El PP de Mieres nos hace llega una nota de prensa en contestaci\u00f3n a las acusaciones lanzadas contra su Presidente.\",\"breadcrumb\":{\"@id\":\"https:\\\/\\\/www.cuencasmineras.com\\\/index.php\\\/2021\\\/03\\\/22\\\/2145\\\/#breadcrumb\"},\"inLanguage\":\"es\",\"potentialAction\":[{\"@type\":\"ReadAction\",\"target\":[\"https:\\\/\\\/www.cuencasmineras.com\\\/index.php\\\/2021\\\/03\\\/22\\\/2145\\\/\"]}]},{\"@type\":\"ImageObject\",\"inLanguage\":\"es\",\"@id\":\"https:\\\/\\\/www.cuencasmineras.com\\\/index.php\\\/2021\\\/03\\\/22\\\/2145\\\/#primaryimage\",\"url\":\"https:\\\/\\\/www.cuencasmineras.com\\\/wp-content\\\/uploads\\\/2021\\\/03\\\/a7341xz8hmsq8p6n58as1hpdh_01.jpg\",\"contentUrl\":\"https:\\\/\\\/www.cuencasmineras.com\\\/wp-content\\\/uploads\\\/2021\\\/03\\\/a7341xz8hmsq8p6n58as1hpdh_01.jpg\",\"width\":800,\"height\":600},{\"@type\":\"BreadcrumbList\",\"@id\":\"https:\\\/\\\/www.cuencasmineras.com\\\/index.php\\\/2021\\\/03\\\/22\\\/2145\\\/#breadcrumb\",\"itemListElement\":[{\"@type\":\"ListItem\",\"position\":1,\"name\":\"Portada\",\"item\":\"https:\\\/\\\/www.cuencasmineras.com\\\/\"},{\"@type\":\"ListItem\",\"position\":2,\"name\":\"Nota de prensa del Presidente del Partido Popular de Mieres, D. Jos\u00e9 Manuel Rodr\u00edguez sobre las acusaciones que han vertido IU\"}]},{\"@type\":\"WebSite\",\"@id\":\"https:\\\/\\\/www.cuencasmineras.com\\\/#website\",\"url\":\"https:\\\/\\\/www.cuencasmineras.com\\\/\",\"name\":\"\",\"description\":\"\",\"potentialAction\":[{\"@type\":\"SearchAction\",\"target\":{\"@type\":\"EntryPoint\",\"urlTemplate\":\"https:\\\/\\\/www.cuencasmineras.com\\\/?s={search_term_string}\"},\"query-input\":{\"@type\":\"PropertyValueSpecification\",\"valueRequired\":true,\"valueName\":\"search_term_string\"}}],\"inLanguage\":\"es\"},{\"@type\":\"Person\",\"@id\":\"https:\\\/\\\/www.cuencasmineras.com\\\/#\\\/schema\\\/person\\\/be0691310e8496ec555f679dd688420c\",\"name\":\"admin\",\"image\":{\"@type\":\"ImageObject\",\"inLanguage\":\"es\",\"@id\":\"https:\\\/\\\/secure.gravatar.com\\\/avatar\\\/4afd2eed3b2fbbf36dd6707b5bd8a5b50ac648f033e36fbf85aeace2f0f859db?s=96&d=mm&r=g\",\"url\":\"https:\\\/\\\/secure.gravatar.com\\\/avatar\\\/4afd2eed3b2fbbf36dd6707b5bd8a5b50ac648f033e36fbf85aeace2f0f859db?s=96&d=mm&r=g\",\"contentUrl\":\"https:\\\/\\\/secure.gravatar.com\\\/avatar\\\/4afd2eed3b2fbbf36dd6707b5bd8a5b50ac648f033e36fbf85aeace2f0f859db?s=96&d=mm&r=g\",\"caption\":\"admin\"},\"sameAs\":[\"https:\\\/\\\/www.cuencasmineras.com\"],\"url\":\"https:\\\/\\\/www.cuencasmineras.com\\\/index.php\\\/author\\\/admin\\\/\"}]}<\/script>\n<!-- \/ Yoast SEO plugin. -->","yoast_head_json":{"title":"Nota de prensa del Presidente del Partido Popular de Mieres, D. Jos\u00e9 Manuel Rodr\u00edguez sobre las acusaciones que han vertido IU -","description":"El PP de Mieres nos hace llega una nota de prensa en contestaci\u00f3n a las acusaciones lanzadas contra su Presidente.","robots":{"index":"index","follow":"follow","max-snippet":"max-snippet:-1","max-image-preview":"max-image-preview:large","max-video-preview":"max-video-preview:-1"},"canonical":"https:\/\/www.cuencasmineras.com\/index.php\/2021\/03\/22\/2145\/","og_locale":"es_ES","og_type":"article","og_title":"Nota de prensa del Presidente del Partido Popular de Mieres, D. Jos\u00e9 Manuel Rodr\u00edguez sobre las acusaciones que han vertido IU -","og_description":"El PP de Mieres nos hace llega una nota de prensa en contestaci\u00f3n a las acusaciones lanzadas contra su Presidente.","og_url":"https:\/\/www.cuencasmineras.com\/index.php\/2021\/03\/22\/2145\/","article_published_time":"2021-03-22T14:43:23+00:00","article_modified_time":"2021-03-22T17:19:09+00:00","og_image":[{"width":800,"height":600,"url":"https:\/\/www.cuencasmineras.com\/wp-content\/uploads\/2021\/03\/a7341xz8hmsq8p6n58as1hpdh_01.jpg","type":"image\/jpeg"}],"author":"admin","twitter_card":"summary_large_image","twitter_misc":{"Escrito por":"admin","Tiempo de lectura":"3 minutos"},"schema":{"@context":"https:\/\/schema.org","@graph":[{"@type":"Article","@id":"https:\/\/www.cuencasmineras.com\/index.php\/2021\/03\/22\/2145\/#article","isPartOf":{"@id":"https:\/\/www.cuencasmineras.com\/index.php\/2021\/03\/22\/2145\/"},"author":{"name":"admin","@id":"https:\/\/www.cuencasmineras.com\/#\/schema\/person\/be0691310e8496ec555f679dd688420c"},"headline":"Nota de prensa del Presidente del Partido Popular de Mieres, D. Jos\u00e9 Manuel Rodr\u00edguez sobre las acusaciones que han vertido IU","datePublished":"2021-03-22T14:43:23+00:00","dateModified":"2021-03-22T17:19:09+00:00","mainEntityOfPage":{"@id":"https:\/\/www.cuencasmineras.com\/index.php\/2021\/03\/22\/2145\/"},"wordCount":593,"commentCount":0,"image":{"@id":"https:\/\/www.cuencasmineras.com\/index.php\/2021\/03\/22\/2145\/#primaryimage"},"thumbnailUrl":"https:\/\/www.cuencasmineras.com\/wp-content\/uploads\/2021\/03\/a7341xz8hmsq8p6n58as1hpdh_01.jpg","articleSection":["Caudal","CM NEWS"],"inLanguage":"es","potentialAction":[{"@type":"CommentAction","name":"Comment","target":["https:\/\/www.cuencasmineras.com\/index.php\/2021\/03\/22\/2145\/#respond"]}]},{"@type":"WebPage","@id":"https:\/\/www.cuencasmineras.com\/index.php\/2021\/03\/22\/2145\/","url":"https:\/\/www.cuencasmineras.com\/index.php\/2021\/03\/22\/2145\/","name":"Nota de prensa del Presidente del Partido Popular de Mieres, D. Jos\u00e9 Manuel Rodr\u00edguez sobre las acusaciones que han vertido IU -","isPartOf":{"@id":"https:\/\/www.cuencasmineras.com\/#website"},"primaryImageOfPage":{"@id":"https:\/\/www.cuencasmineras.com\/index.php\/2021\/03\/22\/2145\/#primaryimage"},"image":{"@id":"https:\/\/www.cuencasmineras.com\/index.php\/2021\/03\/22\/2145\/#primaryimage"},"thumbnailUrl":"https:\/\/www.cuencasmineras.com\/wp-content\/uploads\/2021\/03\/a7341xz8hmsq8p6n58as1hpdh_01.jpg","datePublished":"2021-03-22T14:43:23+00:00","dateModified":"2021-03-22T17:19:09+00:00","author":{"@id":"https:\/\/www.cuencasmineras.com\/#\/schema\/person\/be0691310e8496ec555f679dd688420c"},"description":"El PP de Mieres nos hace llega una nota de prensa en contestaci\u00f3n a las acusaciones lanzadas contra su Presidente.","breadcrumb":{"@id":"https:\/\/www.cuencasmineras.com\/index.php\/2021\/03\/22\/2145\/#breadcrumb"},"inLanguage":"es","potentialAction":[{"@type":"ReadAction","target":["https:\/\/www.cuencasmineras.com\/index.php\/2021\/03\/22\/2145\/"]}]},{"@type":"ImageObject","inLanguage":"es","@id":"https:\/\/www.cuencasmineras.com\/index.php\/2021\/03\/22\/2145\/#primaryimage","url":"https:\/\/www.cuencasmineras.com\/wp-content\/uploads\/2021\/03\/a7341xz8hmsq8p6n58as1hpdh_01.jpg","contentUrl":"https:\/\/www.cuencasmineras.com\/wp-content\/uploads\/2021\/03\/a7341xz8hmsq8p6n58as1hpdh_01.jpg","width":800,"height":600},{"@type":"BreadcrumbList","@id":"https:\/\/www.cuencasmineras.com\/index.php\/2021\/03\/22\/2145\/#breadcrumb","itemListElement":[{"@type":"ListItem","position":1,"name":"Portada","item":"https:\/\/www.cuencasmineras.com\/"},{"@type":"ListItem","position":2,"name":"Nota de prensa del Presidente del Partido Popular de Mieres, D. Jos\u00e9 Manuel Rodr\u00edguez sobre las acusaciones que han vertido IU"}]},{"@type":"WebSite","@id":"https:\/\/www.cuencasmineras.com\/#website","url":"https:\/\/www.cuencasmineras.com\/","name":"","description":"","potentialAction":[{"@type":"SearchAction","target":{"@type":"EntryPoint","urlTemplate":"https:\/\/www.cuencasmineras.com\/?s={search_term_string}"},"query-input":{"@type":"PropertyValueSpecification","valueRequired":true,"valueName":"search_term_string"}}],"inLanguage":"es"},{"@type":"Person","@id":"https:\/\/www.cuencasmineras.com\/#\/schema\/person\/be0691310e8496ec555f679dd688420c","name":"admin","image":{"@type":"ImageObject","inLanguage":"es","@id":"https:\/\/secure.gravatar.com\/avatar\/4afd2eed3b2fbbf36dd6707b5bd8a5b50ac648f033e36fbf85aeace2f0f859db?s=96&d=mm&r=g","url":"https:\/\/secure.gravatar.com\/avatar\/4afd2eed3b2fbbf36dd6707b5bd8a5b50ac648f033e36fbf85aeace2f0f859db?s=96&d=mm&r=g","contentUrl":"https:\/\/secure.gravatar.com\/avatar\/4afd2eed3b2fbbf36dd6707b5bd8a5b50ac648f033e36fbf85aeace2f0f859db?s=96&d=mm&r=g","caption":"admin"},"sameAs":["https:\/\/www.cuencasmineras.com"],"url":"https:\/\/www.cuencasmineras.com\/index.php\/author\/admin\/"}]}},"_links":{"self":[{"href":"https:\/\/www.cuencasmineras.com\/index.php\/wp-json\/wp\/v2\/posts\/2145","targetHints":{"allow":["GET"]}}],"collection":[{"href":"https:\/\/www.cuencasmineras.com\/index.php\/wp-json\/wp\/v2\/posts"}],"about":[{"href":"https:\/\/www.cuencasmineras.com\/index.php\/wp-json\/wp\/v2\/types\/post"}],"author":[{"embeddable":true,"href":"https:\/\/www.cuencasmineras.com\/index.php\/wp-json\/wp\/v2\/users\/1"}],"replies":[{"embeddable":true,"href":"https:\/\/www.cuencasmineras.com\/index.php\/wp-json\/wp\/v2\/comments?post=2145"}],"version-history":[{"count":3,"href":"https:\/\/www.cuencasmineras.com\/index.php\/wp-json\/wp\/v2\/posts\/2145\/revisions"}],"predecessor-version":[{"id":2149,"href":"https:\/\/www.cuencasmineras.com\/index.php\/wp-json\/wp\/v2\/posts\/2145\/revisions\/2149"}],"wp:featuredmedia":[{"embeddable":true,"href":"https:\/\/www.cuencasmineras.com\/index.php\/wp-json\/wp\/v2\/media\/2146"}],"wp:attachment":[{"href":"https:\/\/www.cuencasmineras.com\/index.php\/wp-json\/wp\/v2\/media?parent=2145"}],"wp:term":[{"taxonomy":"category","embeddable":true,"href":"https:\/\/www.cuencasmineras.com\/index.php\/wp-json\/wp\/v2\/categories?post=2145"},{"taxonomy":"post_tag","embeddable":true,"href":"https:\/\/www.cuencasmineras.com\/index.php\/wp-json\/wp\/v2\/tags?post=2145"}],"curies":[{"name":"wp","href":"https:\/\/api.w.org\/{rel}","templated":true}]}}