{"id":2171,"date":"2021-03-24T14:05:19","date_gmt":"2021-03-24T14:05:19","guid":{"rendered":"https:\/\/www.cuencasmineras.com\/?p=2171"},"modified":"2021-03-24T14:05:19","modified_gmt":"2021-03-24T14:05:19","slug":"las-obras-del-tunel-de-sotrondio-obligaran-al-corte-del-corredor-del-nalon-durante-dos-meses","status":"publish","type":"post","link":"https:\/\/www.cuencasmineras.com\/index.php\/2021\/03\/24\/las-obras-del-tunel-de-sotrondio-obligaran-al-corte-del-corredor-del-nalon-durante-dos-meses\/","title":{"rendered":"Las obras del t\u00fanel de Sotrondio obligar\u00e1n al corte del Corredor del Nal\u00f3n durante dos meses"},"content":{"rendered":"<p style=\"text-align: justify;\">Dos meses. Ese ser\u00e1 el tiempo que tendr\u00e1 que permanecer cortado el Corredor del Nal\u00f3n en el tramo entre Sotrondio y Barredos debido a las obras del t\u00fanel de Sotrondio. As\u00ed lo asegur\u00f3 esta ma\u00f1ana el viceconsejero de Infraestructuras, Movilidad y Territorio, Jorge Garc\u00eda, durante la visita a las obras que ya arrancaron el pasado mes de enero. El plazo de ejecuci\u00f3n de los trabajos es de ocho meses y se estima que estar\u00e1n terminados en oto\u00f1o con un presupuesto de m\u00e1s de un mill\u00f3n de euros.<\/p>\n<p><img loading=\"lazy\" decoding=\"async\" class=\"aligncenter size-large wp-image-2172\" src=\"https:\/\/www.cuencasmineras.com\/wp-content\/uploads\/2021\/03\/tunel-sotrondio-krFE-U1308796574607c-1248x770@El-Comercio-1024x632.jpg\" alt=\"\" width=\"640\" height=\"395\" srcset=\"https:\/\/www.cuencasmineras.com\/wp-content\/uploads\/2021\/03\/tunel-sotrondio-krFE-U1308796574607c-1248x770@El-Comercio-1024x632.jpg 1024w, https:\/\/www.cuencasmineras.com\/wp-content\/uploads\/2021\/03\/tunel-sotrondio-krFE-U1308796574607c-1248x770@El-Comercio-300x185.jpg 300w, https:\/\/www.cuencasmineras.com\/wp-content\/uploads\/2021\/03\/tunel-sotrondio-krFE-U1308796574607c-1248x770@El-Comercio-768x474.jpg 768w, https:\/\/www.cuencasmineras.com\/wp-content\/uploads\/2021\/03\/tunel-sotrondio-krFE-U1308796574607c-1248x770@El-Comercio.jpg 1248w\" sizes=\"auto, (max-width: 640px) 100vw, 640px\" \/><\/p>\n<p style=\"text-align: justify;\">El corte del Corredor del Nal\u00f3n se debe a la necesidad de actuar en la b\u00f3veda del t\u00fanel. Eso s\u00ed, no se ejecutar\u00e1 hasta la fase final de los trabajos, con lo que el cierre tendr\u00e1 lugar aproximadamente a finales de verano, como apunt\u00f3 la directora de la obra, Cecilia Rodr\u00edguez. La inestabilidad de la ladera ha sido la causante de esta obra, ya que ha acabado fracturando la b\u00f3veda del t\u00fanel aunque no corre peligro de caerse, tal y como se\u00f1alaron esta ma\u00f1ana.<\/p>\n<p style=\"text-align: justify;\">Los trabajos comenzaron en enero, cuando las intensas lluvias obligaron a actuar de emergencia para sanear y estabilizar provisionalmente la b\u00f3veda del t\u00fanel, lo que oblig\u00f3 a desviar temporalmente la circulaci\u00f3n por el n\u00facleo urbano. En paralelo, t\u00e9cnicos especializados llevaron a cabo labores de an\u00e1lisis y toma de datos en los que basar posteriormente los c\u00e1lculos estructurales de la soluci\u00f3n definitiva. Desde entonces, adem\u00e1s de avanzar con la elaboraci\u00f3n del proyecto constructivo, se ha trabajado en las m\u00e1rgenes derecha y posteriormente izquierda del t\u00fanel con el fin de disponer de una plataforma libre de obst\u00e1culos que permita optimizar el refuerzo de las cimentaciones del t\u00fanel mediante micropilotes a cargo de una empresa especializada.<\/p>\n<p style=\"text-align: justify;\">Una vez reforzadas las cimentaciones de ambas m\u00e1rgenes, entre otras actuaciones se ejecutar\u00e1 la soluci\u00f3n proyectada para la losa, se restituir\u00e1n servicios, reconstruir\u00e1n los hastiales y las aceras y, finalmente, se actuar\u00e1 sobre la b\u00f3veda, con el consiguiente cierre del tr\u00e1fico entre Sotrondio y Barredos, que ser\u00e1 desviado por la antigua carretera que cruza las localidades de Blimea y Sotrondio para volver a salir al Corredor.<\/p>\n","protected":false},"excerpt":{"rendered":"<p>Dos meses. Ese ser\u00e1 el tiempo que tendr\u00e1 que permanecer cortado el Corredor del Nal\u00f3n en el tramo entre Sotrondio y Barredos debido a las obras del t\u00fanel de Sotrondio. As\u00ed lo asegur\u00f3 esta ma\u00f1ana el viceconsejero de Infraestructuras, Movilidad y Territorio, Jorge Garc\u00eda, durante la visita a las obras que ya arrancaron el pasado [&hellip;]<\/p>\n","protected":false},"author":1,"featured_media":2172,"comment_status":"open","ping_status":"open","sticky":false,"template":"","format":"standard","meta":{"footnotes":""},"categories":[6,8],"tags":[],"class_list":["post-2171","post","type-post","status-publish","format-standard","has-post-thumbnail","hentry","category-noticias","category-nalon"],"yoast_head":"<!-- This site is optimized with the Yoast SEO plugin v27.4 - https:\/\/yoast.com\/product\/yoast-seo-wordpress\/ -->\n<title>Las obras del t\u00fanel de Sotrondio obligar\u00e1n al corte del Corredor del Nal\u00f3n durante dos meses -<\/title>\n<meta name=\"description\" content=\"Los trabajos que ya arrancaron en enero y se extender\u00e1n hasta el oto\u00f1o, costar\u00e1n m\u00e1s de un mill\u00f3n de euros\" \/>\n<meta name=\"robots\" content=\"index, follow, max-snippet:-1, max-image-preview:large, max-video-preview:-1\" \/>\n<link rel=\"canonical\" href=\"https:\/\/www.cuencasmineras.com\/index.php\/2021\/03\/24\/las-obras-del-tunel-de-sotrondio-obligaran-al-corte-del-corredor-del-nalon-durante-dos-meses\/\" \/>\n<meta property=\"og:locale\" content=\"es_ES\" \/>\n<meta property=\"og:type\" content=\"article\" \/>\n<meta property=\"og:title\" content=\"Las obras del t\u00fanel de Sotrondio obligar\u00e1n al corte del Corredor del Nal\u00f3n durante dos meses -\" \/>\n<meta property=\"og:description\" content=\"Los trabajos que ya arrancaron en enero y se extender\u00e1n hasta el oto\u00f1o, costar\u00e1n m\u00e1s de un mill\u00f3n de euros\" \/>\n<meta property=\"og:url\" content=\"https:\/\/www.cuencasmineras.com\/index.php\/2021\/03\/24\/las-obras-del-tunel-de-sotrondio-obligaran-al-corte-del-corredor-del-nalon-durante-dos-meses\/\" \/>\n<meta property=\"article:published_time\" content=\"2021-03-24T14:05:19+00:00\" \/>\n<meta property=\"og:image\" content=\"https:\/\/www.cuencasmineras.com\/wp-content\/uploads\/2021\/03\/tunel-sotrondio-krFE-U1308796574607c-1248x770@El-Comercio.jpg\" \/>\n\t<meta property=\"og:image:width\" content=\"1248\" \/>\n\t<meta property=\"og:image:height\" content=\"770\" \/>\n\t<meta property=\"og:image:type\" content=\"image\/jpeg\" \/>\n<meta name=\"author\" content=\"admin\" \/>\n<meta name=\"twitter:card\" content=\"summary_large_image\" \/>\n<meta name=\"twitter:label1\" content=\"Escrito por\" \/>\n\t<meta name=\"twitter:data1\" content=\"admin\" \/>\n\t<meta name=\"twitter:label2\" content=\"Tiempo de lectura\" \/>\n\t<meta name=\"twitter:data2\" content=\"2 minutos\" \/>\n<script type=\"application\/ld+json\" class=\"yoast-schema-graph\">{\"@context\":\"https:\\\/\\\/schema.org\",\"@graph\":[{\"@type\":\"Article\",\"@id\":\"https:\\\/\\\/www.cuencasmineras.com\\\/index.php\\\/2021\\\/03\\\/24\\\/las-obras-del-tunel-de-sotrondio-obligaran-al-corte-del-corredor-del-nalon-durante-dos-meses\\\/#article\",\"isPartOf\":{\"@id\":\"https:\\\/\\\/www.cuencasmineras.com\\\/index.php\\\/2021\\\/03\\\/24\\\/las-obras-del-tunel-de-sotrondio-obligaran-al-corte-del-corredor-del-nalon-durante-dos-meses\\\/\"},\"author\":{\"name\":\"admin\",\"@id\":\"https:\\\/\\\/www.cuencasmineras.com\\\/#\\\/schema\\\/person\\\/be0691310e8496ec555f679dd688420c\"},\"headline\":\"Las obras del t\u00fanel de Sotrondio obligar\u00e1n al corte del Corredor del Nal\u00f3n durante dos meses\",\"datePublished\":\"2021-03-24T14:05:19+00:00\",\"mainEntityOfPage\":{\"@id\":\"https:\\\/\\\/www.cuencasmineras.com\\\/index.php\\\/2021\\\/03\\\/24\\\/las-obras-del-tunel-de-sotrondio-obligaran-al-corte-del-corredor-del-nalon-durante-dos-meses\\\/\"},\"wordCount\":406,\"commentCount\":0,\"image\":{\"@id\":\"https:\\\/\\\/www.cuencasmineras.com\\\/index.php\\\/2021\\\/03\\\/24\\\/las-obras-del-tunel-de-sotrondio-obligaran-al-corte-del-corredor-del-nalon-durante-dos-meses\\\/#primaryimage\"},\"thumbnailUrl\":\"https:\\\/\\\/www.cuencasmineras.com\\\/wp-content\\\/uploads\\\/2021\\\/03\\\/tunel-sotrondio-krFE-U1308796574607c-1248x770@El-Comercio.jpg\",\"articleSection\":[\"CM NEWS\",\"Nal\u00f3n\"],\"inLanguage\":\"es\",\"potentialAction\":[{\"@type\":\"CommentAction\",\"name\":\"Comment\",\"target\":[\"https:\\\/\\\/www.cuencasmineras.com\\\/index.php\\\/2021\\\/03\\\/24\\\/las-obras-del-tunel-de-sotrondio-obligaran-al-corte-del-corredor-del-nalon-durante-dos-meses\\\/#respond\"]}]},{\"@type\":\"WebPage\",\"@id\":\"https:\\\/\\\/www.cuencasmineras.com\\\/index.php\\\/2021\\\/03\\\/24\\\/las-obras-del-tunel-de-sotrondio-obligaran-al-corte-del-corredor-del-nalon-durante-dos-meses\\\/\",\"url\":\"https:\\\/\\\/www.cuencasmineras.com\\\/index.php\\\/2021\\\/03\\\/24\\\/las-obras-del-tunel-de-sotrondio-obligaran-al-corte-del-corredor-del-nalon-durante-dos-meses\\\/\",\"name\":\"Las obras del t\u00fanel de Sotrondio obligar\u00e1n al corte del Corredor del Nal\u00f3n durante dos meses -\",\"isPartOf\":{\"@id\":\"https:\\\/\\\/www.cuencasmineras.com\\\/#website\"},\"primaryImageOfPage\":{\"@id\":\"https:\\\/\\\/www.cuencasmineras.com\\\/index.php\\\/2021\\\/03\\\/24\\\/las-obras-del-tunel-de-sotrondio-obligaran-al-corte-del-corredor-del-nalon-durante-dos-meses\\\/#primaryimage\"},\"image\":{\"@id\":\"https:\\\/\\\/www.cuencasmineras.com\\\/index.php\\\/2021\\\/03\\\/24\\\/las-obras-del-tunel-de-sotrondio-obligaran-al-corte-del-corredor-del-nalon-durante-dos-meses\\\/#primaryimage\"},\"thumbnailUrl\":\"https:\\\/\\\/www.cuencasmineras.com\\\/wp-content\\\/uploads\\\/2021\\\/03\\\/tunel-sotrondio-krFE-U1308796574607c-1248x770@El-Comercio.jpg\",\"datePublished\":\"2021-03-24T14:05:19+00:00\",\"author\":{\"@id\":\"https:\\\/\\\/www.cuencasmineras.com\\\/#\\\/schema\\\/person\\\/be0691310e8496ec555f679dd688420c\"},\"description\":\"Los trabajos que ya arrancaron en enero y se extender\u00e1n hasta el oto\u00f1o, costar\u00e1n m\u00e1s de un mill\u00f3n de euros\",\"breadcrumb\":{\"@id\":\"https:\\\/\\\/www.cuencasmineras.com\\\/index.php\\\/2021\\\/03\\\/24\\\/las-obras-del-tunel-de-sotrondio-obligaran-al-corte-del-corredor-del-nalon-durante-dos-meses\\\/#breadcrumb\"},\"inLanguage\":\"es\",\"potentialAction\":[{\"@type\":\"ReadAction\",\"target\":[\"https:\\\/\\\/www.cuencasmineras.com\\\/index.php\\\/2021\\\/03\\\/24\\\/las-obras-del-tunel-de-sotrondio-obligaran-al-corte-del-corredor-del-nalon-durante-dos-meses\\\/\"]}]},{\"@type\":\"ImageObject\",\"inLanguage\":\"es\",\"@id\":\"https:\\\/\\\/www.cuencasmineras.com\\\/index.php\\\/2021\\\/03\\\/24\\\/las-obras-del-tunel-de-sotrondio-obligaran-al-corte-del-corredor-del-nalon-durante-dos-meses\\\/#primaryimage\",\"url\":\"https:\\\/\\\/www.cuencasmineras.com\\\/wp-content\\\/uploads\\\/2021\\\/03\\\/tunel-sotrondio-krFE-U1308796574607c-1248x770@El-Comercio.jpg\",\"contentUrl\":\"https:\\\/\\\/www.cuencasmineras.com\\\/wp-content\\\/uploads\\\/2021\\\/03\\\/tunel-sotrondio-krFE-U1308796574607c-1248x770@El-Comercio.jpg\",\"width\":1248,\"height\":770},{\"@type\":\"BreadcrumbList\",\"@id\":\"https:\\\/\\\/www.cuencasmineras.com\\\/index.php\\\/2021\\\/03\\\/24\\\/las-obras-del-tunel-de-sotrondio-obligaran-al-corte-del-corredor-del-nalon-durante-dos-meses\\\/#breadcrumb\",\"itemListElement\":[{\"@type\":\"ListItem\",\"position\":1,\"name\":\"Portada\",\"item\":\"https:\\\/\\\/www.cuencasmineras.com\\\/\"},{\"@type\":\"ListItem\",\"position\":2,\"name\":\"Las obras del t\u00fanel de Sotrondio obligar\u00e1n al corte del Corredor del Nal\u00f3n durante dos meses\"}]},{\"@type\":\"WebSite\",\"@id\":\"https:\\\/\\\/www.cuencasmineras.com\\\/#website\",\"url\":\"https:\\\/\\\/www.cuencasmineras.com\\\/\",\"name\":\"\",\"description\":\"\",\"potentialAction\":[{\"@type\":\"SearchAction\",\"target\":{\"@type\":\"EntryPoint\",\"urlTemplate\":\"https:\\\/\\\/www.cuencasmineras.com\\\/?s={search_term_string}\"},\"query-input\":{\"@type\":\"PropertyValueSpecification\",\"valueRequired\":true,\"valueName\":\"search_term_string\"}}],\"inLanguage\":\"es\"},{\"@type\":\"Person\",\"@id\":\"https:\\\/\\\/www.cuencasmineras.com\\\/#\\\/schema\\\/person\\\/be0691310e8496ec555f679dd688420c\",\"name\":\"admin\",\"image\":{\"@type\":\"ImageObject\",\"inLanguage\":\"es\",\"@id\":\"https:\\\/\\\/secure.gravatar.com\\\/avatar\\\/4afd2eed3b2fbbf36dd6707b5bd8a5b50ac648f033e36fbf85aeace2f0f859db?s=96&d=mm&r=g\",\"url\":\"https:\\\/\\\/secure.gravatar.com\\\/avatar\\\/4afd2eed3b2fbbf36dd6707b5bd8a5b50ac648f033e36fbf85aeace2f0f859db?s=96&d=mm&r=g\",\"contentUrl\":\"https:\\\/\\\/secure.gravatar.com\\\/avatar\\\/4afd2eed3b2fbbf36dd6707b5bd8a5b50ac648f033e36fbf85aeace2f0f859db?s=96&d=mm&r=g\",\"caption\":\"admin\"},\"sameAs\":[\"https:\\\/\\\/www.cuencasmineras.com\"],\"url\":\"https:\\\/\\\/www.cuencasmineras.com\\\/index.php\\\/author\\\/admin\\\/\"}]}<\/script>\n<!-- \/ Yoast SEO plugin. -->","yoast_head_json":{"title":"Las obras del t\u00fanel de Sotrondio obligar\u00e1n al corte del Corredor del Nal\u00f3n durante dos meses -","description":"Los trabajos que ya arrancaron en enero y se extender\u00e1n hasta el oto\u00f1o, costar\u00e1n m\u00e1s de un mill\u00f3n de euros","robots":{"index":"index","follow":"follow","max-snippet":"max-snippet:-1","max-image-preview":"max-image-preview:large","max-video-preview":"max-video-preview:-1"},"canonical":"https:\/\/www.cuencasmineras.com\/index.php\/2021\/03\/24\/las-obras-del-tunel-de-sotrondio-obligaran-al-corte-del-corredor-del-nalon-durante-dos-meses\/","og_locale":"es_ES","og_type":"article","og_title":"Las obras del t\u00fanel de Sotrondio obligar\u00e1n al corte del Corredor del Nal\u00f3n durante dos meses -","og_description":"Los trabajos que ya arrancaron en enero y se extender\u00e1n hasta el oto\u00f1o, costar\u00e1n m\u00e1s de un mill\u00f3n de euros","og_url":"https:\/\/www.cuencasmineras.com\/index.php\/2021\/03\/24\/las-obras-del-tunel-de-sotrondio-obligaran-al-corte-del-corredor-del-nalon-durante-dos-meses\/","article_published_time":"2021-03-24T14:05:19+00:00","og_image":[{"width":1248,"height":770,"url":"https:\/\/www.cuencasmineras.com\/wp-content\/uploads\/2021\/03\/tunel-sotrondio-krFE-U1308796574607c-1248x770@El-Comercio.jpg","type":"image\/jpeg"}],"author":"admin","twitter_card":"summary_large_image","twitter_misc":{"Escrito por":"admin","Tiempo de lectura":"2 minutos"},"schema":{"@context":"https:\/\/schema.org","@graph":[{"@type":"Article","@id":"https:\/\/www.cuencasmineras.com\/index.php\/2021\/03\/24\/las-obras-del-tunel-de-sotrondio-obligaran-al-corte-del-corredor-del-nalon-durante-dos-meses\/#article","isPartOf":{"@id":"https:\/\/www.cuencasmineras.com\/index.php\/2021\/03\/24\/las-obras-del-tunel-de-sotrondio-obligaran-al-corte-del-corredor-del-nalon-durante-dos-meses\/"},"author":{"name":"admin","@id":"https:\/\/www.cuencasmineras.com\/#\/schema\/person\/be0691310e8496ec555f679dd688420c"},"headline":"Las obras del t\u00fanel de Sotrondio obligar\u00e1n al corte del Corredor del Nal\u00f3n durante dos meses","datePublished":"2021-03-24T14:05:19+00:00","mainEntityOfPage":{"@id":"https:\/\/www.cuencasmineras.com\/index.php\/2021\/03\/24\/las-obras-del-tunel-de-sotrondio-obligaran-al-corte-del-corredor-del-nalon-durante-dos-meses\/"},"wordCount":406,"commentCount":0,"image":{"@id":"https:\/\/www.cuencasmineras.com\/index.php\/2021\/03\/24\/las-obras-del-tunel-de-sotrondio-obligaran-al-corte-del-corredor-del-nalon-durante-dos-meses\/#primaryimage"},"thumbnailUrl":"https:\/\/www.cuencasmineras.com\/wp-content\/uploads\/2021\/03\/tunel-sotrondio-krFE-U1308796574607c-1248x770@El-Comercio.jpg","articleSection":["CM NEWS","Nal\u00f3n"],"inLanguage":"es","potentialAction":[{"@type":"CommentAction","name":"Comment","target":["https:\/\/www.cuencasmineras.com\/index.php\/2021\/03\/24\/las-obras-del-tunel-de-sotrondio-obligaran-al-corte-del-corredor-del-nalon-durante-dos-meses\/#respond"]}]},{"@type":"WebPage","@id":"https:\/\/www.cuencasmineras.com\/index.php\/2021\/03\/24\/las-obras-del-tunel-de-sotrondio-obligaran-al-corte-del-corredor-del-nalon-durante-dos-meses\/","url":"https:\/\/www.cuencasmineras.com\/index.php\/2021\/03\/24\/las-obras-del-tunel-de-sotrondio-obligaran-al-corte-del-corredor-del-nalon-durante-dos-meses\/","name":"Las obras del t\u00fanel de Sotrondio obligar\u00e1n al corte del Corredor del Nal\u00f3n durante dos meses -","isPartOf":{"@id":"https:\/\/www.cuencasmineras.com\/#website"},"primaryImageOfPage":{"@id":"https:\/\/www.cuencasmineras.com\/index.php\/2021\/03\/24\/las-obras-del-tunel-de-sotrondio-obligaran-al-corte-del-corredor-del-nalon-durante-dos-meses\/#primaryimage"},"image":{"@id":"https:\/\/www.cuencasmineras.com\/index.php\/2021\/03\/24\/las-obras-del-tunel-de-sotrondio-obligaran-al-corte-del-corredor-del-nalon-durante-dos-meses\/#primaryimage"},"thumbnailUrl":"https:\/\/www.cuencasmineras.com\/wp-content\/uploads\/2021\/03\/tunel-sotrondio-krFE-U1308796574607c-1248x770@El-Comercio.jpg","datePublished":"2021-03-24T14:05:19+00:00","author":{"@id":"https:\/\/www.cuencasmineras.com\/#\/schema\/person\/be0691310e8496ec555f679dd688420c"},"description":"Los trabajos que ya arrancaron en enero y se extender\u00e1n hasta el oto\u00f1o, costar\u00e1n m\u00e1s de un mill\u00f3n de euros","breadcrumb":{"@id":"https:\/\/www.cuencasmineras.com\/index.php\/2021\/03\/24\/las-obras-del-tunel-de-sotrondio-obligaran-al-corte-del-corredor-del-nalon-durante-dos-meses\/#breadcrumb"},"inLanguage":"es","potentialAction":[{"@type":"ReadAction","target":["https:\/\/www.cuencasmineras.com\/index.php\/2021\/03\/24\/las-obras-del-tunel-de-sotrondio-obligaran-al-corte-del-corredor-del-nalon-durante-dos-meses\/"]}]},{"@type":"ImageObject","inLanguage":"es","@id":"https:\/\/www.cuencasmineras.com\/index.php\/2021\/03\/24\/las-obras-del-tunel-de-sotrondio-obligaran-al-corte-del-corredor-del-nalon-durante-dos-meses\/#primaryimage","url":"https:\/\/www.cuencasmineras.com\/wp-content\/uploads\/2021\/03\/tunel-sotrondio-krFE-U1308796574607c-1248x770@El-Comercio.jpg","contentUrl":"https:\/\/www.cuencasmineras.com\/wp-content\/uploads\/2021\/03\/tunel-sotrondio-krFE-U1308796574607c-1248x770@El-Comercio.jpg","width":1248,"height":770},{"@type":"BreadcrumbList","@id":"https:\/\/www.cuencasmineras.com\/index.php\/2021\/03\/24\/las-obras-del-tunel-de-sotrondio-obligaran-al-corte-del-corredor-del-nalon-durante-dos-meses\/#breadcrumb","itemListElement":[{"@type":"ListItem","position":1,"name":"Portada","item":"https:\/\/www.cuencasmineras.com\/"},{"@type":"ListItem","position":2,"name":"Las obras del t\u00fanel de Sotrondio obligar\u00e1n al corte del Corredor del Nal\u00f3n durante dos meses"}]},{"@type":"WebSite","@id":"https:\/\/www.cuencasmineras.com\/#website","url":"https:\/\/www.cuencasmineras.com\/","name":"","description":"","potentialAction":[{"@type":"SearchAction","target":{"@type":"EntryPoint","urlTemplate":"https:\/\/www.cuencasmineras.com\/?s={search_term_string}"},"query-input":{"@type":"PropertyValueSpecification","valueRequired":true,"valueName":"search_term_string"}}],"inLanguage":"es"},{"@type":"Person","@id":"https:\/\/www.cuencasmineras.com\/#\/schema\/person\/be0691310e8496ec555f679dd688420c","name":"admin","image":{"@type":"ImageObject","inLanguage":"es","@id":"https:\/\/secure.gravatar.com\/avatar\/4afd2eed3b2fbbf36dd6707b5bd8a5b50ac648f033e36fbf85aeace2f0f859db?s=96&d=mm&r=g","url":"https:\/\/secure.gravatar.com\/avatar\/4afd2eed3b2fbbf36dd6707b5bd8a5b50ac648f033e36fbf85aeace2f0f859db?s=96&d=mm&r=g","contentUrl":"https:\/\/secure.gravatar.com\/avatar\/4afd2eed3b2fbbf36dd6707b5bd8a5b50ac648f033e36fbf85aeace2f0f859db?s=96&d=mm&r=g","caption":"admin"},"sameAs":["https:\/\/www.cuencasmineras.com"],"url":"https:\/\/www.cuencasmineras.com\/index.php\/author\/admin\/"}]}},"_links":{"self":[{"href":"https:\/\/www.cuencasmineras.com\/index.php\/wp-json\/wp\/v2\/posts\/2171","targetHints":{"allow":["GET"]}}],"collection":[{"href":"https:\/\/www.cuencasmineras.com\/index.php\/wp-json\/wp\/v2\/posts"}],"about":[{"href":"https:\/\/www.cuencasmineras.com\/index.php\/wp-json\/wp\/v2\/types\/post"}],"author":[{"embeddable":true,"href":"https:\/\/www.cuencasmineras.com\/index.php\/wp-json\/wp\/v2\/users\/1"}],"replies":[{"embeddable":true,"href":"https:\/\/www.cuencasmineras.com\/index.php\/wp-json\/wp\/v2\/comments?post=2171"}],"version-history":[{"count":1,"href":"https:\/\/www.cuencasmineras.com\/index.php\/wp-json\/wp\/v2\/posts\/2171\/revisions"}],"predecessor-version":[{"id":2173,"href":"https:\/\/www.cuencasmineras.com\/index.php\/wp-json\/wp\/v2\/posts\/2171\/revisions\/2173"}],"wp:featuredmedia":[{"embeddable":true,"href":"https:\/\/www.cuencasmineras.com\/index.php\/wp-json\/wp\/v2\/media\/2172"}],"wp:attachment":[{"href":"https:\/\/www.cuencasmineras.com\/index.php\/wp-json\/wp\/v2\/media?parent=2171"}],"wp:term":[{"taxonomy":"category","embeddable":true,"href":"https:\/\/www.cuencasmineras.com\/index.php\/wp-json\/wp\/v2\/categories?post=2171"},{"taxonomy":"post_tag","embeddable":true,"href":"https:\/\/www.cuencasmineras.com\/index.php\/wp-json\/wp\/v2\/tags?post=2171"}],"curies":[{"name":"wp","href":"https:\/\/api.w.org\/{rel}","templated":true}]}}