{"id":2199,"date":"2021-03-26T15:48:40","date_gmt":"2021-03-26T15:48:40","guid":{"rendered":"https:\/\/www.cuencasmineras.com\/?p=2199"},"modified":"2021-03-26T15:48:40","modified_gmt":"2021-03-26T15:48:40","slug":"detenida-una-conductora-en-langreo-que-dio-positivo-en-alcohol-tras-causar-un-choque-con-otro-coche","status":"publish","type":"post","link":"https:\/\/www.cuencasmineras.com\/index.php\/2021\/03\/26\/detenida-una-conductora-en-langreo-que-dio-positivo-en-alcohol-tras-causar-un-choque-con-otro-coche\/","title":{"rendered":"Detenida una conductora en Langreo que dio positivo en alcohol tras causar un choque con otro coche"},"content":{"rendered":"<p style=\"text-align: justify;\">La Polic\u00eda Local de Langreo detuvo a una conductora que caus\u00f3 un accidente de tr\u00e1fico en el distrito de Lada y dio positivo en la prueba posterior de alcoholemia. Los hechos ocurrieron minutos antes de las 14.00 horas del pasado mi\u00e9rcoles. La Polic\u00eda Local recibi\u00f3 una llamada del Centro de Coordinaci\u00f3n de Emergencias para informar de un accidente de tr\u00e1fico en la calle Sabino Alonso Fueyo de Lada. A la zona se trasladaron dos patrullas que, a su llegada, comprobaron que dos veh\u00edculos hab\u00edan chocado de forma frontal y presentaban graves desperfectos en sus carrocer\u00edas, aunque no hab\u00eda ninguna persona herida.<\/p>\n<p><img loading=\"lazy\" decoding=\"async\" class=\"aligncenter size-large wp-image-2200\" src=\"https:\/\/www.cuencasmineras.com\/wp-content\/uploads\/2021\/03\/b17c8d16-0629-4eb7-8b86-7e5bc9589761_16-9-discover-aspect-ratio_default_0-1024x576.jpg\" alt=\"\" width=\"640\" height=\"360\" srcset=\"https:\/\/www.cuencasmineras.com\/wp-content\/uploads\/2021\/03\/b17c8d16-0629-4eb7-8b86-7e5bc9589761_16-9-discover-aspect-ratio_default_0-1024x576.jpg 1024w, https:\/\/www.cuencasmineras.com\/wp-content\/uploads\/2021\/03\/b17c8d16-0629-4eb7-8b86-7e5bc9589761_16-9-discover-aspect-ratio_default_0-300x169.jpg 300w, https:\/\/www.cuencasmineras.com\/wp-content\/uploads\/2021\/03\/b17c8d16-0629-4eb7-8b86-7e5bc9589761_16-9-discover-aspect-ratio_default_0-768x432.jpg 768w, https:\/\/www.cuencasmineras.com\/wp-content\/uploads\/2021\/03\/b17c8d16-0629-4eb7-8b86-7e5bc9589761_16-9-discover-aspect-ratio_default_0.jpg 1200w\" sizes=\"auto, (max-width: 640px) 100vw, 640px\" \/><\/p>\n<p style=\"text-align: justify;\">All\u00ed constataron que la conductora del veh\u00edculo que caus\u00f3 el accidente al invadir el carril contrario presentaba claros s\u00edntomas de encontrarse bajo la influencia de bebidas alcoh\u00f3licas, indicaron fuentes municipales. Al realizar la prueba, dio un resultado positivo. Por ese motivo, los agentes procedieron a su detenci\u00f3n y la trasladaron a las dependencias policiales para elaborar el atestado. La mujer est\u00e1 citada para la celebraci\u00f3n de un juicio r\u00e1pido el pr\u00f3ximo martes.<\/p>\n","protected":false},"excerpt":{"rendered":"<p>La Polic\u00eda Local de Langreo detuvo a una conductora que caus\u00f3 un accidente de tr\u00e1fico en el distrito de Lada y dio positivo en la prueba posterior de alcoholemia. Los hechos ocurrieron minutos antes de las 14.00 horas del pasado mi\u00e9rcoles. La Polic\u00eda Local recibi\u00f3 una llamada del Centro de Coordinaci\u00f3n de Emergencias para informar [&hellip;]<\/p>\n","protected":false},"author":1,"featured_media":2200,"comment_status":"open","ping_status":"open","sticky":false,"template":"","format":"standard","meta":{"footnotes":""},"categories":[6,8],"tags":[],"class_list":["post-2199","post","type-post","status-publish","format-standard","has-post-thumbnail","hentry","category-noticias","category-nalon"],"yoast_head":"<!-- This site is optimized with the Yoast SEO plugin v27.4 - https:\/\/yoast.com\/product\/yoast-seo-wordpress\/ -->\n<title>Detenida una conductora en Langreo que dio positivo en alcohol tras causar un choque con otro coche - cm news<\/title>\n<meta name=\"description\" content=\"La mujer est\u00e1 citada para un juicio r\u00e1pido el pr\u00f3ximo martes\" \/>\n<meta name=\"robots\" content=\"index, follow, max-snippet:-1, max-image-preview:large, max-video-preview:-1\" \/>\n<link rel=\"canonical\" href=\"https:\/\/www.cuencasmineras.com\/index.php\/2021\/03\/26\/detenida-una-conductora-en-langreo-que-dio-positivo-en-alcohol-tras-causar-un-choque-con-otro-coche\/\" \/>\n<meta property=\"og:locale\" content=\"es_ES\" \/>\n<meta property=\"og:type\" content=\"article\" \/>\n<meta property=\"og:title\" content=\"Detenida una conductora en Langreo que dio positivo en alcohol tras causar un choque con otro coche - cm news\" \/>\n<meta property=\"og:description\" content=\"La mujer est\u00e1 citada para un juicio r\u00e1pido el pr\u00f3ximo martes\" \/>\n<meta property=\"og:url\" content=\"https:\/\/www.cuencasmineras.com\/index.php\/2021\/03\/26\/detenida-una-conductora-en-langreo-que-dio-positivo-en-alcohol-tras-causar-un-choque-con-otro-coche\/\" \/>\n<meta property=\"article:published_time\" content=\"2021-03-26T15:48:40+00:00\" \/>\n<meta property=\"og:image\" content=\"https:\/\/www.cuencasmineras.com\/wp-content\/uploads\/2021\/03\/b17c8d16-0629-4eb7-8b86-7e5bc9589761_16-9-discover-aspect-ratio_default_0.jpg\" \/>\n\t<meta property=\"og:image:width\" content=\"1200\" \/>\n\t<meta property=\"og:image:height\" content=\"675\" \/>\n\t<meta property=\"og:image:type\" content=\"image\/jpeg\" \/>\n<meta name=\"author\" content=\"admin\" \/>\n<meta name=\"twitter:card\" content=\"summary_large_image\" \/>\n<meta name=\"twitter:label1\" content=\"Escrito por\" \/>\n\t<meta name=\"twitter:data1\" content=\"admin\" \/>\n\t<meta name=\"twitter:label2\" content=\"Tiempo de lectura\" \/>\n\t<meta name=\"twitter:data2\" content=\"1 minuto\" \/>\n<script type=\"application\/ld+json\" class=\"yoast-schema-graph\">{\"@context\":\"https:\\\/\\\/schema.org\",\"@graph\":[{\"@type\":\"Article\",\"@id\":\"https:\\\/\\\/www.cuencasmineras.com\\\/index.php\\\/2021\\\/03\\\/26\\\/detenida-una-conductora-en-langreo-que-dio-positivo-en-alcohol-tras-causar-un-choque-con-otro-coche\\\/#article\",\"isPartOf\":{\"@id\":\"https:\\\/\\\/www.cuencasmineras.com\\\/index.php\\\/2021\\\/03\\\/26\\\/detenida-una-conductora-en-langreo-que-dio-positivo-en-alcohol-tras-causar-un-choque-con-otro-coche\\\/\"},\"author\":{\"name\":\"admin\",\"@id\":\"https:\\\/\\\/www.cuencasmineras.com\\\/#\\\/schema\\\/person\\\/be0691310e8496ec555f679dd688420c\"},\"headline\":\"Detenida una conductora en Langreo que dio positivo en alcohol tras causar un choque con otro coche\",\"datePublished\":\"2021-03-26T15:48:40+00:00\",\"mainEntityOfPage\":{\"@id\":\"https:\\\/\\\/www.cuencasmineras.com\\\/index.php\\\/2021\\\/03\\\/26\\\/detenida-una-conductora-en-langreo-que-dio-positivo-en-alcohol-tras-causar-un-choque-con-otro-coche\\\/\"},\"wordCount\":206,\"commentCount\":0,\"image\":{\"@id\":\"https:\\\/\\\/www.cuencasmineras.com\\\/index.php\\\/2021\\\/03\\\/26\\\/detenida-una-conductora-en-langreo-que-dio-positivo-en-alcohol-tras-causar-un-choque-con-otro-coche\\\/#primaryimage\"},\"thumbnailUrl\":\"https:\\\/\\\/www.cuencasmineras.com\\\/wp-content\\\/uploads\\\/2021\\\/03\\\/b17c8d16-0629-4eb7-8b86-7e5bc9589761_16-9-discover-aspect-ratio_default_0.jpg\",\"articleSection\":[\"CM NEWS\",\"Nal\u00f3n\"],\"inLanguage\":\"es\",\"potentialAction\":[{\"@type\":\"CommentAction\",\"name\":\"Comment\",\"target\":[\"https:\\\/\\\/www.cuencasmineras.com\\\/index.php\\\/2021\\\/03\\\/26\\\/detenida-una-conductora-en-langreo-que-dio-positivo-en-alcohol-tras-causar-un-choque-con-otro-coche\\\/#respond\"]}]},{\"@type\":\"WebPage\",\"@id\":\"https:\\\/\\\/www.cuencasmineras.com\\\/index.php\\\/2021\\\/03\\\/26\\\/detenida-una-conductora-en-langreo-que-dio-positivo-en-alcohol-tras-causar-un-choque-con-otro-coche\\\/\",\"url\":\"https:\\\/\\\/www.cuencasmineras.com\\\/index.php\\\/2021\\\/03\\\/26\\\/detenida-una-conductora-en-langreo-que-dio-positivo-en-alcohol-tras-causar-un-choque-con-otro-coche\\\/\",\"name\":\"Detenida una conductora en Langreo que dio positivo en alcohol tras causar un choque con otro coche - cm news\",\"isPartOf\":{\"@id\":\"https:\\\/\\\/www.cuencasmineras.com\\\/#website\"},\"primaryImageOfPage\":{\"@id\":\"https:\\\/\\\/www.cuencasmineras.com\\\/index.php\\\/2021\\\/03\\\/26\\\/detenida-una-conductora-en-langreo-que-dio-positivo-en-alcohol-tras-causar-un-choque-con-otro-coche\\\/#primaryimage\"},\"image\":{\"@id\":\"https:\\\/\\\/www.cuencasmineras.com\\\/index.php\\\/2021\\\/03\\\/26\\\/detenida-una-conductora-en-langreo-que-dio-positivo-en-alcohol-tras-causar-un-choque-con-otro-coche\\\/#primaryimage\"},\"thumbnailUrl\":\"https:\\\/\\\/www.cuencasmineras.com\\\/wp-content\\\/uploads\\\/2021\\\/03\\\/b17c8d16-0629-4eb7-8b86-7e5bc9589761_16-9-discover-aspect-ratio_default_0.jpg\",\"datePublished\":\"2021-03-26T15:48:40+00:00\",\"author\":{\"@id\":\"https:\\\/\\\/www.cuencasmineras.com\\\/#\\\/schema\\\/person\\\/be0691310e8496ec555f679dd688420c\"},\"description\":\"La mujer est\u00e1 citada para un juicio r\u00e1pido el pr\u00f3ximo martes\",\"breadcrumb\":{\"@id\":\"https:\\\/\\\/www.cuencasmineras.com\\\/index.php\\\/2021\\\/03\\\/26\\\/detenida-una-conductora-en-langreo-que-dio-positivo-en-alcohol-tras-causar-un-choque-con-otro-coche\\\/#breadcrumb\"},\"inLanguage\":\"es\",\"potentialAction\":[{\"@type\":\"ReadAction\",\"target\":[\"https:\\\/\\\/www.cuencasmineras.com\\\/index.php\\\/2021\\\/03\\\/26\\\/detenida-una-conductora-en-langreo-que-dio-positivo-en-alcohol-tras-causar-un-choque-con-otro-coche\\\/\"]}]},{\"@type\":\"ImageObject\",\"inLanguage\":\"es\",\"@id\":\"https:\\\/\\\/www.cuencasmineras.com\\\/index.php\\\/2021\\\/03\\\/26\\\/detenida-una-conductora-en-langreo-que-dio-positivo-en-alcohol-tras-causar-un-choque-con-otro-coche\\\/#primaryimage\",\"url\":\"https:\\\/\\\/www.cuencasmineras.com\\\/wp-content\\\/uploads\\\/2021\\\/03\\\/b17c8d16-0629-4eb7-8b86-7e5bc9589761_16-9-discover-aspect-ratio_default_0.jpg\",\"contentUrl\":\"https:\\\/\\\/www.cuencasmineras.com\\\/wp-content\\\/uploads\\\/2021\\\/03\\\/b17c8d16-0629-4eb7-8b86-7e5bc9589761_16-9-discover-aspect-ratio_default_0.jpg\",\"width\":1200,\"height\":675},{\"@type\":\"BreadcrumbList\",\"@id\":\"https:\\\/\\\/www.cuencasmineras.com\\\/index.php\\\/2021\\\/03\\\/26\\\/detenida-una-conductora-en-langreo-que-dio-positivo-en-alcohol-tras-causar-un-choque-con-otro-coche\\\/#breadcrumb\",\"itemListElement\":[{\"@type\":\"ListItem\",\"position\":1,\"name\":\"Portada\",\"item\":\"https:\\\/\\\/www.cuencasmineras.com\\\/\"},{\"@type\":\"ListItem\",\"position\":2,\"name\":\"Detenida una conductora en Langreo que dio positivo en alcohol tras causar un choque con otro coche\"}]},{\"@type\":\"WebSite\",\"@id\":\"https:\\\/\\\/www.cuencasmineras.com\\\/#website\",\"url\":\"https:\\\/\\\/www.cuencasmineras.com\\\/\",\"name\":\"\",\"description\":\"\",\"potentialAction\":[{\"@type\":\"SearchAction\",\"target\":{\"@type\":\"EntryPoint\",\"urlTemplate\":\"https:\\\/\\\/www.cuencasmineras.com\\\/?s={search_term_string}\"},\"query-input\":{\"@type\":\"PropertyValueSpecification\",\"valueRequired\":true,\"valueName\":\"search_term_string\"}}],\"inLanguage\":\"es\"},{\"@type\":\"Person\",\"@id\":\"https:\\\/\\\/www.cuencasmineras.com\\\/#\\\/schema\\\/person\\\/be0691310e8496ec555f679dd688420c\",\"name\":\"admin\",\"image\":{\"@type\":\"ImageObject\",\"inLanguage\":\"es\",\"@id\":\"https:\\\/\\\/secure.gravatar.com\\\/avatar\\\/4afd2eed3b2fbbf36dd6707b5bd8a5b50ac648f033e36fbf85aeace2f0f859db?s=96&d=mm&r=g\",\"url\":\"https:\\\/\\\/secure.gravatar.com\\\/avatar\\\/4afd2eed3b2fbbf36dd6707b5bd8a5b50ac648f033e36fbf85aeace2f0f859db?s=96&d=mm&r=g\",\"contentUrl\":\"https:\\\/\\\/secure.gravatar.com\\\/avatar\\\/4afd2eed3b2fbbf36dd6707b5bd8a5b50ac648f033e36fbf85aeace2f0f859db?s=96&d=mm&r=g\",\"caption\":\"admin\"},\"sameAs\":[\"https:\\\/\\\/www.cuencasmineras.com\"],\"url\":\"https:\\\/\\\/www.cuencasmineras.com\\\/index.php\\\/author\\\/admin\\\/\"}]}<\/script>\n<!-- \/ Yoast SEO plugin. -->","yoast_head_json":{"title":"Detenida una conductora en Langreo que dio positivo en alcohol tras causar un choque con otro coche - cm news","description":"La mujer est\u00e1 citada para un juicio r\u00e1pido el pr\u00f3ximo martes","robots":{"index":"index","follow":"follow","max-snippet":"max-snippet:-1","max-image-preview":"max-image-preview:large","max-video-preview":"max-video-preview:-1"},"canonical":"https:\/\/www.cuencasmineras.com\/index.php\/2021\/03\/26\/detenida-una-conductora-en-langreo-que-dio-positivo-en-alcohol-tras-causar-un-choque-con-otro-coche\/","og_locale":"es_ES","og_type":"article","og_title":"Detenida una conductora en Langreo que dio positivo en alcohol tras causar un choque con otro coche - cm news","og_description":"La mujer est\u00e1 citada para un juicio r\u00e1pido el pr\u00f3ximo martes","og_url":"https:\/\/www.cuencasmineras.com\/index.php\/2021\/03\/26\/detenida-una-conductora-en-langreo-que-dio-positivo-en-alcohol-tras-causar-un-choque-con-otro-coche\/","article_published_time":"2021-03-26T15:48:40+00:00","og_image":[{"width":1200,"height":675,"url":"https:\/\/www.cuencasmineras.com\/wp-content\/uploads\/2021\/03\/b17c8d16-0629-4eb7-8b86-7e5bc9589761_16-9-discover-aspect-ratio_default_0.jpg","type":"image\/jpeg"}],"author":"admin","twitter_card":"summary_large_image","twitter_misc":{"Escrito por":"admin","Tiempo de lectura":"1 minuto"},"schema":{"@context":"https:\/\/schema.org","@graph":[{"@type":"Article","@id":"https:\/\/www.cuencasmineras.com\/index.php\/2021\/03\/26\/detenida-una-conductora-en-langreo-que-dio-positivo-en-alcohol-tras-causar-un-choque-con-otro-coche\/#article","isPartOf":{"@id":"https:\/\/www.cuencasmineras.com\/index.php\/2021\/03\/26\/detenida-una-conductora-en-langreo-que-dio-positivo-en-alcohol-tras-causar-un-choque-con-otro-coche\/"},"author":{"name":"admin","@id":"https:\/\/www.cuencasmineras.com\/#\/schema\/person\/be0691310e8496ec555f679dd688420c"},"headline":"Detenida una conductora en Langreo que dio positivo en alcohol tras causar un choque con otro coche","datePublished":"2021-03-26T15:48:40+00:00","mainEntityOfPage":{"@id":"https:\/\/www.cuencasmineras.com\/index.php\/2021\/03\/26\/detenida-una-conductora-en-langreo-que-dio-positivo-en-alcohol-tras-causar-un-choque-con-otro-coche\/"},"wordCount":206,"commentCount":0,"image":{"@id":"https:\/\/www.cuencasmineras.com\/index.php\/2021\/03\/26\/detenida-una-conductora-en-langreo-que-dio-positivo-en-alcohol-tras-causar-un-choque-con-otro-coche\/#primaryimage"},"thumbnailUrl":"https:\/\/www.cuencasmineras.com\/wp-content\/uploads\/2021\/03\/b17c8d16-0629-4eb7-8b86-7e5bc9589761_16-9-discover-aspect-ratio_default_0.jpg","articleSection":["CM NEWS","Nal\u00f3n"],"inLanguage":"es","potentialAction":[{"@type":"CommentAction","name":"Comment","target":["https:\/\/www.cuencasmineras.com\/index.php\/2021\/03\/26\/detenida-una-conductora-en-langreo-que-dio-positivo-en-alcohol-tras-causar-un-choque-con-otro-coche\/#respond"]}]},{"@type":"WebPage","@id":"https:\/\/www.cuencasmineras.com\/index.php\/2021\/03\/26\/detenida-una-conductora-en-langreo-que-dio-positivo-en-alcohol-tras-causar-un-choque-con-otro-coche\/","url":"https:\/\/www.cuencasmineras.com\/index.php\/2021\/03\/26\/detenida-una-conductora-en-langreo-que-dio-positivo-en-alcohol-tras-causar-un-choque-con-otro-coche\/","name":"Detenida una conductora en Langreo que dio positivo en alcohol tras causar un choque con otro coche - cm news","isPartOf":{"@id":"https:\/\/www.cuencasmineras.com\/#website"},"primaryImageOfPage":{"@id":"https:\/\/www.cuencasmineras.com\/index.php\/2021\/03\/26\/detenida-una-conductora-en-langreo-que-dio-positivo-en-alcohol-tras-causar-un-choque-con-otro-coche\/#primaryimage"},"image":{"@id":"https:\/\/www.cuencasmineras.com\/index.php\/2021\/03\/26\/detenida-una-conductora-en-langreo-que-dio-positivo-en-alcohol-tras-causar-un-choque-con-otro-coche\/#primaryimage"},"thumbnailUrl":"https:\/\/www.cuencasmineras.com\/wp-content\/uploads\/2021\/03\/b17c8d16-0629-4eb7-8b86-7e5bc9589761_16-9-discover-aspect-ratio_default_0.jpg","datePublished":"2021-03-26T15:48:40+00:00","author":{"@id":"https:\/\/www.cuencasmineras.com\/#\/schema\/person\/be0691310e8496ec555f679dd688420c"},"description":"La mujer est\u00e1 citada para un juicio r\u00e1pido el pr\u00f3ximo martes","breadcrumb":{"@id":"https:\/\/www.cuencasmineras.com\/index.php\/2021\/03\/26\/detenida-una-conductora-en-langreo-que-dio-positivo-en-alcohol-tras-causar-un-choque-con-otro-coche\/#breadcrumb"},"inLanguage":"es","potentialAction":[{"@type":"ReadAction","target":["https:\/\/www.cuencasmineras.com\/index.php\/2021\/03\/26\/detenida-una-conductora-en-langreo-que-dio-positivo-en-alcohol-tras-causar-un-choque-con-otro-coche\/"]}]},{"@type":"ImageObject","inLanguage":"es","@id":"https:\/\/www.cuencasmineras.com\/index.php\/2021\/03\/26\/detenida-una-conductora-en-langreo-que-dio-positivo-en-alcohol-tras-causar-un-choque-con-otro-coche\/#primaryimage","url":"https:\/\/www.cuencasmineras.com\/wp-content\/uploads\/2021\/03\/b17c8d16-0629-4eb7-8b86-7e5bc9589761_16-9-discover-aspect-ratio_default_0.jpg","contentUrl":"https:\/\/www.cuencasmineras.com\/wp-content\/uploads\/2021\/03\/b17c8d16-0629-4eb7-8b86-7e5bc9589761_16-9-discover-aspect-ratio_default_0.jpg","width":1200,"height":675},{"@type":"BreadcrumbList","@id":"https:\/\/www.cuencasmineras.com\/index.php\/2021\/03\/26\/detenida-una-conductora-en-langreo-que-dio-positivo-en-alcohol-tras-causar-un-choque-con-otro-coche\/#breadcrumb","itemListElement":[{"@type":"ListItem","position":1,"name":"Portada","item":"https:\/\/www.cuencasmineras.com\/"},{"@type":"ListItem","position":2,"name":"Detenida una conductora en Langreo que dio positivo en alcohol tras causar un choque con otro coche"}]},{"@type":"WebSite","@id":"https:\/\/www.cuencasmineras.com\/#website","url":"https:\/\/www.cuencasmineras.com\/","name":"","description":"","potentialAction":[{"@type":"SearchAction","target":{"@type":"EntryPoint","urlTemplate":"https:\/\/www.cuencasmineras.com\/?s={search_term_string}"},"query-input":{"@type":"PropertyValueSpecification","valueRequired":true,"valueName":"search_term_string"}}],"inLanguage":"es"},{"@type":"Person","@id":"https:\/\/www.cuencasmineras.com\/#\/schema\/person\/be0691310e8496ec555f679dd688420c","name":"admin","image":{"@type":"ImageObject","inLanguage":"es","@id":"https:\/\/secure.gravatar.com\/avatar\/4afd2eed3b2fbbf36dd6707b5bd8a5b50ac648f033e36fbf85aeace2f0f859db?s=96&d=mm&r=g","url":"https:\/\/secure.gravatar.com\/avatar\/4afd2eed3b2fbbf36dd6707b5bd8a5b50ac648f033e36fbf85aeace2f0f859db?s=96&d=mm&r=g","contentUrl":"https:\/\/secure.gravatar.com\/avatar\/4afd2eed3b2fbbf36dd6707b5bd8a5b50ac648f033e36fbf85aeace2f0f859db?s=96&d=mm&r=g","caption":"admin"},"sameAs":["https:\/\/www.cuencasmineras.com"],"url":"https:\/\/www.cuencasmineras.com\/index.php\/author\/admin\/"}]}},"_links":{"self":[{"href":"https:\/\/www.cuencasmineras.com\/index.php\/wp-json\/wp\/v2\/posts\/2199","targetHints":{"allow":["GET"]}}],"collection":[{"href":"https:\/\/www.cuencasmineras.com\/index.php\/wp-json\/wp\/v2\/posts"}],"about":[{"href":"https:\/\/www.cuencasmineras.com\/index.php\/wp-json\/wp\/v2\/types\/post"}],"author":[{"embeddable":true,"href":"https:\/\/www.cuencasmineras.com\/index.php\/wp-json\/wp\/v2\/users\/1"}],"replies":[{"embeddable":true,"href":"https:\/\/www.cuencasmineras.com\/index.php\/wp-json\/wp\/v2\/comments?post=2199"}],"version-history":[{"count":1,"href":"https:\/\/www.cuencasmineras.com\/index.php\/wp-json\/wp\/v2\/posts\/2199\/revisions"}],"predecessor-version":[{"id":2201,"href":"https:\/\/www.cuencasmineras.com\/index.php\/wp-json\/wp\/v2\/posts\/2199\/revisions\/2201"}],"wp:featuredmedia":[{"embeddable":true,"href":"https:\/\/www.cuencasmineras.com\/index.php\/wp-json\/wp\/v2\/media\/2200"}],"wp:attachment":[{"href":"https:\/\/www.cuencasmineras.com\/index.php\/wp-json\/wp\/v2\/media?parent=2199"}],"wp:term":[{"taxonomy":"category","embeddable":true,"href":"https:\/\/www.cuencasmineras.com\/index.php\/wp-json\/wp\/v2\/categories?post=2199"},{"taxonomy":"post_tag","embeddable":true,"href":"https:\/\/www.cuencasmineras.com\/index.php\/wp-json\/wp\/v2\/tags?post=2199"}],"curies":[{"name":"wp","href":"https:\/\/api.w.org\/{rel}","templated":true}]}}