{"id":2202,"date":"2021-03-26T15:52:08","date_gmt":"2021-03-26T15:52:08","guid":{"rendered":"https:\/\/www.cuencasmineras.com\/?p=2202"},"modified":"2021-03-26T15:52:08","modified_gmt":"2021-03-26T15:52:08","slug":"laviana-acomete-obras-de-mejora-en-el-paseo-fluvial-del-tirana","status":"publish","type":"post","link":"https:\/\/www.cuencasmineras.com\/index.php\/2021\/03\/26\/laviana-acomete-obras-de-mejora-en-el-paseo-fluvial-del-tirana\/","title":{"rendered":"Laviana acomete obras de mejora en el paseo fluvial del Tira\u00f1a"},"content":{"rendered":"<p>Operarios del servicio municipal de Obras de Laviana han comenzado la ejecuci\u00f3n de varias actuaciones para la mejora y adecuaci\u00f3n de este paseo fluvial \u201cR\u00edo Tira\u00f1a-Parque El Tren de la Libertad\u201d (en la imagen). El plazo de finalizaci\u00f3n de estas obras est\u00e1 previsto para mediados del mes de abril, \u201ccon la compactaci\u00f3n de una capa de terminado mortero que da lugar a un revestimiento impermeable y uniforme del pavimento que mejorar\u00e1 este entorno verde\u201d, indic\u00f3 el gobierno local.<\/p>\n<p><img loading=\"lazy\" decoding=\"async\" class=\"aligncenter size-large wp-image-2203\" src=\"https:\/\/www.cuencasmineras.com\/wp-content\/uploads\/2021\/03\/2ebf1d2d-5136-450a-abc2-e7f96871eaf3_16-9-discover-aspect-ratio_default_0-1024x576.jpg\" alt=\"\" width=\"640\" height=\"360\" srcset=\"https:\/\/www.cuencasmineras.com\/wp-content\/uploads\/2021\/03\/2ebf1d2d-5136-450a-abc2-e7f96871eaf3_16-9-discover-aspect-ratio_default_0-1024x576.jpg 1024w, https:\/\/www.cuencasmineras.com\/wp-content\/uploads\/2021\/03\/2ebf1d2d-5136-450a-abc2-e7f96871eaf3_16-9-discover-aspect-ratio_default_0-300x169.jpg 300w, https:\/\/www.cuencasmineras.com\/wp-content\/uploads\/2021\/03\/2ebf1d2d-5136-450a-abc2-e7f96871eaf3_16-9-discover-aspect-ratio_default_0-768x432.jpg 768w, https:\/\/www.cuencasmineras.com\/wp-content\/uploads\/2021\/03\/2ebf1d2d-5136-450a-abc2-e7f96871eaf3_16-9-discover-aspect-ratio_default_0.jpg 1200w\" sizes=\"auto, (max-width: 640px) 100vw, 640px\" \/><\/p>\n","protected":false},"excerpt":{"rendered":"<p>Operarios del servicio municipal de Obras de Laviana han comenzado la ejecuci\u00f3n de varias actuaciones para la mejora y adecuaci\u00f3n de este paseo fluvial \u201cR\u00edo Tira\u00f1a-Parque El Tren de la Libertad\u201d (en la imagen). El plazo de finalizaci\u00f3n de estas obras est\u00e1 previsto para mediados del mes de abril, \u201ccon la compactaci\u00f3n de una capa [&hellip;]<\/p>\n","protected":false},"author":1,"featured_media":2203,"comment_status":"open","ping_status":"open","sticky":false,"template":"","format":"standard","meta":{"footnotes":""},"categories":[7,6],"tags":[],"class_list":["post-2202","post","type-post","status-publish","format-standard","has-post-thumbnail","hentry","category-caudal","category-noticias"],"yoast_head":"<!-- This site is optimized with the Yoast SEO plugin v27.4 - https:\/\/yoast.com\/product\/yoast-seo-wordpress\/ -->\n<title>Laviana acomete obras de mejora en el paseo fluvial del Tira\u00f1a - cm news Laviana<\/title>\n<meta name=\"description\" content=\"han comenzado la ejecuci\u00f3n de varias actuaciones para la mejora y adecuaci\u00f3n de este paseo fluvial \u201cR\u00edo Tira\u00f1a-Parque El Tren de la Libertad\u201d\" \/>\n<meta name=\"robots\" content=\"index, follow, max-snippet:-1, max-image-preview:large, max-video-preview:-1\" \/>\n<link rel=\"canonical\" href=\"https:\/\/www.cuencasmineras.com\/index.php\/2021\/03\/26\/laviana-acomete-obras-de-mejora-en-el-paseo-fluvial-del-tirana\/\" \/>\n<meta property=\"og:locale\" content=\"es_ES\" \/>\n<meta property=\"og:type\" content=\"article\" \/>\n<meta property=\"og:title\" content=\"Laviana acomete obras de mejora en el paseo fluvial del Tira\u00f1a - cm news Laviana\" \/>\n<meta property=\"og:description\" content=\"han comenzado la ejecuci\u00f3n de varias actuaciones para la mejora y adecuaci\u00f3n de este paseo fluvial \u201cR\u00edo Tira\u00f1a-Parque El Tren de la Libertad\u201d\" \/>\n<meta property=\"og:url\" content=\"https:\/\/www.cuencasmineras.com\/index.php\/2021\/03\/26\/laviana-acomete-obras-de-mejora-en-el-paseo-fluvial-del-tirana\/\" \/>\n<meta property=\"article:published_time\" content=\"2021-03-26T15:52:08+00:00\" \/>\n<meta property=\"og:image\" content=\"https:\/\/www.cuencasmineras.com\/wp-content\/uploads\/2021\/03\/2ebf1d2d-5136-450a-abc2-e7f96871eaf3_16-9-discover-aspect-ratio_default_0.jpg\" \/>\n\t<meta property=\"og:image:width\" content=\"1200\" \/>\n\t<meta property=\"og:image:height\" content=\"675\" \/>\n\t<meta property=\"og:image:type\" content=\"image\/jpeg\" \/>\n<meta name=\"author\" content=\"admin\" \/>\n<meta name=\"twitter:card\" content=\"summary_large_image\" \/>\n<meta name=\"twitter:label1\" content=\"Escrito por\" \/>\n\t<meta name=\"twitter:data1\" content=\"admin\" \/>\n\t<meta name=\"twitter:label2\" content=\"Tiempo de lectura\" \/>\n\t<meta name=\"twitter:data2\" content=\"1 minuto\" \/>\n<script type=\"application\/ld+json\" class=\"yoast-schema-graph\">{\"@context\":\"https:\\\/\\\/schema.org\",\"@graph\":[{\"@type\":\"Article\",\"@id\":\"https:\\\/\\\/www.cuencasmineras.com\\\/index.php\\\/2021\\\/03\\\/26\\\/laviana-acomete-obras-de-mejora-en-el-paseo-fluvial-del-tirana\\\/#article\",\"isPartOf\":{\"@id\":\"https:\\\/\\\/www.cuencasmineras.com\\\/index.php\\\/2021\\\/03\\\/26\\\/laviana-acomete-obras-de-mejora-en-el-paseo-fluvial-del-tirana\\\/\"},\"author\":{\"name\":\"admin\",\"@id\":\"https:\\\/\\\/www.cuencasmineras.com\\\/#\\\/schema\\\/person\\\/be0691310e8496ec555f679dd688420c\"},\"headline\":\"Laviana acomete obras de mejora en el paseo fluvial del Tira\u00f1a\",\"datePublished\":\"2021-03-26T15:52:08+00:00\",\"mainEntityOfPage\":{\"@id\":\"https:\\\/\\\/www.cuencasmineras.com\\\/index.php\\\/2021\\\/03\\\/26\\\/laviana-acomete-obras-de-mejora-en-el-paseo-fluvial-del-tirana\\\/\"},\"wordCount\":96,\"commentCount\":0,\"image\":{\"@id\":\"https:\\\/\\\/www.cuencasmineras.com\\\/index.php\\\/2021\\\/03\\\/26\\\/laviana-acomete-obras-de-mejora-en-el-paseo-fluvial-del-tirana\\\/#primaryimage\"},\"thumbnailUrl\":\"https:\\\/\\\/www.cuencasmineras.com\\\/wp-content\\\/uploads\\\/2021\\\/03\\\/2ebf1d2d-5136-450a-abc2-e7f96871eaf3_16-9-discover-aspect-ratio_default_0.jpg\",\"articleSection\":[\"Caudal\",\"CM NEWS\"],\"inLanguage\":\"es\",\"potentialAction\":[{\"@type\":\"CommentAction\",\"name\":\"Comment\",\"target\":[\"https:\\\/\\\/www.cuencasmineras.com\\\/index.php\\\/2021\\\/03\\\/26\\\/laviana-acomete-obras-de-mejora-en-el-paseo-fluvial-del-tirana\\\/#respond\"]}]},{\"@type\":\"WebPage\",\"@id\":\"https:\\\/\\\/www.cuencasmineras.com\\\/index.php\\\/2021\\\/03\\\/26\\\/laviana-acomete-obras-de-mejora-en-el-paseo-fluvial-del-tirana\\\/\",\"url\":\"https:\\\/\\\/www.cuencasmineras.com\\\/index.php\\\/2021\\\/03\\\/26\\\/laviana-acomete-obras-de-mejora-en-el-paseo-fluvial-del-tirana\\\/\",\"name\":\"Laviana acomete obras de mejora en el paseo fluvial del Tira\u00f1a - cm news Laviana\",\"isPartOf\":{\"@id\":\"https:\\\/\\\/www.cuencasmineras.com\\\/#website\"},\"primaryImageOfPage\":{\"@id\":\"https:\\\/\\\/www.cuencasmineras.com\\\/index.php\\\/2021\\\/03\\\/26\\\/laviana-acomete-obras-de-mejora-en-el-paseo-fluvial-del-tirana\\\/#primaryimage\"},\"image\":{\"@id\":\"https:\\\/\\\/www.cuencasmineras.com\\\/index.php\\\/2021\\\/03\\\/26\\\/laviana-acomete-obras-de-mejora-en-el-paseo-fluvial-del-tirana\\\/#primaryimage\"},\"thumbnailUrl\":\"https:\\\/\\\/www.cuencasmineras.com\\\/wp-content\\\/uploads\\\/2021\\\/03\\\/2ebf1d2d-5136-450a-abc2-e7f96871eaf3_16-9-discover-aspect-ratio_default_0.jpg\",\"datePublished\":\"2021-03-26T15:52:08+00:00\",\"author\":{\"@id\":\"https:\\\/\\\/www.cuencasmineras.com\\\/#\\\/schema\\\/person\\\/be0691310e8496ec555f679dd688420c\"},\"description\":\"han comenzado la ejecuci\u00f3n de varias actuaciones para la mejora y adecuaci\u00f3n de este paseo fluvial \u201cR\u00edo Tira\u00f1a-Parque El Tren de la Libertad\u201d\",\"breadcrumb\":{\"@id\":\"https:\\\/\\\/www.cuencasmineras.com\\\/index.php\\\/2021\\\/03\\\/26\\\/laviana-acomete-obras-de-mejora-en-el-paseo-fluvial-del-tirana\\\/#breadcrumb\"},\"inLanguage\":\"es\",\"potentialAction\":[{\"@type\":\"ReadAction\",\"target\":[\"https:\\\/\\\/www.cuencasmineras.com\\\/index.php\\\/2021\\\/03\\\/26\\\/laviana-acomete-obras-de-mejora-en-el-paseo-fluvial-del-tirana\\\/\"]}]},{\"@type\":\"ImageObject\",\"inLanguage\":\"es\",\"@id\":\"https:\\\/\\\/www.cuencasmineras.com\\\/index.php\\\/2021\\\/03\\\/26\\\/laviana-acomete-obras-de-mejora-en-el-paseo-fluvial-del-tirana\\\/#primaryimage\",\"url\":\"https:\\\/\\\/www.cuencasmineras.com\\\/wp-content\\\/uploads\\\/2021\\\/03\\\/2ebf1d2d-5136-450a-abc2-e7f96871eaf3_16-9-discover-aspect-ratio_default_0.jpg\",\"contentUrl\":\"https:\\\/\\\/www.cuencasmineras.com\\\/wp-content\\\/uploads\\\/2021\\\/03\\\/2ebf1d2d-5136-450a-abc2-e7f96871eaf3_16-9-discover-aspect-ratio_default_0.jpg\",\"width\":1200,\"height\":675},{\"@type\":\"BreadcrumbList\",\"@id\":\"https:\\\/\\\/www.cuencasmineras.com\\\/index.php\\\/2021\\\/03\\\/26\\\/laviana-acomete-obras-de-mejora-en-el-paseo-fluvial-del-tirana\\\/#breadcrumb\",\"itemListElement\":[{\"@type\":\"ListItem\",\"position\":1,\"name\":\"Portada\",\"item\":\"https:\\\/\\\/www.cuencasmineras.com\\\/\"},{\"@type\":\"ListItem\",\"position\":2,\"name\":\"Laviana acomete obras de mejora en el paseo fluvial del Tira\u00f1a\"}]},{\"@type\":\"WebSite\",\"@id\":\"https:\\\/\\\/www.cuencasmineras.com\\\/#website\",\"url\":\"https:\\\/\\\/www.cuencasmineras.com\\\/\",\"name\":\"\",\"description\":\"\",\"potentialAction\":[{\"@type\":\"SearchAction\",\"target\":{\"@type\":\"EntryPoint\",\"urlTemplate\":\"https:\\\/\\\/www.cuencasmineras.com\\\/?s={search_term_string}\"},\"query-input\":{\"@type\":\"PropertyValueSpecification\",\"valueRequired\":true,\"valueName\":\"search_term_string\"}}],\"inLanguage\":\"es\"},{\"@type\":\"Person\",\"@id\":\"https:\\\/\\\/www.cuencasmineras.com\\\/#\\\/schema\\\/person\\\/be0691310e8496ec555f679dd688420c\",\"name\":\"admin\",\"image\":{\"@type\":\"ImageObject\",\"inLanguage\":\"es\",\"@id\":\"https:\\\/\\\/secure.gravatar.com\\\/avatar\\\/4afd2eed3b2fbbf36dd6707b5bd8a5b50ac648f033e36fbf85aeace2f0f859db?s=96&d=mm&r=g\",\"url\":\"https:\\\/\\\/secure.gravatar.com\\\/avatar\\\/4afd2eed3b2fbbf36dd6707b5bd8a5b50ac648f033e36fbf85aeace2f0f859db?s=96&d=mm&r=g\",\"contentUrl\":\"https:\\\/\\\/secure.gravatar.com\\\/avatar\\\/4afd2eed3b2fbbf36dd6707b5bd8a5b50ac648f033e36fbf85aeace2f0f859db?s=96&d=mm&r=g\",\"caption\":\"admin\"},\"sameAs\":[\"https:\\\/\\\/www.cuencasmineras.com\"],\"url\":\"https:\\\/\\\/www.cuencasmineras.com\\\/index.php\\\/author\\\/admin\\\/\"}]}<\/script>\n<!-- \/ Yoast SEO plugin. -->","yoast_head_json":{"title":"Laviana acomete obras de mejora en el paseo fluvial del Tira\u00f1a - cm news Laviana","description":"han comenzado la ejecuci\u00f3n de varias actuaciones para la mejora y adecuaci\u00f3n de este paseo fluvial \u201cR\u00edo Tira\u00f1a-Parque El Tren de la Libertad\u201d","robots":{"index":"index","follow":"follow","max-snippet":"max-snippet:-1","max-image-preview":"max-image-preview:large","max-video-preview":"max-video-preview:-1"},"canonical":"https:\/\/www.cuencasmineras.com\/index.php\/2021\/03\/26\/laviana-acomete-obras-de-mejora-en-el-paseo-fluvial-del-tirana\/","og_locale":"es_ES","og_type":"article","og_title":"Laviana acomete obras de mejora en el paseo fluvial del Tira\u00f1a - cm news Laviana","og_description":"han comenzado la ejecuci\u00f3n de varias actuaciones para la mejora y adecuaci\u00f3n de este paseo fluvial \u201cR\u00edo Tira\u00f1a-Parque El Tren de la Libertad\u201d","og_url":"https:\/\/www.cuencasmineras.com\/index.php\/2021\/03\/26\/laviana-acomete-obras-de-mejora-en-el-paseo-fluvial-del-tirana\/","article_published_time":"2021-03-26T15:52:08+00:00","og_image":[{"width":1200,"height":675,"url":"https:\/\/www.cuencasmineras.com\/wp-content\/uploads\/2021\/03\/2ebf1d2d-5136-450a-abc2-e7f96871eaf3_16-9-discover-aspect-ratio_default_0.jpg","type":"image\/jpeg"}],"author":"admin","twitter_card":"summary_large_image","twitter_misc":{"Escrito por":"admin","Tiempo de lectura":"1 minuto"},"schema":{"@context":"https:\/\/schema.org","@graph":[{"@type":"Article","@id":"https:\/\/www.cuencasmineras.com\/index.php\/2021\/03\/26\/laviana-acomete-obras-de-mejora-en-el-paseo-fluvial-del-tirana\/#article","isPartOf":{"@id":"https:\/\/www.cuencasmineras.com\/index.php\/2021\/03\/26\/laviana-acomete-obras-de-mejora-en-el-paseo-fluvial-del-tirana\/"},"author":{"name":"admin","@id":"https:\/\/www.cuencasmineras.com\/#\/schema\/person\/be0691310e8496ec555f679dd688420c"},"headline":"Laviana acomete obras de mejora en el paseo fluvial del Tira\u00f1a","datePublished":"2021-03-26T15:52:08+00:00","mainEntityOfPage":{"@id":"https:\/\/www.cuencasmineras.com\/index.php\/2021\/03\/26\/laviana-acomete-obras-de-mejora-en-el-paseo-fluvial-del-tirana\/"},"wordCount":96,"commentCount":0,"image":{"@id":"https:\/\/www.cuencasmineras.com\/index.php\/2021\/03\/26\/laviana-acomete-obras-de-mejora-en-el-paseo-fluvial-del-tirana\/#primaryimage"},"thumbnailUrl":"https:\/\/www.cuencasmineras.com\/wp-content\/uploads\/2021\/03\/2ebf1d2d-5136-450a-abc2-e7f96871eaf3_16-9-discover-aspect-ratio_default_0.jpg","articleSection":["Caudal","CM NEWS"],"inLanguage":"es","potentialAction":[{"@type":"CommentAction","name":"Comment","target":["https:\/\/www.cuencasmineras.com\/index.php\/2021\/03\/26\/laviana-acomete-obras-de-mejora-en-el-paseo-fluvial-del-tirana\/#respond"]}]},{"@type":"WebPage","@id":"https:\/\/www.cuencasmineras.com\/index.php\/2021\/03\/26\/laviana-acomete-obras-de-mejora-en-el-paseo-fluvial-del-tirana\/","url":"https:\/\/www.cuencasmineras.com\/index.php\/2021\/03\/26\/laviana-acomete-obras-de-mejora-en-el-paseo-fluvial-del-tirana\/","name":"Laviana acomete obras de mejora en el paseo fluvial del Tira\u00f1a - cm news Laviana","isPartOf":{"@id":"https:\/\/www.cuencasmineras.com\/#website"},"primaryImageOfPage":{"@id":"https:\/\/www.cuencasmineras.com\/index.php\/2021\/03\/26\/laviana-acomete-obras-de-mejora-en-el-paseo-fluvial-del-tirana\/#primaryimage"},"image":{"@id":"https:\/\/www.cuencasmineras.com\/index.php\/2021\/03\/26\/laviana-acomete-obras-de-mejora-en-el-paseo-fluvial-del-tirana\/#primaryimage"},"thumbnailUrl":"https:\/\/www.cuencasmineras.com\/wp-content\/uploads\/2021\/03\/2ebf1d2d-5136-450a-abc2-e7f96871eaf3_16-9-discover-aspect-ratio_default_0.jpg","datePublished":"2021-03-26T15:52:08+00:00","author":{"@id":"https:\/\/www.cuencasmineras.com\/#\/schema\/person\/be0691310e8496ec555f679dd688420c"},"description":"han comenzado la ejecuci\u00f3n de varias actuaciones para la mejora y adecuaci\u00f3n de este paseo fluvial \u201cR\u00edo Tira\u00f1a-Parque El Tren de la Libertad\u201d","breadcrumb":{"@id":"https:\/\/www.cuencasmineras.com\/index.php\/2021\/03\/26\/laviana-acomete-obras-de-mejora-en-el-paseo-fluvial-del-tirana\/#breadcrumb"},"inLanguage":"es","potentialAction":[{"@type":"ReadAction","target":["https:\/\/www.cuencasmineras.com\/index.php\/2021\/03\/26\/laviana-acomete-obras-de-mejora-en-el-paseo-fluvial-del-tirana\/"]}]},{"@type":"ImageObject","inLanguage":"es","@id":"https:\/\/www.cuencasmineras.com\/index.php\/2021\/03\/26\/laviana-acomete-obras-de-mejora-en-el-paseo-fluvial-del-tirana\/#primaryimage","url":"https:\/\/www.cuencasmineras.com\/wp-content\/uploads\/2021\/03\/2ebf1d2d-5136-450a-abc2-e7f96871eaf3_16-9-discover-aspect-ratio_default_0.jpg","contentUrl":"https:\/\/www.cuencasmineras.com\/wp-content\/uploads\/2021\/03\/2ebf1d2d-5136-450a-abc2-e7f96871eaf3_16-9-discover-aspect-ratio_default_0.jpg","width":1200,"height":675},{"@type":"BreadcrumbList","@id":"https:\/\/www.cuencasmineras.com\/index.php\/2021\/03\/26\/laviana-acomete-obras-de-mejora-en-el-paseo-fluvial-del-tirana\/#breadcrumb","itemListElement":[{"@type":"ListItem","position":1,"name":"Portada","item":"https:\/\/www.cuencasmineras.com\/"},{"@type":"ListItem","position":2,"name":"Laviana acomete obras de mejora en el paseo fluvial del Tira\u00f1a"}]},{"@type":"WebSite","@id":"https:\/\/www.cuencasmineras.com\/#website","url":"https:\/\/www.cuencasmineras.com\/","name":"","description":"","potentialAction":[{"@type":"SearchAction","target":{"@type":"EntryPoint","urlTemplate":"https:\/\/www.cuencasmineras.com\/?s={search_term_string}"},"query-input":{"@type":"PropertyValueSpecification","valueRequired":true,"valueName":"search_term_string"}}],"inLanguage":"es"},{"@type":"Person","@id":"https:\/\/www.cuencasmineras.com\/#\/schema\/person\/be0691310e8496ec555f679dd688420c","name":"admin","image":{"@type":"ImageObject","inLanguage":"es","@id":"https:\/\/secure.gravatar.com\/avatar\/4afd2eed3b2fbbf36dd6707b5bd8a5b50ac648f033e36fbf85aeace2f0f859db?s=96&d=mm&r=g","url":"https:\/\/secure.gravatar.com\/avatar\/4afd2eed3b2fbbf36dd6707b5bd8a5b50ac648f033e36fbf85aeace2f0f859db?s=96&d=mm&r=g","contentUrl":"https:\/\/secure.gravatar.com\/avatar\/4afd2eed3b2fbbf36dd6707b5bd8a5b50ac648f033e36fbf85aeace2f0f859db?s=96&d=mm&r=g","caption":"admin"},"sameAs":["https:\/\/www.cuencasmineras.com"],"url":"https:\/\/www.cuencasmineras.com\/index.php\/author\/admin\/"}]}},"_links":{"self":[{"href":"https:\/\/www.cuencasmineras.com\/index.php\/wp-json\/wp\/v2\/posts\/2202","targetHints":{"allow":["GET"]}}],"collection":[{"href":"https:\/\/www.cuencasmineras.com\/index.php\/wp-json\/wp\/v2\/posts"}],"about":[{"href":"https:\/\/www.cuencasmineras.com\/index.php\/wp-json\/wp\/v2\/types\/post"}],"author":[{"embeddable":true,"href":"https:\/\/www.cuencasmineras.com\/index.php\/wp-json\/wp\/v2\/users\/1"}],"replies":[{"embeddable":true,"href":"https:\/\/www.cuencasmineras.com\/index.php\/wp-json\/wp\/v2\/comments?post=2202"}],"version-history":[{"count":1,"href":"https:\/\/www.cuencasmineras.com\/index.php\/wp-json\/wp\/v2\/posts\/2202\/revisions"}],"predecessor-version":[{"id":2204,"href":"https:\/\/www.cuencasmineras.com\/index.php\/wp-json\/wp\/v2\/posts\/2202\/revisions\/2204"}],"wp:featuredmedia":[{"embeddable":true,"href":"https:\/\/www.cuencasmineras.com\/index.php\/wp-json\/wp\/v2\/media\/2203"}],"wp:attachment":[{"href":"https:\/\/www.cuencasmineras.com\/index.php\/wp-json\/wp\/v2\/media?parent=2202"}],"wp:term":[{"taxonomy":"category","embeddable":true,"href":"https:\/\/www.cuencasmineras.com\/index.php\/wp-json\/wp\/v2\/categories?post=2202"},{"taxonomy":"post_tag","embeddable":true,"href":"https:\/\/www.cuencasmineras.com\/index.php\/wp-json\/wp\/v2\/tags?post=2202"}],"curies":[{"name":"wp","href":"https:\/\/api.w.org\/{rel}","templated":true}]}}