{"id":2205,"date":"2021-03-27T14:12:07","date_gmt":"2021-03-27T14:12:07","guid":{"rendered":"https:\/\/www.cuencasmineras.com\/?p=2205"},"modified":"2021-03-27T14:12:07","modified_gmt":"2021-03-27T14:12:07","slug":"el-cambio-del-carbon-por-las-energias-renovables-dos-pasos-mas-hacia-la-hunosa-verde","status":"publish","type":"post","link":"https:\/\/www.cuencasmineras.com\/index.php\/2021\/03\/27\/el-cambio-del-carbon-por-las-energias-renovables-dos-pasos-mas-hacia-la-hunosa-verde\/","title":{"rendered":"El cambio del carb\u00f3n por las energ\u00edas renovables: Dos pasos m\u00e1s hacia la Hunosa verde"},"content":{"rendered":"<p style=\"text-align: justify;\">La empresa estatal Hunosa ha dado en los \u00faltimos d\u00edas dos pasos m\u00e1s en su progresiva transformaci\u00f3n: de compa\u00f1\u00eda minera a empresa especializada en energ\u00edas renovables. Lo ha hecho con la contrataci\u00f3n de las obras que permitir\u00e1n la modernizaci\u00f3n de su centro de formaci\u00f3n de Sama (Langreo), donde se van a impartir cursos profesionales enfocados a la instalaci\u00f3n y manejo de equipos de energ\u00edas verdes, como las placas solares y fotovoltaicas. La firma que preside Gregorio Rabanal, adem\u00e1s, ha contratado a una empresa especializada que asesorar\u00e1 a Hunosa para aprovechar al m\u00e1ximo su potencial para generar energ\u00eda el\u00e9ctrica limpia y tambi\u00e9n en la denominada \u201ceconom\u00eda circular\u201d.<\/p>\n<p style=\"text-align: justify;\"><img loading=\"lazy\" decoding=\"async\" class=\"aligncenter size-large wp-image-2206\" src=\"https:\/\/www.cuencasmineras.com\/wp-content\/uploads\/2021\/03\/25f79e88-c08c-4d6d-894f-8ccb7b897fb7_16-9-discover-aspect-ratio_default_0-1024x576.jpg\" alt=\"\" width=\"640\" height=\"360\" srcset=\"https:\/\/www.cuencasmineras.com\/wp-content\/uploads\/2021\/03\/25f79e88-c08c-4d6d-894f-8ccb7b897fb7_16-9-discover-aspect-ratio_default_0-1024x576.jpg 1024w, https:\/\/www.cuencasmineras.com\/wp-content\/uploads\/2021\/03\/25f79e88-c08c-4d6d-894f-8ccb7b897fb7_16-9-discover-aspect-ratio_default_0-300x169.jpg 300w, https:\/\/www.cuencasmineras.com\/wp-content\/uploads\/2021\/03\/25f79e88-c08c-4d6d-894f-8ccb7b897fb7_16-9-discover-aspect-ratio_default_0-768x432.jpg 768w, https:\/\/www.cuencasmineras.com\/wp-content\/uploads\/2021\/03\/25f79e88-c08c-4d6d-894f-8ccb7b897fb7_16-9-discover-aspect-ratio_default_0.jpg 1200w\" sizes=\"auto, (max-width: 640px) 100vw, 640px\" \/><\/p>\n<p style=\"text-align: justify;\">El centro de formaci\u00f3n de Sama va a adaptarse a los nuevos tiempos. La intenci\u00f3n de Hunosa es la de poder impartir en sus aulas y talleres cursos de acreditaci\u00f3n profesional en montaje y mantenimiento de instalaciones fotovoltaicas en nivel 2; operaciones b\u00e1sicas en el montaje y mantenimiento de instalaciones de energ\u00edas renovables de nivel 1; montaje y mantenimiento de instalaciones solares t\u00e9rmicas en nivel 2; y organizaci\u00f3n y proyectos de instalaciones solares fotovoltaicas de nivel 3.<\/p>\n<p style=\"text-align: justify;\">Para conseguir este objetivo, en el centro de formaci\u00f3n se van a a colocar una instalaci\u00f3n solar fotovoltaica asilada, con sistema de apoyo e\u00f3lico y grupo electr\u00f3geno; una instalaci\u00f3n solar fotovoltaica conectada a la red con estructura fija; otra solar fotovoltaica conectada a la red con estructura de sistema de seguimiento y una instalaci\u00f3n solar t\u00e9rmica. El concurso para adjudicar estas obras ya ha terminado, y ser\u00e1 la compa\u00f1\u00eda Procinsa Energ\u00edas Renovables la que desarrollar\u00e1 los trabajos, que tendr\u00e1 un coste de 169.400 euros y un plazo de ejecuci\u00f3n de tres meses.<\/p>\n<p style=\"text-align: justify;\">Hunosa tambi\u00e9n ha formalizado la contrataci\u00f3n, para la realizaci\u00f3n de trabajos de consultor\u00eda \u2013la orientaci\u00f3n hacia el futuro verde y la econom\u00eda circular\u2013 a la empresa Ogwe Consulting. Estar\u00e1 al servicio de la empresa minera durante los dos pr\u00f3ximos a\u00f1os. El precio final del contrato es de 148.750 euros. Hunosa ya est\u00e1 trabajando en la transformaci\u00f3n de la central t\u00e9rmica de La Pereda en una instalaci\u00f3n de biomasa; en la extensi\u00f3n de la red de geotermia por varios puntos de los valles mineros y en el posible aprovechamiento hidr\u00e1ulico de las aguas de sus pozos cerrados. Tambi\u00e9n quiere avanzar en la generaci\u00f3n de \u201chidr\u00f3geno verde\u201d y en proyectos de campos fotovoltaicos en terrenos de su propiedad. El trabajo que desarrollar\u00e1 esta consultara permitir\u00e1 a la hullera sentar las bases de una \u201choja de ruta\u201d clara, que servir\u00e1 para afianzar el futuro de la empresa como compa\u00f1\u00eda el\u00e9ctrica especializada en energ\u00edas renovables.<\/p>\n<p style=\"text-align: justify;\">No solo en concretar su futuro trabaja la empresa p\u00fablica. Hunosa es propietaria de amplias zonas de terreno en Asturias, principalmente en las Cuencas y Siero. Algunas de estas zonas son especialmente sensibles, ya que siguen utiliz\u00e1ndose por la actividad minera \u2013Nicolasa sigue sacando carb\u00f3n hasta final de a\u00f1o\u2013. Son el caso de las escombreras de Figaredo y Pumardongo. Entre ambas, se har\u00e1 una inversi\u00f3n de 1,6 millones de euros. En la primera se gastar\u00e1 un mill\u00f3n para sacar los est\u00e9riles que sean aprovechables para quemar en la t\u00e9rmica de La Pereda. A continuaci\u00f3n se adecuar\u00e1 el terreno y se proceder\u00e1 a continuar con su recuperaci\u00f3n ambiental.<\/p>\n<p style=\"text-align: justify;\">Por su parte, en la de Pumardongo el contrato es de 595.778 euros, que servir\u00e1n para contratar a una empresa especializada en la gesti\u00f3n de estas escombreras. Se quiere redistribuir el material que llegue, y, en la medida de lo posible, mejorar ambientalmente la zona.<\/p>\n","protected":false},"excerpt":{"rendered":"<p>La empresa estatal Hunosa ha dado en los \u00faltimos d\u00edas dos pasos m\u00e1s en su progresiva transformaci\u00f3n: de compa\u00f1\u00eda minera a empresa especializada en energ\u00edas renovables. Lo ha hecho con la contrataci\u00f3n de las obras que permitir\u00e1n la modernizaci\u00f3n de su centro de formaci\u00f3n de Sama (Langreo), donde se van a impartir cursos profesionales enfocados [&hellip;]<\/p>\n","protected":false},"author":1,"featured_media":2206,"comment_status":"open","ping_status":"open","sticky":false,"template":"","format":"standard","meta":{"footnotes":""},"categories":[6,8],"tags":[],"class_list":["post-2205","post","type-post","status-publish","format-standard","has-post-thumbnail","hentry","category-noticias","category-nalon"],"yoast_head":"<!-- This site is optimized with the Yoast SEO plugin v27.4 - https:\/\/yoast.com\/product\/yoast-seo-wordpress\/ -->\n<title>El cambio del carb\u00f3n por las energ\u00edas renovables: Dos pasos m\u00e1s hacia la Hunosa verde - cm news<\/title>\n<meta name=\"description\" content=\"La empresa avanza en la modernizaci\u00f3n de su centro de formaci\u00f3n e invierte 1,6 millones en mejorar la gesti\u00f3n de las escombreras de Figaredo y Pumardongo\" \/>\n<meta name=\"robots\" content=\"index, follow, max-snippet:-1, max-image-preview:large, max-video-preview:-1\" \/>\n<link rel=\"canonical\" href=\"https:\/\/www.cuencasmineras.com\/index.php\/2021\/03\/27\/el-cambio-del-carbon-por-las-energias-renovables-dos-pasos-mas-hacia-la-hunosa-verde\/\" \/>\n<meta property=\"og:locale\" content=\"es_ES\" \/>\n<meta property=\"og:type\" content=\"article\" \/>\n<meta property=\"og:title\" content=\"El cambio del carb\u00f3n por las energ\u00edas renovables: Dos pasos m\u00e1s hacia la Hunosa verde - cm news\" \/>\n<meta property=\"og:description\" content=\"La empresa avanza en la modernizaci\u00f3n de su centro de formaci\u00f3n e invierte 1,6 millones en mejorar la gesti\u00f3n de las escombreras de Figaredo y Pumardongo\" \/>\n<meta property=\"og:url\" content=\"https:\/\/www.cuencasmineras.com\/index.php\/2021\/03\/27\/el-cambio-del-carbon-por-las-energias-renovables-dos-pasos-mas-hacia-la-hunosa-verde\/\" \/>\n<meta property=\"article:published_time\" content=\"2021-03-27T14:12:07+00:00\" \/>\n<meta property=\"og:image\" content=\"https:\/\/www.cuencasmineras.com\/wp-content\/uploads\/2021\/03\/25f79e88-c08c-4d6d-894f-8ccb7b897fb7_16-9-discover-aspect-ratio_default_0.jpg\" \/>\n\t<meta property=\"og:image:width\" content=\"1200\" \/>\n\t<meta property=\"og:image:height\" content=\"675\" \/>\n\t<meta property=\"og:image:type\" content=\"image\/jpeg\" \/>\n<meta name=\"author\" content=\"admin\" \/>\n<meta name=\"twitter:card\" content=\"summary_large_image\" \/>\n<meta name=\"twitter:label1\" content=\"Escrito por\" \/>\n\t<meta name=\"twitter:data1\" content=\"admin\" \/>\n\t<meta name=\"twitter:label2\" content=\"Tiempo de lectura\" \/>\n\t<meta name=\"twitter:data2\" content=\"3 minutos\" \/>\n<script type=\"application\/ld+json\" class=\"yoast-schema-graph\">{\"@context\":\"https:\\\/\\\/schema.org\",\"@graph\":[{\"@type\":\"Article\",\"@id\":\"https:\\\/\\\/www.cuencasmineras.com\\\/index.php\\\/2021\\\/03\\\/27\\\/el-cambio-del-carbon-por-las-energias-renovables-dos-pasos-mas-hacia-la-hunosa-verde\\\/#article\",\"isPartOf\":{\"@id\":\"https:\\\/\\\/www.cuencasmineras.com\\\/index.php\\\/2021\\\/03\\\/27\\\/el-cambio-del-carbon-por-las-energias-renovables-dos-pasos-mas-hacia-la-hunosa-verde\\\/\"},\"author\":{\"name\":\"admin\",\"@id\":\"https:\\\/\\\/www.cuencasmineras.com\\\/#\\\/schema\\\/person\\\/be0691310e8496ec555f679dd688420c\"},\"headline\":\"El cambio del carb\u00f3n por las energ\u00edas renovables: Dos pasos m\u00e1s hacia la Hunosa verde\",\"datePublished\":\"2021-03-27T14:12:07+00:00\",\"mainEntityOfPage\":{\"@id\":\"https:\\\/\\\/www.cuencasmineras.com\\\/index.php\\\/2021\\\/03\\\/27\\\/el-cambio-del-carbon-por-las-energias-renovables-dos-pasos-mas-hacia-la-hunosa-verde\\\/\"},\"wordCount\":653,\"commentCount\":0,\"image\":{\"@id\":\"https:\\\/\\\/www.cuencasmineras.com\\\/index.php\\\/2021\\\/03\\\/27\\\/el-cambio-del-carbon-por-las-energias-renovables-dos-pasos-mas-hacia-la-hunosa-verde\\\/#primaryimage\"},\"thumbnailUrl\":\"https:\\\/\\\/www.cuencasmineras.com\\\/wp-content\\\/uploads\\\/2021\\\/03\\\/25f79e88-c08c-4d6d-894f-8ccb7b897fb7_16-9-discover-aspect-ratio_default_0.jpg\",\"articleSection\":[\"CM NEWS\",\"Nal\u00f3n\"],\"inLanguage\":\"es\",\"potentialAction\":[{\"@type\":\"CommentAction\",\"name\":\"Comment\",\"target\":[\"https:\\\/\\\/www.cuencasmineras.com\\\/index.php\\\/2021\\\/03\\\/27\\\/el-cambio-del-carbon-por-las-energias-renovables-dos-pasos-mas-hacia-la-hunosa-verde\\\/#respond\"]}]},{\"@type\":\"WebPage\",\"@id\":\"https:\\\/\\\/www.cuencasmineras.com\\\/index.php\\\/2021\\\/03\\\/27\\\/el-cambio-del-carbon-por-las-energias-renovables-dos-pasos-mas-hacia-la-hunosa-verde\\\/\",\"url\":\"https:\\\/\\\/www.cuencasmineras.com\\\/index.php\\\/2021\\\/03\\\/27\\\/el-cambio-del-carbon-por-las-energias-renovables-dos-pasos-mas-hacia-la-hunosa-verde\\\/\",\"name\":\"El cambio del carb\u00f3n por las energ\u00edas renovables: Dos pasos m\u00e1s hacia la Hunosa verde - cm news\",\"isPartOf\":{\"@id\":\"https:\\\/\\\/www.cuencasmineras.com\\\/#website\"},\"primaryImageOfPage\":{\"@id\":\"https:\\\/\\\/www.cuencasmineras.com\\\/index.php\\\/2021\\\/03\\\/27\\\/el-cambio-del-carbon-por-las-energias-renovables-dos-pasos-mas-hacia-la-hunosa-verde\\\/#primaryimage\"},\"image\":{\"@id\":\"https:\\\/\\\/www.cuencasmineras.com\\\/index.php\\\/2021\\\/03\\\/27\\\/el-cambio-del-carbon-por-las-energias-renovables-dos-pasos-mas-hacia-la-hunosa-verde\\\/#primaryimage\"},\"thumbnailUrl\":\"https:\\\/\\\/www.cuencasmineras.com\\\/wp-content\\\/uploads\\\/2021\\\/03\\\/25f79e88-c08c-4d6d-894f-8ccb7b897fb7_16-9-discover-aspect-ratio_default_0.jpg\",\"datePublished\":\"2021-03-27T14:12:07+00:00\",\"author\":{\"@id\":\"https:\\\/\\\/www.cuencasmineras.com\\\/#\\\/schema\\\/person\\\/be0691310e8496ec555f679dd688420c\"},\"description\":\"La empresa avanza en la modernizaci\u00f3n de su centro de formaci\u00f3n e invierte 1,6 millones en mejorar la gesti\u00f3n de las escombreras de Figaredo y Pumardongo\",\"breadcrumb\":{\"@id\":\"https:\\\/\\\/www.cuencasmineras.com\\\/index.php\\\/2021\\\/03\\\/27\\\/el-cambio-del-carbon-por-las-energias-renovables-dos-pasos-mas-hacia-la-hunosa-verde\\\/#breadcrumb\"},\"inLanguage\":\"es\",\"potentialAction\":[{\"@type\":\"ReadAction\",\"target\":[\"https:\\\/\\\/www.cuencasmineras.com\\\/index.php\\\/2021\\\/03\\\/27\\\/el-cambio-del-carbon-por-las-energias-renovables-dos-pasos-mas-hacia-la-hunosa-verde\\\/\"]}]},{\"@type\":\"ImageObject\",\"inLanguage\":\"es\",\"@id\":\"https:\\\/\\\/www.cuencasmineras.com\\\/index.php\\\/2021\\\/03\\\/27\\\/el-cambio-del-carbon-por-las-energias-renovables-dos-pasos-mas-hacia-la-hunosa-verde\\\/#primaryimage\",\"url\":\"https:\\\/\\\/www.cuencasmineras.com\\\/wp-content\\\/uploads\\\/2021\\\/03\\\/25f79e88-c08c-4d6d-894f-8ccb7b897fb7_16-9-discover-aspect-ratio_default_0.jpg\",\"contentUrl\":\"https:\\\/\\\/www.cuencasmineras.com\\\/wp-content\\\/uploads\\\/2021\\\/03\\\/25f79e88-c08c-4d6d-894f-8ccb7b897fb7_16-9-discover-aspect-ratio_default_0.jpg\",\"width\":1200,\"height\":675},{\"@type\":\"BreadcrumbList\",\"@id\":\"https:\\\/\\\/www.cuencasmineras.com\\\/index.php\\\/2021\\\/03\\\/27\\\/el-cambio-del-carbon-por-las-energias-renovables-dos-pasos-mas-hacia-la-hunosa-verde\\\/#breadcrumb\",\"itemListElement\":[{\"@type\":\"ListItem\",\"position\":1,\"name\":\"Portada\",\"item\":\"https:\\\/\\\/www.cuencasmineras.com\\\/\"},{\"@type\":\"ListItem\",\"position\":2,\"name\":\"El cambio del carb\u00f3n por las energ\u00edas renovables: Dos pasos m\u00e1s hacia la Hunosa verde\"}]},{\"@type\":\"WebSite\",\"@id\":\"https:\\\/\\\/www.cuencasmineras.com\\\/#website\",\"url\":\"https:\\\/\\\/www.cuencasmineras.com\\\/\",\"name\":\"\",\"description\":\"\",\"potentialAction\":[{\"@type\":\"SearchAction\",\"target\":{\"@type\":\"EntryPoint\",\"urlTemplate\":\"https:\\\/\\\/www.cuencasmineras.com\\\/?s={search_term_string}\"},\"query-input\":{\"@type\":\"PropertyValueSpecification\",\"valueRequired\":true,\"valueName\":\"search_term_string\"}}],\"inLanguage\":\"es\"},{\"@type\":\"Person\",\"@id\":\"https:\\\/\\\/www.cuencasmineras.com\\\/#\\\/schema\\\/person\\\/be0691310e8496ec555f679dd688420c\",\"name\":\"admin\",\"image\":{\"@type\":\"ImageObject\",\"inLanguage\":\"es\",\"@id\":\"https:\\\/\\\/secure.gravatar.com\\\/avatar\\\/4afd2eed3b2fbbf36dd6707b5bd8a5b50ac648f033e36fbf85aeace2f0f859db?s=96&d=mm&r=g\",\"url\":\"https:\\\/\\\/secure.gravatar.com\\\/avatar\\\/4afd2eed3b2fbbf36dd6707b5bd8a5b50ac648f033e36fbf85aeace2f0f859db?s=96&d=mm&r=g\",\"contentUrl\":\"https:\\\/\\\/secure.gravatar.com\\\/avatar\\\/4afd2eed3b2fbbf36dd6707b5bd8a5b50ac648f033e36fbf85aeace2f0f859db?s=96&d=mm&r=g\",\"caption\":\"admin\"},\"sameAs\":[\"https:\\\/\\\/www.cuencasmineras.com\"],\"url\":\"https:\\\/\\\/www.cuencasmineras.com\\\/index.php\\\/author\\\/admin\\\/\"}]}<\/script>\n<!-- \/ Yoast SEO plugin. -->","yoast_head_json":{"title":"El cambio del carb\u00f3n por las energ\u00edas renovables: Dos pasos m\u00e1s hacia la Hunosa verde - cm news","description":"La empresa avanza en la modernizaci\u00f3n de su centro de formaci\u00f3n e invierte 1,6 millones en mejorar la gesti\u00f3n de las escombreras de Figaredo y Pumardongo","robots":{"index":"index","follow":"follow","max-snippet":"max-snippet:-1","max-image-preview":"max-image-preview:large","max-video-preview":"max-video-preview:-1"},"canonical":"https:\/\/www.cuencasmineras.com\/index.php\/2021\/03\/27\/el-cambio-del-carbon-por-las-energias-renovables-dos-pasos-mas-hacia-la-hunosa-verde\/","og_locale":"es_ES","og_type":"article","og_title":"El cambio del carb\u00f3n por las energ\u00edas renovables: Dos pasos m\u00e1s hacia la Hunosa verde - cm news","og_description":"La empresa avanza en la modernizaci\u00f3n de su centro de formaci\u00f3n e invierte 1,6 millones en mejorar la gesti\u00f3n de las escombreras de Figaredo y Pumardongo","og_url":"https:\/\/www.cuencasmineras.com\/index.php\/2021\/03\/27\/el-cambio-del-carbon-por-las-energias-renovables-dos-pasos-mas-hacia-la-hunosa-verde\/","article_published_time":"2021-03-27T14:12:07+00:00","og_image":[{"width":1200,"height":675,"url":"https:\/\/www.cuencasmineras.com\/wp-content\/uploads\/2021\/03\/25f79e88-c08c-4d6d-894f-8ccb7b897fb7_16-9-discover-aspect-ratio_default_0.jpg","type":"image\/jpeg"}],"author":"admin","twitter_card":"summary_large_image","twitter_misc":{"Escrito por":"admin","Tiempo de lectura":"3 minutos"},"schema":{"@context":"https:\/\/schema.org","@graph":[{"@type":"Article","@id":"https:\/\/www.cuencasmineras.com\/index.php\/2021\/03\/27\/el-cambio-del-carbon-por-las-energias-renovables-dos-pasos-mas-hacia-la-hunosa-verde\/#article","isPartOf":{"@id":"https:\/\/www.cuencasmineras.com\/index.php\/2021\/03\/27\/el-cambio-del-carbon-por-las-energias-renovables-dos-pasos-mas-hacia-la-hunosa-verde\/"},"author":{"name":"admin","@id":"https:\/\/www.cuencasmineras.com\/#\/schema\/person\/be0691310e8496ec555f679dd688420c"},"headline":"El cambio del carb\u00f3n por las energ\u00edas renovables: Dos pasos m\u00e1s hacia la Hunosa verde","datePublished":"2021-03-27T14:12:07+00:00","mainEntityOfPage":{"@id":"https:\/\/www.cuencasmineras.com\/index.php\/2021\/03\/27\/el-cambio-del-carbon-por-las-energias-renovables-dos-pasos-mas-hacia-la-hunosa-verde\/"},"wordCount":653,"commentCount":0,"image":{"@id":"https:\/\/www.cuencasmineras.com\/index.php\/2021\/03\/27\/el-cambio-del-carbon-por-las-energias-renovables-dos-pasos-mas-hacia-la-hunosa-verde\/#primaryimage"},"thumbnailUrl":"https:\/\/www.cuencasmineras.com\/wp-content\/uploads\/2021\/03\/25f79e88-c08c-4d6d-894f-8ccb7b897fb7_16-9-discover-aspect-ratio_default_0.jpg","articleSection":["CM NEWS","Nal\u00f3n"],"inLanguage":"es","potentialAction":[{"@type":"CommentAction","name":"Comment","target":["https:\/\/www.cuencasmineras.com\/index.php\/2021\/03\/27\/el-cambio-del-carbon-por-las-energias-renovables-dos-pasos-mas-hacia-la-hunosa-verde\/#respond"]}]},{"@type":"WebPage","@id":"https:\/\/www.cuencasmineras.com\/index.php\/2021\/03\/27\/el-cambio-del-carbon-por-las-energias-renovables-dos-pasos-mas-hacia-la-hunosa-verde\/","url":"https:\/\/www.cuencasmineras.com\/index.php\/2021\/03\/27\/el-cambio-del-carbon-por-las-energias-renovables-dos-pasos-mas-hacia-la-hunosa-verde\/","name":"El cambio del carb\u00f3n por las energ\u00edas renovables: Dos pasos m\u00e1s hacia la Hunosa verde - cm news","isPartOf":{"@id":"https:\/\/www.cuencasmineras.com\/#website"},"primaryImageOfPage":{"@id":"https:\/\/www.cuencasmineras.com\/index.php\/2021\/03\/27\/el-cambio-del-carbon-por-las-energias-renovables-dos-pasos-mas-hacia-la-hunosa-verde\/#primaryimage"},"image":{"@id":"https:\/\/www.cuencasmineras.com\/index.php\/2021\/03\/27\/el-cambio-del-carbon-por-las-energias-renovables-dos-pasos-mas-hacia-la-hunosa-verde\/#primaryimage"},"thumbnailUrl":"https:\/\/www.cuencasmineras.com\/wp-content\/uploads\/2021\/03\/25f79e88-c08c-4d6d-894f-8ccb7b897fb7_16-9-discover-aspect-ratio_default_0.jpg","datePublished":"2021-03-27T14:12:07+00:00","author":{"@id":"https:\/\/www.cuencasmineras.com\/#\/schema\/person\/be0691310e8496ec555f679dd688420c"},"description":"La empresa avanza en la modernizaci\u00f3n de su centro de formaci\u00f3n e invierte 1,6 millones en mejorar la gesti\u00f3n de las escombreras de Figaredo y Pumardongo","breadcrumb":{"@id":"https:\/\/www.cuencasmineras.com\/index.php\/2021\/03\/27\/el-cambio-del-carbon-por-las-energias-renovables-dos-pasos-mas-hacia-la-hunosa-verde\/#breadcrumb"},"inLanguage":"es","potentialAction":[{"@type":"ReadAction","target":["https:\/\/www.cuencasmineras.com\/index.php\/2021\/03\/27\/el-cambio-del-carbon-por-las-energias-renovables-dos-pasos-mas-hacia-la-hunosa-verde\/"]}]},{"@type":"ImageObject","inLanguage":"es","@id":"https:\/\/www.cuencasmineras.com\/index.php\/2021\/03\/27\/el-cambio-del-carbon-por-las-energias-renovables-dos-pasos-mas-hacia-la-hunosa-verde\/#primaryimage","url":"https:\/\/www.cuencasmineras.com\/wp-content\/uploads\/2021\/03\/25f79e88-c08c-4d6d-894f-8ccb7b897fb7_16-9-discover-aspect-ratio_default_0.jpg","contentUrl":"https:\/\/www.cuencasmineras.com\/wp-content\/uploads\/2021\/03\/25f79e88-c08c-4d6d-894f-8ccb7b897fb7_16-9-discover-aspect-ratio_default_0.jpg","width":1200,"height":675},{"@type":"BreadcrumbList","@id":"https:\/\/www.cuencasmineras.com\/index.php\/2021\/03\/27\/el-cambio-del-carbon-por-las-energias-renovables-dos-pasos-mas-hacia-la-hunosa-verde\/#breadcrumb","itemListElement":[{"@type":"ListItem","position":1,"name":"Portada","item":"https:\/\/www.cuencasmineras.com\/"},{"@type":"ListItem","position":2,"name":"El cambio del carb\u00f3n por las energ\u00edas renovables: Dos pasos m\u00e1s hacia la Hunosa verde"}]},{"@type":"WebSite","@id":"https:\/\/www.cuencasmineras.com\/#website","url":"https:\/\/www.cuencasmineras.com\/","name":"","description":"","potentialAction":[{"@type":"SearchAction","target":{"@type":"EntryPoint","urlTemplate":"https:\/\/www.cuencasmineras.com\/?s={search_term_string}"},"query-input":{"@type":"PropertyValueSpecification","valueRequired":true,"valueName":"search_term_string"}}],"inLanguage":"es"},{"@type":"Person","@id":"https:\/\/www.cuencasmineras.com\/#\/schema\/person\/be0691310e8496ec555f679dd688420c","name":"admin","image":{"@type":"ImageObject","inLanguage":"es","@id":"https:\/\/secure.gravatar.com\/avatar\/4afd2eed3b2fbbf36dd6707b5bd8a5b50ac648f033e36fbf85aeace2f0f859db?s=96&d=mm&r=g","url":"https:\/\/secure.gravatar.com\/avatar\/4afd2eed3b2fbbf36dd6707b5bd8a5b50ac648f033e36fbf85aeace2f0f859db?s=96&d=mm&r=g","contentUrl":"https:\/\/secure.gravatar.com\/avatar\/4afd2eed3b2fbbf36dd6707b5bd8a5b50ac648f033e36fbf85aeace2f0f859db?s=96&d=mm&r=g","caption":"admin"},"sameAs":["https:\/\/www.cuencasmineras.com"],"url":"https:\/\/www.cuencasmineras.com\/index.php\/author\/admin\/"}]}},"_links":{"self":[{"href":"https:\/\/www.cuencasmineras.com\/index.php\/wp-json\/wp\/v2\/posts\/2205","targetHints":{"allow":["GET"]}}],"collection":[{"href":"https:\/\/www.cuencasmineras.com\/index.php\/wp-json\/wp\/v2\/posts"}],"about":[{"href":"https:\/\/www.cuencasmineras.com\/index.php\/wp-json\/wp\/v2\/types\/post"}],"author":[{"embeddable":true,"href":"https:\/\/www.cuencasmineras.com\/index.php\/wp-json\/wp\/v2\/users\/1"}],"replies":[{"embeddable":true,"href":"https:\/\/www.cuencasmineras.com\/index.php\/wp-json\/wp\/v2\/comments?post=2205"}],"version-history":[{"count":1,"href":"https:\/\/www.cuencasmineras.com\/index.php\/wp-json\/wp\/v2\/posts\/2205\/revisions"}],"predecessor-version":[{"id":2207,"href":"https:\/\/www.cuencasmineras.com\/index.php\/wp-json\/wp\/v2\/posts\/2205\/revisions\/2207"}],"wp:featuredmedia":[{"embeddable":true,"href":"https:\/\/www.cuencasmineras.com\/index.php\/wp-json\/wp\/v2\/media\/2206"}],"wp:attachment":[{"href":"https:\/\/www.cuencasmineras.com\/index.php\/wp-json\/wp\/v2\/media?parent=2205"}],"wp:term":[{"taxonomy":"category","embeddable":true,"href":"https:\/\/www.cuencasmineras.com\/index.php\/wp-json\/wp\/v2\/categories?post=2205"},{"taxonomy":"post_tag","embeddable":true,"href":"https:\/\/www.cuencasmineras.com\/index.php\/wp-json\/wp\/v2\/tags?post=2205"}],"curies":[{"name":"wp","href":"https:\/\/api.w.org\/{rel}","templated":true}]}}