{"id":2226,"date":"2021-03-27T14:43:08","date_gmt":"2021-03-27T14:43:08","guid":{"rendered":"https:\/\/www.cuencasmineras.com\/?p=2226"},"modified":"2021-03-27T14:43:08","modified_gmt":"2021-03-27T14:43:08","slug":"la-pandemia-deja-al-servicio-de-buses-de-mieres-sin-uno-de-cada-tres-viajeros","status":"publish","type":"post","link":"https:\/\/www.cuencasmineras.com\/index.php\/2021\/03\/27\/la-pandemia-deja-al-servicio-de-buses-de-mieres-sin-uno-de-cada-tres-viajeros\/","title":{"rendered":"La pandemia deja al servicio de buses de Mieres sin uno de cada tres viajeros"},"content":{"rendered":"<p>Uno de cada tres usuarios de la empresa municipal de autobuses de Mieres (Emutsa) prescindieron el a\u00f1o pasado del servicio. Hasta 262.951 viajeros perdi\u00f3 la compa\u00f1\u00eda p\u00fablica durante 2020, lo que supone un 37,5 por ciento. A nivel econ\u00f3mico, el desplome de actividad se tradujo en una reducci\u00f3n de ingresos del 41,4 por ciento. El Ayuntamiento, del que depende el servicio, vincula directamente el declive de la demanda con los efectos de la pandemia. Y es que si bien la ca\u00edda de viajeros es una tendencia que se arrastra en el tiempo, en 2019 el retroceso hab\u00eda sido \u00fanicamente de 10.000 usuarios.<\/p>\n<p><img loading=\"lazy\" decoding=\"async\" class=\"aligncenter size-full wp-image-2227\" src=\"https:\/\/www.cuencasmineras.com\/wp-content\/uploads\/2021\/03\/ADS.-Emutsa.jpg\" alt=\"\" width=\"1024\" height=\"630\" srcset=\"https:\/\/www.cuencasmineras.com\/wp-content\/uploads\/2021\/03\/ADS.-Emutsa.jpg 1024w, https:\/\/www.cuencasmineras.com\/wp-content\/uploads\/2021\/03\/ADS.-Emutsa-300x185.jpg 300w, https:\/\/www.cuencasmineras.com\/wp-content\/uploads\/2021\/03\/ADS.-Emutsa-768x473.jpg 768w\" sizes=\"auto, (max-width: 1024px) 100vw, 1024px\" \/><br \/>\nEl Consejo de Administraci\u00f3n de la Empresa Municipal de Transportes de Mieres, presidido por la concejal de Desarrollo Urbano Sostenible, Delia Campomanes, sell\u00f3 ayer las cuentas anuales del a\u00f1o 2020, que tendr\u00e1n ahora que ser aprobadas en una reuni\u00f3n de la Junta de Accionistas. Unas cifras anuales marcadas, \u201cal igual que en el resto de empresas de transportes del pa\u00eds\u201d, por la pandemia. Campomanes achac\u00f3 la reducci\u00f3n de usuarios \u201cal confinamiento, a la ca\u00edda de la movilidad y la reducci\u00f3n de ingresos\u201d.<\/p>\n<p>En concreto, Emutsa contabiliz\u00f3 en 2020 un total de 437.624 viajeros, lo que supone una p\u00e9rdida de 262.951 con respecto a 2019. Con todo, se trata de una ca\u00edda de viajeros inferior en casi nueve puntos a la media nacional ya que, seg\u00fan los datos del INE, la ca\u00edda de usuarios de transporte urbano en 2020 en Espa\u00f1a fue del 45,8 por ciento.<\/p>\n<p>En cuanto a los datos de Emutsa en relaci\u00f3n a la recaudaci\u00f3n, \u00e9sta se redujo en un 41,4 por ciento, cifra m\u00e1s alta que la p\u00e9rdida de viajeros ya que cabe recordar que durante dos meses, desde el 14 de marzo hasta el 15 de mayo, el servicio de Emutsa fue gratuito como medida de prevenci\u00f3n para plantilla y viajeros ante el covid-19. \u201cAdem\u00e1s, la empresa tambi\u00e9n dej\u00f3 de recibir ingresos importantes por servicios como el transporte escolar, que dej\u00f3 de ofrecerse desde marzo hasta finales de septiembre, cuando se retomaron las clases; si bien tambi\u00e9n la ca\u00edda de la movilidad y la reducci\u00f3n de servicios permiti\u00f3 reducir algunos costes operativos, como el gasoil, en un 31 por ciento\u201d, explicaron ayer los portavoces de la compa\u00f1\u00eda.<\/p>\n<p>Con estas cifras, marcadas por la crisis sanitaria, la aportaci\u00f3n del Ayuntamiento de Mieres a Emutsa en 2020 ascendi\u00f3 a algo m\u00e1s de 1,2 millones de euros, 370.000 euros m\u00e1s que en 2019. \u201cSe trata de una aportaci\u00f3n que tiene como objetivo mantener y potenciar un servicio estrat\u00e9gico para el gobierno local, al ser fundamental para la vertebraci\u00f3n de un concejo tan disperso y con una poblaci\u00f3n mayor como el de Mieres\u201d, apuntaron ayer los gestores municipales.<\/p>\n<p>Los Presupuestos Generales del Estado de 2021 incluyen partidas para compensar a los Ayuntamientos por la situaci\u00f3n del transporte urbano durante la pandemia. Unas ayudas que est\u00e1n pendientes de convocar en los pr\u00f3ximos d\u00edas y que permitir\u00e1n recuperar parte de esa aportaci\u00f3n\u201d.<\/p>\n","protected":false},"excerpt":{"rendered":"<p>Uno de cada tres usuarios de la empresa municipal de autobuses de Mieres (Emutsa) prescindieron el a\u00f1o pasado del servicio. Hasta 262.951 viajeros perdi\u00f3 la compa\u00f1\u00eda p\u00fablica durante 2020, lo que supone un 37,5 por ciento. A nivel econ\u00f3mico, el desplome de actividad se tradujo en una reducci\u00f3n de ingresos del 41,4 por ciento. El [&hellip;]<\/p>\n","protected":false},"author":1,"featured_media":2227,"comment_status":"open","ping_status":"open","sticky":false,"template":"","format":"standard","meta":{"footnotes":""},"categories":[7,6],"tags":[],"class_list":["post-2226","post","type-post","status-publish","format-standard","has-post-thumbnail","hentry","category-caudal","category-noticias"],"yoast_head":"<!-- This site is optimized with the Yoast SEO plugin v27.4 - https:\/\/yoast.com\/product\/yoast-seo-wordpress\/ -->\n<title>La pandemia deja al servicio de buses de Mieres sin uno de cada tres viajeros - cm news<\/title>\n<meta name=\"description\" content=\"Emutsa perdi\u00f3 el a\u00f1o pasado 262.951 usuarios y un 41% de recaudaci\u00f3n, requiriendo de una aportaci\u00f3n municipal de 1,2 millones\" \/>\n<meta name=\"robots\" content=\"index, follow, max-snippet:-1, max-image-preview:large, max-video-preview:-1\" \/>\n<link rel=\"canonical\" href=\"https:\/\/www.cuencasmineras.com\/index.php\/2021\/03\/27\/la-pandemia-deja-al-servicio-de-buses-de-mieres-sin-uno-de-cada-tres-viajeros\/\" \/>\n<meta property=\"og:locale\" content=\"es_ES\" \/>\n<meta property=\"og:type\" content=\"article\" \/>\n<meta property=\"og:title\" content=\"La pandemia deja al servicio de buses de Mieres sin uno de cada tres viajeros - cm news\" \/>\n<meta property=\"og:description\" content=\"Emutsa perdi\u00f3 el a\u00f1o pasado 262.951 usuarios y un 41% de recaudaci\u00f3n, requiriendo de una aportaci\u00f3n municipal de 1,2 millones\" \/>\n<meta property=\"og:url\" content=\"https:\/\/www.cuencasmineras.com\/index.php\/2021\/03\/27\/la-pandemia-deja-al-servicio-de-buses-de-mieres-sin-uno-de-cada-tres-viajeros\/\" \/>\n<meta property=\"article:published_time\" content=\"2021-03-27T14:43:08+00:00\" \/>\n<meta property=\"og:image\" content=\"https:\/\/www.cuencasmineras.com\/wp-content\/uploads\/2021\/03\/ADS.-Emutsa.jpg\" \/>\n\t<meta property=\"og:image:width\" content=\"1024\" \/>\n\t<meta property=\"og:image:height\" content=\"630\" \/>\n\t<meta property=\"og:image:type\" content=\"image\/jpeg\" \/>\n<meta name=\"author\" content=\"admin\" \/>\n<meta name=\"twitter:card\" content=\"summary_large_image\" \/>\n<meta name=\"twitter:label1\" content=\"Escrito por\" \/>\n\t<meta name=\"twitter:data1\" content=\"admin\" \/>\n\t<meta name=\"twitter:label2\" content=\"Tiempo de lectura\" \/>\n\t<meta name=\"twitter:data2\" content=\"3 minutos\" \/>\n<script type=\"application\/ld+json\" class=\"yoast-schema-graph\">{\"@context\":\"https:\\\/\\\/schema.org\",\"@graph\":[{\"@type\":\"Article\",\"@id\":\"https:\\\/\\\/www.cuencasmineras.com\\\/index.php\\\/2021\\\/03\\\/27\\\/la-pandemia-deja-al-servicio-de-buses-de-mieres-sin-uno-de-cada-tres-viajeros\\\/#article\",\"isPartOf\":{\"@id\":\"https:\\\/\\\/www.cuencasmineras.com\\\/index.php\\\/2021\\\/03\\\/27\\\/la-pandemia-deja-al-servicio-de-buses-de-mieres-sin-uno-de-cada-tres-viajeros\\\/\"},\"author\":{\"name\":\"admin\",\"@id\":\"https:\\\/\\\/www.cuencasmineras.com\\\/#\\\/schema\\\/person\\\/be0691310e8496ec555f679dd688420c\"},\"headline\":\"La pandemia deja al servicio de buses de Mieres sin uno de cada tres viajeros\",\"datePublished\":\"2021-03-27T14:43:08+00:00\",\"mainEntityOfPage\":{\"@id\":\"https:\\\/\\\/www.cuencasmineras.com\\\/index.php\\\/2021\\\/03\\\/27\\\/la-pandemia-deja-al-servicio-de-buses-de-mieres-sin-uno-de-cada-tres-viajeros\\\/\"},\"wordCount\":529,\"commentCount\":0,\"image\":{\"@id\":\"https:\\\/\\\/www.cuencasmineras.com\\\/index.php\\\/2021\\\/03\\\/27\\\/la-pandemia-deja-al-servicio-de-buses-de-mieres-sin-uno-de-cada-tres-viajeros\\\/#primaryimage\"},\"thumbnailUrl\":\"https:\\\/\\\/www.cuencasmineras.com\\\/wp-content\\\/uploads\\\/2021\\\/03\\\/ADS.-Emutsa.jpg\",\"articleSection\":[\"Caudal\",\"CM NEWS\"],\"inLanguage\":\"es\",\"potentialAction\":[{\"@type\":\"CommentAction\",\"name\":\"Comment\",\"target\":[\"https:\\\/\\\/www.cuencasmineras.com\\\/index.php\\\/2021\\\/03\\\/27\\\/la-pandemia-deja-al-servicio-de-buses-de-mieres-sin-uno-de-cada-tres-viajeros\\\/#respond\"]}]},{\"@type\":\"WebPage\",\"@id\":\"https:\\\/\\\/www.cuencasmineras.com\\\/index.php\\\/2021\\\/03\\\/27\\\/la-pandemia-deja-al-servicio-de-buses-de-mieres-sin-uno-de-cada-tres-viajeros\\\/\",\"url\":\"https:\\\/\\\/www.cuencasmineras.com\\\/index.php\\\/2021\\\/03\\\/27\\\/la-pandemia-deja-al-servicio-de-buses-de-mieres-sin-uno-de-cada-tres-viajeros\\\/\",\"name\":\"La pandemia deja al servicio de buses de Mieres sin uno de cada tres viajeros - cm news\",\"isPartOf\":{\"@id\":\"https:\\\/\\\/www.cuencasmineras.com\\\/#website\"},\"primaryImageOfPage\":{\"@id\":\"https:\\\/\\\/www.cuencasmineras.com\\\/index.php\\\/2021\\\/03\\\/27\\\/la-pandemia-deja-al-servicio-de-buses-de-mieres-sin-uno-de-cada-tres-viajeros\\\/#primaryimage\"},\"image\":{\"@id\":\"https:\\\/\\\/www.cuencasmineras.com\\\/index.php\\\/2021\\\/03\\\/27\\\/la-pandemia-deja-al-servicio-de-buses-de-mieres-sin-uno-de-cada-tres-viajeros\\\/#primaryimage\"},\"thumbnailUrl\":\"https:\\\/\\\/www.cuencasmineras.com\\\/wp-content\\\/uploads\\\/2021\\\/03\\\/ADS.-Emutsa.jpg\",\"datePublished\":\"2021-03-27T14:43:08+00:00\",\"author\":{\"@id\":\"https:\\\/\\\/www.cuencasmineras.com\\\/#\\\/schema\\\/person\\\/be0691310e8496ec555f679dd688420c\"},\"description\":\"Emutsa perdi\u00f3 el a\u00f1o pasado 262.951 usuarios y un 41% de recaudaci\u00f3n, requiriendo de una aportaci\u00f3n municipal de 1,2 millones\",\"breadcrumb\":{\"@id\":\"https:\\\/\\\/www.cuencasmineras.com\\\/index.php\\\/2021\\\/03\\\/27\\\/la-pandemia-deja-al-servicio-de-buses-de-mieres-sin-uno-de-cada-tres-viajeros\\\/#breadcrumb\"},\"inLanguage\":\"es\",\"potentialAction\":[{\"@type\":\"ReadAction\",\"target\":[\"https:\\\/\\\/www.cuencasmineras.com\\\/index.php\\\/2021\\\/03\\\/27\\\/la-pandemia-deja-al-servicio-de-buses-de-mieres-sin-uno-de-cada-tres-viajeros\\\/\"]}]},{\"@type\":\"ImageObject\",\"inLanguage\":\"es\",\"@id\":\"https:\\\/\\\/www.cuencasmineras.com\\\/index.php\\\/2021\\\/03\\\/27\\\/la-pandemia-deja-al-servicio-de-buses-de-mieres-sin-uno-de-cada-tres-viajeros\\\/#primaryimage\",\"url\":\"https:\\\/\\\/www.cuencasmineras.com\\\/wp-content\\\/uploads\\\/2021\\\/03\\\/ADS.-Emutsa.jpg\",\"contentUrl\":\"https:\\\/\\\/www.cuencasmineras.com\\\/wp-content\\\/uploads\\\/2021\\\/03\\\/ADS.-Emutsa.jpg\",\"width\":1024,\"height\":630},{\"@type\":\"BreadcrumbList\",\"@id\":\"https:\\\/\\\/www.cuencasmineras.com\\\/index.php\\\/2021\\\/03\\\/27\\\/la-pandemia-deja-al-servicio-de-buses-de-mieres-sin-uno-de-cada-tres-viajeros\\\/#breadcrumb\",\"itemListElement\":[{\"@type\":\"ListItem\",\"position\":1,\"name\":\"Portada\",\"item\":\"https:\\\/\\\/www.cuencasmineras.com\\\/\"},{\"@type\":\"ListItem\",\"position\":2,\"name\":\"La pandemia deja al servicio de buses de Mieres sin uno de cada tres viajeros\"}]},{\"@type\":\"WebSite\",\"@id\":\"https:\\\/\\\/www.cuencasmineras.com\\\/#website\",\"url\":\"https:\\\/\\\/www.cuencasmineras.com\\\/\",\"name\":\"\",\"description\":\"\",\"potentialAction\":[{\"@type\":\"SearchAction\",\"target\":{\"@type\":\"EntryPoint\",\"urlTemplate\":\"https:\\\/\\\/www.cuencasmineras.com\\\/?s={search_term_string}\"},\"query-input\":{\"@type\":\"PropertyValueSpecification\",\"valueRequired\":true,\"valueName\":\"search_term_string\"}}],\"inLanguage\":\"es\"},{\"@type\":\"Person\",\"@id\":\"https:\\\/\\\/www.cuencasmineras.com\\\/#\\\/schema\\\/person\\\/be0691310e8496ec555f679dd688420c\",\"name\":\"admin\",\"image\":{\"@type\":\"ImageObject\",\"inLanguage\":\"es\",\"@id\":\"https:\\\/\\\/secure.gravatar.com\\\/avatar\\\/4afd2eed3b2fbbf36dd6707b5bd8a5b50ac648f033e36fbf85aeace2f0f859db?s=96&d=mm&r=g\",\"url\":\"https:\\\/\\\/secure.gravatar.com\\\/avatar\\\/4afd2eed3b2fbbf36dd6707b5bd8a5b50ac648f033e36fbf85aeace2f0f859db?s=96&d=mm&r=g\",\"contentUrl\":\"https:\\\/\\\/secure.gravatar.com\\\/avatar\\\/4afd2eed3b2fbbf36dd6707b5bd8a5b50ac648f033e36fbf85aeace2f0f859db?s=96&d=mm&r=g\",\"caption\":\"admin\"},\"sameAs\":[\"https:\\\/\\\/www.cuencasmineras.com\"],\"url\":\"https:\\\/\\\/www.cuencasmineras.com\\\/index.php\\\/author\\\/admin\\\/\"}]}<\/script>\n<!-- \/ Yoast SEO plugin. -->","yoast_head_json":{"title":"La pandemia deja al servicio de buses de Mieres sin uno de cada tres viajeros - cm news","description":"Emutsa perdi\u00f3 el a\u00f1o pasado 262.951 usuarios y un 41% de recaudaci\u00f3n, requiriendo de una aportaci\u00f3n municipal de 1,2 millones","robots":{"index":"index","follow":"follow","max-snippet":"max-snippet:-1","max-image-preview":"max-image-preview:large","max-video-preview":"max-video-preview:-1"},"canonical":"https:\/\/www.cuencasmineras.com\/index.php\/2021\/03\/27\/la-pandemia-deja-al-servicio-de-buses-de-mieres-sin-uno-de-cada-tres-viajeros\/","og_locale":"es_ES","og_type":"article","og_title":"La pandemia deja al servicio de buses de Mieres sin uno de cada tres viajeros - cm news","og_description":"Emutsa perdi\u00f3 el a\u00f1o pasado 262.951 usuarios y un 41% de recaudaci\u00f3n, requiriendo de una aportaci\u00f3n municipal de 1,2 millones","og_url":"https:\/\/www.cuencasmineras.com\/index.php\/2021\/03\/27\/la-pandemia-deja-al-servicio-de-buses-de-mieres-sin-uno-de-cada-tres-viajeros\/","article_published_time":"2021-03-27T14:43:08+00:00","og_image":[{"width":1024,"height":630,"url":"https:\/\/www.cuencasmineras.com\/wp-content\/uploads\/2021\/03\/ADS.-Emutsa.jpg","type":"image\/jpeg"}],"author":"admin","twitter_card":"summary_large_image","twitter_misc":{"Escrito por":"admin","Tiempo de lectura":"3 minutos"},"schema":{"@context":"https:\/\/schema.org","@graph":[{"@type":"Article","@id":"https:\/\/www.cuencasmineras.com\/index.php\/2021\/03\/27\/la-pandemia-deja-al-servicio-de-buses-de-mieres-sin-uno-de-cada-tres-viajeros\/#article","isPartOf":{"@id":"https:\/\/www.cuencasmineras.com\/index.php\/2021\/03\/27\/la-pandemia-deja-al-servicio-de-buses-de-mieres-sin-uno-de-cada-tres-viajeros\/"},"author":{"name":"admin","@id":"https:\/\/www.cuencasmineras.com\/#\/schema\/person\/be0691310e8496ec555f679dd688420c"},"headline":"La pandemia deja al servicio de buses de Mieres sin uno de cada tres viajeros","datePublished":"2021-03-27T14:43:08+00:00","mainEntityOfPage":{"@id":"https:\/\/www.cuencasmineras.com\/index.php\/2021\/03\/27\/la-pandemia-deja-al-servicio-de-buses-de-mieres-sin-uno-de-cada-tres-viajeros\/"},"wordCount":529,"commentCount":0,"image":{"@id":"https:\/\/www.cuencasmineras.com\/index.php\/2021\/03\/27\/la-pandemia-deja-al-servicio-de-buses-de-mieres-sin-uno-de-cada-tres-viajeros\/#primaryimage"},"thumbnailUrl":"https:\/\/www.cuencasmineras.com\/wp-content\/uploads\/2021\/03\/ADS.-Emutsa.jpg","articleSection":["Caudal","CM NEWS"],"inLanguage":"es","potentialAction":[{"@type":"CommentAction","name":"Comment","target":["https:\/\/www.cuencasmineras.com\/index.php\/2021\/03\/27\/la-pandemia-deja-al-servicio-de-buses-de-mieres-sin-uno-de-cada-tres-viajeros\/#respond"]}]},{"@type":"WebPage","@id":"https:\/\/www.cuencasmineras.com\/index.php\/2021\/03\/27\/la-pandemia-deja-al-servicio-de-buses-de-mieres-sin-uno-de-cada-tres-viajeros\/","url":"https:\/\/www.cuencasmineras.com\/index.php\/2021\/03\/27\/la-pandemia-deja-al-servicio-de-buses-de-mieres-sin-uno-de-cada-tres-viajeros\/","name":"La pandemia deja al servicio de buses de Mieres sin uno de cada tres viajeros - cm news","isPartOf":{"@id":"https:\/\/www.cuencasmineras.com\/#website"},"primaryImageOfPage":{"@id":"https:\/\/www.cuencasmineras.com\/index.php\/2021\/03\/27\/la-pandemia-deja-al-servicio-de-buses-de-mieres-sin-uno-de-cada-tres-viajeros\/#primaryimage"},"image":{"@id":"https:\/\/www.cuencasmineras.com\/index.php\/2021\/03\/27\/la-pandemia-deja-al-servicio-de-buses-de-mieres-sin-uno-de-cada-tres-viajeros\/#primaryimage"},"thumbnailUrl":"https:\/\/www.cuencasmineras.com\/wp-content\/uploads\/2021\/03\/ADS.-Emutsa.jpg","datePublished":"2021-03-27T14:43:08+00:00","author":{"@id":"https:\/\/www.cuencasmineras.com\/#\/schema\/person\/be0691310e8496ec555f679dd688420c"},"description":"Emutsa perdi\u00f3 el a\u00f1o pasado 262.951 usuarios y un 41% de recaudaci\u00f3n, requiriendo de una aportaci\u00f3n municipal de 1,2 millones","breadcrumb":{"@id":"https:\/\/www.cuencasmineras.com\/index.php\/2021\/03\/27\/la-pandemia-deja-al-servicio-de-buses-de-mieres-sin-uno-de-cada-tres-viajeros\/#breadcrumb"},"inLanguage":"es","potentialAction":[{"@type":"ReadAction","target":["https:\/\/www.cuencasmineras.com\/index.php\/2021\/03\/27\/la-pandemia-deja-al-servicio-de-buses-de-mieres-sin-uno-de-cada-tres-viajeros\/"]}]},{"@type":"ImageObject","inLanguage":"es","@id":"https:\/\/www.cuencasmineras.com\/index.php\/2021\/03\/27\/la-pandemia-deja-al-servicio-de-buses-de-mieres-sin-uno-de-cada-tres-viajeros\/#primaryimage","url":"https:\/\/www.cuencasmineras.com\/wp-content\/uploads\/2021\/03\/ADS.-Emutsa.jpg","contentUrl":"https:\/\/www.cuencasmineras.com\/wp-content\/uploads\/2021\/03\/ADS.-Emutsa.jpg","width":1024,"height":630},{"@type":"BreadcrumbList","@id":"https:\/\/www.cuencasmineras.com\/index.php\/2021\/03\/27\/la-pandemia-deja-al-servicio-de-buses-de-mieres-sin-uno-de-cada-tres-viajeros\/#breadcrumb","itemListElement":[{"@type":"ListItem","position":1,"name":"Portada","item":"https:\/\/www.cuencasmineras.com\/"},{"@type":"ListItem","position":2,"name":"La pandemia deja al servicio de buses de Mieres sin uno de cada tres viajeros"}]},{"@type":"WebSite","@id":"https:\/\/www.cuencasmineras.com\/#website","url":"https:\/\/www.cuencasmineras.com\/","name":"","description":"","potentialAction":[{"@type":"SearchAction","target":{"@type":"EntryPoint","urlTemplate":"https:\/\/www.cuencasmineras.com\/?s={search_term_string}"},"query-input":{"@type":"PropertyValueSpecification","valueRequired":true,"valueName":"search_term_string"}}],"inLanguage":"es"},{"@type":"Person","@id":"https:\/\/www.cuencasmineras.com\/#\/schema\/person\/be0691310e8496ec555f679dd688420c","name":"admin","image":{"@type":"ImageObject","inLanguage":"es","@id":"https:\/\/secure.gravatar.com\/avatar\/4afd2eed3b2fbbf36dd6707b5bd8a5b50ac648f033e36fbf85aeace2f0f859db?s=96&d=mm&r=g","url":"https:\/\/secure.gravatar.com\/avatar\/4afd2eed3b2fbbf36dd6707b5bd8a5b50ac648f033e36fbf85aeace2f0f859db?s=96&d=mm&r=g","contentUrl":"https:\/\/secure.gravatar.com\/avatar\/4afd2eed3b2fbbf36dd6707b5bd8a5b50ac648f033e36fbf85aeace2f0f859db?s=96&d=mm&r=g","caption":"admin"},"sameAs":["https:\/\/www.cuencasmineras.com"],"url":"https:\/\/www.cuencasmineras.com\/index.php\/author\/admin\/"}]}},"_links":{"self":[{"href":"https:\/\/www.cuencasmineras.com\/index.php\/wp-json\/wp\/v2\/posts\/2226","targetHints":{"allow":["GET"]}}],"collection":[{"href":"https:\/\/www.cuencasmineras.com\/index.php\/wp-json\/wp\/v2\/posts"}],"about":[{"href":"https:\/\/www.cuencasmineras.com\/index.php\/wp-json\/wp\/v2\/types\/post"}],"author":[{"embeddable":true,"href":"https:\/\/www.cuencasmineras.com\/index.php\/wp-json\/wp\/v2\/users\/1"}],"replies":[{"embeddable":true,"href":"https:\/\/www.cuencasmineras.com\/index.php\/wp-json\/wp\/v2\/comments?post=2226"}],"version-history":[{"count":1,"href":"https:\/\/www.cuencasmineras.com\/index.php\/wp-json\/wp\/v2\/posts\/2226\/revisions"}],"predecessor-version":[{"id":2228,"href":"https:\/\/www.cuencasmineras.com\/index.php\/wp-json\/wp\/v2\/posts\/2226\/revisions\/2228"}],"wp:featuredmedia":[{"embeddable":true,"href":"https:\/\/www.cuencasmineras.com\/index.php\/wp-json\/wp\/v2\/media\/2227"}],"wp:attachment":[{"href":"https:\/\/www.cuencasmineras.com\/index.php\/wp-json\/wp\/v2\/media?parent=2226"}],"wp:term":[{"taxonomy":"category","embeddable":true,"href":"https:\/\/www.cuencasmineras.com\/index.php\/wp-json\/wp\/v2\/categories?post=2226"},{"taxonomy":"post_tag","embeddable":true,"href":"https:\/\/www.cuencasmineras.com\/index.php\/wp-json\/wp\/v2\/tags?post=2226"}],"curies":[{"name":"wp","href":"https:\/\/api.w.org\/{rel}","templated":true}]}}