{"id":2258,"date":"2021-03-29T14:19:39","date_gmt":"2021-03-29T14:19:39","guid":{"rendered":"https:\/\/www.cuencasmineras.com\/?p=2258"},"modified":"2021-03-29T14:19:39","modified_gmt":"2021-03-29T14:19:39","slug":"iu-defiende-que-el-alcalde-de-mieres-impidiera-al-pp-explicar-un-voto-en-el-pleno","status":"publish","type":"post","link":"https:\/\/www.cuencasmineras.com\/index.php\/2021\/03\/29\/iu-defiende-que-el-alcalde-de-mieres-impidiera-al-pp-explicar-un-voto-en-el-pleno\/","title":{"rendered":"IU defiende que el alcalde de Mieres impidiera al PP explicar un voto en el Pleno"},"content":{"rendered":"<p style=\"text-align: justify;\">IU de Mieres avala la decisi\u00f3n del alcalde, An\u00edbal V\u00e1zquez, de impedir en el \u00faltimo Pleno que el portavoz del PP tomase la palabra durante la \u00faltima sesi\u00f3n plenaria para una explicaci\u00f3n de voto. La coalici\u00f3n considera que las declaraciones del presidente del PP anunciando acciones judiciales confirman que \u201cla deriva popular contin\u00faa y se instalan en el exceso y la sobreactuaci\u00f3n\u201d, afirm\u00f3 Ricardo Gonz\u00e1lez, secretario de pol\u00edtica Municipal , quien record\u00f3 que \u201cel portavoz municipal del PP lleva casi dos a\u00f1os en el Ayuntamiento y sigue sin conocer las reglas b\u00e1sicas de funcionamiento\u201d.<\/p>\n<p style=\"text-align: justify;\">\u201cEl PP se olvida que las normas est\u00e1n para respetarlas\u201d. Gonz\u00e1lez afirma que los populares \u201chan reducido su labor de oposici\u00f3n en la b\u00fasqueda de la bronca permanente\u201d.<\/p>\n<p><img loading=\"lazy\" decoding=\"async\" class=\"aligncenter size-large wp-image-2259\" src=\"https:\/\/www.cuencasmineras.com\/wp-content\/uploads\/2021\/03\/anibal-vazquez-ke0H-U80636600734AtB-1248x770@El-Comercio-1024x632.jpg\" alt=\"\" width=\"640\" height=\"395\" srcset=\"https:\/\/www.cuencasmineras.com\/wp-content\/uploads\/2021\/03\/anibal-vazquez-ke0H-U80636600734AtB-1248x770@El-Comercio-1024x632.jpg 1024w, https:\/\/www.cuencasmineras.com\/wp-content\/uploads\/2021\/03\/anibal-vazquez-ke0H-U80636600734AtB-1248x770@El-Comercio-300x185.jpg 300w, https:\/\/www.cuencasmineras.com\/wp-content\/uploads\/2021\/03\/anibal-vazquez-ke0H-U80636600734AtB-1248x770@El-Comercio-768x474.jpg 768w, https:\/\/www.cuencasmineras.com\/wp-content\/uploads\/2021\/03\/anibal-vazquez-ke0H-U80636600734AtB-1248x770@El-Comercio.jpg 1248w\" sizes=\"auto, (max-width: 640px) 100vw, 640px\" \/><\/p>\n","protected":false},"excerpt":{"rendered":"<p>IU de Mieres avala la decisi\u00f3n del alcalde, An\u00edbal V\u00e1zquez, de impedir en el \u00faltimo Pleno que el portavoz del PP tomase la palabra durante la \u00faltima sesi\u00f3n plenaria para una explicaci\u00f3n de voto. La coalici\u00f3n considera que las declaraciones del presidente del PP anunciando acciones judiciales confirman que \u201cla deriva popular contin\u00faa y se [&hellip;]<\/p>\n","protected":false},"author":1,"featured_media":2259,"comment_status":"open","ping_status":"open","sticky":false,"template":"","format":"standard","meta":{"footnotes":""},"categories":[7,6],"tags":[],"class_list":["post-2258","post","type-post","status-publish","format-standard","has-post-thumbnail","hentry","category-caudal","category-noticias"],"yoast_head":"<!-- This site is optimized with the Yoast SEO plugin v27.4 - https:\/\/yoast.com\/product\/yoast-seo-wordpress\/ -->\n<title>IU defiende que el alcalde de Mieres impidiera al PP explicar un voto en el Pleno - cm news<\/title>\n<meta name=\"description\" content=\"La coalici\u00f3n sostiene que los populares \u201chan reducido su labor de oposici\u00f3n a la bronca\u201d\" \/>\n<meta name=\"robots\" content=\"index, follow, max-snippet:-1, max-image-preview:large, max-video-preview:-1\" \/>\n<link rel=\"canonical\" href=\"https:\/\/www.cuencasmineras.com\/index.php\/2021\/03\/29\/iu-defiende-que-el-alcalde-de-mieres-impidiera-al-pp-explicar-un-voto-en-el-pleno\/\" \/>\n<meta property=\"og:locale\" content=\"es_ES\" \/>\n<meta property=\"og:type\" content=\"article\" \/>\n<meta property=\"og:title\" content=\"IU defiende que el alcalde de Mieres impidiera al PP explicar un voto en el Pleno - cm news\" \/>\n<meta property=\"og:description\" content=\"La coalici\u00f3n sostiene que los populares \u201chan reducido su labor de oposici\u00f3n a la bronca\u201d\" \/>\n<meta property=\"og:url\" content=\"https:\/\/www.cuencasmineras.com\/index.php\/2021\/03\/29\/iu-defiende-que-el-alcalde-de-mieres-impidiera-al-pp-explicar-un-voto-en-el-pleno\/\" \/>\n<meta property=\"article:published_time\" content=\"2021-03-29T14:19:39+00:00\" \/>\n<meta property=\"og:image\" content=\"https:\/\/www.cuencasmineras.com\/wp-content\/uploads\/2021\/03\/anibal-vazquez-ke0H-U80636600734AtB-1248x770@El-Comercio.jpg\" \/>\n\t<meta property=\"og:image:width\" content=\"1248\" \/>\n\t<meta property=\"og:image:height\" content=\"770\" \/>\n\t<meta property=\"og:image:type\" content=\"image\/jpeg\" \/>\n<meta name=\"author\" content=\"admin\" \/>\n<meta name=\"twitter:card\" content=\"summary_large_image\" \/>\n<meta name=\"twitter:label1\" content=\"Escrito por\" \/>\n\t<meta name=\"twitter:data1\" content=\"admin\" \/>\n\t<meta name=\"twitter:label2\" content=\"Tiempo de lectura\" \/>\n\t<meta name=\"twitter:data2\" content=\"1 minuto\" \/>\n<script type=\"application\/ld+json\" class=\"yoast-schema-graph\">{\"@context\":\"https:\\\/\\\/schema.org\",\"@graph\":[{\"@type\":\"Article\",\"@id\":\"https:\\\/\\\/www.cuencasmineras.com\\\/index.php\\\/2021\\\/03\\\/29\\\/iu-defiende-que-el-alcalde-de-mieres-impidiera-al-pp-explicar-un-voto-en-el-pleno\\\/#article\",\"isPartOf\":{\"@id\":\"https:\\\/\\\/www.cuencasmineras.com\\\/index.php\\\/2021\\\/03\\\/29\\\/iu-defiende-que-el-alcalde-de-mieres-impidiera-al-pp-explicar-un-voto-en-el-pleno\\\/\"},\"author\":{\"name\":\"admin\",\"@id\":\"https:\\\/\\\/www.cuencasmineras.com\\\/#\\\/schema\\\/person\\\/be0691310e8496ec555f679dd688420c\"},\"headline\":\"IU defiende que el alcalde de Mieres impidiera al PP explicar un voto en el Pleno\",\"datePublished\":\"2021-03-29T14:19:39+00:00\",\"mainEntityOfPage\":{\"@id\":\"https:\\\/\\\/www.cuencasmineras.com\\\/index.php\\\/2021\\\/03\\\/29\\\/iu-defiende-que-el-alcalde-de-mieres-impidiera-al-pp-explicar-un-voto-en-el-pleno\\\/\"},\"wordCount\":153,\"commentCount\":0,\"image\":{\"@id\":\"https:\\\/\\\/www.cuencasmineras.com\\\/index.php\\\/2021\\\/03\\\/29\\\/iu-defiende-que-el-alcalde-de-mieres-impidiera-al-pp-explicar-un-voto-en-el-pleno\\\/#primaryimage\"},\"thumbnailUrl\":\"https:\\\/\\\/www.cuencasmineras.com\\\/wp-content\\\/uploads\\\/2021\\\/03\\\/anibal-vazquez-ke0H-U80636600734AtB-1248x770@El-Comercio.jpg\",\"articleSection\":[\"Caudal\",\"CM NEWS\"],\"inLanguage\":\"es\",\"potentialAction\":[{\"@type\":\"CommentAction\",\"name\":\"Comment\",\"target\":[\"https:\\\/\\\/www.cuencasmineras.com\\\/index.php\\\/2021\\\/03\\\/29\\\/iu-defiende-que-el-alcalde-de-mieres-impidiera-al-pp-explicar-un-voto-en-el-pleno\\\/#respond\"]}]},{\"@type\":\"WebPage\",\"@id\":\"https:\\\/\\\/www.cuencasmineras.com\\\/index.php\\\/2021\\\/03\\\/29\\\/iu-defiende-que-el-alcalde-de-mieres-impidiera-al-pp-explicar-un-voto-en-el-pleno\\\/\",\"url\":\"https:\\\/\\\/www.cuencasmineras.com\\\/index.php\\\/2021\\\/03\\\/29\\\/iu-defiende-que-el-alcalde-de-mieres-impidiera-al-pp-explicar-un-voto-en-el-pleno\\\/\",\"name\":\"IU defiende que el alcalde de Mieres impidiera al PP explicar un voto en el Pleno - cm news\",\"isPartOf\":{\"@id\":\"https:\\\/\\\/www.cuencasmineras.com\\\/#website\"},\"primaryImageOfPage\":{\"@id\":\"https:\\\/\\\/www.cuencasmineras.com\\\/index.php\\\/2021\\\/03\\\/29\\\/iu-defiende-que-el-alcalde-de-mieres-impidiera-al-pp-explicar-un-voto-en-el-pleno\\\/#primaryimage\"},\"image\":{\"@id\":\"https:\\\/\\\/www.cuencasmineras.com\\\/index.php\\\/2021\\\/03\\\/29\\\/iu-defiende-que-el-alcalde-de-mieres-impidiera-al-pp-explicar-un-voto-en-el-pleno\\\/#primaryimage\"},\"thumbnailUrl\":\"https:\\\/\\\/www.cuencasmineras.com\\\/wp-content\\\/uploads\\\/2021\\\/03\\\/anibal-vazquez-ke0H-U80636600734AtB-1248x770@El-Comercio.jpg\",\"datePublished\":\"2021-03-29T14:19:39+00:00\",\"author\":{\"@id\":\"https:\\\/\\\/www.cuencasmineras.com\\\/#\\\/schema\\\/person\\\/be0691310e8496ec555f679dd688420c\"},\"description\":\"La coalici\u00f3n sostiene que los populares \u201chan reducido su labor de oposici\u00f3n a la bronca\u201d\",\"breadcrumb\":{\"@id\":\"https:\\\/\\\/www.cuencasmineras.com\\\/index.php\\\/2021\\\/03\\\/29\\\/iu-defiende-que-el-alcalde-de-mieres-impidiera-al-pp-explicar-un-voto-en-el-pleno\\\/#breadcrumb\"},\"inLanguage\":\"es\",\"potentialAction\":[{\"@type\":\"ReadAction\",\"target\":[\"https:\\\/\\\/www.cuencasmineras.com\\\/index.php\\\/2021\\\/03\\\/29\\\/iu-defiende-que-el-alcalde-de-mieres-impidiera-al-pp-explicar-un-voto-en-el-pleno\\\/\"]}]},{\"@type\":\"ImageObject\",\"inLanguage\":\"es\",\"@id\":\"https:\\\/\\\/www.cuencasmineras.com\\\/index.php\\\/2021\\\/03\\\/29\\\/iu-defiende-que-el-alcalde-de-mieres-impidiera-al-pp-explicar-un-voto-en-el-pleno\\\/#primaryimage\",\"url\":\"https:\\\/\\\/www.cuencasmineras.com\\\/wp-content\\\/uploads\\\/2021\\\/03\\\/anibal-vazquez-ke0H-U80636600734AtB-1248x770@El-Comercio.jpg\",\"contentUrl\":\"https:\\\/\\\/www.cuencasmineras.com\\\/wp-content\\\/uploads\\\/2021\\\/03\\\/anibal-vazquez-ke0H-U80636600734AtB-1248x770@El-Comercio.jpg\",\"width\":1248,\"height\":770},{\"@type\":\"BreadcrumbList\",\"@id\":\"https:\\\/\\\/www.cuencasmineras.com\\\/index.php\\\/2021\\\/03\\\/29\\\/iu-defiende-que-el-alcalde-de-mieres-impidiera-al-pp-explicar-un-voto-en-el-pleno\\\/#breadcrumb\",\"itemListElement\":[{\"@type\":\"ListItem\",\"position\":1,\"name\":\"Portada\",\"item\":\"https:\\\/\\\/www.cuencasmineras.com\\\/\"},{\"@type\":\"ListItem\",\"position\":2,\"name\":\"IU defiende que el alcalde de Mieres impidiera al PP explicar un voto en el Pleno\"}]},{\"@type\":\"WebSite\",\"@id\":\"https:\\\/\\\/www.cuencasmineras.com\\\/#website\",\"url\":\"https:\\\/\\\/www.cuencasmineras.com\\\/\",\"name\":\"\",\"description\":\"\",\"potentialAction\":[{\"@type\":\"SearchAction\",\"target\":{\"@type\":\"EntryPoint\",\"urlTemplate\":\"https:\\\/\\\/www.cuencasmineras.com\\\/?s={search_term_string}\"},\"query-input\":{\"@type\":\"PropertyValueSpecification\",\"valueRequired\":true,\"valueName\":\"search_term_string\"}}],\"inLanguage\":\"es\"},{\"@type\":\"Person\",\"@id\":\"https:\\\/\\\/www.cuencasmineras.com\\\/#\\\/schema\\\/person\\\/be0691310e8496ec555f679dd688420c\",\"name\":\"admin\",\"image\":{\"@type\":\"ImageObject\",\"inLanguage\":\"es\",\"@id\":\"https:\\\/\\\/secure.gravatar.com\\\/avatar\\\/4afd2eed3b2fbbf36dd6707b5bd8a5b50ac648f033e36fbf85aeace2f0f859db?s=96&d=mm&r=g\",\"url\":\"https:\\\/\\\/secure.gravatar.com\\\/avatar\\\/4afd2eed3b2fbbf36dd6707b5bd8a5b50ac648f033e36fbf85aeace2f0f859db?s=96&d=mm&r=g\",\"contentUrl\":\"https:\\\/\\\/secure.gravatar.com\\\/avatar\\\/4afd2eed3b2fbbf36dd6707b5bd8a5b50ac648f033e36fbf85aeace2f0f859db?s=96&d=mm&r=g\",\"caption\":\"admin\"},\"sameAs\":[\"https:\\\/\\\/www.cuencasmineras.com\"],\"url\":\"https:\\\/\\\/www.cuencasmineras.com\\\/index.php\\\/author\\\/admin\\\/\"}]}<\/script>\n<!-- \/ Yoast SEO plugin. -->","yoast_head_json":{"title":"IU defiende que el alcalde de Mieres impidiera al PP explicar un voto en el Pleno - cm news","description":"La coalici\u00f3n sostiene que los populares \u201chan reducido su labor de oposici\u00f3n a la bronca\u201d","robots":{"index":"index","follow":"follow","max-snippet":"max-snippet:-1","max-image-preview":"max-image-preview:large","max-video-preview":"max-video-preview:-1"},"canonical":"https:\/\/www.cuencasmineras.com\/index.php\/2021\/03\/29\/iu-defiende-que-el-alcalde-de-mieres-impidiera-al-pp-explicar-un-voto-en-el-pleno\/","og_locale":"es_ES","og_type":"article","og_title":"IU defiende que el alcalde de Mieres impidiera al PP explicar un voto en el Pleno - cm news","og_description":"La coalici\u00f3n sostiene que los populares \u201chan reducido su labor de oposici\u00f3n a la bronca\u201d","og_url":"https:\/\/www.cuencasmineras.com\/index.php\/2021\/03\/29\/iu-defiende-que-el-alcalde-de-mieres-impidiera-al-pp-explicar-un-voto-en-el-pleno\/","article_published_time":"2021-03-29T14:19:39+00:00","og_image":[{"width":1248,"height":770,"url":"https:\/\/www.cuencasmineras.com\/wp-content\/uploads\/2021\/03\/anibal-vazquez-ke0H-U80636600734AtB-1248x770@El-Comercio.jpg","type":"image\/jpeg"}],"author":"admin","twitter_card":"summary_large_image","twitter_misc":{"Escrito por":"admin","Tiempo de lectura":"1 minuto"},"schema":{"@context":"https:\/\/schema.org","@graph":[{"@type":"Article","@id":"https:\/\/www.cuencasmineras.com\/index.php\/2021\/03\/29\/iu-defiende-que-el-alcalde-de-mieres-impidiera-al-pp-explicar-un-voto-en-el-pleno\/#article","isPartOf":{"@id":"https:\/\/www.cuencasmineras.com\/index.php\/2021\/03\/29\/iu-defiende-que-el-alcalde-de-mieres-impidiera-al-pp-explicar-un-voto-en-el-pleno\/"},"author":{"name":"admin","@id":"https:\/\/www.cuencasmineras.com\/#\/schema\/person\/be0691310e8496ec555f679dd688420c"},"headline":"IU defiende que el alcalde de Mieres impidiera al PP explicar un voto en el Pleno","datePublished":"2021-03-29T14:19:39+00:00","mainEntityOfPage":{"@id":"https:\/\/www.cuencasmineras.com\/index.php\/2021\/03\/29\/iu-defiende-que-el-alcalde-de-mieres-impidiera-al-pp-explicar-un-voto-en-el-pleno\/"},"wordCount":153,"commentCount":0,"image":{"@id":"https:\/\/www.cuencasmineras.com\/index.php\/2021\/03\/29\/iu-defiende-que-el-alcalde-de-mieres-impidiera-al-pp-explicar-un-voto-en-el-pleno\/#primaryimage"},"thumbnailUrl":"https:\/\/www.cuencasmineras.com\/wp-content\/uploads\/2021\/03\/anibal-vazquez-ke0H-U80636600734AtB-1248x770@El-Comercio.jpg","articleSection":["Caudal","CM NEWS"],"inLanguage":"es","potentialAction":[{"@type":"CommentAction","name":"Comment","target":["https:\/\/www.cuencasmineras.com\/index.php\/2021\/03\/29\/iu-defiende-que-el-alcalde-de-mieres-impidiera-al-pp-explicar-un-voto-en-el-pleno\/#respond"]}]},{"@type":"WebPage","@id":"https:\/\/www.cuencasmineras.com\/index.php\/2021\/03\/29\/iu-defiende-que-el-alcalde-de-mieres-impidiera-al-pp-explicar-un-voto-en-el-pleno\/","url":"https:\/\/www.cuencasmineras.com\/index.php\/2021\/03\/29\/iu-defiende-que-el-alcalde-de-mieres-impidiera-al-pp-explicar-un-voto-en-el-pleno\/","name":"IU defiende que el alcalde de Mieres impidiera al PP explicar un voto en el Pleno - cm news","isPartOf":{"@id":"https:\/\/www.cuencasmineras.com\/#website"},"primaryImageOfPage":{"@id":"https:\/\/www.cuencasmineras.com\/index.php\/2021\/03\/29\/iu-defiende-que-el-alcalde-de-mieres-impidiera-al-pp-explicar-un-voto-en-el-pleno\/#primaryimage"},"image":{"@id":"https:\/\/www.cuencasmineras.com\/index.php\/2021\/03\/29\/iu-defiende-que-el-alcalde-de-mieres-impidiera-al-pp-explicar-un-voto-en-el-pleno\/#primaryimage"},"thumbnailUrl":"https:\/\/www.cuencasmineras.com\/wp-content\/uploads\/2021\/03\/anibal-vazquez-ke0H-U80636600734AtB-1248x770@El-Comercio.jpg","datePublished":"2021-03-29T14:19:39+00:00","author":{"@id":"https:\/\/www.cuencasmineras.com\/#\/schema\/person\/be0691310e8496ec555f679dd688420c"},"description":"La coalici\u00f3n sostiene que los populares \u201chan reducido su labor de oposici\u00f3n a la bronca\u201d","breadcrumb":{"@id":"https:\/\/www.cuencasmineras.com\/index.php\/2021\/03\/29\/iu-defiende-que-el-alcalde-de-mieres-impidiera-al-pp-explicar-un-voto-en-el-pleno\/#breadcrumb"},"inLanguage":"es","potentialAction":[{"@type":"ReadAction","target":["https:\/\/www.cuencasmineras.com\/index.php\/2021\/03\/29\/iu-defiende-que-el-alcalde-de-mieres-impidiera-al-pp-explicar-un-voto-en-el-pleno\/"]}]},{"@type":"ImageObject","inLanguage":"es","@id":"https:\/\/www.cuencasmineras.com\/index.php\/2021\/03\/29\/iu-defiende-que-el-alcalde-de-mieres-impidiera-al-pp-explicar-un-voto-en-el-pleno\/#primaryimage","url":"https:\/\/www.cuencasmineras.com\/wp-content\/uploads\/2021\/03\/anibal-vazquez-ke0H-U80636600734AtB-1248x770@El-Comercio.jpg","contentUrl":"https:\/\/www.cuencasmineras.com\/wp-content\/uploads\/2021\/03\/anibal-vazquez-ke0H-U80636600734AtB-1248x770@El-Comercio.jpg","width":1248,"height":770},{"@type":"BreadcrumbList","@id":"https:\/\/www.cuencasmineras.com\/index.php\/2021\/03\/29\/iu-defiende-que-el-alcalde-de-mieres-impidiera-al-pp-explicar-un-voto-en-el-pleno\/#breadcrumb","itemListElement":[{"@type":"ListItem","position":1,"name":"Portada","item":"https:\/\/www.cuencasmineras.com\/"},{"@type":"ListItem","position":2,"name":"IU defiende que el alcalde de Mieres impidiera al PP explicar un voto en el Pleno"}]},{"@type":"WebSite","@id":"https:\/\/www.cuencasmineras.com\/#website","url":"https:\/\/www.cuencasmineras.com\/","name":"","description":"","potentialAction":[{"@type":"SearchAction","target":{"@type":"EntryPoint","urlTemplate":"https:\/\/www.cuencasmineras.com\/?s={search_term_string}"},"query-input":{"@type":"PropertyValueSpecification","valueRequired":true,"valueName":"search_term_string"}}],"inLanguage":"es"},{"@type":"Person","@id":"https:\/\/www.cuencasmineras.com\/#\/schema\/person\/be0691310e8496ec555f679dd688420c","name":"admin","image":{"@type":"ImageObject","inLanguage":"es","@id":"https:\/\/secure.gravatar.com\/avatar\/4afd2eed3b2fbbf36dd6707b5bd8a5b50ac648f033e36fbf85aeace2f0f859db?s=96&d=mm&r=g","url":"https:\/\/secure.gravatar.com\/avatar\/4afd2eed3b2fbbf36dd6707b5bd8a5b50ac648f033e36fbf85aeace2f0f859db?s=96&d=mm&r=g","contentUrl":"https:\/\/secure.gravatar.com\/avatar\/4afd2eed3b2fbbf36dd6707b5bd8a5b50ac648f033e36fbf85aeace2f0f859db?s=96&d=mm&r=g","caption":"admin"},"sameAs":["https:\/\/www.cuencasmineras.com"],"url":"https:\/\/www.cuencasmineras.com\/index.php\/author\/admin\/"}]}},"_links":{"self":[{"href":"https:\/\/www.cuencasmineras.com\/index.php\/wp-json\/wp\/v2\/posts\/2258","targetHints":{"allow":["GET"]}}],"collection":[{"href":"https:\/\/www.cuencasmineras.com\/index.php\/wp-json\/wp\/v2\/posts"}],"about":[{"href":"https:\/\/www.cuencasmineras.com\/index.php\/wp-json\/wp\/v2\/types\/post"}],"author":[{"embeddable":true,"href":"https:\/\/www.cuencasmineras.com\/index.php\/wp-json\/wp\/v2\/users\/1"}],"replies":[{"embeddable":true,"href":"https:\/\/www.cuencasmineras.com\/index.php\/wp-json\/wp\/v2\/comments?post=2258"}],"version-history":[{"count":1,"href":"https:\/\/www.cuencasmineras.com\/index.php\/wp-json\/wp\/v2\/posts\/2258\/revisions"}],"predecessor-version":[{"id":2260,"href":"https:\/\/www.cuencasmineras.com\/index.php\/wp-json\/wp\/v2\/posts\/2258\/revisions\/2260"}],"wp:featuredmedia":[{"embeddable":true,"href":"https:\/\/www.cuencasmineras.com\/index.php\/wp-json\/wp\/v2\/media\/2259"}],"wp:attachment":[{"href":"https:\/\/www.cuencasmineras.com\/index.php\/wp-json\/wp\/v2\/media?parent=2258"}],"wp:term":[{"taxonomy":"category","embeddable":true,"href":"https:\/\/www.cuencasmineras.com\/index.php\/wp-json\/wp\/v2\/categories?post=2258"},{"taxonomy":"post_tag","embeddable":true,"href":"https:\/\/www.cuencasmineras.com\/index.php\/wp-json\/wp\/v2\/tags?post=2258"}],"curies":[{"name":"wp","href":"https:\/\/api.w.org\/{rel}","templated":true}]}}