{"id":2261,"date":"2021-03-29T22:00:43","date_gmt":"2021-03-29T22:00:43","guid":{"rendered":"https:\/\/www.cuencasmineras.com\/?p=2261"},"modified":"2021-03-29T22:00:43","modified_gmt":"2021-03-29T22:00:43","slug":"la-peatonalizacion-del-centro-de-mieres-provoca-division-en-los-comerciantes","status":"publish","type":"post","link":"https:\/\/www.cuencasmineras.com\/index.php\/2021\/03\/29\/la-peatonalizacion-del-centro-de-mieres-provoca-division-en-los-comerciantes\/","title":{"rendered":"La peatonalizaci\u00f3n del centro de Mieres provoca divisi\u00f3n en los comerciantes"},"content":{"rendered":"<p style=\"text-align: justify;\">El plan est\u00e1 definido por parte del Ayuntamiento de Mieres: quiere peatonalizar dos de las principales arterias del centro urbano, las calles aleda\u00f1as a la plaza de abastos, Escuela de Capataces y Doce de Octubre. De hecho, estas v\u00edas ya se encuentran cortadas al tr\u00e1fico a la espera de que haya un proyecto para re urbanizarlas. La idea es dar m\u00e1s espacio a los peatones y que haya un carril central para el paso extraordinario de veh\u00edculos (labores de carga y descarga y para los aparcamientos). Habr\u00e1 m\u00e1s mobiliario urbano para los vecinos -como bancos- y nuevo arbolado. Pero esta iniciativa genera discrepancias en un sector, el comercial, que se muestra dividido sobre las ventajas o perjuicios que puede generar este cambio tan sustancial.<\/p>\n<p><img loading=\"lazy\" decoding=\"async\" class=\"aligncenter size-full wp-image-2262\" src=\"https:\/\/www.cuencasmineras.com\/wp-content\/uploads\/2021\/03\/63267362-624x415-1.jpg\" alt=\"\" width=\"624\" height=\"415\" srcset=\"https:\/\/www.cuencasmineras.com\/wp-content\/uploads\/2021\/03\/63267362-624x415-1.jpg 624w, https:\/\/www.cuencasmineras.com\/wp-content\/uploads\/2021\/03\/63267362-624x415-1-300x200.jpg 300w, https:\/\/www.cuencasmineras.com\/wp-content\/uploads\/2021\/03\/63267362-624x415-1-272x182.jpg 272w\" sizes=\"auto, (max-width: 624px) 100vw, 624px\" \/><\/p>\n<p style=\"text-align: justify;\">Quienes est\u00e1n a favor, que son muchos, aseguran que se crear\u00e1 una zona de paso que puede dar lugar a un incremento de clientela. Son tiendas de ropa y zapater\u00edas y, sobre todo, establecimientos hosteleros que ya han visto crecer sus terrazas en la actual \u00e9poca de la covid.<\/p>\n<p style=\"text-align: justify;\">Pero no siempre llueve al gusto de todos. Hay comercios que se muestran totalmente en contra y critican que esta medida les ha venido impuesta por parte del Ayuntamiento. \u00abNos vinieron a consultar, pero ya dec\u00edan que la decisi\u00f3n estaba tomada. Entonces, \u00bfde qu\u00e9 sirve que nos vengan a preguntar?\u00bb, se\u00f1ala Javier Madrigal, que tiene un establecimiento de ropa y de material de cama, como colchones y somieres. \u00abEl cierre al tr\u00e1fico de estas calles ya nos ha generado una merma en las ventas, nadie acude a comprar un colch\u00f3n porque no puede cargarlo en su coche\u00bb. Los comerciantes que est\u00e1n en contra del proyecto ya han mantenido una reuni\u00f3n para abordar este asunto.<\/p>\n<p style=\"text-align: justify;\">Jos\u00e9 Luis Campos, con una zapater\u00eda en la calles Escuela de Capataces desde hace veintis\u00e9is a\u00f1os, tiene, en cambio, una postura diferente. \u00abBienvenido sea el cambio. En Mieres no hay distancias y se han creado aparcamientos disuasorios muy cerca del centro, como el de O\u00f1\u00f3n, a dos minutos caminando\u00bb, argumenta.<\/p>\n<p style=\"text-align: justify;\">Son las mismas razones que ofrece Blanca L\u00f3pez de Llar, de una tienda de productos asturianos. \u00abTodav\u00eda pasan muchos coches\u00bb. Mar\u00eda del Carmen Monllor, al frente de la cafeter\u00eda Jaspe, comparte la necesidad de modificar estas calles: \u00abSe encuentran en muy mal estado\u00bb, sostiene. La semana pasada el alcalde, An\u00edbal V\u00e1zquez, anunciaba \u00abuna transformaci\u00f3n urbana\u00bb en el centro de la poblaci\u00f3n. Apuntaba que ya se est\u00e1 trabajando en la elaboraci\u00f3n de un proyecto con el que se puedan lograr fondos europeos. El regidor promete hacer \u00abtodo el trabajo\u00bb necesario para \u00abdibujar la nueva ciudad\u00bb. Dar\u00eda comienzo con la peatonalizaci\u00f3n de las calles indicadas, pero el proyecto abordar\u00eda m\u00e1s actuaciones.<\/p>\n<p>&nbsp;<\/p>\n","protected":false},"excerpt":{"rendered":"<p>El plan est\u00e1 definido por parte del Ayuntamiento de Mieres: quiere peatonalizar dos de las principales arterias del centro urbano, las calles aleda\u00f1as a la plaza de abastos, Escuela de Capataces y Doce de Octubre. De hecho, estas v\u00edas ya se encuentran cortadas al tr\u00e1fico a la espera de que haya un proyecto para re [&hellip;]<\/p>\n","protected":false},"author":1,"featured_media":2262,"comment_status":"open","ping_status":"open","sticky":false,"template":"","format":"standard","meta":{"footnotes":""},"categories":[7,6],"tags":[],"class_list":["post-2261","post","type-post","status-publish","format-standard","has-post-thumbnail","hentry","category-caudal","category-noticias"],"yoast_head":"<!-- This site is optimized with the Yoast SEO plugin v27.4 - https:\/\/yoast.com\/product\/yoast-seo-wordpress\/ -->\n<title>La peatonalizaci\u00f3n del centro de Mieres provoca divisi\u00f3n en los comerciantes - cm news<\/title>\n<meta name=\"description\" content=\"Hay establecimientos que notan una bajada de las ventas, mientras que otros aplauden la medida \u00abal haber aparcamientos a dos minutos a pie\u00bb\" \/>\n<meta name=\"robots\" content=\"index, follow, max-snippet:-1, max-image-preview:large, max-video-preview:-1\" \/>\n<link rel=\"canonical\" href=\"https:\/\/www.cuencasmineras.com\/index.php\/2021\/03\/29\/la-peatonalizacion-del-centro-de-mieres-provoca-division-en-los-comerciantes\/\" \/>\n<meta property=\"og:locale\" content=\"es_ES\" \/>\n<meta property=\"og:type\" content=\"article\" \/>\n<meta property=\"og:title\" content=\"La peatonalizaci\u00f3n del centro de Mieres provoca divisi\u00f3n en los comerciantes - cm news\" \/>\n<meta property=\"og:description\" content=\"Hay establecimientos que notan una bajada de las ventas, mientras que otros aplauden la medida \u00abal haber aparcamientos a dos minutos a pie\u00bb\" \/>\n<meta property=\"og:url\" content=\"https:\/\/www.cuencasmineras.com\/index.php\/2021\/03\/29\/la-peatonalizacion-del-centro-de-mieres-provoca-division-en-los-comerciantes\/\" \/>\n<meta property=\"article:published_time\" content=\"2021-03-29T22:00:43+00:00\" \/>\n<meta property=\"og:image\" content=\"https:\/\/www.cuencasmineras.com\/wp-content\/uploads\/2021\/03\/63267362-624x415-1.jpg\" \/>\n\t<meta property=\"og:image:width\" content=\"624\" \/>\n\t<meta property=\"og:image:height\" content=\"415\" \/>\n\t<meta property=\"og:image:type\" content=\"image\/jpeg\" \/>\n<meta name=\"author\" content=\"admin\" \/>\n<meta name=\"twitter:card\" content=\"summary_large_image\" \/>\n<meta name=\"twitter:label1\" content=\"Escrito por\" \/>\n\t<meta name=\"twitter:data1\" content=\"admin\" \/>\n\t<meta name=\"twitter:label2\" content=\"Tiempo de lectura\" \/>\n\t<meta name=\"twitter:data2\" content=\"3 minutos\" \/>\n<script type=\"application\/ld+json\" class=\"yoast-schema-graph\">{\"@context\":\"https:\\\/\\\/schema.org\",\"@graph\":[{\"@type\":\"Article\",\"@id\":\"https:\\\/\\\/www.cuencasmineras.com\\\/index.php\\\/2021\\\/03\\\/29\\\/la-peatonalizacion-del-centro-de-mieres-provoca-division-en-los-comerciantes\\\/#article\",\"isPartOf\":{\"@id\":\"https:\\\/\\\/www.cuencasmineras.com\\\/index.php\\\/2021\\\/03\\\/29\\\/la-peatonalizacion-del-centro-de-mieres-provoca-division-en-los-comerciantes\\\/\"},\"author\":{\"name\":\"admin\",\"@id\":\"https:\\\/\\\/www.cuencasmineras.com\\\/#\\\/schema\\\/person\\\/be0691310e8496ec555f679dd688420c\"},\"headline\":\"La peatonalizaci\u00f3n del centro de Mieres provoca divisi\u00f3n en los comerciantes\",\"datePublished\":\"2021-03-29T22:00:43+00:00\",\"mainEntityOfPage\":{\"@id\":\"https:\\\/\\\/www.cuencasmineras.com\\\/index.php\\\/2021\\\/03\\\/29\\\/la-peatonalizacion-del-centro-de-mieres-provoca-division-en-los-comerciantes\\\/\"},\"wordCount\":492,\"commentCount\":0,\"image\":{\"@id\":\"https:\\\/\\\/www.cuencasmineras.com\\\/index.php\\\/2021\\\/03\\\/29\\\/la-peatonalizacion-del-centro-de-mieres-provoca-division-en-los-comerciantes\\\/#primaryimage\"},\"thumbnailUrl\":\"https:\\\/\\\/www.cuencasmineras.com\\\/wp-content\\\/uploads\\\/2021\\\/03\\\/63267362-624x415-1.jpg\",\"articleSection\":[\"Caudal\",\"CM NEWS\"],\"inLanguage\":\"es\",\"potentialAction\":[{\"@type\":\"CommentAction\",\"name\":\"Comment\",\"target\":[\"https:\\\/\\\/www.cuencasmineras.com\\\/index.php\\\/2021\\\/03\\\/29\\\/la-peatonalizacion-del-centro-de-mieres-provoca-division-en-los-comerciantes\\\/#respond\"]}]},{\"@type\":\"WebPage\",\"@id\":\"https:\\\/\\\/www.cuencasmineras.com\\\/index.php\\\/2021\\\/03\\\/29\\\/la-peatonalizacion-del-centro-de-mieres-provoca-division-en-los-comerciantes\\\/\",\"url\":\"https:\\\/\\\/www.cuencasmineras.com\\\/index.php\\\/2021\\\/03\\\/29\\\/la-peatonalizacion-del-centro-de-mieres-provoca-division-en-los-comerciantes\\\/\",\"name\":\"La peatonalizaci\u00f3n del centro de Mieres provoca divisi\u00f3n en los comerciantes - cm news\",\"isPartOf\":{\"@id\":\"https:\\\/\\\/www.cuencasmineras.com\\\/#website\"},\"primaryImageOfPage\":{\"@id\":\"https:\\\/\\\/www.cuencasmineras.com\\\/index.php\\\/2021\\\/03\\\/29\\\/la-peatonalizacion-del-centro-de-mieres-provoca-division-en-los-comerciantes\\\/#primaryimage\"},\"image\":{\"@id\":\"https:\\\/\\\/www.cuencasmineras.com\\\/index.php\\\/2021\\\/03\\\/29\\\/la-peatonalizacion-del-centro-de-mieres-provoca-division-en-los-comerciantes\\\/#primaryimage\"},\"thumbnailUrl\":\"https:\\\/\\\/www.cuencasmineras.com\\\/wp-content\\\/uploads\\\/2021\\\/03\\\/63267362-624x415-1.jpg\",\"datePublished\":\"2021-03-29T22:00:43+00:00\",\"author\":{\"@id\":\"https:\\\/\\\/www.cuencasmineras.com\\\/#\\\/schema\\\/person\\\/be0691310e8496ec555f679dd688420c\"},\"description\":\"Hay establecimientos que notan una bajada de las ventas, mientras que otros aplauden la medida \u00abal haber aparcamientos a dos minutos a pie\u00bb\",\"breadcrumb\":{\"@id\":\"https:\\\/\\\/www.cuencasmineras.com\\\/index.php\\\/2021\\\/03\\\/29\\\/la-peatonalizacion-del-centro-de-mieres-provoca-division-en-los-comerciantes\\\/#breadcrumb\"},\"inLanguage\":\"es\",\"potentialAction\":[{\"@type\":\"ReadAction\",\"target\":[\"https:\\\/\\\/www.cuencasmineras.com\\\/index.php\\\/2021\\\/03\\\/29\\\/la-peatonalizacion-del-centro-de-mieres-provoca-division-en-los-comerciantes\\\/\"]}]},{\"@type\":\"ImageObject\",\"inLanguage\":\"es\",\"@id\":\"https:\\\/\\\/www.cuencasmineras.com\\\/index.php\\\/2021\\\/03\\\/29\\\/la-peatonalizacion-del-centro-de-mieres-provoca-division-en-los-comerciantes\\\/#primaryimage\",\"url\":\"https:\\\/\\\/www.cuencasmineras.com\\\/wp-content\\\/uploads\\\/2021\\\/03\\\/63267362-624x415-1.jpg\",\"contentUrl\":\"https:\\\/\\\/www.cuencasmineras.com\\\/wp-content\\\/uploads\\\/2021\\\/03\\\/63267362-624x415-1.jpg\",\"width\":624,\"height\":415},{\"@type\":\"BreadcrumbList\",\"@id\":\"https:\\\/\\\/www.cuencasmineras.com\\\/index.php\\\/2021\\\/03\\\/29\\\/la-peatonalizacion-del-centro-de-mieres-provoca-division-en-los-comerciantes\\\/#breadcrumb\",\"itemListElement\":[{\"@type\":\"ListItem\",\"position\":1,\"name\":\"Portada\",\"item\":\"https:\\\/\\\/www.cuencasmineras.com\\\/\"},{\"@type\":\"ListItem\",\"position\":2,\"name\":\"La peatonalizaci\u00f3n del centro de Mieres provoca divisi\u00f3n en los comerciantes\"}]},{\"@type\":\"WebSite\",\"@id\":\"https:\\\/\\\/www.cuencasmineras.com\\\/#website\",\"url\":\"https:\\\/\\\/www.cuencasmineras.com\\\/\",\"name\":\"\",\"description\":\"\",\"potentialAction\":[{\"@type\":\"SearchAction\",\"target\":{\"@type\":\"EntryPoint\",\"urlTemplate\":\"https:\\\/\\\/www.cuencasmineras.com\\\/?s={search_term_string}\"},\"query-input\":{\"@type\":\"PropertyValueSpecification\",\"valueRequired\":true,\"valueName\":\"search_term_string\"}}],\"inLanguage\":\"es\"},{\"@type\":\"Person\",\"@id\":\"https:\\\/\\\/www.cuencasmineras.com\\\/#\\\/schema\\\/person\\\/be0691310e8496ec555f679dd688420c\",\"name\":\"admin\",\"image\":{\"@type\":\"ImageObject\",\"inLanguage\":\"es\",\"@id\":\"https:\\\/\\\/secure.gravatar.com\\\/avatar\\\/4afd2eed3b2fbbf36dd6707b5bd8a5b50ac648f033e36fbf85aeace2f0f859db?s=96&d=mm&r=g\",\"url\":\"https:\\\/\\\/secure.gravatar.com\\\/avatar\\\/4afd2eed3b2fbbf36dd6707b5bd8a5b50ac648f033e36fbf85aeace2f0f859db?s=96&d=mm&r=g\",\"contentUrl\":\"https:\\\/\\\/secure.gravatar.com\\\/avatar\\\/4afd2eed3b2fbbf36dd6707b5bd8a5b50ac648f033e36fbf85aeace2f0f859db?s=96&d=mm&r=g\",\"caption\":\"admin\"},\"sameAs\":[\"https:\\\/\\\/www.cuencasmineras.com\"],\"url\":\"https:\\\/\\\/www.cuencasmineras.com\\\/index.php\\\/author\\\/admin\\\/\"}]}<\/script>\n<!-- \/ Yoast SEO plugin. -->","yoast_head_json":{"title":"La peatonalizaci\u00f3n del centro de Mieres provoca divisi\u00f3n en los comerciantes - cm news","description":"Hay establecimientos que notan una bajada de las ventas, mientras que otros aplauden la medida \u00abal haber aparcamientos a dos minutos a pie\u00bb","robots":{"index":"index","follow":"follow","max-snippet":"max-snippet:-1","max-image-preview":"max-image-preview:large","max-video-preview":"max-video-preview:-1"},"canonical":"https:\/\/www.cuencasmineras.com\/index.php\/2021\/03\/29\/la-peatonalizacion-del-centro-de-mieres-provoca-division-en-los-comerciantes\/","og_locale":"es_ES","og_type":"article","og_title":"La peatonalizaci\u00f3n del centro de Mieres provoca divisi\u00f3n en los comerciantes - cm news","og_description":"Hay establecimientos que notan una bajada de las ventas, mientras que otros aplauden la medida \u00abal haber aparcamientos a dos minutos a pie\u00bb","og_url":"https:\/\/www.cuencasmineras.com\/index.php\/2021\/03\/29\/la-peatonalizacion-del-centro-de-mieres-provoca-division-en-los-comerciantes\/","article_published_time":"2021-03-29T22:00:43+00:00","og_image":[{"width":624,"height":415,"url":"https:\/\/www.cuencasmineras.com\/wp-content\/uploads\/2021\/03\/63267362-624x415-1.jpg","type":"image\/jpeg"}],"author":"admin","twitter_card":"summary_large_image","twitter_misc":{"Escrito por":"admin","Tiempo de lectura":"3 minutos"},"schema":{"@context":"https:\/\/schema.org","@graph":[{"@type":"Article","@id":"https:\/\/www.cuencasmineras.com\/index.php\/2021\/03\/29\/la-peatonalizacion-del-centro-de-mieres-provoca-division-en-los-comerciantes\/#article","isPartOf":{"@id":"https:\/\/www.cuencasmineras.com\/index.php\/2021\/03\/29\/la-peatonalizacion-del-centro-de-mieres-provoca-division-en-los-comerciantes\/"},"author":{"name":"admin","@id":"https:\/\/www.cuencasmineras.com\/#\/schema\/person\/be0691310e8496ec555f679dd688420c"},"headline":"La peatonalizaci\u00f3n del centro de Mieres provoca divisi\u00f3n en los comerciantes","datePublished":"2021-03-29T22:00:43+00:00","mainEntityOfPage":{"@id":"https:\/\/www.cuencasmineras.com\/index.php\/2021\/03\/29\/la-peatonalizacion-del-centro-de-mieres-provoca-division-en-los-comerciantes\/"},"wordCount":492,"commentCount":0,"image":{"@id":"https:\/\/www.cuencasmineras.com\/index.php\/2021\/03\/29\/la-peatonalizacion-del-centro-de-mieres-provoca-division-en-los-comerciantes\/#primaryimage"},"thumbnailUrl":"https:\/\/www.cuencasmineras.com\/wp-content\/uploads\/2021\/03\/63267362-624x415-1.jpg","articleSection":["Caudal","CM NEWS"],"inLanguage":"es","potentialAction":[{"@type":"CommentAction","name":"Comment","target":["https:\/\/www.cuencasmineras.com\/index.php\/2021\/03\/29\/la-peatonalizacion-del-centro-de-mieres-provoca-division-en-los-comerciantes\/#respond"]}]},{"@type":"WebPage","@id":"https:\/\/www.cuencasmineras.com\/index.php\/2021\/03\/29\/la-peatonalizacion-del-centro-de-mieres-provoca-division-en-los-comerciantes\/","url":"https:\/\/www.cuencasmineras.com\/index.php\/2021\/03\/29\/la-peatonalizacion-del-centro-de-mieres-provoca-division-en-los-comerciantes\/","name":"La peatonalizaci\u00f3n del centro de Mieres provoca divisi\u00f3n en los comerciantes - cm news","isPartOf":{"@id":"https:\/\/www.cuencasmineras.com\/#website"},"primaryImageOfPage":{"@id":"https:\/\/www.cuencasmineras.com\/index.php\/2021\/03\/29\/la-peatonalizacion-del-centro-de-mieres-provoca-division-en-los-comerciantes\/#primaryimage"},"image":{"@id":"https:\/\/www.cuencasmineras.com\/index.php\/2021\/03\/29\/la-peatonalizacion-del-centro-de-mieres-provoca-division-en-los-comerciantes\/#primaryimage"},"thumbnailUrl":"https:\/\/www.cuencasmineras.com\/wp-content\/uploads\/2021\/03\/63267362-624x415-1.jpg","datePublished":"2021-03-29T22:00:43+00:00","author":{"@id":"https:\/\/www.cuencasmineras.com\/#\/schema\/person\/be0691310e8496ec555f679dd688420c"},"description":"Hay establecimientos que notan una bajada de las ventas, mientras que otros aplauden la medida \u00abal haber aparcamientos a dos minutos a pie\u00bb","breadcrumb":{"@id":"https:\/\/www.cuencasmineras.com\/index.php\/2021\/03\/29\/la-peatonalizacion-del-centro-de-mieres-provoca-division-en-los-comerciantes\/#breadcrumb"},"inLanguage":"es","potentialAction":[{"@type":"ReadAction","target":["https:\/\/www.cuencasmineras.com\/index.php\/2021\/03\/29\/la-peatonalizacion-del-centro-de-mieres-provoca-division-en-los-comerciantes\/"]}]},{"@type":"ImageObject","inLanguage":"es","@id":"https:\/\/www.cuencasmineras.com\/index.php\/2021\/03\/29\/la-peatonalizacion-del-centro-de-mieres-provoca-division-en-los-comerciantes\/#primaryimage","url":"https:\/\/www.cuencasmineras.com\/wp-content\/uploads\/2021\/03\/63267362-624x415-1.jpg","contentUrl":"https:\/\/www.cuencasmineras.com\/wp-content\/uploads\/2021\/03\/63267362-624x415-1.jpg","width":624,"height":415},{"@type":"BreadcrumbList","@id":"https:\/\/www.cuencasmineras.com\/index.php\/2021\/03\/29\/la-peatonalizacion-del-centro-de-mieres-provoca-division-en-los-comerciantes\/#breadcrumb","itemListElement":[{"@type":"ListItem","position":1,"name":"Portada","item":"https:\/\/www.cuencasmineras.com\/"},{"@type":"ListItem","position":2,"name":"La peatonalizaci\u00f3n del centro de Mieres provoca divisi\u00f3n en los comerciantes"}]},{"@type":"WebSite","@id":"https:\/\/www.cuencasmineras.com\/#website","url":"https:\/\/www.cuencasmineras.com\/","name":"","description":"","potentialAction":[{"@type":"SearchAction","target":{"@type":"EntryPoint","urlTemplate":"https:\/\/www.cuencasmineras.com\/?s={search_term_string}"},"query-input":{"@type":"PropertyValueSpecification","valueRequired":true,"valueName":"search_term_string"}}],"inLanguage":"es"},{"@type":"Person","@id":"https:\/\/www.cuencasmineras.com\/#\/schema\/person\/be0691310e8496ec555f679dd688420c","name":"admin","image":{"@type":"ImageObject","inLanguage":"es","@id":"https:\/\/secure.gravatar.com\/avatar\/4afd2eed3b2fbbf36dd6707b5bd8a5b50ac648f033e36fbf85aeace2f0f859db?s=96&d=mm&r=g","url":"https:\/\/secure.gravatar.com\/avatar\/4afd2eed3b2fbbf36dd6707b5bd8a5b50ac648f033e36fbf85aeace2f0f859db?s=96&d=mm&r=g","contentUrl":"https:\/\/secure.gravatar.com\/avatar\/4afd2eed3b2fbbf36dd6707b5bd8a5b50ac648f033e36fbf85aeace2f0f859db?s=96&d=mm&r=g","caption":"admin"},"sameAs":["https:\/\/www.cuencasmineras.com"],"url":"https:\/\/www.cuencasmineras.com\/index.php\/author\/admin\/"}]}},"_links":{"self":[{"href":"https:\/\/www.cuencasmineras.com\/index.php\/wp-json\/wp\/v2\/posts\/2261","targetHints":{"allow":["GET"]}}],"collection":[{"href":"https:\/\/www.cuencasmineras.com\/index.php\/wp-json\/wp\/v2\/posts"}],"about":[{"href":"https:\/\/www.cuencasmineras.com\/index.php\/wp-json\/wp\/v2\/types\/post"}],"author":[{"embeddable":true,"href":"https:\/\/www.cuencasmineras.com\/index.php\/wp-json\/wp\/v2\/users\/1"}],"replies":[{"embeddable":true,"href":"https:\/\/www.cuencasmineras.com\/index.php\/wp-json\/wp\/v2\/comments?post=2261"}],"version-history":[{"count":1,"href":"https:\/\/www.cuencasmineras.com\/index.php\/wp-json\/wp\/v2\/posts\/2261\/revisions"}],"predecessor-version":[{"id":2263,"href":"https:\/\/www.cuencasmineras.com\/index.php\/wp-json\/wp\/v2\/posts\/2261\/revisions\/2263"}],"wp:featuredmedia":[{"embeddable":true,"href":"https:\/\/www.cuencasmineras.com\/index.php\/wp-json\/wp\/v2\/media\/2262"}],"wp:attachment":[{"href":"https:\/\/www.cuencasmineras.com\/index.php\/wp-json\/wp\/v2\/media?parent=2261"}],"wp:term":[{"taxonomy":"category","embeddable":true,"href":"https:\/\/www.cuencasmineras.com\/index.php\/wp-json\/wp\/v2\/categories?post=2261"},{"taxonomy":"post_tag","embeddable":true,"href":"https:\/\/www.cuencasmineras.com\/index.php\/wp-json\/wp\/v2\/tags?post=2261"}],"curies":[{"name":"wp","href":"https:\/\/api.w.org\/{rel}","templated":true}]}}