{"id":2264,"date":"2021-03-30T11:42:17","date_gmt":"2021-03-30T11:42:17","guid":{"rendered":"https:\/\/www.cuencasmineras.com\/?p=2264"},"modified":"2021-03-30T11:42:17","modified_gmt":"2021-03-30T11:42:17","slug":"los-empresarios-reclaman-ampliar-al-menos-dos-semanas-la-temporada-de-esqui","status":"publish","type":"post","link":"https:\/\/www.cuencasmineras.com\/index.php\/2021\/03\/30\/los-empresarios-reclaman-ampliar-al-menos-dos-semanas-la-temporada-de-esqui\/","title":{"rendered":"Los empresarios reclaman ampliar al menos dos semanas la temporada de esqu\u00ed"},"content":{"rendered":"<p style=\"text-align: justify;\">Los hosteleros y empresarios del sector tur\u00edstico en Aller y Lena pretenden que el Principado ampl\u00ede la temporada de esqu\u00ed en Fuentes de Invierno y Valgrande-Pajares dos semanas m\u00e1s respecto a la previsi\u00f3n inicial, y siempre que haya nieve. De momento, el clausura de la temporada est\u00e1 prevista para el pr\u00f3ximo domingo, 4 de abril, aunque las estaciones leonesas tardar\u00e1n un poco m\u00e1s en hacerlo. San Isidro seguir\u00e1 abierta hasta el 11 de abril.<\/p>\n<p><img loading=\"lazy\" decoding=\"async\" class=\"aligncenter size-large wp-image-2265\" src=\"https:\/\/www.cuencasmineras.com\/wp-content\/uploads\/2021\/03\/57d23db5-7241-451a-9e62-a389058ab928_16-9-discover-aspect-ratio_default_0-1024x576.jpg\" alt=\"\" width=\"640\" height=\"360\" srcset=\"https:\/\/www.cuencasmineras.com\/wp-content\/uploads\/2021\/03\/57d23db5-7241-451a-9e62-a389058ab928_16-9-discover-aspect-ratio_default_0-1024x576.jpg 1024w, https:\/\/www.cuencasmineras.com\/wp-content\/uploads\/2021\/03\/57d23db5-7241-451a-9e62-a389058ab928_16-9-discover-aspect-ratio_default_0-300x169.jpg 300w, https:\/\/www.cuencasmineras.com\/wp-content\/uploads\/2021\/03\/57d23db5-7241-451a-9e62-a389058ab928_16-9-discover-aspect-ratio_default_0-768x432.jpg 768w, https:\/\/www.cuencasmineras.com\/wp-content\/uploads\/2021\/03\/57d23db5-7241-451a-9e62-a389058ab928_16-9-discover-aspect-ratio_default_0.jpg 1200w\" sizes=\"auto, (max-width: 640px) 100vw, 640px\" \/><\/p>\n<p style=\"text-align: justify;\">Los empresarios argumentan que \u00e9sta siendo una temporada at\u00edpica y corta, m\u00e1s todav\u00eda en el caso de Fuentes de Invierno. Y que dadas las limitaciones de aforo en los complejos invernales, los usuarios tambi\u00e9n est\u00e1n haciendo uso de las estaciones durante los d\u00edas laborales, reparti\u00e9ndose a lo largo de la semana. Armando Vald\u00e9s, presidente de la asociaci\u00f3n tur\u00edstica Aller Experiencias, aseguraba ayer que la intenci\u00f3n es \u201cexprimir la temporada todo lo posible, una o dos semanas, porque est\u00e1 habiendo una respuesta muy positiva por parte de los usuarios\u201d. De hecho, la asociaci\u00f3n ya solicit\u00f3 hace mes y medio al Ayuntamiento de Aller apoyo para reclamar la ampliaci\u00f3n de la temporada, obteniendo el respaldo municipal. Sin embargo, a quien tienen que convencer es a la consejer\u00eda de Cultura, Pol\u00edtica Ling\u00fc\u00edstica y Turismo, responsable de los complejos, que no suele estar por la labor de ampliar la temporada. Al menos as\u00ed ha ocurrido en algunas ocasiones anteriores cuando se ha hecho la misma demanda. Y de hecho, meses atr\u00e1s, la propia Consejera hab\u00eda se\u00f1alado que, de momento no pretend\u00edan ampliar la temporada, aunque tampoco lo descartaba una vez llegada la fecha de cierre.<\/p>\n<p style=\"text-align: justify;\">Pero la situaci\u00f3n no tiene nada que ver con otros a\u00f1os. La crisis sanitaria del coronavirus impact\u00f3 de lleno en la gesti\u00f3n de las estaciones de esqu\u00ed, cuya apertura fue retrasada hasta que el Principado consider\u00f3 que se daban las condiciones de seguridad. Esta situaci\u00f3n no se dio hasta el pasado d\u00eda 4 de diciembre, cuando Valgrande-Pajares consigui\u00f3 abrir sus puertas, eso s\u00ed, con una limitaci\u00f3n de aforo que se incluy\u00f3 entre las restricciones de las estaciones por la crisis sanitaria del coronavirus. Fuentes de Invierno tuvo que esperar un poco m\u00e1s. El alud mortal que cay\u00f3 en el puerto de San Isidro, que acab\u00f3 con la vida de dos operarios del Principado, oblig\u00f3 a mantener cortada la carretera durante un buen n\u00famero de d\u00edas y el complejo no consigui\u00f3 abrir hasta principios de febrero.<\/p>\n<p style=\"text-align: justify;\">Pero hubo un problema m\u00e1s. Los cierres perimetrales de Aller y Lena, que solo permitieron acceder a las estaciones a los vecinos de sus concejos y a los deportistas federados, imposibilitando as\u00ed que el resto de aficionados asturianos pudiesen acudir a esquiar hasta que se levantaron las restricciones. Eso s\u00ed, cuando se pudo, los esquiadores, como apuntaba Armando Vald\u00e9s, \u201crespondieron\u201d. A consecuencia de esto, \u201clos negocios tambi\u00e9n est\u00e1n notando una gran afluencia de personas durante toda la semana, ya que tambi\u00e9n vienen muchos aficionados de lunes a viernes, con un volumen mayor al de una temporada normal\u201d. Y todo eso ir\u00e1 al traste si las estaciones cierran el pr\u00f3ximo domingo \u201cporque son negocios vinculados a ese turismo, y ni siquiera se pueden aprovechar de que San Isidro siga abierta, porque est\u00e1 el cierre perimetral de la regi\u00f3n\u201d, que imposibilita acceder a la vecina provincia de Le\u00f3n.<\/p>\n<p style=\"text-align: justify;\">El hostelero Fernando Cordero piensa igual que Vald\u00e9s. \u201cEst\u00e1 siendo una temporada muy corta por diversos motivos, y ahora la gente no puede hacer muchas m\u00e1s cosas\u201d, destaca, se\u00f1alando que \u201cigual la ampliaci\u00f3n de la temporada no tiene sentido otros a\u00f1os, pero en este caso nos iba a venir muy bien\u201d. Tambi\u00e9n considera positivo un aumento de la temporada el presidente de la Asturcentral, Luis N\u00fa\u00f1ez, que agrupa a establecimientos tur\u00edsticos tanto de Lena como de Aller, asegurando que \u201csi pueden seguir abiertas las estaciones, ser\u00eda fant\u00e1stico\u201d. Eso s\u00ed, asegura que \u201cno resuelve la situaci\u00f3n que est\u00e1n viviendo los establecimientos hosteleros que permanecen cerrados. De esta forma, N\u00fa\u00f1ez reclama \u201cque se paguen ya las ayudas comprometidas antes del ejercicio fiscal del primer trimestre\u201d. Tambi\u00e9n denunci\u00f3 lo que considera \u201camenazas\u201d por parte de la administraci\u00f3n, con el anuncio de que iba a haber inspecciones, tanto de inspectores del Principado como de las fuerzas de seguridad del Estado, para comprobar que los establecimientos hoteleros no reciban a clientes estos d\u00edas.<\/p>\n<p style=\"text-align: justify;\">En cuanto a las estaciones, de momento sigue habiendo nieve, lo que ayuda en la pretensi\u00f3n de los hosteleros para mantener abierta la temporada unos d\u00edas m\u00e1s. No es la nieve de invierno, \u201cpero sigue siendo apta para poder esquiar\u201d. De hecho, Fuentes de Invierno cuenta con suficiente nieve en la parte media y alta de la estaci\u00f3n, aunque el verde se deja ver en la parte baja. A\u00fan as\u00ed, la previsi\u00f3n para hoy es la apertura de todos sus remontes con 7,53 kil\u00f3metros esquiables en trece de sus quince pistas. Los espesores van de 10 a 155 cent\u00edmetros. En Valgrande-Pajares tambi\u00e9n se mantiene la nieve, aunque en menor medida. La previsi\u00f3n para hoy son 4,97 kil\u00f3metros esquiables en siete de sus 39 pistas. Los espesores van entre veinte y cincuenta cent\u00edmetros.<\/p>\n<p>&nbsp;<\/p>\n<p>Fuente: lne<\/p>\n","protected":false},"excerpt":{"rendered":"<p>Los hosteleros y empresarios del sector tur\u00edstico en Aller y Lena pretenden que el Principado ampl\u00ede la temporada de esqu\u00ed en Fuentes de Invierno y Valgrande-Pajares dos semanas m\u00e1s respecto a la previsi\u00f3n inicial, y siempre que haya nieve. De momento, el clausura de la temporada est\u00e1 prevista para el pr\u00f3ximo domingo, 4 de abril, [&hellip;]<\/p>\n","protected":false},"author":1,"featured_media":2265,"comment_status":"open","ping_status":"open","sticky":false,"template":"","format":"standard","meta":{"footnotes":""},"categories":[7,6],"tags":[],"class_list":["post-2264","post","type-post","status-publish","format-standard","has-post-thumbnail","hentry","category-caudal","category-noticias"],"yoast_head":"<!-- This site is optimized with the Yoast SEO plugin v27.4 - https:\/\/yoast.com\/product\/yoast-seo-wordpress\/ -->\n<title>Los empresarios reclaman ampliar al menos dos semanas la temporada de esqu\u00ed - cm news<\/title>\n<meta name=\"description\" content=\"El sector tur\u00edstico afirma que hay nieve suficiente para alargar la campa\u00f1a, marcada por las restricciones de aforo y movilidad de la pandemia\" \/>\n<meta name=\"robots\" content=\"index, follow, max-snippet:-1, max-image-preview:large, max-video-preview:-1\" \/>\n<link rel=\"canonical\" href=\"https:\/\/www.cuencasmineras.com\/index.php\/2021\/03\/30\/los-empresarios-reclaman-ampliar-al-menos-dos-semanas-la-temporada-de-esqui\/\" \/>\n<meta property=\"og:locale\" content=\"es_ES\" \/>\n<meta property=\"og:type\" content=\"article\" \/>\n<meta property=\"og:title\" content=\"Los empresarios reclaman ampliar al menos dos semanas la temporada de esqu\u00ed - cm news\" \/>\n<meta property=\"og:description\" content=\"El sector tur\u00edstico afirma que hay nieve suficiente para alargar la campa\u00f1a, marcada por las restricciones de aforo y movilidad de la pandemia\" \/>\n<meta property=\"og:url\" content=\"https:\/\/www.cuencasmineras.com\/index.php\/2021\/03\/30\/los-empresarios-reclaman-ampliar-al-menos-dos-semanas-la-temporada-de-esqui\/\" \/>\n<meta property=\"article:published_time\" content=\"2021-03-30T11:42:17+00:00\" \/>\n<meta property=\"og:image\" content=\"https:\/\/www.cuencasmineras.com\/wp-content\/uploads\/2021\/03\/57d23db5-7241-451a-9e62-a389058ab928_16-9-discover-aspect-ratio_default_0.jpg\" \/>\n\t<meta property=\"og:image:width\" content=\"1200\" \/>\n\t<meta property=\"og:image:height\" content=\"675\" \/>\n\t<meta property=\"og:image:type\" content=\"image\/jpeg\" \/>\n<meta name=\"author\" content=\"admin\" \/>\n<meta name=\"twitter:card\" content=\"summary_large_image\" \/>\n<meta name=\"twitter:label1\" content=\"Escrito por\" \/>\n\t<meta name=\"twitter:data1\" content=\"admin\" \/>\n\t<meta name=\"twitter:label2\" content=\"Tiempo de lectura\" \/>\n\t<meta name=\"twitter:data2\" content=\"4 minutos\" \/>\n<script type=\"application\/ld+json\" class=\"yoast-schema-graph\">{\"@context\":\"https:\\\/\\\/schema.org\",\"@graph\":[{\"@type\":\"Article\",\"@id\":\"https:\\\/\\\/www.cuencasmineras.com\\\/index.php\\\/2021\\\/03\\\/30\\\/los-empresarios-reclaman-ampliar-al-menos-dos-semanas-la-temporada-de-esqui\\\/#article\",\"isPartOf\":{\"@id\":\"https:\\\/\\\/www.cuencasmineras.com\\\/index.php\\\/2021\\\/03\\\/30\\\/los-empresarios-reclaman-ampliar-al-menos-dos-semanas-la-temporada-de-esqui\\\/\"},\"author\":{\"name\":\"admin\",\"@id\":\"https:\\\/\\\/www.cuencasmineras.com\\\/#\\\/schema\\\/person\\\/be0691310e8496ec555f679dd688420c\"},\"headline\":\"Los empresarios reclaman ampliar al menos dos semanas la temporada de esqu\u00ed\",\"datePublished\":\"2021-03-30T11:42:17+00:00\",\"mainEntityOfPage\":{\"@id\":\"https:\\\/\\\/www.cuencasmineras.com\\\/index.php\\\/2021\\\/03\\\/30\\\/los-empresarios-reclaman-ampliar-al-menos-dos-semanas-la-temporada-de-esqui\\\/\"},\"wordCount\":925,\"commentCount\":0,\"image\":{\"@id\":\"https:\\\/\\\/www.cuencasmineras.com\\\/index.php\\\/2021\\\/03\\\/30\\\/los-empresarios-reclaman-ampliar-al-menos-dos-semanas-la-temporada-de-esqui\\\/#primaryimage\"},\"thumbnailUrl\":\"https:\\\/\\\/www.cuencasmineras.com\\\/wp-content\\\/uploads\\\/2021\\\/03\\\/57d23db5-7241-451a-9e62-a389058ab928_16-9-discover-aspect-ratio_default_0.jpg\",\"articleSection\":[\"Caudal\",\"CM NEWS\"],\"inLanguage\":\"es\",\"potentialAction\":[{\"@type\":\"CommentAction\",\"name\":\"Comment\",\"target\":[\"https:\\\/\\\/www.cuencasmineras.com\\\/index.php\\\/2021\\\/03\\\/30\\\/los-empresarios-reclaman-ampliar-al-menos-dos-semanas-la-temporada-de-esqui\\\/#respond\"]}]},{\"@type\":\"WebPage\",\"@id\":\"https:\\\/\\\/www.cuencasmineras.com\\\/index.php\\\/2021\\\/03\\\/30\\\/los-empresarios-reclaman-ampliar-al-menos-dos-semanas-la-temporada-de-esqui\\\/\",\"url\":\"https:\\\/\\\/www.cuencasmineras.com\\\/index.php\\\/2021\\\/03\\\/30\\\/los-empresarios-reclaman-ampliar-al-menos-dos-semanas-la-temporada-de-esqui\\\/\",\"name\":\"Los empresarios reclaman ampliar al menos dos semanas la temporada de esqu\u00ed - cm news\",\"isPartOf\":{\"@id\":\"https:\\\/\\\/www.cuencasmineras.com\\\/#website\"},\"primaryImageOfPage\":{\"@id\":\"https:\\\/\\\/www.cuencasmineras.com\\\/index.php\\\/2021\\\/03\\\/30\\\/los-empresarios-reclaman-ampliar-al-menos-dos-semanas-la-temporada-de-esqui\\\/#primaryimage\"},\"image\":{\"@id\":\"https:\\\/\\\/www.cuencasmineras.com\\\/index.php\\\/2021\\\/03\\\/30\\\/los-empresarios-reclaman-ampliar-al-menos-dos-semanas-la-temporada-de-esqui\\\/#primaryimage\"},\"thumbnailUrl\":\"https:\\\/\\\/www.cuencasmineras.com\\\/wp-content\\\/uploads\\\/2021\\\/03\\\/57d23db5-7241-451a-9e62-a389058ab928_16-9-discover-aspect-ratio_default_0.jpg\",\"datePublished\":\"2021-03-30T11:42:17+00:00\",\"author\":{\"@id\":\"https:\\\/\\\/www.cuencasmineras.com\\\/#\\\/schema\\\/person\\\/be0691310e8496ec555f679dd688420c\"},\"description\":\"El sector tur\u00edstico afirma que hay nieve suficiente para alargar la campa\u00f1a, marcada por las restricciones de aforo y movilidad de la pandemia\",\"breadcrumb\":{\"@id\":\"https:\\\/\\\/www.cuencasmineras.com\\\/index.php\\\/2021\\\/03\\\/30\\\/los-empresarios-reclaman-ampliar-al-menos-dos-semanas-la-temporada-de-esqui\\\/#breadcrumb\"},\"inLanguage\":\"es\",\"potentialAction\":[{\"@type\":\"ReadAction\",\"target\":[\"https:\\\/\\\/www.cuencasmineras.com\\\/index.php\\\/2021\\\/03\\\/30\\\/los-empresarios-reclaman-ampliar-al-menos-dos-semanas-la-temporada-de-esqui\\\/\"]}]},{\"@type\":\"ImageObject\",\"inLanguage\":\"es\",\"@id\":\"https:\\\/\\\/www.cuencasmineras.com\\\/index.php\\\/2021\\\/03\\\/30\\\/los-empresarios-reclaman-ampliar-al-menos-dos-semanas-la-temporada-de-esqui\\\/#primaryimage\",\"url\":\"https:\\\/\\\/www.cuencasmineras.com\\\/wp-content\\\/uploads\\\/2021\\\/03\\\/57d23db5-7241-451a-9e62-a389058ab928_16-9-discover-aspect-ratio_default_0.jpg\",\"contentUrl\":\"https:\\\/\\\/www.cuencasmineras.com\\\/wp-content\\\/uploads\\\/2021\\\/03\\\/57d23db5-7241-451a-9e62-a389058ab928_16-9-discover-aspect-ratio_default_0.jpg\",\"width\":1200,\"height\":675},{\"@type\":\"BreadcrumbList\",\"@id\":\"https:\\\/\\\/www.cuencasmineras.com\\\/index.php\\\/2021\\\/03\\\/30\\\/los-empresarios-reclaman-ampliar-al-menos-dos-semanas-la-temporada-de-esqui\\\/#breadcrumb\",\"itemListElement\":[{\"@type\":\"ListItem\",\"position\":1,\"name\":\"Portada\",\"item\":\"https:\\\/\\\/www.cuencasmineras.com\\\/\"},{\"@type\":\"ListItem\",\"position\":2,\"name\":\"Los empresarios reclaman ampliar al menos dos semanas la temporada de esqu\u00ed\"}]},{\"@type\":\"WebSite\",\"@id\":\"https:\\\/\\\/www.cuencasmineras.com\\\/#website\",\"url\":\"https:\\\/\\\/www.cuencasmineras.com\\\/\",\"name\":\"\",\"description\":\"\",\"potentialAction\":[{\"@type\":\"SearchAction\",\"target\":{\"@type\":\"EntryPoint\",\"urlTemplate\":\"https:\\\/\\\/www.cuencasmineras.com\\\/?s={search_term_string}\"},\"query-input\":{\"@type\":\"PropertyValueSpecification\",\"valueRequired\":true,\"valueName\":\"search_term_string\"}}],\"inLanguage\":\"es\"},{\"@type\":\"Person\",\"@id\":\"https:\\\/\\\/www.cuencasmineras.com\\\/#\\\/schema\\\/person\\\/be0691310e8496ec555f679dd688420c\",\"name\":\"admin\",\"image\":{\"@type\":\"ImageObject\",\"inLanguage\":\"es\",\"@id\":\"https:\\\/\\\/secure.gravatar.com\\\/avatar\\\/4afd2eed3b2fbbf36dd6707b5bd8a5b50ac648f033e36fbf85aeace2f0f859db?s=96&d=mm&r=g\",\"url\":\"https:\\\/\\\/secure.gravatar.com\\\/avatar\\\/4afd2eed3b2fbbf36dd6707b5bd8a5b50ac648f033e36fbf85aeace2f0f859db?s=96&d=mm&r=g\",\"contentUrl\":\"https:\\\/\\\/secure.gravatar.com\\\/avatar\\\/4afd2eed3b2fbbf36dd6707b5bd8a5b50ac648f033e36fbf85aeace2f0f859db?s=96&d=mm&r=g\",\"caption\":\"admin\"},\"sameAs\":[\"https:\\\/\\\/www.cuencasmineras.com\"],\"url\":\"https:\\\/\\\/www.cuencasmineras.com\\\/index.php\\\/author\\\/admin\\\/\"}]}<\/script>\n<!-- \/ Yoast SEO plugin. -->","yoast_head_json":{"title":"Los empresarios reclaman ampliar al menos dos semanas la temporada de esqu\u00ed - cm news","description":"El sector tur\u00edstico afirma que hay nieve suficiente para alargar la campa\u00f1a, marcada por las restricciones de aforo y movilidad de la pandemia","robots":{"index":"index","follow":"follow","max-snippet":"max-snippet:-1","max-image-preview":"max-image-preview:large","max-video-preview":"max-video-preview:-1"},"canonical":"https:\/\/www.cuencasmineras.com\/index.php\/2021\/03\/30\/los-empresarios-reclaman-ampliar-al-menos-dos-semanas-la-temporada-de-esqui\/","og_locale":"es_ES","og_type":"article","og_title":"Los empresarios reclaman ampliar al menos dos semanas la temporada de esqu\u00ed - cm news","og_description":"El sector tur\u00edstico afirma que hay nieve suficiente para alargar la campa\u00f1a, marcada por las restricciones de aforo y movilidad de la pandemia","og_url":"https:\/\/www.cuencasmineras.com\/index.php\/2021\/03\/30\/los-empresarios-reclaman-ampliar-al-menos-dos-semanas-la-temporada-de-esqui\/","article_published_time":"2021-03-30T11:42:17+00:00","og_image":[{"width":1200,"height":675,"url":"https:\/\/www.cuencasmineras.com\/wp-content\/uploads\/2021\/03\/57d23db5-7241-451a-9e62-a389058ab928_16-9-discover-aspect-ratio_default_0.jpg","type":"image\/jpeg"}],"author":"admin","twitter_card":"summary_large_image","twitter_misc":{"Escrito por":"admin","Tiempo de lectura":"4 minutos"},"schema":{"@context":"https:\/\/schema.org","@graph":[{"@type":"Article","@id":"https:\/\/www.cuencasmineras.com\/index.php\/2021\/03\/30\/los-empresarios-reclaman-ampliar-al-menos-dos-semanas-la-temporada-de-esqui\/#article","isPartOf":{"@id":"https:\/\/www.cuencasmineras.com\/index.php\/2021\/03\/30\/los-empresarios-reclaman-ampliar-al-menos-dos-semanas-la-temporada-de-esqui\/"},"author":{"name":"admin","@id":"https:\/\/www.cuencasmineras.com\/#\/schema\/person\/be0691310e8496ec555f679dd688420c"},"headline":"Los empresarios reclaman ampliar al menos dos semanas la temporada de esqu\u00ed","datePublished":"2021-03-30T11:42:17+00:00","mainEntityOfPage":{"@id":"https:\/\/www.cuencasmineras.com\/index.php\/2021\/03\/30\/los-empresarios-reclaman-ampliar-al-menos-dos-semanas-la-temporada-de-esqui\/"},"wordCount":925,"commentCount":0,"image":{"@id":"https:\/\/www.cuencasmineras.com\/index.php\/2021\/03\/30\/los-empresarios-reclaman-ampliar-al-menos-dos-semanas-la-temporada-de-esqui\/#primaryimage"},"thumbnailUrl":"https:\/\/www.cuencasmineras.com\/wp-content\/uploads\/2021\/03\/57d23db5-7241-451a-9e62-a389058ab928_16-9-discover-aspect-ratio_default_0.jpg","articleSection":["Caudal","CM NEWS"],"inLanguage":"es","potentialAction":[{"@type":"CommentAction","name":"Comment","target":["https:\/\/www.cuencasmineras.com\/index.php\/2021\/03\/30\/los-empresarios-reclaman-ampliar-al-menos-dos-semanas-la-temporada-de-esqui\/#respond"]}]},{"@type":"WebPage","@id":"https:\/\/www.cuencasmineras.com\/index.php\/2021\/03\/30\/los-empresarios-reclaman-ampliar-al-menos-dos-semanas-la-temporada-de-esqui\/","url":"https:\/\/www.cuencasmineras.com\/index.php\/2021\/03\/30\/los-empresarios-reclaman-ampliar-al-menos-dos-semanas-la-temporada-de-esqui\/","name":"Los empresarios reclaman ampliar al menos dos semanas la temporada de esqu\u00ed - cm news","isPartOf":{"@id":"https:\/\/www.cuencasmineras.com\/#website"},"primaryImageOfPage":{"@id":"https:\/\/www.cuencasmineras.com\/index.php\/2021\/03\/30\/los-empresarios-reclaman-ampliar-al-menos-dos-semanas-la-temporada-de-esqui\/#primaryimage"},"image":{"@id":"https:\/\/www.cuencasmineras.com\/index.php\/2021\/03\/30\/los-empresarios-reclaman-ampliar-al-menos-dos-semanas-la-temporada-de-esqui\/#primaryimage"},"thumbnailUrl":"https:\/\/www.cuencasmineras.com\/wp-content\/uploads\/2021\/03\/57d23db5-7241-451a-9e62-a389058ab928_16-9-discover-aspect-ratio_default_0.jpg","datePublished":"2021-03-30T11:42:17+00:00","author":{"@id":"https:\/\/www.cuencasmineras.com\/#\/schema\/person\/be0691310e8496ec555f679dd688420c"},"description":"El sector tur\u00edstico afirma que hay nieve suficiente para alargar la campa\u00f1a, marcada por las restricciones de aforo y movilidad de la pandemia","breadcrumb":{"@id":"https:\/\/www.cuencasmineras.com\/index.php\/2021\/03\/30\/los-empresarios-reclaman-ampliar-al-menos-dos-semanas-la-temporada-de-esqui\/#breadcrumb"},"inLanguage":"es","potentialAction":[{"@type":"ReadAction","target":["https:\/\/www.cuencasmineras.com\/index.php\/2021\/03\/30\/los-empresarios-reclaman-ampliar-al-menos-dos-semanas-la-temporada-de-esqui\/"]}]},{"@type":"ImageObject","inLanguage":"es","@id":"https:\/\/www.cuencasmineras.com\/index.php\/2021\/03\/30\/los-empresarios-reclaman-ampliar-al-menos-dos-semanas-la-temporada-de-esqui\/#primaryimage","url":"https:\/\/www.cuencasmineras.com\/wp-content\/uploads\/2021\/03\/57d23db5-7241-451a-9e62-a389058ab928_16-9-discover-aspect-ratio_default_0.jpg","contentUrl":"https:\/\/www.cuencasmineras.com\/wp-content\/uploads\/2021\/03\/57d23db5-7241-451a-9e62-a389058ab928_16-9-discover-aspect-ratio_default_0.jpg","width":1200,"height":675},{"@type":"BreadcrumbList","@id":"https:\/\/www.cuencasmineras.com\/index.php\/2021\/03\/30\/los-empresarios-reclaman-ampliar-al-menos-dos-semanas-la-temporada-de-esqui\/#breadcrumb","itemListElement":[{"@type":"ListItem","position":1,"name":"Portada","item":"https:\/\/www.cuencasmineras.com\/"},{"@type":"ListItem","position":2,"name":"Los empresarios reclaman ampliar al menos dos semanas la temporada de esqu\u00ed"}]},{"@type":"WebSite","@id":"https:\/\/www.cuencasmineras.com\/#website","url":"https:\/\/www.cuencasmineras.com\/","name":"","description":"","potentialAction":[{"@type":"SearchAction","target":{"@type":"EntryPoint","urlTemplate":"https:\/\/www.cuencasmineras.com\/?s={search_term_string}"},"query-input":{"@type":"PropertyValueSpecification","valueRequired":true,"valueName":"search_term_string"}}],"inLanguage":"es"},{"@type":"Person","@id":"https:\/\/www.cuencasmineras.com\/#\/schema\/person\/be0691310e8496ec555f679dd688420c","name":"admin","image":{"@type":"ImageObject","inLanguage":"es","@id":"https:\/\/secure.gravatar.com\/avatar\/4afd2eed3b2fbbf36dd6707b5bd8a5b50ac648f033e36fbf85aeace2f0f859db?s=96&d=mm&r=g","url":"https:\/\/secure.gravatar.com\/avatar\/4afd2eed3b2fbbf36dd6707b5bd8a5b50ac648f033e36fbf85aeace2f0f859db?s=96&d=mm&r=g","contentUrl":"https:\/\/secure.gravatar.com\/avatar\/4afd2eed3b2fbbf36dd6707b5bd8a5b50ac648f033e36fbf85aeace2f0f859db?s=96&d=mm&r=g","caption":"admin"},"sameAs":["https:\/\/www.cuencasmineras.com"],"url":"https:\/\/www.cuencasmineras.com\/index.php\/author\/admin\/"}]}},"_links":{"self":[{"href":"https:\/\/www.cuencasmineras.com\/index.php\/wp-json\/wp\/v2\/posts\/2264","targetHints":{"allow":["GET"]}}],"collection":[{"href":"https:\/\/www.cuencasmineras.com\/index.php\/wp-json\/wp\/v2\/posts"}],"about":[{"href":"https:\/\/www.cuencasmineras.com\/index.php\/wp-json\/wp\/v2\/types\/post"}],"author":[{"embeddable":true,"href":"https:\/\/www.cuencasmineras.com\/index.php\/wp-json\/wp\/v2\/users\/1"}],"replies":[{"embeddable":true,"href":"https:\/\/www.cuencasmineras.com\/index.php\/wp-json\/wp\/v2\/comments?post=2264"}],"version-history":[{"count":1,"href":"https:\/\/www.cuencasmineras.com\/index.php\/wp-json\/wp\/v2\/posts\/2264\/revisions"}],"predecessor-version":[{"id":2266,"href":"https:\/\/www.cuencasmineras.com\/index.php\/wp-json\/wp\/v2\/posts\/2264\/revisions\/2266"}],"wp:featuredmedia":[{"embeddable":true,"href":"https:\/\/www.cuencasmineras.com\/index.php\/wp-json\/wp\/v2\/media\/2265"}],"wp:attachment":[{"href":"https:\/\/www.cuencasmineras.com\/index.php\/wp-json\/wp\/v2\/media?parent=2264"}],"wp:term":[{"taxonomy":"category","embeddable":true,"href":"https:\/\/www.cuencasmineras.com\/index.php\/wp-json\/wp\/v2\/categories?post=2264"},{"taxonomy":"post_tag","embeddable":true,"href":"https:\/\/www.cuencasmineras.com\/index.php\/wp-json\/wp\/v2\/tags?post=2264"}],"curies":[{"name":"wp","href":"https:\/\/api.w.org\/{rel}","templated":true}]}}