{"id":2270,"date":"2021-03-30T11:48:55","date_gmt":"2021-03-30T11:48:55","guid":{"rendered":"https:\/\/www.cuencasmineras.com\/?p=2270"},"modified":"2021-03-30T11:48:55","modified_gmt":"2021-03-30T11:48:55","slug":"quejas-en-la-zona-rural-de-tuilla-por-el-rechazo-a-una-linea-de-transporte-escolar","status":"publish","type":"post","link":"https:\/\/www.cuencasmineras.com\/index.php\/2021\/03\/30\/quejas-en-la-zona-rural-de-tuilla-por-el-rechazo-a-una-linea-de-transporte-escolar\/","title":{"rendered":"Quejas en la zona rural de Tuilla por el rechazo a una l\u00ednea de transporte escolar"},"content":{"rendered":"<p style=\"text-align: justify;\">Llegaron a presentar seiscientas cincuenta firmas de apoyo, pensaban que hab\u00edan conseguido su objetivo, pero al aprobarse los presupuestos de Langreo, su demanda parece haber ca\u00eddo en saco roto. Este es el lamento de los padres de alumnos del colegio Regino Men\u00e9ndez Antu\u00f1a, en Tuilla, quienes llevan meses reclamando el establecimiento de una l\u00ednea de transporte escolar. Tras las firmas y haber mantenido conversaciones con el gobierno local de Langreo, pensaban que al menos iban a conseguir que un autob\u00fas recogiese a sus hijos a la salida del colegio, pero no ha podido ser.<\/p>\n<p><img loading=\"lazy\" decoding=\"async\" class=\"aligncenter size-large wp-image-2271\" src=\"https:\/\/www.cuencasmineras.com\/wp-content\/uploads\/2021\/03\/7e371838-d523-4a33-a805-d8cac9281ae5_21-9-aspect-ratio_default_0-1024x438.jpg\" alt=\"\" width=\"640\" height=\"274\" srcset=\"https:\/\/www.cuencasmineras.com\/wp-content\/uploads\/2021\/03\/7e371838-d523-4a33-a805-d8cac9281ae5_21-9-aspect-ratio_default_0-1024x438.jpg 1024w, https:\/\/www.cuencasmineras.com\/wp-content\/uploads\/2021\/03\/7e371838-d523-4a33-a805-d8cac9281ae5_21-9-aspect-ratio_default_0-300x128.jpg 300w, https:\/\/www.cuencasmineras.com\/wp-content\/uploads\/2021\/03\/7e371838-d523-4a33-a805-d8cac9281ae5_21-9-aspect-ratio_default_0-768x329.jpg 768w, https:\/\/www.cuencasmineras.com\/wp-content\/uploads\/2021\/03\/7e371838-d523-4a33-a805-d8cac9281ae5_21-9-aspect-ratio_default_0.jpg 1280w\" sizes=\"auto, (max-width: 640px) 100vw, 640px\" \/><\/p>\n<p style=\"text-align: justify;\">Gerardo Varela, vecino de La Bra\u00f1a, es uno de los padres que impulso la recogida de firmas. \u201cSabemos que no cumplimos con la norma de estar a m\u00e1s de un kil\u00f3metro y medio de una parada de autob\u00fas, pero nuestro caso es especial, las carreteras que unen los pueblos con Tuilla no est\u00e1n preparadas para caminar por ellas e incluso hay un paso a nivel por medio\u201d, destac\u00f3. Por eso acudieron al Ayuntamiento de Langreo, eso s\u00ed, con una carpeta llena de firmas que respaldaba su petici\u00f3n. \u201cEn el Ayuntamiento nos dijeron que s\u00ed, que al menos nos iban a poner un servicio a las dos y cuarto de la tarde para que pudiese llevar a los peque\u00f1os a su casa, pero al final nos hemos encontrado con que no se ha habilitado una partida en los presupuestos que se aprobaron la semana pasada, cuando no llegar\u00eda ni a 6.000 euros\u201d, apunta, visiblemente molesto, \u201cporque nos dieron falsas promesas\u201d.<\/p>\n<p style=\"text-align: justify;\">Los padres desconocen por qu\u00e9 el gobierno local se ech\u00f3 para atr\u00e1s en el \u00faltimo momento \u201cporque sabemos que han hablado con la empresa de transporte, pero nada, as\u00ed no podemos conciliar nuestra vida laboral y familiar\u00bb. En principio se pretend\u00eda tener un servicio de transporte de ida y vuelta. Si bien, como cuentan con el servicio de madrugadores, que les permite entrar al colegio a las ocho y cuarto de la ma\u00f1ana, \u201cya nos arreglamos mejor, ah\u00ed s\u00ed vimos el apoyo del Ayuntamiento, pero a la salida del colegio es mucho m\u00e1s complicado para nosotros\u201d. El centro cuenta actualmente con una treintena de alumnos, y de ellos, \u201cpr\u00e1cticamente la mitad precisar\u00edan de este servicio\u201d. Se trata de ni\u00f1os procedentes de los pueblos de alrededor, que pertenecen a Tuilla.<\/p>\n<p style=\"text-align: justify;\">Otra opci\u00f3n, en la que ya entrar\u00eda el Consorcio de Transportes de Asturias (CTA) \u201cser\u00eda ampliar la l\u00ednea urbana a Tuilla a las dos de la tarde, pasando por los pueblos\u201d, comenta Varela, aunque parece que tampoco cuentan con el respaldo del Principado. Actualmente, ning\u00fan alumno del colegio de Tuilla tiene transporte escolar.<\/p>\n","protected":false},"excerpt":{"rendered":"<p>Llegaron a presentar seiscientas cincuenta firmas de apoyo, pensaban que hab\u00edan conseguido su objetivo, pero al aprobarse los presupuestos de Langreo, su demanda parece haber ca\u00eddo en saco roto. Este es el lamento de los padres de alumnos del colegio Regino Men\u00e9ndez Antu\u00f1a, en Tuilla, quienes llevan meses reclamando el establecimiento de una l\u00ednea de [&hellip;]<\/p>\n","protected":false},"author":1,"featured_media":2271,"comment_status":"open","ping_status":"open","sticky":false,"template":"","format":"standard","meta":{"footnotes":""},"categories":[6,8],"tags":[],"class_list":["post-2270","post","type-post","status-publish","format-standard","has-post-thumbnail","hentry","category-noticias","category-nalon"],"yoast_head":"<!-- This site is optimized with the Yoast SEO plugin v27.4 - https:\/\/yoast.com\/product\/yoast-seo-wordpress\/ -->\n<title>Quejas en la zona rural de Tuilla por el rechazo a una l\u00ednea de transporte escolar - cm news<\/title>\n<meta name=\"description\" content=\"Los padres, que llegaron a presentar seiscientas cincuenta firmas, aseguran que contaban con el compromiso del gobierno langreano\" \/>\n<meta name=\"robots\" content=\"index, follow, max-snippet:-1, max-image-preview:large, max-video-preview:-1\" \/>\n<link rel=\"canonical\" href=\"https:\/\/www.cuencasmineras.com\/index.php\/2021\/03\/30\/quejas-en-la-zona-rural-de-tuilla-por-el-rechazo-a-una-linea-de-transporte-escolar\/\" \/>\n<meta property=\"og:locale\" content=\"es_ES\" \/>\n<meta property=\"og:type\" content=\"article\" \/>\n<meta property=\"og:title\" content=\"Quejas en la zona rural de Tuilla por el rechazo a una l\u00ednea de transporte escolar - cm news\" \/>\n<meta property=\"og:description\" content=\"Los padres, que llegaron a presentar seiscientas cincuenta firmas, aseguran que contaban con el compromiso del gobierno langreano\" \/>\n<meta property=\"og:url\" content=\"https:\/\/www.cuencasmineras.com\/index.php\/2021\/03\/30\/quejas-en-la-zona-rural-de-tuilla-por-el-rechazo-a-una-linea-de-transporte-escolar\/\" \/>\n<meta property=\"article:published_time\" content=\"2021-03-30T11:48:55+00:00\" \/>\n<meta property=\"og:image\" content=\"https:\/\/www.cuencasmineras.com\/wp-content\/uploads\/2021\/03\/7e371838-d523-4a33-a805-d8cac9281ae5_21-9-aspect-ratio_default_0.jpg\" \/>\n\t<meta property=\"og:image:width\" content=\"1280\" \/>\n\t<meta property=\"og:image:height\" content=\"548\" \/>\n\t<meta property=\"og:image:type\" content=\"image\/jpeg\" \/>\n<meta name=\"author\" content=\"admin\" \/>\n<meta name=\"twitter:card\" content=\"summary_large_image\" \/>\n<meta name=\"twitter:label1\" content=\"Escrito por\" \/>\n\t<meta name=\"twitter:data1\" content=\"admin\" \/>\n\t<meta name=\"twitter:label2\" content=\"Tiempo de lectura\" \/>\n\t<meta name=\"twitter:data2\" content=\"3 minutos\" \/>\n<script type=\"application\/ld+json\" class=\"yoast-schema-graph\">{\"@context\":\"https:\\\/\\\/schema.org\",\"@graph\":[{\"@type\":\"Article\",\"@id\":\"https:\\\/\\\/www.cuencasmineras.com\\\/index.php\\\/2021\\\/03\\\/30\\\/quejas-en-la-zona-rural-de-tuilla-por-el-rechazo-a-una-linea-de-transporte-escolar\\\/#article\",\"isPartOf\":{\"@id\":\"https:\\\/\\\/www.cuencasmineras.com\\\/index.php\\\/2021\\\/03\\\/30\\\/quejas-en-la-zona-rural-de-tuilla-por-el-rechazo-a-una-linea-de-transporte-escolar\\\/\"},\"author\":{\"name\":\"admin\",\"@id\":\"https:\\\/\\\/www.cuencasmineras.com\\\/#\\\/schema\\\/person\\\/be0691310e8496ec555f679dd688420c\"},\"headline\":\"Quejas en la zona rural de Tuilla por el rechazo a una l\u00ednea de transporte escolar\",\"datePublished\":\"2021-03-30T11:48:55+00:00\",\"mainEntityOfPage\":{\"@id\":\"https:\\\/\\\/www.cuencasmineras.com\\\/index.php\\\/2021\\\/03\\\/30\\\/quejas-en-la-zona-rural-de-tuilla-por-el-rechazo-a-una-linea-de-transporte-escolar\\\/\"},\"wordCount\":477,\"commentCount\":0,\"image\":{\"@id\":\"https:\\\/\\\/www.cuencasmineras.com\\\/index.php\\\/2021\\\/03\\\/30\\\/quejas-en-la-zona-rural-de-tuilla-por-el-rechazo-a-una-linea-de-transporte-escolar\\\/#primaryimage\"},\"thumbnailUrl\":\"https:\\\/\\\/www.cuencasmineras.com\\\/wp-content\\\/uploads\\\/2021\\\/03\\\/7e371838-d523-4a33-a805-d8cac9281ae5_21-9-aspect-ratio_default_0.jpg\",\"articleSection\":[\"CM NEWS\",\"Nal\u00f3n\"],\"inLanguage\":\"es\",\"potentialAction\":[{\"@type\":\"CommentAction\",\"name\":\"Comment\",\"target\":[\"https:\\\/\\\/www.cuencasmineras.com\\\/index.php\\\/2021\\\/03\\\/30\\\/quejas-en-la-zona-rural-de-tuilla-por-el-rechazo-a-una-linea-de-transporte-escolar\\\/#respond\"]}]},{\"@type\":\"WebPage\",\"@id\":\"https:\\\/\\\/www.cuencasmineras.com\\\/index.php\\\/2021\\\/03\\\/30\\\/quejas-en-la-zona-rural-de-tuilla-por-el-rechazo-a-una-linea-de-transporte-escolar\\\/\",\"url\":\"https:\\\/\\\/www.cuencasmineras.com\\\/index.php\\\/2021\\\/03\\\/30\\\/quejas-en-la-zona-rural-de-tuilla-por-el-rechazo-a-una-linea-de-transporte-escolar\\\/\",\"name\":\"Quejas en la zona rural de Tuilla por el rechazo a una l\u00ednea de transporte escolar - cm news\",\"isPartOf\":{\"@id\":\"https:\\\/\\\/www.cuencasmineras.com\\\/#website\"},\"primaryImageOfPage\":{\"@id\":\"https:\\\/\\\/www.cuencasmineras.com\\\/index.php\\\/2021\\\/03\\\/30\\\/quejas-en-la-zona-rural-de-tuilla-por-el-rechazo-a-una-linea-de-transporte-escolar\\\/#primaryimage\"},\"image\":{\"@id\":\"https:\\\/\\\/www.cuencasmineras.com\\\/index.php\\\/2021\\\/03\\\/30\\\/quejas-en-la-zona-rural-de-tuilla-por-el-rechazo-a-una-linea-de-transporte-escolar\\\/#primaryimage\"},\"thumbnailUrl\":\"https:\\\/\\\/www.cuencasmineras.com\\\/wp-content\\\/uploads\\\/2021\\\/03\\\/7e371838-d523-4a33-a805-d8cac9281ae5_21-9-aspect-ratio_default_0.jpg\",\"datePublished\":\"2021-03-30T11:48:55+00:00\",\"author\":{\"@id\":\"https:\\\/\\\/www.cuencasmineras.com\\\/#\\\/schema\\\/person\\\/be0691310e8496ec555f679dd688420c\"},\"description\":\"Los padres, que llegaron a presentar seiscientas cincuenta firmas, aseguran que contaban con el compromiso del gobierno langreano\",\"breadcrumb\":{\"@id\":\"https:\\\/\\\/www.cuencasmineras.com\\\/index.php\\\/2021\\\/03\\\/30\\\/quejas-en-la-zona-rural-de-tuilla-por-el-rechazo-a-una-linea-de-transporte-escolar\\\/#breadcrumb\"},\"inLanguage\":\"es\",\"potentialAction\":[{\"@type\":\"ReadAction\",\"target\":[\"https:\\\/\\\/www.cuencasmineras.com\\\/index.php\\\/2021\\\/03\\\/30\\\/quejas-en-la-zona-rural-de-tuilla-por-el-rechazo-a-una-linea-de-transporte-escolar\\\/\"]}]},{\"@type\":\"ImageObject\",\"inLanguage\":\"es\",\"@id\":\"https:\\\/\\\/www.cuencasmineras.com\\\/index.php\\\/2021\\\/03\\\/30\\\/quejas-en-la-zona-rural-de-tuilla-por-el-rechazo-a-una-linea-de-transporte-escolar\\\/#primaryimage\",\"url\":\"https:\\\/\\\/www.cuencasmineras.com\\\/wp-content\\\/uploads\\\/2021\\\/03\\\/7e371838-d523-4a33-a805-d8cac9281ae5_21-9-aspect-ratio_default_0.jpg\",\"contentUrl\":\"https:\\\/\\\/www.cuencasmineras.com\\\/wp-content\\\/uploads\\\/2021\\\/03\\\/7e371838-d523-4a33-a805-d8cac9281ae5_21-9-aspect-ratio_default_0.jpg\",\"width\":1280,\"height\":548},{\"@type\":\"BreadcrumbList\",\"@id\":\"https:\\\/\\\/www.cuencasmineras.com\\\/index.php\\\/2021\\\/03\\\/30\\\/quejas-en-la-zona-rural-de-tuilla-por-el-rechazo-a-una-linea-de-transporte-escolar\\\/#breadcrumb\",\"itemListElement\":[{\"@type\":\"ListItem\",\"position\":1,\"name\":\"Portada\",\"item\":\"https:\\\/\\\/www.cuencasmineras.com\\\/\"},{\"@type\":\"ListItem\",\"position\":2,\"name\":\"Quejas en la zona rural de Tuilla por el rechazo a una l\u00ednea de transporte escolar\"}]},{\"@type\":\"WebSite\",\"@id\":\"https:\\\/\\\/www.cuencasmineras.com\\\/#website\",\"url\":\"https:\\\/\\\/www.cuencasmineras.com\\\/\",\"name\":\"\",\"description\":\"\",\"potentialAction\":[{\"@type\":\"SearchAction\",\"target\":{\"@type\":\"EntryPoint\",\"urlTemplate\":\"https:\\\/\\\/www.cuencasmineras.com\\\/?s={search_term_string}\"},\"query-input\":{\"@type\":\"PropertyValueSpecification\",\"valueRequired\":true,\"valueName\":\"search_term_string\"}}],\"inLanguage\":\"es\"},{\"@type\":\"Person\",\"@id\":\"https:\\\/\\\/www.cuencasmineras.com\\\/#\\\/schema\\\/person\\\/be0691310e8496ec555f679dd688420c\",\"name\":\"admin\",\"image\":{\"@type\":\"ImageObject\",\"inLanguage\":\"es\",\"@id\":\"https:\\\/\\\/secure.gravatar.com\\\/avatar\\\/4afd2eed3b2fbbf36dd6707b5bd8a5b50ac648f033e36fbf85aeace2f0f859db?s=96&d=mm&r=g\",\"url\":\"https:\\\/\\\/secure.gravatar.com\\\/avatar\\\/4afd2eed3b2fbbf36dd6707b5bd8a5b50ac648f033e36fbf85aeace2f0f859db?s=96&d=mm&r=g\",\"contentUrl\":\"https:\\\/\\\/secure.gravatar.com\\\/avatar\\\/4afd2eed3b2fbbf36dd6707b5bd8a5b50ac648f033e36fbf85aeace2f0f859db?s=96&d=mm&r=g\",\"caption\":\"admin\"},\"sameAs\":[\"https:\\\/\\\/www.cuencasmineras.com\"],\"url\":\"https:\\\/\\\/www.cuencasmineras.com\\\/index.php\\\/author\\\/admin\\\/\"}]}<\/script>\n<!-- \/ Yoast SEO plugin. -->","yoast_head_json":{"title":"Quejas en la zona rural de Tuilla por el rechazo a una l\u00ednea de transporte escolar - cm news","description":"Los padres, que llegaron a presentar seiscientas cincuenta firmas, aseguran que contaban con el compromiso del gobierno langreano","robots":{"index":"index","follow":"follow","max-snippet":"max-snippet:-1","max-image-preview":"max-image-preview:large","max-video-preview":"max-video-preview:-1"},"canonical":"https:\/\/www.cuencasmineras.com\/index.php\/2021\/03\/30\/quejas-en-la-zona-rural-de-tuilla-por-el-rechazo-a-una-linea-de-transporte-escolar\/","og_locale":"es_ES","og_type":"article","og_title":"Quejas en la zona rural de Tuilla por el rechazo a una l\u00ednea de transporte escolar - cm news","og_description":"Los padres, que llegaron a presentar seiscientas cincuenta firmas, aseguran que contaban con el compromiso del gobierno langreano","og_url":"https:\/\/www.cuencasmineras.com\/index.php\/2021\/03\/30\/quejas-en-la-zona-rural-de-tuilla-por-el-rechazo-a-una-linea-de-transporte-escolar\/","article_published_time":"2021-03-30T11:48:55+00:00","og_image":[{"width":1280,"height":548,"url":"https:\/\/www.cuencasmineras.com\/wp-content\/uploads\/2021\/03\/7e371838-d523-4a33-a805-d8cac9281ae5_21-9-aspect-ratio_default_0.jpg","type":"image\/jpeg"}],"author":"admin","twitter_card":"summary_large_image","twitter_misc":{"Escrito por":"admin","Tiempo de lectura":"3 minutos"},"schema":{"@context":"https:\/\/schema.org","@graph":[{"@type":"Article","@id":"https:\/\/www.cuencasmineras.com\/index.php\/2021\/03\/30\/quejas-en-la-zona-rural-de-tuilla-por-el-rechazo-a-una-linea-de-transporte-escolar\/#article","isPartOf":{"@id":"https:\/\/www.cuencasmineras.com\/index.php\/2021\/03\/30\/quejas-en-la-zona-rural-de-tuilla-por-el-rechazo-a-una-linea-de-transporte-escolar\/"},"author":{"name":"admin","@id":"https:\/\/www.cuencasmineras.com\/#\/schema\/person\/be0691310e8496ec555f679dd688420c"},"headline":"Quejas en la zona rural de Tuilla por el rechazo a una l\u00ednea de transporte escolar","datePublished":"2021-03-30T11:48:55+00:00","mainEntityOfPage":{"@id":"https:\/\/www.cuencasmineras.com\/index.php\/2021\/03\/30\/quejas-en-la-zona-rural-de-tuilla-por-el-rechazo-a-una-linea-de-transporte-escolar\/"},"wordCount":477,"commentCount":0,"image":{"@id":"https:\/\/www.cuencasmineras.com\/index.php\/2021\/03\/30\/quejas-en-la-zona-rural-de-tuilla-por-el-rechazo-a-una-linea-de-transporte-escolar\/#primaryimage"},"thumbnailUrl":"https:\/\/www.cuencasmineras.com\/wp-content\/uploads\/2021\/03\/7e371838-d523-4a33-a805-d8cac9281ae5_21-9-aspect-ratio_default_0.jpg","articleSection":["CM NEWS","Nal\u00f3n"],"inLanguage":"es","potentialAction":[{"@type":"CommentAction","name":"Comment","target":["https:\/\/www.cuencasmineras.com\/index.php\/2021\/03\/30\/quejas-en-la-zona-rural-de-tuilla-por-el-rechazo-a-una-linea-de-transporte-escolar\/#respond"]}]},{"@type":"WebPage","@id":"https:\/\/www.cuencasmineras.com\/index.php\/2021\/03\/30\/quejas-en-la-zona-rural-de-tuilla-por-el-rechazo-a-una-linea-de-transporte-escolar\/","url":"https:\/\/www.cuencasmineras.com\/index.php\/2021\/03\/30\/quejas-en-la-zona-rural-de-tuilla-por-el-rechazo-a-una-linea-de-transporte-escolar\/","name":"Quejas en la zona rural de Tuilla por el rechazo a una l\u00ednea de transporte escolar - cm news","isPartOf":{"@id":"https:\/\/www.cuencasmineras.com\/#website"},"primaryImageOfPage":{"@id":"https:\/\/www.cuencasmineras.com\/index.php\/2021\/03\/30\/quejas-en-la-zona-rural-de-tuilla-por-el-rechazo-a-una-linea-de-transporte-escolar\/#primaryimage"},"image":{"@id":"https:\/\/www.cuencasmineras.com\/index.php\/2021\/03\/30\/quejas-en-la-zona-rural-de-tuilla-por-el-rechazo-a-una-linea-de-transporte-escolar\/#primaryimage"},"thumbnailUrl":"https:\/\/www.cuencasmineras.com\/wp-content\/uploads\/2021\/03\/7e371838-d523-4a33-a805-d8cac9281ae5_21-9-aspect-ratio_default_0.jpg","datePublished":"2021-03-30T11:48:55+00:00","author":{"@id":"https:\/\/www.cuencasmineras.com\/#\/schema\/person\/be0691310e8496ec555f679dd688420c"},"description":"Los padres, que llegaron a presentar seiscientas cincuenta firmas, aseguran que contaban con el compromiso del gobierno langreano","breadcrumb":{"@id":"https:\/\/www.cuencasmineras.com\/index.php\/2021\/03\/30\/quejas-en-la-zona-rural-de-tuilla-por-el-rechazo-a-una-linea-de-transporte-escolar\/#breadcrumb"},"inLanguage":"es","potentialAction":[{"@type":"ReadAction","target":["https:\/\/www.cuencasmineras.com\/index.php\/2021\/03\/30\/quejas-en-la-zona-rural-de-tuilla-por-el-rechazo-a-una-linea-de-transporte-escolar\/"]}]},{"@type":"ImageObject","inLanguage":"es","@id":"https:\/\/www.cuencasmineras.com\/index.php\/2021\/03\/30\/quejas-en-la-zona-rural-de-tuilla-por-el-rechazo-a-una-linea-de-transporte-escolar\/#primaryimage","url":"https:\/\/www.cuencasmineras.com\/wp-content\/uploads\/2021\/03\/7e371838-d523-4a33-a805-d8cac9281ae5_21-9-aspect-ratio_default_0.jpg","contentUrl":"https:\/\/www.cuencasmineras.com\/wp-content\/uploads\/2021\/03\/7e371838-d523-4a33-a805-d8cac9281ae5_21-9-aspect-ratio_default_0.jpg","width":1280,"height":548},{"@type":"BreadcrumbList","@id":"https:\/\/www.cuencasmineras.com\/index.php\/2021\/03\/30\/quejas-en-la-zona-rural-de-tuilla-por-el-rechazo-a-una-linea-de-transporte-escolar\/#breadcrumb","itemListElement":[{"@type":"ListItem","position":1,"name":"Portada","item":"https:\/\/www.cuencasmineras.com\/"},{"@type":"ListItem","position":2,"name":"Quejas en la zona rural de Tuilla por el rechazo a una l\u00ednea de transporte escolar"}]},{"@type":"WebSite","@id":"https:\/\/www.cuencasmineras.com\/#website","url":"https:\/\/www.cuencasmineras.com\/","name":"","description":"","potentialAction":[{"@type":"SearchAction","target":{"@type":"EntryPoint","urlTemplate":"https:\/\/www.cuencasmineras.com\/?s={search_term_string}"},"query-input":{"@type":"PropertyValueSpecification","valueRequired":true,"valueName":"search_term_string"}}],"inLanguage":"es"},{"@type":"Person","@id":"https:\/\/www.cuencasmineras.com\/#\/schema\/person\/be0691310e8496ec555f679dd688420c","name":"admin","image":{"@type":"ImageObject","inLanguage":"es","@id":"https:\/\/secure.gravatar.com\/avatar\/4afd2eed3b2fbbf36dd6707b5bd8a5b50ac648f033e36fbf85aeace2f0f859db?s=96&d=mm&r=g","url":"https:\/\/secure.gravatar.com\/avatar\/4afd2eed3b2fbbf36dd6707b5bd8a5b50ac648f033e36fbf85aeace2f0f859db?s=96&d=mm&r=g","contentUrl":"https:\/\/secure.gravatar.com\/avatar\/4afd2eed3b2fbbf36dd6707b5bd8a5b50ac648f033e36fbf85aeace2f0f859db?s=96&d=mm&r=g","caption":"admin"},"sameAs":["https:\/\/www.cuencasmineras.com"],"url":"https:\/\/www.cuencasmineras.com\/index.php\/author\/admin\/"}]}},"_links":{"self":[{"href":"https:\/\/www.cuencasmineras.com\/index.php\/wp-json\/wp\/v2\/posts\/2270","targetHints":{"allow":["GET"]}}],"collection":[{"href":"https:\/\/www.cuencasmineras.com\/index.php\/wp-json\/wp\/v2\/posts"}],"about":[{"href":"https:\/\/www.cuencasmineras.com\/index.php\/wp-json\/wp\/v2\/types\/post"}],"author":[{"embeddable":true,"href":"https:\/\/www.cuencasmineras.com\/index.php\/wp-json\/wp\/v2\/users\/1"}],"replies":[{"embeddable":true,"href":"https:\/\/www.cuencasmineras.com\/index.php\/wp-json\/wp\/v2\/comments?post=2270"}],"version-history":[{"count":1,"href":"https:\/\/www.cuencasmineras.com\/index.php\/wp-json\/wp\/v2\/posts\/2270\/revisions"}],"predecessor-version":[{"id":2272,"href":"https:\/\/www.cuencasmineras.com\/index.php\/wp-json\/wp\/v2\/posts\/2270\/revisions\/2272"}],"wp:featuredmedia":[{"embeddable":true,"href":"https:\/\/www.cuencasmineras.com\/index.php\/wp-json\/wp\/v2\/media\/2271"}],"wp:attachment":[{"href":"https:\/\/www.cuencasmineras.com\/index.php\/wp-json\/wp\/v2\/media?parent=2270"}],"wp:term":[{"taxonomy":"category","embeddable":true,"href":"https:\/\/www.cuencasmineras.com\/index.php\/wp-json\/wp\/v2\/categories?post=2270"},{"taxonomy":"post_tag","embeddable":true,"href":"https:\/\/www.cuencasmineras.com\/index.php\/wp-json\/wp\/v2\/tags?post=2270"}],"curies":[{"name":"wp","href":"https:\/\/api.w.org\/{rel}","templated":true}]}}