{"id":2285,"date":"2021-03-31T14:16:08","date_gmt":"2021-03-31T14:16:08","guid":{"rendered":"https:\/\/www.cuencasmineras.com\/?p=2285"},"modified":"2021-03-31T14:16:08","modified_gmt":"2021-03-31T14:16:08","slug":"el-pp-afirma-que-proteger-al-lobo-forzara-a-mas-ganaderos-a-dejar-su-actividad","status":"publish","type":"post","link":"https:\/\/www.cuencasmineras.com\/index.php\/2021\/03\/31\/el-pp-afirma-que-proteger-al-lobo-forzara-a-mas-ganaderos-a-dejar-su-actividad\/","title":{"rendered":"El PP afirma que proteger al lobo forzar\u00e1 a \u201cm\u00e1s ganaderos\u201d a dejar su actividad"},"content":{"rendered":"<p style=\"text-align: justify;\">El PP defendi\u00f3 ayer en Lena la inexistencia de criterios objetivos para la protecci\u00f3n del lobo ib\u00e9rico. Los populares eligieron esta localidad por su \u201csimbolismo\u201d, que el actual secretario de Estado de Medio Ambiente, el socialista Hugo Mor\u00e1n, que es precursor de elevar la protecci\u00f3n de este animal, fue Alcalde de Lena en el pasado. Las regiones del Noroeste (Asturias, Galicia, Cantabria y Castilla y Le\u00f3n) tambi\u00e9n mostraron su rechazo a esta medida.<\/p>\n<p><img loading=\"lazy\" decoding=\"async\" class=\"aligncenter size-large wp-image-2286\" src=\"https:\/\/www.cuencasmineras.com\/wp-content\/uploads\/2021\/03\/7f9c2e9a-caac-404d-a4ec-b4c580bf7cd3_21-9-aspect-ratio_default_0-1024x438.jpg\" alt=\"\" width=\"640\" height=\"274\" srcset=\"https:\/\/www.cuencasmineras.com\/wp-content\/uploads\/2021\/03\/7f9c2e9a-caac-404d-a4ec-b4c580bf7cd3_21-9-aspect-ratio_default_0-1024x438.jpg 1024w, https:\/\/www.cuencasmineras.com\/wp-content\/uploads\/2021\/03\/7f9c2e9a-caac-404d-a4ec-b4c580bf7cd3_21-9-aspect-ratio_default_0-300x128.jpg 300w, https:\/\/www.cuencasmineras.com\/wp-content\/uploads\/2021\/03\/7f9c2e9a-caac-404d-a4ec-b4c580bf7cd3_21-9-aspect-ratio_default_0-768x329.jpg 768w, https:\/\/www.cuencasmineras.com\/wp-content\/uploads\/2021\/03\/7f9c2e9a-caac-404d-a4ec-b4c580bf7cd3_21-9-aspect-ratio_default_0.jpg 1280w\" sizes=\"auto, (max-width: 640px) 100vw, 640px\" \/><\/p>\n<p style=\"text-align: justify;\">El diputado responsable de Agroganader\u00eda en el PP, Javier Brea, asegur\u00f3 que \u201cno existen criterios cient\u00edfico-t\u00e9cnicos objetivos que recomienden la inclusi\u00f3n del lobo ib\u00e9rico en el Listado de Especies Silvestres en R\u00e9gimen de Protecci\u00f3n Especial (Lespre)\u201d, un argumento que trasladar\u00e1 el partido en sus alegaciones al proyecto de orden ministerial. Brea estuvo acompa\u00f1ado ayer por la tambi\u00e9n diputada regional, Gloria Garc\u00eda; y el coordinador general del PP de Lena, Francisco Javier S\u00e1nchez Alconada, as\u00ed como por otros miembros de la Junta local.<\/p>\n<p style=\"text-align: justify;\">Brea hizo alusi\u00f3n a la postura de Hugo Mor\u00e1n, asegurando que \u201cresulta inexplicable que alguien que ha tenido responsabilidades pol\u00edticas en Asturias impulse esta medida\u201d. As\u00ed, considera que el secretario de Estado de Medio Ambiente \u201cha traicionado a los ganaderos lenenses de los que un d\u00eda fue alcalde y a todos sus paisanos asturianos\u201d. El diputado explic\u00f3 que \u201cel mismo comit\u00e9 cient\u00edfico que pide incluir todas las poblaciones de lobo en el Listado de Especies Silvestres en R\u00e9gimen de Protecci\u00f3n Especial destaca que los lobos est\u00e1n ganando presencia de norte a sur\u201d. Y apunt\u00f3 a un problema normativo al conllevar esta medida un conflicto con las autonom\u00edas y con sus competencias en materia de gesti\u00f3n de la fauna salvaje.<\/p>\n<p style=\"text-align: justify;\">Brea insisti\u00f3 tambi\u00e9n en el perjuicio que supondr\u00eda esta protecci\u00f3n en la ganader\u00eda extensiva \u201cafectada ya gravemente por los ataques del lobo\u201d y que \u201cest\u00e1 forzando a muchos ganaderos a abandonar el medio rural\u201d. \u201cEs que ni siquiera se trata de dinero, que te maten a un animal tambi\u00e9n es duro psicol\u00f3gicamente\u201d, a\u00f1adi\u00f3 el diputado.<\/p>\n<p style=\"text-align: justify;\">Aludi\u00f3, adem\u00e1s a las consecuencias en el sector porque \u201cse nos llena la boca alabando a nuestros ganaderos como garantes de nuestro para\u00edso y paisaje, pero con este tipo de medidas, estamos consiguiendo que cada vez haya menos gente en el medio rural\u201d. En este sentido, el popular apost\u00f3 por \u201cbuscar el equilibrio entre la existencia del lobo y el mantenimiento de la actividad ganadera para frenar la despoblaci\u00f3n en las alas y la zona rural asturiana y seguir permitiendo actividad econ\u00f3mica\u201d. Para ello, reclam\u00f3 la realizaci\u00f3n de un censo de la poblaci\u00f3n del lobo en Asturias y de su distribuci\u00f3n, para conocer la carga ganadera, es decir cu\u00e1ntos animales puede asumir un territorio para hacer sostenible la presi\u00f3n con la actividad ganadera.<\/p>\n<p style=\"text-align: justify;\">El lobo mat\u00f3 el a\u00f1o pasado a m\u00e1s de 10.000 reses en las cuatro comunidades aut\u00f3nomas del Noroeste. La cifra surge de la suma de las cantidades que han aportado los ejecutivos de Galicia, Cantabria y Castilla y Le\u00f3n, m\u00e1s una estimaci\u00f3n de lo ocurrido en Asturias, ya que el Gobierno del Principado solo revel\u00f3 los datos de 2019, y con la advertencia de que eran \u201cprovisionales\u201d. Los ataques registrados el a\u00f1o pasado han obligado a los gobiernos auton\u00f3micos a desembolsar tres millones de euros en concepto de pago de da\u00f1os.<\/p>\n","protected":false},"excerpt":{"rendered":"<p>El PP defendi\u00f3 ayer en Lena la inexistencia de criterios objetivos para la protecci\u00f3n del lobo ib\u00e9rico. Los populares eligieron esta localidad por su \u201csimbolismo\u201d, que el actual secretario de Estado de Medio Ambiente, el socialista Hugo Mor\u00e1n, que es precursor de elevar la protecci\u00f3n de este animal, fue Alcalde de Lena en el pasado. [&hellip;]<\/p>\n","protected":false},"author":1,"featured_media":2286,"comment_status":"open","ping_status":"open","sticky":false,"template":"","format":"standard","meta":{"footnotes":""},"categories":[7,6],"tags":[],"class_list":["post-2285","post","type-post","status-publish","format-standard","has-post-thumbnail","hentry","category-caudal","category-noticias"],"yoast_head":"<!-- This site is optimized with the Yoast SEO plugin v27.4 - https:\/\/yoast.com\/product\/yoast-seo-wordpress\/ -->\n<title>El PP afirma que proteger al lobo forzar\u00e1 a \u201cm\u00e1s ganaderos\u201d a dejar su actividad - cm news<\/title>\n<meta name=\"description\" content=\"Los populares aseguran que no hay criterios objetivos para aumentar la protecci\u00f3n y acusan a Hugo Mor\u00e1n de \u201ctraicionar a los asturianos\u201d\" \/>\n<meta name=\"robots\" content=\"index, follow, max-snippet:-1, max-image-preview:large, max-video-preview:-1\" \/>\n<link rel=\"canonical\" href=\"https:\/\/www.cuencasmineras.com\/index.php\/2021\/03\/31\/el-pp-afirma-que-proteger-al-lobo-forzara-a-mas-ganaderos-a-dejar-su-actividad\/\" \/>\n<meta property=\"og:locale\" content=\"es_ES\" \/>\n<meta property=\"og:type\" content=\"article\" \/>\n<meta property=\"og:title\" content=\"El PP afirma que proteger al lobo forzar\u00e1 a \u201cm\u00e1s ganaderos\u201d a dejar su actividad - cm news\" \/>\n<meta property=\"og:description\" content=\"Los populares aseguran que no hay criterios objetivos para aumentar la protecci\u00f3n y acusan a Hugo Mor\u00e1n de \u201ctraicionar a los asturianos\u201d\" \/>\n<meta property=\"og:url\" content=\"https:\/\/www.cuencasmineras.com\/index.php\/2021\/03\/31\/el-pp-afirma-que-proteger-al-lobo-forzara-a-mas-ganaderos-a-dejar-su-actividad\/\" \/>\n<meta property=\"article:published_time\" content=\"2021-03-31T14:16:08+00:00\" \/>\n<meta property=\"og:image\" content=\"https:\/\/www.cuencasmineras.com\/wp-content\/uploads\/2021\/03\/7f9c2e9a-caac-404d-a4ec-b4c580bf7cd3_21-9-aspect-ratio_default_0.jpg\" \/>\n\t<meta property=\"og:image:width\" content=\"1280\" \/>\n\t<meta property=\"og:image:height\" content=\"548\" \/>\n\t<meta property=\"og:image:type\" content=\"image\/jpeg\" \/>\n<meta name=\"author\" content=\"admin\" \/>\n<meta name=\"twitter:card\" content=\"summary_large_image\" \/>\n<meta name=\"twitter:label1\" content=\"Escrito por\" \/>\n\t<meta name=\"twitter:data1\" content=\"admin\" \/>\n\t<meta name=\"twitter:label2\" content=\"Tiempo de lectura\" \/>\n\t<meta name=\"twitter:data2\" content=\"3 minutos\" \/>\n<script type=\"application\/ld+json\" class=\"yoast-schema-graph\">{\"@context\":\"https:\\\/\\\/schema.org\",\"@graph\":[{\"@type\":\"Article\",\"@id\":\"https:\\\/\\\/www.cuencasmineras.com\\\/index.php\\\/2021\\\/03\\\/31\\\/el-pp-afirma-que-proteger-al-lobo-forzara-a-mas-ganaderos-a-dejar-su-actividad\\\/#article\",\"isPartOf\":{\"@id\":\"https:\\\/\\\/www.cuencasmineras.com\\\/index.php\\\/2021\\\/03\\\/31\\\/el-pp-afirma-que-proteger-al-lobo-forzara-a-mas-ganaderos-a-dejar-su-actividad\\\/\"},\"author\":{\"name\":\"admin\",\"@id\":\"https:\\\/\\\/www.cuencasmineras.com\\\/#\\\/schema\\\/person\\\/be0691310e8496ec555f679dd688420c\"},\"headline\":\"El PP afirma que proteger al lobo forzar\u00e1 a \u201cm\u00e1s ganaderos\u201d a dejar su actividad\",\"datePublished\":\"2021-03-31T14:16:08+00:00\",\"mainEntityOfPage\":{\"@id\":\"https:\\\/\\\/www.cuencasmineras.com\\\/index.php\\\/2021\\\/03\\\/31\\\/el-pp-afirma-que-proteger-al-lobo-forzara-a-mas-ganaderos-a-dejar-su-actividad\\\/\"},\"wordCount\":609,\"commentCount\":0,\"image\":{\"@id\":\"https:\\\/\\\/www.cuencasmineras.com\\\/index.php\\\/2021\\\/03\\\/31\\\/el-pp-afirma-que-proteger-al-lobo-forzara-a-mas-ganaderos-a-dejar-su-actividad\\\/#primaryimage\"},\"thumbnailUrl\":\"https:\\\/\\\/www.cuencasmineras.com\\\/wp-content\\\/uploads\\\/2021\\\/03\\\/7f9c2e9a-caac-404d-a4ec-b4c580bf7cd3_21-9-aspect-ratio_default_0.jpg\",\"articleSection\":[\"Caudal\",\"CM NEWS\"],\"inLanguage\":\"es\",\"potentialAction\":[{\"@type\":\"CommentAction\",\"name\":\"Comment\",\"target\":[\"https:\\\/\\\/www.cuencasmineras.com\\\/index.php\\\/2021\\\/03\\\/31\\\/el-pp-afirma-que-proteger-al-lobo-forzara-a-mas-ganaderos-a-dejar-su-actividad\\\/#respond\"]}]},{\"@type\":\"WebPage\",\"@id\":\"https:\\\/\\\/www.cuencasmineras.com\\\/index.php\\\/2021\\\/03\\\/31\\\/el-pp-afirma-que-proteger-al-lobo-forzara-a-mas-ganaderos-a-dejar-su-actividad\\\/\",\"url\":\"https:\\\/\\\/www.cuencasmineras.com\\\/index.php\\\/2021\\\/03\\\/31\\\/el-pp-afirma-que-proteger-al-lobo-forzara-a-mas-ganaderos-a-dejar-su-actividad\\\/\",\"name\":\"El PP afirma que proteger al lobo forzar\u00e1 a \u201cm\u00e1s ganaderos\u201d a dejar su actividad - cm news\",\"isPartOf\":{\"@id\":\"https:\\\/\\\/www.cuencasmineras.com\\\/#website\"},\"primaryImageOfPage\":{\"@id\":\"https:\\\/\\\/www.cuencasmineras.com\\\/index.php\\\/2021\\\/03\\\/31\\\/el-pp-afirma-que-proteger-al-lobo-forzara-a-mas-ganaderos-a-dejar-su-actividad\\\/#primaryimage\"},\"image\":{\"@id\":\"https:\\\/\\\/www.cuencasmineras.com\\\/index.php\\\/2021\\\/03\\\/31\\\/el-pp-afirma-que-proteger-al-lobo-forzara-a-mas-ganaderos-a-dejar-su-actividad\\\/#primaryimage\"},\"thumbnailUrl\":\"https:\\\/\\\/www.cuencasmineras.com\\\/wp-content\\\/uploads\\\/2021\\\/03\\\/7f9c2e9a-caac-404d-a4ec-b4c580bf7cd3_21-9-aspect-ratio_default_0.jpg\",\"datePublished\":\"2021-03-31T14:16:08+00:00\",\"author\":{\"@id\":\"https:\\\/\\\/www.cuencasmineras.com\\\/#\\\/schema\\\/person\\\/be0691310e8496ec555f679dd688420c\"},\"description\":\"Los populares aseguran que no hay criterios objetivos para aumentar la protecci\u00f3n y acusan a Hugo Mor\u00e1n de \u201ctraicionar a los asturianos\u201d\",\"breadcrumb\":{\"@id\":\"https:\\\/\\\/www.cuencasmineras.com\\\/index.php\\\/2021\\\/03\\\/31\\\/el-pp-afirma-que-proteger-al-lobo-forzara-a-mas-ganaderos-a-dejar-su-actividad\\\/#breadcrumb\"},\"inLanguage\":\"es\",\"potentialAction\":[{\"@type\":\"ReadAction\",\"target\":[\"https:\\\/\\\/www.cuencasmineras.com\\\/index.php\\\/2021\\\/03\\\/31\\\/el-pp-afirma-que-proteger-al-lobo-forzara-a-mas-ganaderos-a-dejar-su-actividad\\\/\"]}]},{\"@type\":\"ImageObject\",\"inLanguage\":\"es\",\"@id\":\"https:\\\/\\\/www.cuencasmineras.com\\\/index.php\\\/2021\\\/03\\\/31\\\/el-pp-afirma-que-proteger-al-lobo-forzara-a-mas-ganaderos-a-dejar-su-actividad\\\/#primaryimage\",\"url\":\"https:\\\/\\\/www.cuencasmineras.com\\\/wp-content\\\/uploads\\\/2021\\\/03\\\/7f9c2e9a-caac-404d-a4ec-b4c580bf7cd3_21-9-aspect-ratio_default_0.jpg\",\"contentUrl\":\"https:\\\/\\\/www.cuencasmineras.com\\\/wp-content\\\/uploads\\\/2021\\\/03\\\/7f9c2e9a-caac-404d-a4ec-b4c580bf7cd3_21-9-aspect-ratio_default_0.jpg\",\"width\":1280,\"height\":548},{\"@type\":\"BreadcrumbList\",\"@id\":\"https:\\\/\\\/www.cuencasmineras.com\\\/index.php\\\/2021\\\/03\\\/31\\\/el-pp-afirma-que-proteger-al-lobo-forzara-a-mas-ganaderos-a-dejar-su-actividad\\\/#breadcrumb\",\"itemListElement\":[{\"@type\":\"ListItem\",\"position\":1,\"name\":\"Portada\",\"item\":\"https:\\\/\\\/www.cuencasmineras.com\\\/\"},{\"@type\":\"ListItem\",\"position\":2,\"name\":\"El PP afirma que proteger al lobo forzar\u00e1 a \u201cm\u00e1s ganaderos\u201d a dejar su actividad\"}]},{\"@type\":\"WebSite\",\"@id\":\"https:\\\/\\\/www.cuencasmineras.com\\\/#website\",\"url\":\"https:\\\/\\\/www.cuencasmineras.com\\\/\",\"name\":\"\",\"description\":\"\",\"potentialAction\":[{\"@type\":\"SearchAction\",\"target\":{\"@type\":\"EntryPoint\",\"urlTemplate\":\"https:\\\/\\\/www.cuencasmineras.com\\\/?s={search_term_string}\"},\"query-input\":{\"@type\":\"PropertyValueSpecification\",\"valueRequired\":true,\"valueName\":\"search_term_string\"}}],\"inLanguage\":\"es\"},{\"@type\":\"Person\",\"@id\":\"https:\\\/\\\/www.cuencasmineras.com\\\/#\\\/schema\\\/person\\\/be0691310e8496ec555f679dd688420c\",\"name\":\"admin\",\"image\":{\"@type\":\"ImageObject\",\"inLanguage\":\"es\",\"@id\":\"https:\\\/\\\/secure.gravatar.com\\\/avatar\\\/4afd2eed3b2fbbf36dd6707b5bd8a5b50ac648f033e36fbf85aeace2f0f859db?s=96&d=mm&r=g\",\"url\":\"https:\\\/\\\/secure.gravatar.com\\\/avatar\\\/4afd2eed3b2fbbf36dd6707b5bd8a5b50ac648f033e36fbf85aeace2f0f859db?s=96&d=mm&r=g\",\"contentUrl\":\"https:\\\/\\\/secure.gravatar.com\\\/avatar\\\/4afd2eed3b2fbbf36dd6707b5bd8a5b50ac648f033e36fbf85aeace2f0f859db?s=96&d=mm&r=g\",\"caption\":\"admin\"},\"sameAs\":[\"https:\\\/\\\/www.cuencasmineras.com\"],\"url\":\"https:\\\/\\\/www.cuencasmineras.com\\\/index.php\\\/author\\\/admin\\\/\"}]}<\/script>\n<!-- \/ Yoast SEO plugin. -->","yoast_head_json":{"title":"El PP afirma que proteger al lobo forzar\u00e1 a \u201cm\u00e1s ganaderos\u201d a dejar su actividad - cm news","description":"Los populares aseguran que no hay criterios objetivos para aumentar la protecci\u00f3n y acusan a Hugo Mor\u00e1n de \u201ctraicionar a los asturianos\u201d","robots":{"index":"index","follow":"follow","max-snippet":"max-snippet:-1","max-image-preview":"max-image-preview:large","max-video-preview":"max-video-preview:-1"},"canonical":"https:\/\/www.cuencasmineras.com\/index.php\/2021\/03\/31\/el-pp-afirma-que-proteger-al-lobo-forzara-a-mas-ganaderos-a-dejar-su-actividad\/","og_locale":"es_ES","og_type":"article","og_title":"El PP afirma que proteger al lobo forzar\u00e1 a \u201cm\u00e1s ganaderos\u201d a dejar su actividad - cm news","og_description":"Los populares aseguran que no hay criterios objetivos para aumentar la protecci\u00f3n y acusan a Hugo Mor\u00e1n de \u201ctraicionar a los asturianos\u201d","og_url":"https:\/\/www.cuencasmineras.com\/index.php\/2021\/03\/31\/el-pp-afirma-que-proteger-al-lobo-forzara-a-mas-ganaderos-a-dejar-su-actividad\/","article_published_time":"2021-03-31T14:16:08+00:00","og_image":[{"width":1280,"height":548,"url":"https:\/\/www.cuencasmineras.com\/wp-content\/uploads\/2021\/03\/7f9c2e9a-caac-404d-a4ec-b4c580bf7cd3_21-9-aspect-ratio_default_0.jpg","type":"image\/jpeg"}],"author":"admin","twitter_card":"summary_large_image","twitter_misc":{"Escrito por":"admin","Tiempo de lectura":"3 minutos"},"schema":{"@context":"https:\/\/schema.org","@graph":[{"@type":"Article","@id":"https:\/\/www.cuencasmineras.com\/index.php\/2021\/03\/31\/el-pp-afirma-que-proteger-al-lobo-forzara-a-mas-ganaderos-a-dejar-su-actividad\/#article","isPartOf":{"@id":"https:\/\/www.cuencasmineras.com\/index.php\/2021\/03\/31\/el-pp-afirma-que-proteger-al-lobo-forzara-a-mas-ganaderos-a-dejar-su-actividad\/"},"author":{"name":"admin","@id":"https:\/\/www.cuencasmineras.com\/#\/schema\/person\/be0691310e8496ec555f679dd688420c"},"headline":"El PP afirma que proteger al lobo forzar\u00e1 a \u201cm\u00e1s ganaderos\u201d a dejar su actividad","datePublished":"2021-03-31T14:16:08+00:00","mainEntityOfPage":{"@id":"https:\/\/www.cuencasmineras.com\/index.php\/2021\/03\/31\/el-pp-afirma-que-proteger-al-lobo-forzara-a-mas-ganaderos-a-dejar-su-actividad\/"},"wordCount":609,"commentCount":0,"image":{"@id":"https:\/\/www.cuencasmineras.com\/index.php\/2021\/03\/31\/el-pp-afirma-que-proteger-al-lobo-forzara-a-mas-ganaderos-a-dejar-su-actividad\/#primaryimage"},"thumbnailUrl":"https:\/\/www.cuencasmineras.com\/wp-content\/uploads\/2021\/03\/7f9c2e9a-caac-404d-a4ec-b4c580bf7cd3_21-9-aspect-ratio_default_0.jpg","articleSection":["Caudal","CM NEWS"],"inLanguage":"es","potentialAction":[{"@type":"CommentAction","name":"Comment","target":["https:\/\/www.cuencasmineras.com\/index.php\/2021\/03\/31\/el-pp-afirma-que-proteger-al-lobo-forzara-a-mas-ganaderos-a-dejar-su-actividad\/#respond"]}]},{"@type":"WebPage","@id":"https:\/\/www.cuencasmineras.com\/index.php\/2021\/03\/31\/el-pp-afirma-que-proteger-al-lobo-forzara-a-mas-ganaderos-a-dejar-su-actividad\/","url":"https:\/\/www.cuencasmineras.com\/index.php\/2021\/03\/31\/el-pp-afirma-que-proteger-al-lobo-forzara-a-mas-ganaderos-a-dejar-su-actividad\/","name":"El PP afirma que proteger al lobo forzar\u00e1 a \u201cm\u00e1s ganaderos\u201d a dejar su actividad - cm news","isPartOf":{"@id":"https:\/\/www.cuencasmineras.com\/#website"},"primaryImageOfPage":{"@id":"https:\/\/www.cuencasmineras.com\/index.php\/2021\/03\/31\/el-pp-afirma-que-proteger-al-lobo-forzara-a-mas-ganaderos-a-dejar-su-actividad\/#primaryimage"},"image":{"@id":"https:\/\/www.cuencasmineras.com\/index.php\/2021\/03\/31\/el-pp-afirma-que-proteger-al-lobo-forzara-a-mas-ganaderos-a-dejar-su-actividad\/#primaryimage"},"thumbnailUrl":"https:\/\/www.cuencasmineras.com\/wp-content\/uploads\/2021\/03\/7f9c2e9a-caac-404d-a4ec-b4c580bf7cd3_21-9-aspect-ratio_default_0.jpg","datePublished":"2021-03-31T14:16:08+00:00","author":{"@id":"https:\/\/www.cuencasmineras.com\/#\/schema\/person\/be0691310e8496ec555f679dd688420c"},"description":"Los populares aseguran que no hay criterios objetivos para aumentar la protecci\u00f3n y acusan a Hugo Mor\u00e1n de \u201ctraicionar a los asturianos\u201d","breadcrumb":{"@id":"https:\/\/www.cuencasmineras.com\/index.php\/2021\/03\/31\/el-pp-afirma-que-proteger-al-lobo-forzara-a-mas-ganaderos-a-dejar-su-actividad\/#breadcrumb"},"inLanguage":"es","potentialAction":[{"@type":"ReadAction","target":["https:\/\/www.cuencasmineras.com\/index.php\/2021\/03\/31\/el-pp-afirma-que-proteger-al-lobo-forzara-a-mas-ganaderos-a-dejar-su-actividad\/"]}]},{"@type":"ImageObject","inLanguage":"es","@id":"https:\/\/www.cuencasmineras.com\/index.php\/2021\/03\/31\/el-pp-afirma-que-proteger-al-lobo-forzara-a-mas-ganaderos-a-dejar-su-actividad\/#primaryimage","url":"https:\/\/www.cuencasmineras.com\/wp-content\/uploads\/2021\/03\/7f9c2e9a-caac-404d-a4ec-b4c580bf7cd3_21-9-aspect-ratio_default_0.jpg","contentUrl":"https:\/\/www.cuencasmineras.com\/wp-content\/uploads\/2021\/03\/7f9c2e9a-caac-404d-a4ec-b4c580bf7cd3_21-9-aspect-ratio_default_0.jpg","width":1280,"height":548},{"@type":"BreadcrumbList","@id":"https:\/\/www.cuencasmineras.com\/index.php\/2021\/03\/31\/el-pp-afirma-que-proteger-al-lobo-forzara-a-mas-ganaderos-a-dejar-su-actividad\/#breadcrumb","itemListElement":[{"@type":"ListItem","position":1,"name":"Portada","item":"https:\/\/www.cuencasmineras.com\/"},{"@type":"ListItem","position":2,"name":"El PP afirma que proteger al lobo forzar\u00e1 a \u201cm\u00e1s ganaderos\u201d a dejar su actividad"}]},{"@type":"WebSite","@id":"https:\/\/www.cuencasmineras.com\/#website","url":"https:\/\/www.cuencasmineras.com\/","name":"","description":"","potentialAction":[{"@type":"SearchAction","target":{"@type":"EntryPoint","urlTemplate":"https:\/\/www.cuencasmineras.com\/?s={search_term_string}"},"query-input":{"@type":"PropertyValueSpecification","valueRequired":true,"valueName":"search_term_string"}}],"inLanguage":"es"},{"@type":"Person","@id":"https:\/\/www.cuencasmineras.com\/#\/schema\/person\/be0691310e8496ec555f679dd688420c","name":"admin","image":{"@type":"ImageObject","inLanguage":"es","@id":"https:\/\/secure.gravatar.com\/avatar\/4afd2eed3b2fbbf36dd6707b5bd8a5b50ac648f033e36fbf85aeace2f0f859db?s=96&d=mm&r=g","url":"https:\/\/secure.gravatar.com\/avatar\/4afd2eed3b2fbbf36dd6707b5bd8a5b50ac648f033e36fbf85aeace2f0f859db?s=96&d=mm&r=g","contentUrl":"https:\/\/secure.gravatar.com\/avatar\/4afd2eed3b2fbbf36dd6707b5bd8a5b50ac648f033e36fbf85aeace2f0f859db?s=96&d=mm&r=g","caption":"admin"},"sameAs":["https:\/\/www.cuencasmineras.com"],"url":"https:\/\/www.cuencasmineras.com\/index.php\/author\/admin\/"}]}},"_links":{"self":[{"href":"https:\/\/www.cuencasmineras.com\/index.php\/wp-json\/wp\/v2\/posts\/2285","targetHints":{"allow":["GET"]}}],"collection":[{"href":"https:\/\/www.cuencasmineras.com\/index.php\/wp-json\/wp\/v2\/posts"}],"about":[{"href":"https:\/\/www.cuencasmineras.com\/index.php\/wp-json\/wp\/v2\/types\/post"}],"author":[{"embeddable":true,"href":"https:\/\/www.cuencasmineras.com\/index.php\/wp-json\/wp\/v2\/users\/1"}],"replies":[{"embeddable":true,"href":"https:\/\/www.cuencasmineras.com\/index.php\/wp-json\/wp\/v2\/comments?post=2285"}],"version-history":[{"count":1,"href":"https:\/\/www.cuencasmineras.com\/index.php\/wp-json\/wp\/v2\/posts\/2285\/revisions"}],"predecessor-version":[{"id":2287,"href":"https:\/\/www.cuencasmineras.com\/index.php\/wp-json\/wp\/v2\/posts\/2285\/revisions\/2287"}],"wp:featuredmedia":[{"embeddable":true,"href":"https:\/\/www.cuencasmineras.com\/index.php\/wp-json\/wp\/v2\/media\/2286"}],"wp:attachment":[{"href":"https:\/\/www.cuencasmineras.com\/index.php\/wp-json\/wp\/v2\/media?parent=2285"}],"wp:term":[{"taxonomy":"category","embeddable":true,"href":"https:\/\/www.cuencasmineras.com\/index.php\/wp-json\/wp\/v2\/categories?post=2285"},{"taxonomy":"post_tag","embeddable":true,"href":"https:\/\/www.cuencasmineras.com\/index.php\/wp-json\/wp\/v2\/tags?post=2285"}],"curies":[{"name":"wp","href":"https:\/\/api.w.org\/{rel}","templated":true}]}}