{"id":2288,"date":"2021-03-31T14:19:14","date_gmt":"2021-03-31T14:19:14","guid":{"rendered":"https:\/\/www.cuencasmineras.com\/?p=2288"},"modified":"2021-03-31T14:19:14","modified_gmt":"2021-03-31T14:19:14","slug":"laviana-cubre-el-ultimo-tramite-para-iniciar-las-obras-del-plan-de-movilidad-en-un-mes","status":"publish","type":"post","link":"https:\/\/www.cuencasmineras.com\/index.php\/2021\/03\/31\/laviana-cubre-el-ultimo-tramite-para-iniciar-las-obras-del-plan-de-movilidad-en-un-mes\/","title":{"rendered":"Laviana cubre el \u00faltimo tr\u00e1mite para iniciar las obras del plan de movilidad en un mes"},"content":{"rendered":"<p style=\"text-align: justify;\">El Ayuntamiento de Laviana ha concluido los tr\u00e1mites previos al inicio del plan de movilidad, con la formalizaci\u00f3n del contrato. Los trabajos del proyecto Arcadia 2030 se empezar\u00e1n a ejecutar a finales de abril una vez finalizados los trabajos de mejora del saneamiento en las calles Juan XXIII, Leopoldo Alas Clar\u00edn y Joaqu\u00edn Iglesias, que se est\u00e1n desarrollando en estos momentos.<\/p>\n<p style=\"text-align: justify;\"><img loading=\"lazy\" decoding=\"async\" class=\"aligncenter size-large wp-image-2289\" src=\"https:\/\/www.cuencasmineras.com\/wp-content\/uploads\/2021\/03\/21772606-d82d-43a9-a867-d8972df3fdfd_21-9-aspect-ratio_default_0-1024x438.jpg\" alt=\"\" width=\"640\" height=\"274\" srcset=\"https:\/\/www.cuencasmineras.com\/wp-content\/uploads\/2021\/03\/21772606-d82d-43a9-a867-d8972df3fdfd_21-9-aspect-ratio_default_0-1024x438.jpg 1024w, https:\/\/www.cuencasmineras.com\/wp-content\/uploads\/2021\/03\/21772606-d82d-43a9-a867-d8972df3fdfd_21-9-aspect-ratio_default_0-300x128.jpg 300w, https:\/\/www.cuencasmineras.com\/wp-content\/uploads\/2021\/03\/21772606-d82d-43a9-a867-d8972df3fdfd_21-9-aspect-ratio_default_0-768x329.jpg 768w, https:\/\/www.cuencasmineras.com\/wp-content\/uploads\/2021\/03\/21772606-d82d-43a9-a867-d8972df3fdfd_21-9-aspect-ratio_default_0.jpg 1280w\" sizes=\"auto, (max-width: 640px) 100vw, 640px\" \/><\/p>\n<p style=\"text-align: justify;\">El alcalde de Laviana, Julio Garc\u00eda, firm\u00f3 ayer el contrato para abordar el plan de movilidad con el gerente de la empresa adjudicataria, Ingenier\u00eda de Construcci\u00f3n y Obra Civil de Asturias CGS, Joel Garc\u00eda, que es tambi\u00e9n el presidente de la Confederaci\u00f3n Asturiana de la Construcci\u00f3n. El presupuesto de licitaci\u00f3n de la actuaci\u00f3n se situ\u00f3 en 897.434 euros.<\/p>\n<p style=\"text-align: justify;\">Esta empresa ejecuta actualmente junto a Dragados las obras de saneamiento impulsadas por el Principado en varias calles de Pola de Laviana. El Ayuntamiento y el Principado coordinaron la ejecuci\u00f3n de los trabajos para \u201cminimizar as\u00ed, en la medida de lo posible, las posibles molestias en las calles afectadas\u201d, indic\u00f3 el gobierno municipal. Cuando acaben estas obras comenzar\u00e1n las actuaciones del plan Arcadia 2030 y la pavimentaci\u00f3n de estas calles, lo que dar\u00e1 lugar a la ampliaci\u00f3n de La Avenida. El proyecto incluye la peatonalizaci\u00f3n de diez calles.<\/p>\n<p style=\"text-align: justify;\">El Ayuntamiento defiende que el plan de movilidad \u201crevitalizar\u00e1 Pola de Laviana, har\u00e1 de la villa un lugar m\u00e1s seguro, sostenible y atractivo para vivir, recuperar\u00e1 espacios para las personas frente a los coches, generar\u00e1 nuevas zonas verdes de ocio y dar\u00e1 lugar a un carril bici que conectar\u00e1 de norte a sur la localidad\u201d. Para suplir las cerca de treinta plazas eliminadas en las calles en las que se act\u00faa ahora y crear m\u00e1s, desde el Consistorio se han habilitado 150 plazas provisionales de aparcamiento. Es aproximadamente un tercio del parking previsto en el proyecto, que tendr\u00e1 capacidad para 400 veh\u00edculos.<\/p>\n<p style=\"text-align: justify;\">A esta zona de estacionamiento, que est\u00e1 ubicada en el centro de la villa, se entra actualmente por la avenida Arturo Le\u00f3n. Los accesos se mejorar\u00e1n en los pr\u00f3ximos d\u00edas, ampliando el vial peatonal desde la calle Pelayo y habilitando en esa zona una v\u00eda de salida. El plan de movilidad incluye tambi\u00e9n la implantaci\u00f3n en la calle Libertad, la principal arteria de Pola de Laviana, del concepto \u201cespacio compartido\u201d. El vial, en el que se suprimir\u00e1n las marcas viales en el pavimento, ser\u00e1 utilizado por coches y peatones. Los veh\u00edculos que circulen por la calle Libertad una vez concluidas las obras no podr\u00e1n superar los diez kil\u00f3metros por hora. El proyecto dispone de 800.000 euros de financiaci\u00f3n de fondos europeos, a los que se sumar\u00e1n otros 200.000 euros que destinar\u00e1 el Consistorio.<\/p>\n<p style=\"text-align: justify;\">La licitaci\u00f3n de la iniciativa se puso en marcha despu\u00e9s de que los vecinos diesen su apoyo en la consulta popular. El Ayuntamiento de Laviana puso en marcha recientemente los tr\u00e1mites para adjudicar la direcci\u00f3n t\u00e9cnica de la obra del plan de movilidad.<\/p>\n","protected":false},"excerpt":{"rendered":"<p>El Ayuntamiento de Laviana ha concluido los tr\u00e1mites previos al inicio del plan de movilidad, con la formalizaci\u00f3n del contrato. Los trabajos del proyecto Arcadia 2030 se empezar\u00e1n a ejecutar a finales de abril una vez finalizados los trabajos de mejora del saneamiento en las calles Juan XXIII, Leopoldo Alas Clar\u00edn y Joaqu\u00edn Iglesias, que [&hellip;]<\/p>\n","protected":false},"author":1,"featured_media":2289,"comment_status":"open","ping_status":"open","sticky":false,"template":"","format":"standard","meta":{"footnotes":""},"categories":[6,8],"tags":[],"class_list":["post-2288","post","type-post","status-publish","format-standard","has-post-thumbnail","hentry","category-noticias","category-nalon"],"yoast_head":"<!-- This site is optimized with the Yoast SEO plugin v27.4 - https:\/\/yoast.com\/product\/yoast-seo-wordpress\/ -->\n<title>Laviana cubre el \u00faltimo tr\u00e1mite para iniciar las obras del plan de movilidad en un mes - cm news<\/title>\n<meta name=\"description\" content=\"El Ayuntamiento formaliza el contrato para ejecutar el proyecto de peatonalizaciones Arcadia 2030, que dispone de fondos europeos\" \/>\n<meta name=\"robots\" content=\"index, follow, max-snippet:-1, max-image-preview:large, max-video-preview:-1\" \/>\n<link rel=\"canonical\" href=\"https:\/\/www.cuencasmineras.com\/index.php\/2021\/03\/31\/laviana-cubre-el-ultimo-tramite-para-iniciar-las-obras-del-plan-de-movilidad-en-un-mes\/\" \/>\n<meta property=\"og:locale\" content=\"es_ES\" \/>\n<meta property=\"og:type\" content=\"article\" \/>\n<meta property=\"og:title\" content=\"Laviana cubre el \u00faltimo tr\u00e1mite para iniciar las obras del plan de movilidad en un mes - cm news\" \/>\n<meta property=\"og:description\" content=\"El Ayuntamiento formaliza el contrato para ejecutar el proyecto de peatonalizaciones Arcadia 2030, que dispone de fondos europeos\" \/>\n<meta property=\"og:url\" content=\"https:\/\/www.cuencasmineras.com\/index.php\/2021\/03\/31\/laviana-cubre-el-ultimo-tramite-para-iniciar-las-obras-del-plan-de-movilidad-en-un-mes\/\" \/>\n<meta property=\"article:published_time\" content=\"2021-03-31T14:19:14+00:00\" \/>\n<meta property=\"og:image\" content=\"https:\/\/www.cuencasmineras.com\/wp-content\/uploads\/2021\/03\/21772606-d82d-43a9-a867-d8972df3fdfd_21-9-aspect-ratio_default_0.jpg\" \/>\n\t<meta property=\"og:image:width\" content=\"1280\" \/>\n\t<meta property=\"og:image:height\" content=\"548\" \/>\n\t<meta property=\"og:image:type\" content=\"image\/jpeg\" \/>\n<meta name=\"author\" content=\"admin\" \/>\n<meta name=\"twitter:card\" content=\"summary_large_image\" \/>\n<meta name=\"twitter:label1\" content=\"Escrito por\" \/>\n\t<meta name=\"twitter:data1\" content=\"admin\" \/>\n\t<meta name=\"twitter:label2\" content=\"Tiempo de lectura\" \/>\n\t<meta name=\"twitter:data2\" content=\"3 minutos\" \/>\n<script type=\"application\/ld+json\" class=\"yoast-schema-graph\">{\"@context\":\"https:\\\/\\\/schema.org\",\"@graph\":[{\"@type\":\"Article\",\"@id\":\"https:\\\/\\\/www.cuencasmineras.com\\\/index.php\\\/2021\\\/03\\\/31\\\/laviana-cubre-el-ultimo-tramite-para-iniciar-las-obras-del-plan-de-movilidad-en-un-mes\\\/#article\",\"isPartOf\":{\"@id\":\"https:\\\/\\\/www.cuencasmineras.com\\\/index.php\\\/2021\\\/03\\\/31\\\/laviana-cubre-el-ultimo-tramite-para-iniciar-las-obras-del-plan-de-movilidad-en-un-mes\\\/\"},\"author\":{\"name\":\"admin\",\"@id\":\"https:\\\/\\\/www.cuencasmineras.com\\\/#\\\/schema\\\/person\\\/be0691310e8496ec555f679dd688420c\"},\"headline\":\"Laviana cubre el \u00faltimo tr\u00e1mite para iniciar las obras del plan de movilidad en un mes\",\"datePublished\":\"2021-03-31T14:19:14+00:00\",\"mainEntityOfPage\":{\"@id\":\"https:\\\/\\\/www.cuencasmineras.com\\\/index.php\\\/2021\\\/03\\\/31\\\/laviana-cubre-el-ultimo-tramite-para-iniciar-las-obras-del-plan-de-movilidad-en-un-mes\\\/\"},\"wordCount\":537,\"commentCount\":0,\"image\":{\"@id\":\"https:\\\/\\\/www.cuencasmineras.com\\\/index.php\\\/2021\\\/03\\\/31\\\/laviana-cubre-el-ultimo-tramite-para-iniciar-las-obras-del-plan-de-movilidad-en-un-mes\\\/#primaryimage\"},\"thumbnailUrl\":\"https:\\\/\\\/www.cuencasmineras.com\\\/wp-content\\\/uploads\\\/2021\\\/03\\\/21772606-d82d-43a9-a867-d8972df3fdfd_21-9-aspect-ratio_default_0.jpg\",\"articleSection\":[\"CM NEWS\",\"Nal\u00f3n\"],\"inLanguage\":\"es\",\"potentialAction\":[{\"@type\":\"CommentAction\",\"name\":\"Comment\",\"target\":[\"https:\\\/\\\/www.cuencasmineras.com\\\/index.php\\\/2021\\\/03\\\/31\\\/laviana-cubre-el-ultimo-tramite-para-iniciar-las-obras-del-plan-de-movilidad-en-un-mes\\\/#respond\"]}]},{\"@type\":\"WebPage\",\"@id\":\"https:\\\/\\\/www.cuencasmineras.com\\\/index.php\\\/2021\\\/03\\\/31\\\/laviana-cubre-el-ultimo-tramite-para-iniciar-las-obras-del-plan-de-movilidad-en-un-mes\\\/\",\"url\":\"https:\\\/\\\/www.cuencasmineras.com\\\/index.php\\\/2021\\\/03\\\/31\\\/laviana-cubre-el-ultimo-tramite-para-iniciar-las-obras-del-plan-de-movilidad-en-un-mes\\\/\",\"name\":\"Laviana cubre el \u00faltimo tr\u00e1mite para iniciar las obras del plan de movilidad en un mes - cm news\",\"isPartOf\":{\"@id\":\"https:\\\/\\\/www.cuencasmineras.com\\\/#website\"},\"primaryImageOfPage\":{\"@id\":\"https:\\\/\\\/www.cuencasmineras.com\\\/index.php\\\/2021\\\/03\\\/31\\\/laviana-cubre-el-ultimo-tramite-para-iniciar-las-obras-del-plan-de-movilidad-en-un-mes\\\/#primaryimage\"},\"image\":{\"@id\":\"https:\\\/\\\/www.cuencasmineras.com\\\/index.php\\\/2021\\\/03\\\/31\\\/laviana-cubre-el-ultimo-tramite-para-iniciar-las-obras-del-plan-de-movilidad-en-un-mes\\\/#primaryimage\"},\"thumbnailUrl\":\"https:\\\/\\\/www.cuencasmineras.com\\\/wp-content\\\/uploads\\\/2021\\\/03\\\/21772606-d82d-43a9-a867-d8972df3fdfd_21-9-aspect-ratio_default_0.jpg\",\"datePublished\":\"2021-03-31T14:19:14+00:00\",\"author\":{\"@id\":\"https:\\\/\\\/www.cuencasmineras.com\\\/#\\\/schema\\\/person\\\/be0691310e8496ec555f679dd688420c\"},\"description\":\"El Ayuntamiento formaliza el contrato para ejecutar el proyecto de peatonalizaciones Arcadia 2030, que dispone de fondos europeos\",\"breadcrumb\":{\"@id\":\"https:\\\/\\\/www.cuencasmineras.com\\\/index.php\\\/2021\\\/03\\\/31\\\/laviana-cubre-el-ultimo-tramite-para-iniciar-las-obras-del-plan-de-movilidad-en-un-mes\\\/#breadcrumb\"},\"inLanguage\":\"es\",\"potentialAction\":[{\"@type\":\"ReadAction\",\"target\":[\"https:\\\/\\\/www.cuencasmineras.com\\\/index.php\\\/2021\\\/03\\\/31\\\/laviana-cubre-el-ultimo-tramite-para-iniciar-las-obras-del-plan-de-movilidad-en-un-mes\\\/\"]}]},{\"@type\":\"ImageObject\",\"inLanguage\":\"es\",\"@id\":\"https:\\\/\\\/www.cuencasmineras.com\\\/index.php\\\/2021\\\/03\\\/31\\\/laviana-cubre-el-ultimo-tramite-para-iniciar-las-obras-del-plan-de-movilidad-en-un-mes\\\/#primaryimage\",\"url\":\"https:\\\/\\\/www.cuencasmineras.com\\\/wp-content\\\/uploads\\\/2021\\\/03\\\/21772606-d82d-43a9-a867-d8972df3fdfd_21-9-aspect-ratio_default_0.jpg\",\"contentUrl\":\"https:\\\/\\\/www.cuencasmineras.com\\\/wp-content\\\/uploads\\\/2021\\\/03\\\/21772606-d82d-43a9-a867-d8972df3fdfd_21-9-aspect-ratio_default_0.jpg\",\"width\":1280,\"height\":548},{\"@type\":\"BreadcrumbList\",\"@id\":\"https:\\\/\\\/www.cuencasmineras.com\\\/index.php\\\/2021\\\/03\\\/31\\\/laviana-cubre-el-ultimo-tramite-para-iniciar-las-obras-del-plan-de-movilidad-en-un-mes\\\/#breadcrumb\",\"itemListElement\":[{\"@type\":\"ListItem\",\"position\":1,\"name\":\"Portada\",\"item\":\"https:\\\/\\\/www.cuencasmineras.com\\\/\"},{\"@type\":\"ListItem\",\"position\":2,\"name\":\"Laviana cubre el \u00faltimo tr\u00e1mite para iniciar las obras del plan de movilidad en un mes\"}]},{\"@type\":\"WebSite\",\"@id\":\"https:\\\/\\\/www.cuencasmineras.com\\\/#website\",\"url\":\"https:\\\/\\\/www.cuencasmineras.com\\\/\",\"name\":\"\",\"description\":\"\",\"potentialAction\":[{\"@type\":\"SearchAction\",\"target\":{\"@type\":\"EntryPoint\",\"urlTemplate\":\"https:\\\/\\\/www.cuencasmineras.com\\\/?s={search_term_string}\"},\"query-input\":{\"@type\":\"PropertyValueSpecification\",\"valueRequired\":true,\"valueName\":\"search_term_string\"}}],\"inLanguage\":\"es\"},{\"@type\":\"Person\",\"@id\":\"https:\\\/\\\/www.cuencasmineras.com\\\/#\\\/schema\\\/person\\\/be0691310e8496ec555f679dd688420c\",\"name\":\"admin\",\"image\":{\"@type\":\"ImageObject\",\"inLanguage\":\"es\",\"@id\":\"https:\\\/\\\/secure.gravatar.com\\\/avatar\\\/4afd2eed3b2fbbf36dd6707b5bd8a5b50ac648f033e36fbf85aeace2f0f859db?s=96&d=mm&r=g\",\"url\":\"https:\\\/\\\/secure.gravatar.com\\\/avatar\\\/4afd2eed3b2fbbf36dd6707b5bd8a5b50ac648f033e36fbf85aeace2f0f859db?s=96&d=mm&r=g\",\"contentUrl\":\"https:\\\/\\\/secure.gravatar.com\\\/avatar\\\/4afd2eed3b2fbbf36dd6707b5bd8a5b50ac648f033e36fbf85aeace2f0f859db?s=96&d=mm&r=g\",\"caption\":\"admin\"},\"sameAs\":[\"https:\\\/\\\/www.cuencasmineras.com\"],\"url\":\"https:\\\/\\\/www.cuencasmineras.com\\\/index.php\\\/author\\\/admin\\\/\"}]}<\/script>\n<!-- \/ Yoast SEO plugin. -->","yoast_head_json":{"title":"Laviana cubre el \u00faltimo tr\u00e1mite para iniciar las obras del plan de movilidad en un mes - cm news","description":"El Ayuntamiento formaliza el contrato para ejecutar el proyecto de peatonalizaciones Arcadia 2030, que dispone de fondos europeos","robots":{"index":"index","follow":"follow","max-snippet":"max-snippet:-1","max-image-preview":"max-image-preview:large","max-video-preview":"max-video-preview:-1"},"canonical":"https:\/\/www.cuencasmineras.com\/index.php\/2021\/03\/31\/laviana-cubre-el-ultimo-tramite-para-iniciar-las-obras-del-plan-de-movilidad-en-un-mes\/","og_locale":"es_ES","og_type":"article","og_title":"Laviana cubre el \u00faltimo tr\u00e1mite para iniciar las obras del plan de movilidad en un mes - cm news","og_description":"El Ayuntamiento formaliza el contrato para ejecutar el proyecto de peatonalizaciones Arcadia 2030, que dispone de fondos europeos","og_url":"https:\/\/www.cuencasmineras.com\/index.php\/2021\/03\/31\/laviana-cubre-el-ultimo-tramite-para-iniciar-las-obras-del-plan-de-movilidad-en-un-mes\/","article_published_time":"2021-03-31T14:19:14+00:00","og_image":[{"width":1280,"height":548,"url":"https:\/\/www.cuencasmineras.com\/wp-content\/uploads\/2021\/03\/21772606-d82d-43a9-a867-d8972df3fdfd_21-9-aspect-ratio_default_0.jpg","type":"image\/jpeg"}],"author":"admin","twitter_card":"summary_large_image","twitter_misc":{"Escrito por":"admin","Tiempo de lectura":"3 minutos"},"schema":{"@context":"https:\/\/schema.org","@graph":[{"@type":"Article","@id":"https:\/\/www.cuencasmineras.com\/index.php\/2021\/03\/31\/laviana-cubre-el-ultimo-tramite-para-iniciar-las-obras-del-plan-de-movilidad-en-un-mes\/#article","isPartOf":{"@id":"https:\/\/www.cuencasmineras.com\/index.php\/2021\/03\/31\/laviana-cubre-el-ultimo-tramite-para-iniciar-las-obras-del-plan-de-movilidad-en-un-mes\/"},"author":{"name":"admin","@id":"https:\/\/www.cuencasmineras.com\/#\/schema\/person\/be0691310e8496ec555f679dd688420c"},"headline":"Laviana cubre el \u00faltimo tr\u00e1mite para iniciar las obras del plan de movilidad en un mes","datePublished":"2021-03-31T14:19:14+00:00","mainEntityOfPage":{"@id":"https:\/\/www.cuencasmineras.com\/index.php\/2021\/03\/31\/laviana-cubre-el-ultimo-tramite-para-iniciar-las-obras-del-plan-de-movilidad-en-un-mes\/"},"wordCount":537,"commentCount":0,"image":{"@id":"https:\/\/www.cuencasmineras.com\/index.php\/2021\/03\/31\/laviana-cubre-el-ultimo-tramite-para-iniciar-las-obras-del-plan-de-movilidad-en-un-mes\/#primaryimage"},"thumbnailUrl":"https:\/\/www.cuencasmineras.com\/wp-content\/uploads\/2021\/03\/21772606-d82d-43a9-a867-d8972df3fdfd_21-9-aspect-ratio_default_0.jpg","articleSection":["CM NEWS","Nal\u00f3n"],"inLanguage":"es","potentialAction":[{"@type":"CommentAction","name":"Comment","target":["https:\/\/www.cuencasmineras.com\/index.php\/2021\/03\/31\/laviana-cubre-el-ultimo-tramite-para-iniciar-las-obras-del-plan-de-movilidad-en-un-mes\/#respond"]}]},{"@type":"WebPage","@id":"https:\/\/www.cuencasmineras.com\/index.php\/2021\/03\/31\/laviana-cubre-el-ultimo-tramite-para-iniciar-las-obras-del-plan-de-movilidad-en-un-mes\/","url":"https:\/\/www.cuencasmineras.com\/index.php\/2021\/03\/31\/laviana-cubre-el-ultimo-tramite-para-iniciar-las-obras-del-plan-de-movilidad-en-un-mes\/","name":"Laviana cubre el \u00faltimo tr\u00e1mite para iniciar las obras del plan de movilidad en un mes - cm news","isPartOf":{"@id":"https:\/\/www.cuencasmineras.com\/#website"},"primaryImageOfPage":{"@id":"https:\/\/www.cuencasmineras.com\/index.php\/2021\/03\/31\/laviana-cubre-el-ultimo-tramite-para-iniciar-las-obras-del-plan-de-movilidad-en-un-mes\/#primaryimage"},"image":{"@id":"https:\/\/www.cuencasmineras.com\/index.php\/2021\/03\/31\/laviana-cubre-el-ultimo-tramite-para-iniciar-las-obras-del-plan-de-movilidad-en-un-mes\/#primaryimage"},"thumbnailUrl":"https:\/\/www.cuencasmineras.com\/wp-content\/uploads\/2021\/03\/21772606-d82d-43a9-a867-d8972df3fdfd_21-9-aspect-ratio_default_0.jpg","datePublished":"2021-03-31T14:19:14+00:00","author":{"@id":"https:\/\/www.cuencasmineras.com\/#\/schema\/person\/be0691310e8496ec555f679dd688420c"},"description":"El Ayuntamiento formaliza el contrato para ejecutar el proyecto de peatonalizaciones Arcadia 2030, que dispone de fondos europeos","breadcrumb":{"@id":"https:\/\/www.cuencasmineras.com\/index.php\/2021\/03\/31\/laviana-cubre-el-ultimo-tramite-para-iniciar-las-obras-del-plan-de-movilidad-en-un-mes\/#breadcrumb"},"inLanguage":"es","potentialAction":[{"@type":"ReadAction","target":["https:\/\/www.cuencasmineras.com\/index.php\/2021\/03\/31\/laviana-cubre-el-ultimo-tramite-para-iniciar-las-obras-del-plan-de-movilidad-en-un-mes\/"]}]},{"@type":"ImageObject","inLanguage":"es","@id":"https:\/\/www.cuencasmineras.com\/index.php\/2021\/03\/31\/laviana-cubre-el-ultimo-tramite-para-iniciar-las-obras-del-plan-de-movilidad-en-un-mes\/#primaryimage","url":"https:\/\/www.cuencasmineras.com\/wp-content\/uploads\/2021\/03\/21772606-d82d-43a9-a867-d8972df3fdfd_21-9-aspect-ratio_default_0.jpg","contentUrl":"https:\/\/www.cuencasmineras.com\/wp-content\/uploads\/2021\/03\/21772606-d82d-43a9-a867-d8972df3fdfd_21-9-aspect-ratio_default_0.jpg","width":1280,"height":548},{"@type":"BreadcrumbList","@id":"https:\/\/www.cuencasmineras.com\/index.php\/2021\/03\/31\/laviana-cubre-el-ultimo-tramite-para-iniciar-las-obras-del-plan-de-movilidad-en-un-mes\/#breadcrumb","itemListElement":[{"@type":"ListItem","position":1,"name":"Portada","item":"https:\/\/www.cuencasmineras.com\/"},{"@type":"ListItem","position":2,"name":"Laviana cubre el \u00faltimo tr\u00e1mite para iniciar las obras del plan de movilidad en un mes"}]},{"@type":"WebSite","@id":"https:\/\/www.cuencasmineras.com\/#website","url":"https:\/\/www.cuencasmineras.com\/","name":"","description":"","potentialAction":[{"@type":"SearchAction","target":{"@type":"EntryPoint","urlTemplate":"https:\/\/www.cuencasmineras.com\/?s={search_term_string}"},"query-input":{"@type":"PropertyValueSpecification","valueRequired":true,"valueName":"search_term_string"}}],"inLanguage":"es"},{"@type":"Person","@id":"https:\/\/www.cuencasmineras.com\/#\/schema\/person\/be0691310e8496ec555f679dd688420c","name":"admin","image":{"@type":"ImageObject","inLanguage":"es","@id":"https:\/\/secure.gravatar.com\/avatar\/4afd2eed3b2fbbf36dd6707b5bd8a5b50ac648f033e36fbf85aeace2f0f859db?s=96&d=mm&r=g","url":"https:\/\/secure.gravatar.com\/avatar\/4afd2eed3b2fbbf36dd6707b5bd8a5b50ac648f033e36fbf85aeace2f0f859db?s=96&d=mm&r=g","contentUrl":"https:\/\/secure.gravatar.com\/avatar\/4afd2eed3b2fbbf36dd6707b5bd8a5b50ac648f033e36fbf85aeace2f0f859db?s=96&d=mm&r=g","caption":"admin"},"sameAs":["https:\/\/www.cuencasmineras.com"],"url":"https:\/\/www.cuencasmineras.com\/index.php\/author\/admin\/"}]}},"_links":{"self":[{"href":"https:\/\/www.cuencasmineras.com\/index.php\/wp-json\/wp\/v2\/posts\/2288","targetHints":{"allow":["GET"]}}],"collection":[{"href":"https:\/\/www.cuencasmineras.com\/index.php\/wp-json\/wp\/v2\/posts"}],"about":[{"href":"https:\/\/www.cuencasmineras.com\/index.php\/wp-json\/wp\/v2\/types\/post"}],"author":[{"embeddable":true,"href":"https:\/\/www.cuencasmineras.com\/index.php\/wp-json\/wp\/v2\/users\/1"}],"replies":[{"embeddable":true,"href":"https:\/\/www.cuencasmineras.com\/index.php\/wp-json\/wp\/v2\/comments?post=2288"}],"version-history":[{"count":1,"href":"https:\/\/www.cuencasmineras.com\/index.php\/wp-json\/wp\/v2\/posts\/2288\/revisions"}],"predecessor-version":[{"id":2290,"href":"https:\/\/www.cuencasmineras.com\/index.php\/wp-json\/wp\/v2\/posts\/2288\/revisions\/2290"}],"wp:featuredmedia":[{"embeddable":true,"href":"https:\/\/www.cuencasmineras.com\/index.php\/wp-json\/wp\/v2\/media\/2289"}],"wp:attachment":[{"href":"https:\/\/www.cuencasmineras.com\/index.php\/wp-json\/wp\/v2\/media?parent=2288"}],"wp:term":[{"taxonomy":"category","embeddable":true,"href":"https:\/\/www.cuencasmineras.com\/index.php\/wp-json\/wp\/v2\/categories?post=2288"},{"taxonomy":"post_tag","embeddable":true,"href":"https:\/\/www.cuencasmineras.com\/index.php\/wp-json\/wp\/v2\/tags?post=2288"}],"curies":[{"name":"wp","href":"https:\/\/api.w.org\/{rel}","templated":true}]}}