{"id":2291,"date":"2021-03-31T14:22:04","date_gmt":"2021-03-31T14:22:04","guid":{"rendered":"https:\/\/www.cuencasmineras.com\/?p=2291"},"modified":"2021-03-31T14:22:04","modified_gmt":"2021-03-31T14:22:04","slug":"el-gobierno-de-langreo-sigue-buscando-una-solucion-para-el-transporte-escolar-en-tuilla","status":"publish","type":"post","link":"https:\/\/www.cuencasmineras.com\/index.php\/2021\/03\/31\/el-gobierno-de-langreo-sigue-buscando-una-solucion-para-el-transporte-escolar-en-tuilla\/","title":{"rendered":"El gobierno de Langreo sigue buscando una soluci\u00f3n para el transporte escolar en Tuilla"},"content":{"rendered":"<p style=\"text-align: justify;\">El gobierno local de Langreo sali\u00f3 al paso ayer de las quejas mostradas por los padres de los alumnos del colegio p\u00fablico de Tuilla, que demandan una l\u00ednea de transporte escolar para la zona rural de la localidad. El concejal de Transportes, Javier Castro asegur\u00f3 que siguen buscando una soluci\u00f3n para los escolares, remarcando eso s\u00ed, que no es una competencia municipal.<\/p>\n<p><img loading=\"lazy\" decoding=\"async\" class=\"aligncenter size-large wp-image-2292\" src=\"https:\/\/www.cuencasmineras.com\/wp-content\/uploads\/2021\/03\/7e371838-d523-4a33-a805-d8cac9281ae5_21-9-aspect-ratio_default_0-1-1024x438.jpg\" alt=\"\" width=\"640\" height=\"274\" srcset=\"https:\/\/www.cuencasmineras.com\/wp-content\/uploads\/2021\/03\/7e371838-d523-4a33-a805-d8cac9281ae5_21-9-aspect-ratio_default_0-1-1024x438.jpg 1024w, https:\/\/www.cuencasmineras.com\/wp-content\/uploads\/2021\/03\/7e371838-d523-4a33-a805-d8cac9281ae5_21-9-aspect-ratio_default_0-1-300x128.jpg 300w, https:\/\/www.cuencasmineras.com\/wp-content\/uploads\/2021\/03\/7e371838-d523-4a33-a805-d8cac9281ae5_21-9-aspect-ratio_default_0-1-768x329.jpg 768w, https:\/\/www.cuencasmineras.com\/wp-content\/uploads\/2021\/03\/7e371838-d523-4a33-a805-d8cac9281ae5_21-9-aspect-ratio_default_0-1.jpg 1280w\" sizes=\"auto, (max-width: 640px) 100vw, 640px\" \/><\/p>\n<p style=\"text-align: justify;\">Por esta raz\u00f3n, la principal pretensi\u00f3n del gobierno local es que la consejer\u00eda de Educaci\u00f3n atienda a la demanda de los padres, que el pasado a\u00f1o presentaron seiscientas cincuenta firmas de apoyo. Y en caso contrario, ver otras posibilidades. Aqu\u00ed, el concejal aludi\u00f3 a la alternativa de llegar a un acuerdo con el Principado para ampliar uno de los servicios de la actual l\u00ednea de transporte de pasajeros a Tuilla, pasando por la zona rural de la localidad. De este modo, podr\u00eda ser utilizado por los ni\u00f1os a la hora de salida del colegio, que es cuando m\u00e1s problemas tienen los padres. Aqu\u00ed, como puntualiz\u00f3 Castro, \u201cel problema es consignar una dotaci\u00f3n de un gasto al que no estamos obligados, lo que provoca un problema de intervenci\u00f3n y secretar\u00eda, aunque estamos trabajando en ello\u201d. Eso s\u00ed, esta alternativa se tratar\u00eda de llevar a cabo \u201csi persiste la negativa de la Consejer\u00eda\u201d.<\/p>\n<p style=\"text-align: justify;\">El establecimiento de una ruta de transporte escolar en la zona rural de Tuilla es una hist\u00f3rica reivindicaci\u00f3n de los padres. El principal escollo es la norma del Principado, que no lo considera cuando haya menos de un kil\u00f3metro y medio de distancia a una parada de autob\u00fas. Sin embargo, la norma no tiene en cuenta las circunstancias de cada caso, y en el de Tuilla, es que las carreteras no est\u00e1n habilitadas para caminar y hay un paso a nivel.<\/p>\n","protected":false},"excerpt":{"rendered":"<p>El gobierno local de Langreo sali\u00f3 al paso ayer de las quejas mostradas por los padres de los alumnos del colegio p\u00fablico de Tuilla, que demandan una l\u00ednea de transporte escolar para la zona rural de la localidad. El concejal de Transportes, Javier Castro asegur\u00f3 que siguen buscando una soluci\u00f3n para los escolares, remarcando eso [&hellip;]<\/p>\n","protected":false},"author":1,"featured_media":2292,"comment_status":"open","ping_status":"open","sticky":false,"template":"","format":"standard","meta":{"footnotes":""},"categories":[6,8],"tags":[],"class_list":["post-2291","post","type-post","status-publish","format-standard","has-post-thumbnail","hentry","category-noticias","category-nalon"],"yoast_head":"<!-- This site is optimized with the Yoast SEO plugin v27.4 - https:\/\/yoast.com\/product\/yoast-seo-wordpress\/ -->\n<title>El gobierno de Langreo sigue buscando una soluci\u00f3n para el transporte escolar en Tuilla - cm news<\/title>\n<meta name=\"description\" content=\"La principal pretensi\u00f3n es que Educaci\u00f3n atienda la demanda de los padres, o en caso contrario, intentar ampliar uno de los servicios urbanos\" \/>\n<meta name=\"robots\" content=\"index, follow, max-snippet:-1, max-image-preview:large, max-video-preview:-1\" \/>\n<link rel=\"canonical\" href=\"https:\/\/www.cuencasmineras.com\/index.php\/2021\/03\/31\/el-gobierno-de-langreo-sigue-buscando-una-solucion-para-el-transporte-escolar-en-tuilla\/\" \/>\n<meta property=\"og:locale\" content=\"es_ES\" \/>\n<meta property=\"og:type\" content=\"article\" \/>\n<meta property=\"og:title\" content=\"El gobierno de Langreo sigue buscando una soluci\u00f3n para el transporte escolar en Tuilla - cm news\" \/>\n<meta property=\"og:description\" content=\"La principal pretensi\u00f3n es que Educaci\u00f3n atienda la demanda de los padres, o en caso contrario, intentar ampliar uno de los servicios urbanos\" \/>\n<meta property=\"og:url\" content=\"https:\/\/www.cuencasmineras.com\/index.php\/2021\/03\/31\/el-gobierno-de-langreo-sigue-buscando-una-solucion-para-el-transporte-escolar-en-tuilla\/\" \/>\n<meta property=\"article:published_time\" content=\"2021-03-31T14:22:04+00:00\" \/>\n<meta property=\"og:image\" content=\"https:\/\/www.cuencasmineras.com\/wp-content\/uploads\/2021\/03\/7e371838-d523-4a33-a805-d8cac9281ae5_21-9-aspect-ratio_default_0-1.jpg\" \/>\n\t<meta property=\"og:image:width\" content=\"1280\" \/>\n\t<meta property=\"og:image:height\" content=\"548\" \/>\n\t<meta property=\"og:image:type\" content=\"image\/jpeg\" \/>\n<meta name=\"author\" content=\"admin\" \/>\n<meta name=\"twitter:card\" content=\"summary_large_image\" \/>\n<meta name=\"twitter:label1\" content=\"Escrito por\" \/>\n\t<meta name=\"twitter:data1\" content=\"admin\" \/>\n\t<meta name=\"twitter:label2\" content=\"Tiempo de lectura\" \/>\n\t<meta name=\"twitter:data2\" content=\"2 minutos\" \/>\n<script type=\"application\/ld+json\" class=\"yoast-schema-graph\">{\"@context\":\"https:\\\/\\\/schema.org\",\"@graph\":[{\"@type\":\"Article\",\"@id\":\"https:\\\/\\\/www.cuencasmineras.com\\\/index.php\\\/2021\\\/03\\\/31\\\/el-gobierno-de-langreo-sigue-buscando-una-solucion-para-el-transporte-escolar-en-tuilla\\\/#article\",\"isPartOf\":{\"@id\":\"https:\\\/\\\/www.cuencasmineras.com\\\/index.php\\\/2021\\\/03\\\/31\\\/el-gobierno-de-langreo-sigue-buscando-una-solucion-para-el-transporte-escolar-en-tuilla\\\/\"},\"author\":{\"name\":\"admin\",\"@id\":\"https:\\\/\\\/www.cuencasmineras.com\\\/#\\\/schema\\\/person\\\/be0691310e8496ec555f679dd688420c\"},\"headline\":\"El gobierno de Langreo sigue buscando una soluci\u00f3n para el transporte escolar en Tuilla\",\"datePublished\":\"2021-03-31T14:22:04+00:00\",\"mainEntityOfPage\":{\"@id\":\"https:\\\/\\\/www.cuencasmineras.com\\\/index.php\\\/2021\\\/03\\\/31\\\/el-gobierno-de-langreo-sigue-buscando-una-solucion-para-el-transporte-escolar-en-tuilla\\\/\"},\"wordCount\":331,\"commentCount\":0,\"image\":{\"@id\":\"https:\\\/\\\/www.cuencasmineras.com\\\/index.php\\\/2021\\\/03\\\/31\\\/el-gobierno-de-langreo-sigue-buscando-una-solucion-para-el-transporte-escolar-en-tuilla\\\/#primaryimage\"},\"thumbnailUrl\":\"https:\\\/\\\/www.cuencasmineras.com\\\/wp-content\\\/uploads\\\/2021\\\/03\\\/7e371838-d523-4a33-a805-d8cac9281ae5_21-9-aspect-ratio_default_0-1.jpg\",\"articleSection\":[\"CM NEWS\",\"Nal\u00f3n\"],\"inLanguage\":\"es\",\"potentialAction\":[{\"@type\":\"CommentAction\",\"name\":\"Comment\",\"target\":[\"https:\\\/\\\/www.cuencasmineras.com\\\/index.php\\\/2021\\\/03\\\/31\\\/el-gobierno-de-langreo-sigue-buscando-una-solucion-para-el-transporte-escolar-en-tuilla\\\/#respond\"]}]},{\"@type\":\"WebPage\",\"@id\":\"https:\\\/\\\/www.cuencasmineras.com\\\/index.php\\\/2021\\\/03\\\/31\\\/el-gobierno-de-langreo-sigue-buscando-una-solucion-para-el-transporte-escolar-en-tuilla\\\/\",\"url\":\"https:\\\/\\\/www.cuencasmineras.com\\\/index.php\\\/2021\\\/03\\\/31\\\/el-gobierno-de-langreo-sigue-buscando-una-solucion-para-el-transporte-escolar-en-tuilla\\\/\",\"name\":\"El gobierno de Langreo sigue buscando una soluci\u00f3n para el transporte escolar en Tuilla - cm news\",\"isPartOf\":{\"@id\":\"https:\\\/\\\/www.cuencasmineras.com\\\/#website\"},\"primaryImageOfPage\":{\"@id\":\"https:\\\/\\\/www.cuencasmineras.com\\\/index.php\\\/2021\\\/03\\\/31\\\/el-gobierno-de-langreo-sigue-buscando-una-solucion-para-el-transporte-escolar-en-tuilla\\\/#primaryimage\"},\"image\":{\"@id\":\"https:\\\/\\\/www.cuencasmineras.com\\\/index.php\\\/2021\\\/03\\\/31\\\/el-gobierno-de-langreo-sigue-buscando-una-solucion-para-el-transporte-escolar-en-tuilla\\\/#primaryimage\"},\"thumbnailUrl\":\"https:\\\/\\\/www.cuencasmineras.com\\\/wp-content\\\/uploads\\\/2021\\\/03\\\/7e371838-d523-4a33-a805-d8cac9281ae5_21-9-aspect-ratio_default_0-1.jpg\",\"datePublished\":\"2021-03-31T14:22:04+00:00\",\"author\":{\"@id\":\"https:\\\/\\\/www.cuencasmineras.com\\\/#\\\/schema\\\/person\\\/be0691310e8496ec555f679dd688420c\"},\"description\":\"La principal pretensi\u00f3n es que Educaci\u00f3n atienda la demanda de los padres, o en caso contrario, intentar ampliar uno de los servicios urbanos\",\"breadcrumb\":{\"@id\":\"https:\\\/\\\/www.cuencasmineras.com\\\/index.php\\\/2021\\\/03\\\/31\\\/el-gobierno-de-langreo-sigue-buscando-una-solucion-para-el-transporte-escolar-en-tuilla\\\/#breadcrumb\"},\"inLanguage\":\"es\",\"potentialAction\":[{\"@type\":\"ReadAction\",\"target\":[\"https:\\\/\\\/www.cuencasmineras.com\\\/index.php\\\/2021\\\/03\\\/31\\\/el-gobierno-de-langreo-sigue-buscando-una-solucion-para-el-transporte-escolar-en-tuilla\\\/\"]}]},{\"@type\":\"ImageObject\",\"inLanguage\":\"es\",\"@id\":\"https:\\\/\\\/www.cuencasmineras.com\\\/index.php\\\/2021\\\/03\\\/31\\\/el-gobierno-de-langreo-sigue-buscando-una-solucion-para-el-transporte-escolar-en-tuilla\\\/#primaryimage\",\"url\":\"https:\\\/\\\/www.cuencasmineras.com\\\/wp-content\\\/uploads\\\/2021\\\/03\\\/7e371838-d523-4a33-a805-d8cac9281ae5_21-9-aspect-ratio_default_0-1.jpg\",\"contentUrl\":\"https:\\\/\\\/www.cuencasmineras.com\\\/wp-content\\\/uploads\\\/2021\\\/03\\\/7e371838-d523-4a33-a805-d8cac9281ae5_21-9-aspect-ratio_default_0-1.jpg\",\"width\":1280,\"height\":548},{\"@type\":\"BreadcrumbList\",\"@id\":\"https:\\\/\\\/www.cuencasmineras.com\\\/index.php\\\/2021\\\/03\\\/31\\\/el-gobierno-de-langreo-sigue-buscando-una-solucion-para-el-transporte-escolar-en-tuilla\\\/#breadcrumb\",\"itemListElement\":[{\"@type\":\"ListItem\",\"position\":1,\"name\":\"Portada\",\"item\":\"https:\\\/\\\/www.cuencasmineras.com\\\/\"},{\"@type\":\"ListItem\",\"position\":2,\"name\":\"El gobierno de Langreo sigue buscando una soluci\u00f3n para el transporte escolar en Tuilla\"}]},{\"@type\":\"WebSite\",\"@id\":\"https:\\\/\\\/www.cuencasmineras.com\\\/#website\",\"url\":\"https:\\\/\\\/www.cuencasmineras.com\\\/\",\"name\":\"\",\"description\":\"\",\"potentialAction\":[{\"@type\":\"SearchAction\",\"target\":{\"@type\":\"EntryPoint\",\"urlTemplate\":\"https:\\\/\\\/www.cuencasmineras.com\\\/?s={search_term_string}\"},\"query-input\":{\"@type\":\"PropertyValueSpecification\",\"valueRequired\":true,\"valueName\":\"search_term_string\"}}],\"inLanguage\":\"es\"},{\"@type\":\"Person\",\"@id\":\"https:\\\/\\\/www.cuencasmineras.com\\\/#\\\/schema\\\/person\\\/be0691310e8496ec555f679dd688420c\",\"name\":\"admin\",\"image\":{\"@type\":\"ImageObject\",\"inLanguage\":\"es\",\"@id\":\"https:\\\/\\\/secure.gravatar.com\\\/avatar\\\/4afd2eed3b2fbbf36dd6707b5bd8a5b50ac648f033e36fbf85aeace2f0f859db?s=96&d=mm&r=g\",\"url\":\"https:\\\/\\\/secure.gravatar.com\\\/avatar\\\/4afd2eed3b2fbbf36dd6707b5bd8a5b50ac648f033e36fbf85aeace2f0f859db?s=96&d=mm&r=g\",\"contentUrl\":\"https:\\\/\\\/secure.gravatar.com\\\/avatar\\\/4afd2eed3b2fbbf36dd6707b5bd8a5b50ac648f033e36fbf85aeace2f0f859db?s=96&d=mm&r=g\",\"caption\":\"admin\"},\"sameAs\":[\"https:\\\/\\\/www.cuencasmineras.com\"],\"url\":\"https:\\\/\\\/www.cuencasmineras.com\\\/index.php\\\/author\\\/admin\\\/\"}]}<\/script>\n<!-- \/ Yoast SEO plugin. -->","yoast_head_json":{"title":"El gobierno de Langreo sigue buscando una soluci\u00f3n para el transporte escolar en Tuilla - cm news","description":"La principal pretensi\u00f3n es que Educaci\u00f3n atienda la demanda de los padres, o en caso contrario, intentar ampliar uno de los servicios urbanos","robots":{"index":"index","follow":"follow","max-snippet":"max-snippet:-1","max-image-preview":"max-image-preview:large","max-video-preview":"max-video-preview:-1"},"canonical":"https:\/\/www.cuencasmineras.com\/index.php\/2021\/03\/31\/el-gobierno-de-langreo-sigue-buscando-una-solucion-para-el-transporte-escolar-en-tuilla\/","og_locale":"es_ES","og_type":"article","og_title":"El gobierno de Langreo sigue buscando una soluci\u00f3n para el transporte escolar en Tuilla - cm news","og_description":"La principal pretensi\u00f3n es que Educaci\u00f3n atienda la demanda de los padres, o en caso contrario, intentar ampliar uno de los servicios urbanos","og_url":"https:\/\/www.cuencasmineras.com\/index.php\/2021\/03\/31\/el-gobierno-de-langreo-sigue-buscando-una-solucion-para-el-transporte-escolar-en-tuilla\/","article_published_time":"2021-03-31T14:22:04+00:00","og_image":[{"width":1280,"height":548,"url":"https:\/\/www.cuencasmineras.com\/wp-content\/uploads\/2021\/03\/7e371838-d523-4a33-a805-d8cac9281ae5_21-9-aspect-ratio_default_0-1.jpg","type":"image\/jpeg"}],"author":"admin","twitter_card":"summary_large_image","twitter_misc":{"Escrito por":"admin","Tiempo de lectura":"2 minutos"},"schema":{"@context":"https:\/\/schema.org","@graph":[{"@type":"Article","@id":"https:\/\/www.cuencasmineras.com\/index.php\/2021\/03\/31\/el-gobierno-de-langreo-sigue-buscando-una-solucion-para-el-transporte-escolar-en-tuilla\/#article","isPartOf":{"@id":"https:\/\/www.cuencasmineras.com\/index.php\/2021\/03\/31\/el-gobierno-de-langreo-sigue-buscando-una-solucion-para-el-transporte-escolar-en-tuilla\/"},"author":{"name":"admin","@id":"https:\/\/www.cuencasmineras.com\/#\/schema\/person\/be0691310e8496ec555f679dd688420c"},"headline":"El gobierno de Langreo sigue buscando una soluci\u00f3n para el transporte escolar en Tuilla","datePublished":"2021-03-31T14:22:04+00:00","mainEntityOfPage":{"@id":"https:\/\/www.cuencasmineras.com\/index.php\/2021\/03\/31\/el-gobierno-de-langreo-sigue-buscando-una-solucion-para-el-transporte-escolar-en-tuilla\/"},"wordCount":331,"commentCount":0,"image":{"@id":"https:\/\/www.cuencasmineras.com\/index.php\/2021\/03\/31\/el-gobierno-de-langreo-sigue-buscando-una-solucion-para-el-transporte-escolar-en-tuilla\/#primaryimage"},"thumbnailUrl":"https:\/\/www.cuencasmineras.com\/wp-content\/uploads\/2021\/03\/7e371838-d523-4a33-a805-d8cac9281ae5_21-9-aspect-ratio_default_0-1.jpg","articleSection":["CM NEWS","Nal\u00f3n"],"inLanguage":"es","potentialAction":[{"@type":"CommentAction","name":"Comment","target":["https:\/\/www.cuencasmineras.com\/index.php\/2021\/03\/31\/el-gobierno-de-langreo-sigue-buscando-una-solucion-para-el-transporte-escolar-en-tuilla\/#respond"]}]},{"@type":"WebPage","@id":"https:\/\/www.cuencasmineras.com\/index.php\/2021\/03\/31\/el-gobierno-de-langreo-sigue-buscando-una-solucion-para-el-transporte-escolar-en-tuilla\/","url":"https:\/\/www.cuencasmineras.com\/index.php\/2021\/03\/31\/el-gobierno-de-langreo-sigue-buscando-una-solucion-para-el-transporte-escolar-en-tuilla\/","name":"El gobierno de Langreo sigue buscando una soluci\u00f3n para el transporte escolar en Tuilla - cm news","isPartOf":{"@id":"https:\/\/www.cuencasmineras.com\/#website"},"primaryImageOfPage":{"@id":"https:\/\/www.cuencasmineras.com\/index.php\/2021\/03\/31\/el-gobierno-de-langreo-sigue-buscando-una-solucion-para-el-transporte-escolar-en-tuilla\/#primaryimage"},"image":{"@id":"https:\/\/www.cuencasmineras.com\/index.php\/2021\/03\/31\/el-gobierno-de-langreo-sigue-buscando-una-solucion-para-el-transporte-escolar-en-tuilla\/#primaryimage"},"thumbnailUrl":"https:\/\/www.cuencasmineras.com\/wp-content\/uploads\/2021\/03\/7e371838-d523-4a33-a805-d8cac9281ae5_21-9-aspect-ratio_default_0-1.jpg","datePublished":"2021-03-31T14:22:04+00:00","author":{"@id":"https:\/\/www.cuencasmineras.com\/#\/schema\/person\/be0691310e8496ec555f679dd688420c"},"description":"La principal pretensi\u00f3n es que Educaci\u00f3n atienda la demanda de los padres, o en caso contrario, intentar ampliar uno de los servicios urbanos","breadcrumb":{"@id":"https:\/\/www.cuencasmineras.com\/index.php\/2021\/03\/31\/el-gobierno-de-langreo-sigue-buscando-una-solucion-para-el-transporte-escolar-en-tuilla\/#breadcrumb"},"inLanguage":"es","potentialAction":[{"@type":"ReadAction","target":["https:\/\/www.cuencasmineras.com\/index.php\/2021\/03\/31\/el-gobierno-de-langreo-sigue-buscando-una-solucion-para-el-transporte-escolar-en-tuilla\/"]}]},{"@type":"ImageObject","inLanguage":"es","@id":"https:\/\/www.cuencasmineras.com\/index.php\/2021\/03\/31\/el-gobierno-de-langreo-sigue-buscando-una-solucion-para-el-transporte-escolar-en-tuilla\/#primaryimage","url":"https:\/\/www.cuencasmineras.com\/wp-content\/uploads\/2021\/03\/7e371838-d523-4a33-a805-d8cac9281ae5_21-9-aspect-ratio_default_0-1.jpg","contentUrl":"https:\/\/www.cuencasmineras.com\/wp-content\/uploads\/2021\/03\/7e371838-d523-4a33-a805-d8cac9281ae5_21-9-aspect-ratio_default_0-1.jpg","width":1280,"height":548},{"@type":"BreadcrumbList","@id":"https:\/\/www.cuencasmineras.com\/index.php\/2021\/03\/31\/el-gobierno-de-langreo-sigue-buscando-una-solucion-para-el-transporte-escolar-en-tuilla\/#breadcrumb","itemListElement":[{"@type":"ListItem","position":1,"name":"Portada","item":"https:\/\/www.cuencasmineras.com\/"},{"@type":"ListItem","position":2,"name":"El gobierno de Langreo sigue buscando una soluci\u00f3n para el transporte escolar en Tuilla"}]},{"@type":"WebSite","@id":"https:\/\/www.cuencasmineras.com\/#website","url":"https:\/\/www.cuencasmineras.com\/","name":"","description":"","potentialAction":[{"@type":"SearchAction","target":{"@type":"EntryPoint","urlTemplate":"https:\/\/www.cuencasmineras.com\/?s={search_term_string}"},"query-input":{"@type":"PropertyValueSpecification","valueRequired":true,"valueName":"search_term_string"}}],"inLanguage":"es"},{"@type":"Person","@id":"https:\/\/www.cuencasmineras.com\/#\/schema\/person\/be0691310e8496ec555f679dd688420c","name":"admin","image":{"@type":"ImageObject","inLanguage":"es","@id":"https:\/\/secure.gravatar.com\/avatar\/4afd2eed3b2fbbf36dd6707b5bd8a5b50ac648f033e36fbf85aeace2f0f859db?s=96&d=mm&r=g","url":"https:\/\/secure.gravatar.com\/avatar\/4afd2eed3b2fbbf36dd6707b5bd8a5b50ac648f033e36fbf85aeace2f0f859db?s=96&d=mm&r=g","contentUrl":"https:\/\/secure.gravatar.com\/avatar\/4afd2eed3b2fbbf36dd6707b5bd8a5b50ac648f033e36fbf85aeace2f0f859db?s=96&d=mm&r=g","caption":"admin"},"sameAs":["https:\/\/www.cuencasmineras.com"],"url":"https:\/\/www.cuencasmineras.com\/index.php\/author\/admin\/"}]}},"_links":{"self":[{"href":"https:\/\/www.cuencasmineras.com\/index.php\/wp-json\/wp\/v2\/posts\/2291","targetHints":{"allow":["GET"]}}],"collection":[{"href":"https:\/\/www.cuencasmineras.com\/index.php\/wp-json\/wp\/v2\/posts"}],"about":[{"href":"https:\/\/www.cuencasmineras.com\/index.php\/wp-json\/wp\/v2\/types\/post"}],"author":[{"embeddable":true,"href":"https:\/\/www.cuencasmineras.com\/index.php\/wp-json\/wp\/v2\/users\/1"}],"replies":[{"embeddable":true,"href":"https:\/\/www.cuencasmineras.com\/index.php\/wp-json\/wp\/v2\/comments?post=2291"}],"version-history":[{"count":1,"href":"https:\/\/www.cuencasmineras.com\/index.php\/wp-json\/wp\/v2\/posts\/2291\/revisions"}],"predecessor-version":[{"id":2293,"href":"https:\/\/www.cuencasmineras.com\/index.php\/wp-json\/wp\/v2\/posts\/2291\/revisions\/2293"}],"wp:featuredmedia":[{"embeddable":true,"href":"https:\/\/www.cuencasmineras.com\/index.php\/wp-json\/wp\/v2\/media\/2292"}],"wp:attachment":[{"href":"https:\/\/www.cuencasmineras.com\/index.php\/wp-json\/wp\/v2\/media?parent=2291"}],"wp:term":[{"taxonomy":"category","embeddable":true,"href":"https:\/\/www.cuencasmineras.com\/index.php\/wp-json\/wp\/v2\/categories?post=2291"},{"taxonomy":"post_tag","embeddable":true,"href":"https:\/\/www.cuencasmineras.com\/index.php\/wp-json\/wp\/v2\/tags?post=2291"}],"curies":[{"name":"wp","href":"https:\/\/api.w.org\/{rel}","templated":true}]}}