{"id":2294,"date":"2021-03-31T14:23:58","date_gmt":"2021-03-31T14:23:58","guid":{"rendered":"https:\/\/www.cuencasmineras.com\/?p=2294"},"modified":"2021-03-31T14:23:58","modified_gmt":"2021-03-31T14:23:58","slug":"mieres-reformara-la-casa-notario-vigil-que-iba-a-ser-el-museo-de-la-tonada","status":"publish","type":"post","link":"https:\/\/www.cuencasmineras.com\/index.php\/2021\/03\/31\/mieres-reformara-la-casa-notario-vigil-que-iba-a-ser-el-museo-de-la-tonada\/","title":{"rendered":"Mieres reformar\u00e1 la Casa Notario Vigil, que iba a ser el museo de la tonada"},"content":{"rendered":"<p style=\"text-align: justify;\">El Ayuntamiento de Mieres, a trav\u00e9s del \u00e1rea de Desarrollo Urbano Sostenible que dirige Delia Campomanes, anunci\u00f3 la licitaci\u00f3n de las obras de recuperaci\u00f3n de la Casa Notario Vigil, uno de los chal\u00e9s de Anasagasti ubicado en la calle Numa Guilhou. El inmueble est\u00e1 incluido en el Inventario del Patrimonio Cultural de Asturias (IPCA).<\/p>\n<p><img loading=\"lazy\" decoding=\"async\" class=\"aligncenter size-large wp-image-2295\" src=\"https:\/\/www.cuencasmineras.com\/wp-content\/uploads\/2021\/03\/83ca1703-b8ea-4443-9377-c3e7e5971438_16-9-discover-aspect-ratio_default_0-1024x576.jpg\" alt=\"\" width=\"640\" height=\"360\" srcset=\"https:\/\/www.cuencasmineras.com\/wp-content\/uploads\/2021\/03\/83ca1703-b8ea-4443-9377-c3e7e5971438_16-9-discover-aspect-ratio_default_0-1024x576.jpg 1024w, https:\/\/www.cuencasmineras.com\/wp-content\/uploads\/2021\/03\/83ca1703-b8ea-4443-9377-c3e7e5971438_16-9-discover-aspect-ratio_default_0-300x169.jpg 300w, https:\/\/www.cuencasmineras.com\/wp-content\/uploads\/2021\/03\/83ca1703-b8ea-4443-9377-c3e7e5971438_16-9-discover-aspect-ratio_default_0-768x432.jpg 768w, https:\/\/www.cuencasmineras.com\/wp-content\/uploads\/2021\/03\/83ca1703-b8ea-4443-9377-c3e7e5971438_16-9-discover-aspect-ratio_default_0.jpg 1200w\" sizes=\"auto, (max-width: 640px) 100vw, 640px\" \/><\/p>\n<p style=\"text-align: justify;\">La actuaci\u00f3n, tal y como explicaron fuentes municipales, se centrar\u00e1 en la consolidaci\u00f3n y recuperaci\u00f3n de elementos estructurales, cerramientos y acabados del inmueble y la parcela, incluyendo la reparaci\u00f3n de cubierta y fachadas, as\u00ed como el acondicionamiento de toda la parcela en la que est\u00e1 ubicado el edificio, priorizando la recuperaci\u00f3n y reparaci\u00f3n de los elementos originales en la medida de lo posible y respetando en todo caso el dise\u00f1o y la configuraci\u00f3n de sus elementos distintivos, seg\u00fan consta en el proyecto.<\/p>\n<p style=\"text-align: justify;\">La inversi\u00f3n prevista para esta actuaci\u00f3n es de m\u00e1s de 345.000 euros, que se llevar\u00e1n a cabo con el remanente municipal. Las empresas interesadas pueden presentar sus ofertas hasta el 15 de abril. Toda la informaci\u00f3n sobre las prescripciones t\u00e9cnicas y administrativas de esta actuaci\u00f3n se puede consultar en la Plataforma de Contrataci\u00f3n del Sector P\u00fablico, a la que se puede acceder a trav\u00e9s del perfil del contratante de la web municipal. Este proyecto permitir\u00e1 recuperar las condiciones de seguridad, salubridad y ornato en este chal\u00e9 de estilo regionalista, construido en 1922 y proyectado por el arquitecto vasco Teodoro Anasagasti. \u201cUn inmueble que es parte importante del patrimonio arquitect\u00f3nico y cultural del concejo\u201d, destacaron. El chal\u00e9 fue adquirido por el Ayuntamiento hace m\u00e1s de una d\u00e9cada para destinarlo al museo de la tonada, pero nunca se lleg\u00f3 a realizar una intervenci\u00f3n en el inmueble que permitiera darle uso. Ahora el gobierno local asegura que buscar\u00e1 un uso para el chal\u00e9.<\/p>\n","protected":false},"excerpt":{"rendered":"<p>El Ayuntamiento de Mieres, a trav\u00e9s del \u00e1rea de Desarrollo Urbano Sostenible que dirige Delia Campomanes, anunci\u00f3 la licitaci\u00f3n de las obras de recuperaci\u00f3n de la Casa Notario Vigil, uno de los chal\u00e9s de Anasagasti ubicado en la calle Numa Guilhou. El inmueble est\u00e1 incluido en el Inventario del Patrimonio Cultural de Asturias (IPCA). La [&hellip;]<\/p>\n","protected":false},"author":1,"featured_media":2295,"comment_status":"open","ping_status":"open","sticky":false,"template":"","format":"standard","meta":{"footnotes":""},"categories":[7,6],"tags":[],"class_list":["post-2294","post","type-post","status-publish","format-standard","has-post-thumbnail","hentry","category-caudal","category-noticias"],"yoast_head":"<!-- This site is optimized with the Yoast SEO plugin v27.4 - https:\/\/yoast.com\/product\/yoast-seo-wordpress\/ -->\n<title>Mieres reformar\u00e1 la Casa Notario Vigil, que iba a ser el museo de la tonada - cm news<\/title>\n<meta name=\"description\" content=\"La actuaci\u00f3n cuenta con un presupuesto de 345.000 euros del remanente municipal\" \/>\n<meta name=\"robots\" content=\"index, follow, max-snippet:-1, max-image-preview:large, max-video-preview:-1\" \/>\n<link rel=\"canonical\" href=\"https:\/\/www.cuencasmineras.com\/index.php\/2021\/03\/31\/mieres-reformara-la-casa-notario-vigil-que-iba-a-ser-el-museo-de-la-tonada\/\" \/>\n<meta property=\"og:locale\" content=\"es_ES\" \/>\n<meta property=\"og:type\" content=\"article\" \/>\n<meta property=\"og:title\" content=\"Mieres reformar\u00e1 la Casa Notario Vigil, que iba a ser el museo de la tonada - cm news\" \/>\n<meta property=\"og:description\" content=\"La actuaci\u00f3n cuenta con un presupuesto de 345.000 euros del remanente municipal\" \/>\n<meta property=\"og:url\" content=\"https:\/\/www.cuencasmineras.com\/index.php\/2021\/03\/31\/mieres-reformara-la-casa-notario-vigil-que-iba-a-ser-el-museo-de-la-tonada\/\" \/>\n<meta property=\"article:published_time\" content=\"2021-03-31T14:23:58+00:00\" \/>\n<meta property=\"og:image\" content=\"https:\/\/www.cuencasmineras.com\/wp-content\/uploads\/2021\/03\/83ca1703-b8ea-4443-9377-c3e7e5971438_16-9-discover-aspect-ratio_default_0.jpg\" \/>\n\t<meta property=\"og:image:width\" content=\"1200\" \/>\n\t<meta property=\"og:image:height\" content=\"675\" \/>\n\t<meta property=\"og:image:type\" content=\"image\/jpeg\" \/>\n<meta name=\"author\" content=\"admin\" \/>\n<meta name=\"twitter:card\" content=\"summary_large_image\" \/>\n<meta name=\"twitter:label1\" content=\"Escrito por\" \/>\n\t<meta name=\"twitter:data1\" content=\"admin\" \/>\n\t<meta name=\"twitter:label2\" content=\"Tiempo de lectura\" \/>\n\t<meta name=\"twitter:data2\" content=\"2 minutos\" \/>\n<script type=\"application\/ld+json\" class=\"yoast-schema-graph\">{\"@context\":\"https:\\\/\\\/schema.org\",\"@graph\":[{\"@type\":\"Article\",\"@id\":\"https:\\\/\\\/www.cuencasmineras.com\\\/index.php\\\/2021\\\/03\\\/31\\\/mieres-reformara-la-casa-notario-vigil-que-iba-a-ser-el-museo-de-la-tonada\\\/#article\",\"isPartOf\":{\"@id\":\"https:\\\/\\\/www.cuencasmineras.com\\\/index.php\\\/2021\\\/03\\\/31\\\/mieres-reformara-la-casa-notario-vigil-que-iba-a-ser-el-museo-de-la-tonada\\\/\"},\"author\":{\"name\":\"admin\",\"@id\":\"https:\\\/\\\/www.cuencasmineras.com\\\/#\\\/schema\\\/person\\\/be0691310e8496ec555f679dd688420c\"},\"headline\":\"Mieres reformar\u00e1 la Casa Notario Vigil, que iba a ser el museo de la tonada\",\"datePublished\":\"2021-03-31T14:23:58+00:00\",\"mainEntityOfPage\":{\"@id\":\"https:\\\/\\\/www.cuencasmineras.com\\\/index.php\\\/2021\\\/03\\\/31\\\/mieres-reformara-la-casa-notario-vigil-que-iba-a-ser-el-museo-de-la-tonada\\\/\"},\"wordCount\":335,\"commentCount\":0,\"image\":{\"@id\":\"https:\\\/\\\/www.cuencasmineras.com\\\/index.php\\\/2021\\\/03\\\/31\\\/mieres-reformara-la-casa-notario-vigil-que-iba-a-ser-el-museo-de-la-tonada\\\/#primaryimage\"},\"thumbnailUrl\":\"https:\\\/\\\/www.cuencasmineras.com\\\/wp-content\\\/uploads\\\/2021\\\/03\\\/83ca1703-b8ea-4443-9377-c3e7e5971438_16-9-discover-aspect-ratio_default_0.jpg\",\"articleSection\":[\"Caudal\",\"CM NEWS\"],\"inLanguage\":\"es\",\"potentialAction\":[{\"@type\":\"CommentAction\",\"name\":\"Comment\",\"target\":[\"https:\\\/\\\/www.cuencasmineras.com\\\/index.php\\\/2021\\\/03\\\/31\\\/mieres-reformara-la-casa-notario-vigil-que-iba-a-ser-el-museo-de-la-tonada\\\/#respond\"]}]},{\"@type\":\"WebPage\",\"@id\":\"https:\\\/\\\/www.cuencasmineras.com\\\/index.php\\\/2021\\\/03\\\/31\\\/mieres-reformara-la-casa-notario-vigil-que-iba-a-ser-el-museo-de-la-tonada\\\/\",\"url\":\"https:\\\/\\\/www.cuencasmineras.com\\\/index.php\\\/2021\\\/03\\\/31\\\/mieres-reformara-la-casa-notario-vigil-que-iba-a-ser-el-museo-de-la-tonada\\\/\",\"name\":\"Mieres reformar\u00e1 la Casa Notario Vigil, que iba a ser el museo de la tonada - cm news\",\"isPartOf\":{\"@id\":\"https:\\\/\\\/www.cuencasmineras.com\\\/#website\"},\"primaryImageOfPage\":{\"@id\":\"https:\\\/\\\/www.cuencasmineras.com\\\/index.php\\\/2021\\\/03\\\/31\\\/mieres-reformara-la-casa-notario-vigil-que-iba-a-ser-el-museo-de-la-tonada\\\/#primaryimage\"},\"image\":{\"@id\":\"https:\\\/\\\/www.cuencasmineras.com\\\/index.php\\\/2021\\\/03\\\/31\\\/mieres-reformara-la-casa-notario-vigil-que-iba-a-ser-el-museo-de-la-tonada\\\/#primaryimage\"},\"thumbnailUrl\":\"https:\\\/\\\/www.cuencasmineras.com\\\/wp-content\\\/uploads\\\/2021\\\/03\\\/83ca1703-b8ea-4443-9377-c3e7e5971438_16-9-discover-aspect-ratio_default_0.jpg\",\"datePublished\":\"2021-03-31T14:23:58+00:00\",\"author\":{\"@id\":\"https:\\\/\\\/www.cuencasmineras.com\\\/#\\\/schema\\\/person\\\/be0691310e8496ec555f679dd688420c\"},\"description\":\"La actuaci\u00f3n cuenta con un presupuesto de 345.000 euros del remanente municipal\",\"breadcrumb\":{\"@id\":\"https:\\\/\\\/www.cuencasmineras.com\\\/index.php\\\/2021\\\/03\\\/31\\\/mieres-reformara-la-casa-notario-vigil-que-iba-a-ser-el-museo-de-la-tonada\\\/#breadcrumb\"},\"inLanguage\":\"es\",\"potentialAction\":[{\"@type\":\"ReadAction\",\"target\":[\"https:\\\/\\\/www.cuencasmineras.com\\\/index.php\\\/2021\\\/03\\\/31\\\/mieres-reformara-la-casa-notario-vigil-que-iba-a-ser-el-museo-de-la-tonada\\\/\"]}]},{\"@type\":\"ImageObject\",\"inLanguage\":\"es\",\"@id\":\"https:\\\/\\\/www.cuencasmineras.com\\\/index.php\\\/2021\\\/03\\\/31\\\/mieres-reformara-la-casa-notario-vigil-que-iba-a-ser-el-museo-de-la-tonada\\\/#primaryimage\",\"url\":\"https:\\\/\\\/www.cuencasmineras.com\\\/wp-content\\\/uploads\\\/2021\\\/03\\\/83ca1703-b8ea-4443-9377-c3e7e5971438_16-9-discover-aspect-ratio_default_0.jpg\",\"contentUrl\":\"https:\\\/\\\/www.cuencasmineras.com\\\/wp-content\\\/uploads\\\/2021\\\/03\\\/83ca1703-b8ea-4443-9377-c3e7e5971438_16-9-discover-aspect-ratio_default_0.jpg\",\"width\":1200,\"height\":675},{\"@type\":\"BreadcrumbList\",\"@id\":\"https:\\\/\\\/www.cuencasmineras.com\\\/index.php\\\/2021\\\/03\\\/31\\\/mieres-reformara-la-casa-notario-vigil-que-iba-a-ser-el-museo-de-la-tonada\\\/#breadcrumb\",\"itemListElement\":[{\"@type\":\"ListItem\",\"position\":1,\"name\":\"Portada\",\"item\":\"https:\\\/\\\/www.cuencasmineras.com\\\/\"},{\"@type\":\"ListItem\",\"position\":2,\"name\":\"Mieres reformar\u00e1 la Casa Notario Vigil, que iba a ser el museo de la tonada\"}]},{\"@type\":\"WebSite\",\"@id\":\"https:\\\/\\\/www.cuencasmineras.com\\\/#website\",\"url\":\"https:\\\/\\\/www.cuencasmineras.com\\\/\",\"name\":\"\",\"description\":\"\",\"potentialAction\":[{\"@type\":\"SearchAction\",\"target\":{\"@type\":\"EntryPoint\",\"urlTemplate\":\"https:\\\/\\\/www.cuencasmineras.com\\\/?s={search_term_string}\"},\"query-input\":{\"@type\":\"PropertyValueSpecification\",\"valueRequired\":true,\"valueName\":\"search_term_string\"}}],\"inLanguage\":\"es\"},{\"@type\":\"Person\",\"@id\":\"https:\\\/\\\/www.cuencasmineras.com\\\/#\\\/schema\\\/person\\\/be0691310e8496ec555f679dd688420c\",\"name\":\"admin\",\"image\":{\"@type\":\"ImageObject\",\"inLanguage\":\"es\",\"@id\":\"https:\\\/\\\/secure.gravatar.com\\\/avatar\\\/4afd2eed3b2fbbf36dd6707b5bd8a5b50ac648f033e36fbf85aeace2f0f859db?s=96&d=mm&r=g\",\"url\":\"https:\\\/\\\/secure.gravatar.com\\\/avatar\\\/4afd2eed3b2fbbf36dd6707b5bd8a5b50ac648f033e36fbf85aeace2f0f859db?s=96&d=mm&r=g\",\"contentUrl\":\"https:\\\/\\\/secure.gravatar.com\\\/avatar\\\/4afd2eed3b2fbbf36dd6707b5bd8a5b50ac648f033e36fbf85aeace2f0f859db?s=96&d=mm&r=g\",\"caption\":\"admin\"},\"sameAs\":[\"https:\\\/\\\/www.cuencasmineras.com\"],\"url\":\"https:\\\/\\\/www.cuencasmineras.com\\\/index.php\\\/author\\\/admin\\\/\"}]}<\/script>\n<!-- \/ Yoast SEO plugin. -->","yoast_head_json":{"title":"Mieres reformar\u00e1 la Casa Notario Vigil, que iba a ser el museo de la tonada - cm news","description":"La actuaci\u00f3n cuenta con un presupuesto de 345.000 euros del remanente municipal","robots":{"index":"index","follow":"follow","max-snippet":"max-snippet:-1","max-image-preview":"max-image-preview:large","max-video-preview":"max-video-preview:-1"},"canonical":"https:\/\/www.cuencasmineras.com\/index.php\/2021\/03\/31\/mieres-reformara-la-casa-notario-vigil-que-iba-a-ser-el-museo-de-la-tonada\/","og_locale":"es_ES","og_type":"article","og_title":"Mieres reformar\u00e1 la Casa Notario Vigil, que iba a ser el museo de la tonada - cm news","og_description":"La actuaci\u00f3n cuenta con un presupuesto de 345.000 euros del remanente municipal","og_url":"https:\/\/www.cuencasmineras.com\/index.php\/2021\/03\/31\/mieres-reformara-la-casa-notario-vigil-que-iba-a-ser-el-museo-de-la-tonada\/","article_published_time":"2021-03-31T14:23:58+00:00","og_image":[{"width":1200,"height":675,"url":"https:\/\/www.cuencasmineras.com\/wp-content\/uploads\/2021\/03\/83ca1703-b8ea-4443-9377-c3e7e5971438_16-9-discover-aspect-ratio_default_0.jpg","type":"image\/jpeg"}],"author":"admin","twitter_card":"summary_large_image","twitter_misc":{"Escrito por":"admin","Tiempo de lectura":"2 minutos"},"schema":{"@context":"https:\/\/schema.org","@graph":[{"@type":"Article","@id":"https:\/\/www.cuencasmineras.com\/index.php\/2021\/03\/31\/mieres-reformara-la-casa-notario-vigil-que-iba-a-ser-el-museo-de-la-tonada\/#article","isPartOf":{"@id":"https:\/\/www.cuencasmineras.com\/index.php\/2021\/03\/31\/mieres-reformara-la-casa-notario-vigil-que-iba-a-ser-el-museo-de-la-tonada\/"},"author":{"name":"admin","@id":"https:\/\/www.cuencasmineras.com\/#\/schema\/person\/be0691310e8496ec555f679dd688420c"},"headline":"Mieres reformar\u00e1 la Casa Notario Vigil, que iba a ser el museo de la tonada","datePublished":"2021-03-31T14:23:58+00:00","mainEntityOfPage":{"@id":"https:\/\/www.cuencasmineras.com\/index.php\/2021\/03\/31\/mieres-reformara-la-casa-notario-vigil-que-iba-a-ser-el-museo-de-la-tonada\/"},"wordCount":335,"commentCount":0,"image":{"@id":"https:\/\/www.cuencasmineras.com\/index.php\/2021\/03\/31\/mieres-reformara-la-casa-notario-vigil-que-iba-a-ser-el-museo-de-la-tonada\/#primaryimage"},"thumbnailUrl":"https:\/\/www.cuencasmineras.com\/wp-content\/uploads\/2021\/03\/83ca1703-b8ea-4443-9377-c3e7e5971438_16-9-discover-aspect-ratio_default_0.jpg","articleSection":["Caudal","CM NEWS"],"inLanguage":"es","potentialAction":[{"@type":"CommentAction","name":"Comment","target":["https:\/\/www.cuencasmineras.com\/index.php\/2021\/03\/31\/mieres-reformara-la-casa-notario-vigil-que-iba-a-ser-el-museo-de-la-tonada\/#respond"]}]},{"@type":"WebPage","@id":"https:\/\/www.cuencasmineras.com\/index.php\/2021\/03\/31\/mieres-reformara-la-casa-notario-vigil-que-iba-a-ser-el-museo-de-la-tonada\/","url":"https:\/\/www.cuencasmineras.com\/index.php\/2021\/03\/31\/mieres-reformara-la-casa-notario-vigil-que-iba-a-ser-el-museo-de-la-tonada\/","name":"Mieres reformar\u00e1 la Casa Notario Vigil, que iba a ser el museo de la tonada - cm news","isPartOf":{"@id":"https:\/\/www.cuencasmineras.com\/#website"},"primaryImageOfPage":{"@id":"https:\/\/www.cuencasmineras.com\/index.php\/2021\/03\/31\/mieres-reformara-la-casa-notario-vigil-que-iba-a-ser-el-museo-de-la-tonada\/#primaryimage"},"image":{"@id":"https:\/\/www.cuencasmineras.com\/index.php\/2021\/03\/31\/mieres-reformara-la-casa-notario-vigil-que-iba-a-ser-el-museo-de-la-tonada\/#primaryimage"},"thumbnailUrl":"https:\/\/www.cuencasmineras.com\/wp-content\/uploads\/2021\/03\/83ca1703-b8ea-4443-9377-c3e7e5971438_16-9-discover-aspect-ratio_default_0.jpg","datePublished":"2021-03-31T14:23:58+00:00","author":{"@id":"https:\/\/www.cuencasmineras.com\/#\/schema\/person\/be0691310e8496ec555f679dd688420c"},"description":"La actuaci\u00f3n cuenta con un presupuesto de 345.000 euros del remanente municipal","breadcrumb":{"@id":"https:\/\/www.cuencasmineras.com\/index.php\/2021\/03\/31\/mieres-reformara-la-casa-notario-vigil-que-iba-a-ser-el-museo-de-la-tonada\/#breadcrumb"},"inLanguage":"es","potentialAction":[{"@type":"ReadAction","target":["https:\/\/www.cuencasmineras.com\/index.php\/2021\/03\/31\/mieres-reformara-la-casa-notario-vigil-que-iba-a-ser-el-museo-de-la-tonada\/"]}]},{"@type":"ImageObject","inLanguage":"es","@id":"https:\/\/www.cuencasmineras.com\/index.php\/2021\/03\/31\/mieres-reformara-la-casa-notario-vigil-que-iba-a-ser-el-museo-de-la-tonada\/#primaryimage","url":"https:\/\/www.cuencasmineras.com\/wp-content\/uploads\/2021\/03\/83ca1703-b8ea-4443-9377-c3e7e5971438_16-9-discover-aspect-ratio_default_0.jpg","contentUrl":"https:\/\/www.cuencasmineras.com\/wp-content\/uploads\/2021\/03\/83ca1703-b8ea-4443-9377-c3e7e5971438_16-9-discover-aspect-ratio_default_0.jpg","width":1200,"height":675},{"@type":"BreadcrumbList","@id":"https:\/\/www.cuencasmineras.com\/index.php\/2021\/03\/31\/mieres-reformara-la-casa-notario-vigil-que-iba-a-ser-el-museo-de-la-tonada\/#breadcrumb","itemListElement":[{"@type":"ListItem","position":1,"name":"Portada","item":"https:\/\/www.cuencasmineras.com\/"},{"@type":"ListItem","position":2,"name":"Mieres reformar\u00e1 la Casa Notario Vigil, que iba a ser el museo de la tonada"}]},{"@type":"WebSite","@id":"https:\/\/www.cuencasmineras.com\/#website","url":"https:\/\/www.cuencasmineras.com\/","name":"","description":"","potentialAction":[{"@type":"SearchAction","target":{"@type":"EntryPoint","urlTemplate":"https:\/\/www.cuencasmineras.com\/?s={search_term_string}"},"query-input":{"@type":"PropertyValueSpecification","valueRequired":true,"valueName":"search_term_string"}}],"inLanguage":"es"},{"@type":"Person","@id":"https:\/\/www.cuencasmineras.com\/#\/schema\/person\/be0691310e8496ec555f679dd688420c","name":"admin","image":{"@type":"ImageObject","inLanguage":"es","@id":"https:\/\/secure.gravatar.com\/avatar\/4afd2eed3b2fbbf36dd6707b5bd8a5b50ac648f033e36fbf85aeace2f0f859db?s=96&d=mm&r=g","url":"https:\/\/secure.gravatar.com\/avatar\/4afd2eed3b2fbbf36dd6707b5bd8a5b50ac648f033e36fbf85aeace2f0f859db?s=96&d=mm&r=g","contentUrl":"https:\/\/secure.gravatar.com\/avatar\/4afd2eed3b2fbbf36dd6707b5bd8a5b50ac648f033e36fbf85aeace2f0f859db?s=96&d=mm&r=g","caption":"admin"},"sameAs":["https:\/\/www.cuencasmineras.com"],"url":"https:\/\/www.cuencasmineras.com\/index.php\/author\/admin\/"}]}},"_links":{"self":[{"href":"https:\/\/www.cuencasmineras.com\/index.php\/wp-json\/wp\/v2\/posts\/2294","targetHints":{"allow":["GET"]}}],"collection":[{"href":"https:\/\/www.cuencasmineras.com\/index.php\/wp-json\/wp\/v2\/posts"}],"about":[{"href":"https:\/\/www.cuencasmineras.com\/index.php\/wp-json\/wp\/v2\/types\/post"}],"author":[{"embeddable":true,"href":"https:\/\/www.cuencasmineras.com\/index.php\/wp-json\/wp\/v2\/users\/1"}],"replies":[{"embeddable":true,"href":"https:\/\/www.cuencasmineras.com\/index.php\/wp-json\/wp\/v2\/comments?post=2294"}],"version-history":[{"count":1,"href":"https:\/\/www.cuencasmineras.com\/index.php\/wp-json\/wp\/v2\/posts\/2294\/revisions"}],"predecessor-version":[{"id":2296,"href":"https:\/\/www.cuencasmineras.com\/index.php\/wp-json\/wp\/v2\/posts\/2294\/revisions\/2296"}],"wp:featuredmedia":[{"embeddable":true,"href":"https:\/\/www.cuencasmineras.com\/index.php\/wp-json\/wp\/v2\/media\/2295"}],"wp:attachment":[{"href":"https:\/\/www.cuencasmineras.com\/index.php\/wp-json\/wp\/v2\/media?parent=2294"}],"wp:term":[{"taxonomy":"category","embeddable":true,"href":"https:\/\/www.cuencasmineras.com\/index.php\/wp-json\/wp\/v2\/categories?post=2294"},{"taxonomy":"post_tag","embeddable":true,"href":"https:\/\/www.cuencasmineras.com\/index.php\/wp-json\/wp\/v2\/tags?post=2294"}],"curies":[{"name":"wp","href":"https:\/\/api.w.org\/{rel}","templated":true}]}}