{"id":2297,"date":"2021-04-01T18:43:22","date_gmt":"2021-04-01T18:43:22","guid":{"rendered":"https:\/\/www.cuencasmineras.com\/?p=2297"},"modified":"2021-04-01T18:43:22","modified_gmt":"2021-04-01T18:43:22","slug":"la-campana-de-esqui-del-covid-deja-unas-perdidas-del-90-respecto-a-otros-anos","status":"publish","type":"post","link":"https:\/\/www.cuencasmineras.com\/index.php\/2021\/04\/01\/la-campana-de-esqui-del-covid-deja-unas-perdidas-del-90-respecto-a-otros-anos\/","title":{"rendered":"La campa\u00f1a de esqu\u00ed del covid deja unas p\u00e9rdidas del 90% respecto a otros a\u00f1os"},"content":{"rendered":"<p style=\"text-align: justify;\">Resignados y hastiados. Es el sentir general de la hosteler\u00eda y hoteler\u00eda de los valles de Aller y Lena respecto a la temporada de esqu\u00ed. Un curso invernal que este a\u00f1o apenas ha dejado ingresos. El sector hotelero ha perdido el cien por cien de la temporada, mientras que la hosteler\u00eda y los negocios adyacentes como las escuelas o los alquileres, apenas han cubierto un 10 por ciento de lo que generan en una campa\u00f1a regular. La negativa del Gobierno del Principado a ampliar durante una o dos semanas la temporada invernal ha sido otro palo para estos sectores que ver\u00e1n como el domingo se acaba el curso. Muchos negocios est\u00e1n en una delicada situaci\u00f3n, ya que es el turismo de nieve el que los alimenta, y si la pasada campa\u00f1a ya tuvieron que bajar la persiana a mediados de marzo con el confinamiento total de la poblaci\u00f3n, esta temporada las restricciones tanto de movilidad como en el sector hostelero, han dejado un desolador panorama.<\/p>\n<p style=\"text-align: justify;\"><img loading=\"lazy\" decoding=\"async\" class=\"aligncenter size-large wp-image-2298\" src=\"https:\/\/www.cuencasmineras.com\/wp-content\/uploads\/2021\/04\/060220111855-1024x768.jpg\" alt=\"\" width=\"640\" height=\"480\" srcset=\"https:\/\/www.cuencasmineras.com\/wp-content\/uploads\/2021\/04\/060220111855-1024x768.jpg 1024w, https:\/\/www.cuencasmineras.com\/wp-content\/uploads\/2021\/04\/060220111855-300x225.jpg 300w, https:\/\/www.cuencasmineras.com\/wp-content\/uploads\/2021\/04\/060220111855-768x576.jpg 768w, https:\/\/www.cuencasmineras.com\/wp-content\/uploads\/2021\/04\/060220111855-1536x1152.jpg 1536w, https:\/\/www.cuencasmineras.com\/wp-content\/uploads\/2021\/04\/060220111855.jpg 1600w\" sizes=\"auto, (max-width: 640px) 100vw, 640px\" \/><br \/>\nEl presidente de \u201cAsturcentral\u201d, Luis N\u00fa\u00f1ez, mostraba ayer su resignaci\u00f3n ante la decisi\u00f3n del Principado de no ampliar la campa\u00f1a. \u201cA estas alturas ya nada nos sorprende. Para nuestro cliente, para nosotros, que ampl\u00eden ahora o no, si mantienen las mismas medidas de restricci\u00f3n del tr\u00e1nsito, no nos va a afectar gran cosa\u201d, explicaba este hostelero, que posee un alojamiento de apartamentos en San Feliz (Lena). \u201cA lo mejor alg\u00fan hostelero podr\u00eda vender alg\u00fan caf\u00e9 o alguna comida m\u00e1s si se mantuviesen abiertas las estaciones, pero para el sector lo cierto es que es apenas apreciable, m\u00e1s all\u00e1 de que es un gesto que no se ha tenido\u201d, manifest\u00f3 el responsable del colectivo tur\u00edstico. \u201cS\u00ed que es verdad que para los esquiadores, que tambi\u00e9n han visto mermada la temporada, podr\u00eda ser bueno\u201d, agrega N\u00fa\u00f1ez.<\/p>\n<p style=\"text-align: justify;\">Este hotelero es rotundo al calificar lo que les ha tra\u00eddo la temporada de nieve: \u201cEn general ha habido unas p\u00e9rdidas de 90 o el 95% en la hosteler\u00eda, y en los alojamientos pues del cien por cien, porque no hemos podido tener clientes\u201d. \u201cA\u00fan no han llegado las ayudas prometidas, pero los recibos s\u00ed est\u00e1n entrando\u201d, apostilla. \u201cLa situaci\u00f3n es terror\u00edfica y seguimos sin poder funcionar, as\u00ed que no s\u00e9 hasta d\u00f3nde vamos a llegar\u201d, apunta.<\/p>\n<p style=\"text-align: justify;\">Por el mismo camino se ha desarrollado la campa\u00f1a en Aller. La tardanza en la apertura de Fuentes de Invierno, hasta mediados de febrero, sumado a la prohibici\u00f3n de acceder desde Asturias a la estaci\u00f3n leonesa de San Isidro, por el cierre perimetral, tambi\u00e9n ha sido una losa dif\u00edcil de levantar. Armando Vald\u00e9s, presidente de \u201cAller Experiencias\u201d, indica que \u201ca nivel de alojamientos las p\u00e9rdidas han sido totales, y casi ning\u00fan establecimiento ha podido abrir\u201d. Por otra parte, en cuanto al resto del sector influenciado por la nieve, el presidente del colectivo tur\u00edstico allerano, que aglutina a m\u00e1s de medio centenar de peque\u00f1os empresarios, indica que \u201cal igual que en la zona de Pajares, tanto la restauraci\u00f3n como los establecimientos de alquileres o las escuelas hemos tenido muy poca actividad, lo que nos hace calcular, a grosso modo, que las p\u00e9rdidas han sido de en torno al 90%\u201d, indica.<\/p>\n<p style=\"text-align: justify;\">Tampoco en el valle allerano ha sentado bien la negativa del Principado a ampliar la campa\u00f1a. Y de nuevo se repite la palabra. \u201cLo asumimos con resignaci\u00f3n\u201d, se\u00f1ala Vald\u00e9s, que entiende que este curso est\u00e1 siendo el de la negativa a cualquier actividad. \u201cCont\u00e1bamos con la pandemia y los efectos que pod\u00eda tener, pero tambi\u00e9n con m\u00e1s sensibilidad por parte del Principado para poder ampliar una o dos semanas. En Fuentes de Invierno, por ejemplo, est\u00e1bamos notando una alta ocupaci\u00f3n por semana que nos podr\u00eda permitir paliar un poco la situaci\u00f3n, pero tambi\u00e9n se nos neg\u00f3\u201d, finaliz\u00f3 Vald\u00e9s.<\/p>\n<p style=\"text-align: justify;\">Por \u00faltimo, el presidente de OTEA, Jos\u00e9 Luis \u00c1lvarez Almeida, se\u00f1al\u00f3 que la postura del Gobierno auton\u00f3mico \u201ces una pena\u201d. \u201cPuedo entender que sea complicado ampliar 10 d\u00edas la temporada en Pajares, pero tambi\u00e9n que en una estaci\u00f3n gestionada por una entidad p\u00fablica como Fuentes de Invierno, debe de haber mecanismos, y m\u00e1s en situaci\u00f3n de pandemia, para poder dar ese empuj\u00f3n al sector\u201d. En este sentido, \u00c1lvarez Almeida se\u00f1al\u00f3 que \u201clo que planteamos es que si no es para este a\u00f1o, para los que vienen se articulen mecanismos para que poder ampliar el calendario sea m\u00e1s sencillo\u201d.<\/p>\n","protected":false},"excerpt":{"rendered":"<p>Resignados y hastiados. Es el sentir general de la hosteler\u00eda y hoteler\u00eda de los valles de Aller y Lena respecto a la temporada de esqu\u00ed. Un curso invernal que este a\u00f1o apenas ha dejado ingresos. El sector hotelero ha perdido el cien por cien de la temporada, mientras que la hosteler\u00eda y los negocios adyacentes [&hellip;]<\/p>\n","protected":false},"author":1,"featured_media":2298,"comment_status":"open","ping_status":"open","sticky":false,"template":"","format":"standard","meta":{"footnotes":""},"categories":[7,6],"tags":[],"class_list":["post-2297","post","type-post","status-publish","format-standard","has-post-thumbnail","hentry","category-caudal","category-noticias"],"yoast_head":"<!-- This site is optimized with the Yoast SEO plugin v27.4 - https:\/\/yoast.com\/product\/yoast-seo-wordpress\/ -->\n<title>La campa\u00f1a de esqu\u00ed del covid deja unas p\u00e9rdidas del 90% respecto a otros a\u00f1os - cmnews<\/title>\n<meta name=\"description\" content=\"La patronal OTEA y empresarios de Aller y Lena lamentan la \u201cfalta de sensibilidad\u201d del Principado al negarse a ampliar la temporada de nieve\" \/>\n<meta name=\"robots\" content=\"index, follow, max-snippet:-1, max-image-preview:large, max-video-preview:-1\" \/>\n<link rel=\"canonical\" href=\"https:\/\/www.cuencasmineras.com\/index.php\/2021\/04\/01\/la-campana-de-esqui-del-covid-deja-unas-perdidas-del-90-respecto-a-otros-anos\/\" \/>\n<meta property=\"og:locale\" content=\"es_ES\" \/>\n<meta property=\"og:type\" content=\"article\" \/>\n<meta property=\"og:title\" content=\"La campa\u00f1a de esqu\u00ed del covid deja unas p\u00e9rdidas del 90% respecto a otros a\u00f1os - cmnews\" \/>\n<meta property=\"og:description\" content=\"La patronal OTEA y empresarios de Aller y Lena lamentan la \u201cfalta de sensibilidad\u201d del Principado al negarse a ampliar la temporada de nieve\" \/>\n<meta property=\"og:url\" content=\"https:\/\/www.cuencasmineras.com\/index.php\/2021\/04\/01\/la-campana-de-esqui-del-covid-deja-unas-perdidas-del-90-respecto-a-otros-anos\/\" \/>\n<meta property=\"article:published_time\" content=\"2021-04-01T18:43:22+00:00\" \/>\n<meta property=\"og:image\" content=\"https:\/\/www.cuencasmineras.com\/wp-content\/uploads\/2021\/04\/060220111855.jpg\" \/>\n\t<meta property=\"og:image:width\" content=\"1600\" \/>\n\t<meta property=\"og:image:height\" content=\"1200\" \/>\n\t<meta property=\"og:image:type\" content=\"image\/jpeg\" \/>\n<meta name=\"author\" content=\"admin\" \/>\n<meta name=\"twitter:card\" content=\"summary_large_image\" \/>\n<meta name=\"twitter:label1\" content=\"Escrito por\" \/>\n\t<meta name=\"twitter:data1\" content=\"admin\" \/>\n\t<meta name=\"twitter:label2\" content=\"Tiempo de lectura\" \/>\n\t<meta name=\"twitter:data2\" content=\"4 minutos\" \/>\n<script type=\"application\/ld+json\" class=\"yoast-schema-graph\">{\"@context\":\"https:\\\/\\\/schema.org\",\"@graph\":[{\"@type\":\"Article\",\"@id\":\"https:\\\/\\\/www.cuencasmineras.com\\\/index.php\\\/2021\\\/04\\\/01\\\/la-campana-de-esqui-del-covid-deja-unas-perdidas-del-90-respecto-a-otros-anos\\\/#article\",\"isPartOf\":{\"@id\":\"https:\\\/\\\/www.cuencasmineras.com\\\/index.php\\\/2021\\\/04\\\/01\\\/la-campana-de-esqui-del-covid-deja-unas-perdidas-del-90-respecto-a-otros-anos\\\/\"},\"author\":{\"name\":\"admin\",\"@id\":\"https:\\\/\\\/www.cuencasmineras.com\\\/#\\\/schema\\\/person\\\/be0691310e8496ec555f679dd688420c\"},\"headline\":\"La campa\u00f1a de esqu\u00ed del covid deja unas p\u00e9rdidas del 90% respecto a otros a\u00f1os\",\"datePublished\":\"2021-04-01T18:43:22+00:00\",\"mainEntityOfPage\":{\"@id\":\"https:\\\/\\\/www.cuencasmineras.com\\\/index.php\\\/2021\\\/04\\\/01\\\/la-campana-de-esqui-del-covid-deja-unas-perdidas-del-90-respecto-a-otros-anos\\\/\"},\"wordCount\":806,\"commentCount\":0,\"image\":{\"@id\":\"https:\\\/\\\/www.cuencasmineras.com\\\/index.php\\\/2021\\\/04\\\/01\\\/la-campana-de-esqui-del-covid-deja-unas-perdidas-del-90-respecto-a-otros-anos\\\/#primaryimage\"},\"thumbnailUrl\":\"https:\\\/\\\/www.cuencasmineras.com\\\/wp-content\\\/uploads\\\/2021\\\/04\\\/060220111855.jpg\",\"articleSection\":[\"Caudal\",\"CM NEWS\"],\"inLanguage\":\"es\",\"potentialAction\":[{\"@type\":\"CommentAction\",\"name\":\"Comment\",\"target\":[\"https:\\\/\\\/www.cuencasmineras.com\\\/index.php\\\/2021\\\/04\\\/01\\\/la-campana-de-esqui-del-covid-deja-unas-perdidas-del-90-respecto-a-otros-anos\\\/#respond\"]}]},{\"@type\":\"WebPage\",\"@id\":\"https:\\\/\\\/www.cuencasmineras.com\\\/index.php\\\/2021\\\/04\\\/01\\\/la-campana-de-esqui-del-covid-deja-unas-perdidas-del-90-respecto-a-otros-anos\\\/\",\"url\":\"https:\\\/\\\/www.cuencasmineras.com\\\/index.php\\\/2021\\\/04\\\/01\\\/la-campana-de-esqui-del-covid-deja-unas-perdidas-del-90-respecto-a-otros-anos\\\/\",\"name\":\"La campa\u00f1a de esqu\u00ed del covid deja unas p\u00e9rdidas del 90% respecto a otros a\u00f1os - cmnews\",\"isPartOf\":{\"@id\":\"https:\\\/\\\/www.cuencasmineras.com\\\/#website\"},\"primaryImageOfPage\":{\"@id\":\"https:\\\/\\\/www.cuencasmineras.com\\\/index.php\\\/2021\\\/04\\\/01\\\/la-campana-de-esqui-del-covid-deja-unas-perdidas-del-90-respecto-a-otros-anos\\\/#primaryimage\"},\"image\":{\"@id\":\"https:\\\/\\\/www.cuencasmineras.com\\\/index.php\\\/2021\\\/04\\\/01\\\/la-campana-de-esqui-del-covid-deja-unas-perdidas-del-90-respecto-a-otros-anos\\\/#primaryimage\"},\"thumbnailUrl\":\"https:\\\/\\\/www.cuencasmineras.com\\\/wp-content\\\/uploads\\\/2021\\\/04\\\/060220111855.jpg\",\"datePublished\":\"2021-04-01T18:43:22+00:00\",\"author\":{\"@id\":\"https:\\\/\\\/www.cuencasmineras.com\\\/#\\\/schema\\\/person\\\/be0691310e8496ec555f679dd688420c\"},\"description\":\"La patronal OTEA y empresarios de Aller y Lena lamentan la \u201cfalta de sensibilidad\u201d del Principado al negarse a ampliar la temporada de nieve\",\"breadcrumb\":{\"@id\":\"https:\\\/\\\/www.cuencasmineras.com\\\/index.php\\\/2021\\\/04\\\/01\\\/la-campana-de-esqui-del-covid-deja-unas-perdidas-del-90-respecto-a-otros-anos\\\/#breadcrumb\"},\"inLanguage\":\"es\",\"potentialAction\":[{\"@type\":\"ReadAction\",\"target\":[\"https:\\\/\\\/www.cuencasmineras.com\\\/index.php\\\/2021\\\/04\\\/01\\\/la-campana-de-esqui-del-covid-deja-unas-perdidas-del-90-respecto-a-otros-anos\\\/\"]}]},{\"@type\":\"ImageObject\",\"inLanguage\":\"es\",\"@id\":\"https:\\\/\\\/www.cuencasmineras.com\\\/index.php\\\/2021\\\/04\\\/01\\\/la-campana-de-esqui-del-covid-deja-unas-perdidas-del-90-respecto-a-otros-anos\\\/#primaryimage\",\"url\":\"https:\\\/\\\/www.cuencasmineras.com\\\/wp-content\\\/uploads\\\/2021\\\/04\\\/060220111855.jpg\",\"contentUrl\":\"https:\\\/\\\/www.cuencasmineras.com\\\/wp-content\\\/uploads\\\/2021\\\/04\\\/060220111855.jpg\",\"width\":1600,\"height\":1200},{\"@type\":\"BreadcrumbList\",\"@id\":\"https:\\\/\\\/www.cuencasmineras.com\\\/index.php\\\/2021\\\/04\\\/01\\\/la-campana-de-esqui-del-covid-deja-unas-perdidas-del-90-respecto-a-otros-anos\\\/#breadcrumb\",\"itemListElement\":[{\"@type\":\"ListItem\",\"position\":1,\"name\":\"Portada\",\"item\":\"https:\\\/\\\/www.cuencasmineras.com\\\/\"},{\"@type\":\"ListItem\",\"position\":2,\"name\":\"La campa\u00f1a de esqu\u00ed del covid deja unas p\u00e9rdidas del 90% respecto a otros a\u00f1os\"}]},{\"@type\":\"WebSite\",\"@id\":\"https:\\\/\\\/www.cuencasmineras.com\\\/#website\",\"url\":\"https:\\\/\\\/www.cuencasmineras.com\\\/\",\"name\":\"\",\"description\":\"\",\"potentialAction\":[{\"@type\":\"SearchAction\",\"target\":{\"@type\":\"EntryPoint\",\"urlTemplate\":\"https:\\\/\\\/www.cuencasmineras.com\\\/?s={search_term_string}\"},\"query-input\":{\"@type\":\"PropertyValueSpecification\",\"valueRequired\":true,\"valueName\":\"search_term_string\"}}],\"inLanguage\":\"es\"},{\"@type\":\"Person\",\"@id\":\"https:\\\/\\\/www.cuencasmineras.com\\\/#\\\/schema\\\/person\\\/be0691310e8496ec555f679dd688420c\",\"name\":\"admin\",\"image\":{\"@type\":\"ImageObject\",\"inLanguage\":\"es\",\"@id\":\"https:\\\/\\\/secure.gravatar.com\\\/avatar\\\/4afd2eed3b2fbbf36dd6707b5bd8a5b50ac648f033e36fbf85aeace2f0f859db?s=96&d=mm&r=g\",\"url\":\"https:\\\/\\\/secure.gravatar.com\\\/avatar\\\/4afd2eed3b2fbbf36dd6707b5bd8a5b50ac648f033e36fbf85aeace2f0f859db?s=96&d=mm&r=g\",\"contentUrl\":\"https:\\\/\\\/secure.gravatar.com\\\/avatar\\\/4afd2eed3b2fbbf36dd6707b5bd8a5b50ac648f033e36fbf85aeace2f0f859db?s=96&d=mm&r=g\",\"caption\":\"admin\"},\"sameAs\":[\"https:\\\/\\\/www.cuencasmineras.com\"],\"url\":\"https:\\\/\\\/www.cuencasmineras.com\\\/index.php\\\/author\\\/admin\\\/\"}]}<\/script>\n<!-- \/ Yoast SEO plugin. -->","yoast_head_json":{"title":"La campa\u00f1a de esqu\u00ed del covid deja unas p\u00e9rdidas del 90% respecto a otros a\u00f1os - cmnews","description":"La patronal OTEA y empresarios de Aller y Lena lamentan la \u201cfalta de sensibilidad\u201d del Principado al negarse a ampliar la temporada de nieve","robots":{"index":"index","follow":"follow","max-snippet":"max-snippet:-1","max-image-preview":"max-image-preview:large","max-video-preview":"max-video-preview:-1"},"canonical":"https:\/\/www.cuencasmineras.com\/index.php\/2021\/04\/01\/la-campana-de-esqui-del-covid-deja-unas-perdidas-del-90-respecto-a-otros-anos\/","og_locale":"es_ES","og_type":"article","og_title":"La campa\u00f1a de esqu\u00ed del covid deja unas p\u00e9rdidas del 90% respecto a otros a\u00f1os - cmnews","og_description":"La patronal OTEA y empresarios de Aller y Lena lamentan la \u201cfalta de sensibilidad\u201d del Principado al negarse a ampliar la temporada de nieve","og_url":"https:\/\/www.cuencasmineras.com\/index.php\/2021\/04\/01\/la-campana-de-esqui-del-covid-deja-unas-perdidas-del-90-respecto-a-otros-anos\/","article_published_time":"2021-04-01T18:43:22+00:00","og_image":[{"width":1600,"height":1200,"url":"https:\/\/www.cuencasmineras.com\/wp-content\/uploads\/2021\/04\/060220111855.jpg","type":"image\/jpeg"}],"author":"admin","twitter_card":"summary_large_image","twitter_misc":{"Escrito por":"admin","Tiempo de lectura":"4 minutos"},"schema":{"@context":"https:\/\/schema.org","@graph":[{"@type":"Article","@id":"https:\/\/www.cuencasmineras.com\/index.php\/2021\/04\/01\/la-campana-de-esqui-del-covid-deja-unas-perdidas-del-90-respecto-a-otros-anos\/#article","isPartOf":{"@id":"https:\/\/www.cuencasmineras.com\/index.php\/2021\/04\/01\/la-campana-de-esqui-del-covid-deja-unas-perdidas-del-90-respecto-a-otros-anos\/"},"author":{"name":"admin","@id":"https:\/\/www.cuencasmineras.com\/#\/schema\/person\/be0691310e8496ec555f679dd688420c"},"headline":"La campa\u00f1a de esqu\u00ed del covid deja unas p\u00e9rdidas del 90% respecto a otros a\u00f1os","datePublished":"2021-04-01T18:43:22+00:00","mainEntityOfPage":{"@id":"https:\/\/www.cuencasmineras.com\/index.php\/2021\/04\/01\/la-campana-de-esqui-del-covid-deja-unas-perdidas-del-90-respecto-a-otros-anos\/"},"wordCount":806,"commentCount":0,"image":{"@id":"https:\/\/www.cuencasmineras.com\/index.php\/2021\/04\/01\/la-campana-de-esqui-del-covid-deja-unas-perdidas-del-90-respecto-a-otros-anos\/#primaryimage"},"thumbnailUrl":"https:\/\/www.cuencasmineras.com\/wp-content\/uploads\/2021\/04\/060220111855.jpg","articleSection":["Caudal","CM NEWS"],"inLanguage":"es","potentialAction":[{"@type":"CommentAction","name":"Comment","target":["https:\/\/www.cuencasmineras.com\/index.php\/2021\/04\/01\/la-campana-de-esqui-del-covid-deja-unas-perdidas-del-90-respecto-a-otros-anos\/#respond"]}]},{"@type":"WebPage","@id":"https:\/\/www.cuencasmineras.com\/index.php\/2021\/04\/01\/la-campana-de-esqui-del-covid-deja-unas-perdidas-del-90-respecto-a-otros-anos\/","url":"https:\/\/www.cuencasmineras.com\/index.php\/2021\/04\/01\/la-campana-de-esqui-del-covid-deja-unas-perdidas-del-90-respecto-a-otros-anos\/","name":"La campa\u00f1a de esqu\u00ed del covid deja unas p\u00e9rdidas del 90% respecto a otros a\u00f1os - cmnews","isPartOf":{"@id":"https:\/\/www.cuencasmineras.com\/#website"},"primaryImageOfPage":{"@id":"https:\/\/www.cuencasmineras.com\/index.php\/2021\/04\/01\/la-campana-de-esqui-del-covid-deja-unas-perdidas-del-90-respecto-a-otros-anos\/#primaryimage"},"image":{"@id":"https:\/\/www.cuencasmineras.com\/index.php\/2021\/04\/01\/la-campana-de-esqui-del-covid-deja-unas-perdidas-del-90-respecto-a-otros-anos\/#primaryimage"},"thumbnailUrl":"https:\/\/www.cuencasmineras.com\/wp-content\/uploads\/2021\/04\/060220111855.jpg","datePublished":"2021-04-01T18:43:22+00:00","author":{"@id":"https:\/\/www.cuencasmineras.com\/#\/schema\/person\/be0691310e8496ec555f679dd688420c"},"description":"La patronal OTEA y empresarios de Aller y Lena lamentan la \u201cfalta de sensibilidad\u201d del Principado al negarse a ampliar la temporada de nieve","breadcrumb":{"@id":"https:\/\/www.cuencasmineras.com\/index.php\/2021\/04\/01\/la-campana-de-esqui-del-covid-deja-unas-perdidas-del-90-respecto-a-otros-anos\/#breadcrumb"},"inLanguage":"es","potentialAction":[{"@type":"ReadAction","target":["https:\/\/www.cuencasmineras.com\/index.php\/2021\/04\/01\/la-campana-de-esqui-del-covid-deja-unas-perdidas-del-90-respecto-a-otros-anos\/"]}]},{"@type":"ImageObject","inLanguage":"es","@id":"https:\/\/www.cuencasmineras.com\/index.php\/2021\/04\/01\/la-campana-de-esqui-del-covid-deja-unas-perdidas-del-90-respecto-a-otros-anos\/#primaryimage","url":"https:\/\/www.cuencasmineras.com\/wp-content\/uploads\/2021\/04\/060220111855.jpg","contentUrl":"https:\/\/www.cuencasmineras.com\/wp-content\/uploads\/2021\/04\/060220111855.jpg","width":1600,"height":1200},{"@type":"BreadcrumbList","@id":"https:\/\/www.cuencasmineras.com\/index.php\/2021\/04\/01\/la-campana-de-esqui-del-covid-deja-unas-perdidas-del-90-respecto-a-otros-anos\/#breadcrumb","itemListElement":[{"@type":"ListItem","position":1,"name":"Portada","item":"https:\/\/www.cuencasmineras.com\/"},{"@type":"ListItem","position":2,"name":"La campa\u00f1a de esqu\u00ed del covid deja unas p\u00e9rdidas del 90% respecto a otros a\u00f1os"}]},{"@type":"WebSite","@id":"https:\/\/www.cuencasmineras.com\/#website","url":"https:\/\/www.cuencasmineras.com\/","name":"","description":"","potentialAction":[{"@type":"SearchAction","target":{"@type":"EntryPoint","urlTemplate":"https:\/\/www.cuencasmineras.com\/?s={search_term_string}"},"query-input":{"@type":"PropertyValueSpecification","valueRequired":true,"valueName":"search_term_string"}}],"inLanguage":"es"},{"@type":"Person","@id":"https:\/\/www.cuencasmineras.com\/#\/schema\/person\/be0691310e8496ec555f679dd688420c","name":"admin","image":{"@type":"ImageObject","inLanguage":"es","@id":"https:\/\/secure.gravatar.com\/avatar\/4afd2eed3b2fbbf36dd6707b5bd8a5b50ac648f033e36fbf85aeace2f0f859db?s=96&d=mm&r=g","url":"https:\/\/secure.gravatar.com\/avatar\/4afd2eed3b2fbbf36dd6707b5bd8a5b50ac648f033e36fbf85aeace2f0f859db?s=96&d=mm&r=g","contentUrl":"https:\/\/secure.gravatar.com\/avatar\/4afd2eed3b2fbbf36dd6707b5bd8a5b50ac648f033e36fbf85aeace2f0f859db?s=96&d=mm&r=g","caption":"admin"},"sameAs":["https:\/\/www.cuencasmineras.com"],"url":"https:\/\/www.cuencasmineras.com\/index.php\/author\/admin\/"}]}},"_links":{"self":[{"href":"https:\/\/www.cuencasmineras.com\/index.php\/wp-json\/wp\/v2\/posts\/2297","targetHints":{"allow":["GET"]}}],"collection":[{"href":"https:\/\/www.cuencasmineras.com\/index.php\/wp-json\/wp\/v2\/posts"}],"about":[{"href":"https:\/\/www.cuencasmineras.com\/index.php\/wp-json\/wp\/v2\/types\/post"}],"author":[{"embeddable":true,"href":"https:\/\/www.cuencasmineras.com\/index.php\/wp-json\/wp\/v2\/users\/1"}],"replies":[{"embeddable":true,"href":"https:\/\/www.cuencasmineras.com\/index.php\/wp-json\/wp\/v2\/comments?post=2297"}],"version-history":[{"count":1,"href":"https:\/\/www.cuencasmineras.com\/index.php\/wp-json\/wp\/v2\/posts\/2297\/revisions"}],"predecessor-version":[{"id":2299,"href":"https:\/\/www.cuencasmineras.com\/index.php\/wp-json\/wp\/v2\/posts\/2297\/revisions\/2299"}],"wp:featuredmedia":[{"embeddable":true,"href":"https:\/\/www.cuencasmineras.com\/index.php\/wp-json\/wp\/v2\/media\/2298"}],"wp:attachment":[{"href":"https:\/\/www.cuencasmineras.com\/index.php\/wp-json\/wp\/v2\/media?parent=2297"}],"wp:term":[{"taxonomy":"category","embeddable":true,"href":"https:\/\/www.cuencasmineras.com\/index.php\/wp-json\/wp\/v2\/categories?post=2297"},{"taxonomy":"post_tag","embeddable":true,"href":"https:\/\/www.cuencasmineras.com\/index.php\/wp-json\/wp\/v2\/tags?post=2297"}],"curies":[{"name":"wp","href":"https:\/\/api.w.org\/{rel}","templated":true}]}}